{"id":2719,"date":"2017-08-08T04:57:34","date_gmt":"2017-08-08T04:57:34","guid":{"rendered":"http:\/\/www.travel3.com.br\/site\/ir-e-vir\/ar\/inscricoes-para-apoio-a-eventos-tem-prazo-ate-9-de-marco\/"},"modified":"2017-08-08T04:57:34","modified_gmt":"2017-08-08T04:57:34","slug":"inscricoes-para-apoio-a-eventos-tem-prazo-ate-9-de-marco","status":"publish","type":"post","link":"https:\/\/www.travel3.com.br\/site\/sem-categoria\/inscricoes-para-apoio-a-eventos-tem-prazo-ate-9-de-marco\/","title":{"rendered":"INSCRI\u00c7\u00d5ES PARA APOIO A EVENTOS TEM PRAZO AT\u00c9 9 DE MAR\u00c7O"},"content":{"rendered":"<p><span style=\"color: #40acad; font-family: -apple-system, system-ui, 'Segoe UI', Roboto, Oxygen-Sans, Ubuntu, Cantarell, 'Helvetica Neue', sans-serif; font-size: 12px; font-weight: bold;\"><\/p>\n<p style=\"text-align:justify\">Organismos ou entidades da Administra\u00e7\u00e3o P\u00fablica Federal, Estadual, Municipal ou Distrital que pleiteiam apoio financeiro junto ao Minist\u00e9rio do Turismo para a realiza\u00e7\u00e3o de eventos j\u00e1 podem inscrever os projetos no Sistema de Conv\u00eanios do Governo Federal para a an\u00e1lise t\u00e9cnica das propostas cadastradas. \u00a0A p\u00e1gina do Siconv ficar\u00e1 aberta at\u00e9 o dia 9 de mar\u00e7o.<\/p>\n<p style=\"text-align:justify\">Os recursos ser\u00e3o provenientes da programa\u00e7\u00e3o financeira \u00a0do MTur. Projetos com o mesmo objetivo apoiados por meio de emendas parlamentares, de car\u00e1ter impositivo, n\u00e3o est\u00e3o inclu\u00eddos nessa etapa de inscri\u00e7\u00f5es. Os detalhes para a obten\u00e7\u00e3o do apoio do MTur est\u00e3o dispon\u00edveis na\u00a0portaria n\u00ba 16, de 25 de janeiro de 2017.<\/p>\n<p style=\"text-align:justify\">O Minist\u00e9rio do Turismo direciona, anualmente, parte de seus recursos para produ\u00e7\u00e3o e divulga\u00e7\u00e3o de festivais gastron\u00f4micos e musicais, anivers\u00e1rios de cidades, e feiras em todo o pa\u00eds\u201d, ressalta \u00a0o ministro do Turismo, Marx Beltr\u00e3o. \u00a0No ano passado, a pasta destinou R$ 14,3 milh\u00f5es para 50 eventos realizados em v\u00e1rios munic\u00edpios brasileiros.<\/p>\n<p style=\"text-align:justify\">Para inscrever o projeto, os \u00f3rg\u00e3os p\u00fablicos devem comprovar o car\u00e1ter tradicional e de not\u00f3rio conhecimento popular e gratuito do evento que deve contribuir para a promo\u00e7\u00e3o, o posicionamento do destino tur\u00edstico no mercado e fomentar a atividade tur\u00edstica. Ser\u00e3o considerados eventos de abrang\u00eancia municipal, estadual ou regional, formalmente reconhecidos pelo \u00f3rg\u00e3o oficial de turismo do estado e que sejam realizados exclusivamente por \u00f3rg\u00e3o p\u00fablicos h\u00e1 pelo menos tr\u00eas edi\u00e7\u00f5es.<\/p>\n<p style=\"text-align:justify\">O MTur apoia cach\u00eas de artistas e bandas musicais previamente cadastrados no minist\u00e9rio; a divulga\u00e7\u00e3o do evento em r\u00e1dio, televis\u00e3o, jornal e revista; e a loca\u00e7\u00e3o de gerador, banheiro qu\u00edmico, tenda e palco. A an\u00e1lise de custos dos itens de apoio ocorrer\u00e1 durante a avalia\u00e7\u00e3o de cada proposta encaminhada.<\/p>\n<p style=\"text-align:justify\"><a class=\"fancybox-media\" href=\"..\/_uploads\/_noticia\/2017-02\/festadasfloresjoinville.jpg\" rel=\"portfolio\"><img decoding=\"async\" alt=\"\" src=\"..\/_uploads\/_noticia\/2017-02\/festadasfloresjoinville.jpg\" \/><\/a><\/p>\n<p style=\"text-align:justify\"><strong>Festa das Flores, em Joinville (SC)<\/strong><\/p>\n<p style=\"text-align:justify\">Em caso de aprova\u00e7\u00e3o da proposta, os valores variam de acordo com a categoriza\u00e7\u00e3o dos munic\u00edpios no\u00a0Mapa do Turismo Brasileiro. As cidades da categoria \u201cA\u201d poder\u00e3o inscrever propostas de at\u00e9 800 mil reais por ano, n\u00e3o podendo exceder R$ 400 mil por conv\u00eanio. Os munic\u00edpios da categoria \u201cB\u201d podem receber at\u00e9 R$ 500 mil por ano. O valor m\u00e1ximo por conv\u00eanio \u00e9 de R$ 250 mil e os que se enquadram na categoria \u201cC\u201d podem conveniar at\u00e9 R$ 400 mil reais por ano, sendo que cada conv\u00eanio pode custar no m\u00e1ximo R$ 200 mil. Munic\u00edpios da categoria \u201cD\u201d, que realizam eventos menores, podem receber at\u00e9 R$ 150 mil por ano em um \u00fanico conv\u00eanio.<\/p>\n<p style=\"text-align:justify\">Conv\u00eanios para festas de anivers\u00e1rio das cidades poder\u00e3o ser eleg\u00edveis, desde que as cidades estejam inseridas nas categorias \u201cA\u201d e \u201cB\u201d do Mapa do Turismo Brasileiro.<\/p>\n<p style=\"text-align:justify\">\u00a0<\/p>\n<p>\u00a0<\/p>\n<p><\/span><\/p>\n","protected":false},"excerpt":{"rendered":"<p>Projetos de eventos geradores de fluxo tur\u00edstico poder\u00e3o ser inscritos na p\u00e1gina no Sistema de Conv\u00eanio do Governo Federal (Siconv)<\/p>\n","protected":false},"author":1,"featured_media":0,"comment_status":"open","ping_status":"open","sticky":false,"template":"","format":"standard","meta":{"footnotes":""},"categories":[],"tags":[],"class_list":["post-2719","post","type-post","status-publish","format-standard","hentry"],"yoast_head":"<!-- This site is optimized with the Yoast SEO plugin v26.2 - https:\/\/yoast.com\/wordpress\/plugins\/seo\/ -->\n<title>INSCRI\u00c7\u00d5ES PARA APOIO A EVENTOS TEM PRAZO AT\u00c9 9 DE MAR\u00c7O - Travel3<\/title>\n<meta name=\"description\" content=\"A TRAVEL3 \u00e9 um portal de conte\u00fado voltado para o turismo, encontre destinos, viagens, hospedagem, passagens, guias, not\u00edcias sobre o mercado do turismo, dicas de viagem, v\u00eddeos e podcast.\" \/>\n<meta name=\"robots\" content=\"index, follow, max-snippet:-1, max-image-preview:large, max-video-preview:-1\" \/>\n<link rel=\"canonical\" href=\"https:\/\/www.travel3.com.br\/site\/sem-categoria\/inscricoes-para-apoio-a-eventos-tem-prazo-ate-9-de-marco\/\" \/>\n<meta property=\"og:locale\" content=\"pt_BR\" \/>\n<meta property=\"og:type\" content=\"article\" \/>\n<meta property=\"og:title\" content=\"INSCRI\u00c7\u00d5ES PARA APOIO A EVENTOS TEM PRAZO AT\u00c9 9 DE MAR\u00c7O - Travel3\" \/>\n<meta property=\"og:description\" content=\"A TRAVEL3 \u00e9 um portal de conte\u00fado voltado para o turismo, encontre destinos, viagens, hospedagem, passagens, guias, not\u00edcias sobre o mercado do turismo, dicas de viagem, v\u00eddeos e podcast.\" \/>\n<meta property=\"og:url\" content=\"https:\/\/www.travel3.com.br\/site\/sem-categoria\/inscricoes-para-apoio-a-eventos-tem-prazo-ate-9-de-marco\/\" \/>\n<meta property=\"og:site_name\" content=\"Travel3\" \/>\n<meta property=\"article:publisher\" content=\"https:\/\/www.facebook.com\/travel3media\/\" \/>\n<meta property=\"article:published_time\" content=\"2017-08-08T04:57:34+00:00\" \/>\n<meta name=\"author\" content=\"admin\" \/>\n<meta name=\"twitter:card\" content=\"summary_large_image\" \/>\n<meta name=\"twitter:label1\" content=\"Escrito por\" \/>\n\t<meta name=\"twitter:data1\" content=\"admin\" \/>\n\t<meta name=\"twitter:label2\" content=\"Est. tempo de leitura\" \/>\n\t<meta name=\"twitter:data2\" content=\"2 minutos\" \/>\n<script type=\"application\/ld+json\" class=\"yoast-schema-graph\">{\"@context\":\"https:\/\/schema.org\",\"@graph\":[{\"@type\":\"Article\",\"@id\":\"https:\/\/www.travel3.com.br\/site\/sem-categoria\/inscricoes-para-apoio-a-eventos-tem-prazo-ate-9-de-marco\/#article\",\"isPartOf\":{\"@id\":\"https:\/\/www.travel3.com.br\/site\/sem-categoria\/inscricoes-para-apoio-a-eventos-tem-prazo-ate-9-de-marco\/\"},\"author\":{\"name\":\"admin\",\"@id\":\"https:\/\/www.travel3.com.br\/site\/#\/schema\/person\/a69d71e41a024999b6ab82369ac0bd1e\"},\"headline\":\"INSCRI\u00c7\u00d5ES PARA APOIO A EVENTOS TEM PRAZO AT\u00c9 9 DE MAR\u00c7O\",\"datePublished\":\"2017-08-08T04:57:34+00:00\",\"mainEntityOfPage\":{\"@id\":\"https:\/\/www.travel3.com.br\/site\/sem-categoria\/inscricoes-para-apoio-a-eventos-tem-prazo-ate-9-de-marco\/\"},\"wordCount\":492,\"commentCount\":0,\"publisher\":{\"@id\":\"https:\/\/www.travel3.com.br\/site\/#organization\"},\"inLanguage\":\"pt-BR\",\"potentialAction\":[{\"@type\":\"CommentAction\",\"name\":\"Comment\",\"target\":[\"https:\/\/www.travel3.com.br\/site\/sem-categoria\/inscricoes-para-apoio-a-eventos-tem-prazo-ate-9-de-marco\/#respond\"]}]},{\"@type\":\"WebPage\",\"@id\":\"https:\/\/www.travel3.com.br\/site\/sem-categoria\/inscricoes-para-apoio-a-eventos-tem-prazo-ate-9-de-marco\/\",\"url\":\"https:\/\/www.travel3.com.br\/site\/sem-categoria\/inscricoes-para-apoio-a-eventos-tem-prazo-ate-9-de-marco\/\",\"name\":\"INSCRI\u00c7\u00d5ES PARA APOIO A EVENTOS TEM PRAZO AT\u00c9 9 DE MAR\u00c7O - Travel3\",\"isPartOf\":{\"@id\":\"https:\/\/www.travel3.com.br\/site\/#website\"},\"datePublished\":\"2017-08-08T04:57:34+00:00\",\"description\":\"A TRAVEL3 \u00e9 um portal de conte\u00fado voltado para o turismo, encontre destinos, viagens, hospedagem, passagens, guias, not\u00edcias sobre o mercado do turismo, dicas de viagem, v\u00eddeos e podcast.\",\"breadcrumb\":{\"@id\":\"https:\/\/www.travel3.com.br\/site\/sem-categoria\/inscricoes-para-apoio-a-eventos-tem-prazo-ate-9-de-marco\/#breadcrumb\"},\"inLanguage\":\"pt-BR\",\"potentialAction\":[{\"@type\":\"ReadAction\",\"target\":[\"https:\/\/www.travel3.com.br\/site\/sem-categoria\/inscricoes-para-apoio-a-eventos-tem-prazo-ate-9-de-marco\/\"]}]},{\"@type\":\"BreadcrumbList\",\"@id\":\"https:\/\/www.travel3.com.br\/site\/sem-categoria\/inscricoes-para-apoio-a-eventos-tem-prazo-ate-9-de-marco\/#breadcrumb\",\"itemListElement\":[{\"@type\":\"ListItem\",\"position\":1,\"name\":\"In\u00edcio\",\"item\":\"https:\/\/www.travel3.com.br\/site\/\"},{\"@type\":\"ListItem\",\"position\":2,\"name\":\"INSCRI\u00c7\u00d5ES PARA APOIO A EVENTOS TEM PRAZO AT\u00c9 9 DE MAR\u00c7O\"}]},{\"@type\":\"WebSite\",\"@id\":\"https:\/\/www.travel3.com.br\/site\/#website\",\"url\":\"https:\/\/www.travel3.com.br\/site\/\",\"name\":\"Travel3\",\"description\":\"Lazer + Neg&oacute;cios + Aventura\",\"publisher\":{\"@id\":\"https:\/\/www.travel3.com.br\/site\/#organization\"},\"potentialAction\":[{\"@type\":\"SearchAction\",\"target\":{\"@type\":\"EntryPoint\",\"urlTemplate\":\"https:\/\/www.travel3.com.br\/site\/?s={search_term_string}\"},\"query-input\":{\"@type\":\"PropertyValueSpecification\",\"valueRequired\":true,\"valueName\":\"search_term_string\"}}],\"inLanguage\":\"pt-BR\"},{\"@type\":\"Organization\",\"@id\":\"https:\/\/www.travel3.com.br\/site\/#organization\",\"name\":\"Travel3\",\"url\":\"https:\/\/www.travel3.com.br\/site\/\",\"logo\":{\"@type\":\"ImageObject\",\"inLanguage\":\"pt-BR\",\"@id\":\"https:\/\/www.travel3.com.br\/site\/#\/schema\/logo\/image\/\",\"url\":\"https:\/\/www.travel3.com.br\/site\/wp-content\/uploads\/2020\/01\/logo-travel3-2020.png\",\"contentUrl\":\"https:\/\/www.travel3.com.br\/site\/wp-content\/uploads\/2020\/01\/logo-travel3-2020.png\",\"width\":232,\"height\":79,\"caption\":\"Travel3\"},\"image\":{\"@id\":\"https:\/\/www.travel3.com.br\/site\/#\/schema\/logo\/image\/\"},\"sameAs\":[\"https:\/\/www.facebook.com\/travel3media\/\",\"https:\/\/www.instagram.com\/revistatravel3\/\",\"https:\/\/www.youtube.com\/channel\/UCno7J4paGBR3VbZQzvoJ9Eg\"]},{\"@type\":\"Person\",\"@id\":\"https:\/\/www.travel3.com.br\/site\/#\/schema\/person\/a69d71e41a024999b6ab82369ac0bd1e\",\"name\":\"admin\",\"image\":{\"@type\":\"ImageObject\",\"inLanguage\":\"pt-BR\",\"@id\":\"https:\/\/www.travel3.com.br\/site\/#\/schema\/person\/image\/\",\"url\":\"https:\/\/secure.gravatar.com\/avatar\/732a67adfd764da2a47ba10ce731c4c0?s=96&d=mm&r=g\",\"contentUrl\":\"https:\/\/secure.gravatar.com\/avatar\/732a67adfd764da2a47ba10ce731c4c0?s=96&d=mm&r=g\",\"caption\":\"admin\"},\"url\":\"https:\/\/www.travel3.com.br\/site\/author\/admin\/\"}]}<\/script>\n<!-- \/ Yoast SEO plugin. -->","yoast_head_json":{"title":"INSCRI\u00c7\u00d5ES PARA APOIO A EVENTOS TEM PRAZO AT\u00c9 9 DE MAR\u00c7O - Travel3","description":"A TRAVEL3 \u00e9 um portal de conte\u00fado voltado para o turismo, encontre destinos, viagens, hospedagem, passagens, guias, not\u00edcias sobre o mercado do turismo, dicas de viagem, v\u00eddeos e podcast.","robots":{"index":"index","follow":"follow","max-snippet":"max-snippet:-1","max-image-preview":"max-image-preview:large","max-video-preview":"max-video-preview:-1"},"canonical":"https:\/\/www.travel3.com.br\/site\/sem-categoria\/inscricoes-para-apoio-a-eventos-tem-prazo-ate-9-de-marco\/","og_locale":"pt_BR","og_type":"article","og_title":"INSCRI\u00c7\u00d5ES PARA APOIO A EVENTOS TEM PRAZO AT\u00c9 9 DE MAR\u00c7O - Travel3","og_description":"A TRAVEL3 \u00e9 um portal de conte\u00fado voltado para o turismo, encontre destinos, viagens, hospedagem, passagens, guias, not\u00edcias sobre o mercado do turismo, dicas de viagem, v\u00eddeos e podcast.","og_url":"https:\/\/www.travel3.com.br\/site\/sem-categoria\/inscricoes-para-apoio-a-eventos-tem-prazo-ate-9-de-marco\/","og_site_name":"Travel3","article_publisher":"https:\/\/www.facebook.com\/travel3media\/","article_published_time":"2017-08-08T04:57:34+00:00","author":"admin","twitter_card":"summary_large_image","twitter_misc":{"Escrito por":"admin","Est. tempo de leitura":"2 minutos"},"schema":{"@context":"https:\/\/schema.org","@graph":[{"@type":"Article","@id":"https:\/\/www.travel3.com.br\/site\/sem-categoria\/inscricoes-para-apoio-a-eventos-tem-prazo-ate-9-de-marco\/#article","isPartOf":{"@id":"https:\/\/www.travel3.com.br\/site\/sem-categoria\/inscricoes-para-apoio-a-eventos-tem-prazo-ate-9-de-marco\/"},"author":{"name":"admin","@id":"https:\/\/www.travel3.com.br\/site\/#\/schema\/person\/a69d71e41a024999b6ab82369ac0bd1e"},"headline":"INSCRI\u00c7\u00d5ES PARA APOIO A EVENTOS TEM PRAZO AT\u00c9 9 DE MAR\u00c7O","datePublished":"2017-08-08T04:57:34+00:00","mainEntityOfPage":{"@id":"https:\/\/www.travel3.com.br\/site\/sem-categoria\/inscricoes-para-apoio-a-eventos-tem-prazo-ate-9-de-marco\/"},"wordCount":492,"commentCount":0,"publisher":{"@id":"https:\/\/www.travel3.com.br\/site\/#organization"},"inLanguage":"pt-BR","potentialAction":[{"@type":"CommentAction","name":"Comment","target":["https:\/\/www.travel3.com.br\/site\/sem-categoria\/inscricoes-para-apoio-a-eventos-tem-prazo-ate-9-de-marco\/#respond"]}]},{"@type":"WebPage","@id":"https:\/\/www.travel3.com.br\/site\/sem-categoria\/inscricoes-para-apoio-a-eventos-tem-prazo-ate-9-de-marco\/","url":"https:\/\/www.travel3.com.br\/site\/sem-categoria\/inscricoes-para-apoio-a-eventos-tem-prazo-ate-9-de-marco\/","name":"INSCRI\u00c7\u00d5ES PARA APOIO A EVENTOS TEM PRAZO AT\u00c9 9 DE MAR\u00c7O - Travel3","isPartOf":{"@id":"https:\/\/www.travel3.com.br\/site\/#website"},"datePublished":"2017-08-08T04:57:34+00:00","description":"A TRAVEL3 \u00e9 um portal de conte\u00fado voltado para o turismo, encontre destinos, viagens, hospedagem, passagens, guias, not\u00edcias sobre o mercado do turismo, dicas de viagem, v\u00eddeos e podcast.","breadcrumb":{"@id":"https:\/\/www.travel3.com.br\/site\/sem-categoria\/inscricoes-para-apoio-a-eventos-tem-prazo-ate-9-de-marco\/#breadcrumb"},"inLanguage":"pt-BR","potentialAction":[{"@type":"ReadAction","target":["https:\/\/www.travel3.com.br\/site\/sem-categoria\/inscricoes-para-apoio-a-eventos-tem-prazo-ate-9-de-marco\/"]}]},{"@type":"BreadcrumbList","@id":"https:\/\/www.travel3.com.br\/site\/sem-categoria\/inscricoes-para-apoio-a-eventos-tem-prazo-ate-9-de-marco\/#breadcrumb","itemListElement":[{"@type":"ListItem","position":1,"name":"In\u00edcio","item":"https:\/\/www.travel3.com.br\/site\/"},{"@type":"ListItem","position":2,"name":"INSCRI\u00c7\u00d5ES PARA APOIO A EVENTOS TEM PRAZO AT\u00c9 9 DE MAR\u00c7O"}]},{"@type":"WebSite","@id":"https:\/\/www.travel3.com.br\/site\/#website","url":"https:\/\/www.travel3.com.br\/site\/","name":"Travel3","description":"Lazer + Neg&oacute;cios + Aventura","publisher":{"@id":"https:\/\/www.travel3.com.br\/site\/#organization"},"potentialAction":[{"@type":"SearchAction","target":{"@type":"EntryPoint","urlTemplate":"https:\/\/www.travel3.com.br\/site\/?s={search_term_string}"},"query-input":{"@type":"PropertyValueSpecification","valueRequired":true,"valueName":"search_term_string"}}],"inLanguage":"pt-BR"},{"@type":"Organization","@id":"https:\/\/www.travel3.com.br\/site\/#organization","name":"Travel3","url":"https:\/\/www.travel3.com.br\/site\/","logo":{"@type":"ImageObject","inLanguage":"pt-BR","@id":"https:\/\/www.travel3.com.br\/site\/#\/schema\/logo\/image\/","url":"https:\/\/www.travel3.com.br\/site\/wp-content\/uploads\/2020\/01\/logo-travel3-2020.png","contentUrl":"https:\/\/www.travel3.com.br\/site\/wp-content\/uploads\/2020\/01\/logo-travel3-2020.png","width":232,"height":79,"caption":"Travel3"},"image":{"@id":"https:\/\/www.travel3.com.br\/site\/#\/schema\/logo\/image\/"},"sameAs":["https:\/\/www.facebook.com\/travel3media\/","https:\/\/www.instagram.com\/revistatravel3\/","https:\/\/www.youtube.com\/channel\/UCno7J4paGBR3VbZQzvoJ9Eg"]},{"@type":"Person","@id":"https:\/\/www.travel3.com.br\/site\/#\/schema\/person\/a69d71e41a024999b6ab82369ac0bd1e","name":"admin","image":{"@type":"ImageObject","inLanguage":"pt-BR","@id":"https:\/\/www.travel3.com.br\/site\/#\/schema\/person\/image\/","url":"https:\/\/secure.gravatar.com\/avatar\/732a67adfd764da2a47ba10ce731c4c0?s=96&d=mm&r=g","contentUrl":"https:\/\/secure.gravatar.com\/avatar\/732a67adfd764da2a47ba10ce731c4c0?s=96&d=mm&r=g","caption":"admin"},"url":"https:\/\/www.travel3.com.br\/site\/author\/admin\/"}]}},"_links":{"self":[{"href":"https:\/\/www.travel3.com.br\/site\/wp-json\/wp\/v2\/posts\/2719","targetHints":{"allow":["GET"]}}],"collection":[{"href":"https:\/\/www.travel3.com.br\/site\/wp-json\/wp\/v2\/posts"}],"about":[{"href":"https:\/\/www.travel3.com.br\/site\/wp-json\/wp\/v2\/types\/post"}],"author":[{"embeddable":true,"href":"https:\/\/www.travel3.com.br\/site\/wp-json\/wp\/v2\/users\/1"}],"replies":[{"embeddable":true,"href":"https:\/\/www.travel3.com.br\/site\/wp-json\/wp\/v2\/comments?post=2719"}],"version-history":[{"count":0,"href":"https:\/\/www.travel3.com.br\/site\/wp-json\/wp\/v2\/posts\/2719\/revisions"}],"wp:attachment":[{"href":"https:\/\/www.travel3.com.br\/site\/wp-json\/wp\/v2\/media?parent=2719"}],"wp:term":[{"taxonomy":"category","embeddable":true,"href":"https:\/\/www.travel3.com.br\/site\/wp-json\/wp\/v2\/categories?post=2719"},{"taxonomy":"post_tag","embeddable":true,"href":"https:\/\/www.travel3.com.br\/site\/wp-json\/wp\/v2\/tags?post=2719"}],"curies":[{"name":"wp","href":"https:\/\/api.w.org\/{rel}","templated":true}]}}