{"id":27027,"date":"2019-09-22T23:01:29","date_gmt":"2019-09-23T02:01:29","guid":{"rendered":"https:\/\/www.travel3.com.br\/?p=27027"},"modified":"2019-09-23T00:56:32","modified_gmt":"2019-09-23T03:56:32","slug":"visual-turismo-melia","status":"publish","type":"post","link":"https:\/\/www.travel3.com.br\/site\/acontece-no-turismo\/visual-turismo-melia\/","title":{"rendered":"Visual Turismo + Meli\u00e1 lan\u00e7am campanha de vendas exclusiva"},"content":{"rendered":"\n<h3 class=\"wp-block-heading\" style=\"text-align:center\">V\u00e1lida at\u00e9 30 de novembro de 2019, ir\u00e1 premiar 6 agentes de viagem com um Famtrip de Experi\u00eancia para o Meli\u00e1 Caribe Resort, na Rep\u00fablica Dominicana<\/h3>\n\n\n\n<div class=\"wp-block-image\"><figure class=\"aligncenter\"><img loading=\"lazy\" decoding=\"async\" width=\"1024\" height=\"576\" src=\"https:\/\/www.travel3.com.br\/site\/wp-content\/uploads\/2019\/09\/Visual-Melia2-1024x576.jpg\" alt=\"Visual Turismo Meli\u00e1\" class=\"wp-image-27030\" srcset=\"https:\/\/www.travel3.com.br\/site\/wp-content\/uploads\/2019\/09\/Visual-Melia2-1024x576.jpg 1024w, https:\/\/www.travel3.com.br\/site\/wp-content\/uploads\/2019\/09\/Visual-Melia2-300x169.jpg 300w, https:\/\/www.travel3.com.br\/site\/wp-content\/uploads\/2019\/09\/Visual-Melia2-768x432.jpg 768w, https:\/\/www.travel3.com.br\/site\/wp-content\/uploads\/2019\/09\/Visual-Melia2-750x422.jpg 750w, https:\/\/www.travel3.com.br\/site\/wp-content\/uploads\/2019\/09\/Visual-Melia2-1140x641.jpg 1140w, https:\/\/www.travel3.com.br\/site\/wp-content\/uploads\/2019\/09\/Visual-Melia2.jpg 1152w\" sizes=\"auto, (max-width: 1024px) 100vw, 1024px\" \/><figcaption>Bruno Sousa, da Visual Turismo e Adriana Machion, da Meli\u00e1 Hotels International, com os agentes de viagem convidados para o caf\u00e9 da manh\u00e3 com novidades e promo\u00e7\u00f5es no card\u00e1pio<\/figcaption><\/figure><\/div>\n\n\n\n<p><a href=\"https:\/\/www.visualturismo.com.br\" target=\"_blank\" rel=\"noreferrer noopener\" aria-label=\"Visual Turismo (opens in a new tab)\">Visual Turismo<\/a> e Meli\u00e1 Hotels se uniram para criar uma campanha de vendas pra l\u00e1 de espetacular. Este foi um dos temas do caf\u00e9 da manh\u00e3 realizado na \u00faltima sexta-feira, 20 de setembro. Ao lado de Bruno Sousa e Carol Estanislau, da Visual Turismo, Adriana Machion, da Melia Hotels International veio a Belo Horizonte especialmente para participar do evento. <\/p>\n\n\n\n<div class=\"wp-block-image\"><figure class=\"aligncenter\"><img loading=\"lazy\" decoding=\"async\" width=\"1024\" height=\"768\" src=\"https:\/\/www.travel3.com.br\/site\/wp-content\/uploads\/2019\/09\/Visual-Melia4-1024x768.jpg\" alt=\"Visual Turismo Meli\u00e1\" class=\"wp-image-27032\" srcset=\"https:\/\/www.travel3.com.br\/site\/wp-content\/uploads\/2019\/09\/Visual-Melia4-1024x768.jpg 1024w, https:\/\/www.travel3.com.br\/site\/wp-content\/uploads\/2019\/09\/Visual-Melia4-300x225.jpg 300w, https:\/\/www.travel3.com.br\/site\/wp-content\/uploads\/2019\/09\/Visual-Melia4-768x576.jpg 768w, https:\/\/www.travel3.com.br\/site\/wp-content\/uploads\/2019\/09\/Visual-Melia4-750x563.jpg 750w, https:\/\/www.travel3.com.br\/site\/wp-content\/uploads\/2019\/09\/Visual-Melia4-1140x855.jpg 1140w, https:\/\/www.travel3.com.br\/site\/wp-content\/uploads\/2019\/09\/Visual-Melia4.jpg 1280w\" sizes=\"auto, (max-width: 1024px) 100vw, 1024px\" \/><figcaption>Adriana Machion, durante capacita\u00e7\u00e3o da Meli\u00e1 Hotels<\/figcaption><\/figure><\/div>\n\n\n\n<p>Durante a capacita\u00e7\u00e3o de Adriana Machion profissionais convidados foram atualizados sobre a hotelaria da <a href=\"https:\/\/www.travel3.com.br\/acontece-no-turismo\/visual-turismo-e-melia-hotels-apresentam-novidades-ao-trade-mineiro\/\" target=\"_blank\" rel=\"noreferrer noopener\" aria-label=\"Meli\u00e1 Hotels International (opens in a new tab)\">Meli\u00e1 Hotels International<\/a>. Eles ainda ficaram por dentro das renova\u00e7\u00f5es, inaugura\u00e7\u00f5es e do que estar\u00e1 por vir nas pr\u00f3xima temporadas.<\/p>\n\n\n\n<figure class=\"wp-block-image\"><img loading=\"lazy\" decoding=\"async\" width=\"1024\" height=\"768\" src=\"https:\/\/www.travel3.com.br\/site\/wp-content\/uploads\/2019\/09\/Visual-Melia3-1024x768.jpg\" alt=\"Visual Turismo Meli\u00e1\" class=\"wp-image-27031\" srcset=\"https:\/\/www.travel3.com.br\/site\/wp-content\/uploads\/2019\/09\/Visual-Melia3-1024x768.jpg 1024w, https:\/\/www.travel3.com.br\/site\/wp-content\/uploads\/2019\/09\/Visual-Melia3-300x225.jpg 300w, https:\/\/www.travel3.com.br\/site\/wp-content\/uploads\/2019\/09\/Visual-Melia3-768x576.jpg 768w, https:\/\/www.travel3.com.br\/site\/wp-content\/uploads\/2019\/09\/Visual-Melia3-750x563.jpg 750w, https:\/\/www.travel3.com.br\/site\/wp-content\/uploads\/2019\/09\/Visual-Melia3-1140x855.jpg 1140w, https:\/\/www.travel3.com.br\/site\/wp-content\/uploads\/2019\/09\/Visual-Melia3.jpg 1280w\" sizes=\"auto, (max-width: 1024px) 100vw, 1024px\" \/><figcaption>Bruno Sousa falou sobre a nova campanha de vendas exclusiva para o mercado de Belo Horizonte<\/figcaption><\/figure>\n\n\n\n<h2 class=\"wp-block-heading\">Visual Turismo + Meli\u00e1 Hotels + Copa Airlines = Campanha de Vendas com Famtrip de Experi\u00eancia<\/h2>\n\n\n\n<p>Bruno Sousa explicou aos agentes presentes como ser\u00e1 a campanha de vendas que dar\u00e1 aos participantes a chance de ganhar uma viagem de experi\u00eancia com hospedagem no Meli\u00e1 Caribe Resort, em Punta Cana.<\/p>\n\n\n\n<p>A Campanha  de Vendas \u00e9 v\u00e1lida apenas para as ag\u00eancias de viagem atendidas pela base da Visual Belo Horizonte.<\/p>\n\n\n\n<p>Pontuam os agentes que venderem hot\u00e9is Meli\u00e1 no Caribe + passagem a\u00e9rea com a Copa Airlines. A pontua\u00e7\u00e3o ser\u00e1 feita da seguinte maneira = 2 pontos para venda de passagem Copa Airlines + 2 pontos para venda de hot\u00e9is Meli\u00e1 no Caribe + 6 pontos para venda de passagem Copa com hot\u00e9is Meli\u00e1 para qualquer destino no Caribe + 10 pontos para venda de passagem Copa com hotel Meli\u00e1 para Punta Cana, na mesma reserva.<\/p>\n\n\n\n<p>A campanha come\u00e7ou em 1\u00ba de setembro e termina no dia 30 de novembro de 2019.<\/p>\n\n\n\n<figure class=\"wp-block-image\"><img loading=\"lazy\" decoding=\"async\" width=\"768\" height=\"1024\" src=\"https:\/\/www.travel3.com.br\/site\/wp-content\/uploads\/2019\/09\/Visual-Melia6-768x1024.jpg\" alt=\"\" class=\"wp-image-27034\" srcset=\"https:\/\/www.travel3.com.br\/site\/wp-content\/uploads\/2019\/09\/Visual-Melia6-768x1024.jpg 768w, https:\/\/www.travel3.com.br\/site\/wp-content\/uploads\/2019\/09\/Visual-Melia6-225x300.jpg 225w, https:\/\/www.travel3.com.br\/site\/wp-content\/uploads\/2019\/09\/Visual-Melia6-750x1000.jpg 750w, https:\/\/www.travel3.com.br\/site\/wp-content\/uploads\/2019\/09\/Visual-Melia6.jpg 960w\" sizes=\"auto, (max-width: 768px) 100vw, 768px\" \/><figcaption>Adriana apresentou as novidades da hotelaria Meli\u00e1 que foi registrada com interesse pelos profissionais convidados<\/figcaption><\/figure>\n\n\n\n<h2 class=\"wp-block-heading\">6 agentes de viagem ganhar\u00e3o um pr\u00eamio fant\u00e1stico<\/h2>\n\n\n\n<p>6 agentes de viagem que tiverem a maior pontua\u00e7\u00e3o da Campanha de Vendas ganhar\u00e3o uma Viagem de Experi\u00eancia. Ela inclui = passagem a\u00e9rea ida e volta Copa Airlines + traslados de chegada e sa\u00edda + 4 noites de hospedagem no Meli\u00e1 Caribe + servi\u00e7o All Inclusive + programa\u00e7\u00e3o surpresa.<\/p>\n","protected":false},"excerpt":{"rendered":"<p>V\u00e1lida at\u00e9 30 de novembro de 2019, ir\u00e1 premiar 6 agentes de viagem com um Famtrip de Experi\u00eancia para o Meli\u00e1 Caribe Resort, na Rep\u00fablica Dominicana Visual Turismo e Meli\u00e1 Hotels se uniram para criar uma campanha de vendas pra l\u00e1 de espetacular. Este foi um dos temas do caf\u00e9 da manh\u00e3 realizado na \u00faltima [&hellip;]<\/p>\n","protected":false},"author":6,"featured_media":27029,"comment_status":"open","ping_status":"open","sticky":false,"template":"","format":"standard","meta":{"footnotes":""},"categories":[969,5,4,161],"tags":[1654,266,3688,307],"class_list":["post-27027","post","type-post","status-publish","format-standard","has-post-thumbnail","hentry","category-acontece-no-turismo","category-eventos-e-feiras","category-operadoras","category-promocoes","tag-campanha-de-vendas","tag-copa-airlines","tag-melia-hotels","tag-visual-turismo"],"yoast_head":"<!-- This site is optimized with the Yoast SEO plugin v26.2 - https:\/\/yoast.com\/wordpress\/plugins\/seo\/ -->\n<title>Visual Turismo + Meli\u00e1 lan\u00e7am campanha de vendas exclusiva -<\/title>\n<meta name=\"description\" content=\"Visual Turismo + Meli\u00e1 Hotels lan\u00e7am Campanha de Vendas exclusiva para o mercado de Belo Horizonte; V\u00e1lida at\u00e9 30 de novembro de 2019, ir\u00e1 premiar 6 agentes\" \/>\n<meta name=\"robots\" content=\"index, follow, max-snippet:-1, max-image-preview:large, max-video-preview:-1\" \/>\n<link rel=\"canonical\" href=\"https:\/\/www.travel3.com.br\/site\/acontece-no-turismo\/visual-turismo-melia\/\" \/>\n<meta property=\"og:locale\" content=\"pt_BR\" \/>\n<meta property=\"og:type\" content=\"article\" \/>\n<meta property=\"og:title\" content=\"Visual Turismo + Meli\u00e1 lan\u00e7am campanha de vendas exclusiva -\" \/>\n<meta property=\"og:description\" content=\"Visual Turismo + Meli\u00e1 Hotels lan\u00e7am Campanha de Vendas exclusiva para o mercado de Belo Horizonte; V\u00e1lida at\u00e9 30 de novembro de 2019, ir\u00e1 premiar 6 agentes\" \/>\n<meta property=\"og:url\" content=\"https:\/\/www.travel3.com.br\/site\/acontece-no-turismo\/visual-turismo-melia\/\" \/>\n<meta property=\"og:site_name\" content=\"Travel3\" \/>\n<meta property=\"article:publisher\" content=\"https:\/\/www.facebook.com\/travel3media\/\" \/>\n<meta property=\"article:published_time\" content=\"2019-09-23T02:01:29+00:00\" \/>\n<meta property=\"article:modified_time\" content=\"2019-09-23T03:56:32+00:00\" \/>\n<meta property=\"og:image\" content=\"https:\/\/www.travel3.com.br\/site\/wp-content\/uploads\/2019\/09\/Visual-Melia1_A.jpg\" \/>\n\t<meta property=\"og:image:width\" content=\"903\" \/>\n\t<meta property=\"og:image:height\" content=\"938\" \/>\n\t<meta property=\"og:image:type\" content=\"image\/jpeg\" \/>\n<meta name=\"author\" content=\"Reda\u00e7\u00e3o Travel3\" \/>\n<meta name=\"twitter:card\" content=\"summary_large_image\" \/>\n<meta name=\"twitter:label1\" content=\"Escrito por\" \/>\n\t<meta name=\"twitter:data1\" content=\"Reda\u00e7\u00e3o Travel3\" \/>\n\t<meta name=\"twitter:label2\" content=\"Est. tempo de leitura\" \/>\n\t<meta name=\"twitter:data2\" content=\"2 minutos\" \/>\n<script type=\"application\/ld+json\" class=\"yoast-schema-graph\">{\"@context\":\"https:\/\/schema.org\",\"@graph\":[{\"@type\":\"Article\",\"@id\":\"https:\/\/www.travel3.com.br\/site\/acontece-no-turismo\/visual-turismo-melia\/#article\",\"isPartOf\":{\"@id\":\"https:\/\/www.travel3.com.br\/site\/acontece-no-turismo\/visual-turismo-melia\/\"},\"author\":{\"name\":\"Reda\u00e7\u00e3o Travel3\",\"@id\":\"https:\/\/www.travel3.com.br\/site\/#\/schema\/person\/9cff8daac0a2f1aa0799f827b8aa8308\"},\"headline\":\"Visual Turismo + Meli\u00e1 lan\u00e7am campanha de vendas exclusiva\",\"datePublished\":\"2019-09-23T02:01:29+00:00\",\"dateModified\":\"2019-09-23T03:56:32+00:00\",\"mainEntityOfPage\":{\"@id\":\"https:\/\/www.travel3.com.br\/site\/acontece-no-turismo\/visual-turismo-melia\/\"},\"wordCount\":413,\"commentCount\":0,\"publisher\":{\"@id\":\"https:\/\/www.travel3.com.br\/site\/#organization\"},\"image\":{\"@id\":\"https:\/\/www.travel3.com.br\/site\/acontece-no-turismo\/visual-turismo-melia\/#primaryimage\"},\"thumbnailUrl\":\"https:\/\/www.travel3.com.br\/site\/wp-content\/uploads\/2019\/09\/Visual-Melia1_A.jpg\",\"keywords\":[\"campanha de vendas\",\"Copa Airlines\",\"Melia Hotels\",\"Visual Turismo\"],\"articleSection\":[\"Acontece no Turismo\",\"Eventos e Feiras\",\"Operadoras\",\"Promo\u00e7\u00f5es\"],\"inLanguage\":\"pt-BR\",\"potentialAction\":[{\"@type\":\"CommentAction\",\"name\":\"Comment\",\"target\":[\"https:\/\/www.travel3.com.br\/site\/acontece-no-turismo\/visual-turismo-melia\/#respond\"]}]},{\"@type\":\"WebPage\",\"@id\":\"https:\/\/www.travel3.com.br\/site\/acontece-no-turismo\/visual-turismo-melia\/\",\"url\":\"https:\/\/www.travel3.com.br\/site\/acontece-no-turismo\/visual-turismo-melia\/\",\"name\":\"Visual Turismo + Meli\u00e1 lan\u00e7am campanha de vendas exclusiva -\",\"isPartOf\":{\"@id\":\"https:\/\/www.travel3.com.br\/site\/#website\"},\"primaryImageOfPage\":{\"@id\":\"https:\/\/www.travel3.com.br\/site\/acontece-no-turismo\/visual-turismo-melia\/#primaryimage\"},\"image\":{\"@id\":\"https:\/\/www.travel3.com.br\/site\/acontece-no-turismo\/visual-turismo-melia\/#primaryimage\"},\"thumbnailUrl\":\"https:\/\/www.travel3.com.br\/site\/wp-content\/uploads\/2019\/09\/Visual-Melia1_A.jpg\",\"datePublished\":\"2019-09-23T02:01:29+00:00\",\"dateModified\":\"2019-09-23T03:56:32+00:00\",\"description\":\"Visual Turismo + Meli\u00e1 Hotels lan\u00e7am Campanha de Vendas exclusiva para o mercado de Belo Horizonte; V\u00e1lida at\u00e9 30 de novembro de 2019, ir\u00e1 premiar 6 agentes\",\"breadcrumb\":{\"@id\":\"https:\/\/www.travel3.com.br\/site\/acontece-no-turismo\/visual-turismo-melia\/#breadcrumb\"},\"inLanguage\":\"pt-BR\",\"potentialAction\":[{\"@type\":\"ReadAction\",\"target\":[\"https:\/\/www.travel3.com.br\/site\/acontece-no-turismo\/visual-turismo-melia\/\"]}]},{\"@type\":\"ImageObject\",\"inLanguage\":\"pt-BR\",\"@id\":\"https:\/\/www.travel3.com.br\/site\/acontece-no-turismo\/visual-turismo-melia\/#primaryimage\",\"url\":\"https:\/\/www.travel3.com.br\/site\/wp-content\/uploads\/2019\/09\/Visual-Melia1_A.jpg\",\"contentUrl\":\"https:\/\/www.travel3.com.br\/site\/wp-content\/uploads\/2019\/09\/Visual-Melia1_A.jpg\",\"width\":903,\"height\":938,\"caption\":\"Carol Estanislau, da Visual Turismo + Adriana Machion, da Meli\u00e1 Hotels International + Bruno Sousa, da Visual, durante evento em Belo Horizonte\"},{\"@type\":\"BreadcrumbList\",\"@id\":\"https:\/\/www.travel3.com.br\/site\/acontece-no-turismo\/visual-turismo-melia\/#breadcrumb\",\"itemListElement\":[{\"@type\":\"ListItem\",\"position\":1,\"name\":\"In\u00edcio\",\"item\":\"https:\/\/www.travel3.com.br\/site\/\"},{\"@type\":\"ListItem\",\"position\":2,\"name\":\"Visual Turismo + Meli\u00e1 lan\u00e7am campanha de vendas exclusiva\"}]},{\"@type\":\"WebSite\",\"@id\":\"https:\/\/www.travel3.com.br\/site\/#website\",\"url\":\"https:\/\/www.travel3.com.br\/site\/\",\"name\":\"Travel3\",\"description\":\"Lazer + Neg&oacute;cios + Aventura\",\"publisher\":{\"@id\":\"https:\/\/www.travel3.com.br\/site\/#organization\"},\"potentialAction\":[{\"@type\":\"SearchAction\",\"target\":{\"@type\":\"EntryPoint\",\"urlTemplate\":\"https:\/\/www.travel3.com.br\/site\/?s={search_term_string}\"},\"query-input\":{\"@type\":\"PropertyValueSpecification\",\"valueRequired\":true,\"valueName\":\"search_term_string\"}}],\"inLanguage\":\"pt-BR\"},{\"@type\":\"Organization\",\"@id\":\"https:\/\/www.travel3.com.br\/site\/#organization\",\"name\":\"Travel3\",\"url\":\"https:\/\/www.travel3.com.br\/site\/\",\"logo\":{\"@type\":\"ImageObject\",\"inLanguage\":\"pt-BR\",\"@id\":\"https:\/\/www.travel3.com.br\/site\/#\/schema\/logo\/image\/\",\"url\":\"https:\/\/www.travel3.com.br\/site\/wp-content\/uploads\/2020\/01\/logo-travel3-2020.png\",\"contentUrl\":\"https:\/\/www.travel3.com.br\/site\/wp-content\/uploads\/2020\/01\/logo-travel3-2020.png\",\"width\":232,\"height\":79,\"caption\":\"Travel3\"},\"image\":{\"@id\":\"https:\/\/www.travel3.com.br\/site\/#\/schema\/logo\/image\/\"},\"sameAs\":[\"https:\/\/www.facebook.com\/travel3media\/\",\"https:\/\/www.instagram.com\/revistatravel3\/\",\"https:\/\/www.youtube.com\/channel\/UCno7J4paGBR3VbZQzvoJ9Eg\"]},{\"@type\":\"Person\",\"@id\":\"https:\/\/www.travel3.com.br\/site\/#\/schema\/person\/9cff8daac0a2f1aa0799f827b8aa8308\",\"name\":\"Reda\u00e7\u00e3o Travel3\",\"image\":{\"@type\":\"ImageObject\",\"inLanguage\":\"pt-BR\",\"@id\":\"https:\/\/www.travel3.com.br\/site\/#\/schema\/person\/image\/\",\"url\":\"https:\/\/secure.gravatar.com\/avatar\/6e6125525e1f04b7b8c607d71556e490?s=96&d=mm&r=g\",\"contentUrl\":\"https:\/\/secure.gravatar.com\/avatar\/6e6125525e1f04b7b8c607d71556e490?s=96&d=mm&r=g\",\"caption\":\"Reda\u00e7\u00e3o Travel3\"},\"sameAs\":[\"http:\/\/www.travel3.com.br\"],\"url\":\"https:\/\/www.travel3.com.br\/site\/author\/redacao2\/\"}]}<\/script>\n<!-- \/ Yoast SEO plugin. -->","yoast_head_json":{"title":"Visual Turismo + Meli\u00e1 lan\u00e7am campanha de vendas exclusiva -","description":"Visual Turismo + Meli\u00e1 Hotels lan\u00e7am Campanha de Vendas exclusiva para o mercado de Belo Horizonte; V\u00e1lida at\u00e9 30 de novembro de 2019, ir\u00e1 premiar 6 agentes","robots":{"index":"index","follow":"follow","max-snippet":"max-snippet:-1","max-image-preview":"max-image-preview:large","max-video-preview":"max-video-preview:-1"},"canonical":"https:\/\/www.travel3.com.br\/site\/acontece-no-turismo\/visual-turismo-melia\/","og_locale":"pt_BR","og_type":"article","og_title":"Visual Turismo + Meli\u00e1 lan\u00e7am campanha de vendas exclusiva -","og_description":"Visual Turismo + Meli\u00e1 Hotels lan\u00e7am Campanha de Vendas exclusiva para o mercado de Belo Horizonte; V\u00e1lida at\u00e9 30 de novembro de 2019, ir\u00e1 premiar 6 agentes","og_url":"https:\/\/www.travel3.com.br\/site\/acontece-no-turismo\/visual-turismo-melia\/","og_site_name":"Travel3","article_publisher":"https:\/\/www.facebook.com\/travel3media\/","article_published_time":"2019-09-23T02:01:29+00:00","article_modified_time":"2019-09-23T03:56:32+00:00","og_image":[{"width":903,"height":938,"url":"https:\/\/www.travel3.com.br\/site\/wp-content\/uploads\/2019\/09\/Visual-Melia1_A.jpg","type":"image\/jpeg"}],"author":"Reda\u00e7\u00e3o Travel3","twitter_card":"summary_large_image","twitter_misc":{"Escrito por":"Reda\u00e7\u00e3o Travel3","Est. tempo de leitura":"2 minutos"},"schema":{"@context":"https:\/\/schema.org","@graph":[{"@type":"Article","@id":"https:\/\/www.travel3.com.br\/site\/acontece-no-turismo\/visual-turismo-melia\/#article","isPartOf":{"@id":"https:\/\/www.travel3.com.br\/site\/acontece-no-turismo\/visual-turismo-melia\/"},"author":{"name":"Reda\u00e7\u00e3o Travel3","@id":"https:\/\/www.travel3.com.br\/site\/#\/schema\/person\/9cff8daac0a2f1aa0799f827b8aa8308"},"headline":"Visual Turismo + Meli\u00e1 lan\u00e7am campanha de vendas exclusiva","datePublished":"2019-09-23T02:01:29+00:00","dateModified":"2019-09-23T03:56:32+00:00","mainEntityOfPage":{"@id":"https:\/\/www.travel3.com.br\/site\/acontece-no-turismo\/visual-turismo-melia\/"},"wordCount":413,"commentCount":0,"publisher":{"@id":"https:\/\/www.travel3.com.br\/site\/#organization"},"image":{"@id":"https:\/\/www.travel3.com.br\/site\/acontece-no-turismo\/visual-turismo-melia\/#primaryimage"},"thumbnailUrl":"https:\/\/www.travel3.com.br\/site\/wp-content\/uploads\/2019\/09\/Visual-Melia1_A.jpg","keywords":["campanha de vendas","Copa Airlines","Melia Hotels","Visual Turismo"],"articleSection":["Acontece no Turismo","Eventos e Feiras","Operadoras","Promo\u00e7\u00f5es"],"inLanguage":"pt-BR","potentialAction":[{"@type":"CommentAction","name":"Comment","target":["https:\/\/www.travel3.com.br\/site\/acontece-no-turismo\/visual-turismo-melia\/#respond"]}]},{"@type":"WebPage","@id":"https:\/\/www.travel3.com.br\/site\/acontece-no-turismo\/visual-turismo-melia\/","url":"https:\/\/www.travel3.com.br\/site\/acontece-no-turismo\/visual-turismo-melia\/","name":"Visual Turismo + Meli\u00e1 lan\u00e7am campanha de vendas exclusiva -","isPartOf":{"@id":"https:\/\/www.travel3.com.br\/site\/#website"},"primaryImageOfPage":{"@id":"https:\/\/www.travel3.com.br\/site\/acontece-no-turismo\/visual-turismo-melia\/#primaryimage"},"image":{"@id":"https:\/\/www.travel3.com.br\/site\/acontece-no-turismo\/visual-turismo-melia\/#primaryimage"},"thumbnailUrl":"https:\/\/www.travel3.com.br\/site\/wp-content\/uploads\/2019\/09\/Visual-Melia1_A.jpg","datePublished":"2019-09-23T02:01:29+00:00","dateModified":"2019-09-23T03:56:32+00:00","description":"Visual Turismo + Meli\u00e1 Hotels lan\u00e7am Campanha de Vendas exclusiva para o mercado de Belo Horizonte; V\u00e1lida at\u00e9 30 de novembro de 2019, ir\u00e1 premiar 6 agentes","breadcrumb":{"@id":"https:\/\/www.travel3.com.br\/site\/acontece-no-turismo\/visual-turismo-melia\/#breadcrumb"},"inLanguage":"pt-BR","potentialAction":[{"@type":"ReadAction","target":["https:\/\/www.travel3.com.br\/site\/acontece-no-turismo\/visual-turismo-melia\/"]}]},{"@type":"ImageObject","inLanguage":"pt-BR","@id":"https:\/\/www.travel3.com.br\/site\/acontece-no-turismo\/visual-turismo-melia\/#primaryimage","url":"https:\/\/www.travel3.com.br\/site\/wp-content\/uploads\/2019\/09\/Visual-Melia1_A.jpg","contentUrl":"https:\/\/www.travel3.com.br\/site\/wp-content\/uploads\/2019\/09\/Visual-Melia1_A.jpg","width":903,"height":938,"caption":"Carol Estanislau, da Visual Turismo + Adriana Machion, da Meli\u00e1 Hotels International + Bruno Sousa, da Visual, durante evento em Belo Horizonte"},{"@type":"BreadcrumbList","@id":"https:\/\/www.travel3.com.br\/site\/acontece-no-turismo\/visual-turismo-melia\/#breadcrumb","itemListElement":[{"@type":"ListItem","position":1,"name":"In\u00edcio","item":"https:\/\/www.travel3.com.br\/site\/"},{"@type":"ListItem","position":2,"name":"Visual Turismo + Meli\u00e1 lan\u00e7am campanha de vendas exclusiva"}]},{"@type":"WebSite","@id":"https:\/\/www.travel3.com.br\/site\/#website","url":"https:\/\/www.travel3.com.br\/site\/","name":"Travel3","description":"Lazer + Neg&oacute;cios + Aventura","publisher":{"@id":"https:\/\/www.travel3.com.br\/site\/#organization"},"potentialAction":[{"@type":"SearchAction","target":{"@type":"EntryPoint","urlTemplate":"https:\/\/www.travel3.com.br\/site\/?s={search_term_string}"},"query-input":{"@type":"PropertyValueSpecification","valueRequired":true,"valueName":"search_term_string"}}],"inLanguage":"pt-BR"},{"@type":"Organization","@id":"https:\/\/www.travel3.com.br\/site\/#organization","name":"Travel3","url":"https:\/\/www.travel3.com.br\/site\/","logo":{"@type":"ImageObject","inLanguage":"pt-BR","@id":"https:\/\/www.travel3.com.br\/site\/#\/schema\/logo\/image\/","url":"https:\/\/www.travel3.com.br\/site\/wp-content\/uploads\/2020\/01\/logo-travel3-2020.png","contentUrl":"https:\/\/www.travel3.com.br\/site\/wp-content\/uploads\/2020\/01\/logo-travel3-2020.png","width":232,"height":79,"caption":"Travel3"},"image":{"@id":"https:\/\/www.travel3.com.br\/site\/#\/schema\/logo\/image\/"},"sameAs":["https:\/\/www.facebook.com\/travel3media\/","https:\/\/www.instagram.com\/revistatravel3\/","https:\/\/www.youtube.com\/channel\/UCno7J4paGBR3VbZQzvoJ9Eg"]},{"@type":"Person","@id":"https:\/\/www.travel3.com.br\/site\/#\/schema\/person\/9cff8daac0a2f1aa0799f827b8aa8308","name":"Reda\u00e7\u00e3o Travel3","image":{"@type":"ImageObject","inLanguage":"pt-BR","@id":"https:\/\/www.travel3.com.br\/site\/#\/schema\/person\/image\/","url":"https:\/\/secure.gravatar.com\/avatar\/6e6125525e1f04b7b8c607d71556e490?s=96&d=mm&r=g","contentUrl":"https:\/\/secure.gravatar.com\/avatar\/6e6125525e1f04b7b8c607d71556e490?s=96&d=mm&r=g","caption":"Reda\u00e7\u00e3o Travel3"},"sameAs":["http:\/\/www.travel3.com.br"],"url":"https:\/\/www.travel3.com.br\/site\/author\/redacao2\/"}]}},"_links":{"self":[{"href":"https:\/\/www.travel3.com.br\/site\/wp-json\/wp\/v2\/posts\/27027","targetHints":{"allow":["GET"]}}],"collection":[{"href":"https:\/\/www.travel3.com.br\/site\/wp-json\/wp\/v2\/posts"}],"about":[{"href":"https:\/\/www.travel3.com.br\/site\/wp-json\/wp\/v2\/types\/post"}],"author":[{"embeddable":true,"href":"https:\/\/www.travel3.com.br\/site\/wp-json\/wp\/v2\/users\/6"}],"replies":[{"embeddable":true,"href":"https:\/\/www.travel3.com.br\/site\/wp-json\/wp\/v2\/comments?post=27027"}],"version-history":[{"count":10,"href":"https:\/\/www.travel3.com.br\/site\/wp-json\/wp\/v2\/posts\/27027\/revisions"}],"predecessor-version":[{"id":27048,"href":"https:\/\/www.travel3.com.br\/site\/wp-json\/wp\/v2\/posts\/27027\/revisions\/27048"}],"wp:featuredmedia":[{"embeddable":true,"href":"https:\/\/www.travel3.com.br\/site\/wp-json\/wp\/v2\/media\/27029"}],"wp:attachment":[{"href":"https:\/\/www.travel3.com.br\/site\/wp-json\/wp\/v2\/media?parent=27027"}],"wp:term":[{"taxonomy":"category","embeddable":true,"href":"https:\/\/www.travel3.com.br\/site\/wp-json\/wp\/v2\/categories?post=27027"},{"taxonomy":"post_tag","embeddable":true,"href":"https:\/\/www.travel3.com.br\/site\/wp-json\/wp\/v2\/tags?post=27027"}],"curies":[{"name":"wp","href":"https:\/\/api.w.org\/{rel}","templated":true}]}}