{"id":2702,"date":"2017-08-24T10:24:34","date_gmt":"2017-08-24T10:24:34","guid":{"rendered":"http:\/\/www.travel3.com.br\/site\/ir-e-vir\/ar\/cancelamento-da-aviesp-expo-foi-decisao-dificil-tomada-com-coragem\/"},"modified":"2017-08-24T10:24:34","modified_gmt":"2017-08-24T10:24:34","slug":"cancelamento-da-aviesp-expo-foi-decisao-dificil-tomada-com-coragem","status":"publish","type":"post","link":"https:\/\/www.travel3.com.br\/site\/sem-categoria\/cancelamento-da-aviesp-expo-foi-decisao-dificil-tomada-com-coragem\/","title":{"rendered":"CANCELAMENTO DA AVIESP EXPO FOI DECIS\u00c3O DIF\u00cdCIL, TOMADA COM CORAGEM"},"content":{"rendered":"<p><span style=\"color: #40acad; font-family: -apple-system, system-ui, 'Segoe UI', Roboto, Oxygen-Sans, Ubuntu, Cantarell, 'Helvetica Neue', sans-serif; font-size: 12px; font-weight: bold;\"><\/p>\n<p style=\"text-align:justify\">Em entrevista \u00e0 Plataforma de M\u00eddia TRAVEL3, Fernando Santos, presidente da Aviesp, fala sobre o cancelamento do que seria a 40<sup>a<\/sup> edi\u00e7\u00e3o do evento.<\/p>\n<p style=\"text-align:justify\"><strong>TRAVEL3 &#8211; Fernando, como os parceiros, patrocinadores e o mercado como um todo est\u00e3o vendo o cancelamento da 40<sup>a<\/sup> Aviesp?<\/strong><\/p>\n<p style=\"text-align:justify\"><strong>Fernando Santos &#8211;<\/strong> Recebemos muitos telefonemas de apoio \u00e0 nossa decis\u00e3o, que foi dif\u00edcil mas foi tomada com coragem e responsabilidade, porque este ano, pela primeira vez, nos sentimos inseguros com a entrega do nosso produto. N\u00e3o poder\u00edamos falhar com nossos parceiros e patrocinadores que, al\u00e9m de nos apoiar investem e acreditam na Aviesp. Ouvimos todos e recebemos o apoio positivo de cada um deles.<\/p>\n<p style=\"text-align:justify\"><strong>TRAVEL3 &#8211; A leitura \u00e9 que a crise se aprofundou?<\/strong><\/p>\n<p style=\"text-align:justify\"><strong>Fernando Santos &#8211;<\/strong> A leitura \u00e9 que a crise ainda persiste. A crise teve in\u00edcio em 2015, todo o Brasil tinha a expectativa de que a retomada, mesmo que muito pequena, come\u00e7aria em 2016 mas isso n\u00e3o aconteceu. N\u00e3o vemos sinais claros da retomada do crescimento. Vai acontecer? Sim. Mas ainda n\u00e3o come\u00e7ou e por termos um evento que acontece justamente no primeiro trimestre do ano, sentimos claramente os sinais da crise ainda neste in\u00edcio de ano.\u00a0<\/p>\n<p style=\"text-align:justify\"><strong>TRAVEL3 &#8211; Este seria um ano apenas para duas, tr\u00eas grandes feiras?<\/strong><\/p>\n<p style=\"text-align:justify\"><strong>Fernando Santos &#8211; <\/strong>Tudo vai depender da \u00e9poca em que estas feiras acontecerem e de como a economia vai reagir ao longo dos meses. Sabemos que o nosso calend\u00e1rio \u00e9 carregado de feiras e eventos. Talvez esta seja uma li\u00e7\u00e3o para entendermos e repensarmos, fazendo nosso dever de casa e tentando criar eventos diferentes, com propostas diferentes.<\/p>\n<p style=\"text-align:justify\"><strong>TRAVEL3 &#8211; Esta ser\u00e1 a proposta da Aviesp 2018?<\/strong><\/p>\n<p style=\"text-align:justify\"><strong>Fernando Santos &#8211;<\/strong> Sim. Em 2018 deveremos inovar, evoluir, usar o que temos de bom e mudarmos o que ficou obsoleto. Hoje recuamos com coragem e responsabilidade mas \u00e9 preciso dizer que a Aviesp continua forte, tem recursos e lastro. O que n\u00e3o poder\u00edamos fazer era nos fragilizarmos e sermos irrespons\u00e1veis realizando um evento sobre o qual n\u00e3o est\u00e1vamos seguros. Vamos voltar de cara nova em 2018.<\/p>\n<p style=\"text-align:justify\"><strong>TRAVEL3 &#8211; O cancelamento da 40<sup>a<\/sup> Aviesp \u00e9 o retrato da Ind\u00fastria do Turismo do Brasil?<\/strong><\/p>\n<p style=\"text-align:justify\"><strong>Fernando Santos &#8211;<\/strong> O cancelamento da 40<sup>a<\/sup> Aviesp \u00e9 o retrato do Brasil. Todos os setores da economia est\u00e3o sentindo o peso deste momento e com o turismo n\u00e3o \u00e9 diferente. Todos os setores sofrem.\u00a0<\/p>\n<p><\/span><\/p>\n","protected":false},"excerpt":{"rendered":"<p>Fernando Santos, presidente da Aviesp, falou sobre a crise que continua e tamb\u00e9m sobre o papel e o formato das feiras de turismo no Brasil<\/p>\n","protected":false},"author":1,"featured_media":0,"comment_status":"open","ping_status":"open","sticky":false,"template":"","format":"standard","meta":{"footnotes":""},"categories":[],"tags":[],"class_list":["post-2702","post","type-post","status-publish","format-standard","hentry"],"yoast_head":"<!-- This site is optimized with the Yoast SEO plugin v26.2 - https:\/\/yoast.com\/wordpress\/plugins\/seo\/ -->\n<title>CANCELAMENTO DA AVIESP EXPO FOI DECIS\u00c3O DIF\u00cdCIL, TOMADA COM CORAGEM - Travel3<\/title>\n<meta name=\"description\" content=\"A TRAVEL3 \u00e9 um portal de conte\u00fado voltado para o turismo, encontre destinos, viagens, hospedagem, passagens, guias, not\u00edcias sobre o mercado do turismo, dicas de viagem, v\u00eddeos e podcast.\" \/>\n<meta name=\"robots\" content=\"index, follow, max-snippet:-1, max-image-preview:large, max-video-preview:-1\" \/>\n<link rel=\"canonical\" href=\"https:\/\/www.travel3.com.br\/site\/sem-categoria\/cancelamento-da-aviesp-expo-foi-decisao-dificil-tomada-com-coragem\/\" \/>\n<meta property=\"og:locale\" content=\"pt_BR\" \/>\n<meta property=\"og:type\" content=\"article\" \/>\n<meta property=\"og:title\" content=\"CANCELAMENTO DA AVIESP EXPO FOI DECIS\u00c3O DIF\u00cdCIL, TOMADA COM CORAGEM - Travel3\" \/>\n<meta property=\"og:description\" content=\"A TRAVEL3 \u00e9 um portal de conte\u00fado voltado para o turismo, encontre destinos, viagens, hospedagem, passagens, guias, not\u00edcias sobre o mercado do turismo, dicas de viagem, v\u00eddeos e podcast.\" \/>\n<meta property=\"og:url\" content=\"https:\/\/www.travel3.com.br\/site\/sem-categoria\/cancelamento-da-aviesp-expo-foi-decisao-dificil-tomada-com-coragem\/\" \/>\n<meta property=\"og:site_name\" content=\"Travel3\" \/>\n<meta property=\"article:publisher\" content=\"https:\/\/www.facebook.com\/travel3media\/\" \/>\n<meta property=\"article:published_time\" content=\"2017-08-24T10:24:34+00:00\" \/>\n<meta name=\"author\" content=\"admin\" \/>\n<meta name=\"twitter:card\" content=\"summary_large_image\" \/>\n<meta name=\"twitter:label1\" content=\"Escrito por\" \/>\n\t<meta name=\"twitter:data1\" content=\"admin\" \/>\n\t<meta name=\"twitter:label2\" content=\"Est. tempo de leitura\" \/>\n\t<meta name=\"twitter:data2\" content=\"2 minutos\" \/>\n<script type=\"application\/ld+json\" class=\"yoast-schema-graph\">{\"@context\":\"https:\/\/schema.org\",\"@graph\":[{\"@type\":\"Article\",\"@id\":\"https:\/\/www.travel3.com.br\/site\/sem-categoria\/cancelamento-da-aviesp-expo-foi-decisao-dificil-tomada-com-coragem\/#article\",\"isPartOf\":{\"@id\":\"https:\/\/www.travel3.com.br\/site\/sem-categoria\/cancelamento-da-aviesp-expo-foi-decisao-dificil-tomada-com-coragem\/\"},\"author\":{\"name\":\"admin\",\"@id\":\"https:\/\/www.travel3.com.br\/site\/#\/schema\/person\/a69d71e41a024999b6ab82369ac0bd1e\"},\"headline\":\"CANCELAMENTO DA AVIESP EXPO FOI DECIS\u00c3O DIF\u00cdCIL, TOMADA COM CORAGEM\",\"datePublished\":\"2017-08-24T10:24:34+00:00\",\"mainEntityOfPage\":{\"@id\":\"https:\/\/www.travel3.com.br\/site\/sem-categoria\/cancelamento-da-aviesp-expo-foi-decisao-dificil-tomada-com-coragem\/\"},\"wordCount\":416,\"commentCount\":0,\"publisher\":{\"@id\":\"https:\/\/www.travel3.com.br\/site\/#organization\"},\"inLanguage\":\"pt-BR\",\"potentialAction\":[{\"@type\":\"CommentAction\",\"name\":\"Comment\",\"target\":[\"https:\/\/www.travel3.com.br\/site\/sem-categoria\/cancelamento-da-aviesp-expo-foi-decisao-dificil-tomada-com-coragem\/#respond\"]}]},{\"@type\":\"WebPage\",\"@id\":\"https:\/\/www.travel3.com.br\/site\/sem-categoria\/cancelamento-da-aviesp-expo-foi-decisao-dificil-tomada-com-coragem\/\",\"url\":\"https:\/\/www.travel3.com.br\/site\/sem-categoria\/cancelamento-da-aviesp-expo-foi-decisao-dificil-tomada-com-coragem\/\",\"name\":\"CANCELAMENTO DA AVIESP EXPO FOI DECIS\u00c3O DIF\u00cdCIL, TOMADA COM CORAGEM - Travel3\",\"isPartOf\":{\"@id\":\"https:\/\/www.travel3.com.br\/site\/#website\"},\"datePublished\":\"2017-08-24T10:24:34+00:00\",\"description\":\"A TRAVEL3 \u00e9 um portal de conte\u00fado voltado para o turismo, encontre destinos, viagens, hospedagem, passagens, guias, not\u00edcias sobre o mercado do turismo, dicas de viagem, v\u00eddeos e podcast.\",\"breadcrumb\":{\"@id\":\"https:\/\/www.travel3.com.br\/site\/sem-categoria\/cancelamento-da-aviesp-expo-foi-decisao-dificil-tomada-com-coragem\/#breadcrumb\"},\"inLanguage\":\"pt-BR\",\"potentialAction\":[{\"@type\":\"ReadAction\",\"target\":[\"https:\/\/www.travel3.com.br\/site\/sem-categoria\/cancelamento-da-aviesp-expo-foi-decisao-dificil-tomada-com-coragem\/\"]}]},{\"@type\":\"BreadcrumbList\",\"@id\":\"https:\/\/www.travel3.com.br\/site\/sem-categoria\/cancelamento-da-aviesp-expo-foi-decisao-dificil-tomada-com-coragem\/#breadcrumb\",\"itemListElement\":[{\"@type\":\"ListItem\",\"position\":1,\"name\":\"In\u00edcio\",\"item\":\"https:\/\/www.travel3.com.br\/site\/\"},{\"@type\":\"ListItem\",\"position\":2,\"name\":\"CANCELAMENTO DA AVIESP EXPO FOI DECIS\u00c3O DIF\u00cdCIL, TOMADA COM CORAGEM\"}]},{\"@type\":\"WebSite\",\"@id\":\"https:\/\/www.travel3.com.br\/site\/#website\",\"url\":\"https:\/\/www.travel3.com.br\/site\/\",\"name\":\"Travel3\",\"description\":\"Lazer + Neg&oacute;cios + Aventura\",\"publisher\":{\"@id\":\"https:\/\/www.travel3.com.br\/site\/#organization\"},\"potentialAction\":[{\"@type\":\"SearchAction\",\"target\":{\"@type\":\"EntryPoint\",\"urlTemplate\":\"https:\/\/www.travel3.com.br\/site\/?s={search_term_string}\"},\"query-input\":{\"@type\":\"PropertyValueSpecification\",\"valueRequired\":true,\"valueName\":\"search_term_string\"}}],\"inLanguage\":\"pt-BR\"},{\"@type\":\"Organization\",\"@id\":\"https:\/\/www.travel3.com.br\/site\/#organization\",\"name\":\"Travel3\",\"url\":\"https:\/\/www.travel3.com.br\/site\/\",\"logo\":{\"@type\":\"ImageObject\",\"inLanguage\":\"pt-BR\",\"@id\":\"https:\/\/www.travel3.com.br\/site\/#\/schema\/logo\/image\/\",\"url\":\"https:\/\/www.travel3.com.br\/site\/wp-content\/uploads\/2020\/01\/logo-travel3-2020.png\",\"contentUrl\":\"https:\/\/www.travel3.com.br\/site\/wp-content\/uploads\/2020\/01\/logo-travel3-2020.png\",\"width\":232,\"height\":79,\"caption\":\"Travel3\"},\"image\":{\"@id\":\"https:\/\/www.travel3.com.br\/site\/#\/schema\/logo\/image\/\"},\"sameAs\":[\"https:\/\/www.facebook.com\/travel3media\/\",\"https:\/\/www.instagram.com\/revistatravel3\/\",\"https:\/\/www.youtube.com\/channel\/UCno7J4paGBR3VbZQzvoJ9Eg\"]},{\"@type\":\"Person\",\"@id\":\"https:\/\/www.travel3.com.br\/site\/#\/schema\/person\/a69d71e41a024999b6ab82369ac0bd1e\",\"name\":\"admin\",\"image\":{\"@type\":\"ImageObject\",\"inLanguage\":\"pt-BR\",\"@id\":\"https:\/\/www.travel3.com.br\/site\/#\/schema\/person\/image\/\",\"url\":\"https:\/\/secure.gravatar.com\/avatar\/732a67adfd764da2a47ba10ce731c4c0?s=96&d=mm&r=g\",\"contentUrl\":\"https:\/\/secure.gravatar.com\/avatar\/732a67adfd764da2a47ba10ce731c4c0?s=96&d=mm&r=g\",\"caption\":\"admin\"},\"url\":\"https:\/\/www.travel3.com.br\/site\/author\/admin\/\"}]}<\/script>\n<!-- \/ Yoast SEO plugin. -->","yoast_head_json":{"title":"CANCELAMENTO DA AVIESP EXPO FOI DECIS\u00c3O DIF\u00cdCIL, TOMADA COM CORAGEM - Travel3","description":"A TRAVEL3 \u00e9 um portal de conte\u00fado voltado para o turismo, encontre destinos, viagens, hospedagem, passagens, guias, not\u00edcias sobre o mercado do turismo, dicas de viagem, v\u00eddeos e podcast.","robots":{"index":"index","follow":"follow","max-snippet":"max-snippet:-1","max-image-preview":"max-image-preview:large","max-video-preview":"max-video-preview:-1"},"canonical":"https:\/\/www.travel3.com.br\/site\/sem-categoria\/cancelamento-da-aviesp-expo-foi-decisao-dificil-tomada-com-coragem\/","og_locale":"pt_BR","og_type":"article","og_title":"CANCELAMENTO DA AVIESP EXPO FOI DECIS\u00c3O DIF\u00cdCIL, TOMADA COM CORAGEM - Travel3","og_description":"A TRAVEL3 \u00e9 um portal de conte\u00fado voltado para o turismo, encontre destinos, viagens, hospedagem, passagens, guias, not\u00edcias sobre o mercado do turismo, dicas de viagem, v\u00eddeos e podcast.","og_url":"https:\/\/www.travel3.com.br\/site\/sem-categoria\/cancelamento-da-aviesp-expo-foi-decisao-dificil-tomada-com-coragem\/","og_site_name":"Travel3","article_publisher":"https:\/\/www.facebook.com\/travel3media\/","article_published_time":"2017-08-24T10:24:34+00:00","author":"admin","twitter_card":"summary_large_image","twitter_misc":{"Escrito por":"admin","Est. tempo de leitura":"2 minutos"},"schema":{"@context":"https:\/\/schema.org","@graph":[{"@type":"Article","@id":"https:\/\/www.travel3.com.br\/site\/sem-categoria\/cancelamento-da-aviesp-expo-foi-decisao-dificil-tomada-com-coragem\/#article","isPartOf":{"@id":"https:\/\/www.travel3.com.br\/site\/sem-categoria\/cancelamento-da-aviesp-expo-foi-decisao-dificil-tomada-com-coragem\/"},"author":{"name":"admin","@id":"https:\/\/www.travel3.com.br\/site\/#\/schema\/person\/a69d71e41a024999b6ab82369ac0bd1e"},"headline":"CANCELAMENTO DA AVIESP EXPO FOI DECIS\u00c3O DIF\u00cdCIL, TOMADA COM CORAGEM","datePublished":"2017-08-24T10:24:34+00:00","mainEntityOfPage":{"@id":"https:\/\/www.travel3.com.br\/site\/sem-categoria\/cancelamento-da-aviesp-expo-foi-decisao-dificil-tomada-com-coragem\/"},"wordCount":416,"commentCount":0,"publisher":{"@id":"https:\/\/www.travel3.com.br\/site\/#organization"},"inLanguage":"pt-BR","potentialAction":[{"@type":"CommentAction","name":"Comment","target":["https:\/\/www.travel3.com.br\/site\/sem-categoria\/cancelamento-da-aviesp-expo-foi-decisao-dificil-tomada-com-coragem\/#respond"]}]},{"@type":"WebPage","@id":"https:\/\/www.travel3.com.br\/site\/sem-categoria\/cancelamento-da-aviesp-expo-foi-decisao-dificil-tomada-com-coragem\/","url":"https:\/\/www.travel3.com.br\/site\/sem-categoria\/cancelamento-da-aviesp-expo-foi-decisao-dificil-tomada-com-coragem\/","name":"CANCELAMENTO DA AVIESP EXPO FOI DECIS\u00c3O DIF\u00cdCIL, TOMADA COM CORAGEM - Travel3","isPartOf":{"@id":"https:\/\/www.travel3.com.br\/site\/#website"},"datePublished":"2017-08-24T10:24:34+00:00","description":"A TRAVEL3 \u00e9 um portal de conte\u00fado voltado para o turismo, encontre destinos, viagens, hospedagem, passagens, guias, not\u00edcias sobre o mercado do turismo, dicas de viagem, v\u00eddeos e podcast.","breadcrumb":{"@id":"https:\/\/www.travel3.com.br\/site\/sem-categoria\/cancelamento-da-aviesp-expo-foi-decisao-dificil-tomada-com-coragem\/#breadcrumb"},"inLanguage":"pt-BR","potentialAction":[{"@type":"ReadAction","target":["https:\/\/www.travel3.com.br\/site\/sem-categoria\/cancelamento-da-aviesp-expo-foi-decisao-dificil-tomada-com-coragem\/"]}]},{"@type":"BreadcrumbList","@id":"https:\/\/www.travel3.com.br\/site\/sem-categoria\/cancelamento-da-aviesp-expo-foi-decisao-dificil-tomada-com-coragem\/#breadcrumb","itemListElement":[{"@type":"ListItem","position":1,"name":"In\u00edcio","item":"https:\/\/www.travel3.com.br\/site\/"},{"@type":"ListItem","position":2,"name":"CANCELAMENTO DA AVIESP EXPO FOI DECIS\u00c3O DIF\u00cdCIL, TOMADA COM CORAGEM"}]},{"@type":"WebSite","@id":"https:\/\/www.travel3.com.br\/site\/#website","url":"https:\/\/www.travel3.com.br\/site\/","name":"Travel3","description":"Lazer + Neg&oacute;cios + Aventura","publisher":{"@id":"https:\/\/www.travel3.com.br\/site\/#organization"},"potentialAction":[{"@type":"SearchAction","target":{"@type":"EntryPoint","urlTemplate":"https:\/\/www.travel3.com.br\/site\/?s={search_term_string}"},"query-input":{"@type":"PropertyValueSpecification","valueRequired":true,"valueName":"search_term_string"}}],"inLanguage":"pt-BR"},{"@type":"Organization","@id":"https:\/\/www.travel3.com.br\/site\/#organization","name":"Travel3","url":"https:\/\/www.travel3.com.br\/site\/","logo":{"@type":"ImageObject","inLanguage":"pt-BR","@id":"https:\/\/www.travel3.com.br\/site\/#\/schema\/logo\/image\/","url":"https:\/\/www.travel3.com.br\/site\/wp-content\/uploads\/2020\/01\/logo-travel3-2020.png","contentUrl":"https:\/\/www.travel3.com.br\/site\/wp-content\/uploads\/2020\/01\/logo-travel3-2020.png","width":232,"height":79,"caption":"Travel3"},"image":{"@id":"https:\/\/www.travel3.com.br\/site\/#\/schema\/logo\/image\/"},"sameAs":["https:\/\/www.facebook.com\/travel3media\/","https:\/\/www.instagram.com\/revistatravel3\/","https:\/\/www.youtube.com\/channel\/UCno7J4paGBR3VbZQzvoJ9Eg"]},{"@type":"Person","@id":"https:\/\/www.travel3.com.br\/site\/#\/schema\/person\/a69d71e41a024999b6ab82369ac0bd1e","name":"admin","image":{"@type":"ImageObject","inLanguage":"pt-BR","@id":"https:\/\/www.travel3.com.br\/site\/#\/schema\/person\/image\/","url":"https:\/\/secure.gravatar.com\/avatar\/732a67adfd764da2a47ba10ce731c4c0?s=96&d=mm&r=g","contentUrl":"https:\/\/secure.gravatar.com\/avatar\/732a67adfd764da2a47ba10ce731c4c0?s=96&d=mm&r=g","caption":"admin"},"url":"https:\/\/www.travel3.com.br\/site\/author\/admin\/"}]}},"_links":{"self":[{"href":"https:\/\/www.travel3.com.br\/site\/wp-json\/wp\/v2\/posts\/2702","targetHints":{"allow":["GET"]}}],"collection":[{"href":"https:\/\/www.travel3.com.br\/site\/wp-json\/wp\/v2\/posts"}],"about":[{"href":"https:\/\/www.travel3.com.br\/site\/wp-json\/wp\/v2\/types\/post"}],"author":[{"embeddable":true,"href":"https:\/\/www.travel3.com.br\/site\/wp-json\/wp\/v2\/users\/1"}],"replies":[{"embeddable":true,"href":"https:\/\/www.travel3.com.br\/site\/wp-json\/wp\/v2\/comments?post=2702"}],"version-history":[{"count":0,"href":"https:\/\/www.travel3.com.br\/site\/wp-json\/wp\/v2\/posts\/2702\/revisions"}],"wp:attachment":[{"href":"https:\/\/www.travel3.com.br\/site\/wp-json\/wp\/v2\/media?parent=2702"}],"wp:term":[{"taxonomy":"category","embeddable":true,"href":"https:\/\/www.travel3.com.br\/site\/wp-json\/wp\/v2\/categories?post=2702"},{"taxonomy":"post_tag","embeddable":true,"href":"https:\/\/www.travel3.com.br\/site\/wp-json\/wp\/v2\/tags?post=2702"}],"curies":[{"name":"wp","href":"https:\/\/api.w.org\/{rel}","templated":true}]}}