{"id":2691,"date":"2017-06-03T06:02:10","date_gmt":"2017-06-03T06:02:10","guid":{"rendered":"http:\/\/www.travel3.com.br\/site\/ir-e-vir\/ar\/esfe-promove-debate-sobre-mercado-de-feiras-mice-em-sao-paulo\/"},"modified":"2017-06-03T06:02:10","modified_gmt":"2017-06-03T06:02:10","slug":"esfe-promove-debate-sobre-mercado-de-feiras-mice-em-sao-paulo","status":"publish","type":"post","link":"https:\/\/www.travel3.com.br\/site\/sem-categoria\/esfe-promove-debate-sobre-mercado-de-feiras-mice-em-sao-paulo\/","title":{"rendered":"ESFE PROMOVE DEBATE SOBRE MERCADO DE FEIRAS &#038; MICE EM S\u00c3O PAULO"},"content":{"rendered":"<p><span style=\"color: #40acad; font-family: -apple-system, system-ui, 'Segoe UI', Roboto, Oxygen-Sans, Ubuntu, Cantarell, 'Helvetica Neue', sans-serif; font-size: 12px; font-weight: bold;\"><\/p>\n<p style=\"text-align:justify\">Entidades do setor est\u00e3o otimistas com o mercado de turismo corporativo e de incentivos. De acordo com o Minist\u00e9rio do Turismo, o Brasil sediou, em 2016, uma m\u00e9dia de 900 eventos \u2013 posicionando-o como uma das principais rotas internacionais. E para incentivar ainda mais este mercado, o XII Encontro do Setor de Feiras e Eventos (ESFE) reunir\u00e1 os principais l\u00edderes empresariais para discutir o atual cen\u00e1rio das feiras de neg\u00f3cios, assim como os novos conceitos e o crescente mercado de Live Marketing.<\/p>\n<p style=\"text-align:justify\">Painel de Debates:<\/p>\n<p style=\"text-align:justify\"><strong>09h00 \u00e0s 10h30 \u2013 Painel Feiras \u2013 Momento de Disrup\u00e7\u00e3o<\/strong><\/p>\n<p style=\"text-align:justify\">Disrup\u00e7\u00e3o \u00e9 a palavra do momento para definir a interrup\u00e7\u00e3o do curso normal de um processo. Nos \u00faltimos dois anos, o setor de feiras e eventos tem passado por uma nova conjuntura marcada por grandes mudan\u00e7as, aquisi\u00e7\u00f5es, fus\u00f5es, novos conceitos e a inclus\u00e3o de mais conte\u00fado e experi\u00eancias \u2013 visando a gera\u00e7\u00e3o de resultados, tanto para os expositores como os visitantes.<\/p>\n<p style=\"text-align:justify\">E para discutir o tema, Juan Pablo De Vera, VP s\u00eanior para Am\u00e9rica Latina da Reed Exhibitions, ir\u00e1 coordenar o Painel Feiras \u2013 Momento de Disrup\u00e7\u00e3o ao lado dos debatedores: Carlos Correa (APAS), Edmar Bull (ABAV), Paulo Octavio (Reed Exhibitions Alcantara Machado), Paulo Ventura (Expo Center Norte) e Jean Pierre Cantaux \u00a0(Red Star Brasil).<\/p>\n<p style=\"text-align:justify\"><strong>16h00 \u00e0s 17h30 \u2013 Painel M.I.C.E \u2013 Um mercado em quatro letras<\/strong><\/p>\n<p style=\"text-align:justify\">Liderado por Toni Sando \u2013 presidente executivo do S\u00e3o Paulo Convention &#038; Visitors Bureau, o painel ter\u00e1 como foco o futuro do mercado de M.I.C.E. (sigla em ingl\u00eas para Encontros, Incentivos, Confer\u00eancias e Exibi\u00e7\u00f5es).<\/p>\n<p style=\"text-align:justify\">Entre os temas que ser\u00e3o abordados esta o novo momento do setor, assim como a promo\u00e7\u00e3o de a\u00e7\u00f5es mais criativas para garantir o engajamento do p\u00fablico, sobretudo das novas gera\u00e7\u00f5es.<\/p>\n<p style=\"text-align:justify\">Al\u00e9m de Sando, o Painel M.I.C.E. ter\u00e1 a participa\u00e7\u00e3o dos debatedores: Eduardo Sanovicz (ABEAR), Celio Ashcar Jr. (AktuellMix e AMPRO), Juarez Carvalho (MCI Brasil), Gustavo Ene (LIDE) e Fabio Rossi (Flytour Eventos).<\/p>\n<p style=\"text-align:justify\">Os dois pain\u00e9is ter\u00e3o modera\u00e7\u00e3o do empres\u00e1rio Otavio Neto \u2013 CEO do Grupo Radar &#038; TV e idealizador do ESFE.<\/p>\n<p style=\"text-align:justify\"><strong>Saiba mais = <a href=\"http:\/\/www.esfe.com.br\">www.esfe.com.br<\/a><\/strong><\/p>\n<p><\/span><\/p>\n","protected":false},"excerpt":{"rendered":"<p>Evento ser\u00e1 no dia 21 de fevereiro, das 8h30 \u00e0s 18h, no Golden Hall \u2013 WTC Convention Center \u2013 Avenida das Na\u00e7\u00f5es Unidas 12.551<\/p>\n","protected":false},"author":1,"featured_media":0,"comment_status":"open","ping_status":"open","sticky":false,"template":"","format":"standard","meta":{"footnotes":""},"categories":[],"tags":[],"class_list":["post-2691","post","type-post","status-publish","format-standard","hentry"],"yoast_head":"<!-- This site is optimized with the Yoast SEO plugin v26.2 - https:\/\/yoast.com\/wordpress\/plugins\/seo\/ -->\n<title>ESFE PROMOVE DEBATE SOBRE MERCADO DE FEIRAS &amp; MICE EM S\u00c3O PAULO - Travel3<\/title>\n<meta name=\"description\" content=\"A TRAVEL3 \u00e9 um portal de conte\u00fado voltado para o turismo, encontre destinos, viagens, hospedagem, passagens, guias, not\u00edcias sobre o mercado do turismo, dicas de viagem, v\u00eddeos e podcast.\" \/>\n<meta name=\"robots\" content=\"index, follow, max-snippet:-1, max-image-preview:large, max-video-preview:-1\" \/>\n<link rel=\"canonical\" href=\"https:\/\/www.travel3.com.br\/site\/sem-categoria\/esfe-promove-debate-sobre-mercado-de-feiras-mice-em-sao-paulo\/\" \/>\n<meta property=\"og:locale\" content=\"pt_BR\" \/>\n<meta property=\"og:type\" content=\"article\" \/>\n<meta property=\"og:title\" content=\"ESFE PROMOVE DEBATE SOBRE MERCADO DE FEIRAS &amp; MICE EM S\u00c3O PAULO - Travel3\" \/>\n<meta property=\"og:description\" content=\"A TRAVEL3 \u00e9 um portal de conte\u00fado voltado para o turismo, encontre destinos, viagens, hospedagem, passagens, guias, not\u00edcias sobre o mercado do turismo, dicas de viagem, v\u00eddeos e podcast.\" \/>\n<meta property=\"og:url\" content=\"https:\/\/www.travel3.com.br\/site\/sem-categoria\/esfe-promove-debate-sobre-mercado-de-feiras-mice-em-sao-paulo\/\" \/>\n<meta property=\"og:site_name\" content=\"Travel3\" \/>\n<meta property=\"article:publisher\" content=\"https:\/\/www.facebook.com\/travel3media\/\" \/>\n<meta property=\"article:published_time\" content=\"2017-06-03T06:02:10+00:00\" \/>\n<meta name=\"author\" content=\"admin\" \/>\n<meta name=\"twitter:card\" content=\"summary_large_image\" \/>\n<meta name=\"twitter:label1\" content=\"Escrito por\" \/>\n\t<meta name=\"twitter:data1\" content=\"admin\" \/>\n\t<meta name=\"twitter:label2\" content=\"Est. tempo de leitura\" \/>\n\t<meta name=\"twitter:data2\" content=\"2 minutos\" \/>\n<script type=\"application\/ld+json\" class=\"yoast-schema-graph\">{\"@context\":\"https:\/\/schema.org\",\"@graph\":[{\"@type\":\"Article\",\"@id\":\"https:\/\/www.travel3.com.br\/site\/sem-categoria\/esfe-promove-debate-sobre-mercado-de-feiras-mice-em-sao-paulo\/#article\",\"isPartOf\":{\"@id\":\"https:\/\/www.travel3.com.br\/site\/sem-categoria\/esfe-promove-debate-sobre-mercado-de-feiras-mice-em-sao-paulo\/\"},\"author\":{\"name\":\"admin\",\"@id\":\"https:\/\/www.travel3.com.br\/site\/#\/schema\/person\/a69d71e41a024999b6ab82369ac0bd1e\"},\"headline\":\"ESFE PROMOVE DEBATE SOBRE MERCADO DE FEIRAS &#038; MICE EM S\u00c3O PAULO\",\"datePublished\":\"2017-06-03T06:02:10+00:00\",\"mainEntityOfPage\":{\"@id\":\"https:\/\/www.travel3.com.br\/site\/sem-categoria\/esfe-promove-debate-sobre-mercado-de-feiras-mice-em-sao-paulo\/\"},\"wordCount\":385,\"commentCount\":0,\"publisher\":{\"@id\":\"https:\/\/www.travel3.com.br\/site\/#organization\"},\"inLanguage\":\"pt-BR\",\"potentialAction\":[{\"@type\":\"CommentAction\",\"name\":\"Comment\",\"target\":[\"https:\/\/www.travel3.com.br\/site\/sem-categoria\/esfe-promove-debate-sobre-mercado-de-feiras-mice-em-sao-paulo\/#respond\"]}]},{\"@type\":\"WebPage\",\"@id\":\"https:\/\/www.travel3.com.br\/site\/sem-categoria\/esfe-promove-debate-sobre-mercado-de-feiras-mice-em-sao-paulo\/\",\"url\":\"https:\/\/www.travel3.com.br\/site\/sem-categoria\/esfe-promove-debate-sobre-mercado-de-feiras-mice-em-sao-paulo\/\",\"name\":\"ESFE PROMOVE DEBATE SOBRE MERCADO DE FEIRAS & MICE EM S\u00c3O PAULO - Travel3\",\"isPartOf\":{\"@id\":\"https:\/\/www.travel3.com.br\/site\/#website\"},\"datePublished\":\"2017-06-03T06:02:10+00:00\",\"description\":\"A TRAVEL3 \u00e9 um portal de conte\u00fado voltado para o turismo, encontre destinos, viagens, hospedagem, passagens, guias, not\u00edcias sobre o mercado do turismo, dicas de viagem, v\u00eddeos e podcast.\",\"breadcrumb\":{\"@id\":\"https:\/\/www.travel3.com.br\/site\/sem-categoria\/esfe-promove-debate-sobre-mercado-de-feiras-mice-em-sao-paulo\/#breadcrumb\"},\"inLanguage\":\"pt-BR\",\"potentialAction\":[{\"@type\":\"ReadAction\",\"target\":[\"https:\/\/www.travel3.com.br\/site\/sem-categoria\/esfe-promove-debate-sobre-mercado-de-feiras-mice-em-sao-paulo\/\"]}]},{\"@type\":\"BreadcrumbList\",\"@id\":\"https:\/\/www.travel3.com.br\/site\/sem-categoria\/esfe-promove-debate-sobre-mercado-de-feiras-mice-em-sao-paulo\/#breadcrumb\",\"itemListElement\":[{\"@type\":\"ListItem\",\"position\":1,\"name\":\"In\u00edcio\",\"item\":\"https:\/\/www.travel3.com.br\/site\/\"},{\"@type\":\"ListItem\",\"position\":2,\"name\":\"ESFE PROMOVE DEBATE SOBRE MERCADO DE FEIRAS &#038; MICE EM S\u00c3O PAULO\"}]},{\"@type\":\"WebSite\",\"@id\":\"https:\/\/www.travel3.com.br\/site\/#website\",\"url\":\"https:\/\/www.travel3.com.br\/site\/\",\"name\":\"Travel3\",\"description\":\"Lazer + Neg&oacute;cios + Aventura\",\"publisher\":{\"@id\":\"https:\/\/www.travel3.com.br\/site\/#organization\"},\"potentialAction\":[{\"@type\":\"SearchAction\",\"target\":{\"@type\":\"EntryPoint\",\"urlTemplate\":\"https:\/\/www.travel3.com.br\/site\/?s={search_term_string}\"},\"query-input\":{\"@type\":\"PropertyValueSpecification\",\"valueRequired\":true,\"valueName\":\"search_term_string\"}}],\"inLanguage\":\"pt-BR\"},{\"@type\":\"Organization\",\"@id\":\"https:\/\/www.travel3.com.br\/site\/#organization\",\"name\":\"Travel3\",\"url\":\"https:\/\/www.travel3.com.br\/site\/\",\"logo\":{\"@type\":\"ImageObject\",\"inLanguage\":\"pt-BR\",\"@id\":\"https:\/\/www.travel3.com.br\/site\/#\/schema\/logo\/image\/\",\"url\":\"https:\/\/www.travel3.com.br\/site\/wp-content\/uploads\/2020\/01\/logo-travel3-2020.png\",\"contentUrl\":\"https:\/\/www.travel3.com.br\/site\/wp-content\/uploads\/2020\/01\/logo-travel3-2020.png\",\"width\":232,\"height\":79,\"caption\":\"Travel3\"},\"image\":{\"@id\":\"https:\/\/www.travel3.com.br\/site\/#\/schema\/logo\/image\/\"},\"sameAs\":[\"https:\/\/www.facebook.com\/travel3media\/\",\"https:\/\/www.instagram.com\/revistatravel3\/\",\"https:\/\/www.youtube.com\/channel\/UCno7J4paGBR3VbZQzvoJ9Eg\"]},{\"@type\":\"Person\",\"@id\":\"https:\/\/www.travel3.com.br\/site\/#\/schema\/person\/a69d71e41a024999b6ab82369ac0bd1e\",\"name\":\"admin\",\"image\":{\"@type\":\"ImageObject\",\"inLanguage\":\"pt-BR\",\"@id\":\"https:\/\/www.travel3.com.br\/site\/#\/schema\/person\/image\/\",\"url\":\"https:\/\/secure.gravatar.com\/avatar\/732a67adfd764da2a47ba10ce731c4c0?s=96&d=mm&r=g\",\"contentUrl\":\"https:\/\/secure.gravatar.com\/avatar\/732a67adfd764da2a47ba10ce731c4c0?s=96&d=mm&r=g\",\"caption\":\"admin\"},\"url\":\"https:\/\/www.travel3.com.br\/site\/author\/admin\/\"}]}<\/script>\n<!-- \/ Yoast SEO plugin. -->","yoast_head_json":{"title":"ESFE PROMOVE DEBATE SOBRE MERCADO DE FEIRAS & MICE EM S\u00c3O PAULO - Travel3","description":"A TRAVEL3 \u00e9 um portal de conte\u00fado voltado para o turismo, encontre destinos, viagens, hospedagem, passagens, guias, not\u00edcias sobre o mercado do turismo, dicas de viagem, v\u00eddeos e podcast.","robots":{"index":"index","follow":"follow","max-snippet":"max-snippet:-1","max-image-preview":"max-image-preview:large","max-video-preview":"max-video-preview:-1"},"canonical":"https:\/\/www.travel3.com.br\/site\/sem-categoria\/esfe-promove-debate-sobre-mercado-de-feiras-mice-em-sao-paulo\/","og_locale":"pt_BR","og_type":"article","og_title":"ESFE PROMOVE DEBATE SOBRE MERCADO DE FEIRAS & MICE EM S\u00c3O PAULO - Travel3","og_description":"A TRAVEL3 \u00e9 um portal de conte\u00fado voltado para o turismo, encontre destinos, viagens, hospedagem, passagens, guias, not\u00edcias sobre o mercado do turismo, dicas de viagem, v\u00eddeos e podcast.","og_url":"https:\/\/www.travel3.com.br\/site\/sem-categoria\/esfe-promove-debate-sobre-mercado-de-feiras-mice-em-sao-paulo\/","og_site_name":"Travel3","article_publisher":"https:\/\/www.facebook.com\/travel3media\/","article_published_time":"2017-06-03T06:02:10+00:00","author":"admin","twitter_card":"summary_large_image","twitter_misc":{"Escrito por":"admin","Est. tempo de leitura":"2 minutos"},"schema":{"@context":"https:\/\/schema.org","@graph":[{"@type":"Article","@id":"https:\/\/www.travel3.com.br\/site\/sem-categoria\/esfe-promove-debate-sobre-mercado-de-feiras-mice-em-sao-paulo\/#article","isPartOf":{"@id":"https:\/\/www.travel3.com.br\/site\/sem-categoria\/esfe-promove-debate-sobre-mercado-de-feiras-mice-em-sao-paulo\/"},"author":{"name":"admin","@id":"https:\/\/www.travel3.com.br\/site\/#\/schema\/person\/a69d71e41a024999b6ab82369ac0bd1e"},"headline":"ESFE PROMOVE DEBATE SOBRE MERCADO DE FEIRAS &#038; MICE EM S\u00c3O PAULO","datePublished":"2017-06-03T06:02:10+00:00","mainEntityOfPage":{"@id":"https:\/\/www.travel3.com.br\/site\/sem-categoria\/esfe-promove-debate-sobre-mercado-de-feiras-mice-em-sao-paulo\/"},"wordCount":385,"commentCount":0,"publisher":{"@id":"https:\/\/www.travel3.com.br\/site\/#organization"},"inLanguage":"pt-BR","potentialAction":[{"@type":"CommentAction","name":"Comment","target":["https:\/\/www.travel3.com.br\/site\/sem-categoria\/esfe-promove-debate-sobre-mercado-de-feiras-mice-em-sao-paulo\/#respond"]}]},{"@type":"WebPage","@id":"https:\/\/www.travel3.com.br\/site\/sem-categoria\/esfe-promove-debate-sobre-mercado-de-feiras-mice-em-sao-paulo\/","url":"https:\/\/www.travel3.com.br\/site\/sem-categoria\/esfe-promove-debate-sobre-mercado-de-feiras-mice-em-sao-paulo\/","name":"ESFE PROMOVE DEBATE SOBRE MERCADO DE FEIRAS & MICE EM S\u00c3O PAULO - Travel3","isPartOf":{"@id":"https:\/\/www.travel3.com.br\/site\/#website"},"datePublished":"2017-06-03T06:02:10+00:00","description":"A TRAVEL3 \u00e9 um portal de conte\u00fado voltado para o turismo, encontre destinos, viagens, hospedagem, passagens, guias, not\u00edcias sobre o mercado do turismo, dicas de viagem, v\u00eddeos e podcast.","breadcrumb":{"@id":"https:\/\/www.travel3.com.br\/site\/sem-categoria\/esfe-promove-debate-sobre-mercado-de-feiras-mice-em-sao-paulo\/#breadcrumb"},"inLanguage":"pt-BR","potentialAction":[{"@type":"ReadAction","target":["https:\/\/www.travel3.com.br\/site\/sem-categoria\/esfe-promove-debate-sobre-mercado-de-feiras-mice-em-sao-paulo\/"]}]},{"@type":"BreadcrumbList","@id":"https:\/\/www.travel3.com.br\/site\/sem-categoria\/esfe-promove-debate-sobre-mercado-de-feiras-mice-em-sao-paulo\/#breadcrumb","itemListElement":[{"@type":"ListItem","position":1,"name":"In\u00edcio","item":"https:\/\/www.travel3.com.br\/site\/"},{"@type":"ListItem","position":2,"name":"ESFE PROMOVE DEBATE SOBRE MERCADO DE FEIRAS &#038; MICE EM S\u00c3O PAULO"}]},{"@type":"WebSite","@id":"https:\/\/www.travel3.com.br\/site\/#website","url":"https:\/\/www.travel3.com.br\/site\/","name":"Travel3","description":"Lazer + Neg&oacute;cios + Aventura","publisher":{"@id":"https:\/\/www.travel3.com.br\/site\/#organization"},"potentialAction":[{"@type":"SearchAction","target":{"@type":"EntryPoint","urlTemplate":"https:\/\/www.travel3.com.br\/site\/?s={search_term_string}"},"query-input":{"@type":"PropertyValueSpecification","valueRequired":true,"valueName":"search_term_string"}}],"inLanguage":"pt-BR"},{"@type":"Organization","@id":"https:\/\/www.travel3.com.br\/site\/#organization","name":"Travel3","url":"https:\/\/www.travel3.com.br\/site\/","logo":{"@type":"ImageObject","inLanguage":"pt-BR","@id":"https:\/\/www.travel3.com.br\/site\/#\/schema\/logo\/image\/","url":"https:\/\/www.travel3.com.br\/site\/wp-content\/uploads\/2020\/01\/logo-travel3-2020.png","contentUrl":"https:\/\/www.travel3.com.br\/site\/wp-content\/uploads\/2020\/01\/logo-travel3-2020.png","width":232,"height":79,"caption":"Travel3"},"image":{"@id":"https:\/\/www.travel3.com.br\/site\/#\/schema\/logo\/image\/"},"sameAs":["https:\/\/www.facebook.com\/travel3media\/","https:\/\/www.instagram.com\/revistatravel3\/","https:\/\/www.youtube.com\/channel\/UCno7J4paGBR3VbZQzvoJ9Eg"]},{"@type":"Person","@id":"https:\/\/www.travel3.com.br\/site\/#\/schema\/person\/a69d71e41a024999b6ab82369ac0bd1e","name":"admin","image":{"@type":"ImageObject","inLanguage":"pt-BR","@id":"https:\/\/www.travel3.com.br\/site\/#\/schema\/person\/image\/","url":"https:\/\/secure.gravatar.com\/avatar\/732a67adfd764da2a47ba10ce731c4c0?s=96&d=mm&r=g","contentUrl":"https:\/\/secure.gravatar.com\/avatar\/732a67adfd764da2a47ba10ce731c4c0?s=96&d=mm&r=g","caption":"admin"},"url":"https:\/\/www.travel3.com.br\/site\/author\/admin\/"}]}},"_links":{"self":[{"href":"https:\/\/www.travel3.com.br\/site\/wp-json\/wp\/v2\/posts\/2691","targetHints":{"allow":["GET"]}}],"collection":[{"href":"https:\/\/www.travel3.com.br\/site\/wp-json\/wp\/v2\/posts"}],"about":[{"href":"https:\/\/www.travel3.com.br\/site\/wp-json\/wp\/v2\/types\/post"}],"author":[{"embeddable":true,"href":"https:\/\/www.travel3.com.br\/site\/wp-json\/wp\/v2\/users\/1"}],"replies":[{"embeddable":true,"href":"https:\/\/www.travel3.com.br\/site\/wp-json\/wp\/v2\/comments?post=2691"}],"version-history":[{"count":0,"href":"https:\/\/www.travel3.com.br\/site\/wp-json\/wp\/v2\/posts\/2691\/revisions"}],"wp:attachment":[{"href":"https:\/\/www.travel3.com.br\/site\/wp-json\/wp\/v2\/media?parent=2691"}],"wp:term":[{"taxonomy":"category","embeddable":true,"href":"https:\/\/www.travel3.com.br\/site\/wp-json\/wp\/v2\/categories?post=2691"},{"taxonomy":"post_tag","embeddable":true,"href":"https:\/\/www.travel3.com.br\/site\/wp-json\/wp\/v2\/tags?post=2691"}],"curies":[{"name":"wp","href":"https:\/\/api.w.org\/{rel}","templated":true}]}}