{"id":2674,"date":"2017-09-11T07:32:30","date_gmt":"2017-09-11T07:32:30","guid":{"rendered":"http:\/\/www.travel3.com.br\/site\/ir-e-vir\/ar\/palestina-fara-estreia-na-wtmla-que-ja-tem-inscricoes-abertas\/"},"modified":"2017-09-11T07:32:30","modified_gmt":"2017-09-11T07:32:30","slug":"palestina-fara-estreia-na-wtmla-que-ja-tem-inscricoes-abertas","status":"publish","type":"post","link":"https:\/\/www.travel3.com.br\/site\/sem-categoria\/palestina-fara-estreia-na-wtmla-que-ja-tem-inscricoes-abertas\/","title":{"rendered":"PALESTINA FAR\u00c1 ESTR\u00c9IA NA WTMLA QUE J\u00c1 TEM INSCRI\u00c7\u00d5ES ABERTAS"},"content":{"rendered":"<p><span style=\"color: #40acad; font-family: -apple-system, system-ui, 'Segoe UI', Roboto, Oxygen-Sans, Ubuntu, Cantarell, 'Helvetica Neue', sans-serif; font-size: 12px; font-weight: bold;\"><\/p>\n<p style=\"text-align:justify\">Est\u00e1 confirmado: Uma delega\u00e7\u00e3o palestina estar\u00e1 pela primeira vez na World Travel Market Latin America. A iniciativa faz parte dos esfor\u00e7os para aumentar o n\u00famero de visitantes em torno de 10% durante este ano.<\/p>\n<p style=\"text-align:justify\">O Minist\u00e9rio do Turismo e Antiguidades da Palestina \u00a0esteve na World Travel Market de Londres, em novembro passado, \u00a0e agora \u00a0volta-se para o evento latinomericano de 4 a 6 de abril no Expo Center Norte, em S\u00e3o Paulo, Brasil. O objetivo \u00e9 promover o destino no Brasil e em outros pa\u00edses das Am\u00e9ricas.<\/p>\n<p style=\"text-align:justify\">A comitiva incluir\u00e1 operadoras de turismo e representantes do setor oficial. Majed Ishaq, diretor de Marketing do minist\u00e9rio, garante: \u201cVamos convidar profissionais e o p\u00fablico a visitar a Palestina e encontrar um sem-n\u00famero de patrim\u00f4nios religiosos, hist\u00f3ricos e arqueol\u00f3gicos em suas cidades famosas: Jerusal\u00e9m, Bel\u00e9m, Jeric\u00f3, Ramala, Hebron, Nablus e Gaza. Queremos que eles venham e desfrutem da refinada culin\u00e1ria palestina e sintam a cordialidade e a hospitalidade do povo\u201d.<\/p>\n<p style=\"text-align:justify\">Ele comentou tamb\u00e9m : \u201cApesar das dificuldades e dos desafios, o setor de turismo palestino vem crescendo ano ap\u00f3s ano. O turismo representa mais de 20% do PIB e gera cerca de 30 mil empregos. As receitas totais do turismo em 2016 superaram US$ 1 bilh\u00e3o\u201d.<\/p>\n<p style=\"text-align:justify\"><a class=\"fancybox-media\" href=\"..\/_uploads\/_noticia\/2017-02\/palestinamuseuda-cisjordania-.jpg\" rel=\"portfolio\"><img decoding=\"async\" alt=\"\" src=\"..\/_uploads\/_noticia\/2017-02\/palestinamuseuda-cisjordania-.jpg\" \/><\/a> <strong>Museu da Cisjord\u00e2nia<\/strong><\/p>\n<p style=\"text-align:justify\">Em 2015 a Palestina recebeu 2,2 milh\u00f5es de visitantes, numero que subiu para 2,3 milh\u00f5es em 2016. Os turistas chegam via Jord\u00e2nia ou Israel, sendo que os principais mercados s\u00e3o R\u00fassia, Estados Unidos, Rom\u00eania, \u00cdndia, Pol\u00f4nia, China, Alemanha, Indon\u00e9sia, Coreia, Ucr\u00e2nia, It\u00e1lia e Egito.<\/p>\n<p style=\"text-align:justify\"><a class=\"fancybox-media\" href=\"..\/_uploads\/_noticia\/2017-02\/palestinamapa.jpg\" rel=\"portfolio\"><img decoding=\"async\" alt=\"\" src=\"..\/_uploads\/_noticia\/2017-02\/palestinamapa.jpg\" \/><\/a><\/p>\n<p style=\"text-align:justify\"><span style=\"background-color:rgb(255, 243, 219); color:rgb(41, 48, 59)\">\u00a0O pequeno territ\u00f3rio, que compreende partes de Israel, Jord\u00e2nia e Egito, tem\u00a0 uma superf\u00edcie aproximada de\u00a0 20 mil quil\u00f4metros quadrados, constitui um corredor natural entre \u00c1sia e \u00c1frica, muito disputado em todas as \u00e9pocas, mais por sua posi\u00e7\u00e3o estrat\u00e9gica que por suas escassas riquezas naturais. Considerada a &#39;Terra dos Profetas&#39;, tem uma hist\u00f3ria milenar repleta de disputas religiosas, pol\u00edticas e\u00a0 geogr\u00e1ficas.<\/span><\/p>\n<p style=\"text-align:justify\"><a class=\"fancybox-media\" href=\"..\/_uploads\/_noticia\/2017-02\/palestinacriancacombandeira.jpg\" rel=\"portfolio\"><img decoding=\"async\" alt=\"\" src=\"..\/_uploads\/_noticia\/2017-02\/palestinacriancacombandeira.jpg\" \/><\/a><\/p>\n<p style=\"text-align:justify\">Ishaq \u00a0fez quest\u00e3o de afirmar que \u201ca Palestina \u00e9 um pa\u00eds seguro porque o povo tem a mentalidade de respeitar e receber bem os turistas\u201d.<\/p>\n<p style=\"text-align:justify\"><strong>INSCREVA-SE<\/strong><\/p>\n<p style=\"text-align:justify\">A WTM Latin America, em seu quinto ano, dever\u00e1 atrair 9.000 executivos da ind\u00fastria de turismo da Am\u00e9rica Latina As inscri\u00e7\u00f5es, gratuitas j\u00e1 foram abertas, valendo em conjunto para a WTM e o 47\u00ba. Encontro Comercial Braztoa.<\/p>\n<p style=\"text-align:justify\">www.wtmcom.\u00a0http:\/\/latinamerica.wtm.com.<\/p>\n<p style=\"text-align:justify\">\u00a0<\/p>\n<p>\u00a0<\/p>\n<p>\u00a0<\/p>\n<p>\u00a0<\/p>\n<p>\u00a0<\/p>\n<p><\/span><\/p>\n","protected":false},"excerpt":{"rendered":"<p>Delega\u00e7\u00e3o do Minist\u00e9rio de Turismo e Antiguidades confirma participa\u00e7\u00e3o projetando aumento de visitantes latinos no<\/p>\n","protected":false},"author":1,"featured_media":0,"comment_status":"open","ping_status":"open","sticky":false,"template":"","format":"standard","meta":{"footnotes":""},"categories":[],"tags":[],"class_list":["post-2674","post","type-post","status-publish","format-standard","hentry"],"yoast_head":"<!-- This site is optimized with the Yoast SEO plugin v26.2 - https:\/\/yoast.com\/wordpress\/plugins\/seo\/ -->\n<title>PALESTINA FAR\u00c1 ESTR\u00c9IA NA WTMLA QUE J\u00c1 TEM INSCRI\u00c7\u00d5ES ABERTAS - Travel3<\/title>\n<meta name=\"description\" content=\"A TRAVEL3 \u00e9 um portal de conte\u00fado voltado para o turismo, encontre destinos, viagens, hospedagem, passagens, guias, not\u00edcias sobre o mercado do turismo, dicas de viagem, v\u00eddeos e podcast.\" \/>\n<meta name=\"robots\" content=\"index, follow, max-snippet:-1, max-image-preview:large, max-video-preview:-1\" \/>\n<link rel=\"canonical\" href=\"https:\/\/www.travel3.com.br\/site\/sem-categoria\/palestina-fara-estreia-na-wtmla-que-ja-tem-inscricoes-abertas\/\" \/>\n<meta property=\"og:locale\" content=\"pt_BR\" \/>\n<meta property=\"og:type\" content=\"article\" \/>\n<meta property=\"og:title\" content=\"PALESTINA FAR\u00c1 ESTR\u00c9IA NA WTMLA QUE J\u00c1 TEM INSCRI\u00c7\u00d5ES ABERTAS - Travel3\" \/>\n<meta property=\"og:description\" content=\"A TRAVEL3 \u00e9 um portal de conte\u00fado voltado para o turismo, encontre destinos, viagens, hospedagem, passagens, guias, not\u00edcias sobre o mercado do turismo, dicas de viagem, v\u00eddeos e podcast.\" \/>\n<meta property=\"og:url\" content=\"https:\/\/www.travel3.com.br\/site\/sem-categoria\/palestina-fara-estreia-na-wtmla-que-ja-tem-inscricoes-abertas\/\" \/>\n<meta property=\"og:site_name\" content=\"Travel3\" \/>\n<meta property=\"article:publisher\" content=\"https:\/\/www.facebook.com\/travel3media\/\" \/>\n<meta property=\"article:published_time\" content=\"2017-09-11T07:32:30+00:00\" \/>\n<meta name=\"author\" content=\"admin\" \/>\n<meta name=\"twitter:card\" content=\"summary_large_image\" \/>\n<meta name=\"twitter:label1\" content=\"Escrito por\" \/>\n\t<meta name=\"twitter:data1\" content=\"admin\" \/>\n\t<meta name=\"twitter:label2\" content=\"Est. tempo de leitura\" \/>\n\t<meta name=\"twitter:data2\" content=\"2 minutos\" \/>\n<script type=\"application\/ld+json\" class=\"yoast-schema-graph\">{\"@context\":\"https:\/\/schema.org\",\"@graph\":[{\"@type\":\"Article\",\"@id\":\"https:\/\/www.travel3.com.br\/site\/sem-categoria\/palestina-fara-estreia-na-wtmla-que-ja-tem-inscricoes-abertas\/#article\",\"isPartOf\":{\"@id\":\"https:\/\/www.travel3.com.br\/site\/sem-categoria\/palestina-fara-estreia-na-wtmla-que-ja-tem-inscricoes-abertas\/\"},\"author\":{\"name\":\"admin\",\"@id\":\"https:\/\/www.travel3.com.br\/site\/#\/schema\/person\/a69d71e41a024999b6ab82369ac0bd1e\"},\"headline\":\"PALESTINA FAR\u00c1 ESTR\u00c9IA NA WTMLA QUE J\u00c1 TEM INSCRI\u00c7\u00d5ES ABERTAS\",\"datePublished\":\"2017-09-11T07:32:30+00:00\",\"mainEntityOfPage\":{\"@id\":\"https:\/\/www.travel3.com.br\/site\/sem-categoria\/palestina-fara-estreia-na-wtmla-que-ja-tem-inscricoes-abertas\/\"},\"wordCount\":419,\"commentCount\":0,\"publisher\":{\"@id\":\"https:\/\/www.travel3.com.br\/site\/#organization\"},\"inLanguage\":\"pt-BR\",\"potentialAction\":[{\"@type\":\"CommentAction\",\"name\":\"Comment\",\"target\":[\"https:\/\/www.travel3.com.br\/site\/sem-categoria\/palestina-fara-estreia-na-wtmla-que-ja-tem-inscricoes-abertas\/#respond\"]}]},{\"@type\":\"WebPage\",\"@id\":\"https:\/\/www.travel3.com.br\/site\/sem-categoria\/palestina-fara-estreia-na-wtmla-que-ja-tem-inscricoes-abertas\/\",\"url\":\"https:\/\/www.travel3.com.br\/site\/sem-categoria\/palestina-fara-estreia-na-wtmla-que-ja-tem-inscricoes-abertas\/\",\"name\":\"PALESTINA FAR\u00c1 ESTR\u00c9IA NA WTMLA QUE J\u00c1 TEM INSCRI\u00c7\u00d5ES ABERTAS - Travel3\",\"isPartOf\":{\"@id\":\"https:\/\/www.travel3.com.br\/site\/#website\"},\"datePublished\":\"2017-09-11T07:32:30+00:00\",\"description\":\"A TRAVEL3 \u00e9 um portal de conte\u00fado voltado para o turismo, encontre destinos, viagens, hospedagem, passagens, guias, not\u00edcias sobre o mercado do turismo, dicas de viagem, v\u00eddeos e podcast.\",\"breadcrumb\":{\"@id\":\"https:\/\/www.travel3.com.br\/site\/sem-categoria\/palestina-fara-estreia-na-wtmla-que-ja-tem-inscricoes-abertas\/#breadcrumb\"},\"inLanguage\":\"pt-BR\",\"potentialAction\":[{\"@type\":\"ReadAction\",\"target\":[\"https:\/\/www.travel3.com.br\/site\/sem-categoria\/palestina-fara-estreia-na-wtmla-que-ja-tem-inscricoes-abertas\/\"]}]},{\"@type\":\"BreadcrumbList\",\"@id\":\"https:\/\/www.travel3.com.br\/site\/sem-categoria\/palestina-fara-estreia-na-wtmla-que-ja-tem-inscricoes-abertas\/#breadcrumb\",\"itemListElement\":[{\"@type\":\"ListItem\",\"position\":1,\"name\":\"In\u00edcio\",\"item\":\"https:\/\/www.travel3.com.br\/site\/\"},{\"@type\":\"ListItem\",\"position\":2,\"name\":\"PALESTINA FAR\u00c1 ESTR\u00c9IA NA WTMLA QUE J\u00c1 TEM INSCRI\u00c7\u00d5ES ABERTAS\"}]},{\"@type\":\"WebSite\",\"@id\":\"https:\/\/www.travel3.com.br\/site\/#website\",\"url\":\"https:\/\/www.travel3.com.br\/site\/\",\"name\":\"Travel3\",\"description\":\"Lazer + Neg&oacute;cios + Aventura\",\"publisher\":{\"@id\":\"https:\/\/www.travel3.com.br\/site\/#organization\"},\"potentialAction\":[{\"@type\":\"SearchAction\",\"target\":{\"@type\":\"EntryPoint\",\"urlTemplate\":\"https:\/\/www.travel3.com.br\/site\/?s={search_term_string}\"},\"query-input\":{\"@type\":\"PropertyValueSpecification\",\"valueRequired\":true,\"valueName\":\"search_term_string\"}}],\"inLanguage\":\"pt-BR\"},{\"@type\":\"Organization\",\"@id\":\"https:\/\/www.travel3.com.br\/site\/#organization\",\"name\":\"Travel3\",\"url\":\"https:\/\/www.travel3.com.br\/site\/\",\"logo\":{\"@type\":\"ImageObject\",\"inLanguage\":\"pt-BR\",\"@id\":\"https:\/\/www.travel3.com.br\/site\/#\/schema\/logo\/image\/\",\"url\":\"https:\/\/www.travel3.com.br\/site\/wp-content\/uploads\/2020\/01\/logo-travel3-2020.png\",\"contentUrl\":\"https:\/\/www.travel3.com.br\/site\/wp-content\/uploads\/2020\/01\/logo-travel3-2020.png\",\"width\":232,\"height\":79,\"caption\":\"Travel3\"},\"image\":{\"@id\":\"https:\/\/www.travel3.com.br\/site\/#\/schema\/logo\/image\/\"},\"sameAs\":[\"https:\/\/www.facebook.com\/travel3media\/\",\"https:\/\/www.instagram.com\/revistatravel3\/\",\"https:\/\/www.youtube.com\/channel\/UCno7J4paGBR3VbZQzvoJ9Eg\"]},{\"@type\":\"Person\",\"@id\":\"https:\/\/www.travel3.com.br\/site\/#\/schema\/person\/a69d71e41a024999b6ab82369ac0bd1e\",\"name\":\"admin\",\"image\":{\"@type\":\"ImageObject\",\"inLanguage\":\"pt-BR\",\"@id\":\"https:\/\/www.travel3.com.br\/site\/#\/schema\/person\/image\/\",\"url\":\"https:\/\/secure.gravatar.com\/avatar\/732a67adfd764da2a47ba10ce731c4c0?s=96&d=mm&r=g\",\"contentUrl\":\"https:\/\/secure.gravatar.com\/avatar\/732a67adfd764da2a47ba10ce731c4c0?s=96&d=mm&r=g\",\"caption\":\"admin\"},\"url\":\"https:\/\/www.travel3.com.br\/site\/author\/admin\/\"}]}<\/script>\n<!-- \/ Yoast SEO plugin. -->","yoast_head_json":{"title":"PALESTINA FAR\u00c1 ESTR\u00c9IA NA WTMLA QUE J\u00c1 TEM INSCRI\u00c7\u00d5ES ABERTAS - Travel3","description":"A TRAVEL3 \u00e9 um portal de conte\u00fado voltado para o turismo, encontre destinos, viagens, hospedagem, passagens, guias, not\u00edcias sobre o mercado do turismo, dicas de viagem, v\u00eddeos e podcast.","robots":{"index":"index","follow":"follow","max-snippet":"max-snippet:-1","max-image-preview":"max-image-preview:large","max-video-preview":"max-video-preview:-1"},"canonical":"https:\/\/www.travel3.com.br\/site\/sem-categoria\/palestina-fara-estreia-na-wtmla-que-ja-tem-inscricoes-abertas\/","og_locale":"pt_BR","og_type":"article","og_title":"PALESTINA FAR\u00c1 ESTR\u00c9IA NA WTMLA QUE J\u00c1 TEM INSCRI\u00c7\u00d5ES ABERTAS - Travel3","og_description":"A TRAVEL3 \u00e9 um portal de conte\u00fado voltado para o turismo, encontre destinos, viagens, hospedagem, passagens, guias, not\u00edcias sobre o mercado do turismo, dicas de viagem, v\u00eddeos e podcast.","og_url":"https:\/\/www.travel3.com.br\/site\/sem-categoria\/palestina-fara-estreia-na-wtmla-que-ja-tem-inscricoes-abertas\/","og_site_name":"Travel3","article_publisher":"https:\/\/www.facebook.com\/travel3media\/","article_published_time":"2017-09-11T07:32:30+00:00","author":"admin","twitter_card":"summary_large_image","twitter_misc":{"Escrito por":"admin","Est. tempo de leitura":"2 minutos"},"schema":{"@context":"https:\/\/schema.org","@graph":[{"@type":"Article","@id":"https:\/\/www.travel3.com.br\/site\/sem-categoria\/palestina-fara-estreia-na-wtmla-que-ja-tem-inscricoes-abertas\/#article","isPartOf":{"@id":"https:\/\/www.travel3.com.br\/site\/sem-categoria\/palestina-fara-estreia-na-wtmla-que-ja-tem-inscricoes-abertas\/"},"author":{"name":"admin","@id":"https:\/\/www.travel3.com.br\/site\/#\/schema\/person\/a69d71e41a024999b6ab82369ac0bd1e"},"headline":"PALESTINA FAR\u00c1 ESTR\u00c9IA NA WTMLA QUE J\u00c1 TEM INSCRI\u00c7\u00d5ES ABERTAS","datePublished":"2017-09-11T07:32:30+00:00","mainEntityOfPage":{"@id":"https:\/\/www.travel3.com.br\/site\/sem-categoria\/palestina-fara-estreia-na-wtmla-que-ja-tem-inscricoes-abertas\/"},"wordCount":419,"commentCount":0,"publisher":{"@id":"https:\/\/www.travel3.com.br\/site\/#organization"},"inLanguage":"pt-BR","potentialAction":[{"@type":"CommentAction","name":"Comment","target":["https:\/\/www.travel3.com.br\/site\/sem-categoria\/palestina-fara-estreia-na-wtmla-que-ja-tem-inscricoes-abertas\/#respond"]}]},{"@type":"WebPage","@id":"https:\/\/www.travel3.com.br\/site\/sem-categoria\/palestina-fara-estreia-na-wtmla-que-ja-tem-inscricoes-abertas\/","url":"https:\/\/www.travel3.com.br\/site\/sem-categoria\/palestina-fara-estreia-na-wtmla-que-ja-tem-inscricoes-abertas\/","name":"PALESTINA FAR\u00c1 ESTR\u00c9IA NA WTMLA QUE J\u00c1 TEM INSCRI\u00c7\u00d5ES ABERTAS - Travel3","isPartOf":{"@id":"https:\/\/www.travel3.com.br\/site\/#website"},"datePublished":"2017-09-11T07:32:30+00:00","description":"A TRAVEL3 \u00e9 um portal de conte\u00fado voltado para o turismo, encontre destinos, viagens, hospedagem, passagens, guias, not\u00edcias sobre o mercado do turismo, dicas de viagem, v\u00eddeos e podcast.","breadcrumb":{"@id":"https:\/\/www.travel3.com.br\/site\/sem-categoria\/palestina-fara-estreia-na-wtmla-que-ja-tem-inscricoes-abertas\/#breadcrumb"},"inLanguage":"pt-BR","potentialAction":[{"@type":"ReadAction","target":["https:\/\/www.travel3.com.br\/site\/sem-categoria\/palestina-fara-estreia-na-wtmla-que-ja-tem-inscricoes-abertas\/"]}]},{"@type":"BreadcrumbList","@id":"https:\/\/www.travel3.com.br\/site\/sem-categoria\/palestina-fara-estreia-na-wtmla-que-ja-tem-inscricoes-abertas\/#breadcrumb","itemListElement":[{"@type":"ListItem","position":1,"name":"In\u00edcio","item":"https:\/\/www.travel3.com.br\/site\/"},{"@type":"ListItem","position":2,"name":"PALESTINA FAR\u00c1 ESTR\u00c9IA NA WTMLA QUE J\u00c1 TEM INSCRI\u00c7\u00d5ES ABERTAS"}]},{"@type":"WebSite","@id":"https:\/\/www.travel3.com.br\/site\/#website","url":"https:\/\/www.travel3.com.br\/site\/","name":"Travel3","description":"Lazer + Neg&oacute;cios + Aventura","publisher":{"@id":"https:\/\/www.travel3.com.br\/site\/#organization"},"potentialAction":[{"@type":"SearchAction","target":{"@type":"EntryPoint","urlTemplate":"https:\/\/www.travel3.com.br\/site\/?s={search_term_string}"},"query-input":{"@type":"PropertyValueSpecification","valueRequired":true,"valueName":"search_term_string"}}],"inLanguage":"pt-BR"},{"@type":"Organization","@id":"https:\/\/www.travel3.com.br\/site\/#organization","name":"Travel3","url":"https:\/\/www.travel3.com.br\/site\/","logo":{"@type":"ImageObject","inLanguage":"pt-BR","@id":"https:\/\/www.travel3.com.br\/site\/#\/schema\/logo\/image\/","url":"https:\/\/www.travel3.com.br\/site\/wp-content\/uploads\/2020\/01\/logo-travel3-2020.png","contentUrl":"https:\/\/www.travel3.com.br\/site\/wp-content\/uploads\/2020\/01\/logo-travel3-2020.png","width":232,"height":79,"caption":"Travel3"},"image":{"@id":"https:\/\/www.travel3.com.br\/site\/#\/schema\/logo\/image\/"},"sameAs":["https:\/\/www.facebook.com\/travel3media\/","https:\/\/www.instagram.com\/revistatravel3\/","https:\/\/www.youtube.com\/channel\/UCno7J4paGBR3VbZQzvoJ9Eg"]},{"@type":"Person","@id":"https:\/\/www.travel3.com.br\/site\/#\/schema\/person\/a69d71e41a024999b6ab82369ac0bd1e","name":"admin","image":{"@type":"ImageObject","inLanguage":"pt-BR","@id":"https:\/\/www.travel3.com.br\/site\/#\/schema\/person\/image\/","url":"https:\/\/secure.gravatar.com\/avatar\/732a67adfd764da2a47ba10ce731c4c0?s=96&d=mm&r=g","contentUrl":"https:\/\/secure.gravatar.com\/avatar\/732a67adfd764da2a47ba10ce731c4c0?s=96&d=mm&r=g","caption":"admin"},"url":"https:\/\/www.travel3.com.br\/site\/author\/admin\/"}]}},"_links":{"self":[{"href":"https:\/\/www.travel3.com.br\/site\/wp-json\/wp\/v2\/posts\/2674","targetHints":{"allow":["GET"]}}],"collection":[{"href":"https:\/\/www.travel3.com.br\/site\/wp-json\/wp\/v2\/posts"}],"about":[{"href":"https:\/\/www.travel3.com.br\/site\/wp-json\/wp\/v2\/types\/post"}],"author":[{"embeddable":true,"href":"https:\/\/www.travel3.com.br\/site\/wp-json\/wp\/v2\/users\/1"}],"replies":[{"embeddable":true,"href":"https:\/\/www.travel3.com.br\/site\/wp-json\/wp\/v2\/comments?post=2674"}],"version-history":[{"count":0,"href":"https:\/\/www.travel3.com.br\/site\/wp-json\/wp\/v2\/posts\/2674\/revisions"}],"wp:attachment":[{"href":"https:\/\/www.travel3.com.br\/site\/wp-json\/wp\/v2\/media?parent=2674"}],"wp:term":[{"taxonomy":"category","embeddable":true,"href":"https:\/\/www.travel3.com.br\/site\/wp-json\/wp\/v2\/categories?post=2674"},{"taxonomy":"post_tag","embeddable":true,"href":"https:\/\/www.travel3.com.br\/site\/wp-json\/wp\/v2\/tags?post=2674"}],"curies":[{"name":"wp","href":"https:\/\/api.w.org\/{rel}","templated":true}]}}