{"id":2672,"date":"2017-09-09T15:42:16","date_gmt":"2017-09-09T15:42:16","guid":{"rendered":"http:\/\/www.travel3.com.br\/site\/ir-e-vir\/ar\/jantar-a-luz-das-estrelas-com-muita-sustentabilidade\/"},"modified":"2017-09-09T15:42:16","modified_gmt":"2017-09-09T15:42:16","slug":"jantar-a-luz-das-estrelas-com-muita-sustentabilidade","status":"publish","type":"post","link":"https:\/\/www.travel3.com.br\/site\/sem-categoria\/jantar-a-luz-das-estrelas-com-muita-sustentabilidade\/","title":{"rendered":"JANTAR \u00c1 LUZ DAS ESTRELAS COM MUITA SUSTENTABILIDADE"},"content":{"rendered":"<p><span style=\"color: #40acad; font-family: -apple-system, system-ui, 'Segoe UI', Roboto, Oxygen-Sans, Ubuntu, Cantarell, 'Helvetica Neue', sans-serif; font-size: 12px; font-weight: bold;\"><\/p>\n<p style=\"text-align:justify\"><strong>BENTO GON\u00c7ALVES (RS)<\/strong> \u2013 Uma noite muito especial que espera contar com a preciosa colabora\u00e7\u00e3o das condi\u00e7\u00f5es meteorol\u00f3gicas. O tradicional Jantar Sob as Estrelas, evento a c\u00e9u aberto promovido pelo Sindicato Empresarial da Gastronomia e Hotelaria (SEGH) \u00a0integrante da programa\u00e7\u00e3o do Bento em Vindima, \u00a0reunir\u00e1 \u00a0mais de 25 estabelecimentos ofertando card\u00e1pios \u00a0variados em parceria com vin\u00edcolas de Bento Gon\u00e7alves e regi\u00e3o.<\/p>\n<p style=\"text-align:justify\">At\u00e9 a meia noite, o p\u00fablico poder\u00e1 conferir interven\u00e7\u00f5es art\u00edsticas do grupo Vivandeiros da Alegria, apresenta\u00e7\u00f5es do projeto Girando Arte (\u201cOs Gaud\u00e9rios\u201d e \u201cCompanhia Sorriso com Arte\u201d), exposi\u00e7\u00e3o de lambretas, carros antigos,\u00a0 e mostra fotogr\u00e1fica \u201cRetratos do Invis\u00edvel Vis\u00edvel\u201d, de Wagner Meneguzzi. Os participantes poder\u00e3o, ainda, interagir nas visitas guiadas ao Museu do Imigrante, recepcionados pelo sax de Jeferson Trivelin. Caricaturista, massagista e espa\u00e7o\u00a0<em>kids<\/em>\u00a0tamb\u00e9m est\u00e3o entre as atra\u00e7\u00f5es do evento.<\/p>\n<p style=\"text-align:justify\">\u201cNosso objetivo \u00e9 dar visibilidade as casas e divulgar a cidade com um pouco mais do seu enorme potencial turistico. O evento proporciona ao p\u00fablico um\u00a0<em>tour<\/em>\u00a0de experi\u00eancias gastron\u00f4micas, de\u00a0<em>food truck<\/em>\u00a0a jantares harmonizados, aliado a atividades culturais. \u00c9 um momento de descontra\u00e7\u00e3o\u201d, enfatiza o presidente do Segh, Jo\u00e3o Antonio Leidens.\u00a0<\/p>\n<p style=\"text-align:justify\">O Jantar Sob as Estrelas \u00e9 promovido pelo SEGH \u2013 Sindicato Empresarial da Gastronomia e Hotelaria -, com o apoio da Prefeitura Municipal de Bento, por meio da Secretaria Municipal do Turismo, do Ibravin, da Federa\u00e7\u00e3o Brasileira de Hospedagem e Alimenta\u00e7\u00e3o (FBHA)\/Confedera\u00e7\u00e3o Nacional do Com\u00e9rcio de Bens, Servi\u00e7os e Turismo (CNC), do Senac, do Sesc, da Giordani Turismo, DWR e da ExpoBento. \u00a0\u00a0\u00a0\u00a0\u00a0<\/p>\n<p style=\"text-align:justify\">Neste ano, uma parceria entre a Secretaria Municipal de Meio Ambiente, o Instituto Brasileiro do Vinho (Ibravin) e a empresa multinacional Verallia, , possibilitar\u00e1 que as garrafas e embalagens de vidro utilizadas durante a noite sejam recolhidas separadamente e encaminhadas diretamente para a Associa\u00e7\u00e3o de Recicladores JSA, a qual faz a triagem do vidro e encaminha para a reciclagem. Uma contribui\u00e7\u00e3o para o meio ambiente.<\/p>\n<p style=\"text-align:justify\">No decorrer do evento, que promete animar toda a regi\u00e3o da rua Herny Dreher, ser\u00e3o disponibilizadas lixeiras para o recolhimento do res\u00edduo recicl\u00e1vel. Al\u00e9m disso, a parceria com a RN Freitas possibilitar\u00e1 que um caminh\u00e3o e garis auxiliem constantemente no recolhimento, ao mesmo tempo em que funcion\u00e1rios da SMMAM realizem um trabalho de educa\u00e7\u00e3o ambiental. \u201cEsta atividade somar\u00e1 com a\u00e7\u00f5es que j\u00e1 ocorrem no munic\u00edpio\u201d, \u00a0diz B\u00e1rbara Zanatta, secretaria do Meio Ambiente de Bento.<\/p>\n<p style=\"text-align:justify\"><a class=\"fancybox-media\" href=\"..\/_uploads\/_noticia\/2017-02\/dscn7303.jpg\" rel=\"portfolio\"><img decoding=\"async\" alt=\"\" src=\"..\/_uploads\/_noticia\/2017-02\/dscn7303.jpg\" \/><\/a> <strong>Na Rua del Vino, bem no centro da cidade, Bento comemora a marca do seu produto mais famoso<\/strong><\/p>\n<p style=\"text-align:justify\">Este evento tem especial aten\u00e7\u00e3o junto ao publico que est\u00e1 visitando a cidade dentro do portf\u00f3lio de atra\u00e7\u00f5es da Vindima 2017. Neste ano, a Fenavinho completa 50 anos, mas n\u00e3o ser\u00e1 realizada em seu formato tradicional por conting\u00eancias econ\u00f4micas. Tem sua promessa de retorno para 2019 (sempre \u00e9 nos anos impares, combinando com a Festa da Uva em Caxias do Sul, nos pares) e para marcar a comemora\u00e7\u00e3o, est\u00e3o sendo elaborados 50 eventos tem\u00e1ticos que ser\u00e3o distribuidos ao longo do ano. A programa\u00e7\u00e3o dever\u00e1 ser divulgada no inicio de mar\u00e7o.<\/p>\n<p style=\"text-align:justify\"><a class=\"fancybox-media\" href=\"..\/_uploads\/_noticia\/2017-02\/6banner-coobrand-april-travel3--2-.jpg\" rel=\"portfolio\"><img decoding=\"async\" alt=\"\" src=\"..\/_uploads\/_noticia\/2017-02\/6banner-coobrand-april-travel3--2-.jpg\" \/><\/a> <strong>A &#39;Cobertura Especial&#39; da Vindima 2017 tem o apoio do hotel Vinocap, Giordani Turismo e rede Laghetto<\/strong><\/p>\n<p style=\"text-align:justify\">\u00a0<\/p>\n<p style=\"text-align:justify\">\u00a0<\/p>\n<p>\u00a0<\/p>\n<p>\u00a0<\/p>\n<p><\/span><\/p>\n","protected":false},"excerpt":{"rendered":"<p>Atra\u00e7\u00e3o desta noite na programa\u00e7\u00e3o da Vindima 2017 \u00e9 a s\u00e9tima edi\u00e7\u00e3o do evento e atrai muitos turistas a Bento<\/p>\n","protected":false},"author":1,"featured_media":0,"comment_status":"open","ping_status":"open","sticky":false,"template":"","format":"standard","meta":{"footnotes":""},"categories":[],"tags":[],"class_list":["post-2672","post","type-post","status-publish","format-standard","hentry"],"yoast_head":"<!-- This site is optimized with the Yoast SEO plugin v26.2 - https:\/\/yoast.com\/wordpress\/plugins\/seo\/ -->\n<title>JANTAR \u00c1 LUZ DAS ESTRELAS COM MUITA SUSTENTABILIDADE - Travel3<\/title>\n<meta name=\"description\" content=\"A TRAVEL3 \u00e9 um portal de conte\u00fado voltado para o turismo, encontre destinos, viagens, hospedagem, passagens, guias, not\u00edcias sobre o mercado do turismo, dicas de viagem, v\u00eddeos e podcast.\" \/>\n<meta name=\"robots\" content=\"index, follow, max-snippet:-1, max-image-preview:large, max-video-preview:-1\" \/>\n<link rel=\"canonical\" href=\"https:\/\/www.travel3.com.br\/site\/sem-categoria\/jantar-a-luz-das-estrelas-com-muita-sustentabilidade\/\" \/>\n<meta property=\"og:locale\" content=\"pt_BR\" \/>\n<meta property=\"og:type\" content=\"article\" \/>\n<meta property=\"og:title\" content=\"JANTAR \u00c1 LUZ DAS ESTRELAS COM MUITA SUSTENTABILIDADE - Travel3\" \/>\n<meta property=\"og:description\" content=\"A TRAVEL3 \u00e9 um portal de conte\u00fado voltado para o turismo, encontre destinos, viagens, hospedagem, passagens, guias, not\u00edcias sobre o mercado do turismo, dicas de viagem, v\u00eddeos e podcast.\" \/>\n<meta property=\"og:url\" content=\"https:\/\/www.travel3.com.br\/site\/sem-categoria\/jantar-a-luz-das-estrelas-com-muita-sustentabilidade\/\" \/>\n<meta property=\"og:site_name\" content=\"Travel3\" \/>\n<meta property=\"article:publisher\" content=\"https:\/\/www.facebook.com\/travel3media\/\" \/>\n<meta property=\"article:published_time\" content=\"2017-09-09T15:42:16+00:00\" \/>\n<meta name=\"author\" content=\"admin\" \/>\n<meta name=\"twitter:card\" content=\"summary_large_image\" \/>\n<meta name=\"twitter:label1\" content=\"Escrito por\" \/>\n\t<meta name=\"twitter:data1\" content=\"admin\" \/>\n\t<meta name=\"twitter:label2\" content=\"Est. tempo de leitura\" \/>\n\t<meta name=\"twitter:data2\" content=\"3 minutos\" \/>\n<script type=\"application\/ld+json\" class=\"yoast-schema-graph\">{\"@context\":\"https:\/\/schema.org\",\"@graph\":[{\"@type\":\"Article\",\"@id\":\"https:\/\/www.travel3.com.br\/site\/sem-categoria\/jantar-a-luz-das-estrelas-com-muita-sustentabilidade\/#article\",\"isPartOf\":{\"@id\":\"https:\/\/www.travel3.com.br\/site\/sem-categoria\/jantar-a-luz-das-estrelas-com-muita-sustentabilidade\/\"},\"author\":{\"name\":\"admin\",\"@id\":\"https:\/\/www.travel3.com.br\/site\/#\/schema\/person\/a69d71e41a024999b6ab82369ac0bd1e\"},\"headline\":\"JANTAR \u00c1 LUZ DAS ESTRELAS COM MUITA SUSTENTABILIDADE\",\"datePublished\":\"2017-09-09T15:42:16+00:00\",\"mainEntityOfPage\":{\"@id\":\"https:\/\/www.travel3.com.br\/site\/sem-categoria\/jantar-a-luz-das-estrelas-com-muita-sustentabilidade\/\"},\"wordCount\":566,\"commentCount\":0,\"publisher\":{\"@id\":\"https:\/\/www.travel3.com.br\/site\/#organization\"},\"inLanguage\":\"pt-BR\",\"potentialAction\":[{\"@type\":\"CommentAction\",\"name\":\"Comment\",\"target\":[\"https:\/\/www.travel3.com.br\/site\/sem-categoria\/jantar-a-luz-das-estrelas-com-muita-sustentabilidade\/#respond\"]}]},{\"@type\":\"WebPage\",\"@id\":\"https:\/\/www.travel3.com.br\/site\/sem-categoria\/jantar-a-luz-das-estrelas-com-muita-sustentabilidade\/\",\"url\":\"https:\/\/www.travel3.com.br\/site\/sem-categoria\/jantar-a-luz-das-estrelas-com-muita-sustentabilidade\/\",\"name\":\"JANTAR \u00c1 LUZ DAS ESTRELAS COM MUITA SUSTENTABILIDADE - Travel3\",\"isPartOf\":{\"@id\":\"https:\/\/www.travel3.com.br\/site\/#website\"},\"datePublished\":\"2017-09-09T15:42:16+00:00\",\"description\":\"A TRAVEL3 \u00e9 um portal de conte\u00fado voltado para o turismo, encontre destinos, viagens, hospedagem, passagens, guias, not\u00edcias sobre o mercado do turismo, dicas de viagem, v\u00eddeos e podcast.\",\"breadcrumb\":{\"@id\":\"https:\/\/www.travel3.com.br\/site\/sem-categoria\/jantar-a-luz-das-estrelas-com-muita-sustentabilidade\/#breadcrumb\"},\"inLanguage\":\"pt-BR\",\"potentialAction\":[{\"@type\":\"ReadAction\",\"target\":[\"https:\/\/www.travel3.com.br\/site\/sem-categoria\/jantar-a-luz-das-estrelas-com-muita-sustentabilidade\/\"]}]},{\"@type\":\"BreadcrumbList\",\"@id\":\"https:\/\/www.travel3.com.br\/site\/sem-categoria\/jantar-a-luz-das-estrelas-com-muita-sustentabilidade\/#breadcrumb\",\"itemListElement\":[{\"@type\":\"ListItem\",\"position\":1,\"name\":\"In\u00edcio\",\"item\":\"https:\/\/www.travel3.com.br\/site\/\"},{\"@type\":\"ListItem\",\"position\":2,\"name\":\"JANTAR \u00c1 LUZ DAS ESTRELAS COM MUITA SUSTENTABILIDADE\"}]},{\"@type\":\"WebSite\",\"@id\":\"https:\/\/www.travel3.com.br\/site\/#website\",\"url\":\"https:\/\/www.travel3.com.br\/site\/\",\"name\":\"Travel3\",\"description\":\"Lazer + Neg&oacute;cios + Aventura\",\"publisher\":{\"@id\":\"https:\/\/www.travel3.com.br\/site\/#organization\"},\"potentialAction\":[{\"@type\":\"SearchAction\",\"target\":{\"@type\":\"EntryPoint\",\"urlTemplate\":\"https:\/\/www.travel3.com.br\/site\/?s={search_term_string}\"},\"query-input\":{\"@type\":\"PropertyValueSpecification\",\"valueRequired\":true,\"valueName\":\"search_term_string\"}}],\"inLanguage\":\"pt-BR\"},{\"@type\":\"Organization\",\"@id\":\"https:\/\/www.travel3.com.br\/site\/#organization\",\"name\":\"Travel3\",\"url\":\"https:\/\/www.travel3.com.br\/site\/\",\"logo\":{\"@type\":\"ImageObject\",\"inLanguage\":\"pt-BR\",\"@id\":\"https:\/\/www.travel3.com.br\/site\/#\/schema\/logo\/image\/\",\"url\":\"https:\/\/www.travel3.com.br\/site\/wp-content\/uploads\/2020\/01\/logo-travel3-2020.png\",\"contentUrl\":\"https:\/\/www.travel3.com.br\/site\/wp-content\/uploads\/2020\/01\/logo-travel3-2020.png\",\"width\":232,\"height\":79,\"caption\":\"Travel3\"},\"image\":{\"@id\":\"https:\/\/www.travel3.com.br\/site\/#\/schema\/logo\/image\/\"},\"sameAs\":[\"https:\/\/www.facebook.com\/travel3media\/\",\"https:\/\/www.instagram.com\/revistatravel3\/\",\"https:\/\/www.youtube.com\/channel\/UCno7J4paGBR3VbZQzvoJ9Eg\"]},{\"@type\":\"Person\",\"@id\":\"https:\/\/www.travel3.com.br\/site\/#\/schema\/person\/a69d71e41a024999b6ab82369ac0bd1e\",\"name\":\"admin\",\"image\":{\"@type\":\"ImageObject\",\"inLanguage\":\"pt-BR\",\"@id\":\"https:\/\/www.travel3.com.br\/site\/#\/schema\/person\/image\/\",\"url\":\"https:\/\/secure.gravatar.com\/avatar\/732a67adfd764da2a47ba10ce731c4c0?s=96&d=mm&r=g\",\"contentUrl\":\"https:\/\/secure.gravatar.com\/avatar\/732a67adfd764da2a47ba10ce731c4c0?s=96&d=mm&r=g\",\"caption\":\"admin\"},\"url\":\"https:\/\/www.travel3.com.br\/site\/author\/admin\/\"}]}<\/script>\n<!-- \/ Yoast SEO plugin. -->","yoast_head_json":{"title":"JANTAR \u00c1 LUZ DAS ESTRELAS COM MUITA SUSTENTABILIDADE - Travel3","description":"A TRAVEL3 \u00e9 um portal de conte\u00fado voltado para o turismo, encontre destinos, viagens, hospedagem, passagens, guias, not\u00edcias sobre o mercado do turismo, dicas de viagem, v\u00eddeos e podcast.","robots":{"index":"index","follow":"follow","max-snippet":"max-snippet:-1","max-image-preview":"max-image-preview:large","max-video-preview":"max-video-preview:-1"},"canonical":"https:\/\/www.travel3.com.br\/site\/sem-categoria\/jantar-a-luz-das-estrelas-com-muita-sustentabilidade\/","og_locale":"pt_BR","og_type":"article","og_title":"JANTAR \u00c1 LUZ DAS ESTRELAS COM MUITA SUSTENTABILIDADE - Travel3","og_description":"A TRAVEL3 \u00e9 um portal de conte\u00fado voltado para o turismo, encontre destinos, viagens, hospedagem, passagens, guias, not\u00edcias sobre o mercado do turismo, dicas de viagem, v\u00eddeos e podcast.","og_url":"https:\/\/www.travel3.com.br\/site\/sem-categoria\/jantar-a-luz-das-estrelas-com-muita-sustentabilidade\/","og_site_name":"Travel3","article_publisher":"https:\/\/www.facebook.com\/travel3media\/","article_published_time":"2017-09-09T15:42:16+00:00","author":"admin","twitter_card":"summary_large_image","twitter_misc":{"Escrito por":"admin","Est. tempo de leitura":"3 minutos"},"schema":{"@context":"https:\/\/schema.org","@graph":[{"@type":"Article","@id":"https:\/\/www.travel3.com.br\/site\/sem-categoria\/jantar-a-luz-das-estrelas-com-muita-sustentabilidade\/#article","isPartOf":{"@id":"https:\/\/www.travel3.com.br\/site\/sem-categoria\/jantar-a-luz-das-estrelas-com-muita-sustentabilidade\/"},"author":{"name":"admin","@id":"https:\/\/www.travel3.com.br\/site\/#\/schema\/person\/a69d71e41a024999b6ab82369ac0bd1e"},"headline":"JANTAR \u00c1 LUZ DAS ESTRELAS COM MUITA SUSTENTABILIDADE","datePublished":"2017-09-09T15:42:16+00:00","mainEntityOfPage":{"@id":"https:\/\/www.travel3.com.br\/site\/sem-categoria\/jantar-a-luz-das-estrelas-com-muita-sustentabilidade\/"},"wordCount":566,"commentCount":0,"publisher":{"@id":"https:\/\/www.travel3.com.br\/site\/#organization"},"inLanguage":"pt-BR","potentialAction":[{"@type":"CommentAction","name":"Comment","target":["https:\/\/www.travel3.com.br\/site\/sem-categoria\/jantar-a-luz-das-estrelas-com-muita-sustentabilidade\/#respond"]}]},{"@type":"WebPage","@id":"https:\/\/www.travel3.com.br\/site\/sem-categoria\/jantar-a-luz-das-estrelas-com-muita-sustentabilidade\/","url":"https:\/\/www.travel3.com.br\/site\/sem-categoria\/jantar-a-luz-das-estrelas-com-muita-sustentabilidade\/","name":"JANTAR \u00c1 LUZ DAS ESTRELAS COM MUITA SUSTENTABILIDADE - Travel3","isPartOf":{"@id":"https:\/\/www.travel3.com.br\/site\/#website"},"datePublished":"2017-09-09T15:42:16+00:00","description":"A TRAVEL3 \u00e9 um portal de conte\u00fado voltado para o turismo, encontre destinos, viagens, hospedagem, passagens, guias, not\u00edcias sobre o mercado do turismo, dicas de viagem, v\u00eddeos e podcast.","breadcrumb":{"@id":"https:\/\/www.travel3.com.br\/site\/sem-categoria\/jantar-a-luz-das-estrelas-com-muita-sustentabilidade\/#breadcrumb"},"inLanguage":"pt-BR","potentialAction":[{"@type":"ReadAction","target":["https:\/\/www.travel3.com.br\/site\/sem-categoria\/jantar-a-luz-das-estrelas-com-muita-sustentabilidade\/"]}]},{"@type":"BreadcrumbList","@id":"https:\/\/www.travel3.com.br\/site\/sem-categoria\/jantar-a-luz-das-estrelas-com-muita-sustentabilidade\/#breadcrumb","itemListElement":[{"@type":"ListItem","position":1,"name":"In\u00edcio","item":"https:\/\/www.travel3.com.br\/site\/"},{"@type":"ListItem","position":2,"name":"JANTAR \u00c1 LUZ DAS ESTRELAS COM MUITA SUSTENTABILIDADE"}]},{"@type":"WebSite","@id":"https:\/\/www.travel3.com.br\/site\/#website","url":"https:\/\/www.travel3.com.br\/site\/","name":"Travel3","description":"Lazer + Neg&oacute;cios + Aventura","publisher":{"@id":"https:\/\/www.travel3.com.br\/site\/#organization"},"potentialAction":[{"@type":"SearchAction","target":{"@type":"EntryPoint","urlTemplate":"https:\/\/www.travel3.com.br\/site\/?s={search_term_string}"},"query-input":{"@type":"PropertyValueSpecification","valueRequired":true,"valueName":"search_term_string"}}],"inLanguage":"pt-BR"},{"@type":"Organization","@id":"https:\/\/www.travel3.com.br\/site\/#organization","name":"Travel3","url":"https:\/\/www.travel3.com.br\/site\/","logo":{"@type":"ImageObject","inLanguage":"pt-BR","@id":"https:\/\/www.travel3.com.br\/site\/#\/schema\/logo\/image\/","url":"https:\/\/www.travel3.com.br\/site\/wp-content\/uploads\/2020\/01\/logo-travel3-2020.png","contentUrl":"https:\/\/www.travel3.com.br\/site\/wp-content\/uploads\/2020\/01\/logo-travel3-2020.png","width":232,"height":79,"caption":"Travel3"},"image":{"@id":"https:\/\/www.travel3.com.br\/site\/#\/schema\/logo\/image\/"},"sameAs":["https:\/\/www.facebook.com\/travel3media\/","https:\/\/www.instagram.com\/revistatravel3\/","https:\/\/www.youtube.com\/channel\/UCno7J4paGBR3VbZQzvoJ9Eg"]},{"@type":"Person","@id":"https:\/\/www.travel3.com.br\/site\/#\/schema\/person\/a69d71e41a024999b6ab82369ac0bd1e","name":"admin","image":{"@type":"ImageObject","inLanguage":"pt-BR","@id":"https:\/\/www.travel3.com.br\/site\/#\/schema\/person\/image\/","url":"https:\/\/secure.gravatar.com\/avatar\/732a67adfd764da2a47ba10ce731c4c0?s=96&d=mm&r=g","contentUrl":"https:\/\/secure.gravatar.com\/avatar\/732a67adfd764da2a47ba10ce731c4c0?s=96&d=mm&r=g","caption":"admin"},"url":"https:\/\/www.travel3.com.br\/site\/author\/admin\/"}]}},"_links":{"self":[{"href":"https:\/\/www.travel3.com.br\/site\/wp-json\/wp\/v2\/posts\/2672","targetHints":{"allow":["GET"]}}],"collection":[{"href":"https:\/\/www.travel3.com.br\/site\/wp-json\/wp\/v2\/posts"}],"about":[{"href":"https:\/\/www.travel3.com.br\/site\/wp-json\/wp\/v2\/types\/post"}],"author":[{"embeddable":true,"href":"https:\/\/www.travel3.com.br\/site\/wp-json\/wp\/v2\/users\/1"}],"replies":[{"embeddable":true,"href":"https:\/\/www.travel3.com.br\/site\/wp-json\/wp\/v2\/comments?post=2672"}],"version-history":[{"count":0,"href":"https:\/\/www.travel3.com.br\/site\/wp-json\/wp\/v2\/posts\/2672\/revisions"}],"wp:attachment":[{"href":"https:\/\/www.travel3.com.br\/site\/wp-json\/wp\/v2\/media?parent=2672"}],"wp:term":[{"taxonomy":"category","embeddable":true,"href":"https:\/\/www.travel3.com.br\/site\/wp-json\/wp\/v2\/categories?post=2672"},{"taxonomy":"post_tag","embeddable":true,"href":"https:\/\/www.travel3.com.br\/site\/wp-json\/wp\/v2\/tags?post=2672"}],"curies":[{"name":"wp","href":"https:\/\/api.w.org\/{rel}","templated":true}]}}