{"id":26694,"date":"2021-06-07T06:10:55","date_gmt":"2021-06-07T09:10:55","guid":{"rendered":"https:\/\/www.travel3.com.br\/?p=26694"},"modified":"2021-06-06T20:46:40","modified_gmt":"2021-06-06T23:46:40","slug":"galway","status":"publish","type":"post","link":"https:\/\/www.travel3.com.br\/site\/destaque\/galway\/","title":{"rendered":"Galway exibe o lado mais fotog\u00eanico da Irlanda"},"content":{"rendered":"\n<h3 class=\"wp-block-heading\" style=\"text-align:center\">Cidade \u00e9 perfeita para o brasileiro que quer fazer um interc\u00e2mbio ou curso no exterior<\/h3>\n\n\n\n<p class=\"has-drop-cap\">Galway pode ser descrita com adjetivos simples e naturais, exatamente como o seu tra\u00e7ado urbano. A cidade \u00e9 cortada pelo Rio Corrib, que serpenteia seu territ\u00f3rio. Ao longo de suas margens, casas de arquitetura t\u00edpica \u2013 1 ou 2 andares, telhados de 2 \u00e1guas \u2013 enfileiram-se de maneira org\u00e2nica. Pelo estilo das constru\u00e7\u00f5es \u00e9 f\u00e1cil perceber que elas est\u00e3o ali h\u00e1 s\u00e9culos. Distinguindo umas das outras h\u00e1 apenas o caiado das fachadas, de cores suaves, interrompido \u00e0s vezes por uma parede em forte tom de vermelho, azul ou marrom. As cores aquecem os moradores, acostumados com as baixas temperaturas e muita chuva, enquanto sonham com a primavera, que faz a cidade desabrochar com exuber\u00e2ncia. Este \u00e9 o retrato  simples e natural de Galway, cidade de 80.000 habitantes localizada na costa Oeste da Irlanda.<\/p>\n\n\n\n<div class=\"wp-block-image\"><figure class=\"aligncenter\"><img loading=\"lazy\" decoding=\"async\" width=\"1024\" height=\"679\" src=\"https:\/\/www.travel3.com.br\/site\/wp-content\/uploads\/2019\/09\/house-3175921_1920-1024x679.jpg\" alt=\"Galway\" class=\"wp-image-26697\" srcset=\"https:\/\/www.travel3.com.br\/site\/wp-content\/uploads\/2019\/09\/house-3175921_1920-1024x679.jpg 1024w, https:\/\/www.travel3.com.br\/site\/wp-content\/uploads\/2019\/09\/house-3175921_1920-300x199.jpg 300w, https:\/\/www.travel3.com.br\/site\/wp-content\/uploads\/2019\/09\/house-3175921_1920-768x510.jpg 768w, https:\/\/www.travel3.com.br\/site\/wp-content\/uploads\/2019\/09\/house-3175921_1920-750x498.jpg 750w, https:\/\/www.travel3.com.br\/site\/wp-content\/uploads\/2019\/09\/house-3175921_1920-1140x756.jpg 1140w, https:\/\/www.travel3.com.br\/site\/wp-content\/uploads\/2019\/09\/house-3175921_1920.jpg 1920w\" sizes=\"auto, (max-width: 1024px) 100vw, 1024px\" \/><figcaption>Em Galway, constru\u00e7\u00f5es de v\u00e1rios per\u00edodos e estilos variados seguem o curso do rio, criando um percurso que conta um pouco da hist\u00f3ria local (Foto: Divulga\u00e7\u00e3o)<\/figcaption><\/figure><\/div>\n\n\n\n<p>Mas n\u00e3o se engane; por tr\u00e1s de tanta simplicidade, bate um cora\u00e7\u00e3o cosmopolita.  Galway revela essa urbanidade na raiz do seu nome. Em irland\u00eas \u00e9 chamada de <em>Gaillimh<\/em>, que deriva da palavra, <em>gail<\/em>, cujo significado \u00e9 <em>estrangeiro<\/em>. <\/p>\n\n\n\n<div class=\"wp-block-image\"><figure class=\"aligncenter\"><img loading=\"lazy\" decoding=\"async\" width=\"1024\" height=\"768\" src=\"https:\/\/www.travel3.com.br\/site\/wp-content\/uploads\/2019\/09\/Galway40_A-1024x768.jpg\" alt=\"Galway\" class=\"wp-image-26686\" srcset=\"https:\/\/www.travel3.com.br\/site\/wp-content\/uploads\/2019\/09\/Galway40_A-1024x768.jpg 1024w, https:\/\/www.travel3.com.br\/site\/wp-content\/uploads\/2019\/09\/Galway40_A-300x225.jpg 300w, https:\/\/www.travel3.com.br\/site\/wp-content\/uploads\/2019\/09\/Galway40_A-768x576.jpg 768w, https:\/\/www.travel3.com.br\/site\/wp-content\/uploads\/2019\/09\/Galway40_A-750x563.jpg 750w, https:\/\/www.travel3.com.br\/site\/wp-content\/uploads\/2019\/09\/Galway40_A-1140x855.jpg 1140w, https:\/\/www.travel3.com.br\/site\/wp-content\/uploads\/2019\/09\/Galway40_A.jpg 1920w\" sizes=\"auto, (max-width: 1024px) 100vw, 1024px\" \/><figcaption>No Lado Oeste da cidade, o colorido das ruas, cheias de vida + pubs + restaurantes + com\u00e9rcio variado (Foto: Claudia Tonaco)<\/figcaption><\/figure><\/div>\n\n\n\n<h2 class=\"wp-block-heading\"><strong>Galway\ntem uma irresist\u00edvel qu\u00edmica urbana<\/strong><\/h2>\n\n\n\n<p>Distante 3 horas de carro de Dublin, capital do pa\u00eds, Galway mant\u00e9m a reputa\u00e7\u00e3o de ser hospitaleira com os turistas e calorosa com os estudantes internacionais. Quando voc\u00ea caminhar por Galway, sentir\u00e1 a jovialidade que emana pelas ruas. O Rio Corrib ajuda o visitante se orientar. A maior parte das lojas, do com\u00e9rcio e servi\u00e7o local concentra-se na Margem Leste. Enquanto isso, pubs, bares, restaurantes e casas noturnas est\u00e3o na Margem Oeste \u2013 o <em>West Side<\/em>, cuja fama atravessa os mares.<\/p>\n\n\n\n<div class=\"wp-block-image\"><figure class=\"aligncenter\"><img loading=\"lazy\" decoding=\"async\" width=\"1024\" height=\"768\" src=\"https:\/\/www.travel3.com.br\/site\/wp-content\/uploads\/2019\/09\/Galway87_A-1024x768.jpg\" alt=\"Galway\" class=\"wp-image-26689\" srcset=\"https:\/\/www.travel3.com.br\/site\/wp-content\/uploads\/2019\/09\/Galway87_A-1024x768.jpg 1024w, https:\/\/www.travel3.com.br\/site\/wp-content\/uploads\/2019\/09\/Galway87_A-300x225.jpg 300w, https:\/\/www.travel3.com.br\/site\/wp-content\/uploads\/2019\/09\/Galway87_A-768x576.jpg 768w, https:\/\/www.travel3.com.br\/site\/wp-content\/uploads\/2019\/09\/Galway87_A-750x563.jpg 750w, https:\/\/www.travel3.com.br\/site\/wp-content\/uploads\/2019\/09\/Galway87_A-1140x855.jpg 1140w, https:\/\/www.travel3.com.br\/site\/wp-content\/uploads\/2019\/09\/Galway87_A.jpg 1920w\" sizes=\"auto, (max-width: 1024px) 100vw, 1024px\" \/><figcaption>A primavera e o ver\u00e3o na cidade s\u00e3o sin\u00f4nimo de festivais e muita divers\u00e3o (Claudia Tonaco)<\/figcaption><\/figure><\/div>\n\n\n\n<p>A cidade \u00e9 palco para\nalguns dos mais famosos festivais musicais da Europa e este clima bo\u00eamio atrai artistas,\ndo mundo inteiro. Juventude combinada com criatividade, belas paisagens e gentileza\nurbana. Esta \u00e9 a irresist\u00edvel qu\u00edmica de Galway.<\/p>\n\n\n\n<h2 class=\"wp-block-heading\"><strong>Atra\u00e7\u00f5es locais incluem hist\u00f3ria, divers\u00e3o e\nnatureza<\/strong><\/h2>\n\n\n\n<p>Al\u00e9m das performances art\u00edsticas e musicais, Galway \u00e9 cheia de hist\u00f3ricas atra\u00e7\u00f5es. Em um simples passeio pelo centro antigo voc\u00ea tem muito o que descobrir.<\/p>\n\n\n\n<div class=\"wp-block-image\"><figure class=\"aligncenter\"><img loading=\"lazy\" decoding=\"async\" width=\"768\" height=\"1024\" src=\"https:\/\/www.travel3.com.br\/site\/wp-content\/uploads\/2019\/09\/Galway43Lynch-Castle_AA-768x1024.jpg\" alt=\"Galway\" class=\"wp-image-26687\" srcset=\"https:\/\/www.travel3.com.br\/site\/wp-content\/uploads\/2019\/09\/Galway43Lynch-Castle_AA-768x1024.jpg 768w, https:\/\/www.travel3.com.br\/site\/wp-content\/uploads\/2019\/09\/Galway43Lynch-Castle_AA-225x300.jpg 225w, https:\/\/www.travel3.com.br\/site\/wp-content\/uploads\/2019\/09\/Galway43Lynch-Castle_AA-750x1000.jpg 750w, https:\/\/www.travel3.com.br\/site\/wp-content\/uploads\/2019\/09\/Galway43Lynch-Castle_AA-1140x1520.jpg 1140w, https:\/\/www.travel3.com.br\/site\/wp-content\/uploads\/2019\/09\/Galway43Lynch-Castle_AA.jpg 1440w\" sizes=\"auto, (max-width: 768px) 100vw, 768px\" \/><figcaption>Castelo de Lynch\ufeff (Claudia Tonaco)<\/figcaption><\/figure><\/div>\n\n\n\n<h4 class=\"wp-block-heading\"><strong>Castelo de Lynch<\/strong><\/h4>\n\n\n\n<p>Um dos mais famosos e bem-acabados castelos da Irlanda, constru\u00eddo no s\u00e9culo 14, pela mais poderosa fam\u00edlia de Galway.<\/p>\n\n\n\n<div class=\"wp-block-image\"><figure class=\"aligncenter\"><img loading=\"lazy\" decoding=\"async\" width=\"1024\" height=\"768\" src=\"https:\/\/www.travel3.com.br\/site\/wp-content\/uploads\/2019\/09\/Galway33_A-1024x768.jpg\" alt=\"Galway\" class=\"wp-image-26688\" srcset=\"https:\/\/www.travel3.com.br\/site\/wp-content\/uploads\/2019\/09\/Galway33_A-1024x768.jpg 1024w, https:\/\/www.travel3.com.br\/site\/wp-content\/uploads\/2019\/09\/Galway33_A-300x225.jpg 300w, https:\/\/www.travel3.com.br\/site\/wp-content\/uploads\/2019\/09\/Galway33_A-768x576.jpg 768w, https:\/\/www.travel3.com.br\/site\/wp-content\/uploads\/2019\/09\/Galway33_A-750x563.jpg 750w, https:\/\/www.travel3.com.br\/site\/wp-content\/uploads\/2019\/09\/Galway33_A-1140x855.jpg 1140w, https:\/\/www.travel3.com.br\/site\/wp-content\/uploads\/2019\/09\/Galway33_A.jpg 1920w\" sizes=\"auto, (max-width: 1024px) 100vw, 1024px\" \/><figcaption>Os antigos muros de prote\u00e7\u00e3o fazem hoje parte da <em>decora\u00e7\u00e3o urbana<\/em> de Galway (Claudia Tonaco)<\/figcaption><\/figure><\/div>\n\n\n\n<h4 class=\"wp-block-heading\"><strong>Fortifica\u00e7\u00f5es medievais<\/strong><\/h4>\n\n\n\n<p>Ainda existem resqu\u00edcios da era medieval, quando Galway era circundada por muralhas de defesa.<\/p>\n\n\n\n<h4 class=\"wp-block-heading\"><em>Galway City Museum<\/em><\/h4>\n\n\n\n<p>O <a href=\"https:\/\/www.galwaycitymuseum.ie\"><em>Galway City Museum<\/em><\/a> exibe de artefatos e pe\u00e7as que fazem parte da heran\u00e7a hist\u00f3rica e cultural da cidade. Funcionamento: de ter\u00e7a a domingo, das 11h \u00e0s 13h e das 14 \u00e0s 17h. <\/p>\n\n\n\n<div class=\"wp-block-image\"><figure class=\"aligncenter\"><img loading=\"lazy\" decoding=\"async\" width=\"1024\" height=\"768\" src=\"https:\/\/www.travel3.com.br\/site\/wp-content\/uploads\/2019\/09\/Galway24_A-1024x768.jpg\" alt=\"Galway\" class=\"wp-image-26690\" srcset=\"https:\/\/www.travel3.com.br\/site\/wp-content\/uploads\/2019\/09\/Galway24_A-1024x768.jpg 1024w, https:\/\/www.travel3.com.br\/site\/wp-content\/uploads\/2019\/09\/Galway24_A-300x225.jpg 300w, https:\/\/www.travel3.com.br\/site\/wp-content\/uploads\/2019\/09\/Galway24_A-768x576.jpg 768w, https:\/\/www.travel3.com.br\/site\/wp-content\/uploads\/2019\/09\/Galway24_A-750x563.jpg 750w, https:\/\/www.travel3.com.br\/site\/wp-content\/uploads\/2019\/09\/Galway24_A-1140x855.jpg 1140w, https:\/\/www.travel3.com.br\/site\/wp-content\/uploads\/2019\/09\/Galway24_A.jpg 1920w\" sizes=\"auto, (max-width: 1024px) 100vw, 1024px\" \/><figcaption>Eyre Square (Claudia Tonaco)<\/figcaption><\/figure><\/div>\n\n\n\n<h4 class=\"wp-block-heading\"><strong><em>Eyre Square<\/em><\/strong><\/h4>\n\n\n\n<p>Esculturas, grande \u00e1rea verde e pr\u00e9dios vitorianos ao fundo, comp\u00f5em o cen\u00e1rio da pra\u00e7a mais charmosa de Galway.<\/p>\n\n\n\n<div class=\"wp-block-image\"><figure class=\"aligncenter\"><img loading=\"lazy\" decoding=\"async\" width=\"1024\" height=\"768\" src=\"https:\/\/www.travel3.com.br\/site\/wp-content\/uploads\/2019\/09\/Galway54_A-1024x768.jpg\" alt=\"Galway\" class=\"wp-image-26691\" srcset=\"https:\/\/www.travel3.com.br\/site\/wp-content\/uploads\/2019\/09\/Galway54_A-1024x768.jpg 1024w, https:\/\/www.travel3.com.br\/site\/wp-content\/uploads\/2019\/09\/Galway54_A-300x225.jpg 300w, https:\/\/www.travel3.com.br\/site\/wp-content\/uploads\/2019\/09\/Galway54_A-768x576.jpg 768w, https:\/\/www.travel3.com.br\/site\/wp-content\/uploads\/2019\/09\/Galway54_A-750x563.jpg 750w, https:\/\/www.travel3.com.br\/site\/wp-content\/uploads\/2019\/09\/Galway54_A-1140x855.jpg 1140w, https:\/\/www.travel3.com.br\/site\/wp-content\/uploads\/2019\/09\/Galway54_A.jpg 1920w\" sizes=\"auto, (max-width: 1024px) 100vw, 1024px\" \/><figcaption>O s\u00edmbolo de Galway (Claudia Tonaco)<\/figcaption><\/figure><\/div>\n\n\n\n<h4 class=\"wp-block-heading\"><strong>Os An\u00e9is de <em>Claddagh<\/em><\/strong><\/h4>\n\n\n\n<p>Origin\u00e1rio de <em>Claddagh<\/em>, antiga vila de pescadores, o s\u00edmbolo se transformou num \u00edcone de Galway. Ele \u00e9 oferecido, em forma de anel, para representar compromisso de amor ou amizade. O cora\u00e7\u00e3o, no centro, representa o afeto. As m\u00e3os que o protegem simbolizam a amizade. J\u00e1 a coroa, no alto \u00e9 a fidelidade. Dependendo do material, o pre\u00e7o dos an\u00e9is varia de \u20ac 10 a \u20ac 1.000. <\/p>\n\n\n\n<div class=\"wp-block-image\"><figure class=\"aligncenter\"><img loading=\"lazy\" decoding=\"async\" width=\"1024\" height=\"484\" src=\"https:\/\/www.travel3.com.br\/site\/wp-content\/uploads\/2019\/09\/cliff-of-moher-2371819_1920-1024x484.jpg\" alt=\"Galway\" class=\"wp-image-26692\" srcset=\"https:\/\/www.travel3.com.br\/site\/wp-content\/uploads\/2019\/09\/cliff-of-moher-2371819_1920-1024x484.jpg 1024w, https:\/\/www.travel3.com.br\/site\/wp-content\/uploads\/2019\/09\/cliff-of-moher-2371819_1920-300x142.jpg 300w, https:\/\/www.travel3.com.br\/site\/wp-content\/uploads\/2019\/09\/cliff-of-moher-2371819_1920-768x363.jpg 768w, https:\/\/www.travel3.com.br\/site\/wp-content\/uploads\/2019\/09\/cliff-of-moher-2371819_1920-750x355.jpg 750w, https:\/\/www.travel3.com.br\/site\/wp-content\/uploads\/2019\/09\/cliff-of-moher-2371819_1920-1140x539.jpg 1140w, https:\/\/www.travel3.com.br\/site\/wp-content\/uploads\/2019\/09\/cliff-of-moher-2371819_1920.jpg 1920w\" sizes=\"auto, (max-width: 1024px) 100vw, 1024px\" \/><figcaption>Cliff of Moher (Divulga\u00e7\u00e3o)<\/figcaption><\/figure><\/div>\n\n\n\n<h4 class=\"wp-block-heading\"><strong>Os<\/strong> <strong>Penhascos de Moher<\/strong><\/h4>\n\n\n\n<p>Os famosos Cliffs of Moher s\u00e3o um dos \u00edcones naturais da Irlanda e um cart\u00e3o postal do pa\u00eds. Pr\u00f3ximos a Galway, esses despenhadeiros de rocha pura, despencam verticalmente de uma altura de 203 m sobre o mar, oferecendo ao visitante um cen\u00e1rio \u00fanico.<\/p>\n\n\n\n<h2 class=\"wp-block-heading\"><strong>Galway \u00e9 uma cidade sob medida para estudantes<\/strong><\/h2>\n\n\n\n<p>A atmosfera efervescente,\ncombinada com a boa acolhida aos estrangeiros, fez de Galway um tradicional reduto\nde estudantes. Ela \u00e9 perfeita para receber estudantes brasileiros interessados\nem fazer um interc\u00e2mbio ou curso no exterior.<\/p>\n\n\n\n<p>A facilidade em arrumar um bom emprego tamb\u00e9m \u00e9 um diferencial. Principalmente no ver\u00e3o Galway fica cheia de turistas e a oferta de empregos cresce vertiginosamente. A cidade oferece muitas atra\u00e7\u00f5es noturnas e os festivais culturais s\u00e3o a grande atra\u00e7\u00e3o a partir da primavera. Nada mal para quem quer estudar, trabalhar, conhecer uma nova cultura e se socializar com o mundo.<\/p>\n","protected":false},"excerpt":{"rendered":"<p>Cidade \u00e9 perfeita para o brasileiro que quer fazer um interc\u00e2mbio ou curso no exterior Galway pode ser descrita com adjetivos simples e naturais, exatamente como o seu tra\u00e7ado urbano. A cidade \u00e9 cortada pelo Rio Corrib, que serpenteia seu territ\u00f3rio. Ao longo de suas margens, casas de arquitetura t\u00edpica \u2013 1 ou 2 andares, [&hellip;]<\/p>\n","protected":false},"author":4,"featured_media":26693,"comment_status":"open","ping_status":"open","sticky":false,"template":"","format":"standard","meta":{"footnotes":""},"categories":[226,10,170],"tags":[239,3659,2347],"class_list":["post-26694","post","type-post","status-publish","format-standard","has-post-thumbnail","hentry","category-destaque","category-destinos","category-europa","tag-europa","tag-galway","tag-irlanda"],"yoast_head":"<!-- This site is optimized with the Yoast SEO plugin v26.2 - https:\/\/yoast.com\/wordpress\/plugins\/seo\/ -->\n<title>Galway exibe o lado mais fotog\u00eanico da Irlanda - Travel3<\/title>\n<meta name=\"description\" content=\"Galway exibe o lado mais fotog\u00eanico da Irlanda; Cidade \u00e9 perfeita para o brasileiro que quer fazer um interc\u00e2mbio ou curso no exterior\" \/>\n<meta name=\"robots\" content=\"index, follow, max-snippet:-1, max-image-preview:large, max-video-preview:-1\" \/>\n<link rel=\"canonical\" href=\"https:\/\/www.travel3.com.br\/site\/destaque\/galway\/\" \/>\n<meta property=\"og:locale\" content=\"pt_BR\" \/>\n<meta property=\"og:type\" content=\"article\" \/>\n<meta property=\"og:title\" content=\"Galway exibe o lado mais fotog\u00eanico da Irlanda - Travel3\" \/>\n<meta property=\"og:description\" content=\"Galway exibe o lado mais fotog\u00eanico da Irlanda; Cidade \u00e9 perfeita para o brasileiro que quer fazer um interc\u00e2mbio ou curso no exterior\" \/>\n<meta property=\"og:url\" content=\"https:\/\/www.travel3.com.br\/site\/destaque\/galway\/\" \/>\n<meta property=\"og:site_name\" content=\"Travel3\" \/>\n<meta property=\"article:publisher\" content=\"https:\/\/www.facebook.com\/travel3media\/\" \/>\n<meta property=\"article:published_time\" content=\"2021-06-07T09:10:55+00:00\" \/>\n<meta property=\"og:image\" content=\"https:\/\/www.travel3.com.br\/site\/wp-content\/uploads\/2019\/09\/Galway107_A.jpg\" \/>\n\t<meta property=\"og:image:width\" content=\"1920\" \/>\n\t<meta property=\"og:image:height\" content=\"1440\" \/>\n\t<meta property=\"og:image:type\" content=\"image\/jpeg\" \/>\n<meta name=\"author\" content=\"Claudia Tonaco\" \/>\n<meta name=\"twitter:card\" content=\"summary_large_image\" \/>\n<meta name=\"twitter:label1\" content=\"Escrito por\" \/>\n\t<meta name=\"twitter:data1\" content=\"Claudia Tonaco\" \/>\n\t<meta name=\"twitter:label2\" content=\"Est. tempo de leitura\" \/>\n\t<meta name=\"twitter:data2\" content=\"4 minutos\" \/>\n<script type=\"application\/ld+json\" class=\"yoast-schema-graph\">{\"@context\":\"https:\/\/schema.org\",\"@graph\":[{\"@type\":\"Article\",\"@id\":\"https:\/\/www.travel3.com.br\/site\/destaque\/galway\/#article\",\"isPartOf\":{\"@id\":\"https:\/\/www.travel3.com.br\/site\/destaque\/galway\/\"},\"author\":{\"name\":\"Claudia Tonaco\",\"@id\":\"https:\/\/www.travel3.com.br\/site\/#\/schema\/person\/ad24a6ccba88dcd54877f3d2fb76c605\"},\"headline\":\"Galway exibe o lado mais fotog\u00eanico da Irlanda\",\"datePublished\":\"2021-06-07T09:10:55+00:00\",\"mainEntityOfPage\":{\"@id\":\"https:\/\/www.travel3.com.br\/site\/destaque\/galway\/\"},\"wordCount\":808,\"commentCount\":0,\"publisher\":{\"@id\":\"https:\/\/www.travel3.com.br\/site\/#organization\"},\"image\":{\"@id\":\"https:\/\/www.travel3.com.br\/site\/destaque\/galway\/#primaryimage\"},\"thumbnailUrl\":\"https:\/\/www.travel3.com.br\/site\/wp-content\/uploads\/2019\/09\/Galway107_A.jpg\",\"keywords\":[\"Europa\",\"Galway\",\"irlanda\"],\"articleSection\":[\"Destaque\",\"Destinos\",\"Europa\"],\"inLanguage\":\"pt-BR\",\"potentialAction\":[{\"@type\":\"CommentAction\",\"name\":\"Comment\",\"target\":[\"https:\/\/www.travel3.com.br\/site\/destaque\/galway\/#respond\"]}]},{\"@type\":\"WebPage\",\"@id\":\"https:\/\/www.travel3.com.br\/site\/destaque\/galway\/\",\"url\":\"https:\/\/www.travel3.com.br\/site\/destaque\/galway\/\",\"name\":\"Galway exibe o lado mais fotog\u00eanico da Irlanda - Travel3\",\"isPartOf\":{\"@id\":\"https:\/\/www.travel3.com.br\/site\/#website\"},\"primaryImageOfPage\":{\"@id\":\"https:\/\/www.travel3.com.br\/site\/destaque\/galway\/#primaryimage\"},\"image\":{\"@id\":\"https:\/\/www.travel3.com.br\/site\/destaque\/galway\/#primaryimage\"},\"thumbnailUrl\":\"https:\/\/www.travel3.com.br\/site\/wp-content\/uploads\/2019\/09\/Galway107_A.jpg\",\"datePublished\":\"2021-06-07T09:10:55+00:00\",\"description\":\"Galway exibe o lado mais fotog\u00eanico da Irlanda; Cidade \u00e9 perfeita para o brasileiro que quer fazer um interc\u00e2mbio ou curso no exterior\",\"breadcrumb\":{\"@id\":\"https:\/\/www.travel3.com.br\/site\/destaque\/galway\/#breadcrumb\"},\"inLanguage\":\"pt-BR\",\"potentialAction\":[{\"@type\":\"ReadAction\",\"target\":[\"https:\/\/www.travel3.com.br\/site\/destaque\/galway\/\"]}]},{\"@type\":\"ImageObject\",\"inLanguage\":\"pt-BR\",\"@id\":\"https:\/\/www.travel3.com.br\/site\/destaque\/galway\/#primaryimage\",\"url\":\"https:\/\/www.travel3.com.br\/site\/wp-content\/uploads\/2019\/09\/Galway107_A.jpg\",\"contentUrl\":\"https:\/\/www.travel3.com.br\/site\/wp-content\/uploads\/2019\/09\/Galway107_A.jpg\",\"width\":1920,\"height\":1440,\"caption\":\"O belo cen\u00e1rio de Galway, na Costa Oeste da Irlanda (Foto: Claudia Tonaco)\"},{\"@type\":\"BreadcrumbList\",\"@id\":\"https:\/\/www.travel3.com.br\/site\/destaque\/galway\/#breadcrumb\",\"itemListElement\":[{\"@type\":\"ListItem\",\"position\":1,\"name\":\"In\u00edcio\",\"item\":\"https:\/\/www.travel3.com.br\/site\/\"},{\"@type\":\"ListItem\",\"position\":2,\"name\":\"Galway exibe o lado mais fotog\u00eanico da Irlanda\"}]},{\"@type\":\"WebSite\",\"@id\":\"https:\/\/www.travel3.com.br\/site\/#website\",\"url\":\"https:\/\/www.travel3.com.br\/site\/\",\"name\":\"Travel3\",\"description\":\"Lazer + Neg&oacute;cios + Aventura\",\"publisher\":{\"@id\":\"https:\/\/www.travel3.com.br\/site\/#organization\"},\"potentialAction\":[{\"@type\":\"SearchAction\",\"target\":{\"@type\":\"EntryPoint\",\"urlTemplate\":\"https:\/\/www.travel3.com.br\/site\/?s={search_term_string}\"},\"query-input\":{\"@type\":\"PropertyValueSpecification\",\"valueRequired\":true,\"valueName\":\"search_term_string\"}}],\"inLanguage\":\"pt-BR\"},{\"@type\":\"Organization\",\"@id\":\"https:\/\/www.travel3.com.br\/site\/#organization\",\"name\":\"Travel3\",\"url\":\"https:\/\/www.travel3.com.br\/site\/\",\"logo\":{\"@type\":\"ImageObject\",\"inLanguage\":\"pt-BR\",\"@id\":\"https:\/\/www.travel3.com.br\/site\/#\/schema\/logo\/image\/\",\"url\":\"https:\/\/www.travel3.com.br\/site\/wp-content\/uploads\/2020\/01\/logo-travel3-2020.png\",\"contentUrl\":\"https:\/\/www.travel3.com.br\/site\/wp-content\/uploads\/2020\/01\/logo-travel3-2020.png\",\"width\":232,\"height\":79,\"caption\":\"Travel3\"},\"image\":{\"@id\":\"https:\/\/www.travel3.com.br\/site\/#\/schema\/logo\/image\/\"},\"sameAs\":[\"https:\/\/www.facebook.com\/travel3media\/\",\"https:\/\/www.instagram.com\/revistatravel3\/\",\"https:\/\/www.youtube.com\/channel\/UCno7J4paGBR3VbZQzvoJ9Eg\"]},{\"@type\":\"Person\",\"@id\":\"https:\/\/www.travel3.com.br\/site\/#\/schema\/person\/ad24a6ccba88dcd54877f3d2fb76c605\",\"name\":\"Claudia Tonaco\",\"image\":{\"@type\":\"ImageObject\",\"inLanguage\":\"pt-BR\",\"@id\":\"https:\/\/www.travel3.com.br\/site\/#\/schema\/person\/image\/\",\"url\":\"https:\/\/secure.gravatar.com\/avatar\/7c64bb31135bb8c28f49658a042f8b8a?s=96&d=mm&r=g\",\"contentUrl\":\"https:\/\/secure.gravatar.com\/avatar\/7c64bb31135bb8c28f49658a042f8b8a?s=96&d=mm&r=g\",\"caption\":\"Claudia Tonaco\"},\"sameAs\":[\"http:\/\/www.travel3.com.br\"],\"url\":\"https:\/\/www.travel3.com.br\/site\/author\/tonaco\/\"}]}<\/script>\n<!-- \/ Yoast SEO plugin. -->","yoast_head_json":{"title":"Galway exibe o lado mais fotog\u00eanico da Irlanda - Travel3","description":"Galway exibe o lado mais fotog\u00eanico da Irlanda; Cidade \u00e9 perfeita para o brasileiro que quer fazer um interc\u00e2mbio ou curso no exterior","robots":{"index":"index","follow":"follow","max-snippet":"max-snippet:-1","max-image-preview":"max-image-preview:large","max-video-preview":"max-video-preview:-1"},"canonical":"https:\/\/www.travel3.com.br\/site\/destaque\/galway\/","og_locale":"pt_BR","og_type":"article","og_title":"Galway exibe o lado mais fotog\u00eanico da Irlanda - Travel3","og_description":"Galway exibe o lado mais fotog\u00eanico da Irlanda; Cidade \u00e9 perfeita para o brasileiro que quer fazer um interc\u00e2mbio ou curso no exterior","og_url":"https:\/\/www.travel3.com.br\/site\/destaque\/galway\/","og_site_name":"Travel3","article_publisher":"https:\/\/www.facebook.com\/travel3media\/","article_published_time":"2021-06-07T09:10:55+00:00","og_image":[{"width":1920,"height":1440,"url":"https:\/\/www.travel3.com.br\/site\/wp-content\/uploads\/2019\/09\/Galway107_A.jpg","type":"image\/jpeg"}],"author":"Claudia Tonaco","twitter_card":"summary_large_image","twitter_misc":{"Escrito por":"Claudia Tonaco","Est. tempo de leitura":"4 minutos"},"schema":{"@context":"https:\/\/schema.org","@graph":[{"@type":"Article","@id":"https:\/\/www.travel3.com.br\/site\/destaque\/galway\/#article","isPartOf":{"@id":"https:\/\/www.travel3.com.br\/site\/destaque\/galway\/"},"author":{"name":"Claudia Tonaco","@id":"https:\/\/www.travel3.com.br\/site\/#\/schema\/person\/ad24a6ccba88dcd54877f3d2fb76c605"},"headline":"Galway exibe o lado mais fotog\u00eanico da Irlanda","datePublished":"2021-06-07T09:10:55+00:00","mainEntityOfPage":{"@id":"https:\/\/www.travel3.com.br\/site\/destaque\/galway\/"},"wordCount":808,"commentCount":0,"publisher":{"@id":"https:\/\/www.travel3.com.br\/site\/#organization"},"image":{"@id":"https:\/\/www.travel3.com.br\/site\/destaque\/galway\/#primaryimage"},"thumbnailUrl":"https:\/\/www.travel3.com.br\/site\/wp-content\/uploads\/2019\/09\/Galway107_A.jpg","keywords":["Europa","Galway","irlanda"],"articleSection":["Destaque","Destinos","Europa"],"inLanguage":"pt-BR","potentialAction":[{"@type":"CommentAction","name":"Comment","target":["https:\/\/www.travel3.com.br\/site\/destaque\/galway\/#respond"]}]},{"@type":"WebPage","@id":"https:\/\/www.travel3.com.br\/site\/destaque\/galway\/","url":"https:\/\/www.travel3.com.br\/site\/destaque\/galway\/","name":"Galway exibe o lado mais fotog\u00eanico da Irlanda - Travel3","isPartOf":{"@id":"https:\/\/www.travel3.com.br\/site\/#website"},"primaryImageOfPage":{"@id":"https:\/\/www.travel3.com.br\/site\/destaque\/galway\/#primaryimage"},"image":{"@id":"https:\/\/www.travel3.com.br\/site\/destaque\/galway\/#primaryimage"},"thumbnailUrl":"https:\/\/www.travel3.com.br\/site\/wp-content\/uploads\/2019\/09\/Galway107_A.jpg","datePublished":"2021-06-07T09:10:55+00:00","description":"Galway exibe o lado mais fotog\u00eanico da Irlanda; Cidade \u00e9 perfeita para o brasileiro que quer fazer um interc\u00e2mbio ou curso no exterior","breadcrumb":{"@id":"https:\/\/www.travel3.com.br\/site\/destaque\/galway\/#breadcrumb"},"inLanguage":"pt-BR","potentialAction":[{"@type":"ReadAction","target":["https:\/\/www.travel3.com.br\/site\/destaque\/galway\/"]}]},{"@type":"ImageObject","inLanguage":"pt-BR","@id":"https:\/\/www.travel3.com.br\/site\/destaque\/galway\/#primaryimage","url":"https:\/\/www.travel3.com.br\/site\/wp-content\/uploads\/2019\/09\/Galway107_A.jpg","contentUrl":"https:\/\/www.travel3.com.br\/site\/wp-content\/uploads\/2019\/09\/Galway107_A.jpg","width":1920,"height":1440,"caption":"O belo cen\u00e1rio de Galway, na Costa Oeste da Irlanda (Foto: Claudia Tonaco)"},{"@type":"BreadcrumbList","@id":"https:\/\/www.travel3.com.br\/site\/destaque\/galway\/#breadcrumb","itemListElement":[{"@type":"ListItem","position":1,"name":"In\u00edcio","item":"https:\/\/www.travel3.com.br\/site\/"},{"@type":"ListItem","position":2,"name":"Galway exibe o lado mais fotog\u00eanico da Irlanda"}]},{"@type":"WebSite","@id":"https:\/\/www.travel3.com.br\/site\/#website","url":"https:\/\/www.travel3.com.br\/site\/","name":"Travel3","description":"Lazer + Neg&oacute;cios + Aventura","publisher":{"@id":"https:\/\/www.travel3.com.br\/site\/#organization"},"potentialAction":[{"@type":"SearchAction","target":{"@type":"EntryPoint","urlTemplate":"https:\/\/www.travel3.com.br\/site\/?s={search_term_string}"},"query-input":{"@type":"PropertyValueSpecification","valueRequired":true,"valueName":"search_term_string"}}],"inLanguage":"pt-BR"},{"@type":"Organization","@id":"https:\/\/www.travel3.com.br\/site\/#organization","name":"Travel3","url":"https:\/\/www.travel3.com.br\/site\/","logo":{"@type":"ImageObject","inLanguage":"pt-BR","@id":"https:\/\/www.travel3.com.br\/site\/#\/schema\/logo\/image\/","url":"https:\/\/www.travel3.com.br\/site\/wp-content\/uploads\/2020\/01\/logo-travel3-2020.png","contentUrl":"https:\/\/www.travel3.com.br\/site\/wp-content\/uploads\/2020\/01\/logo-travel3-2020.png","width":232,"height":79,"caption":"Travel3"},"image":{"@id":"https:\/\/www.travel3.com.br\/site\/#\/schema\/logo\/image\/"},"sameAs":["https:\/\/www.facebook.com\/travel3media\/","https:\/\/www.instagram.com\/revistatravel3\/","https:\/\/www.youtube.com\/channel\/UCno7J4paGBR3VbZQzvoJ9Eg"]},{"@type":"Person","@id":"https:\/\/www.travel3.com.br\/site\/#\/schema\/person\/ad24a6ccba88dcd54877f3d2fb76c605","name":"Claudia Tonaco","image":{"@type":"ImageObject","inLanguage":"pt-BR","@id":"https:\/\/www.travel3.com.br\/site\/#\/schema\/person\/image\/","url":"https:\/\/secure.gravatar.com\/avatar\/7c64bb31135bb8c28f49658a042f8b8a?s=96&d=mm&r=g","contentUrl":"https:\/\/secure.gravatar.com\/avatar\/7c64bb31135bb8c28f49658a042f8b8a?s=96&d=mm&r=g","caption":"Claudia Tonaco"},"sameAs":["http:\/\/www.travel3.com.br"],"url":"https:\/\/www.travel3.com.br\/site\/author\/tonaco\/"}]}},"_links":{"self":[{"href":"https:\/\/www.travel3.com.br\/site\/wp-json\/wp\/v2\/posts\/26694","targetHints":{"allow":["GET"]}}],"collection":[{"href":"https:\/\/www.travel3.com.br\/site\/wp-json\/wp\/v2\/posts"}],"about":[{"href":"https:\/\/www.travel3.com.br\/site\/wp-json\/wp\/v2\/types\/post"}],"author":[{"embeddable":true,"href":"https:\/\/www.travel3.com.br\/site\/wp-json\/wp\/v2\/users\/4"}],"replies":[{"embeddable":true,"href":"https:\/\/www.travel3.com.br\/site\/wp-json\/wp\/v2\/comments?post=26694"}],"version-history":[{"count":12,"href":"https:\/\/www.travel3.com.br\/site\/wp-json\/wp\/v2\/posts\/26694\/revisions"}],"predecessor-version":[{"id":41196,"href":"https:\/\/www.travel3.com.br\/site\/wp-json\/wp\/v2\/posts\/26694\/revisions\/41196"}],"wp:featuredmedia":[{"embeddable":true,"href":"https:\/\/www.travel3.com.br\/site\/wp-json\/wp\/v2\/media\/26693"}],"wp:attachment":[{"href":"https:\/\/www.travel3.com.br\/site\/wp-json\/wp\/v2\/media?parent=26694"}],"wp:term":[{"taxonomy":"category","embeddable":true,"href":"https:\/\/www.travel3.com.br\/site\/wp-json\/wp\/v2\/categories?post=26694"},{"taxonomy":"post_tag","embeddable":true,"href":"https:\/\/www.travel3.com.br\/site\/wp-json\/wp\/v2\/tags?post=26694"}],"curies":[{"name":"wp","href":"https:\/\/api.w.org\/{rel}","templated":true}]}}