{"id":2656,"date":"2017-09-11T06:55:01","date_gmt":"2017-09-11T06:55:01","guid":{"rendered":"http:\/\/www.travel3.com.br\/site\/ir-e-vir\/ar\/assegurada-a-9a-edicao-da-fimtur-business-bento-para-o-2o-semestre\/"},"modified":"2017-09-11T06:55:01","modified_gmt":"2017-09-11T06:55:01","slug":"assegurada-a-9a-edicao-da-fimtur-business-bento-para-o-2o-semestre","status":"publish","type":"post","link":"https:\/\/www.travel3.com.br\/site\/sem-categoria\/assegurada-a-9a-edicao-da-fimtur-business-bento-para-o-2o-semestre\/","title":{"rendered":"ASSEGURADA A 9a EDI\u00c7\u00c3O DA FIMTUR BUSINESS BENTO PARA O 2o SEMESTRE"},"content":{"rendered":"<p><span style=\"color: #40acad; font-family: -apple-system, system-ui, 'Segoe UI', Roboto, Oxygen-Sans, Ubuntu, Cantarell, 'Helvetica Neue', sans-serif; font-size: 12px; font-weight: bold;\"><\/p>\n<p style=\"text-align:justify\"><strong>BENTO GON\u00c7ALVES (RS) <\/strong>\u2013 Primeiro a chegar e ultimo a deixar a cidade ap\u00f3s completados todos os detalhes da 8\u00aa Fimtur Business, \u00c1lvaro Paes viajou com a certeza da \u2018miss\u00e3o cumprida\u2019 e plenamente satisfeito com a realiza\u00e7\u00e3o do evento que teve detalhes significativos durante esta \u00e9poca especial de celebra\u00e7\u00e3o da Vindima.<\/p>\n<p style=\"text-align:justify\">\u2018Foi um bom retorno com o alto interesse dos agentes manifestado de diferentes modos, inclusive com alguns neg\u00f3cios j\u00e1 iniciados com os servi\u00e7os e hotelaria. Como sempre, foi um per\u00edodo intenso de atividades, ensaiado como um pacote de 4 dias que \u00e9 o b\u00e1sico inicial de visita dos turistas \u00e0 Bento e regi\u00e3o\u2019, disse, na manh\u00e3 deste domingo (19), nesta entrevista exclusiva para a <strong>TRAVEL3<\/strong>.<\/p>\n<p style=\"text-align:justify\">L\u00f3gico que tem muito mais para ver, conhecer e conferir, e aumentar o tempo de perman\u00eancia foi uma das perspectivas mais alinhadas pelos agentes de viagem que mostraram um outro ponto em comum. \u201cOs agentes ficaram surpreendidos com a qualidade das atra\u00e7\u00f5es que Bento proporciona, tiveram muitos elogios \u00e0 hotelaria, foram un\u00e2nimes quanto \u00e0 gastronomia e os pontos positivos chegaram a 90%.<\/p>\n<p style=\"text-align:justify\"><a class=\"fancybox-media\" href=\"..\/_uploads\/_noticia\/2017-02\/dscn7366--2-.jpg\" rel=\"portfolio\"><img decoding=\"async\" alt=\"\" src=\"..\/_uploads\/_noticia\/2017-02\/dscn7366--2-.jpg\" \/><\/a> <strong>\u00c1lvaro\u00a0 no caf\u00e9 da manh\u00e3 do Vinocap, onde mais de 80 \u00edtens entram para a escolha dos h\u00f3spedes; v\u00e1rios dos agentes que aqui tiveram a hospedagem, mostraram-se encantados com a qualidade e diversidade <\/strong><\/p>\n<p style=\"text-align:justify\">Acompanhada di\u00e1riamente pela reportagem, o sinal positivo de para\u00a0 mais uma Fimtur Business de sucesso completo o que tamb\u00e9m nos estimula para a confirma\u00e7\u00e3o da nona e pr\u00f3xima edi\u00e7\u00e3o, no segundo semestre deste ano.<\/p>\n<p style=\"text-align:justify\">Agosto ou setembro. Falta definir m\u00eas e datas para o pr\u00f3ximo evento que j\u00e1 tem asseguradas as parcerias da rede hoteleira e o apoio integral da Secretaria de Turismo da prefeitura municipal.<\/p>\n<p style=\"text-align:justify\"><a class=\"fancybox-media\" href=\"..\/_uploads\/_noticia\/2017-02\/dscn7283.jpg\" rel=\"portfolio\"><img decoding=\"async\" alt=\"\" src=\"..\/_uploads\/_noticia\/2017-02\/dscn7283.jpg\" \/><\/a> <strong>O secret\u00e1rio Gilberto Durante recebeu a\u00a0Fimtur no sal\u00e3o nobre da Prefeitura na visita oficial da delega\u00e7\u00e3o e declarou pontos decisivos do turismo para a cidade que leva o nome do general Bento Gon\u00e7alves <\/strong><\/p>\n<p style=\"text-align:justify\">&#8220;O prefeito Guilherme Pazzin tornou-se um entusiasta pelo turismo e compreende perfeitamente o que a atividade pode render ainda mais para o munic\u00edpio e sua popula\u00e7\u00e3o, trabalhado diretamente junto ao mercado, com a distribui\u00e7\u00e3o\u00a0 dos agentes de viagens de todo o pa\u00eds&#8221;, declara o secret\u00e1rio Gilberto Durante, tamb\u00e9m mostrando o seu entusiasmo por mais esta edi\u00e7\u00e3o do evento.<\/p>\n<p style=\"text-align:justify\">Alvaro complementa: \u2018Importante destacar como os agentes se aperceberam da import\u00e2ncia do Enoturismo para Bento, ainda mais com um tempo t\u00e3o bonito, com\u00a0 sol brilhante e calor vividos na maioria dos dias desta semana. Mostraram-se tamb\u00e9m surpresos com a receptividade e o modo amistoso da cidade\u00a0 e sua gente, e dos servi\u00e7os de recep\u00e7\u00e3o alavancados com o turismo.\u2019<\/p>\n<p style=\"text-align:justify\"><a class=\"fancybox-media\" href=\"..\/_uploads\/_noticia\/2017-02\/dscn7371.jpg\" rel=\"portfolio\"><img decoding=\"async\" alt=\"\" src=\"..\/_uploads\/_noticia\/2017-02\/dscn7371.jpg\" \/><\/a> <strong>Alem da Vindima, sabores em uva, suco, espumantes e vinhos, Bento teve dias maravilhos a emoldurar o programa de visitas dos agentes que vieram de oito estados brasileiros<\/strong><\/p>\n<p style=\"text-align:justify\">O executivo da FIMTUR considera que a f\u00f3rmula Business que j\u00e1 tem tr\u00eas anos e oito edi\u00e7\u00f5es com esta, tem contribu\u00eddo para a evolu\u00e7\u00e3o do numero de turistas que vem para a regi\u00e3o. \u2018Foram em torno de 500 agentes de viagens de todos os estados brasileiros que vieram, conheceram, foram treinados intensamente em uma capacita\u00e7\u00e3o que se qualifica mais a cada nova edi\u00e7\u00e3o e que tem um conhecimento muito maior para a venda do destino Bento Gon\u00e7alves\u2019.<\/p>\n<p style=\"text-align:justify\">Fato comprovado \u00e9 que a FIMTUR proporciona que os agentes de viagem (a maioria vem pela primeira vez) transformem o que absorvem por aqui em uma venda cada vez mais constante para o aumento da visita\u00e7\u00e3o tur\u00edstica de Bento, destino que est\u00e1 entrando cada vez mais no rol das grandes operadoras.<\/p>\n<p style=\"text-align:justify\">Antes do retorno para a nona edi\u00e7\u00e3o em Bento Gon\u00e7alves, a FIMTUR tem programa\u00e7\u00f5es por outros destinos. A pr\u00f3xima ser\u00e1 para Porto Seguro, j\u00e1 na 21.aedi\u00e7\u00e3o e com 70 agentes inscritos. Ser\u00e1 de 1 a 9 de abril. Em maio, 26 e 27, ser\u00e1 a vez da FIMTUR BNT para Santa Catarina, com programa\u00e7\u00e3o de quatro dias para a feira.. \u00a0<\/p>\n<p style=\"text-align:justify\"><strong>A &#39;Cobertura Especial&#39; da Fimtur Business Bento pela TRAVEL3 tem o apoio da Giordani Turismo, Vinocap e rede Laghetto<\/strong><\/p>\n<p style=\"text-align:justify\"><a class=\"fancybox-media\" href=\"..\/_uploads\/_noticia\/2017-02\/9banner-coobrand-april-travel3--2-.jpg\" rel=\"portfolio\"><img decoding=\"async\" alt=\"\" src=\"..\/_uploads\/_noticia\/2017-02\/9banner-coobrand-april-travel3--2-.jpg\" \/><\/a><\/p>\n<p>\u00a0<\/p>\n<p><\/span><\/p>\n","protected":false},"excerpt":{"rendered":"<p>Alto \u00edndice de satisfa\u00e7\u00e3o dos agentes participantes foi destaque da edi\u00e7\u00e3o realizada nesta semana, na regi\u00e3o da Serra Ga\u00facha<\/p>\n","protected":false},"author":1,"featured_media":0,"comment_status":"open","ping_status":"open","sticky":false,"template":"","format":"standard","meta":{"footnotes":""},"categories":[],"tags":[],"class_list":["post-2656","post","type-post","status-publish","format-standard","hentry"],"yoast_head":"<!-- This site is optimized with the Yoast SEO plugin v26.2 - https:\/\/yoast.com\/wordpress\/plugins\/seo\/ -->\n<title>ASSEGURADA A 9a EDI\u00c7\u00c3O DA FIMTUR BUSINESS BENTO PARA O 2o SEMESTRE - Travel3<\/title>\n<meta name=\"description\" content=\"A TRAVEL3 \u00e9 um portal de conte\u00fado voltado para o turismo, encontre destinos, viagens, hospedagem, passagens, guias, not\u00edcias sobre o mercado do turismo, dicas de viagem, v\u00eddeos e podcast.\" \/>\n<meta name=\"robots\" content=\"index, follow, max-snippet:-1, max-image-preview:large, max-video-preview:-1\" \/>\n<link rel=\"canonical\" href=\"https:\/\/www.travel3.com.br\/site\/sem-categoria\/assegurada-a-9a-edicao-da-fimtur-business-bento-para-o-2o-semestre\/\" \/>\n<meta property=\"og:locale\" content=\"pt_BR\" \/>\n<meta property=\"og:type\" content=\"article\" \/>\n<meta property=\"og:title\" content=\"ASSEGURADA A 9a EDI\u00c7\u00c3O DA FIMTUR BUSINESS BENTO PARA O 2o SEMESTRE - Travel3\" \/>\n<meta property=\"og:description\" content=\"A TRAVEL3 \u00e9 um portal de conte\u00fado voltado para o turismo, encontre destinos, viagens, hospedagem, passagens, guias, not\u00edcias sobre o mercado do turismo, dicas de viagem, v\u00eddeos e podcast.\" \/>\n<meta property=\"og:url\" content=\"https:\/\/www.travel3.com.br\/site\/sem-categoria\/assegurada-a-9a-edicao-da-fimtur-business-bento-para-o-2o-semestre\/\" \/>\n<meta property=\"og:site_name\" content=\"Travel3\" \/>\n<meta property=\"article:publisher\" content=\"https:\/\/www.facebook.com\/travel3media\/\" \/>\n<meta property=\"article:published_time\" content=\"2017-09-11T06:55:01+00:00\" \/>\n<meta name=\"author\" content=\"admin\" \/>\n<meta name=\"twitter:card\" content=\"summary_large_image\" \/>\n<meta name=\"twitter:label1\" content=\"Escrito por\" \/>\n\t<meta name=\"twitter:data1\" content=\"admin\" \/>\n\t<meta name=\"twitter:label2\" content=\"Est. tempo de leitura\" \/>\n\t<meta name=\"twitter:data2\" content=\"4 minutos\" \/>\n<script type=\"application\/ld+json\" class=\"yoast-schema-graph\">{\"@context\":\"https:\/\/schema.org\",\"@graph\":[{\"@type\":\"Article\",\"@id\":\"https:\/\/www.travel3.com.br\/site\/sem-categoria\/assegurada-a-9a-edicao-da-fimtur-business-bento-para-o-2o-semestre\/#article\",\"isPartOf\":{\"@id\":\"https:\/\/www.travel3.com.br\/site\/sem-categoria\/assegurada-a-9a-edicao-da-fimtur-business-bento-para-o-2o-semestre\/\"},\"author\":{\"name\":\"admin\",\"@id\":\"https:\/\/www.travel3.com.br\/site\/#\/schema\/person\/a69d71e41a024999b6ab82369ac0bd1e\"},\"headline\":\"ASSEGURADA A 9a EDI\u00c7\u00c3O DA FIMTUR BUSINESS BENTO PARA O 2o SEMESTRE\",\"datePublished\":\"2017-09-11T06:55:01+00:00\",\"mainEntityOfPage\":{\"@id\":\"https:\/\/www.travel3.com.br\/site\/sem-categoria\/assegurada-a-9a-edicao-da-fimtur-business-bento-para-o-2o-semestre\/\"},\"wordCount\":714,\"commentCount\":0,\"publisher\":{\"@id\":\"https:\/\/www.travel3.com.br\/site\/#organization\"},\"inLanguage\":\"pt-BR\",\"potentialAction\":[{\"@type\":\"CommentAction\",\"name\":\"Comment\",\"target\":[\"https:\/\/www.travel3.com.br\/site\/sem-categoria\/assegurada-a-9a-edicao-da-fimtur-business-bento-para-o-2o-semestre\/#respond\"]}]},{\"@type\":\"WebPage\",\"@id\":\"https:\/\/www.travel3.com.br\/site\/sem-categoria\/assegurada-a-9a-edicao-da-fimtur-business-bento-para-o-2o-semestre\/\",\"url\":\"https:\/\/www.travel3.com.br\/site\/sem-categoria\/assegurada-a-9a-edicao-da-fimtur-business-bento-para-o-2o-semestre\/\",\"name\":\"ASSEGURADA A 9a EDI\u00c7\u00c3O DA FIMTUR BUSINESS BENTO PARA O 2o SEMESTRE - Travel3\",\"isPartOf\":{\"@id\":\"https:\/\/www.travel3.com.br\/site\/#website\"},\"datePublished\":\"2017-09-11T06:55:01+00:00\",\"description\":\"A TRAVEL3 \u00e9 um portal de conte\u00fado voltado para o turismo, encontre destinos, viagens, hospedagem, passagens, guias, not\u00edcias sobre o mercado do turismo, dicas de viagem, v\u00eddeos e podcast.\",\"breadcrumb\":{\"@id\":\"https:\/\/www.travel3.com.br\/site\/sem-categoria\/assegurada-a-9a-edicao-da-fimtur-business-bento-para-o-2o-semestre\/#breadcrumb\"},\"inLanguage\":\"pt-BR\",\"potentialAction\":[{\"@type\":\"ReadAction\",\"target\":[\"https:\/\/www.travel3.com.br\/site\/sem-categoria\/assegurada-a-9a-edicao-da-fimtur-business-bento-para-o-2o-semestre\/\"]}]},{\"@type\":\"BreadcrumbList\",\"@id\":\"https:\/\/www.travel3.com.br\/site\/sem-categoria\/assegurada-a-9a-edicao-da-fimtur-business-bento-para-o-2o-semestre\/#breadcrumb\",\"itemListElement\":[{\"@type\":\"ListItem\",\"position\":1,\"name\":\"In\u00edcio\",\"item\":\"https:\/\/www.travel3.com.br\/site\/\"},{\"@type\":\"ListItem\",\"position\":2,\"name\":\"ASSEGURADA A 9a EDI\u00c7\u00c3O DA FIMTUR BUSINESS BENTO PARA O 2o SEMESTRE\"}]},{\"@type\":\"WebSite\",\"@id\":\"https:\/\/www.travel3.com.br\/site\/#website\",\"url\":\"https:\/\/www.travel3.com.br\/site\/\",\"name\":\"Travel3\",\"description\":\"Lazer + Neg&oacute;cios + Aventura\",\"publisher\":{\"@id\":\"https:\/\/www.travel3.com.br\/site\/#organization\"},\"potentialAction\":[{\"@type\":\"SearchAction\",\"target\":{\"@type\":\"EntryPoint\",\"urlTemplate\":\"https:\/\/www.travel3.com.br\/site\/?s={search_term_string}\"},\"query-input\":{\"@type\":\"PropertyValueSpecification\",\"valueRequired\":true,\"valueName\":\"search_term_string\"}}],\"inLanguage\":\"pt-BR\"},{\"@type\":\"Organization\",\"@id\":\"https:\/\/www.travel3.com.br\/site\/#organization\",\"name\":\"Travel3\",\"url\":\"https:\/\/www.travel3.com.br\/site\/\",\"logo\":{\"@type\":\"ImageObject\",\"inLanguage\":\"pt-BR\",\"@id\":\"https:\/\/www.travel3.com.br\/site\/#\/schema\/logo\/image\/\",\"url\":\"https:\/\/www.travel3.com.br\/site\/wp-content\/uploads\/2020\/01\/logo-travel3-2020.png\",\"contentUrl\":\"https:\/\/www.travel3.com.br\/site\/wp-content\/uploads\/2020\/01\/logo-travel3-2020.png\",\"width\":232,\"height\":79,\"caption\":\"Travel3\"},\"image\":{\"@id\":\"https:\/\/www.travel3.com.br\/site\/#\/schema\/logo\/image\/\"},\"sameAs\":[\"https:\/\/www.facebook.com\/travel3media\/\",\"https:\/\/www.instagram.com\/revistatravel3\/\",\"https:\/\/www.youtube.com\/channel\/UCno7J4paGBR3VbZQzvoJ9Eg\"]},{\"@type\":\"Person\",\"@id\":\"https:\/\/www.travel3.com.br\/site\/#\/schema\/person\/a69d71e41a024999b6ab82369ac0bd1e\",\"name\":\"admin\",\"image\":{\"@type\":\"ImageObject\",\"inLanguage\":\"pt-BR\",\"@id\":\"https:\/\/www.travel3.com.br\/site\/#\/schema\/person\/image\/\",\"url\":\"https:\/\/secure.gravatar.com\/avatar\/732a67adfd764da2a47ba10ce731c4c0?s=96&d=mm&r=g\",\"contentUrl\":\"https:\/\/secure.gravatar.com\/avatar\/732a67adfd764da2a47ba10ce731c4c0?s=96&d=mm&r=g\",\"caption\":\"admin\"},\"url\":\"https:\/\/www.travel3.com.br\/site\/author\/admin\/\"}]}<\/script>\n<!-- \/ Yoast SEO plugin. -->","yoast_head_json":{"title":"ASSEGURADA A 9a EDI\u00c7\u00c3O DA FIMTUR BUSINESS BENTO PARA O 2o SEMESTRE - Travel3","description":"A TRAVEL3 \u00e9 um portal de conte\u00fado voltado para o turismo, encontre destinos, viagens, hospedagem, passagens, guias, not\u00edcias sobre o mercado do turismo, dicas de viagem, v\u00eddeos e podcast.","robots":{"index":"index","follow":"follow","max-snippet":"max-snippet:-1","max-image-preview":"max-image-preview:large","max-video-preview":"max-video-preview:-1"},"canonical":"https:\/\/www.travel3.com.br\/site\/sem-categoria\/assegurada-a-9a-edicao-da-fimtur-business-bento-para-o-2o-semestre\/","og_locale":"pt_BR","og_type":"article","og_title":"ASSEGURADA A 9a EDI\u00c7\u00c3O DA FIMTUR BUSINESS BENTO PARA O 2o SEMESTRE - Travel3","og_description":"A TRAVEL3 \u00e9 um portal de conte\u00fado voltado para o turismo, encontre destinos, viagens, hospedagem, passagens, guias, not\u00edcias sobre o mercado do turismo, dicas de viagem, v\u00eddeos e podcast.","og_url":"https:\/\/www.travel3.com.br\/site\/sem-categoria\/assegurada-a-9a-edicao-da-fimtur-business-bento-para-o-2o-semestre\/","og_site_name":"Travel3","article_publisher":"https:\/\/www.facebook.com\/travel3media\/","article_published_time":"2017-09-11T06:55:01+00:00","author":"admin","twitter_card":"summary_large_image","twitter_misc":{"Escrito por":"admin","Est. tempo de leitura":"4 minutos"},"schema":{"@context":"https:\/\/schema.org","@graph":[{"@type":"Article","@id":"https:\/\/www.travel3.com.br\/site\/sem-categoria\/assegurada-a-9a-edicao-da-fimtur-business-bento-para-o-2o-semestre\/#article","isPartOf":{"@id":"https:\/\/www.travel3.com.br\/site\/sem-categoria\/assegurada-a-9a-edicao-da-fimtur-business-bento-para-o-2o-semestre\/"},"author":{"name":"admin","@id":"https:\/\/www.travel3.com.br\/site\/#\/schema\/person\/a69d71e41a024999b6ab82369ac0bd1e"},"headline":"ASSEGURADA A 9a EDI\u00c7\u00c3O DA FIMTUR BUSINESS BENTO PARA O 2o SEMESTRE","datePublished":"2017-09-11T06:55:01+00:00","mainEntityOfPage":{"@id":"https:\/\/www.travel3.com.br\/site\/sem-categoria\/assegurada-a-9a-edicao-da-fimtur-business-bento-para-o-2o-semestre\/"},"wordCount":714,"commentCount":0,"publisher":{"@id":"https:\/\/www.travel3.com.br\/site\/#organization"},"inLanguage":"pt-BR","potentialAction":[{"@type":"CommentAction","name":"Comment","target":["https:\/\/www.travel3.com.br\/site\/sem-categoria\/assegurada-a-9a-edicao-da-fimtur-business-bento-para-o-2o-semestre\/#respond"]}]},{"@type":"WebPage","@id":"https:\/\/www.travel3.com.br\/site\/sem-categoria\/assegurada-a-9a-edicao-da-fimtur-business-bento-para-o-2o-semestre\/","url":"https:\/\/www.travel3.com.br\/site\/sem-categoria\/assegurada-a-9a-edicao-da-fimtur-business-bento-para-o-2o-semestre\/","name":"ASSEGURADA A 9a EDI\u00c7\u00c3O DA FIMTUR BUSINESS BENTO PARA O 2o SEMESTRE - Travel3","isPartOf":{"@id":"https:\/\/www.travel3.com.br\/site\/#website"},"datePublished":"2017-09-11T06:55:01+00:00","description":"A TRAVEL3 \u00e9 um portal de conte\u00fado voltado para o turismo, encontre destinos, viagens, hospedagem, passagens, guias, not\u00edcias sobre o mercado do turismo, dicas de viagem, v\u00eddeos e podcast.","breadcrumb":{"@id":"https:\/\/www.travel3.com.br\/site\/sem-categoria\/assegurada-a-9a-edicao-da-fimtur-business-bento-para-o-2o-semestre\/#breadcrumb"},"inLanguage":"pt-BR","potentialAction":[{"@type":"ReadAction","target":["https:\/\/www.travel3.com.br\/site\/sem-categoria\/assegurada-a-9a-edicao-da-fimtur-business-bento-para-o-2o-semestre\/"]}]},{"@type":"BreadcrumbList","@id":"https:\/\/www.travel3.com.br\/site\/sem-categoria\/assegurada-a-9a-edicao-da-fimtur-business-bento-para-o-2o-semestre\/#breadcrumb","itemListElement":[{"@type":"ListItem","position":1,"name":"In\u00edcio","item":"https:\/\/www.travel3.com.br\/site\/"},{"@type":"ListItem","position":2,"name":"ASSEGURADA A 9a EDI\u00c7\u00c3O DA FIMTUR BUSINESS BENTO PARA O 2o SEMESTRE"}]},{"@type":"WebSite","@id":"https:\/\/www.travel3.com.br\/site\/#website","url":"https:\/\/www.travel3.com.br\/site\/","name":"Travel3","description":"Lazer + Neg&oacute;cios + Aventura","publisher":{"@id":"https:\/\/www.travel3.com.br\/site\/#organization"},"potentialAction":[{"@type":"SearchAction","target":{"@type":"EntryPoint","urlTemplate":"https:\/\/www.travel3.com.br\/site\/?s={search_term_string}"},"query-input":{"@type":"PropertyValueSpecification","valueRequired":true,"valueName":"search_term_string"}}],"inLanguage":"pt-BR"},{"@type":"Organization","@id":"https:\/\/www.travel3.com.br\/site\/#organization","name":"Travel3","url":"https:\/\/www.travel3.com.br\/site\/","logo":{"@type":"ImageObject","inLanguage":"pt-BR","@id":"https:\/\/www.travel3.com.br\/site\/#\/schema\/logo\/image\/","url":"https:\/\/www.travel3.com.br\/site\/wp-content\/uploads\/2020\/01\/logo-travel3-2020.png","contentUrl":"https:\/\/www.travel3.com.br\/site\/wp-content\/uploads\/2020\/01\/logo-travel3-2020.png","width":232,"height":79,"caption":"Travel3"},"image":{"@id":"https:\/\/www.travel3.com.br\/site\/#\/schema\/logo\/image\/"},"sameAs":["https:\/\/www.facebook.com\/travel3media\/","https:\/\/www.instagram.com\/revistatravel3\/","https:\/\/www.youtube.com\/channel\/UCno7J4paGBR3VbZQzvoJ9Eg"]},{"@type":"Person","@id":"https:\/\/www.travel3.com.br\/site\/#\/schema\/person\/a69d71e41a024999b6ab82369ac0bd1e","name":"admin","image":{"@type":"ImageObject","inLanguage":"pt-BR","@id":"https:\/\/www.travel3.com.br\/site\/#\/schema\/person\/image\/","url":"https:\/\/secure.gravatar.com\/avatar\/732a67adfd764da2a47ba10ce731c4c0?s=96&d=mm&r=g","contentUrl":"https:\/\/secure.gravatar.com\/avatar\/732a67adfd764da2a47ba10ce731c4c0?s=96&d=mm&r=g","caption":"admin"},"url":"https:\/\/www.travel3.com.br\/site\/author\/admin\/"}]}},"_links":{"self":[{"href":"https:\/\/www.travel3.com.br\/site\/wp-json\/wp\/v2\/posts\/2656","targetHints":{"allow":["GET"]}}],"collection":[{"href":"https:\/\/www.travel3.com.br\/site\/wp-json\/wp\/v2\/posts"}],"about":[{"href":"https:\/\/www.travel3.com.br\/site\/wp-json\/wp\/v2\/types\/post"}],"author":[{"embeddable":true,"href":"https:\/\/www.travel3.com.br\/site\/wp-json\/wp\/v2\/users\/1"}],"replies":[{"embeddable":true,"href":"https:\/\/www.travel3.com.br\/site\/wp-json\/wp\/v2\/comments?post=2656"}],"version-history":[{"count":0,"href":"https:\/\/www.travel3.com.br\/site\/wp-json\/wp\/v2\/posts\/2656\/revisions"}],"wp:attachment":[{"href":"https:\/\/www.travel3.com.br\/site\/wp-json\/wp\/v2\/media?parent=2656"}],"wp:term":[{"taxonomy":"category","embeddable":true,"href":"https:\/\/www.travel3.com.br\/site\/wp-json\/wp\/v2\/categories?post=2656"},{"taxonomy":"post_tag","embeddable":true,"href":"https:\/\/www.travel3.com.br\/site\/wp-json\/wp\/v2\/tags?post=2656"}],"curies":[{"name":"wp","href":"https:\/\/api.w.org\/{rel}","templated":true}]}}