{"id":26533,"date":"2019-08-26T15:11:05","date_gmt":"2019-08-26T18:11:05","guid":{"rendered":"https:\/\/www.travel3.com.br\/?p=26533"},"modified":"2019-08-26T15:14:38","modified_gmt":"2019-08-26T18:14:38","slug":"programa-novos-olhares","status":"publish","type":"post","link":"https:\/\/www.travel3.com.br\/site\/acontece-no-turismo\/programa-novos-olhares\/","title":{"rendered":"Programa Novos Olhares, da Diversa Turismo, aterrissa no Vietn\u00e3"},"content":{"rendered":"\n<h3 class=\"wp-block-heading\" style=\"text-align:center\">Revelar a autenticidade do pa\u00eds \u00e9 o tema da Viagem Educacional promovida pela operadora<\/h3>\n\n\n\n<p>O Programa Novos Olhares, da Diversa Turismo, acaba de aterrissar no Vietn\u00e3, dando in\u00edcio a uma das mais espetaculares Viagens Educacionais promovidas pela operadora.<\/p>\n\n\n\n<p>Vietn\u00e3 Aut\u00eantico \u00e9 o nome do roteiro que promove descobertas culturais, hist\u00f3ricas e t\u00e9cnicas. A Diversa Turismo segue assim com o compromisso de suprir com a melhor informa\u00e7\u00e3o <em>in loco<\/em>, o agente de viagem parceiro.<\/p>\n\n\n\n<h2 class=\"wp-block-heading\">Programa Novos Olhares quer enriquecer bagagem cultural do profissional<\/h2>\n\n\n\n<p>James Giacomini, diretor da Diversa Turismo, explicou o que significa o termo Viagem Educacional, do Programa Novos Olhares:<\/p>\n\n\n\n<blockquote class=\"wp-block-quote is-layout-flow wp-block-quote-is-layout-flow\"><p>Com este roteiro incr\u00edvel a Diversa Turismo espera que os agentes de viagem participantes voltem para casa com um conhecimento da mais alta qualidade. Conhecer os h\u00e1bitos do povo, vivenciar um pouco a riqueza hist\u00f3rica do pa\u00eds, saborear a gastronomia local \u00e9 a bagagem que oferecemos a cada um deles. Esta ser\u00e1 uma experi\u00eancia que eles poder\u00e3o passar para os seus clientes. Nosso objetivo \u00e9 provocar o agente de viagens, no sentido de mostrar as belezas que o mundo oferece e abrir mais op\u00e7\u00f5es de destinos que eles podem sugerir aos seus clientes. E sabemos que, a partir da\u00ed os neg\u00f3cios vir\u00e3o, como consequ\u00eancia. Tudo isso \u00e9 o que propomos nesta viagem. E ainda o conhecimento t\u00e9cnico, que inclui observar a log\u00edstica da nossa opera\u00e7\u00e3o local e visitar alguns dos melhores hot\u00e9is do pa\u00eds.<\/p><cite>James Giacomini &#8211; Diretor da Diversa Turismo<\/cite><\/blockquote>\n\n\n\n<p>Parte dos agentes de viagem convidados aterrissou \u00e0s 20h desta segunda-feira (10h da manh\u00e3 no hor\u00e1rio de Bras\u00edlia) em Ho Chi Minh City (antiga Saigon). Amanh\u00e3, com o grupo todo reunido, come\u00e7am as descobertas pela cidade de Ho Chi Minh e regi\u00f5es pr\u00f3ximas.<\/p>\n\n\n\n<p>Acompanhe na <strong>Travel3 <\/strong>a cobertura do roteiro Vietn\u00e3 Aut\u00eantico, feito pela Diversa Turismo em parceria com a Asian Trails, fornecedor local da operadora.<\/p>\n","protected":false},"excerpt":{"rendered":"<p>Revelar a autenticidade do pa\u00eds \u00e9 o tema da Viagem Educacional promovida pela operadora O Programa Novos Olhares, da Diversa Turismo, acaba de aterrissar no Vietn\u00e3, dando in\u00edcio a uma das mais espetaculares Viagens Educacionais promovidas pela operadora. Vietn\u00e3 Aut\u00eantico \u00e9 o nome do roteiro que promove descobertas culturais, hist\u00f3ricas e t\u00e9cnicas. A Diversa Turismo [&hellip;]<\/p>\n","protected":false},"author":4,"featured_media":26532,"comment_status":"open","ping_status":"open","sticky":false,"template":"","format":"standard","meta":{"footnotes":""},"categories":[969,226,5,4],"tags":[2076,3649,3646,3647],"class_list":["post-26533","post","type-post","status-publish","format-standard","has-post-thumbnail","hentry","category-acontece-no-turismo","category-destaque","category-eventos-e-feiras","category-operadoras","tag-diversa-turismo","tag-ho-chi-minh-city","tag-vietna","tag-vietnam"],"yoast_head":"<!-- This site is optimized with the Yoast SEO plugin v26.2 - https:\/\/yoast.com\/wordpress\/plugins\/seo\/ -->\n<title>Programa Novos Olhares, da Diversa Turismo, aterrissa no Vietn\u00e3 -<\/title>\n<meta name=\"description\" content=\"Programa Novos Olhares da Diversa Turismo aterrissa no Vietn\u00e3; Revelar a autenticidade do pa\u00eds \u00e9 o tema da Viagem Educacional promovida pela operadora\" \/>\n<meta name=\"robots\" content=\"index, follow, max-snippet:-1, max-image-preview:large, max-video-preview:-1\" \/>\n<link rel=\"canonical\" href=\"https:\/\/www.travel3.com.br\/site\/acontece-no-turismo\/programa-novos-olhares\/\" \/>\n<meta property=\"og:locale\" content=\"pt_BR\" \/>\n<meta property=\"og:type\" content=\"article\" \/>\n<meta property=\"og:title\" content=\"Programa Novos Olhares, da Diversa Turismo, aterrissa no Vietn\u00e3 -\" \/>\n<meta property=\"og:description\" content=\"Programa Novos Olhares da Diversa Turismo aterrissa no Vietn\u00e3; Revelar a autenticidade do pa\u00eds \u00e9 o tema da Viagem Educacional promovida pela operadora\" \/>\n<meta property=\"og:url\" content=\"https:\/\/www.travel3.com.br\/site\/acontece-no-turismo\/programa-novos-olhares\/\" \/>\n<meta property=\"og:site_name\" content=\"Travel3\" \/>\n<meta property=\"article:publisher\" content=\"https:\/\/www.facebook.com\/travel3media\/\" \/>\n<meta property=\"article:published_time\" content=\"2019-08-26T18:11:05+00:00\" \/>\n<meta property=\"article:modified_time\" content=\"2019-08-26T18:14:38+00:00\" \/>\n<meta property=\"og:image\" content=\"https:\/\/www.travel3.com.br\/site\/wp-content\/uploads\/2019\/08\/Vietnam-Diversa-Chegada_A.jpg\" \/>\n\t<meta property=\"og:image:width\" content=\"1920\" \/>\n\t<meta property=\"og:image:height\" content=\"1440\" \/>\n\t<meta property=\"og:image:type\" content=\"image\/jpeg\" \/>\n<meta name=\"author\" content=\"Claudia Tonaco\" \/>\n<meta name=\"twitter:card\" content=\"summary_large_image\" \/>\n<meta name=\"twitter:label1\" content=\"Escrito por\" \/>\n\t<meta name=\"twitter:data1\" content=\"Claudia Tonaco\" \/>\n\t<meta name=\"twitter:label2\" content=\"Est. tempo de leitura\" \/>\n\t<meta name=\"twitter:data2\" content=\"2 minutos\" \/>\n<script type=\"application\/ld+json\" class=\"yoast-schema-graph\">{\"@context\":\"https:\/\/schema.org\",\"@graph\":[{\"@type\":\"Article\",\"@id\":\"https:\/\/www.travel3.com.br\/site\/acontece-no-turismo\/programa-novos-olhares\/#article\",\"isPartOf\":{\"@id\":\"https:\/\/www.travel3.com.br\/site\/acontece-no-turismo\/programa-novos-olhares\/\"},\"author\":{\"name\":\"Claudia Tonaco\",\"@id\":\"https:\/\/www.travel3.com.br\/site\/#\/schema\/person\/ad24a6ccba88dcd54877f3d2fb76c605\"},\"headline\":\"Programa Novos Olhares, da Diversa Turismo, aterrissa no Vietn\u00e3\",\"datePublished\":\"2019-08-26T18:11:05+00:00\",\"dateModified\":\"2019-08-26T18:14:38+00:00\",\"mainEntityOfPage\":{\"@id\":\"https:\/\/www.travel3.com.br\/site\/acontece-no-turismo\/programa-novos-olhares\/\"},\"wordCount\":338,\"commentCount\":4,\"publisher\":{\"@id\":\"https:\/\/www.travel3.com.br\/site\/#organization\"},\"image\":{\"@id\":\"https:\/\/www.travel3.com.br\/site\/acontece-no-turismo\/programa-novos-olhares\/#primaryimage\"},\"thumbnailUrl\":\"https:\/\/www.travel3.com.br\/site\/wp-content\/uploads\/2019\/08\/Vietnam-Diversa-Chegada_A.jpg\",\"keywords\":[\"Diversa Turismo\",\"Ho Chi Minh City\",\"Vietn\u00e3\",\"Vietnam\"],\"articleSection\":[\"Acontece no Turismo\",\"Destaque\",\"Eventos e Feiras\",\"Operadoras\"],\"inLanguage\":\"pt-BR\",\"potentialAction\":[{\"@type\":\"CommentAction\",\"name\":\"Comment\",\"target\":[\"https:\/\/www.travel3.com.br\/site\/acontece-no-turismo\/programa-novos-olhares\/#respond\"]}]},{\"@type\":\"WebPage\",\"@id\":\"https:\/\/www.travel3.com.br\/site\/acontece-no-turismo\/programa-novos-olhares\/\",\"url\":\"https:\/\/www.travel3.com.br\/site\/acontece-no-turismo\/programa-novos-olhares\/\",\"name\":\"Programa Novos Olhares, da Diversa Turismo, aterrissa no Vietn\u00e3 -\",\"isPartOf\":{\"@id\":\"https:\/\/www.travel3.com.br\/site\/#website\"},\"primaryImageOfPage\":{\"@id\":\"https:\/\/www.travel3.com.br\/site\/acontece-no-turismo\/programa-novos-olhares\/#primaryimage\"},\"image\":{\"@id\":\"https:\/\/www.travel3.com.br\/site\/acontece-no-turismo\/programa-novos-olhares\/#primaryimage\"},\"thumbnailUrl\":\"https:\/\/www.travel3.com.br\/site\/wp-content\/uploads\/2019\/08\/Vietnam-Diversa-Chegada_A.jpg\",\"datePublished\":\"2019-08-26T18:11:05+00:00\",\"dateModified\":\"2019-08-26T18:14:38+00:00\",\"description\":\"Programa Novos Olhares da Diversa Turismo aterrissa no Vietn\u00e3; Revelar a autenticidade do pa\u00eds \u00e9 o tema da Viagem Educacional promovida pela operadora\",\"breadcrumb\":{\"@id\":\"https:\/\/www.travel3.com.br\/site\/acontece-no-turismo\/programa-novos-olhares\/#breadcrumb\"},\"inLanguage\":\"pt-BR\",\"potentialAction\":[{\"@type\":\"ReadAction\",\"target\":[\"https:\/\/www.travel3.com.br\/site\/acontece-no-turismo\/programa-novos-olhares\/\"]}]},{\"@type\":\"ImageObject\",\"inLanguage\":\"pt-BR\",\"@id\":\"https:\/\/www.travel3.com.br\/site\/acontece-no-turismo\/programa-novos-olhares\/#primaryimage\",\"url\":\"https:\/\/www.travel3.com.br\/site\/wp-content\/uploads\/2019\/08\/Vietnam-Diversa-Chegada_A.jpg\",\"contentUrl\":\"https:\/\/www.travel3.com.br\/site\/wp-content\/uploads\/2019\/08\/Vietnam-Diversa-Chegada_A.jpg\",\"width\":1920,\"height\":1440,\"caption\":\"James Giacomini, diretor da Diversa Turismo, parte dos agentes de viagem convidados e Anne, guia da Diversa, que recebeu o grupo no aeroporto de Ho Chi Minh City (Foto: Claudia Tonaco)\"},{\"@type\":\"BreadcrumbList\",\"@id\":\"https:\/\/www.travel3.com.br\/site\/acontece-no-turismo\/programa-novos-olhares\/#breadcrumb\",\"itemListElement\":[{\"@type\":\"ListItem\",\"position\":1,\"name\":\"In\u00edcio\",\"item\":\"https:\/\/www.travel3.com.br\/site\/\"},{\"@type\":\"ListItem\",\"position\":2,\"name\":\"Programa Novos Olhares, da Diversa Turismo, aterrissa no Vietn\u00e3\"}]},{\"@type\":\"WebSite\",\"@id\":\"https:\/\/www.travel3.com.br\/site\/#website\",\"url\":\"https:\/\/www.travel3.com.br\/site\/\",\"name\":\"Travel3\",\"description\":\"Lazer + Neg&oacute;cios + Aventura\",\"publisher\":{\"@id\":\"https:\/\/www.travel3.com.br\/site\/#organization\"},\"potentialAction\":[{\"@type\":\"SearchAction\",\"target\":{\"@type\":\"EntryPoint\",\"urlTemplate\":\"https:\/\/www.travel3.com.br\/site\/?s={search_term_string}\"},\"query-input\":{\"@type\":\"PropertyValueSpecification\",\"valueRequired\":true,\"valueName\":\"search_term_string\"}}],\"inLanguage\":\"pt-BR\"},{\"@type\":\"Organization\",\"@id\":\"https:\/\/www.travel3.com.br\/site\/#organization\",\"name\":\"Travel3\",\"url\":\"https:\/\/www.travel3.com.br\/site\/\",\"logo\":{\"@type\":\"ImageObject\",\"inLanguage\":\"pt-BR\",\"@id\":\"https:\/\/www.travel3.com.br\/site\/#\/schema\/logo\/image\/\",\"url\":\"https:\/\/www.travel3.com.br\/site\/wp-content\/uploads\/2020\/01\/logo-travel3-2020.png\",\"contentUrl\":\"https:\/\/www.travel3.com.br\/site\/wp-content\/uploads\/2020\/01\/logo-travel3-2020.png\",\"width\":232,\"height\":79,\"caption\":\"Travel3\"},\"image\":{\"@id\":\"https:\/\/www.travel3.com.br\/site\/#\/schema\/logo\/image\/\"},\"sameAs\":[\"https:\/\/www.facebook.com\/travel3media\/\",\"https:\/\/www.instagram.com\/revistatravel3\/\",\"https:\/\/www.youtube.com\/channel\/UCno7J4paGBR3VbZQzvoJ9Eg\"]},{\"@type\":\"Person\",\"@id\":\"https:\/\/www.travel3.com.br\/site\/#\/schema\/person\/ad24a6ccba88dcd54877f3d2fb76c605\",\"name\":\"Claudia Tonaco\",\"image\":{\"@type\":\"ImageObject\",\"inLanguage\":\"pt-BR\",\"@id\":\"https:\/\/www.travel3.com.br\/site\/#\/schema\/person\/image\/\",\"url\":\"https:\/\/secure.gravatar.com\/avatar\/7c64bb31135bb8c28f49658a042f8b8a?s=96&d=mm&r=g\",\"contentUrl\":\"https:\/\/secure.gravatar.com\/avatar\/7c64bb31135bb8c28f49658a042f8b8a?s=96&d=mm&r=g\",\"caption\":\"Claudia Tonaco\"},\"sameAs\":[\"http:\/\/www.travel3.com.br\"],\"url\":\"https:\/\/www.travel3.com.br\/site\/author\/tonaco\/\"}]}<\/script>\n<!-- \/ Yoast SEO plugin. -->","yoast_head_json":{"title":"Programa Novos Olhares, da Diversa Turismo, aterrissa no Vietn\u00e3 -","description":"Programa Novos Olhares da Diversa Turismo aterrissa no Vietn\u00e3; Revelar a autenticidade do pa\u00eds \u00e9 o tema da Viagem Educacional promovida pela operadora","robots":{"index":"index","follow":"follow","max-snippet":"max-snippet:-1","max-image-preview":"max-image-preview:large","max-video-preview":"max-video-preview:-1"},"canonical":"https:\/\/www.travel3.com.br\/site\/acontece-no-turismo\/programa-novos-olhares\/","og_locale":"pt_BR","og_type":"article","og_title":"Programa Novos Olhares, da Diversa Turismo, aterrissa no Vietn\u00e3 -","og_description":"Programa Novos Olhares da Diversa Turismo aterrissa no Vietn\u00e3; Revelar a autenticidade do pa\u00eds \u00e9 o tema da Viagem Educacional promovida pela operadora","og_url":"https:\/\/www.travel3.com.br\/site\/acontece-no-turismo\/programa-novos-olhares\/","og_site_name":"Travel3","article_publisher":"https:\/\/www.facebook.com\/travel3media\/","article_published_time":"2019-08-26T18:11:05+00:00","article_modified_time":"2019-08-26T18:14:38+00:00","og_image":[{"width":1920,"height":1440,"url":"https:\/\/www.travel3.com.br\/site\/wp-content\/uploads\/2019\/08\/Vietnam-Diversa-Chegada_A.jpg","type":"image\/jpeg"}],"author":"Claudia Tonaco","twitter_card":"summary_large_image","twitter_misc":{"Escrito por":"Claudia Tonaco","Est. tempo de leitura":"2 minutos"},"schema":{"@context":"https:\/\/schema.org","@graph":[{"@type":"Article","@id":"https:\/\/www.travel3.com.br\/site\/acontece-no-turismo\/programa-novos-olhares\/#article","isPartOf":{"@id":"https:\/\/www.travel3.com.br\/site\/acontece-no-turismo\/programa-novos-olhares\/"},"author":{"name":"Claudia Tonaco","@id":"https:\/\/www.travel3.com.br\/site\/#\/schema\/person\/ad24a6ccba88dcd54877f3d2fb76c605"},"headline":"Programa Novos Olhares, da Diversa Turismo, aterrissa no Vietn\u00e3","datePublished":"2019-08-26T18:11:05+00:00","dateModified":"2019-08-26T18:14:38+00:00","mainEntityOfPage":{"@id":"https:\/\/www.travel3.com.br\/site\/acontece-no-turismo\/programa-novos-olhares\/"},"wordCount":338,"commentCount":4,"publisher":{"@id":"https:\/\/www.travel3.com.br\/site\/#organization"},"image":{"@id":"https:\/\/www.travel3.com.br\/site\/acontece-no-turismo\/programa-novos-olhares\/#primaryimage"},"thumbnailUrl":"https:\/\/www.travel3.com.br\/site\/wp-content\/uploads\/2019\/08\/Vietnam-Diversa-Chegada_A.jpg","keywords":["Diversa Turismo","Ho Chi Minh City","Vietn\u00e3","Vietnam"],"articleSection":["Acontece no Turismo","Destaque","Eventos e Feiras","Operadoras"],"inLanguage":"pt-BR","potentialAction":[{"@type":"CommentAction","name":"Comment","target":["https:\/\/www.travel3.com.br\/site\/acontece-no-turismo\/programa-novos-olhares\/#respond"]}]},{"@type":"WebPage","@id":"https:\/\/www.travel3.com.br\/site\/acontece-no-turismo\/programa-novos-olhares\/","url":"https:\/\/www.travel3.com.br\/site\/acontece-no-turismo\/programa-novos-olhares\/","name":"Programa Novos Olhares, da Diversa Turismo, aterrissa no Vietn\u00e3 -","isPartOf":{"@id":"https:\/\/www.travel3.com.br\/site\/#website"},"primaryImageOfPage":{"@id":"https:\/\/www.travel3.com.br\/site\/acontece-no-turismo\/programa-novos-olhares\/#primaryimage"},"image":{"@id":"https:\/\/www.travel3.com.br\/site\/acontece-no-turismo\/programa-novos-olhares\/#primaryimage"},"thumbnailUrl":"https:\/\/www.travel3.com.br\/site\/wp-content\/uploads\/2019\/08\/Vietnam-Diversa-Chegada_A.jpg","datePublished":"2019-08-26T18:11:05+00:00","dateModified":"2019-08-26T18:14:38+00:00","description":"Programa Novos Olhares da Diversa Turismo aterrissa no Vietn\u00e3; Revelar a autenticidade do pa\u00eds \u00e9 o tema da Viagem Educacional promovida pela operadora","breadcrumb":{"@id":"https:\/\/www.travel3.com.br\/site\/acontece-no-turismo\/programa-novos-olhares\/#breadcrumb"},"inLanguage":"pt-BR","potentialAction":[{"@type":"ReadAction","target":["https:\/\/www.travel3.com.br\/site\/acontece-no-turismo\/programa-novos-olhares\/"]}]},{"@type":"ImageObject","inLanguage":"pt-BR","@id":"https:\/\/www.travel3.com.br\/site\/acontece-no-turismo\/programa-novos-olhares\/#primaryimage","url":"https:\/\/www.travel3.com.br\/site\/wp-content\/uploads\/2019\/08\/Vietnam-Diversa-Chegada_A.jpg","contentUrl":"https:\/\/www.travel3.com.br\/site\/wp-content\/uploads\/2019\/08\/Vietnam-Diversa-Chegada_A.jpg","width":1920,"height":1440,"caption":"James Giacomini, diretor da Diversa Turismo, parte dos agentes de viagem convidados e Anne, guia da Diversa, que recebeu o grupo no aeroporto de Ho Chi Minh City (Foto: Claudia Tonaco)"},{"@type":"BreadcrumbList","@id":"https:\/\/www.travel3.com.br\/site\/acontece-no-turismo\/programa-novos-olhares\/#breadcrumb","itemListElement":[{"@type":"ListItem","position":1,"name":"In\u00edcio","item":"https:\/\/www.travel3.com.br\/site\/"},{"@type":"ListItem","position":2,"name":"Programa Novos Olhares, da Diversa Turismo, aterrissa no Vietn\u00e3"}]},{"@type":"WebSite","@id":"https:\/\/www.travel3.com.br\/site\/#website","url":"https:\/\/www.travel3.com.br\/site\/","name":"Travel3","description":"Lazer + Neg&oacute;cios + Aventura","publisher":{"@id":"https:\/\/www.travel3.com.br\/site\/#organization"},"potentialAction":[{"@type":"SearchAction","target":{"@type":"EntryPoint","urlTemplate":"https:\/\/www.travel3.com.br\/site\/?s={search_term_string}"},"query-input":{"@type":"PropertyValueSpecification","valueRequired":true,"valueName":"search_term_string"}}],"inLanguage":"pt-BR"},{"@type":"Organization","@id":"https:\/\/www.travel3.com.br\/site\/#organization","name":"Travel3","url":"https:\/\/www.travel3.com.br\/site\/","logo":{"@type":"ImageObject","inLanguage":"pt-BR","@id":"https:\/\/www.travel3.com.br\/site\/#\/schema\/logo\/image\/","url":"https:\/\/www.travel3.com.br\/site\/wp-content\/uploads\/2020\/01\/logo-travel3-2020.png","contentUrl":"https:\/\/www.travel3.com.br\/site\/wp-content\/uploads\/2020\/01\/logo-travel3-2020.png","width":232,"height":79,"caption":"Travel3"},"image":{"@id":"https:\/\/www.travel3.com.br\/site\/#\/schema\/logo\/image\/"},"sameAs":["https:\/\/www.facebook.com\/travel3media\/","https:\/\/www.instagram.com\/revistatravel3\/","https:\/\/www.youtube.com\/channel\/UCno7J4paGBR3VbZQzvoJ9Eg"]},{"@type":"Person","@id":"https:\/\/www.travel3.com.br\/site\/#\/schema\/person\/ad24a6ccba88dcd54877f3d2fb76c605","name":"Claudia Tonaco","image":{"@type":"ImageObject","inLanguage":"pt-BR","@id":"https:\/\/www.travel3.com.br\/site\/#\/schema\/person\/image\/","url":"https:\/\/secure.gravatar.com\/avatar\/7c64bb31135bb8c28f49658a042f8b8a?s=96&d=mm&r=g","contentUrl":"https:\/\/secure.gravatar.com\/avatar\/7c64bb31135bb8c28f49658a042f8b8a?s=96&d=mm&r=g","caption":"Claudia Tonaco"},"sameAs":["http:\/\/www.travel3.com.br"],"url":"https:\/\/www.travel3.com.br\/site\/author\/tonaco\/"}]}},"_links":{"self":[{"href":"https:\/\/www.travel3.com.br\/site\/wp-json\/wp\/v2\/posts\/26533","targetHints":{"allow":["GET"]}}],"collection":[{"href":"https:\/\/www.travel3.com.br\/site\/wp-json\/wp\/v2\/posts"}],"about":[{"href":"https:\/\/www.travel3.com.br\/site\/wp-json\/wp\/v2\/types\/post"}],"author":[{"embeddable":true,"href":"https:\/\/www.travel3.com.br\/site\/wp-json\/wp\/v2\/users\/4"}],"replies":[{"embeddable":true,"href":"https:\/\/www.travel3.com.br\/site\/wp-json\/wp\/v2\/comments?post=26533"}],"version-history":[{"count":2,"href":"https:\/\/www.travel3.com.br\/site\/wp-json\/wp\/v2\/posts\/26533\/revisions"}],"predecessor-version":[{"id":26535,"href":"https:\/\/www.travel3.com.br\/site\/wp-json\/wp\/v2\/posts\/26533\/revisions\/26535"}],"wp:featuredmedia":[{"embeddable":true,"href":"https:\/\/www.travel3.com.br\/site\/wp-json\/wp\/v2\/media\/26532"}],"wp:attachment":[{"href":"https:\/\/www.travel3.com.br\/site\/wp-json\/wp\/v2\/media?parent=26533"}],"wp:term":[{"taxonomy":"category","embeddable":true,"href":"https:\/\/www.travel3.com.br\/site\/wp-json\/wp\/v2\/categories?post=26533"},{"taxonomy":"post_tag","embeddable":true,"href":"https:\/\/www.travel3.com.br\/site\/wp-json\/wp\/v2\/tags?post=26533"}],"curies":[{"name":"wp","href":"https:\/\/api.w.org\/{rel}","templated":true}]}}