{"id":2650,"date":"2017-08-07T10:55:07","date_gmt":"2017-08-07T10:55:07","guid":{"rendered":"http:\/\/www.travel3.com.br\/site\/ir-e-vir\/ar\/ira-busca-melhorar-imagem-para-atrair-mais-turistas\/"},"modified":"2017-08-07T10:55:07","modified_gmt":"2017-08-07T10:55:07","slug":"ira-busca-melhorar-imagem-para-atrair-mais-turistas","status":"publish","type":"post","link":"https:\/\/www.travel3.com.br\/site\/sem-categoria\/ira-busca-melhorar-imagem-para-atrair-mais-turistas\/","title":{"rendered":"IR\u00c3 BUSCA MELHORAR IMAGEM PARA ATRAIR MAIS TURISTAS"},"content":{"rendered":"<p><span style=\"color: #40acad; font-family: -apple-system, system-ui, 'Segoe UI', Roboto, Oxygen-Sans, Ubuntu, Cantarell, 'Helvetica Neue', sans-serif; font-size: 12px; font-weight: bold;\"><\/p>\n<p style=\"text-align:justify\">Ap\u00f3s anos de isolamento, as autoridades do Ir\u00e3 mostram planos ambiciosos e eventos internacionais, para \u00a0melhorar a imagem exterior do pa\u00eds e transform\u00e1-lo em um destino tur\u00edstico de refer\u00eancia, \u00a0reconhecendo que este objetivo tem muitos desafios pela frente.<\/p>\n<p style=\"text-align:justify\">Para mostrar-se conhecido em n\u00edvel mundial e deixar para tr\u00e1s os temores dos estrangeiros, Teer\u00e3 sediou em apenas duas semanas tr\u00eas grandes eventos internacionais relacionados \u00e0 ind\u00fastria tur\u00edstica: uma conven\u00e7\u00e3o de guias, uma feira de turismo e uma confer\u00eancia de investidores e hoteleiros.<\/p>\n<p>O Ir\u00e3 possui 21 lugares reconhecidos como Patrim\u00f4nio Mundial da Humanidade da Unesco, entre eles a famosa Pers\u00e9polis, e uma natureza diversa que re\u00fane os apaixonados por montanhas como pelo deserto.<\/p>\n<p style=\"text-align:justify\"><a class=\"fancybox-media\" href=\"..\/_uploads\/_noticia\/2017-02\/iradesertolutentreosmaisquentes70.jpg\" rel=\"portfolio\"><img decoding=\"async\" alt=\"\" src=\"..\/_uploads\/_noticia\/2017-02\/iradesertolutentreosmaisquentes70.jpg\" \/><\/a><br \/>\n<strong>O de Lut est\u00e1 entre os mais quentes do mundo, com temperatura que chega aos 70 graus<\/strong><\/p>\n<p style=\"text-align:justify\"><a class=\"fancybox-media\" href=\"..\/_uploads\/_noticia\/2017-02\/iraimagemdepalacio.jpg\" rel=\"portfolio\"><img decoding=\"async\" alt=\"\" src=\"..\/_uploads\/_noticia\/2017-02\/iraimagemdepalacio.jpg\" \/><\/a> <strong>S\u00e3o cinco mil anos de hist\u00f3ria e ainda menos de 40 anos da revolu\u00e7\u00e3o isl\u00e2mica<\/strong>, <strong>uma arquitetura incr\u00edvel entre palacios e templos <\/strong><\/p>\n<p style=\"text-align:justify\"><a class=\"fancybox-media\" href=\"..\/_uploads\/_noticia\/2017-02\/irafotoilustrativa.jpg\" rel=\"portfolio\"><img decoding=\"async\" alt=\"\" src=\"..\/_uploads\/_noticia\/2017-02\/irafotoilustrativa.jpg\" \/><\/a><\/p>\n<p style=\"text-align:justify\">&#8220;Veja o Ir\u00e3 diferente&#8221; foi o tema da Feira Internacional de Turismo de Teer\u00e3, que destacou o pa\u00eds como seguro por n\u00e3o sofrer com o terrorismo, como outros vizinhos do Oriente M\u00e9dio.<\/p>\n<p>Uma imagem mais amig\u00e1vel do Ir\u00e3 tamb\u00e9m parece ter sido mostrada pelo acordo nuclear, firmado com o G5+1 (China, Estados Unidos, Fran\u00e7a, Reino Unido e R\u00fassia mais Alemanha) em julho de 2015, o que significou uma mudan\u00e7a de ciclo para a ind\u00fastria do turismo ao dispersar os impedimentos diplom\u00e1ticos e comerciais.<\/p>\n<p>Na opini\u00e3o do encarregado de rela\u00e7\u00f5es p\u00fablicas da Corpora\u00e7\u00e3o de Desenvolvimento do Turismo do Ir\u00e3, Reza Salehi, o pacto nuclear &#8220;ajudou muito no auge do turismo&#8221;, mas ainda n\u00e3o \u00e9 suficiente.<br \/>\n&#8220;Para se obter um maior crescimento \u00e9 preciso desenvolver tanto os la\u00e7os comerciais como as infraestruturas do pa\u00eds, com a constru\u00e7\u00e3o de novos hot\u00e9is e e \u00e1reas de descanso nas estradas&#8221;, disse.<\/p>\n<p>Salehi tamb\u00e9m reconhece que \u00e9 preciso &#8220;mais divulga\u00e7\u00e3o no exterior a fim de resistir \u00e0 imagem negativa dada por alguns pa\u00edses que t\u00eam la\u00e7os um pouco hostis com o Ir\u00e3\u201d. Temores em rela\u00e7\u00e3o ao regime iraniano continuam a existir, de acordo com v\u00e1rios dos participantes da Conven\u00e7\u00e3o da Federa\u00e7\u00e3o Mundial de Associa\u00e7\u00f5es de Guias de Turismo, que se reuniram no in\u00edcio de fevereiro \u00a0e mostraram grata surpresa pela tranquilidade do pa\u00eds e pela hospitalidade do povo.<\/p>\n<p>Junto a esses medos est\u00e1 a pol\u00edtica do novo governo dos Estados Unidos, liderado por Donald Trump, cujas san\u00e7\u00f5es e o veto migrat\u00f3rio ao Ir\u00e3 &#8211; suspenso pela Justi\u00e7a &#8211; foram contestados por Teer\u00e3 com medidas rec\u00edprocas, afetando o turismo.<\/p>\n<p>Fatima Pahlavan, diretora de marketing e vendas do hotel Enghelab, da companhia Parsian, confirmou que todos os h\u00f3spedes procedentes dos EUA cancelaram suas reservas. Apesar disso, a ocupa\u00e7\u00e3o hoteleira dos Parsian \u00a0chega pr\u00f3xima dos 70%, com destaque no aumento das visitas de turistas europeus. V\u00e1rios dos hot\u00e9is da rede est\u00e3o processo de reforma de acordo com os padr\u00f5es internacionais.<\/p>\n<p style=\"text-align:justify\"><a class=\"fancybox-media\" href=\"..\/_uploads\/_noticia\/2017-02\/iramesquita2d.jpg\" rel=\"portfolio\"><img decoding=\"async\" alt=\"\" src=\"..\/_uploads\/_noticia\/2017-02\/iramesquita2d.jpg\" \/><\/a><br \/>\nO n\u00famero de visitantes estrangeiros aumentou gradualmente desde a chegada \u00a0de Hassan Rohani \u00e0 presid\u00eancia em 2013, superando os cinco milh\u00f5es em 2015. Uma d\u00e9cada antes, \u00a0o n\u00famero \u00a0era s\u00f3 de um milh\u00e3o de pessoas.<\/p>\n<p style=\"text-align:justify\">O percurso mais comum \u00a0\u00e9 a visita \u00e0s cidades hist\u00f3ricas de Isfahan, Shiraz e Tabriz, principalmente para os visitantes com mais de 50 anos, enquanto os jovens buscam excurs\u00f5es pelas montanhas e pelo deserto.\u00a0<\/p>\n<p>O plano do governo iraniano \u00e9 chegar aos 20 milh\u00f5es de turistas\u00a0 em 2025, o que representaria uma receita de US$ 30 bilh\u00f5es, segundo as estimativas da Organiza\u00e7\u00e3o de Patrim\u00f4nio Cultural e Turismo do Ir\u00e3.<\/p>\n<p style=\"text-align:justify\">Entre os anos de 2014 e 2015 foram constru\u00eddos 11 hot\u00e9is e um novo plano est\u00e1 em execu\u00e7\u00e3o na busca de investidores para novos empreendimentos. O governo oferece incentivos na redu\u00e7\u00e3o de impostos.<\/p>\n<p style=\"text-align:justify\">De acordo com os dados divulgados semana passada na Confer\u00eancia de Hot\u00e9is e Investimento em Turismo, apenas 13 dos 96 hot\u00e9is de Teer\u00e3 est\u00e3o classificados com quatro ou cinco estrelas, mas empresas internacionais como Accor e Melia j\u00e1 est\u00e3o envolvidas em projetos.<\/p>\n<p>\u00a0<\/p>\n<p>\u00a0<\/p>\n<p>\u00a0<\/p>\n<p>\u00a0<\/p>\n<p>\u00a0<\/p>\n<p><\/span><\/p>\n","protected":false},"excerpt":{"rendered":"<p>Al\u00e9m do exotismo natural e anos de isolacionismo, \u00e9 preciso melhorar a divulga\u00e7\u00e3o e o pais come\u00e7a a realizar grandes eventos do setor<\/p>\n","protected":false},"author":1,"featured_media":0,"comment_status":"open","ping_status":"open","sticky":false,"template":"","format":"standard","meta":{"footnotes":""},"categories":[],"tags":[],"class_list":["post-2650","post","type-post","status-publish","format-standard","hentry"],"yoast_head":"<!-- This site is optimized with the Yoast SEO plugin v26.2 - https:\/\/yoast.com\/wordpress\/plugins\/seo\/ -->\n<title>IR\u00c3 BUSCA MELHORAR IMAGEM PARA ATRAIR MAIS TURISTAS - Travel3<\/title>\n<meta name=\"description\" content=\"A TRAVEL3 \u00e9 um portal de conte\u00fado voltado para o turismo, encontre destinos, viagens, hospedagem, passagens, guias, not\u00edcias sobre o mercado do turismo, dicas de viagem, v\u00eddeos e podcast.\" \/>\n<meta name=\"robots\" content=\"index, follow, max-snippet:-1, max-image-preview:large, max-video-preview:-1\" \/>\n<link rel=\"canonical\" href=\"https:\/\/www.travel3.com.br\/site\/sem-categoria\/ira-busca-melhorar-imagem-para-atrair-mais-turistas\/\" \/>\n<meta property=\"og:locale\" content=\"pt_BR\" \/>\n<meta property=\"og:type\" content=\"article\" \/>\n<meta property=\"og:title\" content=\"IR\u00c3 BUSCA MELHORAR IMAGEM PARA ATRAIR MAIS TURISTAS - Travel3\" \/>\n<meta property=\"og:description\" content=\"A TRAVEL3 \u00e9 um portal de conte\u00fado voltado para o turismo, encontre destinos, viagens, hospedagem, passagens, guias, not\u00edcias sobre o mercado do turismo, dicas de viagem, v\u00eddeos e podcast.\" \/>\n<meta property=\"og:url\" content=\"https:\/\/www.travel3.com.br\/site\/sem-categoria\/ira-busca-melhorar-imagem-para-atrair-mais-turistas\/\" \/>\n<meta property=\"og:site_name\" content=\"Travel3\" \/>\n<meta property=\"article:publisher\" content=\"https:\/\/www.facebook.com\/travel3media\/\" \/>\n<meta property=\"article:published_time\" content=\"2017-08-07T10:55:07+00:00\" \/>\n<meta name=\"author\" content=\"admin\" \/>\n<meta name=\"twitter:card\" content=\"summary_large_image\" \/>\n<meta name=\"twitter:label1\" content=\"Escrito por\" \/>\n\t<meta name=\"twitter:data1\" content=\"admin\" \/>\n\t<meta name=\"twitter:label2\" content=\"Est. tempo de leitura\" \/>\n\t<meta name=\"twitter:data2\" content=\"4 minutos\" \/>\n<script type=\"application\/ld+json\" class=\"yoast-schema-graph\">{\"@context\":\"https:\/\/schema.org\",\"@graph\":[{\"@type\":\"Article\",\"@id\":\"https:\/\/www.travel3.com.br\/site\/sem-categoria\/ira-busca-melhorar-imagem-para-atrair-mais-turistas\/#article\",\"isPartOf\":{\"@id\":\"https:\/\/www.travel3.com.br\/site\/sem-categoria\/ira-busca-melhorar-imagem-para-atrair-mais-turistas\/\"},\"author\":{\"name\":\"admin\",\"@id\":\"https:\/\/www.travel3.com.br\/site\/#\/schema\/person\/a69d71e41a024999b6ab82369ac0bd1e\"},\"headline\":\"IR\u00c3 BUSCA MELHORAR IMAGEM PARA ATRAIR MAIS TURISTAS\",\"datePublished\":\"2017-08-07T10:55:07+00:00\",\"mainEntityOfPage\":{\"@id\":\"https:\/\/www.travel3.com.br\/site\/sem-categoria\/ira-busca-melhorar-imagem-para-atrair-mais-turistas\/\"},\"wordCount\":719,\"commentCount\":0,\"publisher\":{\"@id\":\"https:\/\/www.travel3.com.br\/site\/#organization\"},\"inLanguage\":\"pt-BR\",\"potentialAction\":[{\"@type\":\"CommentAction\",\"name\":\"Comment\",\"target\":[\"https:\/\/www.travel3.com.br\/site\/sem-categoria\/ira-busca-melhorar-imagem-para-atrair-mais-turistas\/#respond\"]}]},{\"@type\":\"WebPage\",\"@id\":\"https:\/\/www.travel3.com.br\/site\/sem-categoria\/ira-busca-melhorar-imagem-para-atrair-mais-turistas\/\",\"url\":\"https:\/\/www.travel3.com.br\/site\/sem-categoria\/ira-busca-melhorar-imagem-para-atrair-mais-turistas\/\",\"name\":\"IR\u00c3 BUSCA MELHORAR IMAGEM PARA ATRAIR MAIS TURISTAS - Travel3\",\"isPartOf\":{\"@id\":\"https:\/\/www.travel3.com.br\/site\/#website\"},\"datePublished\":\"2017-08-07T10:55:07+00:00\",\"description\":\"A TRAVEL3 \u00e9 um portal de conte\u00fado voltado para o turismo, encontre destinos, viagens, hospedagem, passagens, guias, not\u00edcias sobre o mercado do turismo, dicas de viagem, v\u00eddeos e podcast.\",\"breadcrumb\":{\"@id\":\"https:\/\/www.travel3.com.br\/site\/sem-categoria\/ira-busca-melhorar-imagem-para-atrair-mais-turistas\/#breadcrumb\"},\"inLanguage\":\"pt-BR\",\"potentialAction\":[{\"@type\":\"ReadAction\",\"target\":[\"https:\/\/www.travel3.com.br\/site\/sem-categoria\/ira-busca-melhorar-imagem-para-atrair-mais-turistas\/\"]}]},{\"@type\":\"BreadcrumbList\",\"@id\":\"https:\/\/www.travel3.com.br\/site\/sem-categoria\/ira-busca-melhorar-imagem-para-atrair-mais-turistas\/#breadcrumb\",\"itemListElement\":[{\"@type\":\"ListItem\",\"position\":1,\"name\":\"In\u00edcio\",\"item\":\"https:\/\/www.travel3.com.br\/site\/\"},{\"@type\":\"ListItem\",\"position\":2,\"name\":\"IR\u00c3 BUSCA MELHORAR IMAGEM PARA ATRAIR MAIS TURISTAS\"}]},{\"@type\":\"WebSite\",\"@id\":\"https:\/\/www.travel3.com.br\/site\/#website\",\"url\":\"https:\/\/www.travel3.com.br\/site\/\",\"name\":\"Travel3\",\"description\":\"Lazer + Neg&oacute;cios + Aventura\",\"publisher\":{\"@id\":\"https:\/\/www.travel3.com.br\/site\/#organization\"},\"potentialAction\":[{\"@type\":\"SearchAction\",\"target\":{\"@type\":\"EntryPoint\",\"urlTemplate\":\"https:\/\/www.travel3.com.br\/site\/?s={search_term_string}\"},\"query-input\":{\"@type\":\"PropertyValueSpecification\",\"valueRequired\":true,\"valueName\":\"search_term_string\"}}],\"inLanguage\":\"pt-BR\"},{\"@type\":\"Organization\",\"@id\":\"https:\/\/www.travel3.com.br\/site\/#organization\",\"name\":\"Travel3\",\"url\":\"https:\/\/www.travel3.com.br\/site\/\",\"logo\":{\"@type\":\"ImageObject\",\"inLanguage\":\"pt-BR\",\"@id\":\"https:\/\/www.travel3.com.br\/site\/#\/schema\/logo\/image\/\",\"url\":\"https:\/\/www.travel3.com.br\/site\/wp-content\/uploads\/2020\/01\/logo-travel3-2020.png\",\"contentUrl\":\"https:\/\/www.travel3.com.br\/site\/wp-content\/uploads\/2020\/01\/logo-travel3-2020.png\",\"width\":232,\"height\":79,\"caption\":\"Travel3\"},\"image\":{\"@id\":\"https:\/\/www.travel3.com.br\/site\/#\/schema\/logo\/image\/\"},\"sameAs\":[\"https:\/\/www.facebook.com\/travel3media\/\",\"https:\/\/www.instagram.com\/revistatravel3\/\",\"https:\/\/www.youtube.com\/channel\/UCno7J4paGBR3VbZQzvoJ9Eg\"]},{\"@type\":\"Person\",\"@id\":\"https:\/\/www.travel3.com.br\/site\/#\/schema\/person\/a69d71e41a024999b6ab82369ac0bd1e\",\"name\":\"admin\",\"image\":{\"@type\":\"ImageObject\",\"inLanguage\":\"pt-BR\",\"@id\":\"https:\/\/www.travel3.com.br\/site\/#\/schema\/person\/image\/\",\"url\":\"https:\/\/secure.gravatar.com\/avatar\/732a67adfd764da2a47ba10ce731c4c0?s=96&d=mm&r=g\",\"contentUrl\":\"https:\/\/secure.gravatar.com\/avatar\/732a67adfd764da2a47ba10ce731c4c0?s=96&d=mm&r=g\",\"caption\":\"admin\"},\"url\":\"https:\/\/www.travel3.com.br\/site\/author\/admin\/\"}]}<\/script>\n<!-- \/ Yoast SEO plugin. -->","yoast_head_json":{"title":"IR\u00c3 BUSCA MELHORAR IMAGEM PARA ATRAIR MAIS TURISTAS - Travel3","description":"A TRAVEL3 \u00e9 um portal de conte\u00fado voltado para o turismo, encontre destinos, viagens, hospedagem, passagens, guias, not\u00edcias sobre o mercado do turismo, dicas de viagem, v\u00eddeos e podcast.","robots":{"index":"index","follow":"follow","max-snippet":"max-snippet:-1","max-image-preview":"max-image-preview:large","max-video-preview":"max-video-preview:-1"},"canonical":"https:\/\/www.travel3.com.br\/site\/sem-categoria\/ira-busca-melhorar-imagem-para-atrair-mais-turistas\/","og_locale":"pt_BR","og_type":"article","og_title":"IR\u00c3 BUSCA MELHORAR IMAGEM PARA ATRAIR MAIS TURISTAS - Travel3","og_description":"A TRAVEL3 \u00e9 um portal de conte\u00fado voltado para o turismo, encontre destinos, viagens, hospedagem, passagens, guias, not\u00edcias sobre o mercado do turismo, dicas de viagem, v\u00eddeos e podcast.","og_url":"https:\/\/www.travel3.com.br\/site\/sem-categoria\/ira-busca-melhorar-imagem-para-atrair-mais-turistas\/","og_site_name":"Travel3","article_publisher":"https:\/\/www.facebook.com\/travel3media\/","article_published_time":"2017-08-07T10:55:07+00:00","author":"admin","twitter_card":"summary_large_image","twitter_misc":{"Escrito por":"admin","Est. tempo de leitura":"4 minutos"},"schema":{"@context":"https:\/\/schema.org","@graph":[{"@type":"Article","@id":"https:\/\/www.travel3.com.br\/site\/sem-categoria\/ira-busca-melhorar-imagem-para-atrair-mais-turistas\/#article","isPartOf":{"@id":"https:\/\/www.travel3.com.br\/site\/sem-categoria\/ira-busca-melhorar-imagem-para-atrair-mais-turistas\/"},"author":{"name":"admin","@id":"https:\/\/www.travel3.com.br\/site\/#\/schema\/person\/a69d71e41a024999b6ab82369ac0bd1e"},"headline":"IR\u00c3 BUSCA MELHORAR IMAGEM PARA ATRAIR MAIS TURISTAS","datePublished":"2017-08-07T10:55:07+00:00","mainEntityOfPage":{"@id":"https:\/\/www.travel3.com.br\/site\/sem-categoria\/ira-busca-melhorar-imagem-para-atrair-mais-turistas\/"},"wordCount":719,"commentCount":0,"publisher":{"@id":"https:\/\/www.travel3.com.br\/site\/#organization"},"inLanguage":"pt-BR","potentialAction":[{"@type":"CommentAction","name":"Comment","target":["https:\/\/www.travel3.com.br\/site\/sem-categoria\/ira-busca-melhorar-imagem-para-atrair-mais-turistas\/#respond"]}]},{"@type":"WebPage","@id":"https:\/\/www.travel3.com.br\/site\/sem-categoria\/ira-busca-melhorar-imagem-para-atrair-mais-turistas\/","url":"https:\/\/www.travel3.com.br\/site\/sem-categoria\/ira-busca-melhorar-imagem-para-atrair-mais-turistas\/","name":"IR\u00c3 BUSCA MELHORAR IMAGEM PARA ATRAIR MAIS TURISTAS - Travel3","isPartOf":{"@id":"https:\/\/www.travel3.com.br\/site\/#website"},"datePublished":"2017-08-07T10:55:07+00:00","description":"A TRAVEL3 \u00e9 um portal de conte\u00fado voltado para o turismo, encontre destinos, viagens, hospedagem, passagens, guias, not\u00edcias sobre o mercado do turismo, dicas de viagem, v\u00eddeos e podcast.","breadcrumb":{"@id":"https:\/\/www.travel3.com.br\/site\/sem-categoria\/ira-busca-melhorar-imagem-para-atrair-mais-turistas\/#breadcrumb"},"inLanguage":"pt-BR","potentialAction":[{"@type":"ReadAction","target":["https:\/\/www.travel3.com.br\/site\/sem-categoria\/ira-busca-melhorar-imagem-para-atrair-mais-turistas\/"]}]},{"@type":"BreadcrumbList","@id":"https:\/\/www.travel3.com.br\/site\/sem-categoria\/ira-busca-melhorar-imagem-para-atrair-mais-turistas\/#breadcrumb","itemListElement":[{"@type":"ListItem","position":1,"name":"In\u00edcio","item":"https:\/\/www.travel3.com.br\/site\/"},{"@type":"ListItem","position":2,"name":"IR\u00c3 BUSCA MELHORAR IMAGEM PARA ATRAIR MAIS TURISTAS"}]},{"@type":"WebSite","@id":"https:\/\/www.travel3.com.br\/site\/#website","url":"https:\/\/www.travel3.com.br\/site\/","name":"Travel3","description":"Lazer + Neg&oacute;cios + Aventura","publisher":{"@id":"https:\/\/www.travel3.com.br\/site\/#organization"},"potentialAction":[{"@type":"SearchAction","target":{"@type":"EntryPoint","urlTemplate":"https:\/\/www.travel3.com.br\/site\/?s={search_term_string}"},"query-input":{"@type":"PropertyValueSpecification","valueRequired":true,"valueName":"search_term_string"}}],"inLanguage":"pt-BR"},{"@type":"Organization","@id":"https:\/\/www.travel3.com.br\/site\/#organization","name":"Travel3","url":"https:\/\/www.travel3.com.br\/site\/","logo":{"@type":"ImageObject","inLanguage":"pt-BR","@id":"https:\/\/www.travel3.com.br\/site\/#\/schema\/logo\/image\/","url":"https:\/\/www.travel3.com.br\/site\/wp-content\/uploads\/2020\/01\/logo-travel3-2020.png","contentUrl":"https:\/\/www.travel3.com.br\/site\/wp-content\/uploads\/2020\/01\/logo-travel3-2020.png","width":232,"height":79,"caption":"Travel3"},"image":{"@id":"https:\/\/www.travel3.com.br\/site\/#\/schema\/logo\/image\/"},"sameAs":["https:\/\/www.facebook.com\/travel3media\/","https:\/\/www.instagram.com\/revistatravel3\/","https:\/\/www.youtube.com\/channel\/UCno7J4paGBR3VbZQzvoJ9Eg"]},{"@type":"Person","@id":"https:\/\/www.travel3.com.br\/site\/#\/schema\/person\/a69d71e41a024999b6ab82369ac0bd1e","name":"admin","image":{"@type":"ImageObject","inLanguage":"pt-BR","@id":"https:\/\/www.travel3.com.br\/site\/#\/schema\/person\/image\/","url":"https:\/\/secure.gravatar.com\/avatar\/732a67adfd764da2a47ba10ce731c4c0?s=96&d=mm&r=g","contentUrl":"https:\/\/secure.gravatar.com\/avatar\/732a67adfd764da2a47ba10ce731c4c0?s=96&d=mm&r=g","caption":"admin"},"url":"https:\/\/www.travel3.com.br\/site\/author\/admin\/"}]}},"_links":{"self":[{"href":"https:\/\/www.travel3.com.br\/site\/wp-json\/wp\/v2\/posts\/2650","targetHints":{"allow":["GET"]}}],"collection":[{"href":"https:\/\/www.travel3.com.br\/site\/wp-json\/wp\/v2\/posts"}],"about":[{"href":"https:\/\/www.travel3.com.br\/site\/wp-json\/wp\/v2\/types\/post"}],"author":[{"embeddable":true,"href":"https:\/\/www.travel3.com.br\/site\/wp-json\/wp\/v2\/users\/1"}],"replies":[{"embeddable":true,"href":"https:\/\/www.travel3.com.br\/site\/wp-json\/wp\/v2\/comments?post=2650"}],"version-history":[{"count":0,"href":"https:\/\/www.travel3.com.br\/site\/wp-json\/wp\/v2\/posts\/2650\/revisions"}],"wp:attachment":[{"href":"https:\/\/www.travel3.com.br\/site\/wp-json\/wp\/v2\/media?parent=2650"}],"wp:term":[{"taxonomy":"category","embeddable":true,"href":"https:\/\/www.travel3.com.br\/site\/wp-json\/wp\/v2\/categories?post=2650"},{"taxonomy":"post_tag","embeddable":true,"href":"https:\/\/www.travel3.com.br\/site\/wp-json\/wp\/v2\/tags?post=2650"}],"curies":[{"name":"wp","href":"https:\/\/api.w.org\/{rel}","templated":true}]}}