{"id":26480,"date":"2019-08-23T17:40:02","date_gmt":"2019-08-23T20:40:02","guid":{"rendered":"https:\/\/www.travel3.com.br\/?p=26480"},"modified":"2019-08-23T17:42:00","modified_gmt":"2019-08-23T20:42:00","slug":"as-pelucias-voltaram","status":"publish","type":"post","link":"https:\/\/www.travel3.com.br\/site\/acontece-no-turismo\/as-pelucias-voltaram\/","title":{"rendered":"As pel\u00facias voltaram para alegrar campanha de vendas da Flytour Viagens"},"content":{"rendered":"\n<h3 class=\"wp-block-heading\" style=\"text-align:center\">Para a Semana da Crian\u00e7a, venda de produtos Disney d\u00e1 pr\u00eamios aos agentes de viagem<\/h3>\n\n\n\n<p>As pel\u00facias voltaram para deixar a Semana da Crian\u00e7a ainda mais feliz para os agentes de viagem. Al\u00e9m de venderem v\u00e1rios pacotes para as fam\u00edlias de todo o Brasil, os profissionais poder\u00e3o levar para casa as mais lindas pel\u00facias dos personagens Disney.<\/p>\n\n\n\n<figure class=\"wp-block-embed-youtube aligncenter wp-block-embed is-type-video is-provider-youtube wp-embed-aspect-16-9 wp-has-aspect-ratio\"><div class=\"wp-block-embed__wrapper\">\n<div class=\"jeg_video_container jeg_video_content\"><iframe loading=\"lazy\" title=\"As Pelucias Voltaram - Campanha de Vendas Semana da Crianca Flytour Viagens\" width=\"500\" height=\"281\" src=\"https:\/\/www.youtube.com\/embed\/FHVwWGTweaw?feature=oembed\" frameborder=\"0\" allow=\"accelerometer; autoplay; clipboard-write; encrypted-media; gyroscope; picture-in-picture; web-share\" referrerpolicy=\"strict-origin-when-cross-origin\" allowfullscreen><\/iframe><\/div>\n<\/div><\/figure>\n\n\n\n<p>Pel\u00facias da Minnie, do Mickey, Pateta e toda a turma dos mais famosos desenhos animados ser\u00e3o o presente para os agentes de viagem que mais se destacarem na venda de produtos e pacotes da Disney.<\/p>\n\n\n\n<blockquote class=\"wp-block-quote is-style-large is-layout-flow wp-block-quote-is-layout-flow\"><p>Premiar os agentes com uma pel\u00facia \u00e9 uma maneira de agradecer toda\u00a0a dedica\u00e7\u00e3o desses profissionais. Com os esfor\u00e7os deles e a nossa expertise, fazemos dos produtos da Disney um grande destaque dentro da operadora.<\/p><cite>Barbara Picolo &#8211; Diretora de Produtos Internacionais da Flytour Viagens<\/cite><\/blockquote>\n\n\n\n<div class=\"wp-block-image\"><figure class=\"aligncenter\"><img loading=\"lazy\" decoding=\"async\" width=\"1024\" height=\"768\" src=\"https:\/\/www.travel3.com.br\/site\/wp-content\/uploads\/2019\/08\/WhatsApp-Image-2019-08-23-at-16.38.20-2-1024x768.jpeg\" alt=\"Pel\u00facias Voltaram Flytour Viagens\" class=\"wp-image-26482\" srcset=\"https:\/\/www.travel3.com.br\/site\/wp-content\/uploads\/2019\/08\/WhatsApp-Image-2019-08-23-at-16.38.20-2-1024x768.jpeg 1024w, https:\/\/www.travel3.com.br\/site\/wp-content\/uploads\/2019\/08\/WhatsApp-Image-2019-08-23-at-16.38.20-2-300x225.jpeg 300w, https:\/\/www.travel3.com.br\/site\/wp-content\/uploads\/2019\/08\/WhatsApp-Image-2019-08-23-at-16.38.20-2-768x576.jpeg 768w, https:\/\/www.travel3.com.br\/site\/wp-content\/uploads\/2019\/08\/WhatsApp-Image-2019-08-23-at-16.38.20-2-750x563.jpeg 750w, https:\/\/www.travel3.com.br\/site\/wp-content\/uploads\/2019\/08\/WhatsApp-Image-2019-08-23-at-16.38.20-2-1140x855.jpeg 1140w, https:\/\/www.travel3.com.br\/site\/wp-content\/uploads\/2019\/08\/WhatsApp-Image-2019-08-23-at-16.38.20-2.jpeg 1280w\" sizes=\"auto, (max-width: 1024px) 100vw, 1024px\" \/><\/figure><\/div>\n\n\n\n<h2 class=\"wp-block-heading\">As Pel\u00facias Voltaram &#8211; confira detalhes da campanha de vendas Flytour Viagens<\/h2>\n\n\n\n<p>A cada R$ 20.000,00 em vendas, o agente de viagens tem direito\u00a0a\u00a01 pel\u00facia<strong>\u00a0<\/strong>de\u00a01 dos\u00a0personagens como o Mickey, Minnie, Pateta, Pato Donald, Margarida,\u00a0<a rel=\"noreferrer noopener\" href=\"https:\/\/www.google.com\/search?q=Stitch&amp;spell=1&amp;sa=X&amp;ved=0ahUKEwjRjqWrmJLkAhWbF7kGHXVkBGIQBQgtKAA\" target=\"_blank\">Stitch<\/a>, Olaf, Nala, Nemo, Gato Listrado ou at\u00e9 mesmo o G\u00eanio da l\u00e2mpada. A campanha acontece de 20 de agosto a 30 de setembro ou at\u00e9 durar o estoque (restrito para os 40 primeiros ganhadores).<\/p>\n","protected":false},"excerpt":{"rendered":"<p>Para a Semana da Crian\u00e7a, venda de produtos Disney d\u00e1 pr\u00eamios aos agentes de viagem As pel\u00facias voltaram para deixar a Semana da Crian\u00e7a ainda mais feliz para os agentes de viagem. Al\u00e9m de venderem v\u00e1rios pacotes para as fam\u00edlias de todo o Brasil, os profissionais poder\u00e3o levar para casa as mais lindas pel\u00facias dos [&hellip;]<\/p>\n","protected":false},"author":6,"featured_media":26483,"comment_status":"open","ping_status":"open","sticky":false,"template":"","format":"standard","meta":{"footnotes":""},"categories":[969,226,3,4],"tags":[1654,264,3639],"class_list":["post-26480","post","type-post","status-publish","format-standard","has-post-thumbnail","hentry","category-acontece-no-turismo","category-destaque","category-negocios","category-operadoras","tag-campanha-de-vendas","tag-flytour-viagens","tag-semana-da-crianca"],"yoast_head":"<!-- This site is optimized with the Yoast SEO plugin v26.2 - https:\/\/yoast.com\/wordpress\/plugins\/seo\/ -->\n<title>As pel\u00facias voltaram para alegrar campanha de vendas da Flytour Viagens<\/title>\n<meta name=\"description\" content=\"As pel\u00facias voltaram para alegrar campanha de vendas da Flytour Viagens; Para a Semana da Crian\u00e7a, venda de produtos Disney d\u00e1 pr\u00eamios aos agentes de viagem\" \/>\n<meta name=\"robots\" content=\"index, follow, max-snippet:-1, max-image-preview:large, max-video-preview:-1\" \/>\n<link rel=\"canonical\" href=\"https:\/\/www.travel3.com.br\/site\/acontece-no-turismo\/as-pelucias-voltaram\/\" \/>\n<meta property=\"og:locale\" content=\"pt_BR\" \/>\n<meta property=\"og:type\" content=\"article\" \/>\n<meta property=\"og:title\" content=\"As pel\u00facias voltaram para alegrar campanha de vendas da Flytour Viagens\" \/>\n<meta property=\"og:description\" content=\"As pel\u00facias voltaram para alegrar campanha de vendas da Flytour Viagens; Para a Semana da Crian\u00e7a, venda de produtos Disney d\u00e1 pr\u00eamios aos agentes de viagem\" \/>\n<meta property=\"og:url\" content=\"https:\/\/www.travel3.com.br\/site\/acontece-no-turismo\/as-pelucias-voltaram\/\" \/>\n<meta property=\"og:site_name\" content=\"Travel3\" \/>\n<meta property=\"article:publisher\" content=\"https:\/\/www.facebook.com\/travel3media\/\" \/>\n<meta property=\"article:published_time\" content=\"2019-08-23T20:40:02+00:00\" \/>\n<meta property=\"article:modified_time\" content=\"2019-08-23T20:42:00+00:00\" \/>\n<meta property=\"og:image\" content=\"https:\/\/www.travel3.com.br\/site\/wp-content\/uploads\/2019\/08\/WhatsApp-Image-2019-08-23-at-16.38.20.jpeg\" \/>\n\t<meta property=\"og:image:width\" content=\"1280\" \/>\n\t<meta property=\"og:image:height\" content=\"960\" \/>\n\t<meta property=\"og:image:type\" content=\"image\/jpeg\" \/>\n<meta name=\"author\" content=\"Reda\u00e7\u00e3o Travel3\" \/>\n<meta name=\"twitter:card\" content=\"summary_large_image\" \/>\n<meta name=\"twitter:label1\" content=\"Escrito por\" \/>\n\t<meta name=\"twitter:data1\" content=\"Reda\u00e7\u00e3o Travel3\" \/>\n\t<meta name=\"twitter:label2\" content=\"Est. tempo de leitura\" \/>\n\t<meta name=\"twitter:data2\" content=\"1 minuto\" \/>\n<script type=\"application\/ld+json\" class=\"yoast-schema-graph\">{\"@context\":\"https:\/\/schema.org\",\"@graph\":[{\"@type\":\"Article\",\"@id\":\"https:\/\/www.travel3.com.br\/site\/acontece-no-turismo\/as-pelucias-voltaram\/#article\",\"isPartOf\":{\"@id\":\"https:\/\/www.travel3.com.br\/site\/acontece-no-turismo\/as-pelucias-voltaram\/\"},\"author\":{\"name\":\"Reda\u00e7\u00e3o Travel3\",\"@id\":\"https:\/\/www.travel3.com.br\/site\/#\/schema\/person\/9cff8daac0a2f1aa0799f827b8aa8308\"},\"headline\":\"As pel\u00facias voltaram para alegrar campanha de vendas da Flytour Viagens\",\"datePublished\":\"2019-08-23T20:40:02+00:00\",\"dateModified\":\"2019-08-23T20:42:00+00:00\",\"mainEntityOfPage\":{\"@id\":\"https:\/\/www.travel3.com.br\/site\/acontece-no-turismo\/as-pelucias-voltaram\/\"},\"wordCount\":241,\"commentCount\":0,\"publisher\":{\"@id\":\"https:\/\/www.travel3.com.br\/site\/#organization\"},\"image\":{\"@id\":\"https:\/\/www.travel3.com.br\/site\/acontece-no-turismo\/as-pelucias-voltaram\/#primaryimage\"},\"thumbnailUrl\":\"https:\/\/www.travel3.com.br\/site\/wp-content\/uploads\/2019\/08\/WhatsApp-Image-2019-08-23-at-16.38.20.jpeg\",\"keywords\":[\"campanha de vendas\",\"Flytour Viagens\",\"Semana da Crian\u00e7a\"],\"articleSection\":[\"Acontece no Turismo\",\"Destaque\",\"Neg\u00f3cios\",\"Operadoras\"],\"inLanguage\":\"pt-BR\",\"potentialAction\":[{\"@type\":\"CommentAction\",\"name\":\"Comment\",\"target\":[\"https:\/\/www.travel3.com.br\/site\/acontece-no-turismo\/as-pelucias-voltaram\/#respond\"]}]},{\"@type\":\"WebPage\",\"@id\":\"https:\/\/www.travel3.com.br\/site\/acontece-no-turismo\/as-pelucias-voltaram\/\",\"url\":\"https:\/\/www.travel3.com.br\/site\/acontece-no-turismo\/as-pelucias-voltaram\/\",\"name\":\"As pel\u00facias voltaram para alegrar campanha de vendas da Flytour Viagens\",\"isPartOf\":{\"@id\":\"https:\/\/www.travel3.com.br\/site\/#website\"},\"primaryImageOfPage\":{\"@id\":\"https:\/\/www.travel3.com.br\/site\/acontece-no-turismo\/as-pelucias-voltaram\/#primaryimage\"},\"image\":{\"@id\":\"https:\/\/www.travel3.com.br\/site\/acontece-no-turismo\/as-pelucias-voltaram\/#primaryimage\"},\"thumbnailUrl\":\"https:\/\/www.travel3.com.br\/site\/wp-content\/uploads\/2019\/08\/WhatsApp-Image-2019-08-23-at-16.38.20.jpeg\",\"datePublished\":\"2019-08-23T20:40:02+00:00\",\"dateModified\":\"2019-08-23T20:42:00+00:00\",\"description\":\"As pel\u00facias voltaram para alegrar campanha de vendas da Flytour Viagens; Para a Semana da Crian\u00e7a, venda de produtos Disney d\u00e1 pr\u00eamios aos agentes de viagem\",\"breadcrumb\":{\"@id\":\"https:\/\/www.travel3.com.br\/site\/acontece-no-turismo\/as-pelucias-voltaram\/#breadcrumb\"},\"inLanguage\":\"pt-BR\",\"potentialAction\":[{\"@type\":\"ReadAction\",\"target\":[\"https:\/\/www.travel3.com.br\/site\/acontece-no-turismo\/as-pelucias-voltaram\/\"]}]},{\"@type\":\"ImageObject\",\"inLanguage\":\"pt-BR\",\"@id\":\"https:\/\/www.travel3.com.br\/site\/acontece-no-turismo\/as-pelucias-voltaram\/#primaryimage\",\"url\":\"https:\/\/www.travel3.com.br\/site\/wp-content\/uploads\/2019\/08\/WhatsApp-Image-2019-08-23-at-16.38.20.jpeg\",\"contentUrl\":\"https:\/\/www.travel3.com.br\/site\/wp-content\/uploads\/2019\/08\/WhatsApp-Image-2019-08-23-at-16.38.20.jpeg\",\"width\":1280,\"height\":960,\"caption\":\"As pel\u00facias voltaram e esperam os agentes na Flytour Viagens (Fotos: Divulga\u00e7\u00e3o)\"},{\"@type\":\"BreadcrumbList\",\"@id\":\"https:\/\/www.travel3.com.br\/site\/acontece-no-turismo\/as-pelucias-voltaram\/#breadcrumb\",\"itemListElement\":[{\"@type\":\"ListItem\",\"position\":1,\"name\":\"In\u00edcio\",\"item\":\"https:\/\/www.travel3.com.br\/site\/\"},{\"@type\":\"ListItem\",\"position\":2,\"name\":\"As pel\u00facias voltaram para alegrar campanha de vendas da Flytour Viagens\"}]},{\"@type\":\"WebSite\",\"@id\":\"https:\/\/www.travel3.com.br\/site\/#website\",\"url\":\"https:\/\/www.travel3.com.br\/site\/\",\"name\":\"Travel3\",\"description\":\"Lazer + Neg&oacute;cios + Aventura\",\"publisher\":{\"@id\":\"https:\/\/www.travel3.com.br\/site\/#organization\"},\"potentialAction\":[{\"@type\":\"SearchAction\",\"target\":{\"@type\":\"EntryPoint\",\"urlTemplate\":\"https:\/\/www.travel3.com.br\/site\/?s={search_term_string}\"},\"query-input\":{\"@type\":\"PropertyValueSpecification\",\"valueRequired\":true,\"valueName\":\"search_term_string\"}}],\"inLanguage\":\"pt-BR\"},{\"@type\":\"Organization\",\"@id\":\"https:\/\/www.travel3.com.br\/site\/#organization\",\"name\":\"Travel3\",\"url\":\"https:\/\/www.travel3.com.br\/site\/\",\"logo\":{\"@type\":\"ImageObject\",\"inLanguage\":\"pt-BR\",\"@id\":\"https:\/\/www.travel3.com.br\/site\/#\/schema\/logo\/image\/\",\"url\":\"https:\/\/www.travel3.com.br\/site\/wp-content\/uploads\/2020\/01\/logo-travel3-2020.png\",\"contentUrl\":\"https:\/\/www.travel3.com.br\/site\/wp-content\/uploads\/2020\/01\/logo-travel3-2020.png\",\"width\":232,\"height\":79,\"caption\":\"Travel3\"},\"image\":{\"@id\":\"https:\/\/www.travel3.com.br\/site\/#\/schema\/logo\/image\/\"},\"sameAs\":[\"https:\/\/www.facebook.com\/travel3media\/\",\"https:\/\/www.instagram.com\/revistatravel3\/\",\"https:\/\/www.youtube.com\/channel\/UCno7J4paGBR3VbZQzvoJ9Eg\"]},{\"@type\":\"Person\",\"@id\":\"https:\/\/www.travel3.com.br\/site\/#\/schema\/person\/9cff8daac0a2f1aa0799f827b8aa8308\",\"name\":\"Reda\u00e7\u00e3o Travel3\",\"image\":{\"@type\":\"ImageObject\",\"inLanguage\":\"pt-BR\",\"@id\":\"https:\/\/www.travel3.com.br\/site\/#\/schema\/person\/image\/\",\"url\":\"https:\/\/secure.gravatar.com\/avatar\/6e6125525e1f04b7b8c607d71556e490?s=96&d=mm&r=g\",\"contentUrl\":\"https:\/\/secure.gravatar.com\/avatar\/6e6125525e1f04b7b8c607d71556e490?s=96&d=mm&r=g\",\"caption\":\"Reda\u00e7\u00e3o Travel3\"},\"sameAs\":[\"http:\/\/www.travel3.com.br\"],\"url\":\"https:\/\/www.travel3.com.br\/site\/author\/redacao2\/\"}]}<\/script>\n<!-- \/ Yoast SEO plugin. -->","yoast_head_json":{"title":"As pel\u00facias voltaram para alegrar campanha de vendas da Flytour Viagens","description":"As pel\u00facias voltaram para alegrar campanha de vendas da Flytour Viagens; Para a Semana da Crian\u00e7a, venda de produtos Disney d\u00e1 pr\u00eamios aos agentes de viagem","robots":{"index":"index","follow":"follow","max-snippet":"max-snippet:-1","max-image-preview":"max-image-preview:large","max-video-preview":"max-video-preview:-1"},"canonical":"https:\/\/www.travel3.com.br\/site\/acontece-no-turismo\/as-pelucias-voltaram\/","og_locale":"pt_BR","og_type":"article","og_title":"As pel\u00facias voltaram para alegrar campanha de vendas da Flytour Viagens","og_description":"As pel\u00facias voltaram para alegrar campanha de vendas da Flytour Viagens; Para a Semana da Crian\u00e7a, venda de produtos Disney d\u00e1 pr\u00eamios aos agentes de viagem","og_url":"https:\/\/www.travel3.com.br\/site\/acontece-no-turismo\/as-pelucias-voltaram\/","og_site_name":"Travel3","article_publisher":"https:\/\/www.facebook.com\/travel3media\/","article_published_time":"2019-08-23T20:40:02+00:00","article_modified_time":"2019-08-23T20:42:00+00:00","og_image":[{"width":1280,"height":960,"url":"https:\/\/www.travel3.com.br\/site\/wp-content\/uploads\/2019\/08\/WhatsApp-Image-2019-08-23-at-16.38.20.jpeg","type":"image\/jpeg"}],"author":"Reda\u00e7\u00e3o Travel3","twitter_card":"summary_large_image","twitter_misc":{"Escrito por":"Reda\u00e7\u00e3o Travel3","Est. tempo de leitura":"1 minuto"},"schema":{"@context":"https:\/\/schema.org","@graph":[{"@type":"Article","@id":"https:\/\/www.travel3.com.br\/site\/acontece-no-turismo\/as-pelucias-voltaram\/#article","isPartOf":{"@id":"https:\/\/www.travel3.com.br\/site\/acontece-no-turismo\/as-pelucias-voltaram\/"},"author":{"name":"Reda\u00e7\u00e3o Travel3","@id":"https:\/\/www.travel3.com.br\/site\/#\/schema\/person\/9cff8daac0a2f1aa0799f827b8aa8308"},"headline":"As pel\u00facias voltaram para alegrar campanha de vendas da Flytour Viagens","datePublished":"2019-08-23T20:40:02+00:00","dateModified":"2019-08-23T20:42:00+00:00","mainEntityOfPage":{"@id":"https:\/\/www.travel3.com.br\/site\/acontece-no-turismo\/as-pelucias-voltaram\/"},"wordCount":241,"commentCount":0,"publisher":{"@id":"https:\/\/www.travel3.com.br\/site\/#organization"},"image":{"@id":"https:\/\/www.travel3.com.br\/site\/acontece-no-turismo\/as-pelucias-voltaram\/#primaryimage"},"thumbnailUrl":"https:\/\/www.travel3.com.br\/site\/wp-content\/uploads\/2019\/08\/WhatsApp-Image-2019-08-23-at-16.38.20.jpeg","keywords":["campanha de vendas","Flytour Viagens","Semana da Crian\u00e7a"],"articleSection":["Acontece no Turismo","Destaque","Neg\u00f3cios","Operadoras"],"inLanguage":"pt-BR","potentialAction":[{"@type":"CommentAction","name":"Comment","target":["https:\/\/www.travel3.com.br\/site\/acontece-no-turismo\/as-pelucias-voltaram\/#respond"]}]},{"@type":"WebPage","@id":"https:\/\/www.travel3.com.br\/site\/acontece-no-turismo\/as-pelucias-voltaram\/","url":"https:\/\/www.travel3.com.br\/site\/acontece-no-turismo\/as-pelucias-voltaram\/","name":"As pel\u00facias voltaram para alegrar campanha de vendas da Flytour Viagens","isPartOf":{"@id":"https:\/\/www.travel3.com.br\/site\/#website"},"primaryImageOfPage":{"@id":"https:\/\/www.travel3.com.br\/site\/acontece-no-turismo\/as-pelucias-voltaram\/#primaryimage"},"image":{"@id":"https:\/\/www.travel3.com.br\/site\/acontece-no-turismo\/as-pelucias-voltaram\/#primaryimage"},"thumbnailUrl":"https:\/\/www.travel3.com.br\/site\/wp-content\/uploads\/2019\/08\/WhatsApp-Image-2019-08-23-at-16.38.20.jpeg","datePublished":"2019-08-23T20:40:02+00:00","dateModified":"2019-08-23T20:42:00+00:00","description":"As pel\u00facias voltaram para alegrar campanha de vendas da Flytour Viagens; Para a Semana da Crian\u00e7a, venda de produtos Disney d\u00e1 pr\u00eamios aos agentes de viagem","breadcrumb":{"@id":"https:\/\/www.travel3.com.br\/site\/acontece-no-turismo\/as-pelucias-voltaram\/#breadcrumb"},"inLanguage":"pt-BR","potentialAction":[{"@type":"ReadAction","target":["https:\/\/www.travel3.com.br\/site\/acontece-no-turismo\/as-pelucias-voltaram\/"]}]},{"@type":"ImageObject","inLanguage":"pt-BR","@id":"https:\/\/www.travel3.com.br\/site\/acontece-no-turismo\/as-pelucias-voltaram\/#primaryimage","url":"https:\/\/www.travel3.com.br\/site\/wp-content\/uploads\/2019\/08\/WhatsApp-Image-2019-08-23-at-16.38.20.jpeg","contentUrl":"https:\/\/www.travel3.com.br\/site\/wp-content\/uploads\/2019\/08\/WhatsApp-Image-2019-08-23-at-16.38.20.jpeg","width":1280,"height":960,"caption":"As pel\u00facias voltaram e esperam os agentes na Flytour Viagens (Fotos: Divulga\u00e7\u00e3o)"},{"@type":"BreadcrumbList","@id":"https:\/\/www.travel3.com.br\/site\/acontece-no-turismo\/as-pelucias-voltaram\/#breadcrumb","itemListElement":[{"@type":"ListItem","position":1,"name":"In\u00edcio","item":"https:\/\/www.travel3.com.br\/site\/"},{"@type":"ListItem","position":2,"name":"As pel\u00facias voltaram para alegrar campanha de vendas da Flytour Viagens"}]},{"@type":"WebSite","@id":"https:\/\/www.travel3.com.br\/site\/#website","url":"https:\/\/www.travel3.com.br\/site\/","name":"Travel3","description":"Lazer + Neg&oacute;cios + Aventura","publisher":{"@id":"https:\/\/www.travel3.com.br\/site\/#organization"},"potentialAction":[{"@type":"SearchAction","target":{"@type":"EntryPoint","urlTemplate":"https:\/\/www.travel3.com.br\/site\/?s={search_term_string}"},"query-input":{"@type":"PropertyValueSpecification","valueRequired":true,"valueName":"search_term_string"}}],"inLanguage":"pt-BR"},{"@type":"Organization","@id":"https:\/\/www.travel3.com.br\/site\/#organization","name":"Travel3","url":"https:\/\/www.travel3.com.br\/site\/","logo":{"@type":"ImageObject","inLanguage":"pt-BR","@id":"https:\/\/www.travel3.com.br\/site\/#\/schema\/logo\/image\/","url":"https:\/\/www.travel3.com.br\/site\/wp-content\/uploads\/2020\/01\/logo-travel3-2020.png","contentUrl":"https:\/\/www.travel3.com.br\/site\/wp-content\/uploads\/2020\/01\/logo-travel3-2020.png","width":232,"height":79,"caption":"Travel3"},"image":{"@id":"https:\/\/www.travel3.com.br\/site\/#\/schema\/logo\/image\/"},"sameAs":["https:\/\/www.facebook.com\/travel3media\/","https:\/\/www.instagram.com\/revistatravel3\/","https:\/\/www.youtube.com\/channel\/UCno7J4paGBR3VbZQzvoJ9Eg"]},{"@type":"Person","@id":"https:\/\/www.travel3.com.br\/site\/#\/schema\/person\/9cff8daac0a2f1aa0799f827b8aa8308","name":"Reda\u00e7\u00e3o Travel3","image":{"@type":"ImageObject","inLanguage":"pt-BR","@id":"https:\/\/www.travel3.com.br\/site\/#\/schema\/person\/image\/","url":"https:\/\/secure.gravatar.com\/avatar\/6e6125525e1f04b7b8c607d71556e490?s=96&d=mm&r=g","contentUrl":"https:\/\/secure.gravatar.com\/avatar\/6e6125525e1f04b7b8c607d71556e490?s=96&d=mm&r=g","caption":"Reda\u00e7\u00e3o Travel3"},"sameAs":["http:\/\/www.travel3.com.br"],"url":"https:\/\/www.travel3.com.br\/site\/author\/redacao2\/"}]}},"_links":{"self":[{"href":"https:\/\/www.travel3.com.br\/site\/wp-json\/wp\/v2\/posts\/26480","targetHints":{"allow":["GET"]}}],"collection":[{"href":"https:\/\/www.travel3.com.br\/site\/wp-json\/wp\/v2\/posts"}],"about":[{"href":"https:\/\/www.travel3.com.br\/site\/wp-json\/wp\/v2\/types\/post"}],"author":[{"embeddable":true,"href":"https:\/\/www.travel3.com.br\/site\/wp-json\/wp\/v2\/users\/6"}],"replies":[{"embeddable":true,"href":"https:\/\/www.travel3.com.br\/site\/wp-json\/wp\/v2\/comments?post=26480"}],"version-history":[{"count":3,"href":"https:\/\/www.travel3.com.br\/site\/wp-json\/wp\/v2\/posts\/26480\/revisions"}],"predecessor-version":[{"id":26486,"href":"https:\/\/www.travel3.com.br\/site\/wp-json\/wp\/v2\/posts\/26480\/revisions\/26486"}],"wp:featuredmedia":[{"embeddable":true,"href":"https:\/\/www.travel3.com.br\/site\/wp-json\/wp\/v2\/media\/26483"}],"wp:attachment":[{"href":"https:\/\/www.travel3.com.br\/site\/wp-json\/wp\/v2\/media?parent=26480"}],"wp:term":[{"taxonomy":"category","embeddable":true,"href":"https:\/\/www.travel3.com.br\/site\/wp-json\/wp\/v2\/categories?post=26480"},{"taxonomy":"post_tag","embeddable":true,"href":"https:\/\/www.travel3.com.br\/site\/wp-json\/wp\/v2\/tags?post=26480"}],"curies":[{"name":"wp","href":"https:\/\/api.w.org\/{rel}","templated":true}]}}