{"id":2636,"date":"2017-07-31T21:07:52","date_gmt":"2017-07-31T21:07:52","guid":{"rendered":"http:\/\/www.travel3.com.br\/site\/ir-e-vir\/ar\/gol-e-grupo-air-france-klm-completam-3-anos-de-parceria\/"},"modified":"2017-07-31T21:07:52","modified_gmt":"2017-07-31T21:07:52","slug":"gol-e-grupo-air-france-klm-completam-3-anos-de-parceria","status":"publish","type":"post","link":"https:\/\/www.travel3.com.br\/site\/sem-categoria\/gol-e-grupo-air-france-klm-completam-3-anos-de-parceria\/","title":{"rendered":"GOL E GRUPO AIR FRANCE-KLM COMPLETAM 3 ANOS DE PARCERIA"},"content":{"rendered":"<p><span style=\"color: #40acad; font-family: -apple-system, system-ui, 'Segoe UI', Roboto, Oxygen-Sans, Ubuntu, Cantarell, 'Helvetica Neue', sans-serif; font-size: 12px; font-weight: bold;\"><\/p>\n<p style=\"text-align:justify\">A GOL Linhas A\u00e9reas Inteligentes e a Air France KLM comemoraram no \u00faltimo domingo (19) tr\u00eas anos da bem-sucedida parceria estrat\u00e9gica entre as empresas. Um acordo que permitiu o alcance de novos mercados, com mais conex\u00f5es entre o Brasil e a Europa, al\u00e9m de proporcionar o transporte a mais de 500 mil passageiros nos voos compartilhados durante este per\u00edodo.<\/p>\n<p style=\"text-align:justify\">O acordo oferece mais de 35 destinos do Brasil e Am\u00e9rica do Sul e 46 cidades europ\u00e9ias. Juntas contam com 698 voos compartilhados e voam para 11 pa\u00edses: Brasil, Uruguai, Paraguai, Fran\u00e7a, It\u00e1lia, Portugal, Alemanha, Su\u00ed\u00e7a, Reino Unido, Turquia e Holanda. Al\u00e9m disso, atualmente, um em cada cinco passageiros que viajam de Air France ou KLM fazem conex\u00e3o com a GOL na ida ou na volta, sendo que os trechos contemplados pela alian\u00e7a t\u00eam a combina\u00e7\u00e3o de aeronaves GOL nas cidades brasileiras e da Air France e da KLM, nas internacionais.<\/p>\n<p style=\"text-align:justify\">\u201cNestes tr\u00eas anos, temos trabalhado conjuntamente para garantir a sinergia de malha entre o Brasil e v\u00e1rias cidades europeias, no atendimento de 99% da demanda destes mercados. Al\u00e9m disso, nossos esfor\u00e7os de neg\u00f3cios buscam sempre oferecer a melhor experi\u00eancia de voo, seja em conforto, na disponibiliza\u00e7\u00e3o de servi\u00e7os diferenciados e na garantia de um atendimento de excel\u00eancia\u201d, explica Celso Ferrer, vice-presidente de planejamento da GOL<\/p>\n<p style=\"text-align:justify\">\u00a0\u201cDesde fevereiro de 2014, a parceria da Air France-KLM com a GOL mostra uma forte evolu\u00e7\u00e3o em equipes e produtos. Em 2016, o tr\u00e1fego de conex\u00e3o entre as companhias foi tr\u00eas vezes superior em compara\u00e7\u00e3o com o in\u00edcio do acordo\u201d, assinala Jean Marc Pouchol, diretor geral do grupo Air France Klm para a Am\u00e9rica do Sul.<\/p>\n<p style=\"text-align:justify\">Ele tamb\u00e9m destaca que a \u00a0\u201ccoopera\u00e7\u00e3o de codeshare em nossos hubs de Paris e Amsterd\u00e3, com S\u00e3o Paulo e Rio de Janeiro, tem como objetivo tornar a parceria a primeira op\u00e7\u00e3o para cada segmento de clientes, lazer e corporativo, da Am\u00e9rica do Sul para a Europa e vice-versa, em termos de conforto e de servi\u00e7os\u201d.<\/p>\n<p style=\"text-align:justify\"><a class=\"fancybox-media\" href=\"..\/_uploads\/_noticia\/2017-02\/airfranceaviaoboeingdecolando.jpg\" rel=\"portfolio\"><img decoding=\"async\" alt=\"\" src=\"..\/_uploads\/_noticia\/2017-02\/airfranceaviaoboeingdecolando.jpg\" \/><\/a> Entre as vantagens oferecidas aos passageiros est\u00e1 o benef\u00edcio da compra de uma s\u00f3 passagem, mesmo em trechos com conex\u00e3o, al\u00e9m da facilidade de apenas um check-in, o recebimento dos cart\u00f5es de embarque de uma s\u00f3 vez para todo o percurso e um \u00fanico despacho de bagagem, que reduz o tempo do cliente no aeroporto.<\/p>\n<p style=\"text-align:justify\"><a class=\"fancybox-media\" href=\"..\/_uploads\/_noticia\/2017-02\/golaviaoembarque.jpg\" rel=\"portfolio\"><img decoding=\"async\" alt=\"\" src=\"..\/_uploads\/_noticia\/2017-02\/golaviaoembarque.jpg\" \/><\/a> A franquia \u00e9 a mesma durante toda a viagem, ou seja, o passageiro poder\u00e1 levar duas malas de at\u00e9 32 kg cada, mesmo nos trechos nacionais com conex\u00e3o.<\/p>\n<p style=\"text-align:justify\">Os clientes de La Premi\u00e8re, Classe Executiva e Premium Economy da Air France e da KLM t\u00eam prioridade no check-in e boarding com a GOL, al\u00e9m de acesso autom\u00e1tico \u00e0 classe GOL Premium nos voos internacionais. Da mesma forma, os passageiros da GOL voando pela malha a\u00e9rea da Air France e da KLM em La Premi\u00e8re e Classe Executiva tamb\u00e9m se beneficiam destas prioridades e do acesso \u00e0s salas VIP. Outra vantagem \u00e9 o ac\u00famulo de milhas nos programas Smiles ou Flying Blue.\u200b<\/p>\n<p>\u00a0<\/p>\n<p>\n\u00a0<\/p>\n<p>\u00a0<\/p>\n<p>\u00a0<\/p>\n<p><\/span><\/p>\n","protected":false},"excerpt":{"rendered":"<p>Empresas comemoram estrat\u00e9gia conjunta que j\u00e1 transportou 500 mil passageiros entre Europa e Brasil + vice-versa<\/p>\n","protected":false},"author":1,"featured_media":0,"comment_status":"open","ping_status":"open","sticky":false,"template":"","format":"standard","meta":{"footnotes":""},"categories":[],"tags":[],"class_list":["post-2636","post","type-post","status-publish","format-standard","hentry"],"yoast_head":"<!-- This site is optimized with the Yoast SEO plugin v26.2 - https:\/\/yoast.com\/wordpress\/plugins\/seo\/ -->\n<title>GOL E GRUPO AIR FRANCE-KLM COMPLETAM 3 ANOS DE PARCERIA - Travel3<\/title>\n<meta name=\"description\" content=\"A TRAVEL3 \u00e9 um portal de conte\u00fado voltado para o turismo, encontre destinos, viagens, hospedagem, passagens, guias, not\u00edcias sobre o mercado do turismo, dicas de viagem, v\u00eddeos e podcast.\" \/>\n<meta name=\"robots\" content=\"index, follow, max-snippet:-1, max-image-preview:large, max-video-preview:-1\" \/>\n<link rel=\"canonical\" href=\"https:\/\/www.travel3.com.br\/site\/sem-categoria\/gol-e-grupo-air-france-klm-completam-3-anos-de-parceria\/\" \/>\n<meta property=\"og:locale\" content=\"pt_BR\" \/>\n<meta property=\"og:type\" content=\"article\" \/>\n<meta property=\"og:title\" content=\"GOL E GRUPO AIR FRANCE-KLM COMPLETAM 3 ANOS DE PARCERIA - Travel3\" \/>\n<meta property=\"og:description\" content=\"A TRAVEL3 \u00e9 um portal de conte\u00fado voltado para o turismo, encontre destinos, viagens, hospedagem, passagens, guias, not\u00edcias sobre o mercado do turismo, dicas de viagem, v\u00eddeos e podcast.\" \/>\n<meta property=\"og:url\" content=\"https:\/\/www.travel3.com.br\/site\/sem-categoria\/gol-e-grupo-air-france-klm-completam-3-anos-de-parceria\/\" \/>\n<meta property=\"og:site_name\" content=\"Travel3\" \/>\n<meta property=\"article:publisher\" content=\"https:\/\/www.facebook.com\/travel3media\/\" \/>\n<meta property=\"article:published_time\" content=\"2017-07-31T21:07:52+00:00\" \/>\n<meta name=\"author\" content=\"admin\" \/>\n<meta name=\"twitter:card\" content=\"summary_large_image\" \/>\n<meta name=\"twitter:label1\" content=\"Escrito por\" \/>\n\t<meta name=\"twitter:data1\" content=\"admin\" \/>\n\t<meta name=\"twitter:label2\" content=\"Est. tempo de leitura\" \/>\n\t<meta name=\"twitter:data2\" content=\"3 minutos\" \/>\n<script type=\"application\/ld+json\" class=\"yoast-schema-graph\">{\"@context\":\"https:\/\/schema.org\",\"@graph\":[{\"@type\":\"Article\",\"@id\":\"https:\/\/www.travel3.com.br\/site\/sem-categoria\/gol-e-grupo-air-france-klm-completam-3-anos-de-parceria\/#article\",\"isPartOf\":{\"@id\":\"https:\/\/www.travel3.com.br\/site\/sem-categoria\/gol-e-grupo-air-france-klm-completam-3-anos-de-parceria\/\"},\"author\":{\"name\":\"admin\",\"@id\":\"https:\/\/www.travel3.com.br\/site\/#\/schema\/person\/a69d71e41a024999b6ab82369ac0bd1e\"},\"headline\":\"GOL E GRUPO AIR FRANCE-KLM COMPLETAM 3 ANOS DE PARCERIA\",\"datePublished\":\"2017-07-31T21:07:52+00:00\",\"mainEntityOfPage\":{\"@id\":\"https:\/\/www.travel3.com.br\/site\/sem-categoria\/gol-e-grupo-air-france-klm-completam-3-anos-de-parceria\/\"},\"wordCount\":540,\"commentCount\":0,\"publisher\":{\"@id\":\"https:\/\/www.travel3.com.br\/site\/#organization\"},\"inLanguage\":\"pt-BR\",\"potentialAction\":[{\"@type\":\"CommentAction\",\"name\":\"Comment\",\"target\":[\"https:\/\/www.travel3.com.br\/site\/sem-categoria\/gol-e-grupo-air-france-klm-completam-3-anos-de-parceria\/#respond\"]}]},{\"@type\":\"WebPage\",\"@id\":\"https:\/\/www.travel3.com.br\/site\/sem-categoria\/gol-e-grupo-air-france-klm-completam-3-anos-de-parceria\/\",\"url\":\"https:\/\/www.travel3.com.br\/site\/sem-categoria\/gol-e-grupo-air-france-klm-completam-3-anos-de-parceria\/\",\"name\":\"GOL E GRUPO AIR FRANCE-KLM COMPLETAM 3 ANOS DE PARCERIA - Travel3\",\"isPartOf\":{\"@id\":\"https:\/\/www.travel3.com.br\/site\/#website\"},\"datePublished\":\"2017-07-31T21:07:52+00:00\",\"description\":\"A TRAVEL3 \u00e9 um portal de conte\u00fado voltado para o turismo, encontre destinos, viagens, hospedagem, passagens, guias, not\u00edcias sobre o mercado do turismo, dicas de viagem, v\u00eddeos e podcast.\",\"breadcrumb\":{\"@id\":\"https:\/\/www.travel3.com.br\/site\/sem-categoria\/gol-e-grupo-air-france-klm-completam-3-anos-de-parceria\/#breadcrumb\"},\"inLanguage\":\"pt-BR\",\"potentialAction\":[{\"@type\":\"ReadAction\",\"target\":[\"https:\/\/www.travel3.com.br\/site\/sem-categoria\/gol-e-grupo-air-france-klm-completam-3-anos-de-parceria\/\"]}]},{\"@type\":\"BreadcrumbList\",\"@id\":\"https:\/\/www.travel3.com.br\/site\/sem-categoria\/gol-e-grupo-air-france-klm-completam-3-anos-de-parceria\/#breadcrumb\",\"itemListElement\":[{\"@type\":\"ListItem\",\"position\":1,\"name\":\"In\u00edcio\",\"item\":\"https:\/\/www.travel3.com.br\/site\/\"},{\"@type\":\"ListItem\",\"position\":2,\"name\":\"GOL E GRUPO AIR FRANCE-KLM COMPLETAM 3 ANOS DE PARCERIA\"}]},{\"@type\":\"WebSite\",\"@id\":\"https:\/\/www.travel3.com.br\/site\/#website\",\"url\":\"https:\/\/www.travel3.com.br\/site\/\",\"name\":\"Travel3\",\"description\":\"Lazer + Neg&oacute;cios + Aventura\",\"publisher\":{\"@id\":\"https:\/\/www.travel3.com.br\/site\/#organization\"},\"potentialAction\":[{\"@type\":\"SearchAction\",\"target\":{\"@type\":\"EntryPoint\",\"urlTemplate\":\"https:\/\/www.travel3.com.br\/site\/?s={search_term_string}\"},\"query-input\":{\"@type\":\"PropertyValueSpecification\",\"valueRequired\":true,\"valueName\":\"search_term_string\"}}],\"inLanguage\":\"pt-BR\"},{\"@type\":\"Organization\",\"@id\":\"https:\/\/www.travel3.com.br\/site\/#organization\",\"name\":\"Travel3\",\"url\":\"https:\/\/www.travel3.com.br\/site\/\",\"logo\":{\"@type\":\"ImageObject\",\"inLanguage\":\"pt-BR\",\"@id\":\"https:\/\/www.travel3.com.br\/site\/#\/schema\/logo\/image\/\",\"url\":\"https:\/\/www.travel3.com.br\/site\/wp-content\/uploads\/2020\/01\/logo-travel3-2020.png\",\"contentUrl\":\"https:\/\/www.travel3.com.br\/site\/wp-content\/uploads\/2020\/01\/logo-travel3-2020.png\",\"width\":232,\"height\":79,\"caption\":\"Travel3\"},\"image\":{\"@id\":\"https:\/\/www.travel3.com.br\/site\/#\/schema\/logo\/image\/\"},\"sameAs\":[\"https:\/\/www.facebook.com\/travel3media\/\",\"https:\/\/www.instagram.com\/revistatravel3\/\",\"https:\/\/www.youtube.com\/channel\/UCno7J4paGBR3VbZQzvoJ9Eg\"]},{\"@type\":\"Person\",\"@id\":\"https:\/\/www.travel3.com.br\/site\/#\/schema\/person\/a69d71e41a024999b6ab82369ac0bd1e\",\"name\":\"admin\",\"image\":{\"@type\":\"ImageObject\",\"inLanguage\":\"pt-BR\",\"@id\":\"https:\/\/www.travel3.com.br\/site\/#\/schema\/person\/image\/\",\"url\":\"https:\/\/secure.gravatar.com\/avatar\/732a67adfd764da2a47ba10ce731c4c0?s=96&d=mm&r=g\",\"contentUrl\":\"https:\/\/secure.gravatar.com\/avatar\/732a67adfd764da2a47ba10ce731c4c0?s=96&d=mm&r=g\",\"caption\":\"admin\"},\"url\":\"https:\/\/www.travel3.com.br\/site\/author\/admin\/\"}]}<\/script>\n<!-- \/ Yoast SEO plugin. -->","yoast_head_json":{"title":"GOL E GRUPO AIR FRANCE-KLM COMPLETAM 3 ANOS DE PARCERIA - Travel3","description":"A TRAVEL3 \u00e9 um portal de conte\u00fado voltado para o turismo, encontre destinos, viagens, hospedagem, passagens, guias, not\u00edcias sobre o mercado do turismo, dicas de viagem, v\u00eddeos e podcast.","robots":{"index":"index","follow":"follow","max-snippet":"max-snippet:-1","max-image-preview":"max-image-preview:large","max-video-preview":"max-video-preview:-1"},"canonical":"https:\/\/www.travel3.com.br\/site\/sem-categoria\/gol-e-grupo-air-france-klm-completam-3-anos-de-parceria\/","og_locale":"pt_BR","og_type":"article","og_title":"GOL E GRUPO AIR FRANCE-KLM COMPLETAM 3 ANOS DE PARCERIA - Travel3","og_description":"A TRAVEL3 \u00e9 um portal de conte\u00fado voltado para o turismo, encontre destinos, viagens, hospedagem, passagens, guias, not\u00edcias sobre o mercado do turismo, dicas de viagem, v\u00eddeos e podcast.","og_url":"https:\/\/www.travel3.com.br\/site\/sem-categoria\/gol-e-grupo-air-france-klm-completam-3-anos-de-parceria\/","og_site_name":"Travel3","article_publisher":"https:\/\/www.facebook.com\/travel3media\/","article_published_time":"2017-07-31T21:07:52+00:00","author":"admin","twitter_card":"summary_large_image","twitter_misc":{"Escrito por":"admin","Est. tempo de leitura":"3 minutos"},"schema":{"@context":"https:\/\/schema.org","@graph":[{"@type":"Article","@id":"https:\/\/www.travel3.com.br\/site\/sem-categoria\/gol-e-grupo-air-france-klm-completam-3-anos-de-parceria\/#article","isPartOf":{"@id":"https:\/\/www.travel3.com.br\/site\/sem-categoria\/gol-e-grupo-air-france-klm-completam-3-anos-de-parceria\/"},"author":{"name":"admin","@id":"https:\/\/www.travel3.com.br\/site\/#\/schema\/person\/a69d71e41a024999b6ab82369ac0bd1e"},"headline":"GOL E GRUPO AIR FRANCE-KLM COMPLETAM 3 ANOS DE PARCERIA","datePublished":"2017-07-31T21:07:52+00:00","mainEntityOfPage":{"@id":"https:\/\/www.travel3.com.br\/site\/sem-categoria\/gol-e-grupo-air-france-klm-completam-3-anos-de-parceria\/"},"wordCount":540,"commentCount":0,"publisher":{"@id":"https:\/\/www.travel3.com.br\/site\/#organization"},"inLanguage":"pt-BR","potentialAction":[{"@type":"CommentAction","name":"Comment","target":["https:\/\/www.travel3.com.br\/site\/sem-categoria\/gol-e-grupo-air-france-klm-completam-3-anos-de-parceria\/#respond"]}]},{"@type":"WebPage","@id":"https:\/\/www.travel3.com.br\/site\/sem-categoria\/gol-e-grupo-air-france-klm-completam-3-anos-de-parceria\/","url":"https:\/\/www.travel3.com.br\/site\/sem-categoria\/gol-e-grupo-air-france-klm-completam-3-anos-de-parceria\/","name":"GOL E GRUPO AIR FRANCE-KLM COMPLETAM 3 ANOS DE PARCERIA - Travel3","isPartOf":{"@id":"https:\/\/www.travel3.com.br\/site\/#website"},"datePublished":"2017-07-31T21:07:52+00:00","description":"A TRAVEL3 \u00e9 um portal de conte\u00fado voltado para o turismo, encontre destinos, viagens, hospedagem, passagens, guias, not\u00edcias sobre o mercado do turismo, dicas de viagem, v\u00eddeos e podcast.","breadcrumb":{"@id":"https:\/\/www.travel3.com.br\/site\/sem-categoria\/gol-e-grupo-air-france-klm-completam-3-anos-de-parceria\/#breadcrumb"},"inLanguage":"pt-BR","potentialAction":[{"@type":"ReadAction","target":["https:\/\/www.travel3.com.br\/site\/sem-categoria\/gol-e-grupo-air-france-klm-completam-3-anos-de-parceria\/"]}]},{"@type":"BreadcrumbList","@id":"https:\/\/www.travel3.com.br\/site\/sem-categoria\/gol-e-grupo-air-france-klm-completam-3-anos-de-parceria\/#breadcrumb","itemListElement":[{"@type":"ListItem","position":1,"name":"In\u00edcio","item":"https:\/\/www.travel3.com.br\/site\/"},{"@type":"ListItem","position":2,"name":"GOL E GRUPO AIR FRANCE-KLM COMPLETAM 3 ANOS DE PARCERIA"}]},{"@type":"WebSite","@id":"https:\/\/www.travel3.com.br\/site\/#website","url":"https:\/\/www.travel3.com.br\/site\/","name":"Travel3","description":"Lazer + Neg&oacute;cios + Aventura","publisher":{"@id":"https:\/\/www.travel3.com.br\/site\/#organization"},"potentialAction":[{"@type":"SearchAction","target":{"@type":"EntryPoint","urlTemplate":"https:\/\/www.travel3.com.br\/site\/?s={search_term_string}"},"query-input":{"@type":"PropertyValueSpecification","valueRequired":true,"valueName":"search_term_string"}}],"inLanguage":"pt-BR"},{"@type":"Organization","@id":"https:\/\/www.travel3.com.br\/site\/#organization","name":"Travel3","url":"https:\/\/www.travel3.com.br\/site\/","logo":{"@type":"ImageObject","inLanguage":"pt-BR","@id":"https:\/\/www.travel3.com.br\/site\/#\/schema\/logo\/image\/","url":"https:\/\/www.travel3.com.br\/site\/wp-content\/uploads\/2020\/01\/logo-travel3-2020.png","contentUrl":"https:\/\/www.travel3.com.br\/site\/wp-content\/uploads\/2020\/01\/logo-travel3-2020.png","width":232,"height":79,"caption":"Travel3"},"image":{"@id":"https:\/\/www.travel3.com.br\/site\/#\/schema\/logo\/image\/"},"sameAs":["https:\/\/www.facebook.com\/travel3media\/","https:\/\/www.instagram.com\/revistatravel3\/","https:\/\/www.youtube.com\/channel\/UCno7J4paGBR3VbZQzvoJ9Eg"]},{"@type":"Person","@id":"https:\/\/www.travel3.com.br\/site\/#\/schema\/person\/a69d71e41a024999b6ab82369ac0bd1e","name":"admin","image":{"@type":"ImageObject","inLanguage":"pt-BR","@id":"https:\/\/www.travel3.com.br\/site\/#\/schema\/person\/image\/","url":"https:\/\/secure.gravatar.com\/avatar\/732a67adfd764da2a47ba10ce731c4c0?s=96&d=mm&r=g","contentUrl":"https:\/\/secure.gravatar.com\/avatar\/732a67adfd764da2a47ba10ce731c4c0?s=96&d=mm&r=g","caption":"admin"},"url":"https:\/\/www.travel3.com.br\/site\/author\/admin\/"}]}},"_links":{"self":[{"href":"https:\/\/www.travel3.com.br\/site\/wp-json\/wp\/v2\/posts\/2636","targetHints":{"allow":["GET"]}}],"collection":[{"href":"https:\/\/www.travel3.com.br\/site\/wp-json\/wp\/v2\/posts"}],"about":[{"href":"https:\/\/www.travel3.com.br\/site\/wp-json\/wp\/v2\/types\/post"}],"author":[{"embeddable":true,"href":"https:\/\/www.travel3.com.br\/site\/wp-json\/wp\/v2\/users\/1"}],"replies":[{"embeddable":true,"href":"https:\/\/www.travel3.com.br\/site\/wp-json\/wp\/v2\/comments?post=2636"}],"version-history":[{"count":0,"href":"https:\/\/www.travel3.com.br\/site\/wp-json\/wp\/v2\/posts\/2636\/revisions"}],"wp:attachment":[{"href":"https:\/\/www.travel3.com.br\/site\/wp-json\/wp\/v2\/media?parent=2636"}],"wp:term":[{"taxonomy":"category","embeddable":true,"href":"https:\/\/www.travel3.com.br\/site\/wp-json\/wp\/v2\/categories?post=2636"},{"taxonomy":"post_tag","embeddable":true,"href":"https:\/\/www.travel3.com.br\/site\/wp-json\/wp\/v2\/tags?post=2636"}],"curies":[{"name":"wp","href":"https:\/\/api.w.org\/{rel}","templated":true}]}}