{"id":2560,"date":"2017-09-11T04:37:27","date_gmt":"2017-09-11T04:37:27","guid":{"rendered":"http:\/\/www.travel3.com.br\/site\/ir-e-vir\/ar\/no-brasil-se-comemora-o-dia-nacional-do-turismo\/"},"modified":"2017-09-11T04:37:27","modified_gmt":"2017-09-11T04:37:27","slug":"no-brasil-se-comemora-o-dia-nacional-do-turismo","status":"publish","type":"post","link":"https:\/\/www.travel3.com.br\/site\/sem-categoria\/no-brasil-se-comemora-o-dia-nacional-do-turismo\/","title":{"rendered":"NO BRASIL SE COMEMORA O DIA NACIONAL DO TURISMO"},"content":{"rendered":"<p><span style=\"color: #40acad; font-family: -apple-system, system-ui, 'Segoe UI', Roboto, Oxygen-Sans, Ubuntu, Cantarell, 'Helvetica Neue', sans-serif; font-size: 12px; font-weight: bold;\"><\/p>\n<p style=\"text-align:justify\">Neste 2 de mar\u00e7o, o Dia Nacional do Turismo deveria ter uma comemora\u00e7\u00e3o \u00e0 altura, j\u00e1 que a ind\u00fastria \u00e9\u00a0respons\u00e1vel pela gera\u00e7\u00e3o de riquezas, empregos e pela movimenta\u00e7\u00e3o do mercado e das pessoas.<\/p>\n<p style=\"text-align:justify\">Diante do potencial que temos e reconhecemos, em raz\u00e3o da\u00a0diversidade cultural e, principalmente, das belezas naturais do imenso territ\u00f3rio, o Brasil ainda n\u00e3o \u00e9 aquilo que todos n\u00f3s, profissionais do setor, gostar\u00edamos. Lembram da hist\u00f3ria do Gigante Adormecido? Em nenhuma atividade ela se aplica t\u00e3o bem como na nossa ind\u00fastria tur\u00edstica.<\/p>\n<p style=\"text-align:justify\">O Brasil ocupa apenas 1% do fluxo mundial, ainda dependemos muito de a\u00e7\u00f5es, promo\u00e7\u00f5es e incentivos que tornem significativo o n\u00famero de turistas visitantes. Nem mesmo os grandes eventos realizados nos \u00faltimos anos = Copa do Mundo + Jogos Ol\u00edmpicos +\u00a0Paraolimp\u00edada &#8211; conseguiram modificar o cen\u00e1rio global embora no turismo interno exista um fluxo acima dos 25\u00a0a 30 milh\u00f5es, dependendo da situa\u00e7\u00e3o econ\u00f4mica vigente.<\/p>\n<p style=\"text-align:justify\">Continuamos, sim, como um bom, por vezes at\u00e9 excelente pa\u00eds emissor, tal o aumento do n\u00famero de brasileiros que fizeram turismo no exterior a partir do\u00a0in\u00edcio dos anos 1990,\u00a0com oscila\u00e7\u00f5es dependentes da varia\u00e7\u00e3o do d\u00f3lar. Os pa\u00edses que mais se beneficiam s\u00e3o os\u00a0Estados Unidos, Portugal, Jap\u00e3o, Alemanha, Canad\u00e1 e Reino Unido, sem esquecer, \u00e9 l\u00f3gico, a Argentina e os vizinhos da Am\u00e9rica do Sul.<\/p>\n<p style=\"text-align:justify\">Hoje, portanto, \u00e9 dia de refletir e ir al\u00e9m. O turismo tem um alt\u00edssimo potencial econ\u00f4mico, social, cultural e ambiental, itens extremamente ligados ao turismo, um grande gerador de receitas. No mundo inteiro assim \u00e9 compreendido e apontado como uma tend\u00eancia econ\u00f4mica decisiva e continua.<\/p>\n<p style=\"text-align:justify\"><a class=\"fancybox-media\" href=\"..\/_uploads\/_noticia\/2017-03\/turismoviajantemiche--2-.jpg\" rel=\"portfolio\"><img decoding=\"async\" alt=\"\" src=\"..\/_uploads\/_noticia\/2017-03\/turismoviajantemiche--2-.jpg\" \/><\/a><\/p>\n<p style=\"text-align:justify\">Definido como\u00a0o deslocamento de pessoas para locais al\u00e9m daqueles \u00a0do seu cotidiano imediato por um per\u00edodo superior ao de 24 horas e inferior ao de 180 dias, e faz com que destinos, regi\u00f5es e pa\u00edses promovam medidas para detalhar maior atratividade e estabelecer mudan\u00e7as em prol da sociedade.<\/p>\n<p style=\"text-align:justify\">A ind\u00fastria do turismo \u2013 a que mais continua em crescimento no \u00a0mundo\u2013 \u00e9 respons\u00e1vel tamb\u00e9m por garantir o funcionamento de outros setores da economia, sistemas de transporte, com\u00e9rcio, servi\u00e7os \u00a0e comunica\u00e7\u00e3o. Atividade hist\u00f3rica t\u00e3o moderna como contempor\u00e2nea, um desenvolvimento da integra\u00e7\u00e3o mundial em conson\u00e2ncia com os avan\u00e7os.<\/p>\n<p><\/span><\/p>\n","protected":false},"excerpt":{"rendered":"<p>Neste dia 2 de mar\u00e7o \u00e9 importante homenagear a atividade econ\u00f4mica que mais cresce no mundo mas que n\u00e3o \u00e9 levada a s\u00e9rio pelos pol\u00edticos do Brasil<\/p>\n","protected":false},"author":1,"featured_media":0,"comment_status":"open","ping_status":"open","sticky":false,"template":"","format":"standard","meta":{"footnotes":""},"categories":[],"tags":[],"class_list":["post-2560","post","type-post","status-publish","format-standard","hentry"],"yoast_head":"<!-- This site is optimized with the Yoast SEO plugin v26.2 - https:\/\/yoast.com\/wordpress\/plugins\/seo\/ -->\n<title>NO BRASIL SE COMEMORA O DIA NACIONAL DO TURISMO - Travel3<\/title>\n<meta name=\"description\" content=\"A TRAVEL3 \u00e9 um portal de conte\u00fado voltado para o turismo, encontre destinos, viagens, hospedagem, passagens, guias, not\u00edcias sobre o mercado do turismo, dicas de viagem, v\u00eddeos e podcast.\" \/>\n<meta name=\"robots\" content=\"index, follow, max-snippet:-1, max-image-preview:large, max-video-preview:-1\" \/>\n<link rel=\"canonical\" href=\"https:\/\/www.travel3.com.br\/site\/sem-categoria\/no-brasil-se-comemora-o-dia-nacional-do-turismo\/\" \/>\n<meta property=\"og:locale\" content=\"pt_BR\" \/>\n<meta property=\"og:type\" content=\"article\" \/>\n<meta property=\"og:title\" content=\"NO BRASIL SE COMEMORA O DIA NACIONAL DO TURISMO - Travel3\" \/>\n<meta property=\"og:description\" content=\"A TRAVEL3 \u00e9 um portal de conte\u00fado voltado para o turismo, encontre destinos, viagens, hospedagem, passagens, guias, not\u00edcias sobre o mercado do turismo, dicas de viagem, v\u00eddeos e podcast.\" \/>\n<meta property=\"og:url\" content=\"https:\/\/www.travel3.com.br\/site\/sem-categoria\/no-brasil-se-comemora-o-dia-nacional-do-turismo\/\" \/>\n<meta property=\"og:site_name\" content=\"Travel3\" \/>\n<meta property=\"article:publisher\" content=\"https:\/\/www.facebook.com\/travel3media\/\" \/>\n<meta property=\"article:published_time\" content=\"2017-09-11T04:37:27+00:00\" \/>\n<meta name=\"author\" content=\"admin\" \/>\n<meta name=\"twitter:card\" content=\"summary_large_image\" \/>\n<meta name=\"twitter:label1\" content=\"Escrito por\" \/>\n\t<meta name=\"twitter:data1\" content=\"admin\" \/>\n\t<meta name=\"twitter:label2\" content=\"Est. tempo de leitura\" \/>\n\t<meta name=\"twitter:data2\" content=\"2 minutos\" \/>\n<script type=\"application\/ld+json\" class=\"yoast-schema-graph\">{\"@context\":\"https:\/\/schema.org\",\"@graph\":[{\"@type\":\"Article\",\"@id\":\"https:\/\/www.travel3.com.br\/site\/sem-categoria\/no-brasil-se-comemora-o-dia-nacional-do-turismo\/#article\",\"isPartOf\":{\"@id\":\"https:\/\/www.travel3.com.br\/site\/sem-categoria\/no-brasil-se-comemora-o-dia-nacional-do-turismo\/\"},\"author\":{\"name\":\"admin\",\"@id\":\"https:\/\/www.travel3.com.br\/site\/#\/schema\/person\/a69d71e41a024999b6ab82369ac0bd1e\"},\"headline\":\"NO BRASIL SE COMEMORA O DIA NACIONAL DO TURISMO\",\"datePublished\":\"2017-09-11T04:37:27+00:00\",\"mainEntityOfPage\":{\"@id\":\"https:\/\/www.travel3.com.br\/site\/sem-categoria\/no-brasil-se-comemora-o-dia-nacional-do-turismo\/\"},\"wordCount\":409,\"commentCount\":0,\"publisher\":{\"@id\":\"https:\/\/www.travel3.com.br\/site\/#organization\"},\"inLanguage\":\"pt-BR\",\"potentialAction\":[{\"@type\":\"CommentAction\",\"name\":\"Comment\",\"target\":[\"https:\/\/www.travel3.com.br\/site\/sem-categoria\/no-brasil-se-comemora-o-dia-nacional-do-turismo\/#respond\"]}]},{\"@type\":\"WebPage\",\"@id\":\"https:\/\/www.travel3.com.br\/site\/sem-categoria\/no-brasil-se-comemora-o-dia-nacional-do-turismo\/\",\"url\":\"https:\/\/www.travel3.com.br\/site\/sem-categoria\/no-brasil-se-comemora-o-dia-nacional-do-turismo\/\",\"name\":\"NO BRASIL SE COMEMORA O DIA NACIONAL DO TURISMO - Travel3\",\"isPartOf\":{\"@id\":\"https:\/\/www.travel3.com.br\/site\/#website\"},\"datePublished\":\"2017-09-11T04:37:27+00:00\",\"description\":\"A TRAVEL3 \u00e9 um portal de conte\u00fado voltado para o turismo, encontre destinos, viagens, hospedagem, passagens, guias, not\u00edcias sobre o mercado do turismo, dicas de viagem, v\u00eddeos e podcast.\",\"breadcrumb\":{\"@id\":\"https:\/\/www.travel3.com.br\/site\/sem-categoria\/no-brasil-se-comemora-o-dia-nacional-do-turismo\/#breadcrumb\"},\"inLanguage\":\"pt-BR\",\"potentialAction\":[{\"@type\":\"ReadAction\",\"target\":[\"https:\/\/www.travel3.com.br\/site\/sem-categoria\/no-brasil-se-comemora-o-dia-nacional-do-turismo\/\"]}]},{\"@type\":\"BreadcrumbList\",\"@id\":\"https:\/\/www.travel3.com.br\/site\/sem-categoria\/no-brasil-se-comemora-o-dia-nacional-do-turismo\/#breadcrumb\",\"itemListElement\":[{\"@type\":\"ListItem\",\"position\":1,\"name\":\"In\u00edcio\",\"item\":\"https:\/\/www.travel3.com.br\/site\/\"},{\"@type\":\"ListItem\",\"position\":2,\"name\":\"NO BRASIL SE COMEMORA O DIA NACIONAL DO TURISMO\"}]},{\"@type\":\"WebSite\",\"@id\":\"https:\/\/www.travel3.com.br\/site\/#website\",\"url\":\"https:\/\/www.travel3.com.br\/site\/\",\"name\":\"Travel3\",\"description\":\"Lazer + Neg&oacute;cios + Aventura\",\"publisher\":{\"@id\":\"https:\/\/www.travel3.com.br\/site\/#organization\"},\"potentialAction\":[{\"@type\":\"SearchAction\",\"target\":{\"@type\":\"EntryPoint\",\"urlTemplate\":\"https:\/\/www.travel3.com.br\/site\/?s={search_term_string}\"},\"query-input\":{\"@type\":\"PropertyValueSpecification\",\"valueRequired\":true,\"valueName\":\"search_term_string\"}}],\"inLanguage\":\"pt-BR\"},{\"@type\":\"Organization\",\"@id\":\"https:\/\/www.travel3.com.br\/site\/#organization\",\"name\":\"Travel3\",\"url\":\"https:\/\/www.travel3.com.br\/site\/\",\"logo\":{\"@type\":\"ImageObject\",\"inLanguage\":\"pt-BR\",\"@id\":\"https:\/\/www.travel3.com.br\/site\/#\/schema\/logo\/image\/\",\"url\":\"https:\/\/www.travel3.com.br\/site\/wp-content\/uploads\/2020\/01\/logo-travel3-2020.png\",\"contentUrl\":\"https:\/\/www.travel3.com.br\/site\/wp-content\/uploads\/2020\/01\/logo-travel3-2020.png\",\"width\":232,\"height\":79,\"caption\":\"Travel3\"},\"image\":{\"@id\":\"https:\/\/www.travel3.com.br\/site\/#\/schema\/logo\/image\/\"},\"sameAs\":[\"https:\/\/www.facebook.com\/travel3media\/\",\"https:\/\/www.instagram.com\/revistatravel3\/\",\"https:\/\/www.youtube.com\/channel\/UCno7J4paGBR3VbZQzvoJ9Eg\"]},{\"@type\":\"Person\",\"@id\":\"https:\/\/www.travel3.com.br\/site\/#\/schema\/person\/a69d71e41a024999b6ab82369ac0bd1e\",\"name\":\"admin\",\"image\":{\"@type\":\"ImageObject\",\"inLanguage\":\"pt-BR\",\"@id\":\"https:\/\/www.travel3.com.br\/site\/#\/schema\/person\/image\/\",\"url\":\"https:\/\/secure.gravatar.com\/avatar\/732a67adfd764da2a47ba10ce731c4c0?s=96&d=mm&r=g\",\"contentUrl\":\"https:\/\/secure.gravatar.com\/avatar\/732a67adfd764da2a47ba10ce731c4c0?s=96&d=mm&r=g\",\"caption\":\"admin\"},\"url\":\"https:\/\/www.travel3.com.br\/site\/author\/admin\/\"}]}<\/script>\n<!-- \/ Yoast SEO plugin. -->","yoast_head_json":{"title":"NO BRASIL SE COMEMORA O DIA NACIONAL DO TURISMO - Travel3","description":"A TRAVEL3 \u00e9 um portal de conte\u00fado voltado para o turismo, encontre destinos, viagens, hospedagem, passagens, guias, not\u00edcias sobre o mercado do turismo, dicas de viagem, v\u00eddeos e podcast.","robots":{"index":"index","follow":"follow","max-snippet":"max-snippet:-1","max-image-preview":"max-image-preview:large","max-video-preview":"max-video-preview:-1"},"canonical":"https:\/\/www.travel3.com.br\/site\/sem-categoria\/no-brasil-se-comemora-o-dia-nacional-do-turismo\/","og_locale":"pt_BR","og_type":"article","og_title":"NO BRASIL SE COMEMORA O DIA NACIONAL DO TURISMO - Travel3","og_description":"A TRAVEL3 \u00e9 um portal de conte\u00fado voltado para o turismo, encontre destinos, viagens, hospedagem, passagens, guias, not\u00edcias sobre o mercado do turismo, dicas de viagem, v\u00eddeos e podcast.","og_url":"https:\/\/www.travel3.com.br\/site\/sem-categoria\/no-brasil-se-comemora-o-dia-nacional-do-turismo\/","og_site_name":"Travel3","article_publisher":"https:\/\/www.facebook.com\/travel3media\/","article_published_time":"2017-09-11T04:37:27+00:00","author":"admin","twitter_card":"summary_large_image","twitter_misc":{"Escrito por":"admin","Est. tempo de leitura":"2 minutos"},"schema":{"@context":"https:\/\/schema.org","@graph":[{"@type":"Article","@id":"https:\/\/www.travel3.com.br\/site\/sem-categoria\/no-brasil-se-comemora-o-dia-nacional-do-turismo\/#article","isPartOf":{"@id":"https:\/\/www.travel3.com.br\/site\/sem-categoria\/no-brasil-se-comemora-o-dia-nacional-do-turismo\/"},"author":{"name":"admin","@id":"https:\/\/www.travel3.com.br\/site\/#\/schema\/person\/a69d71e41a024999b6ab82369ac0bd1e"},"headline":"NO BRASIL SE COMEMORA O DIA NACIONAL DO TURISMO","datePublished":"2017-09-11T04:37:27+00:00","mainEntityOfPage":{"@id":"https:\/\/www.travel3.com.br\/site\/sem-categoria\/no-brasil-se-comemora-o-dia-nacional-do-turismo\/"},"wordCount":409,"commentCount":0,"publisher":{"@id":"https:\/\/www.travel3.com.br\/site\/#organization"},"inLanguage":"pt-BR","potentialAction":[{"@type":"CommentAction","name":"Comment","target":["https:\/\/www.travel3.com.br\/site\/sem-categoria\/no-brasil-se-comemora-o-dia-nacional-do-turismo\/#respond"]}]},{"@type":"WebPage","@id":"https:\/\/www.travel3.com.br\/site\/sem-categoria\/no-brasil-se-comemora-o-dia-nacional-do-turismo\/","url":"https:\/\/www.travel3.com.br\/site\/sem-categoria\/no-brasil-se-comemora-o-dia-nacional-do-turismo\/","name":"NO BRASIL SE COMEMORA O DIA NACIONAL DO TURISMO - Travel3","isPartOf":{"@id":"https:\/\/www.travel3.com.br\/site\/#website"},"datePublished":"2017-09-11T04:37:27+00:00","description":"A TRAVEL3 \u00e9 um portal de conte\u00fado voltado para o turismo, encontre destinos, viagens, hospedagem, passagens, guias, not\u00edcias sobre o mercado do turismo, dicas de viagem, v\u00eddeos e podcast.","breadcrumb":{"@id":"https:\/\/www.travel3.com.br\/site\/sem-categoria\/no-brasil-se-comemora-o-dia-nacional-do-turismo\/#breadcrumb"},"inLanguage":"pt-BR","potentialAction":[{"@type":"ReadAction","target":["https:\/\/www.travel3.com.br\/site\/sem-categoria\/no-brasil-se-comemora-o-dia-nacional-do-turismo\/"]}]},{"@type":"BreadcrumbList","@id":"https:\/\/www.travel3.com.br\/site\/sem-categoria\/no-brasil-se-comemora-o-dia-nacional-do-turismo\/#breadcrumb","itemListElement":[{"@type":"ListItem","position":1,"name":"In\u00edcio","item":"https:\/\/www.travel3.com.br\/site\/"},{"@type":"ListItem","position":2,"name":"NO BRASIL SE COMEMORA O DIA NACIONAL DO TURISMO"}]},{"@type":"WebSite","@id":"https:\/\/www.travel3.com.br\/site\/#website","url":"https:\/\/www.travel3.com.br\/site\/","name":"Travel3","description":"Lazer + Neg&oacute;cios + Aventura","publisher":{"@id":"https:\/\/www.travel3.com.br\/site\/#organization"},"potentialAction":[{"@type":"SearchAction","target":{"@type":"EntryPoint","urlTemplate":"https:\/\/www.travel3.com.br\/site\/?s={search_term_string}"},"query-input":{"@type":"PropertyValueSpecification","valueRequired":true,"valueName":"search_term_string"}}],"inLanguage":"pt-BR"},{"@type":"Organization","@id":"https:\/\/www.travel3.com.br\/site\/#organization","name":"Travel3","url":"https:\/\/www.travel3.com.br\/site\/","logo":{"@type":"ImageObject","inLanguage":"pt-BR","@id":"https:\/\/www.travel3.com.br\/site\/#\/schema\/logo\/image\/","url":"https:\/\/www.travel3.com.br\/site\/wp-content\/uploads\/2020\/01\/logo-travel3-2020.png","contentUrl":"https:\/\/www.travel3.com.br\/site\/wp-content\/uploads\/2020\/01\/logo-travel3-2020.png","width":232,"height":79,"caption":"Travel3"},"image":{"@id":"https:\/\/www.travel3.com.br\/site\/#\/schema\/logo\/image\/"},"sameAs":["https:\/\/www.facebook.com\/travel3media\/","https:\/\/www.instagram.com\/revistatravel3\/","https:\/\/www.youtube.com\/channel\/UCno7J4paGBR3VbZQzvoJ9Eg"]},{"@type":"Person","@id":"https:\/\/www.travel3.com.br\/site\/#\/schema\/person\/a69d71e41a024999b6ab82369ac0bd1e","name":"admin","image":{"@type":"ImageObject","inLanguage":"pt-BR","@id":"https:\/\/www.travel3.com.br\/site\/#\/schema\/person\/image\/","url":"https:\/\/secure.gravatar.com\/avatar\/732a67adfd764da2a47ba10ce731c4c0?s=96&d=mm&r=g","contentUrl":"https:\/\/secure.gravatar.com\/avatar\/732a67adfd764da2a47ba10ce731c4c0?s=96&d=mm&r=g","caption":"admin"},"url":"https:\/\/www.travel3.com.br\/site\/author\/admin\/"}]}},"_links":{"self":[{"href":"https:\/\/www.travel3.com.br\/site\/wp-json\/wp\/v2\/posts\/2560","targetHints":{"allow":["GET"]}}],"collection":[{"href":"https:\/\/www.travel3.com.br\/site\/wp-json\/wp\/v2\/posts"}],"about":[{"href":"https:\/\/www.travel3.com.br\/site\/wp-json\/wp\/v2\/types\/post"}],"author":[{"embeddable":true,"href":"https:\/\/www.travel3.com.br\/site\/wp-json\/wp\/v2\/users\/1"}],"replies":[{"embeddable":true,"href":"https:\/\/www.travel3.com.br\/site\/wp-json\/wp\/v2\/comments?post=2560"}],"version-history":[{"count":0,"href":"https:\/\/www.travel3.com.br\/site\/wp-json\/wp\/v2\/posts\/2560\/revisions"}],"wp:attachment":[{"href":"https:\/\/www.travel3.com.br\/site\/wp-json\/wp\/v2\/media?parent=2560"}],"wp:term":[{"taxonomy":"category","embeddable":true,"href":"https:\/\/www.travel3.com.br\/site\/wp-json\/wp\/v2\/categories?post=2560"},{"taxonomy":"post_tag","embeddable":true,"href":"https:\/\/www.travel3.com.br\/site\/wp-json\/wp\/v2\/tags?post=2560"}],"curies":[{"name":"wp","href":"https:\/\/api.w.org\/{rel}","templated":true}]}}