{"id":2529,"date":"2017-08-24T10:43:50","date_gmt":"2017-08-24T10:43:50","guid":{"rendered":"http:\/\/www.travel3.com.br\/site\/ir-e-vir\/ar\/em-belem-na-cisjordania-um-hotel-com-a-pior-vista-do-mundo\/"},"modified":"2017-08-24T10:43:50","modified_gmt":"2017-08-24T10:43:50","slug":"em-belem-na-cisjordania-um-hotel-com-a-pior-vista-do-mundo","status":"publish","type":"post","link":"https:\/\/www.travel3.com.br\/site\/sem-categoria\/em-belem-na-cisjordania-um-hotel-com-a-pior-vista-do-mundo\/","title":{"rendered":"EM BEL\u00c9M, NA CISJORD\u00c2NIA, UM HOTEL COM A PIOR VISTA DO MUNDO"},"content":{"rendered":"<p><span style=\"color: #40acad; font-family: -apple-system, system-ui, 'Segoe UI', Roboto, Oxygen-Sans, Ubuntu, Cantarell, 'Helvetica Neue', sans-serif; font-size: 12px; font-weight: bold;\"><\/p>\n<p style=\"text-align:justify\">O The Walled Off Hotel foi apresentado nesta sexta-feira e n\u00e3o \u00e9 apenas mais um empreendimento hoteleiro. Sua pr\u00e9-inaugura\u00e7\u00e3o gerou de imediato muitas controv\u00e9rsias \u00a0come\u00e7ando pela localiza\u00e7\u00e3o onde a sua principal vista \u00e9 para o muro da Cisjord\u00e2nia.<\/p>\n<p style=\"text-align:justify\">A propriedade, de apenas 10 quartos est\u00e1 ao longo da barreira de Bel\u00e9m na Cisjord\u00e2nia, separando Israel dos territ\u00f3rios palestinos.\u00a0 Os nove quartos do hotel e uma su\u00edte estar\u00e3o dispon\u00edveis para reservas no final deste m\u00eas.\u00a0 Como est\u00e1 na \u00e1rea C da Cisjord\u00e2nia, isto significa que os israelitas podem visitar \u00a0esta zona \u2013 nas outras, n\u00e3o.<\/p>\n<p style=\"text-align:justify\">O Walled Off Hotel servir\u00e1 \u00a0ch\u00e1 da tarde aos visitantes, bem como \u00a0ter\u00e1 um museu e\u00a0 uma infinidade de obras satiricas do seu dono. O hotel (cujo nome \u00e9 uma refer\u00eancia \u00e0 ideia de estar emparedado, mas tamb\u00e9m o nome de uma rede \u00a0famosa de hot\u00e9is de luxo) emprega 45 funcion\u00e1rios e ter\u00e1 o custo de 28 euros por noite. O elevador n\u00e3o funciona, de forma proposital, \u00a0e a torre da banheira da\u00a0suite\u00a0presidencial tem buracos que parecem de balas.<\/p>\n<p style=\"text-align:justify\"><a class=\"fancybox-media\" href=\"..\/_uploads\/_noticia\/2017-03\/cisjordaniahoteldebansky.jpg\" rel=\"portfolio\"><img decoding=\"async\" alt=\"\" src=\"..\/_uploads\/_noticia\/2017-03\/cisjordaniahoteldebansky.jpg\" \/><\/a> Banksy \u00e9 visto por muitos como o \u2018artista de rua\u2019 mais famoso do mundo. Irreverente, afirma que o Wallace \u00e9 um hotel que em tudo visa o desconforto \u2013 ou pelo menos o desconcerto e tem \u00a0\u201ca pior vista do mundo junto \u00a0ao muro da Cisjord\u00e2nia, em Bel\u00e9m, e visa chamar a aten\u00e7\u00e3o, \u00a0deslocar turistas a um local onde eles n\u00e3o ficam e servir de espa\u00e7o de exposi\u00e7\u00f5es.<\/p>\n<p style=\"text-align:justify\">O artista, agora tamb\u00e9m empres\u00e1rio hoteleiro, tem v\u00e1rias obras na Cisjord\u00e2nia, algumas das quais no pr\u00f3prio muro que separa Israel e os territ\u00f3rios palestinos e fez quest\u00e3o que o projeto apresentasse todos os quartos com decora\u00e7\u00e3o colonial, voltados para o muro<\/p>\n<p style=\"text-align:justify\">\u00c9 causando toda esta repercuss\u00e3o \u2013 politica, principalmente \u2013 que o hotel tem sua inaugura\u00e7\u00e3o oficial marcada para o dia 11 de mar\u00e7o. Na mostra coletiva\u00a0 para a imprensa mundial, o pintor colocou em destaque o apartamento de numero 3, designado \u2018Sala Banksy\u2019, onde os h\u00f3spedes dormir\u00e3o em uma cama king-size, debaixo de uma obra do pintor mostrando um israelense e um palestino em uma briga de almofadas.<\/p>\n<p style=\"text-align:justify\"><a class=\"fancybox-media\" href=\"..\/_uploads\/_noticia\/2017-03\/cisjordaniahotelfoto.jpg\" rel=\"portfolio\"><img decoding=\"async\" alt=\"\" src=\"..\/_uploads\/_noticia\/2017-03\/cisjordaniahotelfoto.jpg\" \/><\/a>\u00a0 No ano de 2015, Banksy criou e abriu um parque de divers\u00f5es subversivo, o\u00a0Dismaland, onde deu espa\u00e7o a artistas de v\u00e1rios pa\u00edses para comentar a atualidade mundial. Suas obras induzem sobre a guerra, a pobreza infantil e o meio ambiente.\u00a0 Com identidade misteriosa, j\u00e1 obteve US$ 1,8 milh\u00f5es nas vendas em singulares exposi\u00e7\u00f5es.<\/p>\n<p>\u00a0<\/p>\n<p>\u00a0<\/p>\n<p>\u00a0<\/p>\n<p>\u00a0<\/p>\n<p><\/span><\/p>\n","protected":false},"excerpt":{"rendered":"<p>\u00c9 do pintor brit\u00e2nico e ativista pol\u00edtico Banksy, ganha destaque mundial pela localiza\u00e7\u00e3o e tem uma repercuss\u00e3o intensa em sua apresenta\u00e7\u00e3o<\/p>\n","protected":false},"author":1,"featured_media":0,"comment_status":"open","ping_status":"open","sticky":false,"template":"","format":"standard","meta":{"footnotes":""},"categories":[],"tags":[],"class_list":["post-2529","post","type-post","status-publish","format-standard","hentry"],"yoast_head":"<!-- This site is optimized with the Yoast SEO plugin v26.2 - https:\/\/yoast.com\/wordpress\/plugins\/seo\/ -->\n<title>EM BEL\u00c9M, NA CISJORD\u00c2NIA, UM HOTEL COM A PIOR VISTA DO MUNDO - Travel3<\/title>\n<meta name=\"description\" content=\"A TRAVEL3 \u00e9 um portal de conte\u00fado voltado para o turismo, encontre destinos, viagens, hospedagem, passagens, guias, not\u00edcias sobre o mercado do turismo, dicas de viagem, v\u00eddeos e podcast.\" \/>\n<meta name=\"robots\" content=\"index, follow, max-snippet:-1, max-image-preview:large, max-video-preview:-1\" \/>\n<link rel=\"canonical\" href=\"https:\/\/www.travel3.com.br\/site\/sem-categoria\/em-belem-na-cisjordania-um-hotel-com-a-pior-vista-do-mundo\/\" \/>\n<meta property=\"og:locale\" content=\"pt_BR\" \/>\n<meta property=\"og:type\" content=\"article\" \/>\n<meta property=\"og:title\" content=\"EM BEL\u00c9M, NA CISJORD\u00c2NIA, UM HOTEL COM A PIOR VISTA DO MUNDO - Travel3\" \/>\n<meta property=\"og:description\" content=\"A TRAVEL3 \u00e9 um portal de conte\u00fado voltado para o turismo, encontre destinos, viagens, hospedagem, passagens, guias, not\u00edcias sobre o mercado do turismo, dicas de viagem, v\u00eddeos e podcast.\" \/>\n<meta property=\"og:url\" content=\"https:\/\/www.travel3.com.br\/site\/sem-categoria\/em-belem-na-cisjordania-um-hotel-com-a-pior-vista-do-mundo\/\" \/>\n<meta property=\"og:site_name\" content=\"Travel3\" \/>\n<meta property=\"article:publisher\" content=\"https:\/\/www.facebook.com\/travel3media\/\" \/>\n<meta property=\"article:published_time\" content=\"2017-08-24T10:43:50+00:00\" \/>\n<meta name=\"author\" content=\"admin\" \/>\n<meta name=\"twitter:card\" content=\"summary_large_image\" \/>\n<meta name=\"twitter:label1\" content=\"Escrito por\" \/>\n\t<meta name=\"twitter:data1\" content=\"admin\" \/>\n\t<meta name=\"twitter:label2\" content=\"Est. tempo de leitura\" \/>\n\t<meta name=\"twitter:data2\" content=\"2 minutos\" \/>\n<script type=\"application\/ld+json\" class=\"yoast-schema-graph\">{\"@context\":\"https:\/\/schema.org\",\"@graph\":[{\"@type\":\"Article\",\"@id\":\"https:\/\/www.travel3.com.br\/site\/sem-categoria\/em-belem-na-cisjordania-um-hotel-com-a-pior-vista-do-mundo\/#article\",\"isPartOf\":{\"@id\":\"https:\/\/www.travel3.com.br\/site\/sem-categoria\/em-belem-na-cisjordania-um-hotel-com-a-pior-vista-do-mundo\/\"},\"author\":{\"name\":\"admin\",\"@id\":\"https:\/\/www.travel3.com.br\/site\/#\/schema\/person\/a69d71e41a024999b6ab82369ac0bd1e\"},\"headline\":\"EM BEL\u00c9M, NA CISJORD\u00c2NIA, UM HOTEL COM A PIOR VISTA DO MUNDO\",\"datePublished\":\"2017-08-24T10:43:50+00:00\",\"mainEntityOfPage\":{\"@id\":\"https:\/\/www.travel3.com.br\/site\/sem-categoria\/em-belem-na-cisjordania-um-hotel-com-a-pior-vista-do-mundo\/\"},\"wordCount\":448,\"commentCount\":0,\"publisher\":{\"@id\":\"https:\/\/www.travel3.com.br\/site\/#organization\"},\"inLanguage\":\"pt-BR\",\"potentialAction\":[{\"@type\":\"CommentAction\",\"name\":\"Comment\",\"target\":[\"https:\/\/www.travel3.com.br\/site\/sem-categoria\/em-belem-na-cisjordania-um-hotel-com-a-pior-vista-do-mundo\/#respond\"]}]},{\"@type\":\"WebPage\",\"@id\":\"https:\/\/www.travel3.com.br\/site\/sem-categoria\/em-belem-na-cisjordania-um-hotel-com-a-pior-vista-do-mundo\/\",\"url\":\"https:\/\/www.travel3.com.br\/site\/sem-categoria\/em-belem-na-cisjordania-um-hotel-com-a-pior-vista-do-mundo\/\",\"name\":\"EM BEL\u00c9M, NA CISJORD\u00c2NIA, UM HOTEL COM A PIOR VISTA DO MUNDO - Travel3\",\"isPartOf\":{\"@id\":\"https:\/\/www.travel3.com.br\/site\/#website\"},\"datePublished\":\"2017-08-24T10:43:50+00:00\",\"description\":\"A TRAVEL3 \u00e9 um portal de conte\u00fado voltado para o turismo, encontre destinos, viagens, hospedagem, passagens, guias, not\u00edcias sobre o mercado do turismo, dicas de viagem, v\u00eddeos e podcast.\",\"breadcrumb\":{\"@id\":\"https:\/\/www.travel3.com.br\/site\/sem-categoria\/em-belem-na-cisjordania-um-hotel-com-a-pior-vista-do-mundo\/#breadcrumb\"},\"inLanguage\":\"pt-BR\",\"potentialAction\":[{\"@type\":\"ReadAction\",\"target\":[\"https:\/\/www.travel3.com.br\/site\/sem-categoria\/em-belem-na-cisjordania-um-hotel-com-a-pior-vista-do-mundo\/\"]}]},{\"@type\":\"BreadcrumbList\",\"@id\":\"https:\/\/www.travel3.com.br\/site\/sem-categoria\/em-belem-na-cisjordania-um-hotel-com-a-pior-vista-do-mundo\/#breadcrumb\",\"itemListElement\":[{\"@type\":\"ListItem\",\"position\":1,\"name\":\"In\u00edcio\",\"item\":\"https:\/\/www.travel3.com.br\/site\/\"},{\"@type\":\"ListItem\",\"position\":2,\"name\":\"EM BEL\u00c9M, NA CISJORD\u00c2NIA, UM HOTEL COM A PIOR VISTA DO MUNDO\"}]},{\"@type\":\"WebSite\",\"@id\":\"https:\/\/www.travel3.com.br\/site\/#website\",\"url\":\"https:\/\/www.travel3.com.br\/site\/\",\"name\":\"Travel3\",\"description\":\"Lazer + Neg&oacute;cios + Aventura\",\"publisher\":{\"@id\":\"https:\/\/www.travel3.com.br\/site\/#organization\"},\"potentialAction\":[{\"@type\":\"SearchAction\",\"target\":{\"@type\":\"EntryPoint\",\"urlTemplate\":\"https:\/\/www.travel3.com.br\/site\/?s={search_term_string}\"},\"query-input\":{\"@type\":\"PropertyValueSpecification\",\"valueRequired\":true,\"valueName\":\"search_term_string\"}}],\"inLanguage\":\"pt-BR\"},{\"@type\":\"Organization\",\"@id\":\"https:\/\/www.travel3.com.br\/site\/#organization\",\"name\":\"Travel3\",\"url\":\"https:\/\/www.travel3.com.br\/site\/\",\"logo\":{\"@type\":\"ImageObject\",\"inLanguage\":\"pt-BR\",\"@id\":\"https:\/\/www.travel3.com.br\/site\/#\/schema\/logo\/image\/\",\"url\":\"https:\/\/www.travel3.com.br\/site\/wp-content\/uploads\/2020\/01\/logo-travel3-2020.png\",\"contentUrl\":\"https:\/\/www.travel3.com.br\/site\/wp-content\/uploads\/2020\/01\/logo-travel3-2020.png\",\"width\":232,\"height\":79,\"caption\":\"Travel3\"},\"image\":{\"@id\":\"https:\/\/www.travel3.com.br\/site\/#\/schema\/logo\/image\/\"},\"sameAs\":[\"https:\/\/www.facebook.com\/travel3media\/\",\"https:\/\/www.instagram.com\/revistatravel3\/\",\"https:\/\/www.youtube.com\/channel\/UCno7J4paGBR3VbZQzvoJ9Eg\"]},{\"@type\":\"Person\",\"@id\":\"https:\/\/www.travel3.com.br\/site\/#\/schema\/person\/a69d71e41a024999b6ab82369ac0bd1e\",\"name\":\"admin\",\"image\":{\"@type\":\"ImageObject\",\"inLanguage\":\"pt-BR\",\"@id\":\"https:\/\/www.travel3.com.br\/site\/#\/schema\/person\/image\/\",\"url\":\"https:\/\/secure.gravatar.com\/avatar\/732a67adfd764da2a47ba10ce731c4c0?s=96&d=mm&r=g\",\"contentUrl\":\"https:\/\/secure.gravatar.com\/avatar\/732a67adfd764da2a47ba10ce731c4c0?s=96&d=mm&r=g\",\"caption\":\"admin\"},\"url\":\"https:\/\/www.travel3.com.br\/site\/author\/admin\/\"}]}<\/script>\n<!-- \/ Yoast SEO plugin. -->","yoast_head_json":{"title":"EM BEL\u00c9M, NA CISJORD\u00c2NIA, UM HOTEL COM A PIOR VISTA DO MUNDO - Travel3","description":"A TRAVEL3 \u00e9 um portal de conte\u00fado voltado para o turismo, encontre destinos, viagens, hospedagem, passagens, guias, not\u00edcias sobre o mercado do turismo, dicas de viagem, v\u00eddeos e podcast.","robots":{"index":"index","follow":"follow","max-snippet":"max-snippet:-1","max-image-preview":"max-image-preview:large","max-video-preview":"max-video-preview:-1"},"canonical":"https:\/\/www.travel3.com.br\/site\/sem-categoria\/em-belem-na-cisjordania-um-hotel-com-a-pior-vista-do-mundo\/","og_locale":"pt_BR","og_type":"article","og_title":"EM BEL\u00c9M, NA CISJORD\u00c2NIA, UM HOTEL COM A PIOR VISTA DO MUNDO - Travel3","og_description":"A TRAVEL3 \u00e9 um portal de conte\u00fado voltado para o turismo, encontre destinos, viagens, hospedagem, passagens, guias, not\u00edcias sobre o mercado do turismo, dicas de viagem, v\u00eddeos e podcast.","og_url":"https:\/\/www.travel3.com.br\/site\/sem-categoria\/em-belem-na-cisjordania-um-hotel-com-a-pior-vista-do-mundo\/","og_site_name":"Travel3","article_publisher":"https:\/\/www.facebook.com\/travel3media\/","article_published_time":"2017-08-24T10:43:50+00:00","author":"admin","twitter_card":"summary_large_image","twitter_misc":{"Escrito por":"admin","Est. tempo de leitura":"2 minutos"},"schema":{"@context":"https:\/\/schema.org","@graph":[{"@type":"Article","@id":"https:\/\/www.travel3.com.br\/site\/sem-categoria\/em-belem-na-cisjordania-um-hotel-com-a-pior-vista-do-mundo\/#article","isPartOf":{"@id":"https:\/\/www.travel3.com.br\/site\/sem-categoria\/em-belem-na-cisjordania-um-hotel-com-a-pior-vista-do-mundo\/"},"author":{"name":"admin","@id":"https:\/\/www.travel3.com.br\/site\/#\/schema\/person\/a69d71e41a024999b6ab82369ac0bd1e"},"headline":"EM BEL\u00c9M, NA CISJORD\u00c2NIA, UM HOTEL COM A PIOR VISTA DO MUNDO","datePublished":"2017-08-24T10:43:50+00:00","mainEntityOfPage":{"@id":"https:\/\/www.travel3.com.br\/site\/sem-categoria\/em-belem-na-cisjordania-um-hotel-com-a-pior-vista-do-mundo\/"},"wordCount":448,"commentCount":0,"publisher":{"@id":"https:\/\/www.travel3.com.br\/site\/#organization"},"inLanguage":"pt-BR","potentialAction":[{"@type":"CommentAction","name":"Comment","target":["https:\/\/www.travel3.com.br\/site\/sem-categoria\/em-belem-na-cisjordania-um-hotel-com-a-pior-vista-do-mundo\/#respond"]}]},{"@type":"WebPage","@id":"https:\/\/www.travel3.com.br\/site\/sem-categoria\/em-belem-na-cisjordania-um-hotel-com-a-pior-vista-do-mundo\/","url":"https:\/\/www.travel3.com.br\/site\/sem-categoria\/em-belem-na-cisjordania-um-hotel-com-a-pior-vista-do-mundo\/","name":"EM BEL\u00c9M, NA CISJORD\u00c2NIA, UM HOTEL COM A PIOR VISTA DO MUNDO - Travel3","isPartOf":{"@id":"https:\/\/www.travel3.com.br\/site\/#website"},"datePublished":"2017-08-24T10:43:50+00:00","description":"A TRAVEL3 \u00e9 um portal de conte\u00fado voltado para o turismo, encontre destinos, viagens, hospedagem, passagens, guias, not\u00edcias sobre o mercado do turismo, dicas de viagem, v\u00eddeos e podcast.","breadcrumb":{"@id":"https:\/\/www.travel3.com.br\/site\/sem-categoria\/em-belem-na-cisjordania-um-hotel-com-a-pior-vista-do-mundo\/#breadcrumb"},"inLanguage":"pt-BR","potentialAction":[{"@type":"ReadAction","target":["https:\/\/www.travel3.com.br\/site\/sem-categoria\/em-belem-na-cisjordania-um-hotel-com-a-pior-vista-do-mundo\/"]}]},{"@type":"BreadcrumbList","@id":"https:\/\/www.travel3.com.br\/site\/sem-categoria\/em-belem-na-cisjordania-um-hotel-com-a-pior-vista-do-mundo\/#breadcrumb","itemListElement":[{"@type":"ListItem","position":1,"name":"In\u00edcio","item":"https:\/\/www.travel3.com.br\/site\/"},{"@type":"ListItem","position":2,"name":"EM BEL\u00c9M, NA CISJORD\u00c2NIA, UM HOTEL COM A PIOR VISTA DO MUNDO"}]},{"@type":"WebSite","@id":"https:\/\/www.travel3.com.br\/site\/#website","url":"https:\/\/www.travel3.com.br\/site\/","name":"Travel3","description":"Lazer + Neg&oacute;cios + Aventura","publisher":{"@id":"https:\/\/www.travel3.com.br\/site\/#organization"},"potentialAction":[{"@type":"SearchAction","target":{"@type":"EntryPoint","urlTemplate":"https:\/\/www.travel3.com.br\/site\/?s={search_term_string}"},"query-input":{"@type":"PropertyValueSpecification","valueRequired":true,"valueName":"search_term_string"}}],"inLanguage":"pt-BR"},{"@type":"Organization","@id":"https:\/\/www.travel3.com.br\/site\/#organization","name":"Travel3","url":"https:\/\/www.travel3.com.br\/site\/","logo":{"@type":"ImageObject","inLanguage":"pt-BR","@id":"https:\/\/www.travel3.com.br\/site\/#\/schema\/logo\/image\/","url":"https:\/\/www.travel3.com.br\/site\/wp-content\/uploads\/2020\/01\/logo-travel3-2020.png","contentUrl":"https:\/\/www.travel3.com.br\/site\/wp-content\/uploads\/2020\/01\/logo-travel3-2020.png","width":232,"height":79,"caption":"Travel3"},"image":{"@id":"https:\/\/www.travel3.com.br\/site\/#\/schema\/logo\/image\/"},"sameAs":["https:\/\/www.facebook.com\/travel3media\/","https:\/\/www.instagram.com\/revistatravel3\/","https:\/\/www.youtube.com\/channel\/UCno7J4paGBR3VbZQzvoJ9Eg"]},{"@type":"Person","@id":"https:\/\/www.travel3.com.br\/site\/#\/schema\/person\/a69d71e41a024999b6ab82369ac0bd1e","name":"admin","image":{"@type":"ImageObject","inLanguage":"pt-BR","@id":"https:\/\/www.travel3.com.br\/site\/#\/schema\/person\/image\/","url":"https:\/\/secure.gravatar.com\/avatar\/732a67adfd764da2a47ba10ce731c4c0?s=96&d=mm&r=g","contentUrl":"https:\/\/secure.gravatar.com\/avatar\/732a67adfd764da2a47ba10ce731c4c0?s=96&d=mm&r=g","caption":"admin"},"url":"https:\/\/www.travel3.com.br\/site\/author\/admin\/"}]}},"_links":{"self":[{"href":"https:\/\/www.travel3.com.br\/site\/wp-json\/wp\/v2\/posts\/2529","targetHints":{"allow":["GET"]}}],"collection":[{"href":"https:\/\/www.travel3.com.br\/site\/wp-json\/wp\/v2\/posts"}],"about":[{"href":"https:\/\/www.travel3.com.br\/site\/wp-json\/wp\/v2\/types\/post"}],"author":[{"embeddable":true,"href":"https:\/\/www.travel3.com.br\/site\/wp-json\/wp\/v2\/users\/1"}],"replies":[{"embeddable":true,"href":"https:\/\/www.travel3.com.br\/site\/wp-json\/wp\/v2\/comments?post=2529"}],"version-history":[{"count":0,"href":"https:\/\/www.travel3.com.br\/site\/wp-json\/wp\/v2\/posts\/2529\/revisions"}],"wp:attachment":[{"href":"https:\/\/www.travel3.com.br\/site\/wp-json\/wp\/v2\/media?parent=2529"}],"wp:term":[{"taxonomy":"category","embeddable":true,"href":"https:\/\/www.travel3.com.br\/site\/wp-json\/wp\/v2\/categories?post=2529"},{"taxonomy":"post_tag","embeddable":true,"href":"https:\/\/www.travel3.com.br\/site\/wp-json\/wp\/v2\/tags?post=2529"}],"curies":[{"name":"wp","href":"https:\/\/api.w.org\/{rel}","templated":true}]}}