{"id":2523,"date":"2017-09-11T05:58:46","date_gmt":"2017-09-11T05:58:46","guid":{"rendered":"http:\/\/www.travel3.com.br\/site\/ir-e-vir\/ar\/no-ritmo-dos-feriadoes-300-voos-extras-entre-abril-e-maio\/"},"modified":"2017-09-11T05:58:46","modified_gmt":"2017-09-11T05:58:46","slug":"no-ritmo-dos-feriadoes-300-voos-extras-entre-abril-e-maio","status":"publish","type":"post","link":"https:\/\/www.travel3.com.br\/site\/sem-categoria\/no-ritmo-dos-feriadoes-300-voos-extras-entre-abril-e-maio\/","title":{"rendered":"NO RITMO DOS FERIAD\u00d5ES, 300 VOOS EXTRAS ENTRE ABRIL E MAIO"},"content":{"rendered":"<p><span style=\"color: #40acad; font-family: -apple-system, system-ui, 'Segoe UI', Roboto, Oxygen-Sans, Ubuntu, Cantarell, 'Helvetica Neue', sans-serif; font-size: 12px; font-weight: bold;\"><\/p>\n<p style=\"text-align:justify\">Ser\u00e3o 30 mil assentos extras para atender ao acr\u00e9scimo na demanda em feriados prolongados \u00a0os voos extras v\u00e3o atender viagens na P\u00e1scoa (13 a 16 de abril), Tiradentes (20 a 23 de abril) e Dia Internacional do Trabalho (28 de mar\u00e7o a 1\u00ba de maio). Todas as regi\u00f5es do Brasil ser\u00e3o beneficiadas com estas opera\u00e7\u00f5es<\/p>\n<p style=\"text-align:justify\"><a class=\"fancybox-media\" href=\"..\/_uploads\/_noticia\/2017-03\/azulavioesemfileira.jpg\" rel=\"portfolio\"><img decoding=\"async\" alt=\"\" src=\"..\/_uploads\/_noticia\/2017-03\/azulavioesemfileira.jpg\" \/><\/a> Ser\u00e3o 32 cidades atendidas pela Azul com voos extras: S\u00e3o Paulo (Viracopos e Guarulhos), Belo Horizonte, Recife, Rio de Janeiro (Santos Dumont e Gale\u00e3o), Porto Alegre, Curitiba, Goi\u00e2nia, Jo\u00e3o Pessoa, Florian\u00f3polis, Cuiab\u00e1, Campo Grande, Manaus, Bel\u00e9m, Fortaleza, Teresina, Ilh\u00e9us, Porto Seguro, Passo Fundo, Sorriso, Santar\u00e9m, Sinop, Navegantes, Natal, Santa Maria, Londrina, Salvador, Altamira e Cabo Frio e Foz do Igua\u00e7u.<\/p>\n<p style=\"text-align:justify\">\u201cTemos muitos feriados ao longo deste ano e a sequ\u00eancia de abril e maio \u00e9 uma das que vai movimentar o turismo e os viajantes Queremos que todos possam aproveitar, utilizando-se de nossa malha a\u00e9rea, que ter\u00e1 ainda mais refor\u00e7o exatamente para os locais aonde nossos clientes querem estar para descansar e se divertir\u201d, comenta Daniel Tkacz, diretor de Planejamento de Malha da Azul.<\/p>\n<p style=\"text-align:justify\">\u00a0Os aeroportos de Viracopos, em S\u00e3o Paulo, e de Belo Horizonte contar\u00e3o com o maior volume de voos extras da Azul. Os terminais s\u00e3o os maiores centros de distribui\u00e7\u00e3o de voos da companhia.<\/p>\n<p style=\"text-align:justify\"><a class=\"fancybox-media\" href=\"..\/_uploads\/_noticia\/2017-03\/maceiocomjangadas.jpg\" rel=\"portfolio\"><img decoding=\"async\" alt=\"\" src=\"..\/_uploads\/_noticia\/2017-03\/maceiocomjangadas.jpg\" \/><\/a> E no mesmo embalo, a operadora de turismo Azul Viagens ter\u00e1 pacotes especais para para Macei\u00f3, Natal e Foz do Igua\u00e7u, al\u00e9m de outros destinos. Os roteiros incluem passagens a\u00e9reas de ida e volta, traslados e hospedagem e \u00a0algumas op\u00e7\u00f5es contam com benef\u00edcios adicionais. Confira em www.azulviagens.com.br.<\/p>\n<p style=\"text-align:justify\">\u00a0<\/p>\n<p>\u00a0<\/p>\n<p>\u00a0<\/p>\n<p><\/span><\/p>\n","protected":false},"excerpt":{"rendered":"<p>Para aproveitar os prolongados dos dois pr\u00f3ximos meses, P\u00e1scoa, Tiradentes e Dia do Trabalho,  Azul ter\u00e1 oferta complementar para 32 cidades<\/p>\n","protected":false},"author":1,"featured_media":0,"comment_status":"open","ping_status":"open","sticky":false,"template":"","format":"standard","meta":{"footnotes":""},"categories":[],"tags":[],"class_list":["post-2523","post","type-post","status-publish","format-standard","hentry"],"yoast_head":"<!-- This site is optimized with the Yoast SEO plugin v26.2 - https:\/\/yoast.com\/wordpress\/plugins\/seo\/ -->\n<title>NO RITMO DOS FERIAD\u00d5ES, 300 VOOS EXTRAS ENTRE ABRIL E MAIO - Travel3<\/title>\n<meta name=\"description\" content=\"A TRAVEL3 \u00e9 um portal de conte\u00fado voltado para o turismo, encontre destinos, viagens, hospedagem, passagens, guias, not\u00edcias sobre o mercado do turismo, dicas de viagem, v\u00eddeos e podcast.\" \/>\n<meta name=\"robots\" content=\"index, follow, max-snippet:-1, max-image-preview:large, max-video-preview:-1\" \/>\n<link rel=\"canonical\" href=\"https:\/\/www.travel3.com.br\/site\/sem-categoria\/no-ritmo-dos-feriadoes-300-voos-extras-entre-abril-e-maio\/\" \/>\n<meta property=\"og:locale\" content=\"pt_BR\" \/>\n<meta property=\"og:type\" content=\"article\" \/>\n<meta property=\"og:title\" content=\"NO RITMO DOS FERIAD\u00d5ES, 300 VOOS EXTRAS ENTRE ABRIL E MAIO - Travel3\" \/>\n<meta property=\"og:description\" content=\"A TRAVEL3 \u00e9 um portal de conte\u00fado voltado para o turismo, encontre destinos, viagens, hospedagem, passagens, guias, not\u00edcias sobre o mercado do turismo, dicas de viagem, v\u00eddeos e podcast.\" \/>\n<meta property=\"og:url\" content=\"https:\/\/www.travel3.com.br\/site\/sem-categoria\/no-ritmo-dos-feriadoes-300-voos-extras-entre-abril-e-maio\/\" \/>\n<meta property=\"og:site_name\" content=\"Travel3\" \/>\n<meta property=\"article:publisher\" content=\"https:\/\/www.facebook.com\/travel3media\/\" \/>\n<meta property=\"article:published_time\" content=\"2017-09-11T05:58:46+00:00\" \/>\n<meta name=\"author\" content=\"admin\" \/>\n<meta name=\"twitter:card\" content=\"summary_large_image\" \/>\n<meta name=\"twitter:label1\" content=\"Escrito por\" \/>\n\t<meta name=\"twitter:data1\" content=\"admin\" \/>\n\t<meta name=\"twitter:label2\" content=\"Est. tempo de leitura\" \/>\n\t<meta name=\"twitter:data2\" content=\"1 minuto\" \/>\n<script type=\"application\/ld+json\" class=\"yoast-schema-graph\">{\"@context\":\"https:\/\/schema.org\",\"@graph\":[{\"@type\":\"Article\",\"@id\":\"https:\/\/www.travel3.com.br\/site\/sem-categoria\/no-ritmo-dos-feriadoes-300-voos-extras-entre-abril-e-maio\/#article\",\"isPartOf\":{\"@id\":\"https:\/\/www.travel3.com.br\/site\/sem-categoria\/no-ritmo-dos-feriadoes-300-voos-extras-entre-abril-e-maio\/\"},\"author\":{\"name\":\"admin\",\"@id\":\"https:\/\/www.travel3.com.br\/site\/#\/schema\/person\/a69d71e41a024999b6ab82369ac0bd1e\"},\"headline\":\"NO RITMO DOS FERIAD\u00d5ES, 300 VOOS EXTRAS ENTRE ABRIL E MAIO\",\"datePublished\":\"2017-09-11T05:58:46+00:00\",\"mainEntityOfPage\":{\"@id\":\"https:\/\/www.travel3.com.br\/site\/sem-categoria\/no-ritmo-dos-feriadoes-300-voos-extras-entre-abril-e-maio\/\"},\"wordCount\":294,\"commentCount\":0,\"publisher\":{\"@id\":\"https:\/\/www.travel3.com.br\/site\/#organization\"},\"inLanguage\":\"pt-BR\",\"potentialAction\":[{\"@type\":\"CommentAction\",\"name\":\"Comment\",\"target\":[\"https:\/\/www.travel3.com.br\/site\/sem-categoria\/no-ritmo-dos-feriadoes-300-voos-extras-entre-abril-e-maio\/#respond\"]}]},{\"@type\":\"WebPage\",\"@id\":\"https:\/\/www.travel3.com.br\/site\/sem-categoria\/no-ritmo-dos-feriadoes-300-voos-extras-entre-abril-e-maio\/\",\"url\":\"https:\/\/www.travel3.com.br\/site\/sem-categoria\/no-ritmo-dos-feriadoes-300-voos-extras-entre-abril-e-maio\/\",\"name\":\"NO RITMO DOS FERIAD\u00d5ES, 300 VOOS EXTRAS ENTRE ABRIL E MAIO - Travel3\",\"isPartOf\":{\"@id\":\"https:\/\/www.travel3.com.br\/site\/#website\"},\"datePublished\":\"2017-09-11T05:58:46+00:00\",\"description\":\"A TRAVEL3 \u00e9 um portal de conte\u00fado voltado para o turismo, encontre destinos, viagens, hospedagem, passagens, guias, not\u00edcias sobre o mercado do turismo, dicas de viagem, v\u00eddeos e podcast.\",\"breadcrumb\":{\"@id\":\"https:\/\/www.travel3.com.br\/site\/sem-categoria\/no-ritmo-dos-feriadoes-300-voos-extras-entre-abril-e-maio\/#breadcrumb\"},\"inLanguage\":\"pt-BR\",\"potentialAction\":[{\"@type\":\"ReadAction\",\"target\":[\"https:\/\/www.travel3.com.br\/site\/sem-categoria\/no-ritmo-dos-feriadoes-300-voos-extras-entre-abril-e-maio\/\"]}]},{\"@type\":\"BreadcrumbList\",\"@id\":\"https:\/\/www.travel3.com.br\/site\/sem-categoria\/no-ritmo-dos-feriadoes-300-voos-extras-entre-abril-e-maio\/#breadcrumb\",\"itemListElement\":[{\"@type\":\"ListItem\",\"position\":1,\"name\":\"In\u00edcio\",\"item\":\"https:\/\/www.travel3.com.br\/site\/\"},{\"@type\":\"ListItem\",\"position\":2,\"name\":\"NO RITMO DOS FERIAD\u00d5ES, 300 VOOS EXTRAS ENTRE ABRIL E MAIO\"}]},{\"@type\":\"WebSite\",\"@id\":\"https:\/\/www.travel3.com.br\/site\/#website\",\"url\":\"https:\/\/www.travel3.com.br\/site\/\",\"name\":\"Travel3\",\"description\":\"Lazer + Neg&oacute;cios + Aventura\",\"publisher\":{\"@id\":\"https:\/\/www.travel3.com.br\/site\/#organization\"},\"potentialAction\":[{\"@type\":\"SearchAction\",\"target\":{\"@type\":\"EntryPoint\",\"urlTemplate\":\"https:\/\/www.travel3.com.br\/site\/?s={search_term_string}\"},\"query-input\":{\"@type\":\"PropertyValueSpecification\",\"valueRequired\":true,\"valueName\":\"search_term_string\"}}],\"inLanguage\":\"pt-BR\"},{\"@type\":\"Organization\",\"@id\":\"https:\/\/www.travel3.com.br\/site\/#organization\",\"name\":\"Travel3\",\"url\":\"https:\/\/www.travel3.com.br\/site\/\",\"logo\":{\"@type\":\"ImageObject\",\"inLanguage\":\"pt-BR\",\"@id\":\"https:\/\/www.travel3.com.br\/site\/#\/schema\/logo\/image\/\",\"url\":\"https:\/\/www.travel3.com.br\/site\/wp-content\/uploads\/2020\/01\/logo-travel3-2020.png\",\"contentUrl\":\"https:\/\/www.travel3.com.br\/site\/wp-content\/uploads\/2020\/01\/logo-travel3-2020.png\",\"width\":232,\"height\":79,\"caption\":\"Travel3\"},\"image\":{\"@id\":\"https:\/\/www.travel3.com.br\/site\/#\/schema\/logo\/image\/\"},\"sameAs\":[\"https:\/\/www.facebook.com\/travel3media\/\",\"https:\/\/www.instagram.com\/revistatravel3\/\",\"https:\/\/www.youtube.com\/channel\/UCno7J4paGBR3VbZQzvoJ9Eg\"]},{\"@type\":\"Person\",\"@id\":\"https:\/\/www.travel3.com.br\/site\/#\/schema\/person\/a69d71e41a024999b6ab82369ac0bd1e\",\"name\":\"admin\",\"image\":{\"@type\":\"ImageObject\",\"inLanguage\":\"pt-BR\",\"@id\":\"https:\/\/www.travel3.com.br\/site\/#\/schema\/person\/image\/\",\"url\":\"https:\/\/secure.gravatar.com\/avatar\/732a67adfd764da2a47ba10ce731c4c0?s=96&d=mm&r=g\",\"contentUrl\":\"https:\/\/secure.gravatar.com\/avatar\/732a67adfd764da2a47ba10ce731c4c0?s=96&d=mm&r=g\",\"caption\":\"admin\"},\"url\":\"https:\/\/www.travel3.com.br\/site\/author\/admin\/\"}]}<\/script>\n<!-- \/ Yoast SEO plugin. -->","yoast_head_json":{"title":"NO RITMO DOS FERIAD\u00d5ES, 300 VOOS EXTRAS ENTRE ABRIL E MAIO - Travel3","description":"A TRAVEL3 \u00e9 um portal de conte\u00fado voltado para o turismo, encontre destinos, viagens, hospedagem, passagens, guias, not\u00edcias sobre o mercado do turismo, dicas de viagem, v\u00eddeos e podcast.","robots":{"index":"index","follow":"follow","max-snippet":"max-snippet:-1","max-image-preview":"max-image-preview:large","max-video-preview":"max-video-preview:-1"},"canonical":"https:\/\/www.travel3.com.br\/site\/sem-categoria\/no-ritmo-dos-feriadoes-300-voos-extras-entre-abril-e-maio\/","og_locale":"pt_BR","og_type":"article","og_title":"NO RITMO DOS FERIAD\u00d5ES, 300 VOOS EXTRAS ENTRE ABRIL E MAIO - Travel3","og_description":"A TRAVEL3 \u00e9 um portal de conte\u00fado voltado para o turismo, encontre destinos, viagens, hospedagem, passagens, guias, not\u00edcias sobre o mercado do turismo, dicas de viagem, v\u00eddeos e podcast.","og_url":"https:\/\/www.travel3.com.br\/site\/sem-categoria\/no-ritmo-dos-feriadoes-300-voos-extras-entre-abril-e-maio\/","og_site_name":"Travel3","article_publisher":"https:\/\/www.facebook.com\/travel3media\/","article_published_time":"2017-09-11T05:58:46+00:00","author":"admin","twitter_card":"summary_large_image","twitter_misc":{"Escrito por":"admin","Est. tempo de leitura":"1 minuto"},"schema":{"@context":"https:\/\/schema.org","@graph":[{"@type":"Article","@id":"https:\/\/www.travel3.com.br\/site\/sem-categoria\/no-ritmo-dos-feriadoes-300-voos-extras-entre-abril-e-maio\/#article","isPartOf":{"@id":"https:\/\/www.travel3.com.br\/site\/sem-categoria\/no-ritmo-dos-feriadoes-300-voos-extras-entre-abril-e-maio\/"},"author":{"name":"admin","@id":"https:\/\/www.travel3.com.br\/site\/#\/schema\/person\/a69d71e41a024999b6ab82369ac0bd1e"},"headline":"NO RITMO DOS FERIAD\u00d5ES, 300 VOOS EXTRAS ENTRE ABRIL E MAIO","datePublished":"2017-09-11T05:58:46+00:00","mainEntityOfPage":{"@id":"https:\/\/www.travel3.com.br\/site\/sem-categoria\/no-ritmo-dos-feriadoes-300-voos-extras-entre-abril-e-maio\/"},"wordCount":294,"commentCount":0,"publisher":{"@id":"https:\/\/www.travel3.com.br\/site\/#organization"},"inLanguage":"pt-BR","potentialAction":[{"@type":"CommentAction","name":"Comment","target":["https:\/\/www.travel3.com.br\/site\/sem-categoria\/no-ritmo-dos-feriadoes-300-voos-extras-entre-abril-e-maio\/#respond"]}]},{"@type":"WebPage","@id":"https:\/\/www.travel3.com.br\/site\/sem-categoria\/no-ritmo-dos-feriadoes-300-voos-extras-entre-abril-e-maio\/","url":"https:\/\/www.travel3.com.br\/site\/sem-categoria\/no-ritmo-dos-feriadoes-300-voos-extras-entre-abril-e-maio\/","name":"NO RITMO DOS FERIAD\u00d5ES, 300 VOOS EXTRAS ENTRE ABRIL E MAIO - Travel3","isPartOf":{"@id":"https:\/\/www.travel3.com.br\/site\/#website"},"datePublished":"2017-09-11T05:58:46+00:00","description":"A TRAVEL3 \u00e9 um portal de conte\u00fado voltado para o turismo, encontre destinos, viagens, hospedagem, passagens, guias, not\u00edcias sobre o mercado do turismo, dicas de viagem, v\u00eddeos e podcast.","breadcrumb":{"@id":"https:\/\/www.travel3.com.br\/site\/sem-categoria\/no-ritmo-dos-feriadoes-300-voos-extras-entre-abril-e-maio\/#breadcrumb"},"inLanguage":"pt-BR","potentialAction":[{"@type":"ReadAction","target":["https:\/\/www.travel3.com.br\/site\/sem-categoria\/no-ritmo-dos-feriadoes-300-voos-extras-entre-abril-e-maio\/"]}]},{"@type":"BreadcrumbList","@id":"https:\/\/www.travel3.com.br\/site\/sem-categoria\/no-ritmo-dos-feriadoes-300-voos-extras-entre-abril-e-maio\/#breadcrumb","itemListElement":[{"@type":"ListItem","position":1,"name":"In\u00edcio","item":"https:\/\/www.travel3.com.br\/site\/"},{"@type":"ListItem","position":2,"name":"NO RITMO DOS FERIAD\u00d5ES, 300 VOOS EXTRAS ENTRE ABRIL E MAIO"}]},{"@type":"WebSite","@id":"https:\/\/www.travel3.com.br\/site\/#website","url":"https:\/\/www.travel3.com.br\/site\/","name":"Travel3","description":"Lazer + Neg&oacute;cios + Aventura","publisher":{"@id":"https:\/\/www.travel3.com.br\/site\/#organization"},"potentialAction":[{"@type":"SearchAction","target":{"@type":"EntryPoint","urlTemplate":"https:\/\/www.travel3.com.br\/site\/?s={search_term_string}"},"query-input":{"@type":"PropertyValueSpecification","valueRequired":true,"valueName":"search_term_string"}}],"inLanguage":"pt-BR"},{"@type":"Organization","@id":"https:\/\/www.travel3.com.br\/site\/#organization","name":"Travel3","url":"https:\/\/www.travel3.com.br\/site\/","logo":{"@type":"ImageObject","inLanguage":"pt-BR","@id":"https:\/\/www.travel3.com.br\/site\/#\/schema\/logo\/image\/","url":"https:\/\/www.travel3.com.br\/site\/wp-content\/uploads\/2020\/01\/logo-travel3-2020.png","contentUrl":"https:\/\/www.travel3.com.br\/site\/wp-content\/uploads\/2020\/01\/logo-travel3-2020.png","width":232,"height":79,"caption":"Travel3"},"image":{"@id":"https:\/\/www.travel3.com.br\/site\/#\/schema\/logo\/image\/"},"sameAs":["https:\/\/www.facebook.com\/travel3media\/","https:\/\/www.instagram.com\/revistatravel3\/","https:\/\/www.youtube.com\/channel\/UCno7J4paGBR3VbZQzvoJ9Eg"]},{"@type":"Person","@id":"https:\/\/www.travel3.com.br\/site\/#\/schema\/person\/a69d71e41a024999b6ab82369ac0bd1e","name":"admin","image":{"@type":"ImageObject","inLanguage":"pt-BR","@id":"https:\/\/www.travel3.com.br\/site\/#\/schema\/person\/image\/","url":"https:\/\/secure.gravatar.com\/avatar\/732a67adfd764da2a47ba10ce731c4c0?s=96&d=mm&r=g","contentUrl":"https:\/\/secure.gravatar.com\/avatar\/732a67adfd764da2a47ba10ce731c4c0?s=96&d=mm&r=g","caption":"admin"},"url":"https:\/\/www.travel3.com.br\/site\/author\/admin\/"}]}},"_links":{"self":[{"href":"https:\/\/www.travel3.com.br\/site\/wp-json\/wp\/v2\/posts\/2523","targetHints":{"allow":["GET"]}}],"collection":[{"href":"https:\/\/www.travel3.com.br\/site\/wp-json\/wp\/v2\/posts"}],"about":[{"href":"https:\/\/www.travel3.com.br\/site\/wp-json\/wp\/v2\/types\/post"}],"author":[{"embeddable":true,"href":"https:\/\/www.travel3.com.br\/site\/wp-json\/wp\/v2\/users\/1"}],"replies":[{"embeddable":true,"href":"https:\/\/www.travel3.com.br\/site\/wp-json\/wp\/v2\/comments?post=2523"}],"version-history":[{"count":0,"href":"https:\/\/www.travel3.com.br\/site\/wp-json\/wp\/v2\/posts\/2523\/revisions"}],"wp:attachment":[{"href":"https:\/\/www.travel3.com.br\/site\/wp-json\/wp\/v2\/media?parent=2523"}],"wp:term":[{"taxonomy":"category","embeddable":true,"href":"https:\/\/www.travel3.com.br\/site\/wp-json\/wp\/v2\/categories?post=2523"},{"taxonomy":"post_tag","embeddable":true,"href":"https:\/\/www.travel3.com.br\/site\/wp-json\/wp\/v2\/tags?post=2523"}],"curies":[{"name":"wp","href":"https:\/\/api.w.org\/{rel}","templated":true}]}}