{"id":25194,"date":"2019-07-04T06:00:27","date_gmt":"2019-07-04T09:00:27","guid":{"rendered":"https:\/\/www.travel3.com.br\/?p=25194"},"modified":"2019-07-03T23:10:52","modified_gmt":"2019-07-04T02:10:52","slug":"encontro-da-hotelaria","status":"publish","type":"post","link":"https:\/\/www.travel3.com.br\/site\/acontece-no-turismo\/encontro-da-hotelaria\/","title":{"rendered":"Tudo pronto para o Encontro da Hotelaria e Gastronomia Mineira"},"content":{"rendered":"\n<h3 class=\"wp-block-heading\" style=\"text-align:center\">Em sua 19\u00aa edi\u00e7\u00e3o, evento acontece nesta 6\u00aa feira &#8211; 5 de julho &#8211; no Instituto Inhotim, com grandes presen\u00e7as<\/h3>\n\n\n\n<p>O Encontro da Hotelaria Mineira, em sua 19\u00aa edi\u00e7\u00e3o, mostra que continua sendo um evento em sintonia n\u00e3o apenas com o segmento da hotelaria, mas com a sociedade. Promovido pela FBHA- Federa\u00e7\u00e3o Brasileira de Hospedagem e Alimenta\u00e7\u00e3o \u00e9 organizado por seu idealizador, Marcos Val\u00e9rio Rocha. <\/p>\n\n\n\n<p>O Encontro, que j\u00e1 rodou Minas Gerais, este ano ser\u00e1 realizado no Instituto Inhotim, na regi\u00e3o do Vale do Paraopeba, em Brumadinho. A regi\u00e3o, conhecida por ser um dos mais belos cart\u00f5es postais mineiros ganhou as manchetes no in\u00edcio do ano ap\u00f3s ser abatida por uma trag\u00e9dia humana e ambiental, causada pelo rompimento da barragem da Mina do C\u00f3rrego do Feij\u00e3o.<\/p>\n\n\n\n<h2 class=\"wp-block-heading\">Encontro da Hotelaria e Gastronomia re\u00fane importantes nomes do setor<\/h2>\n\n\n\n<p>A ideia de reunir nomes importantes da hotelaria e do trade tur\u00edstico nacional e regional numa das feridas do turismo mineiro \u00e9 louv\u00e1vel. Inegavelmente, junto com os v\u00e1rios pain\u00e9is e palestras proferidos especialistas em v\u00e1rias \u00e1reas do setor, a quest\u00f5es como a qualidade do turismo no Brasil e a responsabilidade com o meio ambiente e com a cidadania certamente ir\u00e3o pairar sobre as cabe\u00e7as dos profissionais que ir\u00e3o se encontrar por entre as belas instala\u00e7\u00f5es do Museu Inhotim.<\/p>\n\n\n\n<p>Como sempre, a proposta de Marcos Val\u00e9rio Rocha \u00e9 a integra\u00e7\u00e3o dos participantes que ter\u00e3o uma chance \u00fanica de aumentarem a sua bagagem de conhecimentos, fazendo networking com a nata da hotelaria nacional. A partir da\u00ed, bons neg\u00f3cios ser\u00e3o uma consequ\u00eancia.<\/p>\n\n\n\n<p>O 19\u00ba Encontro da Hotelaria e Gastronomia Mineira apresentar\u00e1 ainda produtos e servi\u00e7os, o que \u00e9 uma \u00f3tima oportunidade tamb\u00e9m para os fornecedores de produtos, equipamentos e servi\u00e7os de hotelaria.<\/p>\n\n\n\n<blockquote class=\"wp-block-quote is-style-large is-layout-flow wp-block-quote-is-layout-flow\"><p>A escolha de Brumadinho para sediar a 19a edi\u00e7\u00e3o do evento, vem de encontro com a pol\u00edtica da entidade de estar pr\u00f3ximo do setor nos momentos bons e nos dif\u00edceis. \u00c9 uma forma de minimizar e de contribuir para a volta da normalidade da vida dos empres\u00e1rios e profissionais da hotelaria, do turismo da regi\u00e3o e da sociedade em geral.<\/p><cite>Alexandre Sampaio &#8211; Presidente da FBHA<\/cite><\/blockquote>\n\n\n\n<p>O evento tem o apoio da Confedera\u00e7\u00e3o Nacional do Com\u00e9rcio de Bens, Servi\u00e7os e Turismo \u2013 CNC, Prefeitura Municipal de Brumadinho, Secretaria de Estado de Cultura e Turismo, Banco de Desenvolvimento de Minas Gerais, Circuito Tur\u00edstico Veredas do Paraopeba, Associa\u00e7\u00e3o do Turismo de Brumadinho, Instituto Inhotim e Associa\u00e7\u00e3o Brasileira de Hot\u00e9is \u2013 ABIH- MG, entre outras entidades do trade tur\u00edstico e empresarial.<\/p>\n","protected":false},"excerpt":{"rendered":"<p>Em sua 19\u00aa edi\u00e7\u00e3o, evento acontece nesta 6\u00aa feira &#8211; 5 de julho &#8211; no Instituto Inhotim, com grandes presen\u00e7as O Encontro da Hotelaria Mineira, em sua 19\u00aa edi\u00e7\u00e3o, mostra que continua sendo um evento em sintonia n\u00e3o apenas com o segmento da hotelaria, mas com a sociedade. Promovido pela FBHA- Federa\u00e7\u00e3o Brasileira de Hospedagem [&hellip;]<\/p>\n","protected":false},"author":6,"featured_media":25196,"comment_status":"open","ping_status":"open","sticky":false,"template":"","format":"standard","meta":{"footnotes":""},"categories":[969,226,5,3],"tags":[165],"class_list":["post-25194","post","type-post","status-publish","format-standard","has-post-thumbnail","hentry","category-acontece-no-turismo","category-destaque","category-eventos-e-feiras","category-negocios","tag-hotel"],"yoast_head":"<!-- This site is optimized with the Yoast SEO plugin v26.2 - https:\/\/yoast.com\/wordpress\/plugins\/seo\/ -->\n<title>Tudo pronto para o Encontro da Hotelaria e Gastronomia Mineira - Travel3<\/title>\n<meta name=\"description\" content=\"Tudo pronto para o Encontro da Hotelaria e Gastronomia Mineira; evento acontece nesta 6\u00aa feira - 5 de julho - no Instituto Inhotim, com grandes presen\u00e7as\" \/>\n<meta name=\"robots\" content=\"index, follow, max-snippet:-1, max-image-preview:large, max-video-preview:-1\" \/>\n<link rel=\"canonical\" href=\"https:\/\/www.travel3.com.br\/site\/acontece-no-turismo\/encontro-da-hotelaria\/\" \/>\n<meta property=\"og:locale\" content=\"pt_BR\" \/>\n<meta property=\"og:type\" content=\"article\" \/>\n<meta property=\"og:title\" content=\"Tudo pronto para o Encontro da Hotelaria e Gastronomia Mineira - Travel3\" \/>\n<meta property=\"og:description\" content=\"Tudo pronto para o Encontro da Hotelaria e Gastronomia Mineira; evento acontece nesta 6\u00aa feira - 5 de julho - no Instituto Inhotim, com grandes presen\u00e7as\" \/>\n<meta property=\"og:url\" content=\"https:\/\/www.travel3.com.br\/site\/acontece-no-turismo\/encontro-da-hotelaria\/\" \/>\n<meta property=\"og:site_name\" content=\"Travel3\" \/>\n<meta property=\"article:publisher\" content=\"https:\/\/www.facebook.com\/travel3media\/\" \/>\n<meta property=\"article:published_time\" content=\"2019-07-04T09:00:27+00:00\" \/>\n<meta property=\"og:image\" content=\"https:\/\/www.travel3.com.br\/site\/wp-content\/uploads\/2019\/07\/pond-613232_1920.jpg\" \/>\n\t<meta property=\"og:image:width\" content=\"1920\" \/>\n\t<meta property=\"og:image:height\" content=\"1080\" \/>\n\t<meta property=\"og:image:type\" content=\"image\/jpeg\" \/>\n<meta name=\"author\" content=\"Reda\u00e7\u00e3o Travel3\" \/>\n<meta name=\"twitter:card\" content=\"summary_large_image\" \/>\n<meta name=\"twitter:label1\" content=\"Escrito por\" \/>\n\t<meta name=\"twitter:data1\" content=\"Reda\u00e7\u00e3o Travel3\" \/>\n\t<meta name=\"twitter:label2\" content=\"Est. tempo de leitura\" \/>\n\t<meta name=\"twitter:data2\" content=\"2 minutos\" \/>\n<script type=\"application\/ld+json\" class=\"yoast-schema-graph\">{\"@context\":\"https:\/\/schema.org\",\"@graph\":[{\"@type\":\"Article\",\"@id\":\"https:\/\/www.travel3.com.br\/site\/acontece-no-turismo\/encontro-da-hotelaria\/#article\",\"isPartOf\":{\"@id\":\"https:\/\/www.travel3.com.br\/site\/acontece-no-turismo\/encontro-da-hotelaria\/\"},\"author\":{\"name\":\"Reda\u00e7\u00e3o Travel3\",\"@id\":\"https:\/\/www.travel3.com.br\/site\/#\/schema\/person\/9cff8daac0a2f1aa0799f827b8aa8308\"},\"headline\":\"Tudo pronto para o Encontro da Hotelaria e Gastronomia Mineira\",\"datePublished\":\"2019-07-04T09:00:27+00:00\",\"mainEntityOfPage\":{\"@id\":\"https:\/\/www.travel3.com.br\/site\/acontece-no-turismo\/encontro-da-hotelaria\/\"},\"wordCount\":460,\"commentCount\":0,\"publisher\":{\"@id\":\"https:\/\/www.travel3.com.br\/site\/#organization\"},\"image\":{\"@id\":\"https:\/\/www.travel3.com.br\/site\/acontece-no-turismo\/encontro-da-hotelaria\/#primaryimage\"},\"thumbnailUrl\":\"https:\/\/www.travel3.com.br\/site\/wp-content\/uploads\/2019\/07\/pond-613232_1920.jpg\",\"keywords\":[\"hotel\"],\"articleSection\":[\"Acontece no Turismo\",\"Destaque\",\"Eventos e Feiras\",\"Neg\u00f3cios\"],\"inLanguage\":\"pt-BR\",\"potentialAction\":[{\"@type\":\"CommentAction\",\"name\":\"Comment\",\"target\":[\"https:\/\/www.travel3.com.br\/site\/acontece-no-turismo\/encontro-da-hotelaria\/#respond\"]}]},{\"@type\":\"WebPage\",\"@id\":\"https:\/\/www.travel3.com.br\/site\/acontece-no-turismo\/encontro-da-hotelaria\/\",\"url\":\"https:\/\/www.travel3.com.br\/site\/acontece-no-turismo\/encontro-da-hotelaria\/\",\"name\":\"Tudo pronto para o Encontro da Hotelaria e Gastronomia Mineira - Travel3\",\"isPartOf\":{\"@id\":\"https:\/\/www.travel3.com.br\/site\/#website\"},\"primaryImageOfPage\":{\"@id\":\"https:\/\/www.travel3.com.br\/site\/acontece-no-turismo\/encontro-da-hotelaria\/#primaryimage\"},\"image\":{\"@id\":\"https:\/\/www.travel3.com.br\/site\/acontece-no-turismo\/encontro-da-hotelaria\/#primaryimage\"},\"thumbnailUrl\":\"https:\/\/www.travel3.com.br\/site\/wp-content\/uploads\/2019\/07\/pond-613232_1920.jpg\",\"datePublished\":\"2019-07-04T09:00:27+00:00\",\"description\":\"Tudo pronto para o Encontro da Hotelaria e Gastronomia Mineira; evento acontece nesta 6\u00aa feira - 5 de julho - no Instituto Inhotim, com grandes presen\u00e7as\",\"breadcrumb\":{\"@id\":\"https:\/\/www.travel3.com.br\/site\/acontece-no-turismo\/encontro-da-hotelaria\/#breadcrumb\"},\"inLanguage\":\"pt-BR\",\"potentialAction\":[{\"@type\":\"ReadAction\",\"target\":[\"https:\/\/www.travel3.com.br\/site\/acontece-no-turismo\/encontro-da-hotelaria\/\"]}]},{\"@type\":\"ImageObject\",\"inLanguage\":\"pt-BR\",\"@id\":\"https:\/\/www.travel3.com.br\/site\/acontece-no-turismo\/encontro-da-hotelaria\/#primaryimage\",\"url\":\"https:\/\/www.travel3.com.br\/site\/wp-content\/uploads\/2019\/07\/pond-613232_1920.jpg\",\"contentUrl\":\"https:\/\/www.travel3.com.br\/site\/wp-content\/uploads\/2019\/07\/pond-613232_1920.jpg\",\"width\":1920,\"height\":1080,\"caption\":\"A bela paisagem do Instituto Inhotim receber\u00e1 o 19\u00ba Encontro da Hotelaria e Gastronomia Mineira (Foto: Serginho Pacheco\/Pixabay\/Divulga\u00e7\u00e3o)\"},{\"@type\":\"BreadcrumbList\",\"@id\":\"https:\/\/www.travel3.com.br\/site\/acontece-no-turismo\/encontro-da-hotelaria\/#breadcrumb\",\"itemListElement\":[{\"@type\":\"ListItem\",\"position\":1,\"name\":\"In\u00edcio\",\"item\":\"https:\/\/www.travel3.com.br\/site\/\"},{\"@type\":\"ListItem\",\"position\":2,\"name\":\"Tudo pronto para o Encontro da Hotelaria e Gastronomia Mineira\"}]},{\"@type\":\"WebSite\",\"@id\":\"https:\/\/www.travel3.com.br\/site\/#website\",\"url\":\"https:\/\/www.travel3.com.br\/site\/\",\"name\":\"Travel3\",\"description\":\"Lazer + Neg&oacute;cios + Aventura\",\"publisher\":{\"@id\":\"https:\/\/www.travel3.com.br\/site\/#organization\"},\"potentialAction\":[{\"@type\":\"SearchAction\",\"target\":{\"@type\":\"EntryPoint\",\"urlTemplate\":\"https:\/\/www.travel3.com.br\/site\/?s={search_term_string}\"},\"query-input\":{\"@type\":\"PropertyValueSpecification\",\"valueRequired\":true,\"valueName\":\"search_term_string\"}}],\"inLanguage\":\"pt-BR\"},{\"@type\":\"Organization\",\"@id\":\"https:\/\/www.travel3.com.br\/site\/#organization\",\"name\":\"Travel3\",\"url\":\"https:\/\/www.travel3.com.br\/site\/\",\"logo\":{\"@type\":\"ImageObject\",\"inLanguage\":\"pt-BR\",\"@id\":\"https:\/\/www.travel3.com.br\/site\/#\/schema\/logo\/image\/\",\"url\":\"https:\/\/www.travel3.com.br\/site\/wp-content\/uploads\/2020\/01\/logo-travel3-2020.png\",\"contentUrl\":\"https:\/\/www.travel3.com.br\/site\/wp-content\/uploads\/2020\/01\/logo-travel3-2020.png\",\"width\":232,\"height\":79,\"caption\":\"Travel3\"},\"image\":{\"@id\":\"https:\/\/www.travel3.com.br\/site\/#\/schema\/logo\/image\/\"},\"sameAs\":[\"https:\/\/www.facebook.com\/travel3media\/\",\"https:\/\/www.instagram.com\/revistatravel3\/\",\"https:\/\/www.youtube.com\/channel\/UCno7J4paGBR3VbZQzvoJ9Eg\"]},{\"@type\":\"Person\",\"@id\":\"https:\/\/www.travel3.com.br\/site\/#\/schema\/person\/9cff8daac0a2f1aa0799f827b8aa8308\",\"name\":\"Reda\u00e7\u00e3o Travel3\",\"image\":{\"@type\":\"ImageObject\",\"inLanguage\":\"pt-BR\",\"@id\":\"https:\/\/www.travel3.com.br\/site\/#\/schema\/person\/image\/\",\"url\":\"https:\/\/secure.gravatar.com\/avatar\/6e6125525e1f04b7b8c607d71556e490?s=96&d=mm&r=g\",\"contentUrl\":\"https:\/\/secure.gravatar.com\/avatar\/6e6125525e1f04b7b8c607d71556e490?s=96&d=mm&r=g\",\"caption\":\"Reda\u00e7\u00e3o Travel3\"},\"sameAs\":[\"http:\/\/www.travel3.com.br\"],\"url\":\"https:\/\/www.travel3.com.br\/site\/author\/redacao2\/\"}]}<\/script>\n<!-- \/ Yoast SEO plugin. -->","yoast_head_json":{"title":"Tudo pronto para o Encontro da Hotelaria e Gastronomia Mineira - Travel3","description":"Tudo pronto para o Encontro da Hotelaria e Gastronomia Mineira; evento acontece nesta 6\u00aa feira - 5 de julho - no Instituto Inhotim, com grandes presen\u00e7as","robots":{"index":"index","follow":"follow","max-snippet":"max-snippet:-1","max-image-preview":"max-image-preview:large","max-video-preview":"max-video-preview:-1"},"canonical":"https:\/\/www.travel3.com.br\/site\/acontece-no-turismo\/encontro-da-hotelaria\/","og_locale":"pt_BR","og_type":"article","og_title":"Tudo pronto para o Encontro da Hotelaria e Gastronomia Mineira - Travel3","og_description":"Tudo pronto para o Encontro da Hotelaria e Gastronomia Mineira; evento acontece nesta 6\u00aa feira - 5 de julho - no Instituto Inhotim, com grandes presen\u00e7as","og_url":"https:\/\/www.travel3.com.br\/site\/acontece-no-turismo\/encontro-da-hotelaria\/","og_site_name":"Travel3","article_publisher":"https:\/\/www.facebook.com\/travel3media\/","article_published_time":"2019-07-04T09:00:27+00:00","og_image":[{"width":1920,"height":1080,"url":"https:\/\/www.travel3.com.br\/site\/wp-content\/uploads\/2019\/07\/pond-613232_1920.jpg","type":"image\/jpeg"}],"author":"Reda\u00e7\u00e3o Travel3","twitter_card":"summary_large_image","twitter_misc":{"Escrito por":"Reda\u00e7\u00e3o Travel3","Est. tempo de leitura":"2 minutos"},"schema":{"@context":"https:\/\/schema.org","@graph":[{"@type":"Article","@id":"https:\/\/www.travel3.com.br\/site\/acontece-no-turismo\/encontro-da-hotelaria\/#article","isPartOf":{"@id":"https:\/\/www.travel3.com.br\/site\/acontece-no-turismo\/encontro-da-hotelaria\/"},"author":{"name":"Reda\u00e7\u00e3o Travel3","@id":"https:\/\/www.travel3.com.br\/site\/#\/schema\/person\/9cff8daac0a2f1aa0799f827b8aa8308"},"headline":"Tudo pronto para o Encontro da Hotelaria e Gastronomia Mineira","datePublished":"2019-07-04T09:00:27+00:00","mainEntityOfPage":{"@id":"https:\/\/www.travel3.com.br\/site\/acontece-no-turismo\/encontro-da-hotelaria\/"},"wordCount":460,"commentCount":0,"publisher":{"@id":"https:\/\/www.travel3.com.br\/site\/#organization"},"image":{"@id":"https:\/\/www.travel3.com.br\/site\/acontece-no-turismo\/encontro-da-hotelaria\/#primaryimage"},"thumbnailUrl":"https:\/\/www.travel3.com.br\/site\/wp-content\/uploads\/2019\/07\/pond-613232_1920.jpg","keywords":["hotel"],"articleSection":["Acontece no Turismo","Destaque","Eventos e Feiras","Neg\u00f3cios"],"inLanguage":"pt-BR","potentialAction":[{"@type":"CommentAction","name":"Comment","target":["https:\/\/www.travel3.com.br\/site\/acontece-no-turismo\/encontro-da-hotelaria\/#respond"]}]},{"@type":"WebPage","@id":"https:\/\/www.travel3.com.br\/site\/acontece-no-turismo\/encontro-da-hotelaria\/","url":"https:\/\/www.travel3.com.br\/site\/acontece-no-turismo\/encontro-da-hotelaria\/","name":"Tudo pronto para o Encontro da Hotelaria e Gastronomia Mineira - Travel3","isPartOf":{"@id":"https:\/\/www.travel3.com.br\/site\/#website"},"primaryImageOfPage":{"@id":"https:\/\/www.travel3.com.br\/site\/acontece-no-turismo\/encontro-da-hotelaria\/#primaryimage"},"image":{"@id":"https:\/\/www.travel3.com.br\/site\/acontece-no-turismo\/encontro-da-hotelaria\/#primaryimage"},"thumbnailUrl":"https:\/\/www.travel3.com.br\/site\/wp-content\/uploads\/2019\/07\/pond-613232_1920.jpg","datePublished":"2019-07-04T09:00:27+00:00","description":"Tudo pronto para o Encontro da Hotelaria e Gastronomia Mineira; evento acontece nesta 6\u00aa feira - 5 de julho - no Instituto Inhotim, com grandes presen\u00e7as","breadcrumb":{"@id":"https:\/\/www.travel3.com.br\/site\/acontece-no-turismo\/encontro-da-hotelaria\/#breadcrumb"},"inLanguage":"pt-BR","potentialAction":[{"@type":"ReadAction","target":["https:\/\/www.travel3.com.br\/site\/acontece-no-turismo\/encontro-da-hotelaria\/"]}]},{"@type":"ImageObject","inLanguage":"pt-BR","@id":"https:\/\/www.travel3.com.br\/site\/acontece-no-turismo\/encontro-da-hotelaria\/#primaryimage","url":"https:\/\/www.travel3.com.br\/site\/wp-content\/uploads\/2019\/07\/pond-613232_1920.jpg","contentUrl":"https:\/\/www.travel3.com.br\/site\/wp-content\/uploads\/2019\/07\/pond-613232_1920.jpg","width":1920,"height":1080,"caption":"A bela paisagem do Instituto Inhotim receber\u00e1 o 19\u00ba Encontro da Hotelaria e Gastronomia Mineira (Foto: Serginho Pacheco\/Pixabay\/Divulga\u00e7\u00e3o)"},{"@type":"BreadcrumbList","@id":"https:\/\/www.travel3.com.br\/site\/acontece-no-turismo\/encontro-da-hotelaria\/#breadcrumb","itemListElement":[{"@type":"ListItem","position":1,"name":"In\u00edcio","item":"https:\/\/www.travel3.com.br\/site\/"},{"@type":"ListItem","position":2,"name":"Tudo pronto para o Encontro da Hotelaria e Gastronomia Mineira"}]},{"@type":"WebSite","@id":"https:\/\/www.travel3.com.br\/site\/#website","url":"https:\/\/www.travel3.com.br\/site\/","name":"Travel3","description":"Lazer + Neg&oacute;cios + Aventura","publisher":{"@id":"https:\/\/www.travel3.com.br\/site\/#organization"},"potentialAction":[{"@type":"SearchAction","target":{"@type":"EntryPoint","urlTemplate":"https:\/\/www.travel3.com.br\/site\/?s={search_term_string}"},"query-input":{"@type":"PropertyValueSpecification","valueRequired":true,"valueName":"search_term_string"}}],"inLanguage":"pt-BR"},{"@type":"Organization","@id":"https:\/\/www.travel3.com.br\/site\/#organization","name":"Travel3","url":"https:\/\/www.travel3.com.br\/site\/","logo":{"@type":"ImageObject","inLanguage":"pt-BR","@id":"https:\/\/www.travel3.com.br\/site\/#\/schema\/logo\/image\/","url":"https:\/\/www.travel3.com.br\/site\/wp-content\/uploads\/2020\/01\/logo-travel3-2020.png","contentUrl":"https:\/\/www.travel3.com.br\/site\/wp-content\/uploads\/2020\/01\/logo-travel3-2020.png","width":232,"height":79,"caption":"Travel3"},"image":{"@id":"https:\/\/www.travel3.com.br\/site\/#\/schema\/logo\/image\/"},"sameAs":["https:\/\/www.facebook.com\/travel3media\/","https:\/\/www.instagram.com\/revistatravel3\/","https:\/\/www.youtube.com\/channel\/UCno7J4paGBR3VbZQzvoJ9Eg"]},{"@type":"Person","@id":"https:\/\/www.travel3.com.br\/site\/#\/schema\/person\/9cff8daac0a2f1aa0799f827b8aa8308","name":"Reda\u00e7\u00e3o Travel3","image":{"@type":"ImageObject","inLanguage":"pt-BR","@id":"https:\/\/www.travel3.com.br\/site\/#\/schema\/person\/image\/","url":"https:\/\/secure.gravatar.com\/avatar\/6e6125525e1f04b7b8c607d71556e490?s=96&d=mm&r=g","contentUrl":"https:\/\/secure.gravatar.com\/avatar\/6e6125525e1f04b7b8c607d71556e490?s=96&d=mm&r=g","caption":"Reda\u00e7\u00e3o Travel3"},"sameAs":["http:\/\/www.travel3.com.br"],"url":"https:\/\/www.travel3.com.br\/site\/author\/redacao2\/"}]}},"_links":{"self":[{"href":"https:\/\/www.travel3.com.br\/site\/wp-json\/wp\/v2\/posts\/25194","targetHints":{"allow":["GET"]}}],"collection":[{"href":"https:\/\/www.travel3.com.br\/site\/wp-json\/wp\/v2\/posts"}],"about":[{"href":"https:\/\/www.travel3.com.br\/site\/wp-json\/wp\/v2\/types\/post"}],"author":[{"embeddable":true,"href":"https:\/\/www.travel3.com.br\/site\/wp-json\/wp\/v2\/users\/6"}],"replies":[{"embeddable":true,"href":"https:\/\/www.travel3.com.br\/site\/wp-json\/wp\/v2\/comments?post=25194"}],"version-history":[{"count":2,"href":"https:\/\/www.travel3.com.br\/site\/wp-json\/wp\/v2\/posts\/25194\/revisions"}],"predecessor-version":[{"id":25198,"href":"https:\/\/www.travel3.com.br\/site\/wp-json\/wp\/v2\/posts\/25194\/revisions\/25198"}],"wp:featuredmedia":[{"embeddable":true,"href":"https:\/\/www.travel3.com.br\/site\/wp-json\/wp\/v2\/media\/25196"}],"wp:attachment":[{"href":"https:\/\/www.travel3.com.br\/site\/wp-json\/wp\/v2\/media?parent=25194"}],"wp:term":[{"taxonomy":"category","embeddable":true,"href":"https:\/\/www.travel3.com.br\/site\/wp-json\/wp\/v2\/categories?post=25194"},{"taxonomy":"post_tag","embeddable":true,"href":"https:\/\/www.travel3.com.br\/site\/wp-json\/wp\/v2\/tags?post=25194"}],"curies":[{"name":"wp","href":"https:\/\/api.w.org\/{rel}","templated":true}]}}