{"id":2454,"date":"2017-08-24T10:29:46","date_gmt":"2017-08-24T10:29:46","guid":{"rendered":"http:\/\/www.travel3.com.br\/site\/ir-e-vir\/ar\/primeira-reuniao-de-ministros-latinos-sera-na-wtm\/"},"modified":"2017-08-24T10:29:46","modified_gmt":"2017-08-24T10:29:46","slug":"primeira-reuniao-de-ministros-latinos-sera-na-wtm","status":"publish","type":"post","link":"https:\/\/www.travel3.com.br\/site\/sem-categoria\/primeira-reuniao-de-ministros-latinos-sera-na-wtm\/","title":{"rendered":"PRIMEIRA REUNIAO DE MINISTROS LATINOS SER\u00c1 NA WTM"},"content":{"rendered":"<p><span style=\"color: #40acad; font-family: -apple-system, system-ui, 'Segoe UI', Roboto, Oxygen-Sans, Ubuntu, Cantarell, 'Helvetica Neue', sans-serif; font-size: 12px; font-weight: bold;\"><\/p>\n<p style=\"text-align:justify\">Com debates pr\u00e1ticos e os fundamentos pol\u00edticos de um encontro em alto n\u00edvel, a WTM Latin America 2017 &#038; 47\u00ba Encontro Comercial Braztoa sediar\u00e1 primeira reuni\u00e3o de ministros latino-americanos. A agenda foi confirmada entre 4 e\u00a06 de abril, no Expo Center Norte.<\/p>\n<p style=\"text-align:justify\">Os Ministros discutir\u00e3o, na manh\u00e3 do dia\u00a05 de abril, pautas acerca da integra\u00e7\u00e3o dos pa\u00edses latino-americanos por meio da avia\u00e7\u00e3o intrarregional e promo\u00e7\u00e3o de destinos em roteiros integrados, temas de \u00a0grande import\u00e2ncia para o setor e seu desenvolvimento na Am\u00e9rica Latina.<\/p>\n<p style=\"text-align:justify\">A proposta das reuni\u00f5es anuais entre os ministros da regi\u00e3o foi aprovada em Londres, nas articula\u00e7\u00f5es realizadas durante a 37\u00aa. edi\u00e7\u00e3o da WTM. As autoridades reafirmaram o compromisso de trabalharem unidos para maximizar o potencial e a visibilidade do turismo corporativo e de lazer na Am\u00e9rica Latina.<\/p>\n<p style=\"text-align:justify\">\u201cDentre os t\u00f3picos debatidos, destaque para a import\u00e2ncia do turismo intrarregional, que contribui para aproximar os pa\u00edses latino-americanos criando novos la\u00e7os e incrementando investimentos\u201d,\u00a0explica o diretor da WTM Latin America Lawrence Reinisch, um dos mais entusiasmadas pela confirma\u00e7\u00e3o da reuni\u00e3o.<\/p>\n<p style=\"text-align:justify\">Os pacotes multidestinos, que preveem a visita\u00e7\u00e3o de dois a quatro pa\u00edses em uma \u00fanica viagem, estar\u00e3o em estudo detalhado no encontro. \u201cA oferta combinada de cidades e pa\u00edses possibilita m\u00faltiplas experi\u00eancias e viv\u00eancias para o viajante e contribui para a integra\u00e7\u00e3o econ\u00f4mica dos pa\u00edses envolvidos\u201d.<\/p>\n<p style=\"text-align:justify\"><a class=\"fancybox-media\" href=\"..\/_uploads\/_noticia\/2017-03\/ministrosturismoeculturareuniao.jpeg\" rel=\"portfolio\"><img decoding=\"async\" alt=\"\" src=\"..\/_uploads\/_noticia\/2017-03\/ministrosturismoeculturareuniao.jpeg\" \/><\/a> De acordo com o Ministro do Turismo do Brasil, Marx Beltr\u00e3o, e o diretor-executivo da Organiza\u00e7\u00e3o Mundial do Turismo (OMT), M\u00e1rcio Favilla, \u00e9 fundamental a coopera\u00e7\u00e3o e colabora\u00e7\u00e3o entre os pa\u00edses para desenvolver o turismo e manter a Am\u00e9rica Latina como sede dos grandes eventos mundiais.<\/p>\n<p style=\"text-align:justify\">A OMT dar\u00e1 integral apoio \u00e0 realiza\u00e7\u00e3o do encontro que tem similar na reuni\u00e3o que \u00e9 realizada durante a Fitur, em Madrid, com os ministros do turismo dos pa\u00edses da Am\u00e9rica Latina. Agora \u00e9 a vez da WTM LA, em S\u00e3o Paulo, dar uma amplitude regional e continental.<\/p>\n<p style=\"text-align:justify\"><a class=\"fancybox-media\" href=\"..\/_uploads\/_noticia\/2017-03\/ministrosturismodomercosul.jpg\" rel=\"portfolio\"><img decoding=\"async\" alt=\"\" src=\"..\/_uploads\/_noticia\/2017-03\/ministrosturismodomercosul.jpg\" \/><\/a> <strong>No \u00e2mbito do Mercosul as reunioes entre ministros do Turismo eram bem assiduas, ultimamente elas se desagregaram<\/strong><\/p>\n<p style=\"text-align:justify\">\u201cUm dos prop\u00f3sitos da WTM Latin America \u00e9 participar da inser\u00e7\u00e3o definitiva da regi\u00e3o no mapa mundial do turismo. A aproxima\u00e7\u00e3o entre a Am\u00e9rica Latina e o mercado internacional \u00e9 de extrema relev\u00e2ncia para o setor de modo geral\u201d, diz Charlie Cracknell, diretor S\u00eanior de Exposi\u00e7\u00f5es da Reed Exhibitions.<\/p>\n<p style=\"text-align:justify\">\u00a0<\/p>\n<p>\u00a0<\/p>\n<p>\u00a0<\/p>\n<p><\/span><\/p>\n","protected":false},"excerpt":{"rendered":"<p>Mais um valor agregado para a feira da primeira semana de abril em S\u00e3o Paulo, com o encontro continental dos ministros<\/p>\n","protected":false},"author":1,"featured_media":0,"comment_status":"open","ping_status":"open","sticky":false,"template":"","format":"standard","meta":{"footnotes":""},"categories":[],"tags":[],"class_list":["post-2454","post","type-post","status-publish","format-standard","hentry"],"yoast_head":"<!-- This site is optimized with the Yoast SEO plugin v26.2 - https:\/\/yoast.com\/wordpress\/plugins\/seo\/ -->\n<title>PRIMEIRA REUNIAO DE MINISTROS LATINOS SER\u00c1 NA WTM - Travel3<\/title>\n<meta name=\"description\" content=\"A TRAVEL3 \u00e9 um portal de conte\u00fado voltado para o turismo, encontre destinos, viagens, hospedagem, passagens, guias, not\u00edcias sobre o mercado do turismo, dicas de viagem, v\u00eddeos e podcast.\" \/>\n<meta name=\"robots\" content=\"index, follow, max-snippet:-1, max-image-preview:large, max-video-preview:-1\" \/>\n<link rel=\"canonical\" href=\"https:\/\/www.travel3.com.br\/site\/sem-categoria\/primeira-reuniao-de-ministros-latinos-sera-na-wtm\/\" \/>\n<meta property=\"og:locale\" content=\"pt_BR\" \/>\n<meta property=\"og:type\" content=\"article\" \/>\n<meta property=\"og:title\" content=\"PRIMEIRA REUNIAO DE MINISTROS LATINOS SER\u00c1 NA WTM - Travel3\" \/>\n<meta property=\"og:description\" content=\"A TRAVEL3 \u00e9 um portal de conte\u00fado voltado para o turismo, encontre destinos, viagens, hospedagem, passagens, guias, not\u00edcias sobre o mercado do turismo, dicas de viagem, v\u00eddeos e podcast.\" \/>\n<meta property=\"og:url\" content=\"https:\/\/www.travel3.com.br\/site\/sem-categoria\/primeira-reuniao-de-ministros-latinos-sera-na-wtm\/\" \/>\n<meta property=\"og:site_name\" content=\"Travel3\" \/>\n<meta property=\"article:publisher\" content=\"https:\/\/www.facebook.com\/travel3media\/\" \/>\n<meta property=\"article:published_time\" content=\"2017-08-24T10:29:46+00:00\" \/>\n<meta name=\"author\" content=\"admin\" \/>\n<meta name=\"twitter:card\" content=\"summary_large_image\" \/>\n<meta name=\"twitter:label1\" content=\"Escrito por\" \/>\n\t<meta name=\"twitter:data1\" content=\"admin\" \/>\n\t<meta name=\"twitter:label2\" content=\"Est. tempo de leitura\" \/>\n\t<meta name=\"twitter:data2\" content=\"2 minutos\" \/>\n<script type=\"application\/ld+json\" class=\"yoast-schema-graph\">{\"@context\":\"https:\/\/schema.org\",\"@graph\":[{\"@type\":\"Article\",\"@id\":\"https:\/\/www.travel3.com.br\/site\/sem-categoria\/primeira-reuniao-de-ministros-latinos-sera-na-wtm\/#article\",\"isPartOf\":{\"@id\":\"https:\/\/www.travel3.com.br\/site\/sem-categoria\/primeira-reuniao-de-ministros-latinos-sera-na-wtm\/\"},\"author\":{\"name\":\"admin\",\"@id\":\"https:\/\/www.travel3.com.br\/site\/#\/schema\/person\/a69d71e41a024999b6ab82369ac0bd1e\"},\"headline\":\"PRIMEIRA REUNIAO DE MINISTROS LATINOS SER\u00c1 NA WTM\",\"datePublished\":\"2017-08-24T10:29:46+00:00\",\"mainEntityOfPage\":{\"@id\":\"https:\/\/www.travel3.com.br\/site\/sem-categoria\/primeira-reuniao-de-ministros-latinos-sera-na-wtm\/\"},\"wordCount\":426,\"commentCount\":0,\"publisher\":{\"@id\":\"https:\/\/www.travel3.com.br\/site\/#organization\"},\"inLanguage\":\"pt-BR\",\"potentialAction\":[{\"@type\":\"CommentAction\",\"name\":\"Comment\",\"target\":[\"https:\/\/www.travel3.com.br\/site\/sem-categoria\/primeira-reuniao-de-ministros-latinos-sera-na-wtm\/#respond\"]}]},{\"@type\":\"WebPage\",\"@id\":\"https:\/\/www.travel3.com.br\/site\/sem-categoria\/primeira-reuniao-de-ministros-latinos-sera-na-wtm\/\",\"url\":\"https:\/\/www.travel3.com.br\/site\/sem-categoria\/primeira-reuniao-de-ministros-latinos-sera-na-wtm\/\",\"name\":\"PRIMEIRA REUNIAO DE MINISTROS LATINOS SER\u00c1 NA WTM - Travel3\",\"isPartOf\":{\"@id\":\"https:\/\/www.travel3.com.br\/site\/#website\"},\"datePublished\":\"2017-08-24T10:29:46+00:00\",\"description\":\"A TRAVEL3 \u00e9 um portal de conte\u00fado voltado para o turismo, encontre destinos, viagens, hospedagem, passagens, guias, not\u00edcias sobre o mercado do turismo, dicas de viagem, v\u00eddeos e podcast.\",\"breadcrumb\":{\"@id\":\"https:\/\/www.travel3.com.br\/site\/sem-categoria\/primeira-reuniao-de-ministros-latinos-sera-na-wtm\/#breadcrumb\"},\"inLanguage\":\"pt-BR\",\"potentialAction\":[{\"@type\":\"ReadAction\",\"target\":[\"https:\/\/www.travel3.com.br\/site\/sem-categoria\/primeira-reuniao-de-ministros-latinos-sera-na-wtm\/\"]}]},{\"@type\":\"BreadcrumbList\",\"@id\":\"https:\/\/www.travel3.com.br\/site\/sem-categoria\/primeira-reuniao-de-ministros-latinos-sera-na-wtm\/#breadcrumb\",\"itemListElement\":[{\"@type\":\"ListItem\",\"position\":1,\"name\":\"In\u00edcio\",\"item\":\"https:\/\/www.travel3.com.br\/site\/\"},{\"@type\":\"ListItem\",\"position\":2,\"name\":\"PRIMEIRA REUNIAO DE MINISTROS LATINOS SER\u00c1 NA WTM\"}]},{\"@type\":\"WebSite\",\"@id\":\"https:\/\/www.travel3.com.br\/site\/#website\",\"url\":\"https:\/\/www.travel3.com.br\/site\/\",\"name\":\"Travel3\",\"description\":\"Lazer + Neg&oacute;cios + Aventura\",\"publisher\":{\"@id\":\"https:\/\/www.travel3.com.br\/site\/#organization\"},\"potentialAction\":[{\"@type\":\"SearchAction\",\"target\":{\"@type\":\"EntryPoint\",\"urlTemplate\":\"https:\/\/www.travel3.com.br\/site\/?s={search_term_string}\"},\"query-input\":{\"@type\":\"PropertyValueSpecification\",\"valueRequired\":true,\"valueName\":\"search_term_string\"}}],\"inLanguage\":\"pt-BR\"},{\"@type\":\"Organization\",\"@id\":\"https:\/\/www.travel3.com.br\/site\/#organization\",\"name\":\"Travel3\",\"url\":\"https:\/\/www.travel3.com.br\/site\/\",\"logo\":{\"@type\":\"ImageObject\",\"inLanguage\":\"pt-BR\",\"@id\":\"https:\/\/www.travel3.com.br\/site\/#\/schema\/logo\/image\/\",\"url\":\"https:\/\/www.travel3.com.br\/site\/wp-content\/uploads\/2020\/01\/logo-travel3-2020.png\",\"contentUrl\":\"https:\/\/www.travel3.com.br\/site\/wp-content\/uploads\/2020\/01\/logo-travel3-2020.png\",\"width\":232,\"height\":79,\"caption\":\"Travel3\"},\"image\":{\"@id\":\"https:\/\/www.travel3.com.br\/site\/#\/schema\/logo\/image\/\"},\"sameAs\":[\"https:\/\/www.facebook.com\/travel3media\/\",\"https:\/\/www.instagram.com\/revistatravel3\/\",\"https:\/\/www.youtube.com\/channel\/UCno7J4paGBR3VbZQzvoJ9Eg\"]},{\"@type\":\"Person\",\"@id\":\"https:\/\/www.travel3.com.br\/site\/#\/schema\/person\/a69d71e41a024999b6ab82369ac0bd1e\",\"name\":\"admin\",\"image\":{\"@type\":\"ImageObject\",\"inLanguage\":\"pt-BR\",\"@id\":\"https:\/\/www.travel3.com.br\/site\/#\/schema\/person\/image\/\",\"url\":\"https:\/\/secure.gravatar.com\/avatar\/732a67adfd764da2a47ba10ce731c4c0?s=96&d=mm&r=g\",\"contentUrl\":\"https:\/\/secure.gravatar.com\/avatar\/732a67adfd764da2a47ba10ce731c4c0?s=96&d=mm&r=g\",\"caption\":\"admin\"},\"url\":\"https:\/\/www.travel3.com.br\/site\/author\/admin\/\"}]}<\/script>\n<!-- \/ Yoast SEO plugin. -->","yoast_head_json":{"title":"PRIMEIRA REUNIAO DE MINISTROS LATINOS SER\u00c1 NA WTM - Travel3","description":"A TRAVEL3 \u00e9 um portal de conte\u00fado voltado para o turismo, encontre destinos, viagens, hospedagem, passagens, guias, not\u00edcias sobre o mercado do turismo, dicas de viagem, v\u00eddeos e podcast.","robots":{"index":"index","follow":"follow","max-snippet":"max-snippet:-1","max-image-preview":"max-image-preview:large","max-video-preview":"max-video-preview:-1"},"canonical":"https:\/\/www.travel3.com.br\/site\/sem-categoria\/primeira-reuniao-de-ministros-latinos-sera-na-wtm\/","og_locale":"pt_BR","og_type":"article","og_title":"PRIMEIRA REUNIAO DE MINISTROS LATINOS SER\u00c1 NA WTM - Travel3","og_description":"A TRAVEL3 \u00e9 um portal de conte\u00fado voltado para o turismo, encontre destinos, viagens, hospedagem, passagens, guias, not\u00edcias sobre o mercado do turismo, dicas de viagem, v\u00eddeos e podcast.","og_url":"https:\/\/www.travel3.com.br\/site\/sem-categoria\/primeira-reuniao-de-ministros-latinos-sera-na-wtm\/","og_site_name":"Travel3","article_publisher":"https:\/\/www.facebook.com\/travel3media\/","article_published_time":"2017-08-24T10:29:46+00:00","author":"admin","twitter_card":"summary_large_image","twitter_misc":{"Escrito por":"admin","Est. tempo de leitura":"2 minutos"},"schema":{"@context":"https:\/\/schema.org","@graph":[{"@type":"Article","@id":"https:\/\/www.travel3.com.br\/site\/sem-categoria\/primeira-reuniao-de-ministros-latinos-sera-na-wtm\/#article","isPartOf":{"@id":"https:\/\/www.travel3.com.br\/site\/sem-categoria\/primeira-reuniao-de-ministros-latinos-sera-na-wtm\/"},"author":{"name":"admin","@id":"https:\/\/www.travel3.com.br\/site\/#\/schema\/person\/a69d71e41a024999b6ab82369ac0bd1e"},"headline":"PRIMEIRA REUNIAO DE MINISTROS LATINOS SER\u00c1 NA WTM","datePublished":"2017-08-24T10:29:46+00:00","mainEntityOfPage":{"@id":"https:\/\/www.travel3.com.br\/site\/sem-categoria\/primeira-reuniao-de-ministros-latinos-sera-na-wtm\/"},"wordCount":426,"commentCount":0,"publisher":{"@id":"https:\/\/www.travel3.com.br\/site\/#organization"},"inLanguage":"pt-BR","potentialAction":[{"@type":"CommentAction","name":"Comment","target":["https:\/\/www.travel3.com.br\/site\/sem-categoria\/primeira-reuniao-de-ministros-latinos-sera-na-wtm\/#respond"]}]},{"@type":"WebPage","@id":"https:\/\/www.travel3.com.br\/site\/sem-categoria\/primeira-reuniao-de-ministros-latinos-sera-na-wtm\/","url":"https:\/\/www.travel3.com.br\/site\/sem-categoria\/primeira-reuniao-de-ministros-latinos-sera-na-wtm\/","name":"PRIMEIRA REUNIAO DE MINISTROS LATINOS SER\u00c1 NA WTM - Travel3","isPartOf":{"@id":"https:\/\/www.travel3.com.br\/site\/#website"},"datePublished":"2017-08-24T10:29:46+00:00","description":"A TRAVEL3 \u00e9 um portal de conte\u00fado voltado para o turismo, encontre destinos, viagens, hospedagem, passagens, guias, not\u00edcias sobre o mercado do turismo, dicas de viagem, v\u00eddeos e podcast.","breadcrumb":{"@id":"https:\/\/www.travel3.com.br\/site\/sem-categoria\/primeira-reuniao-de-ministros-latinos-sera-na-wtm\/#breadcrumb"},"inLanguage":"pt-BR","potentialAction":[{"@type":"ReadAction","target":["https:\/\/www.travel3.com.br\/site\/sem-categoria\/primeira-reuniao-de-ministros-latinos-sera-na-wtm\/"]}]},{"@type":"BreadcrumbList","@id":"https:\/\/www.travel3.com.br\/site\/sem-categoria\/primeira-reuniao-de-ministros-latinos-sera-na-wtm\/#breadcrumb","itemListElement":[{"@type":"ListItem","position":1,"name":"In\u00edcio","item":"https:\/\/www.travel3.com.br\/site\/"},{"@type":"ListItem","position":2,"name":"PRIMEIRA REUNIAO DE MINISTROS LATINOS SER\u00c1 NA WTM"}]},{"@type":"WebSite","@id":"https:\/\/www.travel3.com.br\/site\/#website","url":"https:\/\/www.travel3.com.br\/site\/","name":"Travel3","description":"Lazer + Neg&oacute;cios + Aventura","publisher":{"@id":"https:\/\/www.travel3.com.br\/site\/#organization"},"potentialAction":[{"@type":"SearchAction","target":{"@type":"EntryPoint","urlTemplate":"https:\/\/www.travel3.com.br\/site\/?s={search_term_string}"},"query-input":{"@type":"PropertyValueSpecification","valueRequired":true,"valueName":"search_term_string"}}],"inLanguage":"pt-BR"},{"@type":"Organization","@id":"https:\/\/www.travel3.com.br\/site\/#organization","name":"Travel3","url":"https:\/\/www.travel3.com.br\/site\/","logo":{"@type":"ImageObject","inLanguage":"pt-BR","@id":"https:\/\/www.travel3.com.br\/site\/#\/schema\/logo\/image\/","url":"https:\/\/www.travel3.com.br\/site\/wp-content\/uploads\/2020\/01\/logo-travel3-2020.png","contentUrl":"https:\/\/www.travel3.com.br\/site\/wp-content\/uploads\/2020\/01\/logo-travel3-2020.png","width":232,"height":79,"caption":"Travel3"},"image":{"@id":"https:\/\/www.travel3.com.br\/site\/#\/schema\/logo\/image\/"},"sameAs":["https:\/\/www.facebook.com\/travel3media\/","https:\/\/www.instagram.com\/revistatravel3\/","https:\/\/www.youtube.com\/channel\/UCno7J4paGBR3VbZQzvoJ9Eg"]},{"@type":"Person","@id":"https:\/\/www.travel3.com.br\/site\/#\/schema\/person\/a69d71e41a024999b6ab82369ac0bd1e","name":"admin","image":{"@type":"ImageObject","inLanguage":"pt-BR","@id":"https:\/\/www.travel3.com.br\/site\/#\/schema\/person\/image\/","url":"https:\/\/secure.gravatar.com\/avatar\/732a67adfd764da2a47ba10ce731c4c0?s=96&d=mm&r=g","contentUrl":"https:\/\/secure.gravatar.com\/avatar\/732a67adfd764da2a47ba10ce731c4c0?s=96&d=mm&r=g","caption":"admin"},"url":"https:\/\/www.travel3.com.br\/site\/author\/admin\/"}]}},"_links":{"self":[{"href":"https:\/\/www.travel3.com.br\/site\/wp-json\/wp\/v2\/posts\/2454","targetHints":{"allow":["GET"]}}],"collection":[{"href":"https:\/\/www.travel3.com.br\/site\/wp-json\/wp\/v2\/posts"}],"about":[{"href":"https:\/\/www.travel3.com.br\/site\/wp-json\/wp\/v2\/types\/post"}],"author":[{"embeddable":true,"href":"https:\/\/www.travel3.com.br\/site\/wp-json\/wp\/v2\/users\/1"}],"replies":[{"embeddable":true,"href":"https:\/\/www.travel3.com.br\/site\/wp-json\/wp\/v2\/comments?post=2454"}],"version-history":[{"count":0,"href":"https:\/\/www.travel3.com.br\/site\/wp-json\/wp\/v2\/posts\/2454\/revisions"}],"wp:attachment":[{"href":"https:\/\/www.travel3.com.br\/site\/wp-json\/wp\/v2\/media?parent=2454"}],"wp:term":[{"taxonomy":"category","embeddable":true,"href":"https:\/\/www.travel3.com.br\/site\/wp-json\/wp\/v2\/categories?post=2454"},{"taxonomy":"post_tag","embeddable":true,"href":"https:\/\/www.travel3.com.br\/site\/wp-json\/wp\/v2\/tags?post=2454"}],"curies":[{"name":"wp","href":"https:\/\/api.w.org\/{rel}","templated":true}]}}