{"id":2435,"date":"2017-08-22T17:50:38","date_gmt":"2017-08-22T17:50:38","guid":{"rendered":"http:\/\/www.travel3.com.br\/site\/ir-e-vir\/ar\/volta-ao-mundo-em-private-jet-especialmente-para-brasileiros\/"},"modified":"2017-08-22T17:50:38","modified_gmt":"2017-08-22T17:50:38","slug":"volta-ao-mundo-em-private-jet-especialmente-para-brasileiros","status":"publish","type":"post","link":"https:\/\/www.travel3.com.br\/site\/sem-categoria\/volta-ao-mundo-em-private-jet-especialmente-para-brasileiros\/","title":{"rendered":"VOLTA AO MUNDO EM PRIVATE JET ESPECIALMENTE PARA BRASILEIROS"},"content":{"rendered":"<p><span style=\"color: #40acad; font-family: -apple-system, system-ui, 'Segoe UI', Roboto, Oxygen-Sans, Ubuntu, Cantarell, 'Helvetica Neue', sans-serif; font-size: 12px; font-weight: bold;\"><\/p>\n<p style=\"text-align:justify\"><a class=\"fancybox-media\" href=\"..\/_uploads\/_noticia\/2017-03\/latitudes-privatejet-externa1--2-.jpg\" rel=\"portfolio\"><img decoding=\"async\" alt=\"\" src=\"..\/_uploads\/_noticia\/2017-03\/latitudes-privatejet-externa1--2-.jpg\" \/><\/a><\/p>\n<p style=\"text-align:justify\">A Latitudes inovou e intro no mercado de viagens nacional e lan\u00e7a roteiros em avi\u00e3o privativo desenhados especialmente para o p\u00fablico brasileiro. O roteiro Grandes Imp\u00e9rios da Humanidade, levar\u00e1 50 participantes para percorrer s\u00e9culos da hist\u00f3ria mundial, descobrindo a heran\u00e7a deixada por algumas das civiliza\u00e7\u00f5es mais antigas da terra.\u00a0<\/p>\n<p style=\"text-align:justify\">\u201cA primeira viagem foi um sucesso absoluto: na escolha do roteiro e dos especialistas, na organiza\u00e7\u00e3o e na log\u00edstica. Foram quatro anos preparando um produto totalmente adaptado aos h\u00e1bitos e costumes do brasileiro, que tem caracter\u00edsticas muito diferentes de americanos e europeus. Por isso fomos muito bem sucedidos. E avaliando a experi\u00eancia anterior, aprimoramos ainda mais. Se a primeira viagem foi \u00f3tima, a segunda ser\u00e1 maravilhosa\u201d, diz Alexandre Cymbalista, diretor da Latitudes.<\/p>\n<p style=\"text-align:justify\"><a class=\"fancybox-media\" href=\"..\/_uploads\/_noticia\/2017-03\/latitudes-privatejet-marrakesh---b.jpg\" rel=\"portfolio\"><img decoding=\"async\" alt=\"\" src=\"..\/_uploads\/_noticia\/2017-03\/latitudes-privatejet-marrakesh---b.jpg\" \/><\/a><\/p>\n<p style=\"text-align:justify\">A jornada de 26 dias do Private Jet come\u00e7a em mar\u00e7o de 2018 em S\u00e3o Paulo, seguindo para o M\u00e9xico, Hava\u00ed, Jap\u00e3o, China, \u00cdndia, Ir\u00e3, Sic\u00edlia e Marrocos, antes de retornar ao Brasil. Em cada um dos locais, todos s\u00e3o divididos em pequenos grupos durante os passeios para que prevale\u00e7a uma maneira mais intimista de viajar. Assim, as descobertas s\u00e3o experimentadas por um grupo seleto reunido em torno de um tema comum, compartilhando interesses similares, e unido pelo objetivo de ampliar horizontes pessoais e intelectuais. \u201cQuem escolhe uma viagem como essa tem muitas coisas em comum, e est\u00e1 em uma fase da vida em que o foco \u00e9 desfrutar de seu tempo, e n\u00e3o ter mais coisas. Quer viajar para lugares diferentes, conhecer novas culturas, aprender mais\u201d, afirma Cymbalista.<\/p>\n<p><\/span><\/p>\n","protected":false},"excerpt":{"rendered":"<p>Roteiro da Latitudes passa por oito impressionantes marcos hist\u00f3ricos do planeta, em um avi\u00e3o reconfigurado para a expedi\u00e7\u00e3o<\/p>\n","protected":false},"author":1,"featured_media":0,"comment_status":"open","ping_status":"open","sticky":false,"template":"","format":"standard","meta":{"footnotes":""},"categories":[],"tags":[],"class_list":["post-2435","post","type-post","status-publish","format-standard","hentry"],"yoast_head":"<!-- This site is optimized with the Yoast SEO plugin v26.2 - https:\/\/yoast.com\/wordpress\/plugins\/seo\/ -->\n<title>VOLTA AO MUNDO EM PRIVATE JET ESPECIALMENTE PARA BRASILEIROS - Travel3<\/title>\n<meta name=\"description\" content=\"A TRAVEL3 \u00e9 um portal de conte\u00fado voltado para o turismo, encontre destinos, viagens, hospedagem, passagens, guias, not\u00edcias sobre o mercado do turismo, dicas de viagem, v\u00eddeos e podcast.\" \/>\n<meta name=\"robots\" content=\"index, follow, max-snippet:-1, max-image-preview:large, max-video-preview:-1\" \/>\n<link rel=\"canonical\" href=\"https:\/\/www.travel3.com.br\/site\/sem-categoria\/volta-ao-mundo-em-private-jet-especialmente-para-brasileiros\/\" \/>\n<meta property=\"og:locale\" content=\"pt_BR\" \/>\n<meta property=\"og:type\" content=\"article\" \/>\n<meta property=\"og:title\" content=\"VOLTA AO MUNDO EM PRIVATE JET ESPECIALMENTE PARA BRASILEIROS - Travel3\" \/>\n<meta property=\"og:description\" content=\"A TRAVEL3 \u00e9 um portal de conte\u00fado voltado para o turismo, encontre destinos, viagens, hospedagem, passagens, guias, not\u00edcias sobre o mercado do turismo, dicas de viagem, v\u00eddeos e podcast.\" \/>\n<meta property=\"og:url\" content=\"https:\/\/www.travel3.com.br\/site\/sem-categoria\/volta-ao-mundo-em-private-jet-especialmente-para-brasileiros\/\" \/>\n<meta property=\"og:site_name\" content=\"Travel3\" \/>\n<meta property=\"article:publisher\" content=\"https:\/\/www.facebook.com\/travel3media\/\" \/>\n<meta property=\"article:published_time\" content=\"2017-08-22T17:50:38+00:00\" \/>\n<meta name=\"author\" content=\"admin\" \/>\n<meta name=\"twitter:card\" content=\"summary_large_image\" \/>\n<meta name=\"twitter:label1\" content=\"Escrito por\" \/>\n\t<meta name=\"twitter:data1\" content=\"admin\" \/>\n\t<meta name=\"twitter:label2\" content=\"Est. tempo de leitura\" \/>\n\t<meta name=\"twitter:data2\" content=\"1 minuto\" \/>\n<script type=\"application\/ld+json\" class=\"yoast-schema-graph\">{\"@context\":\"https:\/\/schema.org\",\"@graph\":[{\"@type\":\"Article\",\"@id\":\"https:\/\/www.travel3.com.br\/site\/sem-categoria\/volta-ao-mundo-em-private-jet-especialmente-para-brasileiros\/#article\",\"isPartOf\":{\"@id\":\"https:\/\/www.travel3.com.br\/site\/sem-categoria\/volta-ao-mundo-em-private-jet-especialmente-para-brasileiros\/\"},\"author\":{\"name\":\"admin\",\"@id\":\"https:\/\/www.travel3.com.br\/site\/#\/schema\/person\/a69d71e41a024999b6ab82369ac0bd1e\"},\"headline\":\"VOLTA AO MUNDO EM PRIVATE JET ESPECIALMENTE PARA BRASILEIROS\",\"datePublished\":\"2017-08-22T17:50:38+00:00\",\"mainEntityOfPage\":{\"@id\":\"https:\/\/www.travel3.com.br\/site\/sem-categoria\/volta-ao-mundo-em-private-jet-especialmente-para-brasileiros\/\"},\"wordCount\":278,\"commentCount\":0,\"publisher\":{\"@id\":\"https:\/\/www.travel3.com.br\/site\/#organization\"},\"inLanguage\":\"pt-BR\",\"potentialAction\":[{\"@type\":\"CommentAction\",\"name\":\"Comment\",\"target\":[\"https:\/\/www.travel3.com.br\/site\/sem-categoria\/volta-ao-mundo-em-private-jet-especialmente-para-brasileiros\/#respond\"]}]},{\"@type\":\"WebPage\",\"@id\":\"https:\/\/www.travel3.com.br\/site\/sem-categoria\/volta-ao-mundo-em-private-jet-especialmente-para-brasileiros\/\",\"url\":\"https:\/\/www.travel3.com.br\/site\/sem-categoria\/volta-ao-mundo-em-private-jet-especialmente-para-brasileiros\/\",\"name\":\"VOLTA AO MUNDO EM PRIVATE JET ESPECIALMENTE PARA BRASILEIROS - Travel3\",\"isPartOf\":{\"@id\":\"https:\/\/www.travel3.com.br\/site\/#website\"},\"datePublished\":\"2017-08-22T17:50:38+00:00\",\"description\":\"A TRAVEL3 \u00e9 um portal de conte\u00fado voltado para o turismo, encontre destinos, viagens, hospedagem, passagens, guias, not\u00edcias sobre o mercado do turismo, dicas de viagem, v\u00eddeos e podcast.\",\"breadcrumb\":{\"@id\":\"https:\/\/www.travel3.com.br\/site\/sem-categoria\/volta-ao-mundo-em-private-jet-especialmente-para-brasileiros\/#breadcrumb\"},\"inLanguage\":\"pt-BR\",\"potentialAction\":[{\"@type\":\"ReadAction\",\"target\":[\"https:\/\/www.travel3.com.br\/site\/sem-categoria\/volta-ao-mundo-em-private-jet-especialmente-para-brasileiros\/\"]}]},{\"@type\":\"BreadcrumbList\",\"@id\":\"https:\/\/www.travel3.com.br\/site\/sem-categoria\/volta-ao-mundo-em-private-jet-especialmente-para-brasileiros\/#breadcrumb\",\"itemListElement\":[{\"@type\":\"ListItem\",\"position\":1,\"name\":\"In\u00edcio\",\"item\":\"https:\/\/www.travel3.com.br\/site\/\"},{\"@type\":\"ListItem\",\"position\":2,\"name\":\"VOLTA AO MUNDO EM PRIVATE JET ESPECIALMENTE PARA BRASILEIROS\"}]},{\"@type\":\"WebSite\",\"@id\":\"https:\/\/www.travel3.com.br\/site\/#website\",\"url\":\"https:\/\/www.travel3.com.br\/site\/\",\"name\":\"Travel3\",\"description\":\"Lazer + Neg&oacute;cios + Aventura\",\"publisher\":{\"@id\":\"https:\/\/www.travel3.com.br\/site\/#organization\"},\"potentialAction\":[{\"@type\":\"SearchAction\",\"target\":{\"@type\":\"EntryPoint\",\"urlTemplate\":\"https:\/\/www.travel3.com.br\/site\/?s={search_term_string}\"},\"query-input\":{\"@type\":\"PropertyValueSpecification\",\"valueRequired\":true,\"valueName\":\"search_term_string\"}}],\"inLanguage\":\"pt-BR\"},{\"@type\":\"Organization\",\"@id\":\"https:\/\/www.travel3.com.br\/site\/#organization\",\"name\":\"Travel3\",\"url\":\"https:\/\/www.travel3.com.br\/site\/\",\"logo\":{\"@type\":\"ImageObject\",\"inLanguage\":\"pt-BR\",\"@id\":\"https:\/\/www.travel3.com.br\/site\/#\/schema\/logo\/image\/\",\"url\":\"https:\/\/www.travel3.com.br\/site\/wp-content\/uploads\/2020\/01\/logo-travel3-2020.png\",\"contentUrl\":\"https:\/\/www.travel3.com.br\/site\/wp-content\/uploads\/2020\/01\/logo-travel3-2020.png\",\"width\":232,\"height\":79,\"caption\":\"Travel3\"},\"image\":{\"@id\":\"https:\/\/www.travel3.com.br\/site\/#\/schema\/logo\/image\/\"},\"sameAs\":[\"https:\/\/www.facebook.com\/travel3media\/\",\"https:\/\/www.instagram.com\/revistatravel3\/\",\"https:\/\/www.youtube.com\/channel\/UCno7J4paGBR3VbZQzvoJ9Eg\"]},{\"@type\":\"Person\",\"@id\":\"https:\/\/www.travel3.com.br\/site\/#\/schema\/person\/a69d71e41a024999b6ab82369ac0bd1e\",\"name\":\"admin\",\"image\":{\"@type\":\"ImageObject\",\"inLanguage\":\"pt-BR\",\"@id\":\"https:\/\/www.travel3.com.br\/site\/#\/schema\/person\/image\/\",\"url\":\"https:\/\/secure.gravatar.com\/avatar\/732a67adfd764da2a47ba10ce731c4c0?s=96&d=mm&r=g\",\"contentUrl\":\"https:\/\/secure.gravatar.com\/avatar\/732a67adfd764da2a47ba10ce731c4c0?s=96&d=mm&r=g\",\"caption\":\"admin\"},\"url\":\"https:\/\/www.travel3.com.br\/site\/author\/admin\/\"}]}<\/script>\n<!-- \/ Yoast SEO plugin. -->","yoast_head_json":{"title":"VOLTA AO MUNDO EM PRIVATE JET ESPECIALMENTE PARA BRASILEIROS - Travel3","description":"A TRAVEL3 \u00e9 um portal de conte\u00fado voltado para o turismo, encontre destinos, viagens, hospedagem, passagens, guias, not\u00edcias sobre o mercado do turismo, dicas de viagem, v\u00eddeos e podcast.","robots":{"index":"index","follow":"follow","max-snippet":"max-snippet:-1","max-image-preview":"max-image-preview:large","max-video-preview":"max-video-preview:-1"},"canonical":"https:\/\/www.travel3.com.br\/site\/sem-categoria\/volta-ao-mundo-em-private-jet-especialmente-para-brasileiros\/","og_locale":"pt_BR","og_type":"article","og_title":"VOLTA AO MUNDO EM PRIVATE JET ESPECIALMENTE PARA BRASILEIROS - Travel3","og_description":"A TRAVEL3 \u00e9 um portal de conte\u00fado voltado para o turismo, encontre destinos, viagens, hospedagem, passagens, guias, not\u00edcias sobre o mercado do turismo, dicas de viagem, v\u00eddeos e podcast.","og_url":"https:\/\/www.travel3.com.br\/site\/sem-categoria\/volta-ao-mundo-em-private-jet-especialmente-para-brasileiros\/","og_site_name":"Travel3","article_publisher":"https:\/\/www.facebook.com\/travel3media\/","article_published_time":"2017-08-22T17:50:38+00:00","author":"admin","twitter_card":"summary_large_image","twitter_misc":{"Escrito por":"admin","Est. tempo de leitura":"1 minuto"},"schema":{"@context":"https:\/\/schema.org","@graph":[{"@type":"Article","@id":"https:\/\/www.travel3.com.br\/site\/sem-categoria\/volta-ao-mundo-em-private-jet-especialmente-para-brasileiros\/#article","isPartOf":{"@id":"https:\/\/www.travel3.com.br\/site\/sem-categoria\/volta-ao-mundo-em-private-jet-especialmente-para-brasileiros\/"},"author":{"name":"admin","@id":"https:\/\/www.travel3.com.br\/site\/#\/schema\/person\/a69d71e41a024999b6ab82369ac0bd1e"},"headline":"VOLTA AO MUNDO EM PRIVATE JET ESPECIALMENTE PARA BRASILEIROS","datePublished":"2017-08-22T17:50:38+00:00","mainEntityOfPage":{"@id":"https:\/\/www.travel3.com.br\/site\/sem-categoria\/volta-ao-mundo-em-private-jet-especialmente-para-brasileiros\/"},"wordCount":278,"commentCount":0,"publisher":{"@id":"https:\/\/www.travel3.com.br\/site\/#organization"},"inLanguage":"pt-BR","potentialAction":[{"@type":"CommentAction","name":"Comment","target":["https:\/\/www.travel3.com.br\/site\/sem-categoria\/volta-ao-mundo-em-private-jet-especialmente-para-brasileiros\/#respond"]}]},{"@type":"WebPage","@id":"https:\/\/www.travel3.com.br\/site\/sem-categoria\/volta-ao-mundo-em-private-jet-especialmente-para-brasileiros\/","url":"https:\/\/www.travel3.com.br\/site\/sem-categoria\/volta-ao-mundo-em-private-jet-especialmente-para-brasileiros\/","name":"VOLTA AO MUNDO EM PRIVATE JET ESPECIALMENTE PARA BRASILEIROS - Travel3","isPartOf":{"@id":"https:\/\/www.travel3.com.br\/site\/#website"},"datePublished":"2017-08-22T17:50:38+00:00","description":"A TRAVEL3 \u00e9 um portal de conte\u00fado voltado para o turismo, encontre destinos, viagens, hospedagem, passagens, guias, not\u00edcias sobre o mercado do turismo, dicas de viagem, v\u00eddeos e podcast.","breadcrumb":{"@id":"https:\/\/www.travel3.com.br\/site\/sem-categoria\/volta-ao-mundo-em-private-jet-especialmente-para-brasileiros\/#breadcrumb"},"inLanguage":"pt-BR","potentialAction":[{"@type":"ReadAction","target":["https:\/\/www.travel3.com.br\/site\/sem-categoria\/volta-ao-mundo-em-private-jet-especialmente-para-brasileiros\/"]}]},{"@type":"BreadcrumbList","@id":"https:\/\/www.travel3.com.br\/site\/sem-categoria\/volta-ao-mundo-em-private-jet-especialmente-para-brasileiros\/#breadcrumb","itemListElement":[{"@type":"ListItem","position":1,"name":"In\u00edcio","item":"https:\/\/www.travel3.com.br\/site\/"},{"@type":"ListItem","position":2,"name":"VOLTA AO MUNDO EM PRIVATE JET ESPECIALMENTE PARA BRASILEIROS"}]},{"@type":"WebSite","@id":"https:\/\/www.travel3.com.br\/site\/#website","url":"https:\/\/www.travel3.com.br\/site\/","name":"Travel3","description":"Lazer + Neg&oacute;cios + Aventura","publisher":{"@id":"https:\/\/www.travel3.com.br\/site\/#organization"},"potentialAction":[{"@type":"SearchAction","target":{"@type":"EntryPoint","urlTemplate":"https:\/\/www.travel3.com.br\/site\/?s={search_term_string}"},"query-input":{"@type":"PropertyValueSpecification","valueRequired":true,"valueName":"search_term_string"}}],"inLanguage":"pt-BR"},{"@type":"Organization","@id":"https:\/\/www.travel3.com.br\/site\/#organization","name":"Travel3","url":"https:\/\/www.travel3.com.br\/site\/","logo":{"@type":"ImageObject","inLanguage":"pt-BR","@id":"https:\/\/www.travel3.com.br\/site\/#\/schema\/logo\/image\/","url":"https:\/\/www.travel3.com.br\/site\/wp-content\/uploads\/2020\/01\/logo-travel3-2020.png","contentUrl":"https:\/\/www.travel3.com.br\/site\/wp-content\/uploads\/2020\/01\/logo-travel3-2020.png","width":232,"height":79,"caption":"Travel3"},"image":{"@id":"https:\/\/www.travel3.com.br\/site\/#\/schema\/logo\/image\/"},"sameAs":["https:\/\/www.facebook.com\/travel3media\/","https:\/\/www.instagram.com\/revistatravel3\/","https:\/\/www.youtube.com\/channel\/UCno7J4paGBR3VbZQzvoJ9Eg"]},{"@type":"Person","@id":"https:\/\/www.travel3.com.br\/site\/#\/schema\/person\/a69d71e41a024999b6ab82369ac0bd1e","name":"admin","image":{"@type":"ImageObject","inLanguage":"pt-BR","@id":"https:\/\/www.travel3.com.br\/site\/#\/schema\/person\/image\/","url":"https:\/\/secure.gravatar.com\/avatar\/732a67adfd764da2a47ba10ce731c4c0?s=96&d=mm&r=g","contentUrl":"https:\/\/secure.gravatar.com\/avatar\/732a67adfd764da2a47ba10ce731c4c0?s=96&d=mm&r=g","caption":"admin"},"url":"https:\/\/www.travel3.com.br\/site\/author\/admin\/"}]}},"_links":{"self":[{"href":"https:\/\/www.travel3.com.br\/site\/wp-json\/wp\/v2\/posts\/2435","targetHints":{"allow":["GET"]}}],"collection":[{"href":"https:\/\/www.travel3.com.br\/site\/wp-json\/wp\/v2\/posts"}],"about":[{"href":"https:\/\/www.travel3.com.br\/site\/wp-json\/wp\/v2\/types\/post"}],"author":[{"embeddable":true,"href":"https:\/\/www.travel3.com.br\/site\/wp-json\/wp\/v2\/users\/1"}],"replies":[{"embeddable":true,"href":"https:\/\/www.travel3.com.br\/site\/wp-json\/wp\/v2\/comments?post=2435"}],"version-history":[{"count":0,"href":"https:\/\/www.travel3.com.br\/site\/wp-json\/wp\/v2\/posts\/2435\/revisions"}],"wp:attachment":[{"href":"https:\/\/www.travel3.com.br\/site\/wp-json\/wp\/v2\/media?parent=2435"}],"wp:term":[{"taxonomy":"category","embeddable":true,"href":"https:\/\/www.travel3.com.br\/site\/wp-json\/wp\/v2\/categories?post=2435"},{"taxonomy":"post_tag","embeddable":true,"href":"https:\/\/www.travel3.com.br\/site\/wp-json\/wp\/v2\/tags?post=2435"}],"curies":[{"name":"wp","href":"https:\/\/api.w.org\/{rel}","templated":true}]}}