{"id":2427,"date":"2017-08-24T21:57:18","date_gmt":"2017-08-24T21:57:18","guid":{"rendered":"http:\/\/www.travel3.com.br\/site\/ir-e-vir\/ar\/primeira-autoridade-confirmada-para-12o-festival-das-cataratas\/"},"modified":"2017-08-24T21:57:18","modified_gmt":"2017-08-24T21:57:18","slug":"primeira-autoridade-confirmada-para-12o-festival-das-cataratas","status":"publish","type":"post","link":"https:\/\/www.travel3.com.br\/site\/sem-categoria\/primeira-autoridade-confirmada-para-12o-festival-das-cataratas\/","title":{"rendered":"PRIMEIRA AUTORIDADE CONFIRMADA PARA 12\u00ba FESTIVAL DAS CATARATAS"},"content":{"rendered":"<p><span style=\"color: #40acad; font-family: -apple-system, system-ui, 'Segoe UI', Roboto, Oxygen-Sans, Ubuntu, Cantarell, 'Helvetica Neue', sans-serif; font-size: 12px; font-weight: bold;\"><\/p>\n<p style=\"text-align:justify\"><a class=\"fancybox-media\" href=\"..\/_uploads\/_noticia\/2017-03\/dscn7461.jpg\" rel=\"portfolio\"><img decoding=\"async\" alt=\"\" src=\"..\/_uploads\/_noticia\/2017-03\/dscn7461.jpg\" \/><\/a><\/p>\n<p style=\"text-align:justify\">Vinicius Lummertz j\u00e1 confirmou que estar\u00e1 na abertura e no decorrer do 12\u00ba Festival das Cataratas, evento programado para os dias 28, 29 e 30 de junho, no centro de congressos do Rafain Palace, em Foz do Igua\u00e7u.<\/p>\n<p style=\"text-align:justify\">A presen\u00e7a de Lummertz consolida a boa rela\u00e7\u00e3o existente entre a Embratur e o Destino Igua\u00e7u. Ao reassumir a presid\u00eancia do \u00f3rg\u00e3o, em julho do ano passado, por exemplo, ele reafirmou que, entre as metas de gest\u00e3o est\u00e1 a cria\u00e7\u00e3o das \u00c1reas Especiais de Interesse Tur\u00edstico, legisla\u00e7\u00e3o que tramita na Casa Civil do governo federal. Essa medida interessa especialmente a Foz do Igua\u00e7u, que seria a primeira cidade beneficiada com a nova lei. \u00c9 poss\u00edvel que at\u00e9 a realiza\u00e7\u00e3o do Festival boas noticias possam surgir.<\/p>\n<p style=\"text-align:justify\">Detentora do primeiro lugar no \u00edndice de competitividade tur\u00edstica \u00a0brasileira, Foz ter\u00e1 reuni\u00f5es do trade tur\u00edstico com o titular da Embratur para discutir mecanismos de\u00a0 incremento no fluxo de turistas na regi\u00e3o.<\/p>\n<p style=\"text-align:justify\">Para Lummertz,\u00a0&#8220;Foz do Igua\u00e7u \u00e9 um exemplo de turismo nesse Pa\u00eds. Comprova \u00a0que precisamos pensar formas novas, em parceria com o mercado, a exemplo do que \u00e9 feito entre a cidade e a usina de Itaipu. Foz \u00e9 um destino aberto a concess\u00f5es e PPPs, por isso \u00e9 esse sucesso&#8221;.<\/p>\n<p style=\"text-align:justify\">O presidente da Embratur \u00e9 a primeira autoridade do turismo a confirmar presen\u00e7a no Festival deste ano.\u00a0 Outros importantes nomes tamb\u00e9m o far\u00e3o, inclusive dos pa\u00edses vizinhos participantes e integrados ao evento, casos do Paraguai e Argentina, como explicou Paulo Angeli, diretor e coordenador geral.<\/p>\n<p style=\"text-align:justify\"><a class=\"fancybox-media\" href=\"..\/_uploads\/_noticia\/2017-03\/dscn7419.jpg\" rel=\"portfolio\"><img decoding=\"async\" alt=\"\" src=\"..\/_uploads\/_noticia\/2017-03\/dscn7419.jpg\" \/><\/a> <strong>Paulo Angeli entre Marcelo e Rodrigo, da \u00e1rea comercial e vendas da Avianca Brasil, durante o jantar comemorativo do voo inaugural<\/strong><\/p>\n<p style=\"text-align:justify\">Angeli tamb\u00e9m assegura uma importante aquisi\u00e7\u00e3o neste ano com o ingresso da Avianca Brasil como transportadora oficial do Festival. Nos ultimos dois anos, exatamente o de maior crise na movimenta\u00e7\u00e3o de parcerias tur\u00edsticas, o Festival ressentiu-se de uma colaboradora direta, o que j\u00e1 est\u00e1 alinhado para este ano.<\/p>\n<p style=\"text-align:justify\"><a class=\"fancybox-media\" href=\"..\/_uploads\/_noticia\/2017-03\/festivalcataratasgeraldafeira--2-.jpg\" rel=\"portfolio\"><img decoding=\"async\" alt=\"\" src=\"..\/_uploads\/_noticia\/2017-03\/festivalcataratasgeraldafeira--2-.jpg\" \/><\/a><\/p>\n<p style=\"text-align:justify\">Mesmo com o cen\u00e1rio econ\u00f4mico conturbado, o 11\u00ba Festival de Turismo das Cataratas foi considerado um sucesso por parte dos organizadores. Nos 207 estandes da Feira de Turismo e Neg\u00f3cios, 1.767 expositores apresentaram 912 marcas, um retrato de diversos segmentos e o que h\u00e1 de melhor em produtos e servi\u00e7os dos principais destinos nacionais e internacionais.<\/p>\n<p style=\"text-align:justify\">J\u00e1 o F\u00f3rum Internacional de Turismo do Iguassu &#8211; que incentiva a forma\u00e7\u00e3o acad\u00eamica e o fortalecimento da rela\u00e7\u00e3o entre o mercado e as institui\u00e7\u00f5es de ensino &#8211; reuniu 1.155 estudantes de todo o Brasil e teve recorde no n\u00famero de trabalhos submetidos (264) e aprovados (199)<\/p>\n<p style=\"text-align:justify\">Todos os preparativos para a edi\u00e7\u00e3o deste ano come\u00e7am a ser agilizados. A equipe do Festival estar\u00e1 participando nesta semana do Sal\u00e3o Paranaense, finalizando acertos com expositores \u00a0e parcerias. Na semana passada, foi renovado o acordo de m\u00eddia com a TRAVEL3 que, como ocorre nos ultimos anos, dar\u00e1 completa cobertura e divulga\u00e7\u00e3o para o .evento organizado pela De Angeli Feiras &#038; Eventos e que conta, entre os seus patrocinadores, com o Fundo Iguassu, CNC, Fecomercio-PR e Copel Telecom. Como informamos antes, a Avianca Brasil \u00e9 a transportadora a\u00e9rea oficial.<\/p>\n<p style=\"text-align:justify\"><strong>Saiba mais = <a href=\"http:\/\/www.festivaldascataratas.com\">www.festivaldascataratas.com<\/a><\/strong><\/p>\n<p><\/span><\/p>\n","protected":false},"excerpt":{"rendered":"<p>Evento acontece de 28 a 30 de junho, voltar\u00e1 a ter companhia a\u00e9rea oficial, a Avianca Brasil e a TRAVEL3 j\u00e1 confirmou o apoio de m\u00eddia<\/p>\n","protected":false},"author":1,"featured_media":0,"comment_status":"open","ping_status":"open","sticky":false,"template":"","format":"standard","meta":{"footnotes":""},"categories":[],"tags":[],"class_list":["post-2427","post","type-post","status-publish","format-standard","hentry"],"yoast_head":"<!-- This site is optimized with the Yoast SEO plugin v26.2 - https:\/\/yoast.com\/wordpress\/plugins\/seo\/ -->\n<title>PRIMEIRA AUTORIDADE CONFIRMADA PARA 12\u00ba FESTIVAL DAS CATARATAS - Travel3<\/title>\n<meta name=\"description\" content=\"A TRAVEL3 \u00e9 um portal de conte\u00fado voltado para o turismo, encontre destinos, viagens, hospedagem, passagens, guias, not\u00edcias sobre o mercado do turismo, dicas de viagem, v\u00eddeos e podcast.\" \/>\n<meta name=\"robots\" content=\"index, follow, max-snippet:-1, max-image-preview:large, max-video-preview:-1\" \/>\n<link rel=\"canonical\" href=\"https:\/\/www.travel3.com.br\/site\/sem-categoria\/primeira-autoridade-confirmada-para-12o-festival-das-cataratas\/\" \/>\n<meta property=\"og:locale\" content=\"pt_BR\" \/>\n<meta property=\"og:type\" content=\"article\" \/>\n<meta property=\"og:title\" content=\"PRIMEIRA AUTORIDADE CONFIRMADA PARA 12\u00ba FESTIVAL DAS CATARATAS - Travel3\" \/>\n<meta property=\"og:description\" content=\"A TRAVEL3 \u00e9 um portal de conte\u00fado voltado para o turismo, encontre destinos, viagens, hospedagem, passagens, guias, not\u00edcias sobre o mercado do turismo, dicas de viagem, v\u00eddeos e podcast.\" \/>\n<meta property=\"og:url\" content=\"https:\/\/www.travel3.com.br\/site\/sem-categoria\/primeira-autoridade-confirmada-para-12o-festival-das-cataratas\/\" \/>\n<meta property=\"og:site_name\" content=\"Travel3\" \/>\n<meta property=\"article:publisher\" content=\"https:\/\/www.facebook.com\/travel3media\/\" \/>\n<meta property=\"article:published_time\" content=\"2017-08-24T21:57:18+00:00\" \/>\n<meta name=\"author\" content=\"admin\" \/>\n<meta name=\"twitter:card\" content=\"summary_large_image\" \/>\n<meta name=\"twitter:label1\" content=\"Escrito por\" \/>\n\t<meta name=\"twitter:data1\" content=\"admin\" \/>\n\t<meta name=\"twitter:label2\" content=\"Est. tempo de leitura\" \/>\n\t<meta name=\"twitter:data2\" content=\"3 minutos\" \/>\n<script type=\"application\/ld+json\" class=\"yoast-schema-graph\">{\"@context\":\"https:\/\/schema.org\",\"@graph\":[{\"@type\":\"Article\",\"@id\":\"https:\/\/www.travel3.com.br\/site\/sem-categoria\/primeira-autoridade-confirmada-para-12o-festival-das-cataratas\/#article\",\"isPartOf\":{\"@id\":\"https:\/\/www.travel3.com.br\/site\/sem-categoria\/primeira-autoridade-confirmada-para-12o-festival-das-cataratas\/\"},\"author\":{\"name\":\"admin\",\"@id\":\"https:\/\/www.travel3.com.br\/site\/#\/schema\/person\/a69d71e41a024999b6ab82369ac0bd1e\"},\"headline\":\"PRIMEIRA AUTORIDADE CONFIRMADA PARA 12\u00ba FESTIVAL DAS CATARATAS\",\"datePublished\":\"2017-08-24T21:57:18+00:00\",\"mainEntityOfPage\":{\"@id\":\"https:\/\/www.travel3.com.br\/site\/sem-categoria\/primeira-autoridade-confirmada-para-12o-festival-das-cataratas\/\"},\"wordCount\":549,\"commentCount\":0,\"publisher\":{\"@id\":\"https:\/\/www.travel3.com.br\/site\/#organization\"},\"inLanguage\":\"pt-BR\",\"potentialAction\":[{\"@type\":\"CommentAction\",\"name\":\"Comment\",\"target\":[\"https:\/\/www.travel3.com.br\/site\/sem-categoria\/primeira-autoridade-confirmada-para-12o-festival-das-cataratas\/#respond\"]}]},{\"@type\":\"WebPage\",\"@id\":\"https:\/\/www.travel3.com.br\/site\/sem-categoria\/primeira-autoridade-confirmada-para-12o-festival-das-cataratas\/\",\"url\":\"https:\/\/www.travel3.com.br\/site\/sem-categoria\/primeira-autoridade-confirmada-para-12o-festival-das-cataratas\/\",\"name\":\"PRIMEIRA AUTORIDADE CONFIRMADA PARA 12\u00ba FESTIVAL DAS CATARATAS - Travel3\",\"isPartOf\":{\"@id\":\"https:\/\/www.travel3.com.br\/site\/#website\"},\"datePublished\":\"2017-08-24T21:57:18+00:00\",\"description\":\"A TRAVEL3 \u00e9 um portal de conte\u00fado voltado para o turismo, encontre destinos, viagens, hospedagem, passagens, guias, not\u00edcias sobre o mercado do turismo, dicas de viagem, v\u00eddeos e podcast.\",\"breadcrumb\":{\"@id\":\"https:\/\/www.travel3.com.br\/site\/sem-categoria\/primeira-autoridade-confirmada-para-12o-festival-das-cataratas\/#breadcrumb\"},\"inLanguage\":\"pt-BR\",\"potentialAction\":[{\"@type\":\"ReadAction\",\"target\":[\"https:\/\/www.travel3.com.br\/site\/sem-categoria\/primeira-autoridade-confirmada-para-12o-festival-das-cataratas\/\"]}]},{\"@type\":\"BreadcrumbList\",\"@id\":\"https:\/\/www.travel3.com.br\/site\/sem-categoria\/primeira-autoridade-confirmada-para-12o-festival-das-cataratas\/#breadcrumb\",\"itemListElement\":[{\"@type\":\"ListItem\",\"position\":1,\"name\":\"In\u00edcio\",\"item\":\"https:\/\/www.travel3.com.br\/site\/\"},{\"@type\":\"ListItem\",\"position\":2,\"name\":\"PRIMEIRA AUTORIDADE CONFIRMADA PARA 12\u00ba FESTIVAL DAS CATARATAS\"}]},{\"@type\":\"WebSite\",\"@id\":\"https:\/\/www.travel3.com.br\/site\/#website\",\"url\":\"https:\/\/www.travel3.com.br\/site\/\",\"name\":\"Travel3\",\"description\":\"Lazer + Neg&oacute;cios + Aventura\",\"publisher\":{\"@id\":\"https:\/\/www.travel3.com.br\/site\/#organization\"},\"potentialAction\":[{\"@type\":\"SearchAction\",\"target\":{\"@type\":\"EntryPoint\",\"urlTemplate\":\"https:\/\/www.travel3.com.br\/site\/?s={search_term_string}\"},\"query-input\":{\"@type\":\"PropertyValueSpecification\",\"valueRequired\":true,\"valueName\":\"search_term_string\"}}],\"inLanguage\":\"pt-BR\"},{\"@type\":\"Organization\",\"@id\":\"https:\/\/www.travel3.com.br\/site\/#organization\",\"name\":\"Travel3\",\"url\":\"https:\/\/www.travel3.com.br\/site\/\",\"logo\":{\"@type\":\"ImageObject\",\"inLanguage\":\"pt-BR\",\"@id\":\"https:\/\/www.travel3.com.br\/site\/#\/schema\/logo\/image\/\",\"url\":\"https:\/\/www.travel3.com.br\/site\/wp-content\/uploads\/2020\/01\/logo-travel3-2020.png\",\"contentUrl\":\"https:\/\/www.travel3.com.br\/site\/wp-content\/uploads\/2020\/01\/logo-travel3-2020.png\",\"width\":232,\"height\":79,\"caption\":\"Travel3\"},\"image\":{\"@id\":\"https:\/\/www.travel3.com.br\/site\/#\/schema\/logo\/image\/\"},\"sameAs\":[\"https:\/\/www.facebook.com\/travel3media\/\",\"https:\/\/www.instagram.com\/revistatravel3\/\",\"https:\/\/www.youtube.com\/channel\/UCno7J4paGBR3VbZQzvoJ9Eg\"]},{\"@type\":\"Person\",\"@id\":\"https:\/\/www.travel3.com.br\/site\/#\/schema\/person\/a69d71e41a024999b6ab82369ac0bd1e\",\"name\":\"admin\",\"image\":{\"@type\":\"ImageObject\",\"inLanguage\":\"pt-BR\",\"@id\":\"https:\/\/www.travel3.com.br\/site\/#\/schema\/person\/image\/\",\"url\":\"https:\/\/secure.gravatar.com\/avatar\/732a67adfd764da2a47ba10ce731c4c0?s=96&d=mm&r=g\",\"contentUrl\":\"https:\/\/secure.gravatar.com\/avatar\/732a67adfd764da2a47ba10ce731c4c0?s=96&d=mm&r=g\",\"caption\":\"admin\"},\"url\":\"https:\/\/www.travel3.com.br\/site\/author\/admin\/\"}]}<\/script>\n<!-- \/ Yoast SEO plugin. -->","yoast_head_json":{"title":"PRIMEIRA AUTORIDADE CONFIRMADA PARA 12\u00ba FESTIVAL DAS CATARATAS - Travel3","description":"A TRAVEL3 \u00e9 um portal de conte\u00fado voltado para o turismo, encontre destinos, viagens, hospedagem, passagens, guias, not\u00edcias sobre o mercado do turismo, dicas de viagem, v\u00eddeos e podcast.","robots":{"index":"index","follow":"follow","max-snippet":"max-snippet:-1","max-image-preview":"max-image-preview:large","max-video-preview":"max-video-preview:-1"},"canonical":"https:\/\/www.travel3.com.br\/site\/sem-categoria\/primeira-autoridade-confirmada-para-12o-festival-das-cataratas\/","og_locale":"pt_BR","og_type":"article","og_title":"PRIMEIRA AUTORIDADE CONFIRMADA PARA 12\u00ba FESTIVAL DAS CATARATAS - Travel3","og_description":"A TRAVEL3 \u00e9 um portal de conte\u00fado voltado para o turismo, encontre destinos, viagens, hospedagem, passagens, guias, not\u00edcias sobre o mercado do turismo, dicas de viagem, v\u00eddeos e podcast.","og_url":"https:\/\/www.travel3.com.br\/site\/sem-categoria\/primeira-autoridade-confirmada-para-12o-festival-das-cataratas\/","og_site_name":"Travel3","article_publisher":"https:\/\/www.facebook.com\/travel3media\/","article_published_time":"2017-08-24T21:57:18+00:00","author":"admin","twitter_card":"summary_large_image","twitter_misc":{"Escrito por":"admin","Est. tempo de leitura":"3 minutos"},"schema":{"@context":"https:\/\/schema.org","@graph":[{"@type":"Article","@id":"https:\/\/www.travel3.com.br\/site\/sem-categoria\/primeira-autoridade-confirmada-para-12o-festival-das-cataratas\/#article","isPartOf":{"@id":"https:\/\/www.travel3.com.br\/site\/sem-categoria\/primeira-autoridade-confirmada-para-12o-festival-das-cataratas\/"},"author":{"name":"admin","@id":"https:\/\/www.travel3.com.br\/site\/#\/schema\/person\/a69d71e41a024999b6ab82369ac0bd1e"},"headline":"PRIMEIRA AUTORIDADE CONFIRMADA PARA 12\u00ba FESTIVAL DAS CATARATAS","datePublished":"2017-08-24T21:57:18+00:00","mainEntityOfPage":{"@id":"https:\/\/www.travel3.com.br\/site\/sem-categoria\/primeira-autoridade-confirmada-para-12o-festival-das-cataratas\/"},"wordCount":549,"commentCount":0,"publisher":{"@id":"https:\/\/www.travel3.com.br\/site\/#organization"},"inLanguage":"pt-BR","potentialAction":[{"@type":"CommentAction","name":"Comment","target":["https:\/\/www.travel3.com.br\/site\/sem-categoria\/primeira-autoridade-confirmada-para-12o-festival-das-cataratas\/#respond"]}]},{"@type":"WebPage","@id":"https:\/\/www.travel3.com.br\/site\/sem-categoria\/primeira-autoridade-confirmada-para-12o-festival-das-cataratas\/","url":"https:\/\/www.travel3.com.br\/site\/sem-categoria\/primeira-autoridade-confirmada-para-12o-festival-das-cataratas\/","name":"PRIMEIRA AUTORIDADE CONFIRMADA PARA 12\u00ba FESTIVAL DAS CATARATAS - Travel3","isPartOf":{"@id":"https:\/\/www.travel3.com.br\/site\/#website"},"datePublished":"2017-08-24T21:57:18+00:00","description":"A TRAVEL3 \u00e9 um portal de conte\u00fado voltado para o turismo, encontre destinos, viagens, hospedagem, passagens, guias, not\u00edcias sobre o mercado do turismo, dicas de viagem, v\u00eddeos e podcast.","breadcrumb":{"@id":"https:\/\/www.travel3.com.br\/site\/sem-categoria\/primeira-autoridade-confirmada-para-12o-festival-das-cataratas\/#breadcrumb"},"inLanguage":"pt-BR","potentialAction":[{"@type":"ReadAction","target":["https:\/\/www.travel3.com.br\/site\/sem-categoria\/primeira-autoridade-confirmada-para-12o-festival-das-cataratas\/"]}]},{"@type":"BreadcrumbList","@id":"https:\/\/www.travel3.com.br\/site\/sem-categoria\/primeira-autoridade-confirmada-para-12o-festival-das-cataratas\/#breadcrumb","itemListElement":[{"@type":"ListItem","position":1,"name":"In\u00edcio","item":"https:\/\/www.travel3.com.br\/site\/"},{"@type":"ListItem","position":2,"name":"PRIMEIRA AUTORIDADE CONFIRMADA PARA 12\u00ba FESTIVAL DAS CATARATAS"}]},{"@type":"WebSite","@id":"https:\/\/www.travel3.com.br\/site\/#website","url":"https:\/\/www.travel3.com.br\/site\/","name":"Travel3","description":"Lazer + Neg&oacute;cios + Aventura","publisher":{"@id":"https:\/\/www.travel3.com.br\/site\/#organization"},"potentialAction":[{"@type":"SearchAction","target":{"@type":"EntryPoint","urlTemplate":"https:\/\/www.travel3.com.br\/site\/?s={search_term_string}"},"query-input":{"@type":"PropertyValueSpecification","valueRequired":true,"valueName":"search_term_string"}}],"inLanguage":"pt-BR"},{"@type":"Organization","@id":"https:\/\/www.travel3.com.br\/site\/#organization","name":"Travel3","url":"https:\/\/www.travel3.com.br\/site\/","logo":{"@type":"ImageObject","inLanguage":"pt-BR","@id":"https:\/\/www.travel3.com.br\/site\/#\/schema\/logo\/image\/","url":"https:\/\/www.travel3.com.br\/site\/wp-content\/uploads\/2020\/01\/logo-travel3-2020.png","contentUrl":"https:\/\/www.travel3.com.br\/site\/wp-content\/uploads\/2020\/01\/logo-travel3-2020.png","width":232,"height":79,"caption":"Travel3"},"image":{"@id":"https:\/\/www.travel3.com.br\/site\/#\/schema\/logo\/image\/"},"sameAs":["https:\/\/www.facebook.com\/travel3media\/","https:\/\/www.instagram.com\/revistatravel3\/","https:\/\/www.youtube.com\/channel\/UCno7J4paGBR3VbZQzvoJ9Eg"]},{"@type":"Person","@id":"https:\/\/www.travel3.com.br\/site\/#\/schema\/person\/a69d71e41a024999b6ab82369ac0bd1e","name":"admin","image":{"@type":"ImageObject","inLanguage":"pt-BR","@id":"https:\/\/www.travel3.com.br\/site\/#\/schema\/person\/image\/","url":"https:\/\/secure.gravatar.com\/avatar\/732a67adfd764da2a47ba10ce731c4c0?s=96&d=mm&r=g","contentUrl":"https:\/\/secure.gravatar.com\/avatar\/732a67adfd764da2a47ba10ce731c4c0?s=96&d=mm&r=g","caption":"admin"},"url":"https:\/\/www.travel3.com.br\/site\/author\/admin\/"}]}},"_links":{"self":[{"href":"https:\/\/www.travel3.com.br\/site\/wp-json\/wp\/v2\/posts\/2427","targetHints":{"allow":["GET"]}}],"collection":[{"href":"https:\/\/www.travel3.com.br\/site\/wp-json\/wp\/v2\/posts"}],"about":[{"href":"https:\/\/www.travel3.com.br\/site\/wp-json\/wp\/v2\/types\/post"}],"author":[{"embeddable":true,"href":"https:\/\/www.travel3.com.br\/site\/wp-json\/wp\/v2\/users\/1"}],"replies":[{"embeddable":true,"href":"https:\/\/www.travel3.com.br\/site\/wp-json\/wp\/v2\/comments?post=2427"}],"version-history":[{"count":0,"href":"https:\/\/www.travel3.com.br\/site\/wp-json\/wp\/v2\/posts\/2427\/revisions"}],"wp:attachment":[{"href":"https:\/\/www.travel3.com.br\/site\/wp-json\/wp\/v2\/media?parent=2427"}],"wp:term":[{"taxonomy":"category","embeddable":true,"href":"https:\/\/www.travel3.com.br\/site\/wp-json\/wp\/v2\/categories?post=2427"},{"taxonomy":"post_tag","embeddable":true,"href":"https:\/\/www.travel3.com.br\/site\/wp-json\/wp\/v2\/tags?post=2427"}],"curies":[{"name":"wp","href":"https:\/\/api.w.org\/{rel}","templated":true}]}}