{"id":2402,"date":"2017-08-08T03:48:28","date_gmt":"2017-08-08T03:48:28","guid":{"rendered":"http:\/\/www.travel3.com.br\/site\/ir-e-vir\/ar\/tfr-nega-recurso-e-cobranca-de-bagagens-segue-suspensa\/"},"modified":"2017-08-08T03:48:28","modified_gmt":"2017-08-08T03:48:28","slug":"tfr-nega-recurso-e-cobranca-de-bagagens-segue-suspensa","status":"publish","type":"post","link":"https:\/\/www.travel3.com.br\/site\/sem-categoria\/tfr-nega-recurso-e-cobranca-de-bagagens-segue-suspensa\/","title":{"rendered":"TFR NEGA RECURSO E COBRAN\u00c7A DE BAGAGENS SEGUE SUSPENSA"},"content":{"rendered":"<p><span style=\"color: #40acad; font-family: -apple-system, system-ui, 'Segoe UI', Roboto, Oxygen-Sans, Ubuntu, Cantarell, 'Helvetica Neue', sans-serif; font-size: 12px; font-weight: bold;\"><\/p>\n<p style=\"text-align:justify\">A presidente do TRF (Tribunal Regional Federal) da 3\u00aa Regi\u00e3o, Cec\u00edlia Marcondes, manteve a decis\u00e3o de suspender a cobran\u00e7a da\u00a0tarifa de embarque de bagagens em voos nacionais e internacionais. A nova regra da Anac deveria entrar em vigor nesta ter\u00e7a(14), mas foi suspensa na v\u00e9spera por decis\u00e3o liminar da 22\u00aa Vara C\u00edvel Federal de S\u00e3o Paulo.<\/p>\n<p style=\"text-align:justify\">\u201cA altera\u00e7\u00e3o da norma administrativa permite, numa an\u00e1lise superficial, por\u00e9m cuidadosa, concluir que as empresas de transporte a\u00e9reo poder\u00e3o fixar ao seu bem entender n\u00e3o s\u00f3 o valor da passagem como tamb\u00e9m, doravante, o da bagagem despachada, eliminando a franquia at\u00e9 ent\u00e3o existente\u201d, escreveu o TRF na decis\u00e3o sobre a regra da Anac.<\/p>\n<p style=\"text-align:justify\">A\u00a0ag\u00eancia do setor a\u00e9reo\u00a0havia entrado com dois recursos atrav\u00e9s da Advocacia Geral da Uni\u00e3o (AGU) contra o pedido de suspens\u00e3o da cobran\u00e7a, mas ambos foram negados pelo TRF.<\/p>\n<p style=\"text-align:justify\">A medida permitiria \u00e0s companhias a\u00e9reas cobrar uma taxa extra pelo despacho de bagagens. Assim, continua vigorando at\u00e9 decis\u00e3o em contr\u00e1rio, o despacho sem custos adicionais para uma mala com 23kgs em voos dom\u00e9sticos.<\/p>\n<p style=\"text-align:justify\"><a class=\"fancybox-media\" href=\"..\/_uploads\/_noticia\/2017-03\/aeroportosmalasnaesteira.jpg\" rel=\"portfolio\"><img decoding=\"async\" alt=\"\" src=\"..\/_uploads\/_noticia\/2017-03\/aeroportosmalasnaesteira.jpg\" \/><\/a><\/p>\n<p style=\"text-align:justify\"><strong>Por enquanto fica como estava<\/strong><\/p>\n<p style=\"text-align:justify\">O setor jur\u00eddico est\u00e1 entendendo que \u00a0 a Anac \u00a0deve esclarecer quais os crit\u00e9rios para a eventual restri\u00e7\u00e3o do peso da bagagem de m\u00e3o. \u201cA falta de transpar\u00eancia viola a pol\u00edtica nacional de rela\u00e7\u00e3o de consumo. \u00c9 direito b\u00e1sico do consumidor a informa\u00e7\u00e3o e a oferta adequada e clara sobre os diferentes produtos e servi\u00e7os\u201d, emitiu o parecer.\u00a0<\/p>\n<p>\u00a0<\/p>\n<p><\/span><\/p>\n","protected":false},"excerpt":{"rendered":"<p>Tribunal Federal de Recursos manteve a liminar do Minist\u00e9rio Publico, Anac e companhias a\u00e9reas n\u00e3o comentam a decis\u00e3o mas tentar\u00e3o novo recurso<\/p>\n","protected":false},"author":1,"featured_media":0,"comment_status":"open","ping_status":"open","sticky":false,"template":"","format":"standard","meta":{"footnotes":""},"categories":[],"tags":[],"class_list":["post-2402","post","type-post","status-publish","format-standard","hentry"],"yoast_head":"<!-- This site is optimized with the Yoast SEO plugin v26.2 - https:\/\/yoast.com\/wordpress\/plugins\/seo\/ -->\n<title>TFR NEGA RECURSO E COBRAN\u00c7A DE BAGAGENS SEGUE SUSPENSA - Travel3<\/title>\n<meta name=\"description\" content=\"A TRAVEL3 \u00e9 um portal de conte\u00fado voltado para o turismo, encontre destinos, viagens, hospedagem, passagens, guias, not\u00edcias sobre o mercado do turismo, dicas de viagem, v\u00eddeos e podcast.\" \/>\n<meta name=\"robots\" content=\"index, follow, max-snippet:-1, max-image-preview:large, max-video-preview:-1\" \/>\n<link rel=\"canonical\" href=\"https:\/\/www.travel3.com.br\/site\/sem-categoria\/tfr-nega-recurso-e-cobranca-de-bagagens-segue-suspensa\/\" \/>\n<meta property=\"og:locale\" content=\"pt_BR\" \/>\n<meta property=\"og:type\" content=\"article\" \/>\n<meta property=\"og:title\" content=\"TFR NEGA RECURSO E COBRAN\u00c7A DE BAGAGENS SEGUE SUSPENSA - Travel3\" \/>\n<meta property=\"og:description\" content=\"A TRAVEL3 \u00e9 um portal de conte\u00fado voltado para o turismo, encontre destinos, viagens, hospedagem, passagens, guias, not\u00edcias sobre o mercado do turismo, dicas de viagem, v\u00eddeos e podcast.\" \/>\n<meta property=\"og:url\" content=\"https:\/\/www.travel3.com.br\/site\/sem-categoria\/tfr-nega-recurso-e-cobranca-de-bagagens-segue-suspensa\/\" \/>\n<meta property=\"og:site_name\" content=\"Travel3\" \/>\n<meta property=\"article:publisher\" content=\"https:\/\/www.facebook.com\/travel3media\/\" \/>\n<meta property=\"article:published_time\" content=\"2017-08-08T03:48:28+00:00\" \/>\n<meta name=\"author\" content=\"admin\" \/>\n<meta name=\"twitter:card\" content=\"summary_large_image\" \/>\n<meta name=\"twitter:label1\" content=\"Escrito por\" \/>\n\t<meta name=\"twitter:data1\" content=\"admin\" \/>\n\t<meta name=\"twitter:label2\" content=\"Est. tempo de leitura\" \/>\n\t<meta name=\"twitter:data2\" content=\"1 minuto\" \/>\n<script type=\"application\/ld+json\" class=\"yoast-schema-graph\">{\"@context\":\"https:\/\/schema.org\",\"@graph\":[{\"@type\":\"Article\",\"@id\":\"https:\/\/www.travel3.com.br\/site\/sem-categoria\/tfr-nega-recurso-e-cobranca-de-bagagens-segue-suspensa\/#article\",\"isPartOf\":{\"@id\":\"https:\/\/www.travel3.com.br\/site\/sem-categoria\/tfr-nega-recurso-e-cobranca-de-bagagens-segue-suspensa\/\"},\"author\":{\"name\":\"admin\",\"@id\":\"https:\/\/www.travel3.com.br\/site\/#\/schema\/person\/a69d71e41a024999b6ab82369ac0bd1e\"},\"headline\":\"TFR NEGA RECURSO E COBRAN\u00c7A DE BAGAGENS SEGUE SUSPENSA\",\"datePublished\":\"2017-08-08T03:48:28+00:00\",\"mainEntityOfPage\":{\"@id\":\"https:\/\/www.travel3.com.br\/site\/sem-categoria\/tfr-nega-recurso-e-cobranca-de-bagagens-segue-suspensa\/\"},\"wordCount\":281,\"commentCount\":0,\"publisher\":{\"@id\":\"https:\/\/www.travel3.com.br\/site\/#organization\"},\"inLanguage\":\"pt-BR\",\"potentialAction\":[{\"@type\":\"CommentAction\",\"name\":\"Comment\",\"target\":[\"https:\/\/www.travel3.com.br\/site\/sem-categoria\/tfr-nega-recurso-e-cobranca-de-bagagens-segue-suspensa\/#respond\"]}]},{\"@type\":\"WebPage\",\"@id\":\"https:\/\/www.travel3.com.br\/site\/sem-categoria\/tfr-nega-recurso-e-cobranca-de-bagagens-segue-suspensa\/\",\"url\":\"https:\/\/www.travel3.com.br\/site\/sem-categoria\/tfr-nega-recurso-e-cobranca-de-bagagens-segue-suspensa\/\",\"name\":\"TFR NEGA RECURSO E COBRAN\u00c7A DE BAGAGENS SEGUE SUSPENSA - Travel3\",\"isPartOf\":{\"@id\":\"https:\/\/www.travel3.com.br\/site\/#website\"},\"datePublished\":\"2017-08-08T03:48:28+00:00\",\"description\":\"A TRAVEL3 \u00e9 um portal de conte\u00fado voltado para o turismo, encontre destinos, viagens, hospedagem, passagens, guias, not\u00edcias sobre o mercado do turismo, dicas de viagem, v\u00eddeos e podcast.\",\"breadcrumb\":{\"@id\":\"https:\/\/www.travel3.com.br\/site\/sem-categoria\/tfr-nega-recurso-e-cobranca-de-bagagens-segue-suspensa\/#breadcrumb\"},\"inLanguage\":\"pt-BR\",\"potentialAction\":[{\"@type\":\"ReadAction\",\"target\":[\"https:\/\/www.travel3.com.br\/site\/sem-categoria\/tfr-nega-recurso-e-cobranca-de-bagagens-segue-suspensa\/\"]}]},{\"@type\":\"BreadcrumbList\",\"@id\":\"https:\/\/www.travel3.com.br\/site\/sem-categoria\/tfr-nega-recurso-e-cobranca-de-bagagens-segue-suspensa\/#breadcrumb\",\"itemListElement\":[{\"@type\":\"ListItem\",\"position\":1,\"name\":\"In\u00edcio\",\"item\":\"https:\/\/www.travel3.com.br\/site\/\"},{\"@type\":\"ListItem\",\"position\":2,\"name\":\"TFR NEGA RECURSO E COBRAN\u00c7A DE BAGAGENS SEGUE SUSPENSA\"}]},{\"@type\":\"WebSite\",\"@id\":\"https:\/\/www.travel3.com.br\/site\/#website\",\"url\":\"https:\/\/www.travel3.com.br\/site\/\",\"name\":\"Travel3\",\"description\":\"Lazer + Neg&oacute;cios + Aventura\",\"publisher\":{\"@id\":\"https:\/\/www.travel3.com.br\/site\/#organization\"},\"potentialAction\":[{\"@type\":\"SearchAction\",\"target\":{\"@type\":\"EntryPoint\",\"urlTemplate\":\"https:\/\/www.travel3.com.br\/site\/?s={search_term_string}\"},\"query-input\":{\"@type\":\"PropertyValueSpecification\",\"valueRequired\":true,\"valueName\":\"search_term_string\"}}],\"inLanguage\":\"pt-BR\"},{\"@type\":\"Organization\",\"@id\":\"https:\/\/www.travel3.com.br\/site\/#organization\",\"name\":\"Travel3\",\"url\":\"https:\/\/www.travel3.com.br\/site\/\",\"logo\":{\"@type\":\"ImageObject\",\"inLanguage\":\"pt-BR\",\"@id\":\"https:\/\/www.travel3.com.br\/site\/#\/schema\/logo\/image\/\",\"url\":\"https:\/\/www.travel3.com.br\/site\/wp-content\/uploads\/2020\/01\/logo-travel3-2020.png\",\"contentUrl\":\"https:\/\/www.travel3.com.br\/site\/wp-content\/uploads\/2020\/01\/logo-travel3-2020.png\",\"width\":232,\"height\":79,\"caption\":\"Travel3\"},\"image\":{\"@id\":\"https:\/\/www.travel3.com.br\/site\/#\/schema\/logo\/image\/\"},\"sameAs\":[\"https:\/\/www.facebook.com\/travel3media\/\",\"https:\/\/www.instagram.com\/revistatravel3\/\",\"https:\/\/www.youtube.com\/channel\/UCno7J4paGBR3VbZQzvoJ9Eg\"]},{\"@type\":\"Person\",\"@id\":\"https:\/\/www.travel3.com.br\/site\/#\/schema\/person\/a69d71e41a024999b6ab82369ac0bd1e\",\"name\":\"admin\",\"image\":{\"@type\":\"ImageObject\",\"inLanguage\":\"pt-BR\",\"@id\":\"https:\/\/www.travel3.com.br\/site\/#\/schema\/person\/image\/\",\"url\":\"https:\/\/secure.gravatar.com\/avatar\/732a67adfd764da2a47ba10ce731c4c0?s=96&d=mm&r=g\",\"contentUrl\":\"https:\/\/secure.gravatar.com\/avatar\/732a67adfd764da2a47ba10ce731c4c0?s=96&d=mm&r=g\",\"caption\":\"admin\"},\"url\":\"https:\/\/www.travel3.com.br\/site\/author\/admin\/\"}]}<\/script>\n<!-- \/ Yoast SEO plugin. -->","yoast_head_json":{"title":"TFR NEGA RECURSO E COBRAN\u00c7A DE BAGAGENS SEGUE SUSPENSA - Travel3","description":"A TRAVEL3 \u00e9 um portal de conte\u00fado voltado para o turismo, encontre destinos, viagens, hospedagem, passagens, guias, not\u00edcias sobre o mercado do turismo, dicas de viagem, v\u00eddeos e podcast.","robots":{"index":"index","follow":"follow","max-snippet":"max-snippet:-1","max-image-preview":"max-image-preview:large","max-video-preview":"max-video-preview:-1"},"canonical":"https:\/\/www.travel3.com.br\/site\/sem-categoria\/tfr-nega-recurso-e-cobranca-de-bagagens-segue-suspensa\/","og_locale":"pt_BR","og_type":"article","og_title":"TFR NEGA RECURSO E COBRAN\u00c7A DE BAGAGENS SEGUE SUSPENSA - Travel3","og_description":"A TRAVEL3 \u00e9 um portal de conte\u00fado voltado para o turismo, encontre destinos, viagens, hospedagem, passagens, guias, not\u00edcias sobre o mercado do turismo, dicas de viagem, v\u00eddeos e podcast.","og_url":"https:\/\/www.travel3.com.br\/site\/sem-categoria\/tfr-nega-recurso-e-cobranca-de-bagagens-segue-suspensa\/","og_site_name":"Travel3","article_publisher":"https:\/\/www.facebook.com\/travel3media\/","article_published_time":"2017-08-08T03:48:28+00:00","author":"admin","twitter_card":"summary_large_image","twitter_misc":{"Escrito por":"admin","Est. tempo de leitura":"1 minuto"},"schema":{"@context":"https:\/\/schema.org","@graph":[{"@type":"Article","@id":"https:\/\/www.travel3.com.br\/site\/sem-categoria\/tfr-nega-recurso-e-cobranca-de-bagagens-segue-suspensa\/#article","isPartOf":{"@id":"https:\/\/www.travel3.com.br\/site\/sem-categoria\/tfr-nega-recurso-e-cobranca-de-bagagens-segue-suspensa\/"},"author":{"name":"admin","@id":"https:\/\/www.travel3.com.br\/site\/#\/schema\/person\/a69d71e41a024999b6ab82369ac0bd1e"},"headline":"TFR NEGA RECURSO E COBRAN\u00c7A DE BAGAGENS SEGUE SUSPENSA","datePublished":"2017-08-08T03:48:28+00:00","mainEntityOfPage":{"@id":"https:\/\/www.travel3.com.br\/site\/sem-categoria\/tfr-nega-recurso-e-cobranca-de-bagagens-segue-suspensa\/"},"wordCount":281,"commentCount":0,"publisher":{"@id":"https:\/\/www.travel3.com.br\/site\/#organization"},"inLanguage":"pt-BR","potentialAction":[{"@type":"CommentAction","name":"Comment","target":["https:\/\/www.travel3.com.br\/site\/sem-categoria\/tfr-nega-recurso-e-cobranca-de-bagagens-segue-suspensa\/#respond"]}]},{"@type":"WebPage","@id":"https:\/\/www.travel3.com.br\/site\/sem-categoria\/tfr-nega-recurso-e-cobranca-de-bagagens-segue-suspensa\/","url":"https:\/\/www.travel3.com.br\/site\/sem-categoria\/tfr-nega-recurso-e-cobranca-de-bagagens-segue-suspensa\/","name":"TFR NEGA RECURSO E COBRAN\u00c7A DE BAGAGENS SEGUE SUSPENSA - Travel3","isPartOf":{"@id":"https:\/\/www.travel3.com.br\/site\/#website"},"datePublished":"2017-08-08T03:48:28+00:00","description":"A TRAVEL3 \u00e9 um portal de conte\u00fado voltado para o turismo, encontre destinos, viagens, hospedagem, passagens, guias, not\u00edcias sobre o mercado do turismo, dicas de viagem, v\u00eddeos e podcast.","breadcrumb":{"@id":"https:\/\/www.travel3.com.br\/site\/sem-categoria\/tfr-nega-recurso-e-cobranca-de-bagagens-segue-suspensa\/#breadcrumb"},"inLanguage":"pt-BR","potentialAction":[{"@type":"ReadAction","target":["https:\/\/www.travel3.com.br\/site\/sem-categoria\/tfr-nega-recurso-e-cobranca-de-bagagens-segue-suspensa\/"]}]},{"@type":"BreadcrumbList","@id":"https:\/\/www.travel3.com.br\/site\/sem-categoria\/tfr-nega-recurso-e-cobranca-de-bagagens-segue-suspensa\/#breadcrumb","itemListElement":[{"@type":"ListItem","position":1,"name":"In\u00edcio","item":"https:\/\/www.travel3.com.br\/site\/"},{"@type":"ListItem","position":2,"name":"TFR NEGA RECURSO E COBRAN\u00c7A DE BAGAGENS SEGUE SUSPENSA"}]},{"@type":"WebSite","@id":"https:\/\/www.travel3.com.br\/site\/#website","url":"https:\/\/www.travel3.com.br\/site\/","name":"Travel3","description":"Lazer + Neg&oacute;cios + Aventura","publisher":{"@id":"https:\/\/www.travel3.com.br\/site\/#organization"},"potentialAction":[{"@type":"SearchAction","target":{"@type":"EntryPoint","urlTemplate":"https:\/\/www.travel3.com.br\/site\/?s={search_term_string}"},"query-input":{"@type":"PropertyValueSpecification","valueRequired":true,"valueName":"search_term_string"}}],"inLanguage":"pt-BR"},{"@type":"Organization","@id":"https:\/\/www.travel3.com.br\/site\/#organization","name":"Travel3","url":"https:\/\/www.travel3.com.br\/site\/","logo":{"@type":"ImageObject","inLanguage":"pt-BR","@id":"https:\/\/www.travel3.com.br\/site\/#\/schema\/logo\/image\/","url":"https:\/\/www.travel3.com.br\/site\/wp-content\/uploads\/2020\/01\/logo-travel3-2020.png","contentUrl":"https:\/\/www.travel3.com.br\/site\/wp-content\/uploads\/2020\/01\/logo-travel3-2020.png","width":232,"height":79,"caption":"Travel3"},"image":{"@id":"https:\/\/www.travel3.com.br\/site\/#\/schema\/logo\/image\/"},"sameAs":["https:\/\/www.facebook.com\/travel3media\/","https:\/\/www.instagram.com\/revistatravel3\/","https:\/\/www.youtube.com\/channel\/UCno7J4paGBR3VbZQzvoJ9Eg"]},{"@type":"Person","@id":"https:\/\/www.travel3.com.br\/site\/#\/schema\/person\/a69d71e41a024999b6ab82369ac0bd1e","name":"admin","image":{"@type":"ImageObject","inLanguage":"pt-BR","@id":"https:\/\/www.travel3.com.br\/site\/#\/schema\/person\/image\/","url":"https:\/\/secure.gravatar.com\/avatar\/732a67adfd764da2a47ba10ce731c4c0?s=96&d=mm&r=g","contentUrl":"https:\/\/secure.gravatar.com\/avatar\/732a67adfd764da2a47ba10ce731c4c0?s=96&d=mm&r=g","caption":"admin"},"url":"https:\/\/www.travel3.com.br\/site\/author\/admin\/"}]}},"_links":{"self":[{"href":"https:\/\/www.travel3.com.br\/site\/wp-json\/wp\/v2\/posts\/2402","targetHints":{"allow":["GET"]}}],"collection":[{"href":"https:\/\/www.travel3.com.br\/site\/wp-json\/wp\/v2\/posts"}],"about":[{"href":"https:\/\/www.travel3.com.br\/site\/wp-json\/wp\/v2\/types\/post"}],"author":[{"embeddable":true,"href":"https:\/\/www.travel3.com.br\/site\/wp-json\/wp\/v2\/users\/1"}],"replies":[{"embeddable":true,"href":"https:\/\/www.travel3.com.br\/site\/wp-json\/wp\/v2\/comments?post=2402"}],"version-history":[{"count":0,"href":"https:\/\/www.travel3.com.br\/site\/wp-json\/wp\/v2\/posts\/2402\/revisions"}],"wp:attachment":[{"href":"https:\/\/www.travel3.com.br\/site\/wp-json\/wp\/v2\/media?parent=2402"}],"wp:term":[{"taxonomy":"category","embeddable":true,"href":"https:\/\/www.travel3.com.br\/site\/wp-json\/wp\/v2\/categories?post=2402"},{"taxonomy":"post_tag","embeddable":true,"href":"https:\/\/www.travel3.com.br\/site\/wp-json\/wp\/v2\/tags?post=2402"}],"curies":[{"name":"wp","href":"https:\/\/api.w.org\/{rel}","templated":true}]}}