{"id":2398,"date":"2017-09-10T04:08:45","date_gmt":"2017-09-10T04:08:45","guid":{"rendered":"http:\/\/www.travel3.com.br\/site\/ir-e-vir\/ar\/vert-hoteis-transfere-sua-sede-para-a-capital-paulista\/"},"modified":"2017-09-10T04:08:45","modified_gmt":"2017-09-10T04:08:45","slug":"vert-hoteis-transfere-sua-sede-para-a-capital-paulista","status":"publish","type":"post","link":"https:\/\/www.travel3.com.br\/site\/sem-categoria\/vert-hoteis-transfere-sua-sede-para-a-capital-paulista\/","title":{"rendered":"VERT HOT\u00c9IS TRANSFERE SUA SEDE PARA A CAPITAL PAULISTA"},"content":{"rendered":"<p><span style=\"color: #40acad; font-family: -apple-system, system-ui, 'Segoe UI', Roboto, Oxygen-Sans, Ubuntu, Cantarell, 'Helvetica Neue', sans-serif; font-size: 12px; font-weight: bold;\"><\/p>\n<p style=\"text-align:justify\"><a class=\"fancybox-media\" href=\"..\/_uploads\/_noticia\/2017-03\/verthoteisescritoriospum--2-.jpg\" rel=\"portfolio\"><img decoding=\"async\" alt=\"\" src=\"..\/_uploads\/_noticia\/2017-03\/verthoteisescritoriospum--2-.jpg\" \/><\/a><strong>Equipe da Vert Hot\u00e9is na nova sede, em S\u00e3o Paulo (<\/strong><em>Foto: Divulga\u00e7\u00e3o<\/em><strong>)<\/strong><\/p>\n<p style=\"text-align:justify\">O que foi anunciado por \u00c9rica Drummond quando da inaugura\u00e7\u00e3o do Ramada em Viracopos, confirma-se agora: a Vert Hot\u00e9is passa a ter o seu escrit\u00f3rio central em S\u00e3o Paulo, no endere\u00e7o da\u00a0 Rua Haddock Lobo, 131 tel \u2013\u00a0<span style=\"color:rgb(0, 90, 149)\"><a href=\"callto:(11) 3214-2407\" onclick=\"window.top.Com_Zimbra_Phone.unsetOnbeforeunload()\" style=\"color: rgb(0, 90, 149); text-decoration: none; cursor: pointer;\">(11) 3214-2407<\/a><\/span><\/p>\n<p style=\"text-align:justify\">At\u00e9 agora, a base de dire\u00e7\u00e3o e opera\u00e7\u00f5es da rede estava em Belo Horizonte.<\/p>\n<p style=\"text-align:justify\">Para se aproximar de seus principais clientes, que est\u00e3o no mercado de S\u00e3o Paulo, a Vert concentrar\u00e1 sua equipe de vendas, marketing e distribui\u00e7\u00e3o, no novo escrit\u00f3rio, ampliando o relacionamento com as principais construtoras e incorporadoras do mercado.<\/p>\n<p style=\"text-align:justify\"><a class=\"fancybox-media\" href=\"..\/_uploads\/_noticia\/2017-03\/verthoteisescritoriospequipe.jpg\" rel=\"portfolio\"><img decoding=\"async\" alt=\"\" src=\"..\/_uploads\/_noticia\/2017-03\/verthoteisescritoriospequipe.jpg\" \/><\/a> Para o diretor de Vendas e Marketing da rede, Bruno Guimar\u00e3es, a inaugura\u00e7\u00e3o do espa\u00e7o vai ampliar a atua\u00e7\u00e3o \u00a0da Vert no principal mercado emissor para todos os destinos que atuam. \u201cO objetivo \u00e9 promover as nossas marcas e aproxim\u00e1-las de nossos principais clientes, que s\u00e3o ag\u00eancias, operadoras e empresas, al\u00e9m de gerar novos neg\u00f3cios e receita\u201d, afirma.<\/p>\n<p style=\"text-align:justify\">\u201cNossa chegada a S\u00e3o Paulo representa um momento important\u00edssimo para a rede. nesse momento que a cidade vive, com novo comando na prefeitura e os investimentos no turismo. Espero que minha equipe seja bem recebida pelos paulistanos como sempre fui\u201d, \u00a0afirmou \u00c9rica que tamb\u00e9m salienta o fato de v\u00e1rios dos novos empreendimentos da rede est\u00e3o em S\u00e3o Paulo.<\/p>\n<p style=\"text-align:justify\">Em plena expans\u00e3o, s\u00e3o cerca de\u00a020 empreendimentos em fase de desenvolvimento, com previs\u00e3o de entrega at\u00e9 2020. Ainda em 2017 devem ser entregues as unidades de Osasco, S\u00e3o Paulo, Cruzeiro, Fernand\u00f3polis, al\u00e9m de mais um hotel em Belo Horizonte, outros em Lagoa Santa e Sete Lagoas.<\/p>\n<p style=\"text-align:justify\">A Vert Hot\u00e9is conta com 17 empreendimentos em 10 destinos brasileiros: S\u00e3o Paulo, Rio\u00a0de Janeiro, Belo Horizonte, Bras\u00edlia, Recife, Lagoa Santa, Linhares, Maca\u00e9, Campos e Campinas. A rede conta com tr\u00eas marcas pr\u00f3prias, Sentido, Esuites e \u00cdcone e outras quatro em parceria com a Wyndham Hotel Group, Ramada Plaza, Ramada Suites, Ramada Hotel, Ramada Encore e Days Inn.\u00a0<\/p>\n<p style=\"text-align:justify\">Al\u00e9m da administra\u00e7\u00e3o hoteleira, a rede opera como assessora t\u00e9cnica em hotelaria, montagem e franquia.<\/p>\n<p>\u00a0<\/p>\n<p><\/span><\/p>\n","protected":false},"excerpt":{"rendered":"<p>Al\u00e9m de ampliar o relacionamento junto ao principal mercado, estar\u00e1 pr\u00f3ximo dos novos empreendimentos lan\u00e7ados no estado<\/p>\n","protected":false},"author":1,"featured_media":0,"comment_status":"open","ping_status":"open","sticky":false,"template":"","format":"standard","meta":{"footnotes":""},"categories":[],"tags":[],"class_list":["post-2398","post","type-post","status-publish","format-standard","hentry"],"yoast_head":"<!-- This site is optimized with the Yoast SEO plugin v26.2 - https:\/\/yoast.com\/wordpress\/plugins\/seo\/ -->\n<title>VERT HOT\u00c9IS TRANSFERE SUA SEDE PARA A CAPITAL PAULISTA - Travel3<\/title>\n<meta name=\"description\" content=\"A TRAVEL3 \u00e9 um portal de conte\u00fado voltado para o turismo, encontre destinos, viagens, hospedagem, passagens, guias, not\u00edcias sobre o mercado do turismo, dicas de viagem, v\u00eddeos e podcast.\" \/>\n<meta name=\"robots\" content=\"index, follow, max-snippet:-1, max-image-preview:large, max-video-preview:-1\" \/>\n<link rel=\"canonical\" href=\"https:\/\/www.travel3.com.br\/site\/sem-categoria\/vert-hoteis-transfere-sua-sede-para-a-capital-paulista\/\" \/>\n<meta property=\"og:locale\" content=\"pt_BR\" \/>\n<meta property=\"og:type\" content=\"article\" \/>\n<meta property=\"og:title\" content=\"VERT HOT\u00c9IS TRANSFERE SUA SEDE PARA A CAPITAL PAULISTA - Travel3\" \/>\n<meta property=\"og:description\" content=\"A TRAVEL3 \u00e9 um portal de conte\u00fado voltado para o turismo, encontre destinos, viagens, hospedagem, passagens, guias, not\u00edcias sobre o mercado do turismo, dicas de viagem, v\u00eddeos e podcast.\" \/>\n<meta property=\"og:url\" content=\"https:\/\/www.travel3.com.br\/site\/sem-categoria\/vert-hoteis-transfere-sua-sede-para-a-capital-paulista\/\" \/>\n<meta property=\"og:site_name\" content=\"Travel3\" \/>\n<meta property=\"article:publisher\" content=\"https:\/\/www.facebook.com\/travel3media\/\" \/>\n<meta property=\"article:published_time\" content=\"2017-09-10T04:08:45+00:00\" \/>\n<meta name=\"author\" content=\"admin\" \/>\n<meta name=\"twitter:card\" content=\"summary_large_image\" \/>\n<meta name=\"twitter:label1\" content=\"Escrito por\" \/>\n\t<meta name=\"twitter:data1\" content=\"admin\" \/>\n\t<meta name=\"twitter:label2\" content=\"Est. tempo de leitura\" \/>\n\t<meta name=\"twitter:data2\" content=\"2 minutos\" \/>\n<script type=\"application\/ld+json\" class=\"yoast-schema-graph\">{\"@context\":\"https:\/\/schema.org\",\"@graph\":[{\"@type\":\"Article\",\"@id\":\"https:\/\/www.travel3.com.br\/site\/sem-categoria\/vert-hoteis-transfere-sua-sede-para-a-capital-paulista\/#article\",\"isPartOf\":{\"@id\":\"https:\/\/www.travel3.com.br\/site\/sem-categoria\/vert-hoteis-transfere-sua-sede-para-a-capital-paulista\/\"},\"author\":{\"name\":\"admin\",\"@id\":\"https:\/\/www.travel3.com.br\/site\/#\/schema\/person\/a69d71e41a024999b6ab82369ac0bd1e\"},\"headline\":\"VERT HOT\u00c9IS TRANSFERE SUA SEDE PARA A CAPITAL PAULISTA\",\"datePublished\":\"2017-09-10T04:08:45+00:00\",\"mainEntityOfPage\":{\"@id\":\"https:\/\/www.travel3.com.br\/site\/sem-categoria\/vert-hoteis-transfere-sua-sede-para-a-capital-paulista\/\"},\"wordCount\":385,\"commentCount\":0,\"publisher\":{\"@id\":\"https:\/\/www.travel3.com.br\/site\/#organization\"},\"inLanguage\":\"pt-BR\",\"potentialAction\":[{\"@type\":\"CommentAction\",\"name\":\"Comment\",\"target\":[\"https:\/\/www.travel3.com.br\/site\/sem-categoria\/vert-hoteis-transfere-sua-sede-para-a-capital-paulista\/#respond\"]}]},{\"@type\":\"WebPage\",\"@id\":\"https:\/\/www.travel3.com.br\/site\/sem-categoria\/vert-hoteis-transfere-sua-sede-para-a-capital-paulista\/\",\"url\":\"https:\/\/www.travel3.com.br\/site\/sem-categoria\/vert-hoteis-transfere-sua-sede-para-a-capital-paulista\/\",\"name\":\"VERT HOT\u00c9IS TRANSFERE SUA SEDE PARA A CAPITAL PAULISTA - Travel3\",\"isPartOf\":{\"@id\":\"https:\/\/www.travel3.com.br\/site\/#website\"},\"datePublished\":\"2017-09-10T04:08:45+00:00\",\"description\":\"A TRAVEL3 \u00e9 um portal de conte\u00fado voltado para o turismo, encontre destinos, viagens, hospedagem, passagens, guias, not\u00edcias sobre o mercado do turismo, dicas de viagem, v\u00eddeos e podcast.\",\"breadcrumb\":{\"@id\":\"https:\/\/www.travel3.com.br\/site\/sem-categoria\/vert-hoteis-transfere-sua-sede-para-a-capital-paulista\/#breadcrumb\"},\"inLanguage\":\"pt-BR\",\"potentialAction\":[{\"@type\":\"ReadAction\",\"target\":[\"https:\/\/www.travel3.com.br\/site\/sem-categoria\/vert-hoteis-transfere-sua-sede-para-a-capital-paulista\/\"]}]},{\"@type\":\"BreadcrumbList\",\"@id\":\"https:\/\/www.travel3.com.br\/site\/sem-categoria\/vert-hoteis-transfere-sua-sede-para-a-capital-paulista\/#breadcrumb\",\"itemListElement\":[{\"@type\":\"ListItem\",\"position\":1,\"name\":\"In\u00edcio\",\"item\":\"https:\/\/www.travel3.com.br\/site\/\"},{\"@type\":\"ListItem\",\"position\":2,\"name\":\"VERT HOT\u00c9IS TRANSFERE SUA SEDE PARA A CAPITAL PAULISTA\"}]},{\"@type\":\"WebSite\",\"@id\":\"https:\/\/www.travel3.com.br\/site\/#website\",\"url\":\"https:\/\/www.travel3.com.br\/site\/\",\"name\":\"Travel3\",\"description\":\"Lazer + Neg&oacute;cios + Aventura\",\"publisher\":{\"@id\":\"https:\/\/www.travel3.com.br\/site\/#organization\"},\"potentialAction\":[{\"@type\":\"SearchAction\",\"target\":{\"@type\":\"EntryPoint\",\"urlTemplate\":\"https:\/\/www.travel3.com.br\/site\/?s={search_term_string}\"},\"query-input\":{\"@type\":\"PropertyValueSpecification\",\"valueRequired\":true,\"valueName\":\"search_term_string\"}}],\"inLanguage\":\"pt-BR\"},{\"@type\":\"Organization\",\"@id\":\"https:\/\/www.travel3.com.br\/site\/#organization\",\"name\":\"Travel3\",\"url\":\"https:\/\/www.travel3.com.br\/site\/\",\"logo\":{\"@type\":\"ImageObject\",\"inLanguage\":\"pt-BR\",\"@id\":\"https:\/\/www.travel3.com.br\/site\/#\/schema\/logo\/image\/\",\"url\":\"https:\/\/www.travel3.com.br\/site\/wp-content\/uploads\/2020\/01\/logo-travel3-2020.png\",\"contentUrl\":\"https:\/\/www.travel3.com.br\/site\/wp-content\/uploads\/2020\/01\/logo-travel3-2020.png\",\"width\":232,\"height\":79,\"caption\":\"Travel3\"},\"image\":{\"@id\":\"https:\/\/www.travel3.com.br\/site\/#\/schema\/logo\/image\/\"},\"sameAs\":[\"https:\/\/www.facebook.com\/travel3media\/\",\"https:\/\/www.instagram.com\/revistatravel3\/\",\"https:\/\/www.youtube.com\/channel\/UCno7J4paGBR3VbZQzvoJ9Eg\"]},{\"@type\":\"Person\",\"@id\":\"https:\/\/www.travel3.com.br\/site\/#\/schema\/person\/a69d71e41a024999b6ab82369ac0bd1e\",\"name\":\"admin\",\"image\":{\"@type\":\"ImageObject\",\"inLanguage\":\"pt-BR\",\"@id\":\"https:\/\/www.travel3.com.br\/site\/#\/schema\/person\/image\/\",\"url\":\"https:\/\/secure.gravatar.com\/avatar\/732a67adfd764da2a47ba10ce731c4c0?s=96&d=mm&r=g\",\"contentUrl\":\"https:\/\/secure.gravatar.com\/avatar\/732a67adfd764da2a47ba10ce731c4c0?s=96&d=mm&r=g\",\"caption\":\"admin\"},\"url\":\"https:\/\/www.travel3.com.br\/site\/author\/admin\/\"}]}<\/script>\n<!-- \/ Yoast SEO plugin. -->","yoast_head_json":{"title":"VERT HOT\u00c9IS TRANSFERE SUA SEDE PARA A CAPITAL PAULISTA - Travel3","description":"A TRAVEL3 \u00e9 um portal de conte\u00fado voltado para o turismo, encontre destinos, viagens, hospedagem, passagens, guias, not\u00edcias sobre o mercado do turismo, dicas de viagem, v\u00eddeos e podcast.","robots":{"index":"index","follow":"follow","max-snippet":"max-snippet:-1","max-image-preview":"max-image-preview:large","max-video-preview":"max-video-preview:-1"},"canonical":"https:\/\/www.travel3.com.br\/site\/sem-categoria\/vert-hoteis-transfere-sua-sede-para-a-capital-paulista\/","og_locale":"pt_BR","og_type":"article","og_title":"VERT HOT\u00c9IS TRANSFERE SUA SEDE PARA A CAPITAL PAULISTA - Travel3","og_description":"A TRAVEL3 \u00e9 um portal de conte\u00fado voltado para o turismo, encontre destinos, viagens, hospedagem, passagens, guias, not\u00edcias sobre o mercado do turismo, dicas de viagem, v\u00eddeos e podcast.","og_url":"https:\/\/www.travel3.com.br\/site\/sem-categoria\/vert-hoteis-transfere-sua-sede-para-a-capital-paulista\/","og_site_name":"Travel3","article_publisher":"https:\/\/www.facebook.com\/travel3media\/","article_published_time":"2017-09-10T04:08:45+00:00","author":"admin","twitter_card":"summary_large_image","twitter_misc":{"Escrito por":"admin","Est. tempo de leitura":"2 minutos"},"schema":{"@context":"https:\/\/schema.org","@graph":[{"@type":"Article","@id":"https:\/\/www.travel3.com.br\/site\/sem-categoria\/vert-hoteis-transfere-sua-sede-para-a-capital-paulista\/#article","isPartOf":{"@id":"https:\/\/www.travel3.com.br\/site\/sem-categoria\/vert-hoteis-transfere-sua-sede-para-a-capital-paulista\/"},"author":{"name":"admin","@id":"https:\/\/www.travel3.com.br\/site\/#\/schema\/person\/a69d71e41a024999b6ab82369ac0bd1e"},"headline":"VERT HOT\u00c9IS TRANSFERE SUA SEDE PARA A CAPITAL PAULISTA","datePublished":"2017-09-10T04:08:45+00:00","mainEntityOfPage":{"@id":"https:\/\/www.travel3.com.br\/site\/sem-categoria\/vert-hoteis-transfere-sua-sede-para-a-capital-paulista\/"},"wordCount":385,"commentCount":0,"publisher":{"@id":"https:\/\/www.travel3.com.br\/site\/#organization"},"inLanguage":"pt-BR","potentialAction":[{"@type":"CommentAction","name":"Comment","target":["https:\/\/www.travel3.com.br\/site\/sem-categoria\/vert-hoteis-transfere-sua-sede-para-a-capital-paulista\/#respond"]}]},{"@type":"WebPage","@id":"https:\/\/www.travel3.com.br\/site\/sem-categoria\/vert-hoteis-transfere-sua-sede-para-a-capital-paulista\/","url":"https:\/\/www.travel3.com.br\/site\/sem-categoria\/vert-hoteis-transfere-sua-sede-para-a-capital-paulista\/","name":"VERT HOT\u00c9IS TRANSFERE SUA SEDE PARA A CAPITAL PAULISTA - Travel3","isPartOf":{"@id":"https:\/\/www.travel3.com.br\/site\/#website"},"datePublished":"2017-09-10T04:08:45+00:00","description":"A TRAVEL3 \u00e9 um portal de conte\u00fado voltado para o turismo, encontre destinos, viagens, hospedagem, passagens, guias, not\u00edcias sobre o mercado do turismo, dicas de viagem, v\u00eddeos e podcast.","breadcrumb":{"@id":"https:\/\/www.travel3.com.br\/site\/sem-categoria\/vert-hoteis-transfere-sua-sede-para-a-capital-paulista\/#breadcrumb"},"inLanguage":"pt-BR","potentialAction":[{"@type":"ReadAction","target":["https:\/\/www.travel3.com.br\/site\/sem-categoria\/vert-hoteis-transfere-sua-sede-para-a-capital-paulista\/"]}]},{"@type":"BreadcrumbList","@id":"https:\/\/www.travel3.com.br\/site\/sem-categoria\/vert-hoteis-transfere-sua-sede-para-a-capital-paulista\/#breadcrumb","itemListElement":[{"@type":"ListItem","position":1,"name":"In\u00edcio","item":"https:\/\/www.travel3.com.br\/site\/"},{"@type":"ListItem","position":2,"name":"VERT HOT\u00c9IS TRANSFERE SUA SEDE PARA A CAPITAL PAULISTA"}]},{"@type":"WebSite","@id":"https:\/\/www.travel3.com.br\/site\/#website","url":"https:\/\/www.travel3.com.br\/site\/","name":"Travel3","description":"Lazer + Neg&oacute;cios + Aventura","publisher":{"@id":"https:\/\/www.travel3.com.br\/site\/#organization"},"potentialAction":[{"@type":"SearchAction","target":{"@type":"EntryPoint","urlTemplate":"https:\/\/www.travel3.com.br\/site\/?s={search_term_string}"},"query-input":{"@type":"PropertyValueSpecification","valueRequired":true,"valueName":"search_term_string"}}],"inLanguage":"pt-BR"},{"@type":"Organization","@id":"https:\/\/www.travel3.com.br\/site\/#organization","name":"Travel3","url":"https:\/\/www.travel3.com.br\/site\/","logo":{"@type":"ImageObject","inLanguage":"pt-BR","@id":"https:\/\/www.travel3.com.br\/site\/#\/schema\/logo\/image\/","url":"https:\/\/www.travel3.com.br\/site\/wp-content\/uploads\/2020\/01\/logo-travel3-2020.png","contentUrl":"https:\/\/www.travel3.com.br\/site\/wp-content\/uploads\/2020\/01\/logo-travel3-2020.png","width":232,"height":79,"caption":"Travel3"},"image":{"@id":"https:\/\/www.travel3.com.br\/site\/#\/schema\/logo\/image\/"},"sameAs":["https:\/\/www.facebook.com\/travel3media\/","https:\/\/www.instagram.com\/revistatravel3\/","https:\/\/www.youtube.com\/channel\/UCno7J4paGBR3VbZQzvoJ9Eg"]},{"@type":"Person","@id":"https:\/\/www.travel3.com.br\/site\/#\/schema\/person\/a69d71e41a024999b6ab82369ac0bd1e","name":"admin","image":{"@type":"ImageObject","inLanguage":"pt-BR","@id":"https:\/\/www.travel3.com.br\/site\/#\/schema\/person\/image\/","url":"https:\/\/secure.gravatar.com\/avatar\/732a67adfd764da2a47ba10ce731c4c0?s=96&d=mm&r=g","contentUrl":"https:\/\/secure.gravatar.com\/avatar\/732a67adfd764da2a47ba10ce731c4c0?s=96&d=mm&r=g","caption":"admin"},"url":"https:\/\/www.travel3.com.br\/site\/author\/admin\/"}]}},"_links":{"self":[{"href":"https:\/\/www.travel3.com.br\/site\/wp-json\/wp\/v2\/posts\/2398","targetHints":{"allow":["GET"]}}],"collection":[{"href":"https:\/\/www.travel3.com.br\/site\/wp-json\/wp\/v2\/posts"}],"about":[{"href":"https:\/\/www.travel3.com.br\/site\/wp-json\/wp\/v2\/types\/post"}],"author":[{"embeddable":true,"href":"https:\/\/www.travel3.com.br\/site\/wp-json\/wp\/v2\/users\/1"}],"replies":[{"embeddable":true,"href":"https:\/\/www.travel3.com.br\/site\/wp-json\/wp\/v2\/comments?post=2398"}],"version-history":[{"count":0,"href":"https:\/\/www.travel3.com.br\/site\/wp-json\/wp\/v2\/posts\/2398\/revisions"}],"wp:attachment":[{"href":"https:\/\/www.travel3.com.br\/site\/wp-json\/wp\/v2\/media?parent=2398"}],"wp:term":[{"taxonomy":"category","embeddable":true,"href":"https:\/\/www.travel3.com.br\/site\/wp-json\/wp\/v2\/categories?post=2398"},{"taxonomy":"post_tag","embeddable":true,"href":"https:\/\/www.travel3.com.br\/site\/wp-json\/wp\/v2\/tags?post=2398"}],"curies":[{"name":"wp","href":"https:\/\/api.w.org\/{rel}","templated":true}]}}