{"id":2392,"date":"2017-07-20T02:25:33","date_gmt":"2017-07-20T02:25:33","guid":{"rendered":"http:\/\/www.travel3.com.br\/site\/ir-e-vir\/ar\/grupos-europeus-os-mais-atraidos-no-leilao-dos-4-aeroportos\/"},"modified":"2017-07-20T02:25:33","modified_gmt":"2017-07-20T02:25:33","slug":"grupos-europeus-os-mais-atraidos-no-leilao-dos-4-aeroportos","status":"publish","type":"post","link":"https:\/\/www.travel3.com.br\/site\/sem-categoria\/grupos-europeus-os-mais-atraidos-no-leilao-dos-4-aeroportos\/","title":{"rendered":"GRUPOS EUROPEUS OS MAIS ATRA\u00cdDOS NO LEIL\u00c3O DOS 4 AEROPORTOS"},"content":{"rendered":"<p><span style=\"color: #40acad; font-family: -apple-system, system-ui, 'Segoe UI', Roboto, Oxygen-Sans, Ubuntu, Cantarell, 'Helvetica Neue', sans-serif; font-size: 12px; font-weight: bold;\"><\/p>\n<p style=\"text-align:justify\"><a class=\"fancybox-media\" href=\"..\/_uploads\/_noticia\/2017-03\/aeroportopintomartinsfortceara.jpg\" rel=\"portfolio\"><img decoding=\"async\" alt=\"\" src=\"..\/_uploads\/_noticia\/2017-03\/aeroportopintomartinsfortceara.jpg\" \/><\/a><\/p>\n<p style=\"text-align:justify\"><strong>O aeroporto Pinto Martins, na capital do Cear\u00e1 (Fotos: Divulga\u00e7\u00e3o)<\/strong><\/p>\n<p style=\"text-align:justify\">Nesta quinta-feira (16), o leil\u00e3o dos quatro aeroportos ter\u00e1 uma disputa maior por parte de grupos europeus. \u00a0A Vinci Airports, da Fran\u00e7a, a su\u00ed\u00e7a Zurich e a alem\u00e3 Fraport entregaram documenta\u00e7\u00e3o para a disputa dos terminais de Porto Alegre, Florian\u00f3polis, Salvador e Fortaleza.<\/p>\n<p style=\"text-align:justify\">A aus\u00eancia de grupos nacionais interessados \u00e9 justificada pela situa\u00e7\u00e3o econ\u00f4mica do Brasil e alguma das poss\u00edveis empreiteiras estarem envolvidas com a Lava Jato.<\/p>\n<p style=\"text-align:justify\">Em novembro de 2013, cons\u00f3rcio formado pela Odebrecht e a operadora de aeroportos Changi, de Cingapura, ganhou a concess\u00e3o do aeroporto do Gale\u00e3o, com oferta quase quatro vezes acima do lance m\u00ednimo. J\u00e1 o aeroporto de Confins (MG), na regi\u00e3o metropolitana de Belo Horizonte, foi arrematado pelo cons\u00f3rcio liderado pela CCR, com \u00e1gio de 66%.<\/p>\n<p style=\"text-align:justify\">O leil\u00e3o de hoje marca o primeiro teste importante do interesse de investidores de longo prazo no Brasil do \u00a0atual governo. Segundo os termos dos editais, o pagamento inicial das outorgas dos quatro terminais (25 % sem considerar o \u00e1gio) ser\u00e1 de 754 milh\u00f5es de reais, e o valor estimado a ser arrecadado com o pagamento das contribui\u00e7\u00f5es \u00a0anuais, \u00a0no per\u00edodo completo da concess\u00e3o, ser\u00e1 de R$ 3 bilh\u00f5es.<\/p>\n<p style=\"text-align:justify\">Os concession\u00e1rios tamb\u00e9m dever\u00e3o pagar anualmente a contribui\u00e7\u00e3o vari\u00e1vel de 5% das receitas obtidas em cada aeroporto, \u00a0e a arrecada\u00e7\u00e3o prevista \u00e9 \u00a0de R$ 2,451 bilh\u00f5es.<\/p>\n<p style=\"text-align:justify\">A oferta inicial \u00a0prevista no leil\u00e3o dever\u00e1 ser de 31 milh\u00f5es de reais para o aeroporto de Porto Alegre, de 310 milh\u00f5es para Salvador, de 53 milh\u00f5es para Florian\u00f3polis e de 360 milh\u00f5es para Fortaleza.<\/p>\n<p>\u00a0<\/p>\n<p><\/span><\/p>\n","protected":false},"excerpt":{"rendered":"<p>Pinto Martins, o aeroporto de Fortaleza, dever\u00e1 ser o mais disputado se isto se confirmar &#8211; a proximidade com o Velho Continente<\/p>\n","protected":false},"author":1,"featured_media":0,"comment_status":"open","ping_status":"open","sticky":false,"template":"","format":"standard","meta":{"footnotes":""},"categories":[],"tags":[],"class_list":["post-2392","post","type-post","status-publish","format-standard","hentry"],"yoast_head":"<!-- This site is optimized with the Yoast SEO plugin v26.2 - https:\/\/yoast.com\/wordpress\/plugins\/seo\/ -->\n<title>GRUPOS EUROPEUS OS MAIS ATRA\u00cdDOS NO LEIL\u00c3O DOS 4 AEROPORTOS - Travel3<\/title>\n<meta name=\"description\" content=\"A TRAVEL3 \u00e9 um portal de conte\u00fado voltado para o turismo, encontre destinos, viagens, hospedagem, passagens, guias, not\u00edcias sobre o mercado do turismo, dicas de viagem, v\u00eddeos e podcast.\" \/>\n<meta name=\"robots\" content=\"index, follow, max-snippet:-1, max-image-preview:large, max-video-preview:-1\" \/>\n<link rel=\"canonical\" href=\"https:\/\/www.travel3.com.br\/site\/sem-categoria\/grupos-europeus-os-mais-atraidos-no-leilao-dos-4-aeroportos\/\" \/>\n<meta property=\"og:locale\" content=\"pt_BR\" \/>\n<meta property=\"og:type\" content=\"article\" \/>\n<meta property=\"og:title\" content=\"GRUPOS EUROPEUS OS MAIS ATRA\u00cdDOS NO LEIL\u00c3O DOS 4 AEROPORTOS - Travel3\" \/>\n<meta property=\"og:description\" content=\"A TRAVEL3 \u00e9 um portal de conte\u00fado voltado para o turismo, encontre destinos, viagens, hospedagem, passagens, guias, not\u00edcias sobre o mercado do turismo, dicas de viagem, v\u00eddeos e podcast.\" \/>\n<meta property=\"og:url\" content=\"https:\/\/www.travel3.com.br\/site\/sem-categoria\/grupos-europeus-os-mais-atraidos-no-leilao-dos-4-aeroportos\/\" \/>\n<meta property=\"og:site_name\" content=\"Travel3\" \/>\n<meta property=\"article:publisher\" content=\"https:\/\/www.facebook.com\/travel3media\/\" \/>\n<meta property=\"article:published_time\" content=\"2017-07-20T02:25:33+00:00\" \/>\n<meta name=\"author\" content=\"admin\" \/>\n<meta name=\"twitter:card\" content=\"summary_large_image\" \/>\n<meta name=\"twitter:label1\" content=\"Escrito por\" \/>\n\t<meta name=\"twitter:data1\" content=\"admin\" \/>\n\t<meta name=\"twitter:label2\" content=\"Est. tempo de leitura\" \/>\n\t<meta name=\"twitter:data2\" content=\"1 minuto\" \/>\n<script type=\"application\/ld+json\" class=\"yoast-schema-graph\">{\"@context\":\"https:\/\/schema.org\",\"@graph\":[{\"@type\":\"Article\",\"@id\":\"https:\/\/www.travel3.com.br\/site\/sem-categoria\/grupos-europeus-os-mais-atraidos-no-leilao-dos-4-aeroportos\/#article\",\"isPartOf\":{\"@id\":\"https:\/\/www.travel3.com.br\/site\/sem-categoria\/grupos-europeus-os-mais-atraidos-no-leilao-dos-4-aeroportos\/\"},\"author\":{\"name\":\"admin\",\"@id\":\"https:\/\/www.travel3.com.br\/site\/#\/schema\/person\/a69d71e41a024999b6ab82369ac0bd1e\"},\"headline\":\"GRUPOS EUROPEUS OS MAIS ATRA\u00cdDOS NO LEIL\u00c3O DOS 4 AEROPORTOS\",\"datePublished\":\"2017-07-20T02:25:33+00:00\",\"mainEntityOfPage\":{\"@id\":\"https:\/\/www.travel3.com.br\/site\/sem-categoria\/grupos-europeus-os-mais-atraidos-no-leilao-dos-4-aeroportos\/\"},\"wordCount\":293,\"commentCount\":0,\"publisher\":{\"@id\":\"https:\/\/www.travel3.com.br\/site\/#organization\"},\"inLanguage\":\"pt-BR\",\"potentialAction\":[{\"@type\":\"CommentAction\",\"name\":\"Comment\",\"target\":[\"https:\/\/www.travel3.com.br\/site\/sem-categoria\/grupos-europeus-os-mais-atraidos-no-leilao-dos-4-aeroportos\/#respond\"]}]},{\"@type\":\"WebPage\",\"@id\":\"https:\/\/www.travel3.com.br\/site\/sem-categoria\/grupos-europeus-os-mais-atraidos-no-leilao-dos-4-aeroportos\/\",\"url\":\"https:\/\/www.travel3.com.br\/site\/sem-categoria\/grupos-europeus-os-mais-atraidos-no-leilao-dos-4-aeroportos\/\",\"name\":\"GRUPOS EUROPEUS OS MAIS ATRA\u00cdDOS NO LEIL\u00c3O DOS 4 AEROPORTOS - Travel3\",\"isPartOf\":{\"@id\":\"https:\/\/www.travel3.com.br\/site\/#website\"},\"datePublished\":\"2017-07-20T02:25:33+00:00\",\"description\":\"A TRAVEL3 \u00e9 um portal de conte\u00fado voltado para o turismo, encontre destinos, viagens, hospedagem, passagens, guias, not\u00edcias sobre o mercado do turismo, dicas de viagem, v\u00eddeos e podcast.\",\"breadcrumb\":{\"@id\":\"https:\/\/www.travel3.com.br\/site\/sem-categoria\/grupos-europeus-os-mais-atraidos-no-leilao-dos-4-aeroportos\/#breadcrumb\"},\"inLanguage\":\"pt-BR\",\"potentialAction\":[{\"@type\":\"ReadAction\",\"target\":[\"https:\/\/www.travel3.com.br\/site\/sem-categoria\/grupos-europeus-os-mais-atraidos-no-leilao-dos-4-aeroportos\/\"]}]},{\"@type\":\"BreadcrumbList\",\"@id\":\"https:\/\/www.travel3.com.br\/site\/sem-categoria\/grupos-europeus-os-mais-atraidos-no-leilao-dos-4-aeroportos\/#breadcrumb\",\"itemListElement\":[{\"@type\":\"ListItem\",\"position\":1,\"name\":\"In\u00edcio\",\"item\":\"https:\/\/www.travel3.com.br\/site\/\"},{\"@type\":\"ListItem\",\"position\":2,\"name\":\"GRUPOS EUROPEUS OS MAIS ATRA\u00cdDOS NO LEIL\u00c3O DOS 4 AEROPORTOS\"}]},{\"@type\":\"WebSite\",\"@id\":\"https:\/\/www.travel3.com.br\/site\/#website\",\"url\":\"https:\/\/www.travel3.com.br\/site\/\",\"name\":\"Travel3\",\"description\":\"Lazer + Neg&oacute;cios + Aventura\",\"publisher\":{\"@id\":\"https:\/\/www.travel3.com.br\/site\/#organization\"},\"potentialAction\":[{\"@type\":\"SearchAction\",\"target\":{\"@type\":\"EntryPoint\",\"urlTemplate\":\"https:\/\/www.travel3.com.br\/site\/?s={search_term_string}\"},\"query-input\":{\"@type\":\"PropertyValueSpecification\",\"valueRequired\":true,\"valueName\":\"search_term_string\"}}],\"inLanguage\":\"pt-BR\"},{\"@type\":\"Organization\",\"@id\":\"https:\/\/www.travel3.com.br\/site\/#organization\",\"name\":\"Travel3\",\"url\":\"https:\/\/www.travel3.com.br\/site\/\",\"logo\":{\"@type\":\"ImageObject\",\"inLanguage\":\"pt-BR\",\"@id\":\"https:\/\/www.travel3.com.br\/site\/#\/schema\/logo\/image\/\",\"url\":\"https:\/\/www.travel3.com.br\/site\/wp-content\/uploads\/2020\/01\/logo-travel3-2020.png\",\"contentUrl\":\"https:\/\/www.travel3.com.br\/site\/wp-content\/uploads\/2020\/01\/logo-travel3-2020.png\",\"width\":232,\"height\":79,\"caption\":\"Travel3\"},\"image\":{\"@id\":\"https:\/\/www.travel3.com.br\/site\/#\/schema\/logo\/image\/\"},\"sameAs\":[\"https:\/\/www.facebook.com\/travel3media\/\",\"https:\/\/www.instagram.com\/revistatravel3\/\",\"https:\/\/www.youtube.com\/channel\/UCno7J4paGBR3VbZQzvoJ9Eg\"]},{\"@type\":\"Person\",\"@id\":\"https:\/\/www.travel3.com.br\/site\/#\/schema\/person\/a69d71e41a024999b6ab82369ac0bd1e\",\"name\":\"admin\",\"image\":{\"@type\":\"ImageObject\",\"inLanguage\":\"pt-BR\",\"@id\":\"https:\/\/www.travel3.com.br\/site\/#\/schema\/person\/image\/\",\"url\":\"https:\/\/secure.gravatar.com\/avatar\/732a67adfd764da2a47ba10ce731c4c0?s=96&d=mm&r=g\",\"contentUrl\":\"https:\/\/secure.gravatar.com\/avatar\/732a67adfd764da2a47ba10ce731c4c0?s=96&d=mm&r=g\",\"caption\":\"admin\"},\"url\":\"https:\/\/www.travel3.com.br\/site\/author\/admin\/\"}]}<\/script>\n<!-- \/ Yoast SEO plugin. -->","yoast_head_json":{"title":"GRUPOS EUROPEUS OS MAIS ATRA\u00cdDOS NO LEIL\u00c3O DOS 4 AEROPORTOS - Travel3","description":"A TRAVEL3 \u00e9 um portal de conte\u00fado voltado para o turismo, encontre destinos, viagens, hospedagem, passagens, guias, not\u00edcias sobre o mercado do turismo, dicas de viagem, v\u00eddeos e podcast.","robots":{"index":"index","follow":"follow","max-snippet":"max-snippet:-1","max-image-preview":"max-image-preview:large","max-video-preview":"max-video-preview:-1"},"canonical":"https:\/\/www.travel3.com.br\/site\/sem-categoria\/grupos-europeus-os-mais-atraidos-no-leilao-dos-4-aeroportos\/","og_locale":"pt_BR","og_type":"article","og_title":"GRUPOS EUROPEUS OS MAIS ATRA\u00cdDOS NO LEIL\u00c3O DOS 4 AEROPORTOS - Travel3","og_description":"A TRAVEL3 \u00e9 um portal de conte\u00fado voltado para o turismo, encontre destinos, viagens, hospedagem, passagens, guias, not\u00edcias sobre o mercado do turismo, dicas de viagem, v\u00eddeos e podcast.","og_url":"https:\/\/www.travel3.com.br\/site\/sem-categoria\/grupos-europeus-os-mais-atraidos-no-leilao-dos-4-aeroportos\/","og_site_name":"Travel3","article_publisher":"https:\/\/www.facebook.com\/travel3media\/","article_published_time":"2017-07-20T02:25:33+00:00","author":"admin","twitter_card":"summary_large_image","twitter_misc":{"Escrito por":"admin","Est. tempo de leitura":"1 minuto"},"schema":{"@context":"https:\/\/schema.org","@graph":[{"@type":"Article","@id":"https:\/\/www.travel3.com.br\/site\/sem-categoria\/grupos-europeus-os-mais-atraidos-no-leilao-dos-4-aeroportos\/#article","isPartOf":{"@id":"https:\/\/www.travel3.com.br\/site\/sem-categoria\/grupos-europeus-os-mais-atraidos-no-leilao-dos-4-aeroportos\/"},"author":{"name":"admin","@id":"https:\/\/www.travel3.com.br\/site\/#\/schema\/person\/a69d71e41a024999b6ab82369ac0bd1e"},"headline":"GRUPOS EUROPEUS OS MAIS ATRA\u00cdDOS NO LEIL\u00c3O DOS 4 AEROPORTOS","datePublished":"2017-07-20T02:25:33+00:00","mainEntityOfPage":{"@id":"https:\/\/www.travel3.com.br\/site\/sem-categoria\/grupos-europeus-os-mais-atraidos-no-leilao-dos-4-aeroportos\/"},"wordCount":293,"commentCount":0,"publisher":{"@id":"https:\/\/www.travel3.com.br\/site\/#organization"},"inLanguage":"pt-BR","potentialAction":[{"@type":"CommentAction","name":"Comment","target":["https:\/\/www.travel3.com.br\/site\/sem-categoria\/grupos-europeus-os-mais-atraidos-no-leilao-dos-4-aeroportos\/#respond"]}]},{"@type":"WebPage","@id":"https:\/\/www.travel3.com.br\/site\/sem-categoria\/grupos-europeus-os-mais-atraidos-no-leilao-dos-4-aeroportos\/","url":"https:\/\/www.travel3.com.br\/site\/sem-categoria\/grupos-europeus-os-mais-atraidos-no-leilao-dos-4-aeroportos\/","name":"GRUPOS EUROPEUS OS MAIS ATRA\u00cdDOS NO LEIL\u00c3O DOS 4 AEROPORTOS - Travel3","isPartOf":{"@id":"https:\/\/www.travel3.com.br\/site\/#website"},"datePublished":"2017-07-20T02:25:33+00:00","description":"A TRAVEL3 \u00e9 um portal de conte\u00fado voltado para o turismo, encontre destinos, viagens, hospedagem, passagens, guias, not\u00edcias sobre o mercado do turismo, dicas de viagem, v\u00eddeos e podcast.","breadcrumb":{"@id":"https:\/\/www.travel3.com.br\/site\/sem-categoria\/grupos-europeus-os-mais-atraidos-no-leilao-dos-4-aeroportos\/#breadcrumb"},"inLanguage":"pt-BR","potentialAction":[{"@type":"ReadAction","target":["https:\/\/www.travel3.com.br\/site\/sem-categoria\/grupos-europeus-os-mais-atraidos-no-leilao-dos-4-aeroportos\/"]}]},{"@type":"BreadcrumbList","@id":"https:\/\/www.travel3.com.br\/site\/sem-categoria\/grupos-europeus-os-mais-atraidos-no-leilao-dos-4-aeroportos\/#breadcrumb","itemListElement":[{"@type":"ListItem","position":1,"name":"In\u00edcio","item":"https:\/\/www.travel3.com.br\/site\/"},{"@type":"ListItem","position":2,"name":"GRUPOS EUROPEUS OS MAIS ATRA\u00cdDOS NO LEIL\u00c3O DOS 4 AEROPORTOS"}]},{"@type":"WebSite","@id":"https:\/\/www.travel3.com.br\/site\/#website","url":"https:\/\/www.travel3.com.br\/site\/","name":"Travel3","description":"Lazer + Neg&oacute;cios + Aventura","publisher":{"@id":"https:\/\/www.travel3.com.br\/site\/#organization"},"potentialAction":[{"@type":"SearchAction","target":{"@type":"EntryPoint","urlTemplate":"https:\/\/www.travel3.com.br\/site\/?s={search_term_string}"},"query-input":{"@type":"PropertyValueSpecification","valueRequired":true,"valueName":"search_term_string"}}],"inLanguage":"pt-BR"},{"@type":"Organization","@id":"https:\/\/www.travel3.com.br\/site\/#organization","name":"Travel3","url":"https:\/\/www.travel3.com.br\/site\/","logo":{"@type":"ImageObject","inLanguage":"pt-BR","@id":"https:\/\/www.travel3.com.br\/site\/#\/schema\/logo\/image\/","url":"https:\/\/www.travel3.com.br\/site\/wp-content\/uploads\/2020\/01\/logo-travel3-2020.png","contentUrl":"https:\/\/www.travel3.com.br\/site\/wp-content\/uploads\/2020\/01\/logo-travel3-2020.png","width":232,"height":79,"caption":"Travel3"},"image":{"@id":"https:\/\/www.travel3.com.br\/site\/#\/schema\/logo\/image\/"},"sameAs":["https:\/\/www.facebook.com\/travel3media\/","https:\/\/www.instagram.com\/revistatravel3\/","https:\/\/www.youtube.com\/channel\/UCno7J4paGBR3VbZQzvoJ9Eg"]},{"@type":"Person","@id":"https:\/\/www.travel3.com.br\/site\/#\/schema\/person\/a69d71e41a024999b6ab82369ac0bd1e","name":"admin","image":{"@type":"ImageObject","inLanguage":"pt-BR","@id":"https:\/\/www.travel3.com.br\/site\/#\/schema\/person\/image\/","url":"https:\/\/secure.gravatar.com\/avatar\/732a67adfd764da2a47ba10ce731c4c0?s=96&d=mm&r=g","contentUrl":"https:\/\/secure.gravatar.com\/avatar\/732a67adfd764da2a47ba10ce731c4c0?s=96&d=mm&r=g","caption":"admin"},"url":"https:\/\/www.travel3.com.br\/site\/author\/admin\/"}]}},"_links":{"self":[{"href":"https:\/\/www.travel3.com.br\/site\/wp-json\/wp\/v2\/posts\/2392","targetHints":{"allow":["GET"]}}],"collection":[{"href":"https:\/\/www.travel3.com.br\/site\/wp-json\/wp\/v2\/posts"}],"about":[{"href":"https:\/\/www.travel3.com.br\/site\/wp-json\/wp\/v2\/types\/post"}],"author":[{"embeddable":true,"href":"https:\/\/www.travel3.com.br\/site\/wp-json\/wp\/v2\/users\/1"}],"replies":[{"embeddable":true,"href":"https:\/\/www.travel3.com.br\/site\/wp-json\/wp\/v2\/comments?post=2392"}],"version-history":[{"count":0,"href":"https:\/\/www.travel3.com.br\/site\/wp-json\/wp\/v2\/posts\/2392\/revisions"}],"wp:attachment":[{"href":"https:\/\/www.travel3.com.br\/site\/wp-json\/wp\/v2\/media?parent=2392"}],"wp:term":[{"taxonomy":"category","embeddable":true,"href":"https:\/\/www.travel3.com.br\/site\/wp-json\/wp\/v2\/categories?post=2392"},{"taxonomy":"post_tag","embeddable":true,"href":"https:\/\/www.travel3.com.br\/site\/wp-json\/wp\/v2\/tags?post=2392"}],"curies":[{"name":"wp","href":"https:\/\/api.w.org\/{rel}","templated":true}]}}