{"id":2343,"date":"2017-08-27T23:38:56","date_gmt":"2017-08-27T23:38:56","guid":{"rendered":"http:\/\/www.travel3.com.br\/site\/ir-e-vir\/ar\/comecou-o-ix-congresso-brasileiro-de-convention-visitors-bureau\/"},"modified":"2017-08-27T23:38:56","modified_gmt":"2017-08-27T23:38:56","slug":"comecou-o-ix-congresso-brasileiro-de-convention-visitors-bureau","status":"publish","type":"post","link":"https:\/\/www.travel3.com.br\/site\/sem-categoria\/comecou-o-ix-congresso-brasileiro-de-convention-visitors-bureau\/","title":{"rendered":"COME\u00c7OU O IX CONGRESSO BRASILEIRO DE CONVENTION &#038; VISITORS BUREAU"},"content":{"rendered":"<p><span style=\"color: #40acad; font-family: -apple-system, system-ui, 'Segoe UI', Roboto, Oxygen-Sans, Ubuntu, Cantarell, 'Helvetica Neue', sans-serif; font-size: 12px; font-weight: bold;\"><\/p>\n<p style=\"text-align:justify\"><strong>RIO DE JANEIRO <\/strong>\u2013 O \u00a0IX Congresso Brasileiro de Convention &#038; Visitors Bureaux que ir\u00e1 receber autoridades e empres\u00e1rios da cadeia produtiva do turismo teve inicio na tarde de hoje, no final do Ver\u00e3o carioca\u00a0 e segue at\u00e9 ter\u00e7a (21) j\u00e1 em pleno Outono..<\/p>\n<p style=\"text-align:justify\"><a class=\"fancybox-media\" href=\"..\/_uploads\/_noticia\/2017-03\/riocomcristofotoricardostuckert.jpg\" rel=\"portfolio\"><img decoding=\"async\" alt=\"\" src=\"..\/_uploads\/_noticia\/2017-03\/riocomcristofotoricardostuckert.jpg\" \/><\/a> O domingo foi de atividades com a Assembl\u00e9ia Geral, seguida da sess\u00e3o de Planejamento Estrat\u00e9gico.<\/p>\n<p style=\"text-align:justify\">Na manh\u00e3 desta segunda, o evento na sede da OAB-RJ bem em frente do Aeroporto Santos Dumont,\u00a0 no Rio, ganha programa\u00e7\u00e3o a partir das 10 horas, com a solenidade de abertura. O presidente M\u00e1rcio Santiago est\u00e1 confiante no sucesso da iniciativa, e espera por mais de 150 participantes entre os parceiros dos conventions pelo Pais e convidados.<\/p>\n<p style=\"text-align:justify\">Na programa\u00e7\u00e3o, o\u00a0 primeiro palestrante ser\u00e1 o professor Carlos Manuel Martins Costa que ter\u00e1 sua explana\u00e7\u00e3o sobre \u2018Modelos Estrat\u00e9gias e Pr\u00e1ticas Empresarias para o Setor do Turismo do Futuro e o papel dos Business Conventions\u2019.<\/p>\n<p style=\"text-align:justify\">Seguir\u00e3o \u00e0 tarde, os seguintes palestrantes e temas de interesse:<\/p>\n<p style=\"text-align:justify\">14:00hs: O DIREITO E A PROMO\u00c7\u00c3O TUR\u00cdSTICA &#8211; DR. HAMILTON VASCONCELOS &#8211; Presidente da Comiss\u00e3o de Turismo da OAB-RJ<\/p>\n<p style=\"text-align:justify\">14:45hs &#8211; TURISMO E A LEI DE CONCESS\u00d5ES DE UNIDADES DE CONSERVA\u00c7\u00d5ES &#8211;\u00a0ROMILDO CAMPELO &#8211; Secret\u00e1rio adjunto da Secretaria de Turismo do Estado de S\u00e3o Paulo.<\/p>\n<p style=\"text-align:justify\">15:20hs &#8211; EVENTOS, TENDENCIAS, NICHOS E INOVA\u00c7\u00c3O. &#8211; ANA CLAUDIA BITENCOURT &#8211; Presidente da ABEOC Brasil<\/p>\n<p style=\"text-align:justify\">16:00hs &#8211; DEFESA DE INTERESSE DOS HOT\u00c9IS, RESTAURANTES, BARES E SIMILARES NO CONGRESSO NACIONAL.\u00a0&#8211; \u00a0RICARDO RIELO.<\/p>\n<p style=\"text-align:justify\">16:40hs &#8211; ATITUDES QUE TRANSFORMAM O TURISMO &#8211;\u00a0 MAGDA NASSAR e MONICA SAMIA &#8211;\u00a0 Presidente e CEO da BRAZTOA<\/p>\n<p style=\"text-align:justify\">17:30hs &#8211; COMO ALAVANCAR O TURISMO ATRAV\u00c9S DO MARKETING &#8211; MARCELO ALVES &#8211; Presidente da RIOTUR-Empresa de Turismo do Munic\u00edpio do Rio de Janeiro<\/p>\n<p style=\"text-align:justify\">Para a ter\u00e7a, outras dez palestras est\u00e3o agendadas, haver\u00e1 tamb\u00e9m a escolha da sede para o pr\u00f3ximo congresso nacional e o Brasil Convention &#038; Visitors Bureau prestar\u00e1 homenagens.<\/p>\n<p style=\"text-align:justify\">A entidade anfitri\u00e3 do evento \u00e9 a Federa\u00e7\u00e3o de Convention &#038; Visitors Bureau do Rio de Janeiro e como apoiadoras as Federa\u00e7\u00f5es Estaduais de C&#038;VB de Minas Gerais, Bahia, Rio Grande do Sul, Santa Catarina, Paran\u00e1, Mato Grosso do Sul, Distrito Federal, Goi\u00e1s, Cear\u00e1 e S\u00e3o Paulo.<\/p>\n<p style=\"text-align:justify\">O Congresso Brasileiro dos Conventions tem o apoio oficial da CNC-Confedera\u00e7\u00e3o Nacional do Comercio: \u00a0OAB-Ordem dos Advogados do Brasil-RJ,\u00a0RIOTUR\u00a0&#8211; Empresa de Turismo do Munic\u00edpio do Rio de Janeiro\u00a0, \u00a0ABEOC-Associa\u00e7\u00e3o Brasileira de Empresas de Eventos,\u00a0ABRASEL-Associa\u00e7\u00e3o Brasileira de Bares e Restaurantes,\u00a0ABIH- \u00a0Associa\u00e7\u00e3o Brasileira de Industria de Hot\u00e9is;,\u00a0BRAZTOA-Associa\u00e7\u00e3o Brasileira de Operadoras de Turismo,\u00a0SINDILOJAS\u00a0&#8211; Sindicato dos Lojistas do Com\u00e9rcio do Munic\u00edpio do Rio de Janeiro, \u00a0\u00a0\u00a0SEBRAE\u00a0&#8211; Servi\u00e7o Brasileiro de Apoio \u00e0s Micro e Pequenas Empresas, \u00a0UFF-Universidade Federal Fluminense,\u00a0ABBTUR\u00a0&#8211; Associa\u00e7\u00e3o Brasileira de Bachareis em Turismo,\u00a0BITO\u00a0&#8211; Associa\u00e7\u00e3o Brasileira de Turismo Receptivo Internacional,\u00a0MINIST\u00c9RIO DO TURISMO,\u00a0CDL\u00a0&#8211; Clube de Diretores Lojistas do Rio de Janeiro,SETUR\u00a0&#8211; Secretaria de Turismo do Estado do Rio de Janeiro,\u00a0\u00a0FBHA-Federa\u00e7\u00e3o Brasileira de Hospedagem e Alimenta\u00e7\u00e3o,\u00a0TURISRIO\u00a0&#8211; Companhia de Turismo do Estado do Rio de Janeiro,\u00a0PMRJ-\u00a0Prefeitura Municipal do Rio de Janeiro e \u00a0MHN\u00a0e \u00a0Museu Hist\u00f3rico Nacional.<\/p>\n<p>\u00a0<\/p>\n<p>\u00a0<\/p>\n<p><\/span><\/p>\n","protected":false},"excerpt":{"rendered":"<p>Nos pr\u00f3ximos dois dias, uma ampla an\u00e1lise sobre a situa\u00e7\u00e3o do turismo brasileiro em temas diversos e tamb\u00e9m da \u00e1rea especifica<\/p>\n","protected":false},"author":1,"featured_media":0,"comment_status":"open","ping_status":"open","sticky":false,"template":"","format":"standard","meta":{"footnotes":""},"categories":[],"tags":[],"class_list":["post-2343","post","type-post","status-publish","format-standard","hentry"],"yoast_head":"<!-- This site is optimized with the Yoast SEO plugin v26.2 - https:\/\/yoast.com\/wordpress\/plugins\/seo\/ -->\n<title>COME\u00c7OU O IX CONGRESSO BRASILEIRO DE CONVENTION &amp; VISITORS BUREAU - Travel3<\/title>\n<meta name=\"description\" content=\"A TRAVEL3 \u00e9 um portal de conte\u00fado voltado para o turismo, encontre destinos, viagens, hospedagem, passagens, guias, not\u00edcias sobre o mercado do turismo, dicas de viagem, v\u00eddeos e podcast.\" \/>\n<meta name=\"robots\" content=\"index, follow, max-snippet:-1, max-image-preview:large, max-video-preview:-1\" \/>\n<link rel=\"canonical\" href=\"https:\/\/www.travel3.com.br\/site\/sem-categoria\/comecou-o-ix-congresso-brasileiro-de-convention-visitors-bureau\/\" \/>\n<meta property=\"og:locale\" content=\"pt_BR\" \/>\n<meta property=\"og:type\" content=\"article\" \/>\n<meta property=\"og:title\" content=\"COME\u00c7OU O IX CONGRESSO BRASILEIRO DE CONVENTION &amp; VISITORS BUREAU - Travel3\" \/>\n<meta property=\"og:description\" content=\"A TRAVEL3 \u00e9 um portal de conte\u00fado voltado para o turismo, encontre destinos, viagens, hospedagem, passagens, guias, not\u00edcias sobre o mercado do turismo, dicas de viagem, v\u00eddeos e podcast.\" \/>\n<meta property=\"og:url\" content=\"https:\/\/www.travel3.com.br\/site\/sem-categoria\/comecou-o-ix-congresso-brasileiro-de-convention-visitors-bureau\/\" \/>\n<meta property=\"og:site_name\" content=\"Travel3\" \/>\n<meta property=\"article:publisher\" content=\"https:\/\/www.facebook.com\/travel3media\/\" \/>\n<meta property=\"article:published_time\" content=\"2017-08-27T23:38:56+00:00\" \/>\n<meta name=\"author\" content=\"admin\" \/>\n<meta name=\"twitter:card\" content=\"summary_large_image\" \/>\n<meta name=\"twitter:label1\" content=\"Escrito por\" \/>\n\t<meta name=\"twitter:data1\" content=\"admin\" \/>\n\t<meta name=\"twitter:label2\" content=\"Est. tempo de leitura\" \/>\n\t<meta name=\"twitter:data2\" content=\"3 minutos\" \/>\n<script type=\"application\/ld+json\" class=\"yoast-schema-graph\">{\"@context\":\"https:\/\/schema.org\",\"@graph\":[{\"@type\":\"Article\",\"@id\":\"https:\/\/www.travel3.com.br\/site\/sem-categoria\/comecou-o-ix-congresso-brasileiro-de-convention-visitors-bureau\/#article\",\"isPartOf\":{\"@id\":\"https:\/\/www.travel3.com.br\/site\/sem-categoria\/comecou-o-ix-congresso-brasileiro-de-convention-visitors-bureau\/\"},\"author\":{\"name\":\"admin\",\"@id\":\"https:\/\/www.travel3.com.br\/site\/#\/schema\/person\/a69d71e41a024999b6ab82369ac0bd1e\"},\"headline\":\"COME\u00c7OU O IX CONGRESSO BRASILEIRO DE CONVENTION &#038; VISITORS BUREAU\",\"datePublished\":\"2017-08-27T23:38:56+00:00\",\"mainEntityOfPage\":{\"@id\":\"https:\/\/www.travel3.com.br\/site\/sem-categoria\/comecou-o-ix-congresso-brasileiro-de-convention-visitors-bureau\/\"},\"wordCount\":560,\"commentCount\":0,\"publisher\":{\"@id\":\"https:\/\/www.travel3.com.br\/site\/#organization\"},\"inLanguage\":\"pt-BR\",\"potentialAction\":[{\"@type\":\"CommentAction\",\"name\":\"Comment\",\"target\":[\"https:\/\/www.travel3.com.br\/site\/sem-categoria\/comecou-o-ix-congresso-brasileiro-de-convention-visitors-bureau\/#respond\"]}]},{\"@type\":\"WebPage\",\"@id\":\"https:\/\/www.travel3.com.br\/site\/sem-categoria\/comecou-o-ix-congresso-brasileiro-de-convention-visitors-bureau\/\",\"url\":\"https:\/\/www.travel3.com.br\/site\/sem-categoria\/comecou-o-ix-congresso-brasileiro-de-convention-visitors-bureau\/\",\"name\":\"COME\u00c7OU O IX CONGRESSO BRASILEIRO DE CONVENTION & VISITORS BUREAU - Travel3\",\"isPartOf\":{\"@id\":\"https:\/\/www.travel3.com.br\/site\/#website\"},\"datePublished\":\"2017-08-27T23:38:56+00:00\",\"description\":\"A TRAVEL3 \u00e9 um portal de conte\u00fado voltado para o turismo, encontre destinos, viagens, hospedagem, passagens, guias, not\u00edcias sobre o mercado do turismo, dicas de viagem, v\u00eddeos e podcast.\",\"breadcrumb\":{\"@id\":\"https:\/\/www.travel3.com.br\/site\/sem-categoria\/comecou-o-ix-congresso-brasileiro-de-convention-visitors-bureau\/#breadcrumb\"},\"inLanguage\":\"pt-BR\",\"potentialAction\":[{\"@type\":\"ReadAction\",\"target\":[\"https:\/\/www.travel3.com.br\/site\/sem-categoria\/comecou-o-ix-congresso-brasileiro-de-convention-visitors-bureau\/\"]}]},{\"@type\":\"BreadcrumbList\",\"@id\":\"https:\/\/www.travel3.com.br\/site\/sem-categoria\/comecou-o-ix-congresso-brasileiro-de-convention-visitors-bureau\/#breadcrumb\",\"itemListElement\":[{\"@type\":\"ListItem\",\"position\":1,\"name\":\"In\u00edcio\",\"item\":\"https:\/\/www.travel3.com.br\/site\/\"},{\"@type\":\"ListItem\",\"position\":2,\"name\":\"COME\u00c7OU O IX CONGRESSO BRASILEIRO DE CONVENTION &#038; VISITORS BUREAU\"}]},{\"@type\":\"WebSite\",\"@id\":\"https:\/\/www.travel3.com.br\/site\/#website\",\"url\":\"https:\/\/www.travel3.com.br\/site\/\",\"name\":\"Travel3\",\"description\":\"Lazer + Neg&oacute;cios + Aventura\",\"publisher\":{\"@id\":\"https:\/\/www.travel3.com.br\/site\/#organization\"},\"potentialAction\":[{\"@type\":\"SearchAction\",\"target\":{\"@type\":\"EntryPoint\",\"urlTemplate\":\"https:\/\/www.travel3.com.br\/site\/?s={search_term_string}\"},\"query-input\":{\"@type\":\"PropertyValueSpecification\",\"valueRequired\":true,\"valueName\":\"search_term_string\"}}],\"inLanguage\":\"pt-BR\"},{\"@type\":\"Organization\",\"@id\":\"https:\/\/www.travel3.com.br\/site\/#organization\",\"name\":\"Travel3\",\"url\":\"https:\/\/www.travel3.com.br\/site\/\",\"logo\":{\"@type\":\"ImageObject\",\"inLanguage\":\"pt-BR\",\"@id\":\"https:\/\/www.travel3.com.br\/site\/#\/schema\/logo\/image\/\",\"url\":\"https:\/\/www.travel3.com.br\/site\/wp-content\/uploads\/2020\/01\/logo-travel3-2020.png\",\"contentUrl\":\"https:\/\/www.travel3.com.br\/site\/wp-content\/uploads\/2020\/01\/logo-travel3-2020.png\",\"width\":232,\"height\":79,\"caption\":\"Travel3\"},\"image\":{\"@id\":\"https:\/\/www.travel3.com.br\/site\/#\/schema\/logo\/image\/\"},\"sameAs\":[\"https:\/\/www.facebook.com\/travel3media\/\",\"https:\/\/www.instagram.com\/revistatravel3\/\",\"https:\/\/www.youtube.com\/channel\/UCno7J4paGBR3VbZQzvoJ9Eg\"]},{\"@type\":\"Person\",\"@id\":\"https:\/\/www.travel3.com.br\/site\/#\/schema\/person\/a69d71e41a024999b6ab82369ac0bd1e\",\"name\":\"admin\",\"image\":{\"@type\":\"ImageObject\",\"inLanguage\":\"pt-BR\",\"@id\":\"https:\/\/www.travel3.com.br\/site\/#\/schema\/person\/image\/\",\"url\":\"https:\/\/secure.gravatar.com\/avatar\/732a67adfd764da2a47ba10ce731c4c0?s=96&d=mm&r=g\",\"contentUrl\":\"https:\/\/secure.gravatar.com\/avatar\/732a67adfd764da2a47ba10ce731c4c0?s=96&d=mm&r=g\",\"caption\":\"admin\"},\"url\":\"https:\/\/www.travel3.com.br\/site\/author\/admin\/\"}]}<\/script>\n<!-- \/ Yoast SEO plugin. -->","yoast_head_json":{"title":"COME\u00c7OU O IX CONGRESSO BRASILEIRO DE CONVENTION & VISITORS BUREAU - Travel3","description":"A TRAVEL3 \u00e9 um portal de conte\u00fado voltado para o turismo, encontre destinos, viagens, hospedagem, passagens, guias, not\u00edcias sobre o mercado do turismo, dicas de viagem, v\u00eddeos e podcast.","robots":{"index":"index","follow":"follow","max-snippet":"max-snippet:-1","max-image-preview":"max-image-preview:large","max-video-preview":"max-video-preview:-1"},"canonical":"https:\/\/www.travel3.com.br\/site\/sem-categoria\/comecou-o-ix-congresso-brasileiro-de-convention-visitors-bureau\/","og_locale":"pt_BR","og_type":"article","og_title":"COME\u00c7OU O IX CONGRESSO BRASILEIRO DE CONVENTION & VISITORS BUREAU - Travel3","og_description":"A TRAVEL3 \u00e9 um portal de conte\u00fado voltado para o turismo, encontre destinos, viagens, hospedagem, passagens, guias, not\u00edcias sobre o mercado do turismo, dicas de viagem, v\u00eddeos e podcast.","og_url":"https:\/\/www.travel3.com.br\/site\/sem-categoria\/comecou-o-ix-congresso-brasileiro-de-convention-visitors-bureau\/","og_site_name":"Travel3","article_publisher":"https:\/\/www.facebook.com\/travel3media\/","article_published_time":"2017-08-27T23:38:56+00:00","author":"admin","twitter_card":"summary_large_image","twitter_misc":{"Escrito por":"admin","Est. tempo de leitura":"3 minutos"},"schema":{"@context":"https:\/\/schema.org","@graph":[{"@type":"Article","@id":"https:\/\/www.travel3.com.br\/site\/sem-categoria\/comecou-o-ix-congresso-brasileiro-de-convention-visitors-bureau\/#article","isPartOf":{"@id":"https:\/\/www.travel3.com.br\/site\/sem-categoria\/comecou-o-ix-congresso-brasileiro-de-convention-visitors-bureau\/"},"author":{"name":"admin","@id":"https:\/\/www.travel3.com.br\/site\/#\/schema\/person\/a69d71e41a024999b6ab82369ac0bd1e"},"headline":"COME\u00c7OU O IX CONGRESSO BRASILEIRO DE CONVENTION &#038; VISITORS BUREAU","datePublished":"2017-08-27T23:38:56+00:00","mainEntityOfPage":{"@id":"https:\/\/www.travel3.com.br\/site\/sem-categoria\/comecou-o-ix-congresso-brasileiro-de-convention-visitors-bureau\/"},"wordCount":560,"commentCount":0,"publisher":{"@id":"https:\/\/www.travel3.com.br\/site\/#organization"},"inLanguage":"pt-BR","potentialAction":[{"@type":"CommentAction","name":"Comment","target":["https:\/\/www.travel3.com.br\/site\/sem-categoria\/comecou-o-ix-congresso-brasileiro-de-convention-visitors-bureau\/#respond"]}]},{"@type":"WebPage","@id":"https:\/\/www.travel3.com.br\/site\/sem-categoria\/comecou-o-ix-congresso-brasileiro-de-convention-visitors-bureau\/","url":"https:\/\/www.travel3.com.br\/site\/sem-categoria\/comecou-o-ix-congresso-brasileiro-de-convention-visitors-bureau\/","name":"COME\u00c7OU O IX CONGRESSO BRASILEIRO DE CONVENTION & VISITORS BUREAU - Travel3","isPartOf":{"@id":"https:\/\/www.travel3.com.br\/site\/#website"},"datePublished":"2017-08-27T23:38:56+00:00","description":"A TRAVEL3 \u00e9 um portal de conte\u00fado voltado para o turismo, encontre destinos, viagens, hospedagem, passagens, guias, not\u00edcias sobre o mercado do turismo, dicas de viagem, v\u00eddeos e podcast.","breadcrumb":{"@id":"https:\/\/www.travel3.com.br\/site\/sem-categoria\/comecou-o-ix-congresso-brasileiro-de-convention-visitors-bureau\/#breadcrumb"},"inLanguage":"pt-BR","potentialAction":[{"@type":"ReadAction","target":["https:\/\/www.travel3.com.br\/site\/sem-categoria\/comecou-o-ix-congresso-brasileiro-de-convention-visitors-bureau\/"]}]},{"@type":"BreadcrumbList","@id":"https:\/\/www.travel3.com.br\/site\/sem-categoria\/comecou-o-ix-congresso-brasileiro-de-convention-visitors-bureau\/#breadcrumb","itemListElement":[{"@type":"ListItem","position":1,"name":"In\u00edcio","item":"https:\/\/www.travel3.com.br\/site\/"},{"@type":"ListItem","position":2,"name":"COME\u00c7OU O IX CONGRESSO BRASILEIRO DE CONVENTION &#038; VISITORS BUREAU"}]},{"@type":"WebSite","@id":"https:\/\/www.travel3.com.br\/site\/#website","url":"https:\/\/www.travel3.com.br\/site\/","name":"Travel3","description":"Lazer + Neg&oacute;cios + Aventura","publisher":{"@id":"https:\/\/www.travel3.com.br\/site\/#organization"},"potentialAction":[{"@type":"SearchAction","target":{"@type":"EntryPoint","urlTemplate":"https:\/\/www.travel3.com.br\/site\/?s={search_term_string}"},"query-input":{"@type":"PropertyValueSpecification","valueRequired":true,"valueName":"search_term_string"}}],"inLanguage":"pt-BR"},{"@type":"Organization","@id":"https:\/\/www.travel3.com.br\/site\/#organization","name":"Travel3","url":"https:\/\/www.travel3.com.br\/site\/","logo":{"@type":"ImageObject","inLanguage":"pt-BR","@id":"https:\/\/www.travel3.com.br\/site\/#\/schema\/logo\/image\/","url":"https:\/\/www.travel3.com.br\/site\/wp-content\/uploads\/2020\/01\/logo-travel3-2020.png","contentUrl":"https:\/\/www.travel3.com.br\/site\/wp-content\/uploads\/2020\/01\/logo-travel3-2020.png","width":232,"height":79,"caption":"Travel3"},"image":{"@id":"https:\/\/www.travel3.com.br\/site\/#\/schema\/logo\/image\/"},"sameAs":["https:\/\/www.facebook.com\/travel3media\/","https:\/\/www.instagram.com\/revistatravel3\/","https:\/\/www.youtube.com\/channel\/UCno7J4paGBR3VbZQzvoJ9Eg"]},{"@type":"Person","@id":"https:\/\/www.travel3.com.br\/site\/#\/schema\/person\/a69d71e41a024999b6ab82369ac0bd1e","name":"admin","image":{"@type":"ImageObject","inLanguage":"pt-BR","@id":"https:\/\/www.travel3.com.br\/site\/#\/schema\/person\/image\/","url":"https:\/\/secure.gravatar.com\/avatar\/732a67adfd764da2a47ba10ce731c4c0?s=96&d=mm&r=g","contentUrl":"https:\/\/secure.gravatar.com\/avatar\/732a67adfd764da2a47ba10ce731c4c0?s=96&d=mm&r=g","caption":"admin"},"url":"https:\/\/www.travel3.com.br\/site\/author\/admin\/"}]}},"_links":{"self":[{"href":"https:\/\/www.travel3.com.br\/site\/wp-json\/wp\/v2\/posts\/2343","targetHints":{"allow":["GET"]}}],"collection":[{"href":"https:\/\/www.travel3.com.br\/site\/wp-json\/wp\/v2\/posts"}],"about":[{"href":"https:\/\/www.travel3.com.br\/site\/wp-json\/wp\/v2\/types\/post"}],"author":[{"embeddable":true,"href":"https:\/\/www.travel3.com.br\/site\/wp-json\/wp\/v2\/users\/1"}],"replies":[{"embeddable":true,"href":"https:\/\/www.travel3.com.br\/site\/wp-json\/wp\/v2\/comments?post=2343"}],"version-history":[{"count":0,"href":"https:\/\/www.travel3.com.br\/site\/wp-json\/wp\/v2\/posts\/2343\/revisions"}],"wp:attachment":[{"href":"https:\/\/www.travel3.com.br\/site\/wp-json\/wp\/v2\/media?parent=2343"}],"wp:term":[{"taxonomy":"category","embeddable":true,"href":"https:\/\/www.travel3.com.br\/site\/wp-json\/wp\/v2\/categories?post=2343"},{"taxonomy":"post_tag","embeddable":true,"href":"https:\/\/www.travel3.com.br\/site\/wp-json\/wp\/v2\/tags?post=2343"}],"curies":[{"name":"wp","href":"https:\/\/api.w.org\/{rel}","templated":true}]}}