{"id":2302,"date":"2017-08-25T01:09:19","date_gmt":"2017-08-25T01:09:19","guid":{"rendered":"http:\/\/www.travel3.com.br\/site\/ir-e-vir\/ar\/abih-mg-faz-balanco-e-convoca-eleicao-para-o-dia-7-de-abril\/"},"modified":"2017-08-25T01:09:19","modified_gmt":"2017-08-25T01:09:19","slug":"abih-mg-faz-balanco-e-convoca-eleicao-para-o-dia-7-de-abril","status":"publish","type":"post","link":"https:\/\/www.travel3.com.br\/site\/sem-categoria\/abih-mg-faz-balanco-e-convoca-eleicao-para-o-dia-7-de-abril\/","title":{"rendered":"ABIH MG FAZ BALAN\u00c7O E CONVOCA ELEI\u00c7\u00c3O PARA O DIA 7 DE ABRIL"},"content":{"rendered":"<p><span style=\"color: #40acad; font-family: -apple-system, system-ui, 'Segoe UI', Roboto, Oxygen-Sans, Ubuntu, Cantarell, 'Helvetica Neue', sans-serif; font-size: 12px; font-weight: bold;\"><\/p>\n<p><a class=\"fancybox-media\" href=\"..\/_uploads\/_noticia\/2017-03\/patricia-coutinho.jpg\" rel=\"portfolio\"><img decoding=\"async\" alt=\"\" src=\"..\/_uploads\/_noticia\/2017-03\/patricia-coutinho.jpg\" \/><\/a><strong>Patricia Coutinho, presidente da ABIH\/MG (Foto: Divulga\u00e7\u00e3o)<\/strong><\/p>\n<p style=\"text-align:justify\">Foi divulgado pela Associa\u00e7\u00e3o Brasileira da Ind\u00fastria de Hot\u00e9is de Minas Gerais \u2013 ABIH\/MG o edital de convoca\u00e7\u00e3o para a Assembleia Geral ordin\u00e1ria que ser\u00e1 realizada no dia 07 de abril de 2017. Na pauta, a apresenta\u00e7\u00e3o do relat\u00f3rio das atividades, a presta\u00e7\u00e3o de contas do exerc\u00edcio e a elei\u00e7\u00e3o da nova Diretoria e dos Conselhos Fiscal e Executivo. Poder\u00e3o votar os associados em dia com as suas obriga\u00e7\u00f5es.<\/p>\n<p style=\"text-align:justify\">Aproveitando a ocasi\u00e3o, a presidente Patr\u00edcia Coutinho fez um balan\u00e7o do trabalho desenvolvido frente a diretoria da Associa\u00e7\u00e3o:<\/p>\n<p style=\"text-align:justify\">\u201cEstamos chegando ao final de mais um mandato na ABIH MG. Foram quatro anos de muito trabalho, lutas, aprendizado, conquistas, gratid\u00e3o e um momento \u00fanico e delicado do turismo no cen\u00e1rio mineiro e nacional. Orgulha-nos ver que a Associa\u00e7\u00e3o Brasileira da Ind\u00fastria de Hot\u00e9is de Minas Gerais aumentou em 50% o n\u00famero de associados e alcan\u00e7ou o reconhecimento in\u00e9dito junto ao poder p\u00fablico, a imprensa e associados, com a profissionaliza\u00e7\u00e3o das pr\u00e1ticas da entidade e ajuizamento pioneiro de a\u00e7\u00f5es judiciais em nome do coletivo.<\/p>\n<p style=\"text-align:justify\">Mesmo com tantas dificuldades econ\u00f4micas, contabilizamos 46 novos associados e comemoramos o retorno de outros. Retomamos a interioriza\u00e7\u00e3o da entidade com a implanta\u00e7\u00e3o de diretorias regionais nas cidades de Juiz de Fora, Pouso Alegre, Montes Claros, Tiradentes e Ouro Preto.<\/p>\n<p style=\"text-align:justify\">Reinserimos a ABIH MG nos debates da hotelaria de \u00e2mbito nacional, com participa\u00e7\u00e3o ativa nas assembleias nacionais, chegando a reunir na capital mineira representantes das 18 ABIH\u00b4S estaduais para discutir n\u00e3o apenas o rumo da ABIH Nacional como tamb\u00e9m assuntos de grande relev\u00e2ncia para o setor como a regulariza\u00e7\u00e3o dos jogos de azar, OTA\u00b4s, AIRBNB, a cobran\u00e7a indevida da taxa de direitos autorais pelo ECAD, entre outros.\u00a0<\/p>\n<p style=\"text-align:justify\">O aumento de ICMS de 18 para 25% no estado tamb\u00e9m resultou em outra a\u00e7\u00e3o judicial em nome dos associados. Pleitos junto \u00e0 COPASA, CEMIG, Secretaria Estadual da Fazenda, prefeituras, foram apresentados tendo em vista a redu\u00e7\u00e3o de custos sobre os insumos e \u00e0 equipara\u00e7\u00e3o em termos tribut\u00e1rios \u00e0 ind\u00fastria. Tamb\u00e9m foram objeto de in\u00fameras agendas, junto ao poder p\u00fablico municipal, os pedidos de isen\u00e7\u00f5es e aux\u00edlio \u00e0 hotelaria da capital que sofre com a super oferta e o fechamento de v\u00e1rios empreendimentos hoteleiros. Ainda nos engajamos na promo\u00e7\u00e3o da sa\u00fade, por meio da ades\u00e3o ao combate do mosquito aedes aegypti e do enfrentamento a explora\u00e7\u00e3o sexual infantil. Ambos, trabalhos de conscientiza\u00e7\u00e3o.<\/p>\n<p style=\"text-align:justify\">Vivenciamos momentos hist\u00f3ricos para o turismo brasileiro com a realiza\u00e7\u00e3o da Copa 2014 e das Olimp\u00edadas. Foi preciso unir iniciativa privada e poder p\u00fablico para sermos considerados um destino seguro e vi\u00e1vel. Reuni\u00f5es e capacita\u00e7\u00e3o foram grandes demandas da \u00e9poca. Um ac\u00famulo de expectativas, sonhos e perspectivas que se tornaram desafios p\u00f3s eventos e com o advento da crise econ\u00f4mica.<\/p>\n<p style=\"text-align:justify\">Foram in\u00fameras audi\u00eancias p\u00fablicas, reuni\u00f5es, entrevistas, debates e algumas tomadas de decis\u00f5es. Sinal de que muito ainda precisa ser feito e de que outras lutas ainda vir\u00e3o.<\/p>\n<p style=\"text-align:justify\">Mas ao longo desses anos, al\u00e9m das lutas e dos desafios, tamb\u00e9m foi preciso arrumar a casa para podermos trabalhar de forma transparente. Come\u00e7amos renovando a nossa equipe de colaboradores e atualizando o mailing dos associados e dos meios de hospedagem do estado de forma geral. Investimos na aquisi\u00e7\u00e3o de novos computadores, impressoras e at\u00e9 mesmo na aquisi\u00e7\u00e3o de novos aparelhos telef\u00f4nicos. Modernizamos tamb\u00e9m nossa forma de ades\u00e3o e de contribui\u00e7\u00e3o dos associados por meio da ado\u00e7\u00e3o de boleto banc\u00e1rio.<\/p>\n<p style=\"text-align:justify\">Para dar uma identidade a nova forma de gest\u00e3o adotada criamos um novo site e tamb\u00e9m um boletim eletr\u00f4nico (newsletter) para fazer com que as novidades, not\u00edcias e mudan\u00e7as pudessem alcan\u00e7ar a todos. E por falar em not\u00edcias, nos tornamos refer\u00eancia para entrevistas e no levantamento de dados para a imprensa. A utiliza\u00e7\u00e3o de ferramentas para a consolida\u00e7\u00e3o de dados sobre o setor, como a Cesta Competitiva, tamb\u00e9m foi fundamental. Lan\u00e7amos no software a possibilidade de previs\u00e3o da ocupa\u00e7\u00e3o para o m\u00eas subsequente ao atual, a fim de prever alta ocupa\u00e7\u00e3o e de contribuir para a melhoria do valor da di\u00e1ria m\u00e9dia; aqui reconhecendo que muito ainda precisa ser aprimorado.<\/p>\n<p style=\"text-align:justify\">Investimos na participa\u00e7\u00e3o de road shows no Rio de Janeiro e em S\u00e3o Paulo para divulgar o destino Minas Gerais\/Belo Horizonte junto ao poder p\u00fablico e demais entidades.<\/p>\n<p style=\"text-align:justify\">A caminhada foi longa, mas se tornou mais leve e prazerosa com o apoio e trabalho de toda a diretoria e a crescente participa\u00e7\u00e3o daqueles que lutam pelo fortalecimento do nosso setor e pelo futuro da hotelaria.<\/p>\n<p style=\"text-align:justify\">Poder fazer algo a mais pela hotelaria e tornar minha algumas lutas t\u00e3o importantes para o crescimento e desenvolvimento da nossa economia e do nosso pa\u00eds foi gratificante. Sigamos em frente cheios de esperan\u00e7a e acreditando cada vez mais em dias melhores\u201d. \u00a0<\/p>\n<p><\/span><\/p>\n","protected":false},"excerpt":{"rendered":"<p>Poder\u00e3o votar os associados em dia com as suas obriga\u00e7\u00f5es; para a elei\u00e7\u00e3o, as chapas poder\u00e3o ser inscritas at\u00e9 as 18h de 31 de mar\u00e7o<\/p>\n","protected":false},"author":1,"featured_media":0,"comment_status":"open","ping_status":"open","sticky":false,"template":"","format":"standard","meta":{"footnotes":""},"categories":[],"tags":[],"class_list":["post-2302","post","type-post","status-publish","format-standard","hentry"],"yoast_head":"<!-- This site is optimized with the Yoast SEO plugin v26.2 - https:\/\/yoast.com\/wordpress\/plugins\/seo\/ -->\n<title>ABIH MG FAZ BALAN\u00c7O E CONVOCA ELEI\u00c7\u00c3O PARA O DIA 7 DE ABRIL - Travel3<\/title>\n<meta name=\"description\" content=\"A TRAVEL3 \u00e9 um portal de conte\u00fado voltado para o turismo, encontre destinos, viagens, hospedagem, passagens, guias, not\u00edcias sobre o mercado do turismo, dicas de viagem, v\u00eddeos e podcast.\" \/>\n<meta name=\"robots\" content=\"index, follow, max-snippet:-1, max-image-preview:large, max-video-preview:-1\" \/>\n<link rel=\"canonical\" href=\"https:\/\/www.travel3.com.br\/site\/sem-categoria\/abih-mg-faz-balanco-e-convoca-eleicao-para-o-dia-7-de-abril\/\" \/>\n<meta property=\"og:locale\" content=\"pt_BR\" \/>\n<meta property=\"og:type\" content=\"article\" \/>\n<meta property=\"og:title\" content=\"ABIH MG FAZ BALAN\u00c7O E CONVOCA ELEI\u00c7\u00c3O PARA O DIA 7 DE ABRIL - Travel3\" \/>\n<meta property=\"og:description\" content=\"A TRAVEL3 \u00e9 um portal de conte\u00fado voltado para o turismo, encontre destinos, viagens, hospedagem, passagens, guias, not\u00edcias sobre o mercado do turismo, dicas de viagem, v\u00eddeos e podcast.\" \/>\n<meta property=\"og:url\" content=\"https:\/\/www.travel3.com.br\/site\/sem-categoria\/abih-mg-faz-balanco-e-convoca-eleicao-para-o-dia-7-de-abril\/\" \/>\n<meta property=\"og:site_name\" content=\"Travel3\" \/>\n<meta property=\"article:publisher\" content=\"https:\/\/www.facebook.com\/travel3media\/\" \/>\n<meta property=\"article:published_time\" content=\"2017-08-25T01:09:19+00:00\" \/>\n<meta name=\"author\" content=\"admin\" \/>\n<meta name=\"twitter:card\" content=\"summary_large_image\" \/>\n<meta name=\"twitter:label1\" content=\"Escrito por\" \/>\n\t<meta name=\"twitter:data1\" content=\"admin\" \/>\n\t<meta name=\"twitter:label2\" content=\"Est. tempo de leitura\" \/>\n\t<meta name=\"twitter:data2\" content=\"4 minutos\" \/>\n<script type=\"application\/ld+json\" class=\"yoast-schema-graph\">{\"@context\":\"https:\/\/schema.org\",\"@graph\":[{\"@type\":\"Article\",\"@id\":\"https:\/\/www.travel3.com.br\/site\/sem-categoria\/abih-mg-faz-balanco-e-convoca-eleicao-para-o-dia-7-de-abril\/#article\",\"isPartOf\":{\"@id\":\"https:\/\/www.travel3.com.br\/site\/sem-categoria\/abih-mg-faz-balanco-e-convoca-eleicao-para-o-dia-7-de-abril\/\"},\"author\":{\"name\":\"admin\",\"@id\":\"https:\/\/www.travel3.com.br\/site\/#\/schema\/person\/a69d71e41a024999b6ab82369ac0bd1e\"},\"headline\":\"ABIH MG FAZ BALAN\u00c7O E CONVOCA ELEI\u00c7\u00c3O PARA O DIA 7 DE ABRIL\",\"datePublished\":\"2017-08-25T01:09:19+00:00\",\"mainEntityOfPage\":{\"@id\":\"https:\/\/www.travel3.com.br\/site\/sem-categoria\/abih-mg-faz-balanco-e-convoca-eleicao-para-o-dia-7-de-abril\/\"},\"wordCount\":894,\"commentCount\":0,\"publisher\":{\"@id\":\"https:\/\/www.travel3.com.br\/site\/#organization\"},\"inLanguage\":\"pt-BR\",\"potentialAction\":[{\"@type\":\"CommentAction\",\"name\":\"Comment\",\"target\":[\"https:\/\/www.travel3.com.br\/site\/sem-categoria\/abih-mg-faz-balanco-e-convoca-eleicao-para-o-dia-7-de-abril\/#respond\"]}]},{\"@type\":\"WebPage\",\"@id\":\"https:\/\/www.travel3.com.br\/site\/sem-categoria\/abih-mg-faz-balanco-e-convoca-eleicao-para-o-dia-7-de-abril\/\",\"url\":\"https:\/\/www.travel3.com.br\/site\/sem-categoria\/abih-mg-faz-balanco-e-convoca-eleicao-para-o-dia-7-de-abril\/\",\"name\":\"ABIH MG FAZ BALAN\u00c7O E CONVOCA ELEI\u00c7\u00c3O PARA O DIA 7 DE ABRIL - Travel3\",\"isPartOf\":{\"@id\":\"https:\/\/www.travel3.com.br\/site\/#website\"},\"datePublished\":\"2017-08-25T01:09:19+00:00\",\"description\":\"A TRAVEL3 \u00e9 um portal de conte\u00fado voltado para o turismo, encontre destinos, viagens, hospedagem, passagens, guias, not\u00edcias sobre o mercado do turismo, dicas de viagem, v\u00eddeos e podcast.\",\"breadcrumb\":{\"@id\":\"https:\/\/www.travel3.com.br\/site\/sem-categoria\/abih-mg-faz-balanco-e-convoca-eleicao-para-o-dia-7-de-abril\/#breadcrumb\"},\"inLanguage\":\"pt-BR\",\"potentialAction\":[{\"@type\":\"ReadAction\",\"target\":[\"https:\/\/www.travel3.com.br\/site\/sem-categoria\/abih-mg-faz-balanco-e-convoca-eleicao-para-o-dia-7-de-abril\/\"]}]},{\"@type\":\"BreadcrumbList\",\"@id\":\"https:\/\/www.travel3.com.br\/site\/sem-categoria\/abih-mg-faz-balanco-e-convoca-eleicao-para-o-dia-7-de-abril\/#breadcrumb\",\"itemListElement\":[{\"@type\":\"ListItem\",\"position\":1,\"name\":\"In\u00edcio\",\"item\":\"https:\/\/www.travel3.com.br\/site\/\"},{\"@type\":\"ListItem\",\"position\":2,\"name\":\"ABIH MG FAZ BALAN\u00c7O E CONVOCA ELEI\u00c7\u00c3O PARA O DIA 7 DE ABRIL\"}]},{\"@type\":\"WebSite\",\"@id\":\"https:\/\/www.travel3.com.br\/site\/#website\",\"url\":\"https:\/\/www.travel3.com.br\/site\/\",\"name\":\"Travel3\",\"description\":\"Lazer + Neg&oacute;cios + Aventura\",\"publisher\":{\"@id\":\"https:\/\/www.travel3.com.br\/site\/#organization\"},\"potentialAction\":[{\"@type\":\"SearchAction\",\"target\":{\"@type\":\"EntryPoint\",\"urlTemplate\":\"https:\/\/www.travel3.com.br\/site\/?s={search_term_string}\"},\"query-input\":{\"@type\":\"PropertyValueSpecification\",\"valueRequired\":true,\"valueName\":\"search_term_string\"}}],\"inLanguage\":\"pt-BR\"},{\"@type\":\"Organization\",\"@id\":\"https:\/\/www.travel3.com.br\/site\/#organization\",\"name\":\"Travel3\",\"url\":\"https:\/\/www.travel3.com.br\/site\/\",\"logo\":{\"@type\":\"ImageObject\",\"inLanguage\":\"pt-BR\",\"@id\":\"https:\/\/www.travel3.com.br\/site\/#\/schema\/logo\/image\/\",\"url\":\"https:\/\/www.travel3.com.br\/site\/wp-content\/uploads\/2020\/01\/logo-travel3-2020.png\",\"contentUrl\":\"https:\/\/www.travel3.com.br\/site\/wp-content\/uploads\/2020\/01\/logo-travel3-2020.png\",\"width\":232,\"height\":79,\"caption\":\"Travel3\"},\"image\":{\"@id\":\"https:\/\/www.travel3.com.br\/site\/#\/schema\/logo\/image\/\"},\"sameAs\":[\"https:\/\/www.facebook.com\/travel3media\/\",\"https:\/\/www.instagram.com\/revistatravel3\/\",\"https:\/\/www.youtube.com\/channel\/UCno7J4paGBR3VbZQzvoJ9Eg\"]},{\"@type\":\"Person\",\"@id\":\"https:\/\/www.travel3.com.br\/site\/#\/schema\/person\/a69d71e41a024999b6ab82369ac0bd1e\",\"name\":\"admin\",\"image\":{\"@type\":\"ImageObject\",\"inLanguage\":\"pt-BR\",\"@id\":\"https:\/\/www.travel3.com.br\/site\/#\/schema\/person\/image\/\",\"url\":\"https:\/\/secure.gravatar.com\/avatar\/732a67adfd764da2a47ba10ce731c4c0?s=96&d=mm&r=g\",\"contentUrl\":\"https:\/\/secure.gravatar.com\/avatar\/732a67adfd764da2a47ba10ce731c4c0?s=96&d=mm&r=g\",\"caption\":\"admin\"},\"url\":\"https:\/\/www.travel3.com.br\/site\/author\/admin\/\"}]}<\/script>\n<!-- \/ Yoast SEO plugin. -->","yoast_head_json":{"title":"ABIH MG FAZ BALAN\u00c7O E CONVOCA ELEI\u00c7\u00c3O PARA O DIA 7 DE ABRIL - Travel3","description":"A TRAVEL3 \u00e9 um portal de conte\u00fado voltado para o turismo, encontre destinos, viagens, hospedagem, passagens, guias, not\u00edcias sobre o mercado do turismo, dicas de viagem, v\u00eddeos e podcast.","robots":{"index":"index","follow":"follow","max-snippet":"max-snippet:-1","max-image-preview":"max-image-preview:large","max-video-preview":"max-video-preview:-1"},"canonical":"https:\/\/www.travel3.com.br\/site\/sem-categoria\/abih-mg-faz-balanco-e-convoca-eleicao-para-o-dia-7-de-abril\/","og_locale":"pt_BR","og_type":"article","og_title":"ABIH MG FAZ BALAN\u00c7O E CONVOCA ELEI\u00c7\u00c3O PARA O DIA 7 DE ABRIL - Travel3","og_description":"A TRAVEL3 \u00e9 um portal de conte\u00fado voltado para o turismo, encontre destinos, viagens, hospedagem, passagens, guias, not\u00edcias sobre o mercado do turismo, dicas de viagem, v\u00eddeos e podcast.","og_url":"https:\/\/www.travel3.com.br\/site\/sem-categoria\/abih-mg-faz-balanco-e-convoca-eleicao-para-o-dia-7-de-abril\/","og_site_name":"Travel3","article_publisher":"https:\/\/www.facebook.com\/travel3media\/","article_published_time":"2017-08-25T01:09:19+00:00","author":"admin","twitter_card":"summary_large_image","twitter_misc":{"Escrito por":"admin","Est. tempo de leitura":"4 minutos"},"schema":{"@context":"https:\/\/schema.org","@graph":[{"@type":"Article","@id":"https:\/\/www.travel3.com.br\/site\/sem-categoria\/abih-mg-faz-balanco-e-convoca-eleicao-para-o-dia-7-de-abril\/#article","isPartOf":{"@id":"https:\/\/www.travel3.com.br\/site\/sem-categoria\/abih-mg-faz-balanco-e-convoca-eleicao-para-o-dia-7-de-abril\/"},"author":{"name":"admin","@id":"https:\/\/www.travel3.com.br\/site\/#\/schema\/person\/a69d71e41a024999b6ab82369ac0bd1e"},"headline":"ABIH MG FAZ BALAN\u00c7O E CONVOCA ELEI\u00c7\u00c3O PARA O DIA 7 DE ABRIL","datePublished":"2017-08-25T01:09:19+00:00","mainEntityOfPage":{"@id":"https:\/\/www.travel3.com.br\/site\/sem-categoria\/abih-mg-faz-balanco-e-convoca-eleicao-para-o-dia-7-de-abril\/"},"wordCount":894,"commentCount":0,"publisher":{"@id":"https:\/\/www.travel3.com.br\/site\/#organization"},"inLanguage":"pt-BR","potentialAction":[{"@type":"CommentAction","name":"Comment","target":["https:\/\/www.travel3.com.br\/site\/sem-categoria\/abih-mg-faz-balanco-e-convoca-eleicao-para-o-dia-7-de-abril\/#respond"]}]},{"@type":"WebPage","@id":"https:\/\/www.travel3.com.br\/site\/sem-categoria\/abih-mg-faz-balanco-e-convoca-eleicao-para-o-dia-7-de-abril\/","url":"https:\/\/www.travel3.com.br\/site\/sem-categoria\/abih-mg-faz-balanco-e-convoca-eleicao-para-o-dia-7-de-abril\/","name":"ABIH MG FAZ BALAN\u00c7O E CONVOCA ELEI\u00c7\u00c3O PARA O DIA 7 DE ABRIL - Travel3","isPartOf":{"@id":"https:\/\/www.travel3.com.br\/site\/#website"},"datePublished":"2017-08-25T01:09:19+00:00","description":"A TRAVEL3 \u00e9 um portal de conte\u00fado voltado para o turismo, encontre destinos, viagens, hospedagem, passagens, guias, not\u00edcias sobre o mercado do turismo, dicas de viagem, v\u00eddeos e podcast.","breadcrumb":{"@id":"https:\/\/www.travel3.com.br\/site\/sem-categoria\/abih-mg-faz-balanco-e-convoca-eleicao-para-o-dia-7-de-abril\/#breadcrumb"},"inLanguage":"pt-BR","potentialAction":[{"@type":"ReadAction","target":["https:\/\/www.travel3.com.br\/site\/sem-categoria\/abih-mg-faz-balanco-e-convoca-eleicao-para-o-dia-7-de-abril\/"]}]},{"@type":"BreadcrumbList","@id":"https:\/\/www.travel3.com.br\/site\/sem-categoria\/abih-mg-faz-balanco-e-convoca-eleicao-para-o-dia-7-de-abril\/#breadcrumb","itemListElement":[{"@type":"ListItem","position":1,"name":"In\u00edcio","item":"https:\/\/www.travel3.com.br\/site\/"},{"@type":"ListItem","position":2,"name":"ABIH MG FAZ BALAN\u00c7O E CONVOCA ELEI\u00c7\u00c3O PARA O DIA 7 DE ABRIL"}]},{"@type":"WebSite","@id":"https:\/\/www.travel3.com.br\/site\/#website","url":"https:\/\/www.travel3.com.br\/site\/","name":"Travel3","description":"Lazer + Neg&oacute;cios + Aventura","publisher":{"@id":"https:\/\/www.travel3.com.br\/site\/#organization"},"potentialAction":[{"@type":"SearchAction","target":{"@type":"EntryPoint","urlTemplate":"https:\/\/www.travel3.com.br\/site\/?s={search_term_string}"},"query-input":{"@type":"PropertyValueSpecification","valueRequired":true,"valueName":"search_term_string"}}],"inLanguage":"pt-BR"},{"@type":"Organization","@id":"https:\/\/www.travel3.com.br\/site\/#organization","name":"Travel3","url":"https:\/\/www.travel3.com.br\/site\/","logo":{"@type":"ImageObject","inLanguage":"pt-BR","@id":"https:\/\/www.travel3.com.br\/site\/#\/schema\/logo\/image\/","url":"https:\/\/www.travel3.com.br\/site\/wp-content\/uploads\/2020\/01\/logo-travel3-2020.png","contentUrl":"https:\/\/www.travel3.com.br\/site\/wp-content\/uploads\/2020\/01\/logo-travel3-2020.png","width":232,"height":79,"caption":"Travel3"},"image":{"@id":"https:\/\/www.travel3.com.br\/site\/#\/schema\/logo\/image\/"},"sameAs":["https:\/\/www.facebook.com\/travel3media\/","https:\/\/www.instagram.com\/revistatravel3\/","https:\/\/www.youtube.com\/channel\/UCno7J4paGBR3VbZQzvoJ9Eg"]},{"@type":"Person","@id":"https:\/\/www.travel3.com.br\/site\/#\/schema\/person\/a69d71e41a024999b6ab82369ac0bd1e","name":"admin","image":{"@type":"ImageObject","inLanguage":"pt-BR","@id":"https:\/\/www.travel3.com.br\/site\/#\/schema\/person\/image\/","url":"https:\/\/secure.gravatar.com\/avatar\/732a67adfd764da2a47ba10ce731c4c0?s=96&d=mm&r=g","contentUrl":"https:\/\/secure.gravatar.com\/avatar\/732a67adfd764da2a47ba10ce731c4c0?s=96&d=mm&r=g","caption":"admin"},"url":"https:\/\/www.travel3.com.br\/site\/author\/admin\/"}]}},"_links":{"self":[{"href":"https:\/\/www.travel3.com.br\/site\/wp-json\/wp\/v2\/posts\/2302","targetHints":{"allow":["GET"]}}],"collection":[{"href":"https:\/\/www.travel3.com.br\/site\/wp-json\/wp\/v2\/posts"}],"about":[{"href":"https:\/\/www.travel3.com.br\/site\/wp-json\/wp\/v2\/types\/post"}],"author":[{"embeddable":true,"href":"https:\/\/www.travel3.com.br\/site\/wp-json\/wp\/v2\/users\/1"}],"replies":[{"embeddable":true,"href":"https:\/\/www.travel3.com.br\/site\/wp-json\/wp\/v2\/comments?post=2302"}],"version-history":[{"count":0,"href":"https:\/\/www.travel3.com.br\/site\/wp-json\/wp\/v2\/posts\/2302\/revisions"}],"wp:attachment":[{"href":"https:\/\/www.travel3.com.br\/site\/wp-json\/wp\/v2\/media?parent=2302"}],"wp:term":[{"taxonomy":"category","embeddable":true,"href":"https:\/\/www.travel3.com.br\/site\/wp-json\/wp\/v2\/categories?post=2302"},{"taxonomy":"post_tag","embeddable":true,"href":"https:\/\/www.travel3.com.br\/site\/wp-json\/wp\/v2\/tags?post=2302"}],"curies":[{"name":"wp","href":"https:\/\/api.w.org\/{rel}","templated":true}]}}