{"id":2270,"date":"2017-08-29T16:44:18","date_gmt":"2017-08-29T16:44:18","guid":{"rendered":"http:\/\/www.travel3.com.br\/site\/ir-e-vir\/ar\/impulso-para-o-turismo-com-paises-vizinhos-no-mais-america-latina\/"},"modified":"2017-08-29T16:44:18","modified_gmt":"2017-08-29T16:44:18","slug":"impulso-para-o-turismo-com-paises-vizinhos-no-mais-america-latina","status":"publish","type":"post","link":"https:\/\/www.travel3.com.br\/site\/sem-categoria\/impulso-para-o-turismo-com-paises-vizinhos-no-mais-america-latina\/","title":{"rendered":"IMPULSO PARA O TURISMO COM PA\u00cdSES VIZINHOS NO &#8220;MAIS AM\u00c9RICA LATINA&#8221;"},"content":{"rendered":"<p><span style=\"color: #40acad; font-family: -apple-system, system-ui, 'Segoe UI', Roboto, Oxygen-Sans, Ubuntu, Cantarell, 'Helvetica Neue', sans-serif; font-size: 12px; font-weight: bold;\"><\/p>\n<p style=\"text-align:justify\">\u2018Mais Am\u00e9rica Latina\u2019 \u00e9 o programa da Embratur para dar novo impulso ao turismo dos estados do Sul, com miss\u00f5es econ\u00f4micas, exposi\u00e7\u00f5es e eventos nos pa\u00edses vizinhos. Em Santa Catarina, o programa dever\u00e1 contar com o apoio do Governo do Estado, da Secretaria de Turismo, Cultura e Esporte e da Santur, assim como das entidades representativas do com\u00e9rcio, servi\u00e7os, turismo e da ind\u00fastria e tamb\u00e9m da iniciativa privada.<\/p>\n<p style=\"text-align:justify\"><a class=\"fancybox-media\" href=\"..\/_uploads\/_noticia\/2017-03\/image005--5-.jpg\" rel=\"portfolio\"><img decoding=\"async\" alt=\"\" src=\"..\/_uploads\/_noticia\/2017-03\/image005--5-.jpg\" \/><\/a><\/p>\n<p style=\"text-align:justify\">O an\u00fancio do novo programa foi feito durante o painel onde foram debatidos os resultados da Pesquisa Turismo de Ver\u00e3o 2017 de Santa Catarina, realizada pelo Fecom\u00e9rcio-SC. Os dados foram levantados com turistas e empres\u00e1rios de Florian\u00f3polis, Balne\u00e1rio Cambori\u00fa, Imbituba, Laguna e S\u00e3o Francisco do Sul, os cinco principais destinos catarinenses.<\/p>\n<p style=\"text-align:justify\">O levantamento mostra uma queda de 14% no faturamento com rela\u00e7\u00e3o a 2016. \u201cObservamos uma mudan\u00e7a no perfil do turista, expresso na classe social preponderante e no gasto m\u00e9dio menor. A desvaloriza\u00e7\u00e3o do d\u00f3lar em rela\u00e7\u00e3o ao ano anterior pode ter impactado na queda no n\u00famero de visitantes e no poder de compra dos pa\u00edses vizinhos, sobretudo da Argentina, Uruguai e Chile, tradicionalmente respons\u00e1veis por uma boa fatia do turismo catarinense\u201d, apontou o presidente da Fecom\u00e9rcio-SC, Bruno Breithaupt.<\/p>\n<p style=\"text-align:justify\">Com rela\u00e7\u00e3o \u00e0 chegada de turistas estrangeiros na regi\u00e3o Sul nessa \u00faltima temporada, a expectativa continua a mesma, com 1,4 milh\u00e3o de argentinos, 27% a mais do que o mesmo per\u00edodo do ano passado, quando o Pa\u00eds recebeu 1,1 milh\u00e3o\u201d<\/p>\n<p style=\"text-align:justify\">Participante do painel, o\u00a0 presidente da Embratur constatou que \u201co turismo catarinense vive do que foi plantado no passado. N\u00e3o \u00e9 uma prioridade pol\u00edtica, infelizmente, porque o governo, a classe pol\u00edtica e a iniciativa privada precisam entender o efeito econ\u00f4mico do turismo, em um \u00a0Estado que tem 500 quil\u00f4metros de litoral, um potencial \u00fanico no planeta\u201d. Lamentou tamb\u00e9m todas as barreiras que t\u00eam sido impostas para a constru\u00e7\u00e3o de marinas, hot\u00e9is, resorts, cria\u00e7\u00e3o de parques tem\u00e1ticos e naturais lembrando que, mesmo assim, n\u00e3o houve queda\u00a0 acentuada no n\u00famero de turistas na temporada de Ver\u00e3o, apesar da queda de faturamento.<\/p>\n<p style=\"text-align:justify\">\u00a0<\/p>\n<p>\u00a0<\/p>\n<p><\/span><\/p>\n","protected":false},"excerpt":{"rendered":"<p>Embratur colabora com o receptivo dos estados do Sul brasileiro onde a queda no ver\u00e3o foi sentida, especialmente em Santa Catarina<\/p>\n","protected":false},"author":1,"featured_media":0,"comment_status":"open","ping_status":"open","sticky":false,"template":"","format":"standard","meta":{"footnotes":""},"categories":[],"tags":[],"class_list":["post-2270","post","type-post","status-publish","format-standard","hentry"],"yoast_head":"<!-- This site is optimized with the Yoast SEO plugin v26.2 - https:\/\/yoast.com\/wordpress\/plugins\/seo\/ -->\n<title>IMPULSO PARA O TURISMO COM PA\u00cdSES VIZINHOS NO &quot;MAIS AM\u00c9RICA LATINA&quot; - Travel3<\/title>\n<meta name=\"description\" content=\"A TRAVEL3 \u00e9 um portal de conte\u00fado voltado para o turismo, encontre destinos, viagens, hospedagem, passagens, guias, not\u00edcias sobre o mercado do turismo, dicas de viagem, v\u00eddeos e podcast.\" \/>\n<meta name=\"robots\" content=\"index, follow, max-snippet:-1, max-image-preview:large, max-video-preview:-1\" \/>\n<link rel=\"canonical\" href=\"https:\/\/www.travel3.com.br\/site\/sem-categoria\/impulso-para-o-turismo-com-paises-vizinhos-no-mais-america-latina\/\" \/>\n<meta property=\"og:locale\" content=\"pt_BR\" \/>\n<meta property=\"og:type\" content=\"article\" \/>\n<meta property=\"og:title\" content=\"IMPULSO PARA O TURISMO COM PA\u00cdSES VIZINHOS NO &quot;MAIS AM\u00c9RICA LATINA&quot; - Travel3\" \/>\n<meta property=\"og:description\" content=\"A TRAVEL3 \u00e9 um portal de conte\u00fado voltado para o turismo, encontre destinos, viagens, hospedagem, passagens, guias, not\u00edcias sobre o mercado do turismo, dicas de viagem, v\u00eddeos e podcast.\" \/>\n<meta property=\"og:url\" content=\"https:\/\/www.travel3.com.br\/site\/sem-categoria\/impulso-para-o-turismo-com-paises-vizinhos-no-mais-america-latina\/\" \/>\n<meta property=\"og:site_name\" content=\"Travel3\" \/>\n<meta property=\"article:publisher\" content=\"https:\/\/www.facebook.com\/travel3media\/\" \/>\n<meta property=\"article:published_time\" content=\"2017-08-29T16:44:18+00:00\" \/>\n<meta name=\"author\" content=\"admin\" \/>\n<meta name=\"twitter:card\" content=\"summary_large_image\" \/>\n<meta name=\"twitter:label1\" content=\"Escrito por\" \/>\n\t<meta name=\"twitter:data1\" content=\"admin\" \/>\n\t<meta name=\"twitter:label2\" content=\"Est. tempo de leitura\" \/>\n\t<meta name=\"twitter:data2\" content=\"2 minutos\" \/>\n<script type=\"application\/ld+json\" class=\"yoast-schema-graph\">{\"@context\":\"https:\/\/schema.org\",\"@graph\":[{\"@type\":\"Article\",\"@id\":\"https:\/\/www.travel3.com.br\/site\/sem-categoria\/impulso-para-o-turismo-com-paises-vizinhos-no-mais-america-latina\/#article\",\"isPartOf\":{\"@id\":\"https:\/\/www.travel3.com.br\/site\/sem-categoria\/impulso-para-o-turismo-com-paises-vizinhos-no-mais-america-latina\/\"},\"author\":{\"name\":\"admin\",\"@id\":\"https:\/\/www.travel3.com.br\/site\/#\/schema\/person\/a69d71e41a024999b6ab82369ac0bd1e\"},\"headline\":\"IMPULSO PARA O TURISMO COM PA\u00cdSES VIZINHOS NO &#8220;MAIS AM\u00c9RICA LATINA&#8221;\",\"datePublished\":\"2017-08-29T16:44:18+00:00\",\"mainEntityOfPage\":{\"@id\":\"https:\/\/www.travel3.com.br\/site\/sem-categoria\/impulso-para-o-turismo-com-paises-vizinhos-no-mais-america-latina\/\"},\"wordCount\":385,\"commentCount\":0,\"publisher\":{\"@id\":\"https:\/\/www.travel3.com.br\/site\/#organization\"},\"inLanguage\":\"pt-BR\",\"potentialAction\":[{\"@type\":\"CommentAction\",\"name\":\"Comment\",\"target\":[\"https:\/\/www.travel3.com.br\/site\/sem-categoria\/impulso-para-o-turismo-com-paises-vizinhos-no-mais-america-latina\/#respond\"]}]},{\"@type\":\"WebPage\",\"@id\":\"https:\/\/www.travel3.com.br\/site\/sem-categoria\/impulso-para-o-turismo-com-paises-vizinhos-no-mais-america-latina\/\",\"url\":\"https:\/\/www.travel3.com.br\/site\/sem-categoria\/impulso-para-o-turismo-com-paises-vizinhos-no-mais-america-latina\/\",\"name\":\"IMPULSO PARA O TURISMO COM PA\u00cdSES VIZINHOS NO \\\"MAIS AM\u00c9RICA LATINA\\\" - Travel3\",\"isPartOf\":{\"@id\":\"https:\/\/www.travel3.com.br\/site\/#website\"},\"datePublished\":\"2017-08-29T16:44:18+00:00\",\"description\":\"A TRAVEL3 \u00e9 um portal de conte\u00fado voltado para o turismo, encontre destinos, viagens, hospedagem, passagens, guias, not\u00edcias sobre o mercado do turismo, dicas de viagem, v\u00eddeos e podcast.\",\"breadcrumb\":{\"@id\":\"https:\/\/www.travel3.com.br\/site\/sem-categoria\/impulso-para-o-turismo-com-paises-vizinhos-no-mais-america-latina\/#breadcrumb\"},\"inLanguage\":\"pt-BR\",\"potentialAction\":[{\"@type\":\"ReadAction\",\"target\":[\"https:\/\/www.travel3.com.br\/site\/sem-categoria\/impulso-para-o-turismo-com-paises-vizinhos-no-mais-america-latina\/\"]}]},{\"@type\":\"BreadcrumbList\",\"@id\":\"https:\/\/www.travel3.com.br\/site\/sem-categoria\/impulso-para-o-turismo-com-paises-vizinhos-no-mais-america-latina\/#breadcrumb\",\"itemListElement\":[{\"@type\":\"ListItem\",\"position\":1,\"name\":\"In\u00edcio\",\"item\":\"https:\/\/www.travel3.com.br\/site\/\"},{\"@type\":\"ListItem\",\"position\":2,\"name\":\"IMPULSO PARA O TURISMO COM PA\u00cdSES VIZINHOS NO &#8220;MAIS AM\u00c9RICA LATINA&#8221;\"}]},{\"@type\":\"WebSite\",\"@id\":\"https:\/\/www.travel3.com.br\/site\/#website\",\"url\":\"https:\/\/www.travel3.com.br\/site\/\",\"name\":\"Travel3\",\"description\":\"Lazer + Neg&oacute;cios + Aventura\",\"publisher\":{\"@id\":\"https:\/\/www.travel3.com.br\/site\/#organization\"},\"potentialAction\":[{\"@type\":\"SearchAction\",\"target\":{\"@type\":\"EntryPoint\",\"urlTemplate\":\"https:\/\/www.travel3.com.br\/site\/?s={search_term_string}\"},\"query-input\":{\"@type\":\"PropertyValueSpecification\",\"valueRequired\":true,\"valueName\":\"search_term_string\"}}],\"inLanguage\":\"pt-BR\"},{\"@type\":\"Organization\",\"@id\":\"https:\/\/www.travel3.com.br\/site\/#organization\",\"name\":\"Travel3\",\"url\":\"https:\/\/www.travel3.com.br\/site\/\",\"logo\":{\"@type\":\"ImageObject\",\"inLanguage\":\"pt-BR\",\"@id\":\"https:\/\/www.travel3.com.br\/site\/#\/schema\/logo\/image\/\",\"url\":\"https:\/\/www.travel3.com.br\/site\/wp-content\/uploads\/2020\/01\/logo-travel3-2020.png\",\"contentUrl\":\"https:\/\/www.travel3.com.br\/site\/wp-content\/uploads\/2020\/01\/logo-travel3-2020.png\",\"width\":232,\"height\":79,\"caption\":\"Travel3\"},\"image\":{\"@id\":\"https:\/\/www.travel3.com.br\/site\/#\/schema\/logo\/image\/\"},\"sameAs\":[\"https:\/\/www.facebook.com\/travel3media\/\",\"https:\/\/www.instagram.com\/revistatravel3\/\",\"https:\/\/www.youtube.com\/channel\/UCno7J4paGBR3VbZQzvoJ9Eg\"]},{\"@type\":\"Person\",\"@id\":\"https:\/\/www.travel3.com.br\/site\/#\/schema\/person\/a69d71e41a024999b6ab82369ac0bd1e\",\"name\":\"admin\",\"image\":{\"@type\":\"ImageObject\",\"inLanguage\":\"pt-BR\",\"@id\":\"https:\/\/www.travel3.com.br\/site\/#\/schema\/person\/image\/\",\"url\":\"https:\/\/secure.gravatar.com\/avatar\/732a67adfd764da2a47ba10ce731c4c0?s=96&d=mm&r=g\",\"contentUrl\":\"https:\/\/secure.gravatar.com\/avatar\/732a67adfd764da2a47ba10ce731c4c0?s=96&d=mm&r=g\",\"caption\":\"admin\"},\"url\":\"https:\/\/www.travel3.com.br\/site\/author\/admin\/\"}]}<\/script>\n<!-- \/ Yoast SEO plugin. -->","yoast_head_json":{"title":"IMPULSO PARA O TURISMO COM PA\u00cdSES VIZINHOS NO \"MAIS AM\u00c9RICA LATINA\" - Travel3","description":"A TRAVEL3 \u00e9 um portal de conte\u00fado voltado para o turismo, encontre destinos, viagens, hospedagem, passagens, guias, not\u00edcias sobre o mercado do turismo, dicas de viagem, v\u00eddeos e podcast.","robots":{"index":"index","follow":"follow","max-snippet":"max-snippet:-1","max-image-preview":"max-image-preview:large","max-video-preview":"max-video-preview:-1"},"canonical":"https:\/\/www.travel3.com.br\/site\/sem-categoria\/impulso-para-o-turismo-com-paises-vizinhos-no-mais-america-latina\/","og_locale":"pt_BR","og_type":"article","og_title":"IMPULSO PARA O TURISMO COM PA\u00cdSES VIZINHOS NO \"MAIS AM\u00c9RICA LATINA\" - Travel3","og_description":"A TRAVEL3 \u00e9 um portal de conte\u00fado voltado para o turismo, encontre destinos, viagens, hospedagem, passagens, guias, not\u00edcias sobre o mercado do turismo, dicas de viagem, v\u00eddeos e podcast.","og_url":"https:\/\/www.travel3.com.br\/site\/sem-categoria\/impulso-para-o-turismo-com-paises-vizinhos-no-mais-america-latina\/","og_site_name":"Travel3","article_publisher":"https:\/\/www.facebook.com\/travel3media\/","article_published_time":"2017-08-29T16:44:18+00:00","author":"admin","twitter_card":"summary_large_image","twitter_misc":{"Escrito por":"admin","Est. tempo de leitura":"2 minutos"},"schema":{"@context":"https:\/\/schema.org","@graph":[{"@type":"Article","@id":"https:\/\/www.travel3.com.br\/site\/sem-categoria\/impulso-para-o-turismo-com-paises-vizinhos-no-mais-america-latina\/#article","isPartOf":{"@id":"https:\/\/www.travel3.com.br\/site\/sem-categoria\/impulso-para-o-turismo-com-paises-vizinhos-no-mais-america-latina\/"},"author":{"name":"admin","@id":"https:\/\/www.travel3.com.br\/site\/#\/schema\/person\/a69d71e41a024999b6ab82369ac0bd1e"},"headline":"IMPULSO PARA O TURISMO COM PA\u00cdSES VIZINHOS NO &#8220;MAIS AM\u00c9RICA LATINA&#8221;","datePublished":"2017-08-29T16:44:18+00:00","mainEntityOfPage":{"@id":"https:\/\/www.travel3.com.br\/site\/sem-categoria\/impulso-para-o-turismo-com-paises-vizinhos-no-mais-america-latina\/"},"wordCount":385,"commentCount":0,"publisher":{"@id":"https:\/\/www.travel3.com.br\/site\/#organization"},"inLanguage":"pt-BR","potentialAction":[{"@type":"CommentAction","name":"Comment","target":["https:\/\/www.travel3.com.br\/site\/sem-categoria\/impulso-para-o-turismo-com-paises-vizinhos-no-mais-america-latina\/#respond"]}]},{"@type":"WebPage","@id":"https:\/\/www.travel3.com.br\/site\/sem-categoria\/impulso-para-o-turismo-com-paises-vizinhos-no-mais-america-latina\/","url":"https:\/\/www.travel3.com.br\/site\/sem-categoria\/impulso-para-o-turismo-com-paises-vizinhos-no-mais-america-latina\/","name":"IMPULSO PARA O TURISMO COM PA\u00cdSES VIZINHOS NO \"MAIS AM\u00c9RICA LATINA\" - Travel3","isPartOf":{"@id":"https:\/\/www.travel3.com.br\/site\/#website"},"datePublished":"2017-08-29T16:44:18+00:00","description":"A TRAVEL3 \u00e9 um portal de conte\u00fado voltado para o turismo, encontre destinos, viagens, hospedagem, passagens, guias, not\u00edcias sobre o mercado do turismo, dicas de viagem, v\u00eddeos e podcast.","breadcrumb":{"@id":"https:\/\/www.travel3.com.br\/site\/sem-categoria\/impulso-para-o-turismo-com-paises-vizinhos-no-mais-america-latina\/#breadcrumb"},"inLanguage":"pt-BR","potentialAction":[{"@type":"ReadAction","target":["https:\/\/www.travel3.com.br\/site\/sem-categoria\/impulso-para-o-turismo-com-paises-vizinhos-no-mais-america-latina\/"]}]},{"@type":"BreadcrumbList","@id":"https:\/\/www.travel3.com.br\/site\/sem-categoria\/impulso-para-o-turismo-com-paises-vizinhos-no-mais-america-latina\/#breadcrumb","itemListElement":[{"@type":"ListItem","position":1,"name":"In\u00edcio","item":"https:\/\/www.travel3.com.br\/site\/"},{"@type":"ListItem","position":2,"name":"IMPULSO PARA O TURISMO COM PA\u00cdSES VIZINHOS NO &#8220;MAIS AM\u00c9RICA LATINA&#8221;"}]},{"@type":"WebSite","@id":"https:\/\/www.travel3.com.br\/site\/#website","url":"https:\/\/www.travel3.com.br\/site\/","name":"Travel3","description":"Lazer + Neg&oacute;cios + Aventura","publisher":{"@id":"https:\/\/www.travel3.com.br\/site\/#organization"},"potentialAction":[{"@type":"SearchAction","target":{"@type":"EntryPoint","urlTemplate":"https:\/\/www.travel3.com.br\/site\/?s={search_term_string}"},"query-input":{"@type":"PropertyValueSpecification","valueRequired":true,"valueName":"search_term_string"}}],"inLanguage":"pt-BR"},{"@type":"Organization","@id":"https:\/\/www.travel3.com.br\/site\/#organization","name":"Travel3","url":"https:\/\/www.travel3.com.br\/site\/","logo":{"@type":"ImageObject","inLanguage":"pt-BR","@id":"https:\/\/www.travel3.com.br\/site\/#\/schema\/logo\/image\/","url":"https:\/\/www.travel3.com.br\/site\/wp-content\/uploads\/2020\/01\/logo-travel3-2020.png","contentUrl":"https:\/\/www.travel3.com.br\/site\/wp-content\/uploads\/2020\/01\/logo-travel3-2020.png","width":232,"height":79,"caption":"Travel3"},"image":{"@id":"https:\/\/www.travel3.com.br\/site\/#\/schema\/logo\/image\/"},"sameAs":["https:\/\/www.facebook.com\/travel3media\/","https:\/\/www.instagram.com\/revistatravel3\/","https:\/\/www.youtube.com\/channel\/UCno7J4paGBR3VbZQzvoJ9Eg"]},{"@type":"Person","@id":"https:\/\/www.travel3.com.br\/site\/#\/schema\/person\/a69d71e41a024999b6ab82369ac0bd1e","name":"admin","image":{"@type":"ImageObject","inLanguage":"pt-BR","@id":"https:\/\/www.travel3.com.br\/site\/#\/schema\/person\/image\/","url":"https:\/\/secure.gravatar.com\/avatar\/732a67adfd764da2a47ba10ce731c4c0?s=96&d=mm&r=g","contentUrl":"https:\/\/secure.gravatar.com\/avatar\/732a67adfd764da2a47ba10ce731c4c0?s=96&d=mm&r=g","caption":"admin"},"url":"https:\/\/www.travel3.com.br\/site\/author\/admin\/"}]}},"_links":{"self":[{"href":"https:\/\/www.travel3.com.br\/site\/wp-json\/wp\/v2\/posts\/2270","targetHints":{"allow":["GET"]}}],"collection":[{"href":"https:\/\/www.travel3.com.br\/site\/wp-json\/wp\/v2\/posts"}],"about":[{"href":"https:\/\/www.travel3.com.br\/site\/wp-json\/wp\/v2\/types\/post"}],"author":[{"embeddable":true,"href":"https:\/\/www.travel3.com.br\/site\/wp-json\/wp\/v2\/users\/1"}],"replies":[{"embeddable":true,"href":"https:\/\/www.travel3.com.br\/site\/wp-json\/wp\/v2\/comments?post=2270"}],"version-history":[{"count":0,"href":"https:\/\/www.travel3.com.br\/site\/wp-json\/wp\/v2\/posts\/2270\/revisions"}],"wp:attachment":[{"href":"https:\/\/www.travel3.com.br\/site\/wp-json\/wp\/v2\/media?parent=2270"}],"wp:term":[{"taxonomy":"category","embeddable":true,"href":"https:\/\/www.travel3.com.br\/site\/wp-json\/wp\/v2\/categories?post=2270"},{"taxonomy":"post_tag","embeddable":true,"href":"https:\/\/www.travel3.com.br\/site\/wp-json\/wp\/v2\/tags?post=2270"}],"curies":[{"name":"wp","href":"https:\/\/api.w.org\/{rel}","templated":true}]}}