{"id":2233,"date":"2017-09-09T16:15:04","date_gmt":"2017-09-09T16:15:04","guid":{"rendered":"http:\/\/www.travel3.com.br\/site\/ir-e-vir\/ar\/rodada-de-negocios-movimentou-o-workshop-da-ylha-bela\/"},"modified":"2017-09-09T16:15:04","modified_gmt":"2017-09-09T16:15:04","slug":"rodada-de-negocios-movimentou-o-workshop-da-ylha-bela","status":"publish","type":"post","link":"https:\/\/www.travel3.com.br\/site\/sem-categoria\/rodada-de-negocios-movimentou-o-workshop-da-ylha-bela\/","title":{"rendered":"RODADA DE NEG\u00d3CIOS MOVIMENTOU O WORKSHOP DA YLHA BELA"},"content":{"rendered":"<p><span style=\"color: #40acad; font-family: -apple-system, system-ui, 'Segoe UI', Roboto, Oxygen-Sans, Ubuntu, Cantarell, 'Helvetica Neue', sans-serif; font-size: 12px; font-weight: bold;\"><\/p>\n<p style=\"text-align:justify\"><strong>BEBERIBE (CE)<\/strong> \u2013 \u00a0N\u00e3o \u00e9 o sol que\u00a0faz hoje a melhor companhia para o grupo que veio do Esp\u00edrito Santo, de S\u00e3o Paulo, do Sul (Gramado e Nova Petr\u00f3polis), Rio de Janeiro, Curitiba, Rio Grande do Norte e Paraiba, Santiago do Chile e Quito. Dia nublado e resqu\u00edcios de chuvas na regi\u00e3o das Fal\u00e9sias do Leste, no litoral cearense. Um s\u00e1bado muito mais quente para neg\u00f3cios.<\/p>\n<p style=\"text-align:justify\">\u00a0O Centro de Eventos do Coliseum Resort esteve movimentad\u00edssimo desde as 9h30 deste s\u00e1bado quando os agentes de viagens, em forma de rod\u00edzio, tiveram\u00a0 contato direto com os expositores do Workshop promovido pela Ylha Bela Operadora e que chega hoje ao seu dia mais decisivo e t\u00e9cnico.<\/p>\n<p style=\"text-align:justify\"><a class=\"fancybox-media\" href=\"..\/_uploads\/_noticia\/2017-04\/img-5945--2-.jpg\" rel=\"portfolio\"><img decoding=\"async\" alt=\"\" src=\"..\/_uploads\/_noticia\/2017-04\/img-5945--2-.jpg\" \/><\/a> <strong>Neto Buteri comanda pessoalmente o atendimento aos agentes na mesa da Ylha Bela<\/strong><\/p>\n<p style=\"text-align:justify\">Foram 22 mesas dispostas no amplo sal\u00e3o, onde\u00a0 grupos de agentes \u2013 os 41 que vieram trazidos do mercado capixaba e os convidados das principais ag\u00eancias da capital cearense \u2013 formataram o giro\u00a0 em cada uma delas no percurso completo de duas horas e meia.\u00a0 Dez minutos para cada mesa.\u00a0 Contatos, conhecimentos, relacionamentos de neg\u00f3cios, aberturas de um novo mercado operacional.<\/p>\n<p style=\"text-align:justify\"><a class=\"fancybox-media\" href=\"..\/_uploads\/_noticia\/2017-04\/img-5978--2-.jpg\" rel=\"portfolio\"><img decoding=\"async\" alt=\"\" src=\"..\/_uploads\/_noticia\/2017-04\/img-5978--2-.jpg\" \/><\/a> A expectativa foi muito grande. Como sobram tamb\u00e9m elogios \u00e0 realiza\u00e7\u00e3o do evento, com um clima de intensa confraterniza\u00e7\u00e3o, e tamb\u00e9m os expositores que chegaram ontem \u2013 como o caso de Felipe Alves, da GOL Linhas A\u00e9reas que \u00e9 a transportadora oficial do evento \u2013 surpresos e entusiasmados com o modelo que foi implantado para esta conviv\u00eancia de mercado. &#39;Bem diferente, atrativa mesmo&#39;.<\/p>\n<p style=\"text-align:justify\"><a class=\"fancybox-media\" href=\"..\/_uploads\/_noticia\/2017-04\/img-5959--2-.jpg\" rel=\"portfolio\"><img decoding=\"async\" alt=\"\" src=\"..\/_uploads\/_noticia\/2017-04\/img-5959--2-.jpg\" \/><\/a> <strong>Anne Neiva, da NetHospitality &#8211; representando o destino Turk &#038; Caicos &#8211; um dos destinos internacionais apresentados<\/strong><\/p>\n<p style=\"text-align:justify\"><a class=\"fancybox-media\" href=\"..\/_uploads\/_noticia\/2017-04\/img-5963--2-.jpg\" rel=\"portfolio\"><img decoding=\"async\" alt=\"\" src=\"..\/_uploads\/_noticia\/2017-04\/img-5963--2-.jpg\" \/><\/a> <strong>Lic\u00e9rio Santos que n\u00e3o vai poder votar neste s\u00e1bado nas elei\u00e7\u00f5es municipais de Foz do Igua\u00e7u pelo compromisso com o evento no Cear\u00e1, atendeu diretamente com a esposa Sid na mesa da All Brazil , o turismo receptivo na regi\u00e3o das Tres Fronteiras. <\/strong><\/p>\n<p style=\"text-align:justify\"><a class=\"fancybox-media\" href=\"..\/_uploads\/_noticia\/2017-04\/img-5930--2-.jpg\" rel=\"portfolio\"><img decoding=\"async\" alt=\"\" src=\"..\/_uploads\/_noticia\/2017-04\/img-5930--2-.jpg\" \/><\/a> <strong>A presen\u00e7a do Equador com a Geo Reisen Tour Operator, outro importante parceiro da Ylha Bela, com receptivo para Quito e o principal atrativo equatoriano, o arquip\u00e9lago de Gal\u00e1pagos<\/strong><\/p>\n<p style=\"text-align:justify\"><a class=\"fancybox-media\" href=\"..\/_uploads\/_noticia\/2017-04\/img-6000--2-.jpg\" rel=\"portfolio\"><img decoding=\"async\" alt=\"\" src=\"..\/_uploads\/_noticia\/2017-04\/img-6000--2-.jpg\" \/><\/a> <strong>Carlise Bianchi, da Brooker Turismo trazendo a presen\u00e7a e os atrativo de Gramado e da Serra Gaucha em mais um dos destinos premiados para o portf\u00f3lio da Ylha Bela<\/strong><\/p>\n<p style=\"text-align:justify\"><a class=\"fancybox-media\" href=\"..\/_uploads\/_noticia\/2017-04\/img-6067.jpg\" rel=\"portfolio\"><img decoding=\"async\" alt=\"\" src=\"..\/_uploads\/_noticia\/2017-04\/img-6067.jpg\" \/><\/a> <strong>A Vila Gal\u00e9, com seus hot\u00e9is no Nordeste brasileiro, no litoral do Rio e em Portugal, com participa\u00e7\u00e3o ativa no workshop <\/strong><\/p>\n<p style=\"text-align:justify\">\u00c0 tarde a continuidade da s\u00e9rie de palestras programadas cuja ordem sofreu altera\u00e7\u00f5es ontem em raz\u00e3o do passeio de buggy pela regi\u00e3o al\u00e9m das visitas de inspe\u00e7\u00e3o \u00e0 rede hoteleira. Faltou tempo para tanto que havia a se conhecer, e sobrou entusiasmo com o que foi poss\u00edvel conferir.<\/p>\n<p style=\"text-align:justify\"><a class=\"fancybox-media\" href=\"..\/_uploads\/_noticia\/2017-04\/dscn7815.jpg\" rel=\"portfolio\"><img decoding=\"async\" alt=\"\" src=\"..\/_uploads\/_noticia\/2017-04\/dscn7815.jpg\" \/><\/a> <strong>A operadora\u00a0 do Espirito Santo mostra sua marca em varias das depend\u00eancias do Coliseum Resort, em Beberibe<\/strong><\/p>\n<p><a class=\"fancybox-media\" href=\"http:\/\/www.aprilbrasil.com.br\" rel=\"portfolio\"><img decoding=\"async\" alt=\"\" src=\"..\/_uploads\/_noticia\/2017-04\/april-travel3.jpg\" \/><\/a><\/p>\n<p><\/span><\/p>\n","protected":false},"excerpt":{"rendered":"<p>O s\u00e1bado tem tempo ainda maior para os trabalhos entre expositores e agentes, um dos objetivos principais do evento que tem o seu dia mais t\u00e9cnico<\/p>\n","protected":false},"author":1,"featured_media":0,"comment_status":"open","ping_status":"open","sticky":false,"template":"","format":"standard","meta":{"footnotes":""},"categories":[],"tags":[],"class_list":["post-2233","post","type-post","status-publish","format-standard","hentry"],"yoast_head":"<!-- This site is optimized with the Yoast SEO plugin v26.2 - https:\/\/yoast.com\/wordpress\/plugins\/seo\/ -->\n<title>RODADA DE NEG\u00d3CIOS MOVIMENTOU O WORKSHOP DA YLHA BELA - Travel3<\/title>\n<meta name=\"description\" content=\"A TRAVEL3 \u00e9 um portal de conte\u00fado voltado para o turismo, encontre destinos, viagens, hospedagem, passagens, guias, not\u00edcias sobre o mercado do turismo, dicas de viagem, v\u00eddeos e podcast.\" \/>\n<meta name=\"robots\" content=\"index, follow, max-snippet:-1, max-image-preview:large, max-video-preview:-1\" \/>\n<link rel=\"canonical\" href=\"https:\/\/www.travel3.com.br\/site\/sem-categoria\/rodada-de-negocios-movimentou-o-workshop-da-ylha-bela\/\" \/>\n<meta property=\"og:locale\" content=\"pt_BR\" \/>\n<meta property=\"og:type\" content=\"article\" \/>\n<meta property=\"og:title\" content=\"RODADA DE NEG\u00d3CIOS MOVIMENTOU O WORKSHOP DA YLHA BELA - Travel3\" \/>\n<meta property=\"og:description\" content=\"A TRAVEL3 \u00e9 um portal de conte\u00fado voltado para o turismo, encontre destinos, viagens, hospedagem, passagens, guias, not\u00edcias sobre o mercado do turismo, dicas de viagem, v\u00eddeos e podcast.\" \/>\n<meta property=\"og:url\" content=\"https:\/\/www.travel3.com.br\/site\/sem-categoria\/rodada-de-negocios-movimentou-o-workshop-da-ylha-bela\/\" \/>\n<meta property=\"og:site_name\" content=\"Travel3\" \/>\n<meta property=\"article:publisher\" content=\"https:\/\/www.facebook.com\/travel3media\/\" \/>\n<meta property=\"article:published_time\" content=\"2017-09-09T16:15:04+00:00\" \/>\n<meta name=\"author\" content=\"admin\" \/>\n<meta name=\"twitter:card\" content=\"summary_large_image\" \/>\n<meta name=\"twitter:label1\" content=\"Escrito por\" \/>\n\t<meta name=\"twitter:data1\" content=\"admin\" \/>\n\t<meta name=\"twitter:label2\" content=\"Est. tempo de leitura\" \/>\n\t<meta name=\"twitter:data2\" content=\"2 minutos\" \/>\n<script type=\"application\/ld+json\" class=\"yoast-schema-graph\">{\"@context\":\"https:\/\/schema.org\",\"@graph\":[{\"@type\":\"Article\",\"@id\":\"https:\/\/www.travel3.com.br\/site\/sem-categoria\/rodada-de-negocios-movimentou-o-workshop-da-ylha-bela\/#article\",\"isPartOf\":{\"@id\":\"https:\/\/www.travel3.com.br\/site\/sem-categoria\/rodada-de-negocios-movimentou-o-workshop-da-ylha-bela\/\"},\"author\":{\"name\":\"admin\",\"@id\":\"https:\/\/www.travel3.com.br\/site\/#\/schema\/person\/a69d71e41a024999b6ab82369ac0bd1e\"},\"headline\":\"RODADA DE NEG\u00d3CIOS MOVIMENTOU O WORKSHOP DA YLHA BELA\",\"datePublished\":\"2017-09-09T16:15:04+00:00\",\"mainEntityOfPage\":{\"@id\":\"https:\/\/www.travel3.com.br\/site\/sem-categoria\/rodada-de-negocios-movimentou-o-workshop-da-ylha-bela\/\"},\"wordCount\":494,\"commentCount\":0,\"publisher\":{\"@id\":\"https:\/\/www.travel3.com.br\/site\/#organization\"},\"inLanguage\":\"pt-BR\",\"potentialAction\":[{\"@type\":\"CommentAction\",\"name\":\"Comment\",\"target\":[\"https:\/\/www.travel3.com.br\/site\/sem-categoria\/rodada-de-negocios-movimentou-o-workshop-da-ylha-bela\/#respond\"]}]},{\"@type\":\"WebPage\",\"@id\":\"https:\/\/www.travel3.com.br\/site\/sem-categoria\/rodada-de-negocios-movimentou-o-workshop-da-ylha-bela\/\",\"url\":\"https:\/\/www.travel3.com.br\/site\/sem-categoria\/rodada-de-negocios-movimentou-o-workshop-da-ylha-bela\/\",\"name\":\"RODADA DE NEG\u00d3CIOS MOVIMENTOU O WORKSHOP DA YLHA BELA - Travel3\",\"isPartOf\":{\"@id\":\"https:\/\/www.travel3.com.br\/site\/#website\"},\"datePublished\":\"2017-09-09T16:15:04+00:00\",\"description\":\"A TRAVEL3 \u00e9 um portal de conte\u00fado voltado para o turismo, encontre destinos, viagens, hospedagem, passagens, guias, not\u00edcias sobre o mercado do turismo, dicas de viagem, v\u00eddeos e podcast.\",\"breadcrumb\":{\"@id\":\"https:\/\/www.travel3.com.br\/site\/sem-categoria\/rodada-de-negocios-movimentou-o-workshop-da-ylha-bela\/#breadcrumb\"},\"inLanguage\":\"pt-BR\",\"potentialAction\":[{\"@type\":\"ReadAction\",\"target\":[\"https:\/\/www.travel3.com.br\/site\/sem-categoria\/rodada-de-negocios-movimentou-o-workshop-da-ylha-bela\/\"]}]},{\"@type\":\"BreadcrumbList\",\"@id\":\"https:\/\/www.travel3.com.br\/site\/sem-categoria\/rodada-de-negocios-movimentou-o-workshop-da-ylha-bela\/#breadcrumb\",\"itemListElement\":[{\"@type\":\"ListItem\",\"position\":1,\"name\":\"In\u00edcio\",\"item\":\"https:\/\/www.travel3.com.br\/site\/\"},{\"@type\":\"ListItem\",\"position\":2,\"name\":\"RODADA DE NEG\u00d3CIOS MOVIMENTOU O WORKSHOP DA YLHA BELA\"}]},{\"@type\":\"WebSite\",\"@id\":\"https:\/\/www.travel3.com.br\/site\/#website\",\"url\":\"https:\/\/www.travel3.com.br\/site\/\",\"name\":\"Travel3\",\"description\":\"Lazer + Neg&oacute;cios + Aventura\",\"publisher\":{\"@id\":\"https:\/\/www.travel3.com.br\/site\/#organization\"},\"potentialAction\":[{\"@type\":\"SearchAction\",\"target\":{\"@type\":\"EntryPoint\",\"urlTemplate\":\"https:\/\/www.travel3.com.br\/site\/?s={search_term_string}\"},\"query-input\":{\"@type\":\"PropertyValueSpecification\",\"valueRequired\":true,\"valueName\":\"search_term_string\"}}],\"inLanguage\":\"pt-BR\"},{\"@type\":\"Organization\",\"@id\":\"https:\/\/www.travel3.com.br\/site\/#organization\",\"name\":\"Travel3\",\"url\":\"https:\/\/www.travel3.com.br\/site\/\",\"logo\":{\"@type\":\"ImageObject\",\"inLanguage\":\"pt-BR\",\"@id\":\"https:\/\/www.travel3.com.br\/site\/#\/schema\/logo\/image\/\",\"url\":\"https:\/\/www.travel3.com.br\/site\/wp-content\/uploads\/2020\/01\/logo-travel3-2020.png\",\"contentUrl\":\"https:\/\/www.travel3.com.br\/site\/wp-content\/uploads\/2020\/01\/logo-travel3-2020.png\",\"width\":232,\"height\":79,\"caption\":\"Travel3\"},\"image\":{\"@id\":\"https:\/\/www.travel3.com.br\/site\/#\/schema\/logo\/image\/\"},\"sameAs\":[\"https:\/\/www.facebook.com\/travel3media\/\",\"https:\/\/www.instagram.com\/revistatravel3\/\",\"https:\/\/www.youtube.com\/channel\/UCno7J4paGBR3VbZQzvoJ9Eg\"]},{\"@type\":\"Person\",\"@id\":\"https:\/\/www.travel3.com.br\/site\/#\/schema\/person\/a69d71e41a024999b6ab82369ac0bd1e\",\"name\":\"admin\",\"image\":{\"@type\":\"ImageObject\",\"inLanguage\":\"pt-BR\",\"@id\":\"https:\/\/www.travel3.com.br\/site\/#\/schema\/person\/image\/\",\"url\":\"https:\/\/secure.gravatar.com\/avatar\/732a67adfd764da2a47ba10ce731c4c0?s=96&d=mm&r=g\",\"contentUrl\":\"https:\/\/secure.gravatar.com\/avatar\/732a67adfd764da2a47ba10ce731c4c0?s=96&d=mm&r=g\",\"caption\":\"admin\"},\"url\":\"https:\/\/www.travel3.com.br\/site\/author\/admin\/\"}]}<\/script>\n<!-- \/ Yoast SEO plugin. -->","yoast_head_json":{"title":"RODADA DE NEG\u00d3CIOS MOVIMENTOU O WORKSHOP DA YLHA BELA - Travel3","description":"A TRAVEL3 \u00e9 um portal de conte\u00fado voltado para o turismo, encontre destinos, viagens, hospedagem, passagens, guias, not\u00edcias sobre o mercado do turismo, dicas de viagem, v\u00eddeos e podcast.","robots":{"index":"index","follow":"follow","max-snippet":"max-snippet:-1","max-image-preview":"max-image-preview:large","max-video-preview":"max-video-preview:-1"},"canonical":"https:\/\/www.travel3.com.br\/site\/sem-categoria\/rodada-de-negocios-movimentou-o-workshop-da-ylha-bela\/","og_locale":"pt_BR","og_type":"article","og_title":"RODADA DE NEG\u00d3CIOS MOVIMENTOU O WORKSHOP DA YLHA BELA - Travel3","og_description":"A TRAVEL3 \u00e9 um portal de conte\u00fado voltado para o turismo, encontre destinos, viagens, hospedagem, passagens, guias, not\u00edcias sobre o mercado do turismo, dicas de viagem, v\u00eddeos e podcast.","og_url":"https:\/\/www.travel3.com.br\/site\/sem-categoria\/rodada-de-negocios-movimentou-o-workshop-da-ylha-bela\/","og_site_name":"Travel3","article_publisher":"https:\/\/www.facebook.com\/travel3media\/","article_published_time":"2017-09-09T16:15:04+00:00","author":"admin","twitter_card":"summary_large_image","twitter_misc":{"Escrito por":"admin","Est. tempo de leitura":"2 minutos"},"schema":{"@context":"https:\/\/schema.org","@graph":[{"@type":"Article","@id":"https:\/\/www.travel3.com.br\/site\/sem-categoria\/rodada-de-negocios-movimentou-o-workshop-da-ylha-bela\/#article","isPartOf":{"@id":"https:\/\/www.travel3.com.br\/site\/sem-categoria\/rodada-de-negocios-movimentou-o-workshop-da-ylha-bela\/"},"author":{"name":"admin","@id":"https:\/\/www.travel3.com.br\/site\/#\/schema\/person\/a69d71e41a024999b6ab82369ac0bd1e"},"headline":"RODADA DE NEG\u00d3CIOS MOVIMENTOU O WORKSHOP DA YLHA BELA","datePublished":"2017-09-09T16:15:04+00:00","mainEntityOfPage":{"@id":"https:\/\/www.travel3.com.br\/site\/sem-categoria\/rodada-de-negocios-movimentou-o-workshop-da-ylha-bela\/"},"wordCount":494,"commentCount":0,"publisher":{"@id":"https:\/\/www.travel3.com.br\/site\/#organization"},"inLanguage":"pt-BR","potentialAction":[{"@type":"CommentAction","name":"Comment","target":["https:\/\/www.travel3.com.br\/site\/sem-categoria\/rodada-de-negocios-movimentou-o-workshop-da-ylha-bela\/#respond"]}]},{"@type":"WebPage","@id":"https:\/\/www.travel3.com.br\/site\/sem-categoria\/rodada-de-negocios-movimentou-o-workshop-da-ylha-bela\/","url":"https:\/\/www.travel3.com.br\/site\/sem-categoria\/rodada-de-negocios-movimentou-o-workshop-da-ylha-bela\/","name":"RODADA DE NEG\u00d3CIOS MOVIMENTOU O WORKSHOP DA YLHA BELA - Travel3","isPartOf":{"@id":"https:\/\/www.travel3.com.br\/site\/#website"},"datePublished":"2017-09-09T16:15:04+00:00","description":"A TRAVEL3 \u00e9 um portal de conte\u00fado voltado para o turismo, encontre destinos, viagens, hospedagem, passagens, guias, not\u00edcias sobre o mercado do turismo, dicas de viagem, v\u00eddeos e podcast.","breadcrumb":{"@id":"https:\/\/www.travel3.com.br\/site\/sem-categoria\/rodada-de-negocios-movimentou-o-workshop-da-ylha-bela\/#breadcrumb"},"inLanguage":"pt-BR","potentialAction":[{"@type":"ReadAction","target":["https:\/\/www.travel3.com.br\/site\/sem-categoria\/rodada-de-negocios-movimentou-o-workshop-da-ylha-bela\/"]}]},{"@type":"BreadcrumbList","@id":"https:\/\/www.travel3.com.br\/site\/sem-categoria\/rodada-de-negocios-movimentou-o-workshop-da-ylha-bela\/#breadcrumb","itemListElement":[{"@type":"ListItem","position":1,"name":"In\u00edcio","item":"https:\/\/www.travel3.com.br\/site\/"},{"@type":"ListItem","position":2,"name":"RODADA DE NEG\u00d3CIOS MOVIMENTOU O WORKSHOP DA YLHA BELA"}]},{"@type":"WebSite","@id":"https:\/\/www.travel3.com.br\/site\/#website","url":"https:\/\/www.travel3.com.br\/site\/","name":"Travel3","description":"Lazer + Neg&oacute;cios + Aventura","publisher":{"@id":"https:\/\/www.travel3.com.br\/site\/#organization"},"potentialAction":[{"@type":"SearchAction","target":{"@type":"EntryPoint","urlTemplate":"https:\/\/www.travel3.com.br\/site\/?s={search_term_string}"},"query-input":{"@type":"PropertyValueSpecification","valueRequired":true,"valueName":"search_term_string"}}],"inLanguage":"pt-BR"},{"@type":"Organization","@id":"https:\/\/www.travel3.com.br\/site\/#organization","name":"Travel3","url":"https:\/\/www.travel3.com.br\/site\/","logo":{"@type":"ImageObject","inLanguage":"pt-BR","@id":"https:\/\/www.travel3.com.br\/site\/#\/schema\/logo\/image\/","url":"https:\/\/www.travel3.com.br\/site\/wp-content\/uploads\/2020\/01\/logo-travel3-2020.png","contentUrl":"https:\/\/www.travel3.com.br\/site\/wp-content\/uploads\/2020\/01\/logo-travel3-2020.png","width":232,"height":79,"caption":"Travel3"},"image":{"@id":"https:\/\/www.travel3.com.br\/site\/#\/schema\/logo\/image\/"},"sameAs":["https:\/\/www.facebook.com\/travel3media\/","https:\/\/www.instagram.com\/revistatravel3\/","https:\/\/www.youtube.com\/channel\/UCno7J4paGBR3VbZQzvoJ9Eg"]},{"@type":"Person","@id":"https:\/\/www.travel3.com.br\/site\/#\/schema\/person\/a69d71e41a024999b6ab82369ac0bd1e","name":"admin","image":{"@type":"ImageObject","inLanguage":"pt-BR","@id":"https:\/\/www.travel3.com.br\/site\/#\/schema\/person\/image\/","url":"https:\/\/secure.gravatar.com\/avatar\/732a67adfd764da2a47ba10ce731c4c0?s=96&d=mm&r=g","contentUrl":"https:\/\/secure.gravatar.com\/avatar\/732a67adfd764da2a47ba10ce731c4c0?s=96&d=mm&r=g","caption":"admin"},"url":"https:\/\/www.travel3.com.br\/site\/author\/admin\/"}]}},"_links":{"self":[{"href":"https:\/\/www.travel3.com.br\/site\/wp-json\/wp\/v2\/posts\/2233","targetHints":{"allow":["GET"]}}],"collection":[{"href":"https:\/\/www.travel3.com.br\/site\/wp-json\/wp\/v2\/posts"}],"about":[{"href":"https:\/\/www.travel3.com.br\/site\/wp-json\/wp\/v2\/types\/post"}],"author":[{"embeddable":true,"href":"https:\/\/www.travel3.com.br\/site\/wp-json\/wp\/v2\/users\/1"}],"replies":[{"embeddable":true,"href":"https:\/\/www.travel3.com.br\/site\/wp-json\/wp\/v2\/comments?post=2233"}],"version-history":[{"count":0,"href":"https:\/\/www.travel3.com.br\/site\/wp-json\/wp\/v2\/posts\/2233\/revisions"}],"wp:attachment":[{"href":"https:\/\/www.travel3.com.br\/site\/wp-json\/wp\/v2\/media?parent=2233"}],"wp:term":[{"taxonomy":"category","embeddable":true,"href":"https:\/\/www.travel3.com.br\/site\/wp-json\/wp\/v2\/categories?post=2233"},{"taxonomy":"post_tag","embeddable":true,"href":"https:\/\/www.travel3.com.br\/site\/wp-json\/wp\/v2\/tags?post=2233"}],"curies":[{"name":"wp","href":"https:\/\/api.w.org\/{rel}","templated":true}]}}