{"id":2217,"date":"2017-07-27T04:00:08","date_gmt":"2017-07-27T04:00:08","guid":{"rendered":"http:\/\/www.travel3.com.br\/site\/ir-e-vir\/ar\/foram-sulamericanos-mais-da-metade-dos-turistas-estrangeiros-em-2016\/"},"modified":"2017-07-27T04:00:08","modified_gmt":"2017-07-27T04:00:08","slug":"foram-sulamericanos-mais-da-metade-dos-turistas-estrangeiros-em-2016","status":"publish","type":"post","link":"https:\/\/www.travel3.com.br\/site\/sem-categoria\/foram-sulamericanos-mais-da-metade-dos-turistas-estrangeiros-em-2016\/","title":{"rendered":"FORAM SULAMERICANOS MAIS DA METADE DOS TURISTAS ESTRANGEIROS EM 2016"},"content":{"rendered":"<p><span style=\"color: #40acad; font-family: -apple-system, system-ui, 'Segoe UI', Roboto, Oxygen-Sans, Ubuntu, Cantarell, 'Helvetica Neue', sans-serif; font-size: 12px; font-weight: bold;\"><\/p>\n<p style=\"text-align:justify\"><a class=\"fancybox-media\" href=\"..\/_uploads\/_noticia\/2017-04\/americadosul.jpg\" rel=\"portfolio\"><img decoding=\"async\" alt=\"\" src=\"..\/_uploads\/_noticia\/2017-04\/americadosul.jpg\" \/><\/a><\/p>\n<p style=\"text-align:justify\">Os sul-americanos foram os turistas estrangeiros que mais visitaram o Brasil em 2016. A conclus\u00e3o est\u00e1 do Anu\u00e1rio Estat\u00edstico do Minist\u00e9rio do Turismo, indicando que, dos 6,6 milh\u00f5es de visitantes de outros pa\u00edses que vieram ao Brasil em 2016 &#8211; recorde hist\u00f3rico, com um crescimento de 4,3% em rela\u00e7\u00e3o a 2015 &#8211; 3,7 milh\u00f5es vieram dos vizinhos da Am\u00e9rica do Sul, com destaque para a Argentina, com 2,3 milh\u00f5es e que teve um crescimento de 10% em rela\u00e7\u00e3o a 2015.<\/p>\n<p style=\"text-align:justify\"><a class=\"fancybox-media\" href=\"..\/_uploads\/_noticia\/2017-04\/brasilcearalitoral.jpg\" rel=\"portfolio\"><img decoding=\"async\" alt=\"\" src=\"..\/_uploads\/_noticia\/2017-04\/brasilcearalitoral.jpg\" \/><\/a> <strong>Litoral do Nordeste, sendo o cearense um dos exemplos, entre os principais receptivos para o turismo dos argentinos no Brasil <\/strong><\/p>\n<p style=\"text-align:justify\">O continente sul-americano foi respons\u00e1vel por 56,7% dos turistas do exterior, seguido \u00a0da Europa (24,4%) e da Am\u00e9rica do Norte(11,2%).<\/p>\n<p style=\"text-align:justify\">A import\u00e2ncia do turismo regional para o pa\u00eds \u00a0\u00e9 evidente tamb\u00e9m na lista dos cinco pa\u00edses que mais enviaram turistas para o Brasil. Apenas os Estados Unidos est\u00e3o na rela\u00e7\u00e3o. Cerca de 570 mil turistas que visitaram nosso pa\u00eds no ano eram americanos, 2\u00ba lugar na lista,. A terceira coloca\u00e7\u00e3o ficou com o Paraguai (316,7 mil), seguido do Chile (311,8 mil) e Uruguai (284,1 mil). O pa\u00eds europeu que mais contribuiu para a marca in\u00e9dita de 6,6 milh\u00f5es de estrangeiros foi a Fran\u00e7a, com\u00a0 263,7 mil visitantes.<\/p>\n<p>O meio de transporte mais utilizado por quem chega ao Brasil foi o avi\u00e3o (4,4 milh\u00f5es). J\u00e1 para 2 milh\u00f5es de turistas preferiram chegar ao pa\u00eds pelas estradas. Ainda segundo o anu\u00e1rio, a via de acesso fluvial foi utilizada por 95,9 mil visitantes estrangeiros, seguido do meio n\u00e1utico, que transportou 40,4 mil pessoas.<\/p>\n<p style=\"text-align:justify\">\u00a0Os meses\u00a0de janeiro\u00a0e fevereiro, no auge do ver\u00e3o brasileiro, foram os preferidos dos turistas, com 1,1 milh\u00e3o e 810,5 mil dos visitantes. Apesar disso, os meses\u00a0de agosto e setembro, per\u00edodo em que foram realizados do jogos ol\u00edmpicos e\u00a0 paral\u00edmpicos Rio 2016 apresentaram uma movimenta\u00e7\u00e3o bem acima do ano anterior, com as entradas de 542,9 mil estrangeiros em agosto, crescimento de 48% em rela\u00e7\u00e3o ao ano anterior. Em setembro, o aumento foi ainda maior, 74%, passando de 243,3 em 2015 para 422,2 em 2016.<\/p>\n<p style=\"text-align:justify\"><a class=\"fancybox-media\" href=\"..\/_uploads\/_noticia\/2017-04\/viajantesviajar--2-.jpg\" rel=\"portfolio\"><img decoding=\"async\" alt=\"\" src=\"..\/_uploads\/_noticia\/2017-04\/viajantesviajar--2-.jpg\" \/><\/a><\/p>\n<p style=\"text-align:justify\">Foi no per\u00edodo ol\u00edmpico que os Minist\u00e9rios do Turismo e Rela\u00e7\u00f5es Exteriores testaram a iniciativa de dispensa de visto entre 1\u00ba de junho a\u00a018 de setembro. Dos 163.104 turistas que entraram no pa\u00eds nesse per\u00edodo, 74,06% usaram a dispensa do visto e mais de 85% disseram que a manuten\u00e7\u00e3o da isen\u00e7\u00e3o de vistos facilitaria um retorno ao pa\u00eds.<\/p>\n<p style=\"text-align:justify\">Estes estrangeiros deixaram US$167,7 milh\u00f5es na economia nacional, aproximadamente 8,68 vezes a mais que o valor que o Brasil deixou de arrecadar em taxas consulares.<\/p>\n<p style=\"text-align:justify\">Pode ser que seja exatamente esta a boa noticia de abril que o Brasil possa anunciar nos pr\u00f3ximos dias, com as tratativas que est\u00e3o sendo complementadas pelo governo federal atrav\u00e9s do MTur.<\/p>\n<p>\u00a0<\/p>\n<p>\u00a0<\/p>\n<p>\u00a0<\/p>\n<p>\u00a0<\/p>\n<p><\/span><\/p>\n","protected":false},"excerpt":{"rendered":"<p>Brasil teve os pa\u00edses pr\u00f3ximos  como  principais  &#8211; exce\u00e7\u00e3o dos Estados Unidos &#8211; e a Argentina foi quem mais enviou visitantes<\/p>\n","protected":false},"author":1,"featured_media":0,"comment_status":"open","ping_status":"open","sticky":false,"template":"","format":"standard","meta":{"footnotes":""},"categories":[],"tags":[],"class_list":["post-2217","post","type-post","status-publish","format-standard","hentry"],"yoast_head":"<!-- This site is optimized with the Yoast SEO plugin v26.2 - https:\/\/yoast.com\/wordpress\/plugins\/seo\/ -->\n<title>FORAM SULAMERICANOS MAIS DA METADE DOS TURISTAS ESTRANGEIROS EM 2016 - Travel3<\/title>\n<meta name=\"description\" content=\"A TRAVEL3 \u00e9 um portal de conte\u00fado voltado para o turismo, encontre destinos, viagens, hospedagem, passagens, guias, not\u00edcias sobre o mercado do turismo, dicas de viagem, v\u00eddeos e podcast.\" \/>\n<meta name=\"robots\" content=\"index, follow, max-snippet:-1, max-image-preview:large, max-video-preview:-1\" \/>\n<link rel=\"canonical\" href=\"https:\/\/www.travel3.com.br\/site\/sem-categoria\/foram-sulamericanos-mais-da-metade-dos-turistas-estrangeiros-em-2016\/\" \/>\n<meta property=\"og:locale\" content=\"pt_BR\" \/>\n<meta property=\"og:type\" content=\"article\" \/>\n<meta property=\"og:title\" content=\"FORAM SULAMERICANOS MAIS DA METADE DOS TURISTAS ESTRANGEIROS EM 2016 - Travel3\" \/>\n<meta property=\"og:description\" content=\"A TRAVEL3 \u00e9 um portal de conte\u00fado voltado para o turismo, encontre destinos, viagens, hospedagem, passagens, guias, not\u00edcias sobre o mercado do turismo, dicas de viagem, v\u00eddeos e podcast.\" \/>\n<meta property=\"og:url\" content=\"https:\/\/www.travel3.com.br\/site\/sem-categoria\/foram-sulamericanos-mais-da-metade-dos-turistas-estrangeiros-em-2016\/\" \/>\n<meta property=\"og:site_name\" content=\"Travel3\" \/>\n<meta property=\"article:publisher\" content=\"https:\/\/www.facebook.com\/travel3media\/\" \/>\n<meta property=\"article:published_time\" content=\"2017-07-27T04:00:08+00:00\" \/>\n<meta name=\"author\" content=\"admin\" \/>\n<meta name=\"twitter:card\" content=\"summary_large_image\" \/>\n<meta name=\"twitter:label1\" content=\"Escrito por\" \/>\n\t<meta name=\"twitter:data1\" content=\"admin\" \/>\n\t<meta name=\"twitter:label2\" content=\"Est. tempo de leitura\" \/>\n\t<meta name=\"twitter:data2\" content=\"2 minutos\" \/>\n<script type=\"application\/ld+json\" class=\"yoast-schema-graph\">{\"@context\":\"https:\/\/schema.org\",\"@graph\":[{\"@type\":\"Article\",\"@id\":\"https:\/\/www.travel3.com.br\/site\/sem-categoria\/foram-sulamericanos-mais-da-metade-dos-turistas-estrangeiros-em-2016\/#article\",\"isPartOf\":{\"@id\":\"https:\/\/www.travel3.com.br\/site\/sem-categoria\/foram-sulamericanos-mais-da-metade-dos-turistas-estrangeiros-em-2016\/\"},\"author\":{\"name\":\"admin\",\"@id\":\"https:\/\/www.travel3.com.br\/site\/#\/schema\/person\/a69d71e41a024999b6ab82369ac0bd1e\"},\"headline\":\"FORAM SULAMERICANOS MAIS DA METADE DOS TURISTAS ESTRANGEIROS EM 2016\",\"datePublished\":\"2017-07-27T04:00:08+00:00\",\"mainEntityOfPage\":{\"@id\":\"https:\/\/www.travel3.com.br\/site\/sem-categoria\/foram-sulamericanos-mais-da-metade-dos-turistas-estrangeiros-em-2016\/\"},\"wordCount\":484,\"commentCount\":0,\"publisher\":{\"@id\":\"https:\/\/www.travel3.com.br\/site\/#organization\"},\"inLanguage\":\"pt-BR\",\"potentialAction\":[{\"@type\":\"CommentAction\",\"name\":\"Comment\",\"target\":[\"https:\/\/www.travel3.com.br\/site\/sem-categoria\/foram-sulamericanos-mais-da-metade-dos-turistas-estrangeiros-em-2016\/#respond\"]}]},{\"@type\":\"WebPage\",\"@id\":\"https:\/\/www.travel3.com.br\/site\/sem-categoria\/foram-sulamericanos-mais-da-metade-dos-turistas-estrangeiros-em-2016\/\",\"url\":\"https:\/\/www.travel3.com.br\/site\/sem-categoria\/foram-sulamericanos-mais-da-metade-dos-turistas-estrangeiros-em-2016\/\",\"name\":\"FORAM SULAMERICANOS MAIS DA METADE DOS TURISTAS ESTRANGEIROS EM 2016 - Travel3\",\"isPartOf\":{\"@id\":\"https:\/\/www.travel3.com.br\/site\/#website\"},\"datePublished\":\"2017-07-27T04:00:08+00:00\",\"description\":\"A TRAVEL3 \u00e9 um portal de conte\u00fado voltado para o turismo, encontre destinos, viagens, hospedagem, passagens, guias, not\u00edcias sobre o mercado do turismo, dicas de viagem, v\u00eddeos e podcast.\",\"breadcrumb\":{\"@id\":\"https:\/\/www.travel3.com.br\/site\/sem-categoria\/foram-sulamericanos-mais-da-metade-dos-turistas-estrangeiros-em-2016\/#breadcrumb\"},\"inLanguage\":\"pt-BR\",\"potentialAction\":[{\"@type\":\"ReadAction\",\"target\":[\"https:\/\/www.travel3.com.br\/site\/sem-categoria\/foram-sulamericanos-mais-da-metade-dos-turistas-estrangeiros-em-2016\/\"]}]},{\"@type\":\"BreadcrumbList\",\"@id\":\"https:\/\/www.travel3.com.br\/site\/sem-categoria\/foram-sulamericanos-mais-da-metade-dos-turistas-estrangeiros-em-2016\/#breadcrumb\",\"itemListElement\":[{\"@type\":\"ListItem\",\"position\":1,\"name\":\"In\u00edcio\",\"item\":\"https:\/\/www.travel3.com.br\/site\/\"},{\"@type\":\"ListItem\",\"position\":2,\"name\":\"FORAM SULAMERICANOS MAIS DA METADE DOS TURISTAS ESTRANGEIROS EM 2016\"}]},{\"@type\":\"WebSite\",\"@id\":\"https:\/\/www.travel3.com.br\/site\/#website\",\"url\":\"https:\/\/www.travel3.com.br\/site\/\",\"name\":\"Travel3\",\"description\":\"Lazer + Neg&oacute;cios + Aventura\",\"publisher\":{\"@id\":\"https:\/\/www.travel3.com.br\/site\/#organization\"},\"potentialAction\":[{\"@type\":\"SearchAction\",\"target\":{\"@type\":\"EntryPoint\",\"urlTemplate\":\"https:\/\/www.travel3.com.br\/site\/?s={search_term_string}\"},\"query-input\":{\"@type\":\"PropertyValueSpecification\",\"valueRequired\":true,\"valueName\":\"search_term_string\"}}],\"inLanguage\":\"pt-BR\"},{\"@type\":\"Organization\",\"@id\":\"https:\/\/www.travel3.com.br\/site\/#organization\",\"name\":\"Travel3\",\"url\":\"https:\/\/www.travel3.com.br\/site\/\",\"logo\":{\"@type\":\"ImageObject\",\"inLanguage\":\"pt-BR\",\"@id\":\"https:\/\/www.travel3.com.br\/site\/#\/schema\/logo\/image\/\",\"url\":\"https:\/\/www.travel3.com.br\/site\/wp-content\/uploads\/2020\/01\/logo-travel3-2020.png\",\"contentUrl\":\"https:\/\/www.travel3.com.br\/site\/wp-content\/uploads\/2020\/01\/logo-travel3-2020.png\",\"width\":232,\"height\":79,\"caption\":\"Travel3\"},\"image\":{\"@id\":\"https:\/\/www.travel3.com.br\/site\/#\/schema\/logo\/image\/\"},\"sameAs\":[\"https:\/\/www.facebook.com\/travel3media\/\",\"https:\/\/www.instagram.com\/revistatravel3\/\",\"https:\/\/www.youtube.com\/channel\/UCno7J4paGBR3VbZQzvoJ9Eg\"]},{\"@type\":\"Person\",\"@id\":\"https:\/\/www.travel3.com.br\/site\/#\/schema\/person\/a69d71e41a024999b6ab82369ac0bd1e\",\"name\":\"admin\",\"image\":{\"@type\":\"ImageObject\",\"inLanguage\":\"pt-BR\",\"@id\":\"https:\/\/www.travel3.com.br\/site\/#\/schema\/person\/image\/\",\"url\":\"https:\/\/secure.gravatar.com\/avatar\/732a67adfd764da2a47ba10ce731c4c0?s=96&d=mm&r=g\",\"contentUrl\":\"https:\/\/secure.gravatar.com\/avatar\/732a67adfd764da2a47ba10ce731c4c0?s=96&d=mm&r=g\",\"caption\":\"admin\"},\"url\":\"https:\/\/www.travel3.com.br\/site\/author\/admin\/\"}]}<\/script>\n<!-- \/ Yoast SEO plugin. -->","yoast_head_json":{"title":"FORAM SULAMERICANOS MAIS DA METADE DOS TURISTAS ESTRANGEIROS EM 2016 - Travel3","description":"A TRAVEL3 \u00e9 um portal de conte\u00fado voltado para o turismo, encontre destinos, viagens, hospedagem, passagens, guias, not\u00edcias sobre o mercado do turismo, dicas de viagem, v\u00eddeos e podcast.","robots":{"index":"index","follow":"follow","max-snippet":"max-snippet:-1","max-image-preview":"max-image-preview:large","max-video-preview":"max-video-preview:-1"},"canonical":"https:\/\/www.travel3.com.br\/site\/sem-categoria\/foram-sulamericanos-mais-da-metade-dos-turistas-estrangeiros-em-2016\/","og_locale":"pt_BR","og_type":"article","og_title":"FORAM SULAMERICANOS MAIS DA METADE DOS TURISTAS ESTRANGEIROS EM 2016 - Travel3","og_description":"A TRAVEL3 \u00e9 um portal de conte\u00fado voltado para o turismo, encontre destinos, viagens, hospedagem, passagens, guias, not\u00edcias sobre o mercado do turismo, dicas de viagem, v\u00eddeos e podcast.","og_url":"https:\/\/www.travel3.com.br\/site\/sem-categoria\/foram-sulamericanos-mais-da-metade-dos-turistas-estrangeiros-em-2016\/","og_site_name":"Travel3","article_publisher":"https:\/\/www.facebook.com\/travel3media\/","article_published_time":"2017-07-27T04:00:08+00:00","author":"admin","twitter_card":"summary_large_image","twitter_misc":{"Escrito por":"admin","Est. tempo de leitura":"2 minutos"},"schema":{"@context":"https:\/\/schema.org","@graph":[{"@type":"Article","@id":"https:\/\/www.travel3.com.br\/site\/sem-categoria\/foram-sulamericanos-mais-da-metade-dos-turistas-estrangeiros-em-2016\/#article","isPartOf":{"@id":"https:\/\/www.travel3.com.br\/site\/sem-categoria\/foram-sulamericanos-mais-da-metade-dos-turistas-estrangeiros-em-2016\/"},"author":{"name":"admin","@id":"https:\/\/www.travel3.com.br\/site\/#\/schema\/person\/a69d71e41a024999b6ab82369ac0bd1e"},"headline":"FORAM SULAMERICANOS MAIS DA METADE DOS TURISTAS ESTRANGEIROS EM 2016","datePublished":"2017-07-27T04:00:08+00:00","mainEntityOfPage":{"@id":"https:\/\/www.travel3.com.br\/site\/sem-categoria\/foram-sulamericanos-mais-da-metade-dos-turistas-estrangeiros-em-2016\/"},"wordCount":484,"commentCount":0,"publisher":{"@id":"https:\/\/www.travel3.com.br\/site\/#organization"},"inLanguage":"pt-BR","potentialAction":[{"@type":"CommentAction","name":"Comment","target":["https:\/\/www.travel3.com.br\/site\/sem-categoria\/foram-sulamericanos-mais-da-metade-dos-turistas-estrangeiros-em-2016\/#respond"]}]},{"@type":"WebPage","@id":"https:\/\/www.travel3.com.br\/site\/sem-categoria\/foram-sulamericanos-mais-da-metade-dos-turistas-estrangeiros-em-2016\/","url":"https:\/\/www.travel3.com.br\/site\/sem-categoria\/foram-sulamericanos-mais-da-metade-dos-turistas-estrangeiros-em-2016\/","name":"FORAM SULAMERICANOS MAIS DA METADE DOS TURISTAS ESTRANGEIROS EM 2016 - Travel3","isPartOf":{"@id":"https:\/\/www.travel3.com.br\/site\/#website"},"datePublished":"2017-07-27T04:00:08+00:00","description":"A TRAVEL3 \u00e9 um portal de conte\u00fado voltado para o turismo, encontre destinos, viagens, hospedagem, passagens, guias, not\u00edcias sobre o mercado do turismo, dicas de viagem, v\u00eddeos e podcast.","breadcrumb":{"@id":"https:\/\/www.travel3.com.br\/site\/sem-categoria\/foram-sulamericanos-mais-da-metade-dos-turistas-estrangeiros-em-2016\/#breadcrumb"},"inLanguage":"pt-BR","potentialAction":[{"@type":"ReadAction","target":["https:\/\/www.travel3.com.br\/site\/sem-categoria\/foram-sulamericanos-mais-da-metade-dos-turistas-estrangeiros-em-2016\/"]}]},{"@type":"BreadcrumbList","@id":"https:\/\/www.travel3.com.br\/site\/sem-categoria\/foram-sulamericanos-mais-da-metade-dos-turistas-estrangeiros-em-2016\/#breadcrumb","itemListElement":[{"@type":"ListItem","position":1,"name":"In\u00edcio","item":"https:\/\/www.travel3.com.br\/site\/"},{"@type":"ListItem","position":2,"name":"FORAM SULAMERICANOS MAIS DA METADE DOS TURISTAS ESTRANGEIROS EM 2016"}]},{"@type":"WebSite","@id":"https:\/\/www.travel3.com.br\/site\/#website","url":"https:\/\/www.travel3.com.br\/site\/","name":"Travel3","description":"Lazer + Neg&oacute;cios + Aventura","publisher":{"@id":"https:\/\/www.travel3.com.br\/site\/#organization"},"potentialAction":[{"@type":"SearchAction","target":{"@type":"EntryPoint","urlTemplate":"https:\/\/www.travel3.com.br\/site\/?s={search_term_string}"},"query-input":{"@type":"PropertyValueSpecification","valueRequired":true,"valueName":"search_term_string"}}],"inLanguage":"pt-BR"},{"@type":"Organization","@id":"https:\/\/www.travel3.com.br\/site\/#organization","name":"Travel3","url":"https:\/\/www.travel3.com.br\/site\/","logo":{"@type":"ImageObject","inLanguage":"pt-BR","@id":"https:\/\/www.travel3.com.br\/site\/#\/schema\/logo\/image\/","url":"https:\/\/www.travel3.com.br\/site\/wp-content\/uploads\/2020\/01\/logo-travel3-2020.png","contentUrl":"https:\/\/www.travel3.com.br\/site\/wp-content\/uploads\/2020\/01\/logo-travel3-2020.png","width":232,"height":79,"caption":"Travel3"},"image":{"@id":"https:\/\/www.travel3.com.br\/site\/#\/schema\/logo\/image\/"},"sameAs":["https:\/\/www.facebook.com\/travel3media\/","https:\/\/www.instagram.com\/revistatravel3\/","https:\/\/www.youtube.com\/channel\/UCno7J4paGBR3VbZQzvoJ9Eg"]},{"@type":"Person","@id":"https:\/\/www.travel3.com.br\/site\/#\/schema\/person\/a69d71e41a024999b6ab82369ac0bd1e","name":"admin","image":{"@type":"ImageObject","inLanguage":"pt-BR","@id":"https:\/\/www.travel3.com.br\/site\/#\/schema\/person\/image\/","url":"https:\/\/secure.gravatar.com\/avatar\/732a67adfd764da2a47ba10ce731c4c0?s=96&d=mm&r=g","contentUrl":"https:\/\/secure.gravatar.com\/avatar\/732a67adfd764da2a47ba10ce731c4c0?s=96&d=mm&r=g","caption":"admin"},"url":"https:\/\/www.travel3.com.br\/site\/author\/admin\/"}]}},"_links":{"self":[{"href":"https:\/\/www.travel3.com.br\/site\/wp-json\/wp\/v2\/posts\/2217","targetHints":{"allow":["GET"]}}],"collection":[{"href":"https:\/\/www.travel3.com.br\/site\/wp-json\/wp\/v2\/posts"}],"about":[{"href":"https:\/\/www.travel3.com.br\/site\/wp-json\/wp\/v2\/types\/post"}],"author":[{"embeddable":true,"href":"https:\/\/www.travel3.com.br\/site\/wp-json\/wp\/v2\/users\/1"}],"replies":[{"embeddable":true,"href":"https:\/\/www.travel3.com.br\/site\/wp-json\/wp\/v2\/comments?post=2217"}],"version-history":[{"count":0,"href":"https:\/\/www.travel3.com.br\/site\/wp-json\/wp\/v2\/posts\/2217\/revisions"}],"wp:attachment":[{"href":"https:\/\/www.travel3.com.br\/site\/wp-json\/wp\/v2\/media?parent=2217"}],"wp:term":[{"taxonomy":"category","embeddable":true,"href":"https:\/\/www.travel3.com.br\/site\/wp-json\/wp\/v2\/categories?post=2217"},{"taxonomy":"post_tag","embeddable":true,"href":"https:\/\/www.travel3.com.br\/site\/wp-json\/wp\/v2\/tags?post=2217"}],"curies":[{"name":"wp","href":"https:\/\/api.w.org\/{rel}","templated":true}]}}