{"id":2214,"date":"2017-09-05T05:15:24","date_gmt":"2017-09-05T05:15:24","guid":{"rendered":"http:\/\/www.travel3.com.br\/site\/ir-e-vir\/ar\/avianca-brasil-confirma-expansao-internacional\/"},"modified":"2017-09-05T05:15:24","modified_gmt":"2017-09-05T05:15:24","slug":"avianca-brasil-confirma-expansao-internacional","status":"publish","type":"post","link":"https:\/\/www.travel3.com.br\/site\/sem-categoria\/avianca-brasil-confirma-expansao-internacional\/","title":{"rendered":"AVIANCA BRASIL CONFIRMA EXPANS\u00c3O INTERNACIONAL"},"content":{"rendered":"<p><span style=\"color: #40acad; font-family: -apple-system, system-ui, 'Segoe UI', Roboto, Oxygen-Sans, Ubuntu, Cantarell, 'Helvetica Neue', sans-serif; font-size: 12px; font-weight: bold;\"><\/p>\n<p style=\"text-align:justify\">No momento muito especial para a companhia, depois de ter fechado o ano cr\u00edtico de 2016 com 14% de crescimento\u00a0 e 15% em movimento, confirmando-se como a 18\u00aa. empresa a\u00e9rea mais pontual do mundo, a Avianca Brasil confirma um voo mais longo. \u00a0Na apresenta\u00e7\u00e3o feita na manh\u00e3 desta ter\u00e7a (4), coincidente com a abertura da WTM Latin America e Encontro BRAZTOA, a alta dire\u00e7\u00e3o da companhia confirmou que ter\u00e1 voos para Miami e Santiago do Chile.<\/p>\n<p style=\"text-align:justify\">Miami, 23 de junho, com vendas j\u00e1 abertas, significar\u00e1 500 lugares entre ida e volta, o mesmo para Santiago que ainda n\u00e3o teve a data oficial anunciada; Mill lugares a mais no quadro geral de vendas, com previs\u00e3o de 80% de comercializa\u00e7\u00e3o.<\/p>\n<p style=\"text-align:justify\">O A330 da companhia que voa como cargueiro h\u00e1 um pouco mais de um ano, ter\u00e1 a companhia da nova aeronave que chegou na semana passada, justamente para os voos internacionais, com 206 passageiros na econ\u00f4mica, 32 na executiva. Outros dois chegar\u00e3o nas pr\u00f3ximas duas semanas.<\/p>\n<p style=\"text-align:justify\">Em um primeiro momento o wi-fi n\u00e3o estar\u00e1 dispon\u00edvel para os voos internacionais, a id\u00e9ia \u00e9 completar a frota atual de 47 aeronaves que j\u00e1 conta com este equipamento obtendo grande sucesso.<\/p>\n<p style=\"text-align:justify\"><strong>FIDELIDADE AMPLIADA<\/strong><\/p>\n<p style=\"text-align:justify\">Jos\u00e9 Efromovich fundador da companhia e presidente do Conselho, o presidente Frederico Pedreira e Tarcisio Gargioni vice-presidente de Marketing e Vendas comandaram a coletiva de apresenta\u00e7ao nesta manh\u00e3. numa suite do Tivoli Mofarrej, na regi\u00e3o dos Jardins, em S\u00e3o Paulo. Al\u00e9m do anuncio dos dois destinos internacionais, houve tamb\u00e9m indica\u00e7\u00f5es.<\/p>\n<p style=\"text-align:justify\"><a class=\"fancybox-media\" href=\"..\/_uploads\/_noticia\/2017-04\/dscn7830--3-.jpg\" rel=\"portfolio\"><img decoding=\"async\" alt=\"\" src=\"..\/_uploads\/_noticia\/2017-04\/dscn7830--3-.jpg\" \/><\/a><\/p>\n<p style=\"text-align:justify\">Como o de um terceiro destino internacional ainda neste ano &#8211; possivelmente Europa. Al\u00e9m disso, o\u00a0 presidente Frederico Pedreira anunciou uma outra importante novidade. A Avianca Brasil ter\u00e1 o maior numero de assentos disponiveis para a troca de bilhetes por pontos. &#8220;Todos os voos da companhia estar\u00e3o neste servi\u00e7o at\u00e9 o final deste mes de abril.&#8221;<\/p>\n<p style=\"text-align:justify\">Os cart\u00f5es do programa Amigo j\u00e1 somam mais de 4 milh\u00f5es de clientes beneficiados e vai se tornar o maior facilitador do setor a\u00e9reo para a emiss\u00e3o de passagens.<\/p>\n<p style=\"text-align:justify\">O crescimento fda empresa foi destacado em v\u00e1rios aspectos, \u2018voando alto mas fazendo quest\u00e3o de ter os p\u00e9s no ch\u00e3o\u2019, como disse Jos\u00e9 Efromovich, ao salientar \u00edndices como a utiliza\u00e7\u00e3o da internet a bordo, mais de 100 mil usu\u00e1rios. E os dados que se refletem nos n\u00fameros da Star Alliance<\/p>\n<p><a class=\"fancybox-media\" href=\"..\/_uploads\/_noticia\/2017-04\/dscn7829--2-.jpg\" rel=\"portfolio\"><img decoding=\"async\" alt=\"\" src=\"..\/_uploads\/_noticia\/2017-04\/dscn7829--2-.jpg\" \/><\/a> Desde 2010, a companhia vem em um crescimento progressivo.\u00a0 foram acrescentados 7 destinos, colocou as 47 aeronaves com a despedida dos Fokker-F100 em 2015<\/p>\n<p style=\"text-align:justify\">Nas opera\u00e7\u00f5es internacionais que ganham foco depois deste anuncio, mais de 400 novos funcion\u00e1rios est\u00e3o sendo incorporados, no Brasil e exterior. Para Gargioni, dos 11 milh\u00f5es de passageiros previstos neste ano, a previs\u00e3o \u00e9 de quase 800 mil na faixa internacional, com o fluxo de brasileiros para os Estados Unidos e Santiago, dois destinos de tr\u00e1fego para as duas m\u00e3os.<\/p>\n<p style=\"text-align:justify\">A Avianca Brasil j\u00e1 opera um voo internacional partindo de Fortaleza para Bogot\u00e1, mas com equipamento menor, o A319.. Um dos novos\u00a0 A330 estar\u00e1 voando durante dois meses na rota de\u00a0 S\u00e3o Paulo para a capital cearense no ajuste de tr\u00e1fego e equipes da empresa.<\/p>\n<p style=\"text-align:justify\">O voo para Miami, com numera\u00e7\u00e3o 8510 &#8211; ter\u00e1 partida \u00e0s 23h55, hora Brasilia, com chegada nos EUA \u00e0s 7h25. No sentido inverso, o 8511 decolar\u00e1 \u00e0s 19h30 (hora local), com chegada em S\u00e3o Paulo \u00e0s 05h00<\/p>\n<p style=\"text-align:justify\">\u00a0<\/p>\n<p style=\"text-align:justify\">\u00a0<\/p>\n<p>\u00a0<\/p>\n<p><\/span><\/p>\n","protected":false},"excerpt":{"rendered":"<p>Com incorpora\u00e7\u00e3o de mais  avioes A330,  dia 23 de junho  abre Miami, um dos principais destinos do turismo internacional a partir do Brasil<\/p>\n","protected":false},"author":1,"featured_media":0,"comment_status":"open","ping_status":"open","sticky":false,"template":"","format":"standard","meta":{"footnotes":""},"categories":[],"tags":[],"class_list":["post-2214","post","type-post","status-publish","format-standard","hentry"],"yoast_head":"<!-- This site is optimized with the Yoast SEO plugin v26.2 - https:\/\/yoast.com\/wordpress\/plugins\/seo\/ -->\n<title>AVIANCA BRASIL CONFIRMA EXPANS\u00c3O INTERNACIONAL - Travel3<\/title>\n<meta name=\"description\" content=\"A TRAVEL3 \u00e9 um portal de conte\u00fado voltado para o turismo, encontre destinos, viagens, hospedagem, passagens, guias, not\u00edcias sobre o mercado do turismo, dicas de viagem, v\u00eddeos e podcast.\" \/>\n<meta name=\"robots\" content=\"index, follow, max-snippet:-1, max-image-preview:large, max-video-preview:-1\" \/>\n<link rel=\"canonical\" href=\"https:\/\/www.travel3.com.br\/site\/sem-categoria\/avianca-brasil-confirma-expansao-internacional\/\" \/>\n<meta property=\"og:locale\" content=\"pt_BR\" \/>\n<meta property=\"og:type\" content=\"article\" \/>\n<meta property=\"og:title\" content=\"AVIANCA BRASIL CONFIRMA EXPANS\u00c3O INTERNACIONAL - Travel3\" \/>\n<meta property=\"og:description\" content=\"A TRAVEL3 \u00e9 um portal de conte\u00fado voltado para o turismo, encontre destinos, viagens, hospedagem, passagens, guias, not\u00edcias sobre o mercado do turismo, dicas de viagem, v\u00eddeos e podcast.\" \/>\n<meta property=\"og:url\" content=\"https:\/\/www.travel3.com.br\/site\/sem-categoria\/avianca-brasil-confirma-expansao-internacional\/\" \/>\n<meta property=\"og:site_name\" content=\"Travel3\" \/>\n<meta property=\"article:publisher\" content=\"https:\/\/www.facebook.com\/travel3media\/\" \/>\n<meta property=\"article:published_time\" content=\"2017-09-05T05:15:24+00:00\" \/>\n<meta name=\"author\" content=\"admin\" \/>\n<meta name=\"twitter:card\" content=\"summary_large_image\" \/>\n<meta name=\"twitter:label1\" content=\"Escrito por\" \/>\n\t<meta name=\"twitter:data1\" content=\"admin\" \/>\n\t<meta name=\"twitter:label2\" content=\"Est. tempo de leitura\" \/>\n\t<meta name=\"twitter:data2\" content=\"3 minutos\" \/>\n<script type=\"application\/ld+json\" class=\"yoast-schema-graph\">{\"@context\":\"https:\/\/schema.org\",\"@graph\":[{\"@type\":\"Article\",\"@id\":\"https:\/\/www.travel3.com.br\/site\/sem-categoria\/avianca-brasil-confirma-expansao-internacional\/#article\",\"isPartOf\":{\"@id\":\"https:\/\/www.travel3.com.br\/site\/sem-categoria\/avianca-brasil-confirma-expansao-internacional\/\"},\"author\":{\"name\":\"admin\",\"@id\":\"https:\/\/www.travel3.com.br\/site\/#\/schema\/person\/a69d71e41a024999b6ab82369ac0bd1e\"},\"headline\":\"AVIANCA BRASIL CONFIRMA EXPANS\u00c3O INTERNACIONAL\",\"datePublished\":\"2017-09-05T05:15:24+00:00\",\"mainEntityOfPage\":{\"@id\":\"https:\/\/www.travel3.com.br\/site\/sem-categoria\/avianca-brasil-confirma-expansao-internacional\/\"},\"wordCount\":576,\"commentCount\":0,\"publisher\":{\"@id\":\"https:\/\/www.travel3.com.br\/site\/#organization\"},\"inLanguage\":\"pt-BR\",\"potentialAction\":[{\"@type\":\"CommentAction\",\"name\":\"Comment\",\"target\":[\"https:\/\/www.travel3.com.br\/site\/sem-categoria\/avianca-brasil-confirma-expansao-internacional\/#respond\"]}]},{\"@type\":\"WebPage\",\"@id\":\"https:\/\/www.travel3.com.br\/site\/sem-categoria\/avianca-brasil-confirma-expansao-internacional\/\",\"url\":\"https:\/\/www.travel3.com.br\/site\/sem-categoria\/avianca-brasil-confirma-expansao-internacional\/\",\"name\":\"AVIANCA BRASIL CONFIRMA EXPANS\u00c3O INTERNACIONAL - Travel3\",\"isPartOf\":{\"@id\":\"https:\/\/www.travel3.com.br\/site\/#website\"},\"datePublished\":\"2017-09-05T05:15:24+00:00\",\"description\":\"A TRAVEL3 \u00e9 um portal de conte\u00fado voltado para o turismo, encontre destinos, viagens, hospedagem, passagens, guias, not\u00edcias sobre o mercado do turismo, dicas de viagem, v\u00eddeos e podcast.\",\"breadcrumb\":{\"@id\":\"https:\/\/www.travel3.com.br\/site\/sem-categoria\/avianca-brasil-confirma-expansao-internacional\/#breadcrumb\"},\"inLanguage\":\"pt-BR\",\"potentialAction\":[{\"@type\":\"ReadAction\",\"target\":[\"https:\/\/www.travel3.com.br\/site\/sem-categoria\/avianca-brasil-confirma-expansao-internacional\/\"]}]},{\"@type\":\"BreadcrumbList\",\"@id\":\"https:\/\/www.travel3.com.br\/site\/sem-categoria\/avianca-brasil-confirma-expansao-internacional\/#breadcrumb\",\"itemListElement\":[{\"@type\":\"ListItem\",\"position\":1,\"name\":\"In\u00edcio\",\"item\":\"https:\/\/www.travel3.com.br\/site\/\"},{\"@type\":\"ListItem\",\"position\":2,\"name\":\"AVIANCA BRASIL CONFIRMA EXPANS\u00c3O INTERNACIONAL\"}]},{\"@type\":\"WebSite\",\"@id\":\"https:\/\/www.travel3.com.br\/site\/#website\",\"url\":\"https:\/\/www.travel3.com.br\/site\/\",\"name\":\"Travel3\",\"description\":\"Lazer + Neg&oacute;cios + Aventura\",\"publisher\":{\"@id\":\"https:\/\/www.travel3.com.br\/site\/#organization\"},\"potentialAction\":[{\"@type\":\"SearchAction\",\"target\":{\"@type\":\"EntryPoint\",\"urlTemplate\":\"https:\/\/www.travel3.com.br\/site\/?s={search_term_string}\"},\"query-input\":{\"@type\":\"PropertyValueSpecification\",\"valueRequired\":true,\"valueName\":\"search_term_string\"}}],\"inLanguage\":\"pt-BR\"},{\"@type\":\"Organization\",\"@id\":\"https:\/\/www.travel3.com.br\/site\/#organization\",\"name\":\"Travel3\",\"url\":\"https:\/\/www.travel3.com.br\/site\/\",\"logo\":{\"@type\":\"ImageObject\",\"inLanguage\":\"pt-BR\",\"@id\":\"https:\/\/www.travel3.com.br\/site\/#\/schema\/logo\/image\/\",\"url\":\"https:\/\/www.travel3.com.br\/site\/wp-content\/uploads\/2020\/01\/logo-travel3-2020.png\",\"contentUrl\":\"https:\/\/www.travel3.com.br\/site\/wp-content\/uploads\/2020\/01\/logo-travel3-2020.png\",\"width\":232,\"height\":79,\"caption\":\"Travel3\"},\"image\":{\"@id\":\"https:\/\/www.travel3.com.br\/site\/#\/schema\/logo\/image\/\"},\"sameAs\":[\"https:\/\/www.facebook.com\/travel3media\/\",\"https:\/\/www.instagram.com\/revistatravel3\/\",\"https:\/\/www.youtube.com\/channel\/UCno7J4paGBR3VbZQzvoJ9Eg\"]},{\"@type\":\"Person\",\"@id\":\"https:\/\/www.travel3.com.br\/site\/#\/schema\/person\/a69d71e41a024999b6ab82369ac0bd1e\",\"name\":\"admin\",\"image\":{\"@type\":\"ImageObject\",\"inLanguage\":\"pt-BR\",\"@id\":\"https:\/\/www.travel3.com.br\/site\/#\/schema\/person\/image\/\",\"url\":\"https:\/\/secure.gravatar.com\/avatar\/732a67adfd764da2a47ba10ce731c4c0?s=96&d=mm&r=g\",\"contentUrl\":\"https:\/\/secure.gravatar.com\/avatar\/732a67adfd764da2a47ba10ce731c4c0?s=96&d=mm&r=g\",\"caption\":\"admin\"},\"url\":\"https:\/\/www.travel3.com.br\/site\/author\/admin\/\"}]}<\/script>\n<!-- \/ Yoast SEO plugin. -->","yoast_head_json":{"title":"AVIANCA BRASIL CONFIRMA EXPANS\u00c3O INTERNACIONAL - Travel3","description":"A TRAVEL3 \u00e9 um portal de conte\u00fado voltado para o turismo, encontre destinos, viagens, hospedagem, passagens, guias, not\u00edcias sobre o mercado do turismo, dicas de viagem, v\u00eddeos e podcast.","robots":{"index":"index","follow":"follow","max-snippet":"max-snippet:-1","max-image-preview":"max-image-preview:large","max-video-preview":"max-video-preview:-1"},"canonical":"https:\/\/www.travel3.com.br\/site\/sem-categoria\/avianca-brasil-confirma-expansao-internacional\/","og_locale":"pt_BR","og_type":"article","og_title":"AVIANCA BRASIL CONFIRMA EXPANS\u00c3O INTERNACIONAL - Travel3","og_description":"A TRAVEL3 \u00e9 um portal de conte\u00fado voltado para o turismo, encontre destinos, viagens, hospedagem, passagens, guias, not\u00edcias sobre o mercado do turismo, dicas de viagem, v\u00eddeos e podcast.","og_url":"https:\/\/www.travel3.com.br\/site\/sem-categoria\/avianca-brasil-confirma-expansao-internacional\/","og_site_name":"Travel3","article_publisher":"https:\/\/www.facebook.com\/travel3media\/","article_published_time":"2017-09-05T05:15:24+00:00","author":"admin","twitter_card":"summary_large_image","twitter_misc":{"Escrito por":"admin","Est. tempo de leitura":"3 minutos"},"schema":{"@context":"https:\/\/schema.org","@graph":[{"@type":"Article","@id":"https:\/\/www.travel3.com.br\/site\/sem-categoria\/avianca-brasil-confirma-expansao-internacional\/#article","isPartOf":{"@id":"https:\/\/www.travel3.com.br\/site\/sem-categoria\/avianca-brasil-confirma-expansao-internacional\/"},"author":{"name":"admin","@id":"https:\/\/www.travel3.com.br\/site\/#\/schema\/person\/a69d71e41a024999b6ab82369ac0bd1e"},"headline":"AVIANCA BRASIL CONFIRMA EXPANS\u00c3O INTERNACIONAL","datePublished":"2017-09-05T05:15:24+00:00","mainEntityOfPage":{"@id":"https:\/\/www.travel3.com.br\/site\/sem-categoria\/avianca-brasil-confirma-expansao-internacional\/"},"wordCount":576,"commentCount":0,"publisher":{"@id":"https:\/\/www.travel3.com.br\/site\/#organization"},"inLanguage":"pt-BR","potentialAction":[{"@type":"CommentAction","name":"Comment","target":["https:\/\/www.travel3.com.br\/site\/sem-categoria\/avianca-brasil-confirma-expansao-internacional\/#respond"]}]},{"@type":"WebPage","@id":"https:\/\/www.travel3.com.br\/site\/sem-categoria\/avianca-brasil-confirma-expansao-internacional\/","url":"https:\/\/www.travel3.com.br\/site\/sem-categoria\/avianca-brasil-confirma-expansao-internacional\/","name":"AVIANCA BRASIL CONFIRMA EXPANS\u00c3O INTERNACIONAL - Travel3","isPartOf":{"@id":"https:\/\/www.travel3.com.br\/site\/#website"},"datePublished":"2017-09-05T05:15:24+00:00","description":"A TRAVEL3 \u00e9 um portal de conte\u00fado voltado para o turismo, encontre destinos, viagens, hospedagem, passagens, guias, not\u00edcias sobre o mercado do turismo, dicas de viagem, v\u00eddeos e podcast.","breadcrumb":{"@id":"https:\/\/www.travel3.com.br\/site\/sem-categoria\/avianca-brasil-confirma-expansao-internacional\/#breadcrumb"},"inLanguage":"pt-BR","potentialAction":[{"@type":"ReadAction","target":["https:\/\/www.travel3.com.br\/site\/sem-categoria\/avianca-brasil-confirma-expansao-internacional\/"]}]},{"@type":"BreadcrumbList","@id":"https:\/\/www.travel3.com.br\/site\/sem-categoria\/avianca-brasil-confirma-expansao-internacional\/#breadcrumb","itemListElement":[{"@type":"ListItem","position":1,"name":"In\u00edcio","item":"https:\/\/www.travel3.com.br\/site\/"},{"@type":"ListItem","position":2,"name":"AVIANCA BRASIL CONFIRMA EXPANS\u00c3O INTERNACIONAL"}]},{"@type":"WebSite","@id":"https:\/\/www.travel3.com.br\/site\/#website","url":"https:\/\/www.travel3.com.br\/site\/","name":"Travel3","description":"Lazer + Neg&oacute;cios + Aventura","publisher":{"@id":"https:\/\/www.travel3.com.br\/site\/#organization"},"potentialAction":[{"@type":"SearchAction","target":{"@type":"EntryPoint","urlTemplate":"https:\/\/www.travel3.com.br\/site\/?s={search_term_string}"},"query-input":{"@type":"PropertyValueSpecification","valueRequired":true,"valueName":"search_term_string"}}],"inLanguage":"pt-BR"},{"@type":"Organization","@id":"https:\/\/www.travel3.com.br\/site\/#organization","name":"Travel3","url":"https:\/\/www.travel3.com.br\/site\/","logo":{"@type":"ImageObject","inLanguage":"pt-BR","@id":"https:\/\/www.travel3.com.br\/site\/#\/schema\/logo\/image\/","url":"https:\/\/www.travel3.com.br\/site\/wp-content\/uploads\/2020\/01\/logo-travel3-2020.png","contentUrl":"https:\/\/www.travel3.com.br\/site\/wp-content\/uploads\/2020\/01\/logo-travel3-2020.png","width":232,"height":79,"caption":"Travel3"},"image":{"@id":"https:\/\/www.travel3.com.br\/site\/#\/schema\/logo\/image\/"},"sameAs":["https:\/\/www.facebook.com\/travel3media\/","https:\/\/www.instagram.com\/revistatravel3\/","https:\/\/www.youtube.com\/channel\/UCno7J4paGBR3VbZQzvoJ9Eg"]},{"@type":"Person","@id":"https:\/\/www.travel3.com.br\/site\/#\/schema\/person\/a69d71e41a024999b6ab82369ac0bd1e","name":"admin","image":{"@type":"ImageObject","inLanguage":"pt-BR","@id":"https:\/\/www.travel3.com.br\/site\/#\/schema\/person\/image\/","url":"https:\/\/secure.gravatar.com\/avatar\/732a67adfd764da2a47ba10ce731c4c0?s=96&d=mm&r=g","contentUrl":"https:\/\/secure.gravatar.com\/avatar\/732a67adfd764da2a47ba10ce731c4c0?s=96&d=mm&r=g","caption":"admin"},"url":"https:\/\/www.travel3.com.br\/site\/author\/admin\/"}]}},"_links":{"self":[{"href":"https:\/\/www.travel3.com.br\/site\/wp-json\/wp\/v2\/posts\/2214","targetHints":{"allow":["GET"]}}],"collection":[{"href":"https:\/\/www.travel3.com.br\/site\/wp-json\/wp\/v2\/posts"}],"about":[{"href":"https:\/\/www.travel3.com.br\/site\/wp-json\/wp\/v2\/types\/post"}],"author":[{"embeddable":true,"href":"https:\/\/www.travel3.com.br\/site\/wp-json\/wp\/v2\/users\/1"}],"replies":[{"embeddable":true,"href":"https:\/\/www.travel3.com.br\/site\/wp-json\/wp\/v2\/comments?post=2214"}],"version-history":[{"count":0,"href":"https:\/\/www.travel3.com.br\/site\/wp-json\/wp\/v2\/posts\/2214\/revisions"}],"wp:attachment":[{"href":"https:\/\/www.travel3.com.br\/site\/wp-json\/wp\/v2\/media?parent=2214"}],"wp:term":[{"taxonomy":"category","embeddable":true,"href":"https:\/\/www.travel3.com.br\/site\/wp-json\/wp\/v2\/categories?post=2214"},{"taxonomy":"post_tag","embeddable":true,"href":"https:\/\/www.travel3.com.br\/site\/wp-json\/wp\/v2\/tags?post=2214"}],"curies":[{"name":"wp","href":"https:\/\/api.w.org\/{rel}","templated":true}]}}