{"id":22112,"date":"2019-04-22T15:03:24","date_gmt":"2019-04-22T18:03:24","guid":{"rendered":"http:\/\/www.travel3.com.br\/?p=22112"},"modified":"2019-04-22T15:03:49","modified_gmt":"2019-04-22T18:03:49","slug":"sicilia","status":"publish","type":"post","link":"https:\/\/www.travel3.com.br\/site\/acontece-no-turismo\/operadoras\/sicilia\/","title":{"rendered":"Roteiro para a Sic\u00edlia tem acompanhamento de Alessandra Savoia"},"content":{"rendered":"\n<p style=\"font-size:26px;text-align:center\"><strong>Proposta \u00e9 oferecer ao viajante uma completa e aut\u00eantica imers\u00e3o cultural<\/strong> <\/p>\n\n\n\n<p>Com embarque no dia 1\u00ba de junho e retorno no dia 9, a Aurotur est\u00e1 com um roteiro para mostrar aos viajantes as belezas da regi\u00e3o da Sic\u00edlia, na It\u00e1lia. <\/p>\n\n\n\n<p>O pacote inclui 7 noites e a proposta \u00e9 oferecer ao turista uma aut\u00eantica e profunda experi\u00eancia cultural. Destinos ic\u00f4nicos fazem parte do roteiro = Palermo + Monreale + Segesta + Trapani + Selinunte + Agrigento + Siracusa + Etna + Taormina + Cat\u00e2nia + Cefalu, entre outros.<\/p>\n\n\n\n<figure class=\"wp-block-image\"><img loading=\"lazy\" decoding=\"async\" width=\"1024\" height=\"576\" src=\"http:\/\/www.travel3.com.br\/site\/wp-content\/uploads\/2019\/04\/etna-2979915_1920-1024x576.jpg\" alt=\"Sic\u00edlia\" class=\"wp-image-22114\" srcset=\"https:\/\/www.travel3.com.br\/site\/wp-content\/uploads\/2019\/04\/etna-2979915_1920-1024x576.jpg 1024w, https:\/\/www.travel3.com.br\/site\/wp-content\/uploads\/2019\/04\/etna-2979915_1920-300x169.jpg 300w, https:\/\/www.travel3.com.br\/site\/wp-content\/uploads\/2019\/04\/etna-2979915_1920-768x432.jpg 768w, https:\/\/www.travel3.com.br\/site\/wp-content\/uploads\/2019\/04\/etna-2979915_1920-750x422.jpg 750w, https:\/\/www.travel3.com.br\/site\/wp-content\/uploads\/2019\/04\/etna-2979915_1920-1140x641.jpg 1140w, https:\/\/www.travel3.com.br\/site\/wp-content\/uploads\/2019\/04\/etna-2979915_1920.jpg 1920w\" sizes=\"auto, (max-width: 1024px) 100vw, 1024px\" \/><figcaption>Admirar a majestosa vista do vulc\u00e3o Etna \u00e9 um dos pontos altos do tour pela Sic\u00edlia (Fotos: Divulga\u00e7\u00e3o)<\/figcaption><\/figure>\n\n\n\n<p>J\u00e1 a programa\u00e7\u00e3o inclui visitas \u00e0s mais emblem\u00e1ticas atra\u00e7\u00f5es locais, como os famosos templos gregos e romanos da regi\u00e3o, al\u00e9m de outros s\u00edtios hist\u00f3ricos. Ser\u00e1 feita uma degusta\u00e7\u00e3o de azeite em uma fazenda de Selinunte e passeios panor\u00e2micos, a p\u00e9, para contemplar o cen\u00e1rio cinematogr\u00e1fico das v\u00e1rias localidades. E como a gastronomia \u00e9 um dos pontos altos de uma viagem a Sic\u00edlia, est\u00e3o inclu\u00eddas refei\u00e7\u00f5es em lugares apraz\u00edveis.<\/p>\n\n\n\n<figure class=\"wp-block-image\"><img loading=\"lazy\" decoding=\"async\" width=\"1024\" height=\"647\" src=\"http:\/\/www.travel3.com.br\/site\/wp-content\/uploads\/2019\/04\/olive-oil-3803133_1920-1024x647.jpg\" alt=\"Sic\u00edlia\" class=\"wp-image-22116\" srcset=\"https:\/\/www.travel3.com.br\/site\/wp-content\/uploads\/2019\/04\/olive-oil-3803133_1920-1024x647.jpg 1024w, https:\/\/www.travel3.com.br\/site\/wp-content\/uploads\/2019\/04\/olive-oil-3803133_1920-300x190.jpg 300w, https:\/\/www.travel3.com.br\/site\/wp-content\/uploads\/2019\/04\/olive-oil-3803133_1920-768x485.jpg 768w, https:\/\/www.travel3.com.br\/site\/wp-content\/uploads\/2019\/04\/olive-oil-3803133_1920-750x474.jpg 750w, https:\/\/www.travel3.com.br\/site\/wp-content\/uploads\/2019\/04\/olive-oil-3803133_1920-1140x720.jpg 1140w, https:\/\/www.travel3.com.br\/site\/wp-content\/uploads\/2019\/04\/olive-oil-3803133_1920.jpg 1920w\" sizes=\"auto, (max-width: 1024px) 100vw, 1024px\" \/><figcaption>Degusta\u00e7\u00e3o dos azeites locais tem tudo a ver com uma viagem pela Sic\u00edlia<\/figcaption><\/figure>\n\n\n\n<p>A guia do grupo \u00e9 Alessandra Savoia, renomada profissional que dispensa apresenta\u00e7\u00f5es. Com 20 anos de experi\u00eancia, Alessandra \u00e9 formada em Hotelaria e Turismo, fala espanhol, ingl\u00eas, e franc\u00eas e atua em diferentes vertentes do setor. Como Tour Leader se especializou em viagens diferenciadas e ex\u00f3ticas e vem desenvolvendo seu conhecimento em hist\u00f3ria e cultura para agregar conhecimento e riqueza cultural na bagagem dos seus clientes.<\/p>\n\n\n\n<h4 class=\"wp-block-heading\" style=\"text-align:center\">Saiba mais = <a href=\"http:\/\/aurotur.com.br\/index.php\/sicilia-com-guia-brasileiro\">Viagem para a Sic\u00edlia com a Aurotur<\/a><\/h4>\n","protected":false},"excerpt":{"rendered":"<p>Proposta \u00e9 oferecer ao viajante uma completa e aut\u00eantica imers\u00e3o cultural Com embarque no dia 1\u00ba de junho e retorno no dia 9, a Aurotur est\u00e1 com um roteiro para mostrar aos viajantes as belezas da regi\u00e3o da Sic\u00edlia, na It\u00e1lia. O pacote inclui 7 noites e a proposta \u00e9 oferecer ao turista uma aut\u00eantica [&hellip;]<\/p>\n","protected":false},"author":6,"featured_media":22115,"comment_status":"open","ping_status":"open","sticky":false,"template":"","format":"standard","meta":{"footnotes":""},"categories":[884,226,4],"tags":[3183,3460,2613],"class_list":["post-22112","post","type-post","status-publish","format-standard","has-post-thumbnail","hentry","category-comece-a-viajar","category-destaque","category-operadoras","tag-alessandra-savoia","tag-aurotur","tag-sicilia"],"yoast_head":"<!-- This site is optimized with the Yoast SEO plugin v26.2 - https:\/\/yoast.com\/wordpress\/plugins\/seo\/ -->\n<title>Roteiro para a Sic\u00edlia tem acompanhamento de Alessandra Savoia -<\/title>\n<meta name=\"description\" content=\"Roteiro para a regi\u00e3o da Sic\u00edlia, na It\u00e1lia, tem o acompanhamento de Alessandra Savoia, profissional competente com 20 anos de experi\u00eancia\" \/>\n<meta name=\"robots\" content=\"index, follow, max-snippet:-1, max-image-preview:large, max-video-preview:-1\" \/>\n<link rel=\"canonical\" href=\"https:\/\/www.travel3.com.br\/site\/acontece-no-turismo\/operadoras\/sicilia\/\" \/>\n<meta property=\"og:locale\" content=\"pt_BR\" \/>\n<meta property=\"og:type\" content=\"article\" \/>\n<meta property=\"og:title\" content=\"Roteiro para a Sic\u00edlia tem acompanhamento de Alessandra Savoia -\" \/>\n<meta property=\"og:description\" content=\"Roteiro para a regi\u00e3o da Sic\u00edlia, na It\u00e1lia, tem o acompanhamento de Alessandra Savoia, profissional competente com 20 anos de experi\u00eancia\" \/>\n<meta property=\"og:url\" content=\"https:\/\/www.travel3.com.br\/site\/acontece-no-turismo\/operadoras\/sicilia\/\" \/>\n<meta property=\"og:site_name\" content=\"Travel3\" \/>\n<meta property=\"article:publisher\" content=\"https:\/\/www.facebook.com\/travel3media\/\" \/>\n<meta property=\"article:published_time\" content=\"2019-04-22T18:03:24+00:00\" \/>\n<meta property=\"article:modified_time\" content=\"2019-04-22T18:03:49+00:00\" \/>\n<meta property=\"og:image\" content=\"https:\/\/www.travel3.com.br\/site\/wp-content\/uploads\/2019\/04\/italy-1157365_1920.jpg\" \/>\n\t<meta property=\"og:image:width\" content=\"1920\" \/>\n\t<meta property=\"og:image:height\" content=\"1280\" \/>\n\t<meta property=\"og:image:type\" content=\"image\/jpeg\" \/>\n<meta name=\"author\" content=\"Reda\u00e7\u00e3o Travel3\" \/>\n<meta name=\"twitter:card\" content=\"summary_large_image\" \/>\n<meta name=\"twitter:label1\" content=\"Escrito por\" \/>\n\t<meta name=\"twitter:data1\" content=\"Reda\u00e7\u00e3o Travel3\" \/>\n\t<meta name=\"twitter:label2\" content=\"Est. tempo de leitura\" \/>\n\t<meta name=\"twitter:data2\" content=\"1 minuto\" \/>\n<script type=\"application\/ld+json\" class=\"yoast-schema-graph\">{\"@context\":\"https:\/\/schema.org\",\"@graph\":[{\"@type\":\"Article\",\"@id\":\"https:\/\/www.travel3.com.br\/site\/acontece-no-turismo\/operadoras\/sicilia\/#article\",\"isPartOf\":{\"@id\":\"https:\/\/www.travel3.com.br\/site\/acontece-no-turismo\/operadoras\/sicilia\/\"},\"author\":{\"name\":\"Reda\u00e7\u00e3o Travel3\",\"@id\":\"https:\/\/www.travel3.com.br\/site\/#\/schema\/person\/9cff8daac0a2f1aa0799f827b8aa8308\"},\"headline\":\"Roteiro para a Sic\u00edlia tem acompanhamento de Alessandra Savoia\",\"datePublished\":\"2019-04-22T18:03:24+00:00\",\"dateModified\":\"2019-04-22T18:03:49+00:00\",\"mainEntityOfPage\":{\"@id\":\"https:\/\/www.travel3.com.br\/site\/acontece-no-turismo\/operadoras\/sicilia\/\"},\"wordCount\":290,\"commentCount\":0,\"publisher\":{\"@id\":\"https:\/\/www.travel3.com.br\/site\/#organization\"},\"image\":{\"@id\":\"https:\/\/www.travel3.com.br\/site\/acontece-no-turismo\/operadoras\/sicilia\/#primaryimage\"},\"thumbnailUrl\":\"https:\/\/www.travel3.com.br\/site\/wp-content\/uploads\/2019\/04\/italy-1157365_1920.jpg\",\"keywords\":[\"Alessandra Savoia\",\"Aurotur\",\"Sic\u00edlia\"],\"articleSection\":[\"Comece a Viajar\",\"Destaque\",\"Operadoras\"],\"inLanguage\":\"pt-BR\",\"potentialAction\":[{\"@type\":\"CommentAction\",\"name\":\"Comment\",\"target\":[\"https:\/\/www.travel3.com.br\/site\/acontece-no-turismo\/operadoras\/sicilia\/#respond\"]}]},{\"@type\":\"WebPage\",\"@id\":\"https:\/\/www.travel3.com.br\/site\/acontece-no-turismo\/operadoras\/sicilia\/\",\"url\":\"https:\/\/www.travel3.com.br\/site\/acontece-no-turismo\/operadoras\/sicilia\/\",\"name\":\"Roteiro para a Sic\u00edlia tem acompanhamento de Alessandra Savoia -\",\"isPartOf\":{\"@id\":\"https:\/\/www.travel3.com.br\/site\/#website\"},\"primaryImageOfPage\":{\"@id\":\"https:\/\/www.travel3.com.br\/site\/acontece-no-turismo\/operadoras\/sicilia\/#primaryimage\"},\"image\":{\"@id\":\"https:\/\/www.travel3.com.br\/site\/acontece-no-turismo\/operadoras\/sicilia\/#primaryimage\"},\"thumbnailUrl\":\"https:\/\/www.travel3.com.br\/site\/wp-content\/uploads\/2019\/04\/italy-1157365_1920.jpg\",\"datePublished\":\"2019-04-22T18:03:24+00:00\",\"dateModified\":\"2019-04-22T18:03:49+00:00\",\"description\":\"Roteiro para a regi\u00e3o da Sic\u00edlia, na It\u00e1lia, tem o acompanhamento de Alessandra Savoia, profissional competente com 20 anos de experi\u00eancia\",\"breadcrumb\":{\"@id\":\"https:\/\/www.travel3.com.br\/site\/acontece-no-turismo\/operadoras\/sicilia\/#breadcrumb\"},\"inLanguage\":\"pt-BR\",\"potentialAction\":[{\"@type\":\"ReadAction\",\"target\":[\"https:\/\/www.travel3.com.br\/site\/acontece-no-turismo\/operadoras\/sicilia\/\"]}]},{\"@type\":\"ImageObject\",\"inLanguage\":\"pt-BR\",\"@id\":\"https:\/\/www.travel3.com.br\/site\/acontece-no-turismo\/operadoras\/sicilia\/#primaryimage\",\"url\":\"https:\/\/www.travel3.com.br\/site\/wp-content\/uploads\/2019\/04\/italy-1157365_1920.jpg\",\"contentUrl\":\"https:\/\/www.travel3.com.br\/site\/wp-content\/uploads\/2019\/04\/italy-1157365_1920.jpg\",\"width\":1920,\"height\":1280,\"caption\":\"A Sic\u00edlia guarda um acervo de atra\u00e7\u00f5es visuais, hist\u00f3ricas, gastron\u00f4micas e sensoriais que transforma um tour pela regi\u00e3o em uma experi\u00eancia inesquec\u00edvel\"},{\"@type\":\"BreadcrumbList\",\"@id\":\"https:\/\/www.travel3.com.br\/site\/acontece-no-turismo\/operadoras\/sicilia\/#breadcrumb\",\"itemListElement\":[{\"@type\":\"ListItem\",\"position\":1,\"name\":\"In\u00edcio\",\"item\":\"https:\/\/www.travel3.com.br\/site\/\"},{\"@type\":\"ListItem\",\"position\":2,\"name\":\"Roteiro para a Sic\u00edlia tem acompanhamento de Alessandra Savoia\"}]},{\"@type\":\"WebSite\",\"@id\":\"https:\/\/www.travel3.com.br\/site\/#website\",\"url\":\"https:\/\/www.travel3.com.br\/site\/\",\"name\":\"Travel3\",\"description\":\"Lazer + Neg&oacute;cios + Aventura\",\"publisher\":{\"@id\":\"https:\/\/www.travel3.com.br\/site\/#organization\"},\"potentialAction\":[{\"@type\":\"SearchAction\",\"target\":{\"@type\":\"EntryPoint\",\"urlTemplate\":\"https:\/\/www.travel3.com.br\/site\/?s={search_term_string}\"},\"query-input\":{\"@type\":\"PropertyValueSpecification\",\"valueRequired\":true,\"valueName\":\"search_term_string\"}}],\"inLanguage\":\"pt-BR\"},{\"@type\":\"Organization\",\"@id\":\"https:\/\/www.travel3.com.br\/site\/#organization\",\"name\":\"Travel3\",\"url\":\"https:\/\/www.travel3.com.br\/site\/\",\"logo\":{\"@type\":\"ImageObject\",\"inLanguage\":\"pt-BR\",\"@id\":\"https:\/\/www.travel3.com.br\/site\/#\/schema\/logo\/image\/\",\"url\":\"https:\/\/www.travel3.com.br\/site\/wp-content\/uploads\/2020\/01\/logo-travel3-2020.png\",\"contentUrl\":\"https:\/\/www.travel3.com.br\/site\/wp-content\/uploads\/2020\/01\/logo-travel3-2020.png\",\"width\":232,\"height\":79,\"caption\":\"Travel3\"},\"image\":{\"@id\":\"https:\/\/www.travel3.com.br\/site\/#\/schema\/logo\/image\/\"},\"sameAs\":[\"https:\/\/www.facebook.com\/travel3media\/\",\"https:\/\/www.instagram.com\/revistatravel3\/\",\"https:\/\/www.youtube.com\/channel\/UCno7J4paGBR3VbZQzvoJ9Eg\"]},{\"@type\":\"Person\",\"@id\":\"https:\/\/www.travel3.com.br\/site\/#\/schema\/person\/9cff8daac0a2f1aa0799f827b8aa8308\",\"name\":\"Reda\u00e7\u00e3o Travel3\",\"image\":{\"@type\":\"ImageObject\",\"inLanguage\":\"pt-BR\",\"@id\":\"https:\/\/www.travel3.com.br\/site\/#\/schema\/person\/image\/\",\"url\":\"https:\/\/secure.gravatar.com\/avatar\/6e6125525e1f04b7b8c607d71556e490?s=96&d=mm&r=g\",\"contentUrl\":\"https:\/\/secure.gravatar.com\/avatar\/6e6125525e1f04b7b8c607d71556e490?s=96&d=mm&r=g\",\"caption\":\"Reda\u00e7\u00e3o Travel3\"},\"sameAs\":[\"http:\/\/www.travel3.com.br\"],\"url\":\"https:\/\/www.travel3.com.br\/site\/author\/redacao2\/\"}]}<\/script>\n<!-- \/ Yoast SEO plugin. -->","yoast_head_json":{"title":"Roteiro para a Sic\u00edlia tem acompanhamento de Alessandra Savoia -","description":"Roteiro para a regi\u00e3o da Sic\u00edlia, na It\u00e1lia, tem o acompanhamento de Alessandra Savoia, profissional competente com 20 anos de experi\u00eancia","robots":{"index":"index","follow":"follow","max-snippet":"max-snippet:-1","max-image-preview":"max-image-preview:large","max-video-preview":"max-video-preview:-1"},"canonical":"https:\/\/www.travel3.com.br\/site\/acontece-no-turismo\/operadoras\/sicilia\/","og_locale":"pt_BR","og_type":"article","og_title":"Roteiro para a Sic\u00edlia tem acompanhamento de Alessandra Savoia -","og_description":"Roteiro para a regi\u00e3o da Sic\u00edlia, na It\u00e1lia, tem o acompanhamento de Alessandra Savoia, profissional competente com 20 anos de experi\u00eancia","og_url":"https:\/\/www.travel3.com.br\/site\/acontece-no-turismo\/operadoras\/sicilia\/","og_site_name":"Travel3","article_publisher":"https:\/\/www.facebook.com\/travel3media\/","article_published_time":"2019-04-22T18:03:24+00:00","article_modified_time":"2019-04-22T18:03:49+00:00","og_image":[{"width":1920,"height":1280,"url":"https:\/\/www.travel3.com.br\/site\/wp-content\/uploads\/2019\/04\/italy-1157365_1920.jpg","type":"image\/jpeg"}],"author":"Reda\u00e7\u00e3o Travel3","twitter_card":"summary_large_image","twitter_misc":{"Escrito por":"Reda\u00e7\u00e3o Travel3","Est. tempo de leitura":"1 minuto"},"schema":{"@context":"https:\/\/schema.org","@graph":[{"@type":"Article","@id":"https:\/\/www.travel3.com.br\/site\/acontece-no-turismo\/operadoras\/sicilia\/#article","isPartOf":{"@id":"https:\/\/www.travel3.com.br\/site\/acontece-no-turismo\/operadoras\/sicilia\/"},"author":{"name":"Reda\u00e7\u00e3o Travel3","@id":"https:\/\/www.travel3.com.br\/site\/#\/schema\/person\/9cff8daac0a2f1aa0799f827b8aa8308"},"headline":"Roteiro para a Sic\u00edlia tem acompanhamento de Alessandra Savoia","datePublished":"2019-04-22T18:03:24+00:00","dateModified":"2019-04-22T18:03:49+00:00","mainEntityOfPage":{"@id":"https:\/\/www.travel3.com.br\/site\/acontece-no-turismo\/operadoras\/sicilia\/"},"wordCount":290,"commentCount":0,"publisher":{"@id":"https:\/\/www.travel3.com.br\/site\/#organization"},"image":{"@id":"https:\/\/www.travel3.com.br\/site\/acontece-no-turismo\/operadoras\/sicilia\/#primaryimage"},"thumbnailUrl":"https:\/\/www.travel3.com.br\/site\/wp-content\/uploads\/2019\/04\/italy-1157365_1920.jpg","keywords":["Alessandra Savoia","Aurotur","Sic\u00edlia"],"articleSection":["Comece a Viajar","Destaque","Operadoras"],"inLanguage":"pt-BR","potentialAction":[{"@type":"CommentAction","name":"Comment","target":["https:\/\/www.travel3.com.br\/site\/acontece-no-turismo\/operadoras\/sicilia\/#respond"]}]},{"@type":"WebPage","@id":"https:\/\/www.travel3.com.br\/site\/acontece-no-turismo\/operadoras\/sicilia\/","url":"https:\/\/www.travel3.com.br\/site\/acontece-no-turismo\/operadoras\/sicilia\/","name":"Roteiro para a Sic\u00edlia tem acompanhamento de Alessandra Savoia -","isPartOf":{"@id":"https:\/\/www.travel3.com.br\/site\/#website"},"primaryImageOfPage":{"@id":"https:\/\/www.travel3.com.br\/site\/acontece-no-turismo\/operadoras\/sicilia\/#primaryimage"},"image":{"@id":"https:\/\/www.travel3.com.br\/site\/acontece-no-turismo\/operadoras\/sicilia\/#primaryimage"},"thumbnailUrl":"https:\/\/www.travel3.com.br\/site\/wp-content\/uploads\/2019\/04\/italy-1157365_1920.jpg","datePublished":"2019-04-22T18:03:24+00:00","dateModified":"2019-04-22T18:03:49+00:00","description":"Roteiro para a regi\u00e3o da Sic\u00edlia, na It\u00e1lia, tem o acompanhamento de Alessandra Savoia, profissional competente com 20 anos de experi\u00eancia","breadcrumb":{"@id":"https:\/\/www.travel3.com.br\/site\/acontece-no-turismo\/operadoras\/sicilia\/#breadcrumb"},"inLanguage":"pt-BR","potentialAction":[{"@type":"ReadAction","target":["https:\/\/www.travel3.com.br\/site\/acontece-no-turismo\/operadoras\/sicilia\/"]}]},{"@type":"ImageObject","inLanguage":"pt-BR","@id":"https:\/\/www.travel3.com.br\/site\/acontece-no-turismo\/operadoras\/sicilia\/#primaryimage","url":"https:\/\/www.travel3.com.br\/site\/wp-content\/uploads\/2019\/04\/italy-1157365_1920.jpg","contentUrl":"https:\/\/www.travel3.com.br\/site\/wp-content\/uploads\/2019\/04\/italy-1157365_1920.jpg","width":1920,"height":1280,"caption":"A Sic\u00edlia guarda um acervo de atra\u00e7\u00f5es visuais, hist\u00f3ricas, gastron\u00f4micas e sensoriais que transforma um tour pela regi\u00e3o em uma experi\u00eancia inesquec\u00edvel"},{"@type":"BreadcrumbList","@id":"https:\/\/www.travel3.com.br\/site\/acontece-no-turismo\/operadoras\/sicilia\/#breadcrumb","itemListElement":[{"@type":"ListItem","position":1,"name":"In\u00edcio","item":"https:\/\/www.travel3.com.br\/site\/"},{"@type":"ListItem","position":2,"name":"Roteiro para a Sic\u00edlia tem acompanhamento de Alessandra Savoia"}]},{"@type":"WebSite","@id":"https:\/\/www.travel3.com.br\/site\/#website","url":"https:\/\/www.travel3.com.br\/site\/","name":"Travel3","description":"Lazer + Neg&oacute;cios + Aventura","publisher":{"@id":"https:\/\/www.travel3.com.br\/site\/#organization"},"potentialAction":[{"@type":"SearchAction","target":{"@type":"EntryPoint","urlTemplate":"https:\/\/www.travel3.com.br\/site\/?s={search_term_string}"},"query-input":{"@type":"PropertyValueSpecification","valueRequired":true,"valueName":"search_term_string"}}],"inLanguage":"pt-BR"},{"@type":"Organization","@id":"https:\/\/www.travel3.com.br\/site\/#organization","name":"Travel3","url":"https:\/\/www.travel3.com.br\/site\/","logo":{"@type":"ImageObject","inLanguage":"pt-BR","@id":"https:\/\/www.travel3.com.br\/site\/#\/schema\/logo\/image\/","url":"https:\/\/www.travel3.com.br\/site\/wp-content\/uploads\/2020\/01\/logo-travel3-2020.png","contentUrl":"https:\/\/www.travel3.com.br\/site\/wp-content\/uploads\/2020\/01\/logo-travel3-2020.png","width":232,"height":79,"caption":"Travel3"},"image":{"@id":"https:\/\/www.travel3.com.br\/site\/#\/schema\/logo\/image\/"},"sameAs":["https:\/\/www.facebook.com\/travel3media\/","https:\/\/www.instagram.com\/revistatravel3\/","https:\/\/www.youtube.com\/channel\/UCno7J4paGBR3VbZQzvoJ9Eg"]},{"@type":"Person","@id":"https:\/\/www.travel3.com.br\/site\/#\/schema\/person\/9cff8daac0a2f1aa0799f827b8aa8308","name":"Reda\u00e7\u00e3o Travel3","image":{"@type":"ImageObject","inLanguage":"pt-BR","@id":"https:\/\/www.travel3.com.br\/site\/#\/schema\/person\/image\/","url":"https:\/\/secure.gravatar.com\/avatar\/6e6125525e1f04b7b8c607d71556e490?s=96&d=mm&r=g","contentUrl":"https:\/\/secure.gravatar.com\/avatar\/6e6125525e1f04b7b8c607d71556e490?s=96&d=mm&r=g","caption":"Reda\u00e7\u00e3o Travel3"},"sameAs":["http:\/\/www.travel3.com.br"],"url":"https:\/\/www.travel3.com.br\/site\/author\/redacao2\/"}]}},"_links":{"self":[{"href":"https:\/\/www.travel3.com.br\/site\/wp-json\/wp\/v2\/posts\/22112","targetHints":{"allow":["GET"]}}],"collection":[{"href":"https:\/\/www.travel3.com.br\/site\/wp-json\/wp\/v2\/posts"}],"about":[{"href":"https:\/\/www.travel3.com.br\/site\/wp-json\/wp\/v2\/types\/post"}],"author":[{"embeddable":true,"href":"https:\/\/www.travel3.com.br\/site\/wp-json\/wp\/v2\/users\/6"}],"replies":[{"embeddable":true,"href":"https:\/\/www.travel3.com.br\/site\/wp-json\/wp\/v2\/comments?post=22112"}],"version-history":[{"count":3,"href":"https:\/\/www.travel3.com.br\/site\/wp-json\/wp\/v2\/posts\/22112\/revisions"}],"predecessor-version":[{"id":22118,"href":"https:\/\/www.travel3.com.br\/site\/wp-json\/wp\/v2\/posts\/22112\/revisions\/22118"}],"wp:featuredmedia":[{"embeddable":true,"href":"https:\/\/www.travel3.com.br\/site\/wp-json\/wp\/v2\/media\/22115"}],"wp:attachment":[{"href":"https:\/\/www.travel3.com.br\/site\/wp-json\/wp\/v2\/media?parent=22112"}],"wp:term":[{"taxonomy":"category","embeddable":true,"href":"https:\/\/www.travel3.com.br\/site\/wp-json\/wp\/v2\/categories?post=22112"},{"taxonomy":"post_tag","embeddable":true,"href":"https:\/\/www.travel3.com.br\/site\/wp-json\/wp\/v2\/tags?post=22112"}],"curies":[{"name":"wp","href":"https:\/\/api.w.org\/{rel}","templated":true}]}}