{"id":2206,"date":"2017-08-16T07:25:01","date_gmt":"2017-08-16T07:25:01","guid":{"rendered":"http:\/\/www.travel3.com.br\/site\/ir-e-vir\/ar\/mercado-sul-americano-e-reafirmado-como-prioridade-do-mtur-e-embratur\/"},"modified":"2017-08-16T07:25:01","modified_gmt":"2017-08-16T07:25:01","slug":"mercado-sul-americano-e-reafirmado-como-prioridade-do-mtur-e-embratur","status":"publish","type":"post","link":"https:\/\/www.travel3.com.br\/site\/sem-categoria\/mercado-sul-americano-e-reafirmado-como-prioridade-do-mtur-e-embratur\/","title":{"rendered":"MERCADO SUL AMERICANO \u00c9 REAFIRMADO COMO PRIORIDADE DO MTUR E EMBRATUR"},"content":{"rendered":"<p><span style=\"color: #40acad; font-family: -apple-system, system-ui, 'Segoe UI', Roboto, Oxygen-Sans, Ubuntu, Cantarell, 'Helvetica Neue', sans-serif; font-size: 12px; font-weight: bold;\"><\/p>\n<p>A cerim\u00f4nia de abertura da WTM Latin America e Encontro Comercial Braztoa, nesta\u00a0ter\u00e7a (4), foi como de praxe, discursos e afirma\u00e7\u00e3o de prop\u00f3sitos. No lado oficial brasileiro, o ministro do Turismo, Marx Beltr\u00e3o destacou a import\u00e2ncia do turismo intrarregional para o Pa\u00eds. Os vizinhos sul-americanos foram os turistas estrangeiros que mais visitaram o Brasil em 2016: dos 6,6 milh\u00f5es de visitantes 3,7 milh\u00f5es vieram dos nossos pa\u00edses vizinhos, um crescimento de 4,3% em rela\u00e7\u00e3o a 2015.<\/p>\n<p>\u201cAproveito a oportunidade para destacar o desempenho da Am\u00e9rica do Sul na movimenta\u00e7\u00e3o de estrangeiros em nosso Pa\u00eds no \u00faltimo ano. A cada 10 turistas vindos do exterior, seis eram da Am\u00e9rica do Sul, ou seja, temos de\u00a0ter\u00a0foco em nossos vizinhos j\u00e1 no in\u00edcio da Embratur\u201d, disse o ministro ap\u00f3s defender a transforma\u00e7\u00e3o da autarquia em ag\u00eancia.<\/p>\n<p>J\u00e1 o presidente da Embratur, Vinicius Lummertz, declarou que investir em estrat\u00e9gias de promo\u00e7\u00e3o na Am\u00e9rica do Sul \u00e9 determinante para o incremento do turismo brasileiro. \u201cTorna-se cada vez mais clara a import\u00e2ncia do turista argentino, paraguaio, uruguaio, chileno e dos demais pa\u00edses vizinhos para ampliar a chegada de estrangeiros no Brasil. Vamos continuar investindo em estrat\u00e9gias de promo\u00e7\u00e3o e intensificando o fluxo de turistas entre os pa\u00edses da Am\u00e9rica do Sul\u201d, declarou.<\/p>\n<p>A Embratur, em parceria com os comit\u00eas Descubra Brasil e Visite Brasil, e Escrit\u00f3rios Brasileiros de Turismo (EBTs) instalados nos pa\u00edses vizinhos, considera a Am\u00e9rica do Sul como prioridade nas a\u00e7\u00f5es de promo\u00e7\u00e3o tur\u00edstica internacional do Pa\u00eds.<\/p>\n<p>.\u201cOs n\u00fameros mostram que estamos no caminho certo. O trabalho da Embratur ser\u00e1 cont\u00ednuo para apresentarmos bons resultados para o Pa\u00eds\u201d, \u00a0alinhou o diretor de Intelig\u00eancia Competitiva do Instituto, Gilson Lira.<\/p>\n<p>\u00a0<\/p>\n<p><\/span><\/p>\n","protected":false},"excerpt":{"rendered":"<p>A\u00e7\u00f5es de promo\u00e7\u00e3o oficial com foco nos pa\u00edses pr\u00f3ximos para aumentar o fluxo de turistas estrangeiros no Brasil<\/p>\n","protected":false},"author":1,"featured_media":0,"comment_status":"open","ping_status":"open","sticky":false,"template":"","format":"standard","meta":{"footnotes":""},"categories":[],"tags":[],"class_list":["post-2206","post","type-post","status-publish","format-standard","hentry"],"yoast_head":"<!-- This site is optimized with the Yoast SEO plugin v26.2 - https:\/\/yoast.com\/wordpress\/plugins\/seo\/ -->\n<title>MERCADO SUL AMERICANO \u00c9 REAFIRMADO COMO PRIORIDADE DO MTUR E EMBRATUR - Travel3<\/title>\n<meta name=\"description\" content=\"A TRAVEL3 \u00e9 um portal de conte\u00fado voltado para o turismo, encontre destinos, viagens, hospedagem, passagens, guias, not\u00edcias sobre o mercado do turismo, dicas de viagem, v\u00eddeos e podcast.\" \/>\n<meta name=\"robots\" content=\"index, follow, max-snippet:-1, max-image-preview:large, max-video-preview:-1\" \/>\n<link rel=\"canonical\" href=\"https:\/\/www.travel3.com.br\/site\/sem-categoria\/mercado-sul-americano-e-reafirmado-como-prioridade-do-mtur-e-embratur\/\" \/>\n<meta property=\"og:locale\" content=\"pt_BR\" \/>\n<meta property=\"og:type\" content=\"article\" \/>\n<meta property=\"og:title\" content=\"MERCADO SUL AMERICANO \u00c9 REAFIRMADO COMO PRIORIDADE DO MTUR E EMBRATUR - Travel3\" \/>\n<meta property=\"og:description\" content=\"A TRAVEL3 \u00e9 um portal de conte\u00fado voltado para o turismo, encontre destinos, viagens, hospedagem, passagens, guias, not\u00edcias sobre o mercado do turismo, dicas de viagem, v\u00eddeos e podcast.\" \/>\n<meta property=\"og:url\" content=\"https:\/\/www.travel3.com.br\/site\/sem-categoria\/mercado-sul-americano-e-reafirmado-como-prioridade-do-mtur-e-embratur\/\" \/>\n<meta property=\"og:site_name\" content=\"Travel3\" \/>\n<meta property=\"article:publisher\" content=\"https:\/\/www.facebook.com\/travel3media\/\" \/>\n<meta property=\"article:published_time\" content=\"2017-08-16T07:25:01+00:00\" \/>\n<meta name=\"author\" content=\"admin\" \/>\n<meta name=\"twitter:card\" content=\"summary_large_image\" \/>\n<meta name=\"twitter:label1\" content=\"Escrito por\" \/>\n\t<meta name=\"twitter:data1\" content=\"admin\" \/>\n\t<meta name=\"twitter:label2\" content=\"Est. tempo de leitura\" \/>\n\t<meta name=\"twitter:data2\" content=\"2 minutos\" \/>\n<script type=\"application\/ld+json\" class=\"yoast-schema-graph\">{\"@context\":\"https:\/\/schema.org\",\"@graph\":[{\"@type\":\"Article\",\"@id\":\"https:\/\/www.travel3.com.br\/site\/sem-categoria\/mercado-sul-americano-e-reafirmado-como-prioridade-do-mtur-e-embratur\/#article\",\"isPartOf\":{\"@id\":\"https:\/\/www.travel3.com.br\/site\/sem-categoria\/mercado-sul-americano-e-reafirmado-como-prioridade-do-mtur-e-embratur\/\"},\"author\":{\"name\":\"admin\",\"@id\":\"https:\/\/www.travel3.com.br\/site\/#\/schema\/person\/a69d71e41a024999b6ab82369ac0bd1e\"},\"headline\":\"MERCADO SUL AMERICANO \u00c9 REAFIRMADO COMO PRIORIDADE DO MTUR E EMBRATUR\",\"datePublished\":\"2017-08-16T07:25:01+00:00\",\"mainEntityOfPage\":{\"@id\":\"https:\/\/www.travel3.com.br\/site\/sem-categoria\/mercado-sul-americano-e-reafirmado-como-prioridade-do-mtur-e-embratur\/\"},\"wordCount\":319,\"commentCount\":0,\"publisher\":{\"@id\":\"https:\/\/www.travel3.com.br\/site\/#organization\"},\"inLanguage\":\"pt-BR\",\"potentialAction\":[{\"@type\":\"CommentAction\",\"name\":\"Comment\",\"target\":[\"https:\/\/www.travel3.com.br\/site\/sem-categoria\/mercado-sul-americano-e-reafirmado-como-prioridade-do-mtur-e-embratur\/#respond\"]}]},{\"@type\":\"WebPage\",\"@id\":\"https:\/\/www.travel3.com.br\/site\/sem-categoria\/mercado-sul-americano-e-reafirmado-como-prioridade-do-mtur-e-embratur\/\",\"url\":\"https:\/\/www.travel3.com.br\/site\/sem-categoria\/mercado-sul-americano-e-reafirmado-como-prioridade-do-mtur-e-embratur\/\",\"name\":\"MERCADO SUL AMERICANO \u00c9 REAFIRMADO COMO PRIORIDADE DO MTUR E EMBRATUR - Travel3\",\"isPartOf\":{\"@id\":\"https:\/\/www.travel3.com.br\/site\/#website\"},\"datePublished\":\"2017-08-16T07:25:01+00:00\",\"description\":\"A TRAVEL3 \u00e9 um portal de conte\u00fado voltado para o turismo, encontre destinos, viagens, hospedagem, passagens, guias, not\u00edcias sobre o mercado do turismo, dicas de viagem, v\u00eddeos e podcast.\",\"breadcrumb\":{\"@id\":\"https:\/\/www.travel3.com.br\/site\/sem-categoria\/mercado-sul-americano-e-reafirmado-como-prioridade-do-mtur-e-embratur\/#breadcrumb\"},\"inLanguage\":\"pt-BR\",\"potentialAction\":[{\"@type\":\"ReadAction\",\"target\":[\"https:\/\/www.travel3.com.br\/site\/sem-categoria\/mercado-sul-americano-e-reafirmado-como-prioridade-do-mtur-e-embratur\/\"]}]},{\"@type\":\"BreadcrumbList\",\"@id\":\"https:\/\/www.travel3.com.br\/site\/sem-categoria\/mercado-sul-americano-e-reafirmado-como-prioridade-do-mtur-e-embratur\/#breadcrumb\",\"itemListElement\":[{\"@type\":\"ListItem\",\"position\":1,\"name\":\"In\u00edcio\",\"item\":\"https:\/\/www.travel3.com.br\/site\/\"},{\"@type\":\"ListItem\",\"position\":2,\"name\":\"MERCADO SUL AMERICANO \u00c9 REAFIRMADO COMO PRIORIDADE DO MTUR E EMBRATUR\"}]},{\"@type\":\"WebSite\",\"@id\":\"https:\/\/www.travel3.com.br\/site\/#website\",\"url\":\"https:\/\/www.travel3.com.br\/site\/\",\"name\":\"Travel3\",\"description\":\"Lazer + Neg&oacute;cios + Aventura\",\"publisher\":{\"@id\":\"https:\/\/www.travel3.com.br\/site\/#organization\"},\"potentialAction\":[{\"@type\":\"SearchAction\",\"target\":{\"@type\":\"EntryPoint\",\"urlTemplate\":\"https:\/\/www.travel3.com.br\/site\/?s={search_term_string}\"},\"query-input\":{\"@type\":\"PropertyValueSpecification\",\"valueRequired\":true,\"valueName\":\"search_term_string\"}}],\"inLanguage\":\"pt-BR\"},{\"@type\":\"Organization\",\"@id\":\"https:\/\/www.travel3.com.br\/site\/#organization\",\"name\":\"Travel3\",\"url\":\"https:\/\/www.travel3.com.br\/site\/\",\"logo\":{\"@type\":\"ImageObject\",\"inLanguage\":\"pt-BR\",\"@id\":\"https:\/\/www.travel3.com.br\/site\/#\/schema\/logo\/image\/\",\"url\":\"https:\/\/www.travel3.com.br\/site\/wp-content\/uploads\/2020\/01\/logo-travel3-2020.png\",\"contentUrl\":\"https:\/\/www.travel3.com.br\/site\/wp-content\/uploads\/2020\/01\/logo-travel3-2020.png\",\"width\":232,\"height\":79,\"caption\":\"Travel3\"},\"image\":{\"@id\":\"https:\/\/www.travel3.com.br\/site\/#\/schema\/logo\/image\/\"},\"sameAs\":[\"https:\/\/www.facebook.com\/travel3media\/\",\"https:\/\/www.instagram.com\/revistatravel3\/\",\"https:\/\/www.youtube.com\/channel\/UCno7J4paGBR3VbZQzvoJ9Eg\"]},{\"@type\":\"Person\",\"@id\":\"https:\/\/www.travel3.com.br\/site\/#\/schema\/person\/a69d71e41a024999b6ab82369ac0bd1e\",\"name\":\"admin\",\"image\":{\"@type\":\"ImageObject\",\"inLanguage\":\"pt-BR\",\"@id\":\"https:\/\/www.travel3.com.br\/site\/#\/schema\/person\/image\/\",\"url\":\"https:\/\/secure.gravatar.com\/avatar\/732a67adfd764da2a47ba10ce731c4c0?s=96&d=mm&r=g\",\"contentUrl\":\"https:\/\/secure.gravatar.com\/avatar\/732a67adfd764da2a47ba10ce731c4c0?s=96&d=mm&r=g\",\"caption\":\"admin\"},\"url\":\"https:\/\/www.travel3.com.br\/site\/author\/admin\/\"}]}<\/script>\n<!-- \/ Yoast SEO plugin. -->","yoast_head_json":{"title":"MERCADO SUL AMERICANO \u00c9 REAFIRMADO COMO PRIORIDADE DO MTUR E EMBRATUR - Travel3","description":"A TRAVEL3 \u00e9 um portal de conte\u00fado voltado para o turismo, encontre destinos, viagens, hospedagem, passagens, guias, not\u00edcias sobre o mercado do turismo, dicas de viagem, v\u00eddeos e podcast.","robots":{"index":"index","follow":"follow","max-snippet":"max-snippet:-1","max-image-preview":"max-image-preview:large","max-video-preview":"max-video-preview:-1"},"canonical":"https:\/\/www.travel3.com.br\/site\/sem-categoria\/mercado-sul-americano-e-reafirmado-como-prioridade-do-mtur-e-embratur\/","og_locale":"pt_BR","og_type":"article","og_title":"MERCADO SUL AMERICANO \u00c9 REAFIRMADO COMO PRIORIDADE DO MTUR E EMBRATUR - Travel3","og_description":"A TRAVEL3 \u00e9 um portal de conte\u00fado voltado para o turismo, encontre destinos, viagens, hospedagem, passagens, guias, not\u00edcias sobre o mercado do turismo, dicas de viagem, v\u00eddeos e podcast.","og_url":"https:\/\/www.travel3.com.br\/site\/sem-categoria\/mercado-sul-americano-e-reafirmado-como-prioridade-do-mtur-e-embratur\/","og_site_name":"Travel3","article_publisher":"https:\/\/www.facebook.com\/travel3media\/","article_published_time":"2017-08-16T07:25:01+00:00","author":"admin","twitter_card":"summary_large_image","twitter_misc":{"Escrito por":"admin","Est. tempo de leitura":"2 minutos"},"schema":{"@context":"https:\/\/schema.org","@graph":[{"@type":"Article","@id":"https:\/\/www.travel3.com.br\/site\/sem-categoria\/mercado-sul-americano-e-reafirmado-como-prioridade-do-mtur-e-embratur\/#article","isPartOf":{"@id":"https:\/\/www.travel3.com.br\/site\/sem-categoria\/mercado-sul-americano-e-reafirmado-como-prioridade-do-mtur-e-embratur\/"},"author":{"name":"admin","@id":"https:\/\/www.travel3.com.br\/site\/#\/schema\/person\/a69d71e41a024999b6ab82369ac0bd1e"},"headline":"MERCADO SUL AMERICANO \u00c9 REAFIRMADO COMO PRIORIDADE DO MTUR E EMBRATUR","datePublished":"2017-08-16T07:25:01+00:00","mainEntityOfPage":{"@id":"https:\/\/www.travel3.com.br\/site\/sem-categoria\/mercado-sul-americano-e-reafirmado-como-prioridade-do-mtur-e-embratur\/"},"wordCount":319,"commentCount":0,"publisher":{"@id":"https:\/\/www.travel3.com.br\/site\/#organization"},"inLanguage":"pt-BR","potentialAction":[{"@type":"CommentAction","name":"Comment","target":["https:\/\/www.travel3.com.br\/site\/sem-categoria\/mercado-sul-americano-e-reafirmado-como-prioridade-do-mtur-e-embratur\/#respond"]}]},{"@type":"WebPage","@id":"https:\/\/www.travel3.com.br\/site\/sem-categoria\/mercado-sul-americano-e-reafirmado-como-prioridade-do-mtur-e-embratur\/","url":"https:\/\/www.travel3.com.br\/site\/sem-categoria\/mercado-sul-americano-e-reafirmado-como-prioridade-do-mtur-e-embratur\/","name":"MERCADO SUL AMERICANO \u00c9 REAFIRMADO COMO PRIORIDADE DO MTUR E EMBRATUR - Travel3","isPartOf":{"@id":"https:\/\/www.travel3.com.br\/site\/#website"},"datePublished":"2017-08-16T07:25:01+00:00","description":"A TRAVEL3 \u00e9 um portal de conte\u00fado voltado para o turismo, encontre destinos, viagens, hospedagem, passagens, guias, not\u00edcias sobre o mercado do turismo, dicas de viagem, v\u00eddeos e podcast.","breadcrumb":{"@id":"https:\/\/www.travel3.com.br\/site\/sem-categoria\/mercado-sul-americano-e-reafirmado-como-prioridade-do-mtur-e-embratur\/#breadcrumb"},"inLanguage":"pt-BR","potentialAction":[{"@type":"ReadAction","target":["https:\/\/www.travel3.com.br\/site\/sem-categoria\/mercado-sul-americano-e-reafirmado-como-prioridade-do-mtur-e-embratur\/"]}]},{"@type":"BreadcrumbList","@id":"https:\/\/www.travel3.com.br\/site\/sem-categoria\/mercado-sul-americano-e-reafirmado-como-prioridade-do-mtur-e-embratur\/#breadcrumb","itemListElement":[{"@type":"ListItem","position":1,"name":"In\u00edcio","item":"https:\/\/www.travel3.com.br\/site\/"},{"@type":"ListItem","position":2,"name":"MERCADO SUL AMERICANO \u00c9 REAFIRMADO COMO PRIORIDADE DO MTUR E EMBRATUR"}]},{"@type":"WebSite","@id":"https:\/\/www.travel3.com.br\/site\/#website","url":"https:\/\/www.travel3.com.br\/site\/","name":"Travel3","description":"Lazer + Neg&oacute;cios + Aventura","publisher":{"@id":"https:\/\/www.travel3.com.br\/site\/#organization"},"potentialAction":[{"@type":"SearchAction","target":{"@type":"EntryPoint","urlTemplate":"https:\/\/www.travel3.com.br\/site\/?s={search_term_string}"},"query-input":{"@type":"PropertyValueSpecification","valueRequired":true,"valueName":"search_term_string"}}],"inLanguage":"pt-BR"},{"@type":"Organization","@id":"https:\/\/www.travel3.com.br\/site\/#organization","name":"Travel3","url":"https:\/\/www.travel3.com.br\/site\/","logo":{"@type":"ImageObject","inLanguage":"pt-BR","@id":"https:\/\/www.travel3.com.br\/site\/#\/schema\/logo\/image\/","url":"https:\/\/www.travel3.com.br\/site\/wp-content\/uploads\/2020\/01\/logo-travel3-2020.png","contentUrl":"https:\/\/www.travel3.com.br\/site\/wp-content\/uploads\/2020\/01\/logo-travel3-2020.png","width":232,"height":79,"caption":"Travel3"},"image":{"@id":"https:\/\/www.travel3.com.br\/site\/#\/schema\/logo\/image\/"},"sameAs":["https:\/\/www.facebook.com\/travel3media\/","https:\/\/www.instagram.com\/revistatravel3\/","https:\/\/www.youtube.com\/channel\/UCno7J4paGBR3VbZQzvoJ9Eg"]},{"@type":"Person","@id":"https:\/\/www.travel3.com.br\/site\/#\/schema\/person\/a69d71e41a024999b6ab82369ac0bd1e","name":"admin","image":{"@type":"ImageObject","inLanguage":"pt-BR","@id":"https:\/\/www.travel3.com.br\/site\/#\/schema\/person\/image\/","url":"https:\/\/secure.gravatar.com\/avatar\/732a67adfd764da2a47ba10ce731c4c0?s=96&d=mm&r=g","contentUrl":"https:\/\/secure.gravatar.com\/avatar\/732a67adfd764da2a47ba10ce731c4c0?s=96&d=mm&r=g","caption":"admin"},"url":"https:\/\/www.travel3.com.br\/site\/author\/admin\/"}]}},"_links":{"self":[{"href":"https:\/\/www.travel3.com.br\/site\/wp-json\/wp\/v2\/posts\/2206","targetHints":{"allow":["GET"]}}],"collection":[{"href":"https:\/\/www.travel3.com.br\/site\/wp-json\/wp\/v2\/posts"}],"about":[{"href":"https:\/\/www.travel3.com.br\/site\/wp-json\/wp\/v2\/types\/post"}],"author":[{"embeddable":true,"href":"https:\/\/www.travel3.com.br\/site\/wp-json\/wp\/v2\/users\/1"}],"replies":[{"embeddable":true,"href":"https:\/\/www.travel3.com.br\/site\/wp-json\/wp\/v2\/comments?post=2206"}],"version-history":[{"count":0,"href":"https:\/\/www.travel3.com.br\/site\/wp-json\/wp\/v2\/posts\/2206\/revisions"}],"wp:attachment":[{"href":"https:\/\/www.travel3.com.br\/site\/wp-json\/wp\/v2\/media?parent=2206"}],"wp:term":[{"taxonomy":"category","embeddable":true,"href":"https:\/\/www.travel3.com.br\/site\/wp-json\/wp\/v2\/categories?post=2206"},{"taxonomy":"post_tag","embeddable":true,"href":"https:\/\/www.travel3.com.br\/site\/wp-json\/wp\/v2\/tags?post=2206"}],"curies":[{"name":"wp","href":"https:\/\/api.w.org\/{rel}","templated":true}]}}