{"id":2204,"date":"2017-09-05T16:36:25","date_gmt":"2017-09-05T16:36:25","guid":{"rendered":"http:\/\/www.travel3.com.br\/site\/ir-e-vir\/ar\/personagens-do-turismo-aquecem-o-1o-dia-da-wtm-la-2017\/"},"modified":"2017-09-05T16:36:25","modified_gmt":"2017-09-05T16:36:25","slug":"personagens-do-turismo-aquecem-o-1o-dia-da-wtm-la-2017","status":"publish","type":"post","link":"https:\/\/www.travel3.com.br\/site\/sem-categoria\/personagens-do-turismo-aquecem-o-1o-dia-da-wtm-la-2017\/","title":{"rendered":"PERSONAGENS DO TURISMO AQUECEM O 1o DIA DA WTM LA 2017"},"content":{"rendered":"<p><span style=\"color: #40acad; font-family: -apple-system, system-ui, 'Segoe UI', Roboto, Oxygen-Sans, Ubuntu, Cantarell, 'Helvetica Neue', sans-serif; font-size: 12px; font-weight: bold;\"><\/p>\n<p style=\"text-align:justify\"><strong>No palco do audit\u00f3rio do Expo Center Norte, pol\u00edticos, autoridades e profissionais que ajudam a moldar o futuro do turismo na Am\u00e9rica Latina, participam da abertura da WTM LA 2017 (Fotos: Claudia Tonaco)<\/strong><\/p>\n<p style=\"text-align:justify\">O primeiro dia da maior e mais importante feira de turismo do primeiro semestre, na Am\u00e9rica Latina, mostrou que mar\u00e7o foi excepcionalmente positivo. Com a sinaliza\u00e7\u00e3o do aquecimento das vendas, os profissionais seguem esperan\u00e7osos, mas ainda na expectativa das pr\u00f3ximas decis\u00f5es do governo.<\/p>\n<p style=\"text-align:justify\">Neste clima de retomada, mudan\u00e7as e ainda de incertezas, come\u00e7ou a World Travel Market Latin America 2017, no Expo Center Norte, em S\u00e3o Paulo (SP).<\/p>\n<p style=\"text-align:justify\"><a class=\"fancybox-media\" href=\"..\/_uploads\/_noticia\/2017-04\/dia-1-wtm004.jpg\" rel=\"portfolio\"><img decoding=\"async\" alt=\"\" src=\"..\/_uploads\/_noticia\/2017-04\/dia-1-wtm004.jpg\" \/><\/a><strong>Magda Nassar, presidente da Braztoa, e Vinicius Lummertz, presidente da Embratur, na cerim\u00f4nia de abertura<\/strong><\/p>\n<p style=\"text-align:justify\"><a class=\"fancybox-media\" href=\"..\/_uploads\/_noticia\/2017-04\/dia-1-wtm045.jpg\" rel=\"portfolio\"><img decoding=\"async\" alt=\"\" src=\"..\/_uploads\/_noticia\/2017-04\/dia-1-wtm045.jpg\" \/><\/a><strong>O p\u00fablico lotou o audit\u00f3rio do Expo Center Norte, na abertura da 5<sup>a<\/sup> WTM Latin America<\/strong><\/p>\n<p style=\"text-align:justify\"><a class=\"fancybox-media\" href=\"..\/_uploads\/_noticia\/2017-04\/dia-1-wtm010.jpg\" rel=\"portfolio\"><img decoding=\"async\" alt=\"\" src=\"..\/_uploads\/_noticia\/2017-04\/dia-1-wtm010.jpg\" \/><\/a><strong>Lawrence Reinisch, diretor da WTM Latin America, discursa diante de um batalh\u00e3o de jornalistas e fot\u00f3grafos<\/strong><\/p>\n<p style=\"text-align:justify\"><a class=\"fancybox-media\" href=\"..\/_uploads\/_noticia\/2017-04\/dia-1-wtm014.jpg\" rel=\"portfolio\"><img decoding=\"async\" alt=\"\" src=\"..\/_uploads\/_noticia\/2017-04\/dia-1-wtm014.jpg\" \/><\/a><strong>Lawrence Reinisch fez quest\u00e3o de destacar a Am\u00e9rica Latina, como um continente que mant\u00e9m seus port\u00f5es abertos para receber turistas de todas as ra\u00e7as, credos e vis\u00f5es<\/strong><\/p>\n<p style=\"text-align:justify\"><a class=\"fancybox-media\" href=\"..\/_uploads\/_noticia\/2017-04\/dia-1-wtm036.jpg\" rel=\"portfolio\"><img decoding=\"async\" alt=\"\" src=\"..\/_uploads\/_noticia\/2017-04\/dia-1-wtm036.jpg\" \/><\/a><strong>Magda Nassar fala para a plateia da WTM, saudando os empreendedores e profissionais do turismo, que nos \u00faltimos anos subiram &#8220;a bordo de uma montanha-russa radical, se reinventando o tempo todo&#8221;<\/strong><\/p>\n<p style=\"text-align:justify\"><a class=\"fancybox-media\" href=\"..\/_uploads\/_noticia\/2017-04\/dia-1-wtm009.jpg\" rel=\"portfolio\"><img decoding=\"async\" alt=\"\" src=\"..\/_uploads\/_noticia\/2017-04\/dia-1-wtm009.jpg\" \/><\/a><strong>A Aviesp marcou presen\u00e7a com Fernando Santos, presidente, Juliana Assump\u00e7\u00e3o, e Sebasti\u00e3o Pereira<\/strong><\/p>\n<p style=\"text-align:justify\"><a class=\"fancybox-media\" href=\"..\/_uploads\/_noticia\/2017-04\/dia-1-wtm007.jpg\" rel=\"portfolio\"><img decoding=\"async\" alt=\"\" src=\"..\/_uploads\/_noticia\/2017-04\/dia-1-wtm007.jpg\" \/><\/a><strong>Lucas Davis, diretor da Sette Turismo, e Lil\u00e1s Nascimento, gerente Brasil &#8211; Reino Unido, do Escrit\u00f3rio Brasileiro de Turismo<\/strong><\/p>\n<p style=\"text-align:justify\"><a class=\"fancybox-media\" href=\"..\/_uploads\/_noticia\/2017-04\/dia-1-wtm043.jpg\" rel=\"portfolio\"><img decoding=\"async\" alt=\"\" src=\"..\/_uploads\/_noticia\/2017-04\/dia-1-wtm043.jpg\" \/><\/a><strong>Sandra Carv\u00e3o, diretora de comunica\u00e7\u00e3o da Organiza\u00e7\u00e3o Mundial do Turismo &#8211; OMT &#8211; falou da import\u00e2ncia da ind\u00fastria do turismo para as economias dos pa\u00edses e louvou a resili\u00eancia do setor<\/strong><\/p>\n<p style=\"text-align:justify\"><a class=\"fancybox-media\" href=\"..\/_uploads\/_noticia\/2017-04\/dia-1-wtm047.jpg\" rel=\"portfolio\"><img decoding=\"async\" alt=\"\" src=\"..\/_uploads\/_noticia\/2017-04\/dia-1-wtm047.jpg\" \/><\/a><strong>No estande da MMTGapnet, o agente de viagens roda a roleta e ganha para ganhar pontos no programa Eureka Pr\u00eamio<\/strong><\/p>\n<p style=\"text-align:justify\"><a class=\"fancybox-media\" href=\"..\/_uploads\/_noticia\/2017-04\/dia-1-wtm052.jpg\" rel=\"portfolio\"><img decoding=\"async\" alt=\"\" src=\"..\/_uploads\/_noticia\/2017-04\/dia-1-wtm052.jpg\" \/><\/a><strong>Mar\u00edlia Borges, analista de pesquisas de turismo do Euromonitor International, durante a palestras das tend\u00eancias do turismo que aponta os adultos + 50, os profissionais aut\u00f4nomos e as mulheres, como os 3 grandes segmentos que merecer\u00e3o aten\u00e7\u00e3o do mercado nos pr\u00f3ximos anos<\/strong><\/p>\n<p style=\"text-align:justify\"><a class=\"fancybox-media\" href=\"..\/_uploads\/_noticia\/2017-04\/dia-1-wtm109.jpg\" rel=\"portfolio\"><img decoding=\"async\" alt=\"\" src=\"..\/_uploads\/_noticia\/2017-04\/dia-1-wtm109.jpg\" \/><\/a><strong>Jorge Souza, diretor da Consolid; Luis Quaggio, gerente regional de vendas da Tap, e Arnaldo Franken, diretor da MMTGapnet<\/strong><\/p>\n<p style=\"text-align:justify\"><a class=\"fancybox-media\" href=\"..\/_uploads\/_noticia\/2017-04\/dia-1-wtm123.jpg\" rel=\"portfolio\"><img decoding=\"async\" alt=\"\" src=\"..\/_uploads\/_noticia\/2017-04\/dia-1-wtm123.jpg\" \/><\/a><strong>Adriano Aguiar, diretor de vendas da Hertz Internacional, Katia Frias, da American Airlines e Roberto Sanches, diretor da Orinter Tour &#038; Travel<\/strong><\/p>\n<p style=\"text-align:justify\"><a class=\"fancybox-media\" href=\"..\/_uploads\/_noticia\/2017-04\/dia-1-wtm056.jpg\" rel=\"portfolio\"><img decoding=\"async\" alt=\"\" src=\"..\/_uploads\/_noticia\/2017-04\/dia-1-wtm056.jpg\" \/><\/a><strong>Afonso Louro, presidente da Visual Turismo, e sua equipe, comemorando as excepcionais vendas do m\u00eas de mar\u00e7o, primeiros sinais do reaquecimento da economia brasileira<\/strong><\/p>\n<p style=\"text-align:justify\"><a class=\"fancybox-media\" href=\"..\/_uploads\/_noticia\/2017-04\/dia-1-wtm129.jpg\" rel=\"portfolio\"><img decoding=\"async\" alt=\"\" src=\"..\/_uploads\/_noticia\/2017-04\/dia-1-wtm129.jpg\" \/><\/a><strong>Jean-Bruno Gillot e Caroline Putnoki, diretores da Cap-Amazon Tropical Marketing<\/strong><\/p>\n<p style=\"text-align:justify\"><a class=\"fancybox-media\" href=\"..\/_uploads\/_noticia\/2017-04\/dia-1-wtm103.jpg\" rel=\"portfolio\"><img decoding=\"async\" alt=\"\" src=\"..\/_uploads\/_noticia\/2017-04\/dia-1-wtm103.jpg\" \/><\/a><strong>Fernando Hagoplan e Josue Silva, da Aviareps, ao lado de Chulin Kocharoen, diretor de vendas offline da Bangkok Airways, a mais nova representada da Aviareps<\/strong><\/p>\n<p style=\"text-align:justify\"><a class=\"fancybox-media\" href=\"..\/_uploads\/_noticia\/2017-04\/dia-1-wtm096.jpg\" rel=\"portfolio\"><img decoding=\"async\" alt=\"\" src=\"..\/_uploads\/_noticia\/2017-04\/dia-1-wtm096.jpg\" \/><\/a><strong>Carlise Bianchi e Any Brocker, da Brocker Turismo, s\u00e3o recebidas por Andr\u00e9 Vieira + Paulo Medina + Carol Ocampo + L\u00edgia Batista, no estande da Snow Operadora<\/strong><\/p>\n<p style=\"text-align:justify\"><a class=\"fancybox-media\" href=\"..\/_uploads\/_noticia\/2017-04\/dia-1-wtm131.jpg\" rel=\"portfolio\"><img decoding=\"async\" alt=\"\" src=\"..\/_uploads\/_noticia\/2017-04\/dia-1-wtm131.jpg\" \/><\/a><strong>Luis Sobrinho da Air Europa, sempre na ponte a\u00e9rea Salvador-S\u00e3o Paulo-Madri<\/strong><\/p>\n<p style=\"text-align:justify\"><a class=\"fancybox-media\" href=\"..\/_uploads\/_noticia\/2017-04\/dia-1-wtm116.jpg\" rel=\"portfolio\"><img decoding=\"async\" alt=\"\" src=\"..\/_uploads\/_noticia\/2017-04\/dia-1-wtm116.jpg\" \/><\/a><strong>Fl\u00e1vio Louro, diretor da E-HTL e sua equipe, no estande da operadora<\/strong><\/p>\n<p style=\"text-align:justify\"><a class=\"fancybox-media\" href=\"..\/_uploads\/_noticia\/2017-04\/dia-1-wtm059.jpg\" rel=\"portfolio\"><img decoding=\"async\" alt=\"\" src=\"..\/_uploads\/_noticia\/2017-04\/dia-1-wtm059.jpg\" \/><\/a><strong>Marcelo Michieletto, da ABTLGBT; Enzo Avezum, da iTours, e Saulo Reis Jr., da Schultz<\/strong><\/p>\n<p style=\"text-align:justify\"><a class=\"fancybox-media\" href=\"..\/_uploads\/_noticia\/2017-04\/dia-1-wtm060.jpg\" rel=\"portfolio\"><img decoding=\"async\" alt=\"\" src=\"..\/_uploads\/_noticia\/2017-04\/dia-1-wtm060.jpg\" \/><\/a><strong>Adonai Arruda Filho, diretor da BWT, direto de Curitiba para o Expo Center Norte, em S\u00e3o Paulo<\/strong><\/p>\n<p style=\"text-align:justify\"><a class=\"fancybox-media\" href=\"..\/_uploads\/_noticia\/2017-04\/dia-1-wtm075.jpg\" rel=\"portfolio\"><img decoding=\"async\" alt=\"\" src=\"..\/_uploads\/_noticia\/2017-04\/dia-1-wtm075.jpg\" \/><\/a><strong>Quando o assunto \u00e9 Sustentabilidade, sobem ao palco, Margareth Grantham, diretora do DZT Brasil; Isabel Barnasque e\u00a0Tet\u00ea Bezerra, do Minist\u00e9rio do Turismo; Magda Nassar e Monica Samia, da Braztoa<\/strong><\/p>\n<p style=\"text-align:justify\"><a class=\"fancybox-media\" href=\"..\/_uploads\/_noticia\/2017-04\/dia-1-wtm079.jpg\" rel=\"portfolio\"><img decoding=\"async\" alt=\"\" src=\"..\/_uploads\/_noticia\/2017-04\/dia-1-wtm079.jpg\" \/><\/a><strong>Silvio Luiz, respons\u00e1vel pelo\u00a0escrit\u00f3rio Brasil, com Eliana Rigo, diretora geral da operadora chilena Seasons Travel<\/strong><\/p>\n<p style=\"text-align:justify\"><a class=\"fancybox-media\" href=\"..\/_uploads\/_noticia\/2017-04\/dia-1-wtm081.jpg\" rel=\"portfolio\"><img decoding=\"async\" alt=\"\" src=\"..\/_uploads\/_noticia\/2017-04\/dia-1-wtm081.jpg\" \/><\/a><strong>Bruno Heleno, Amanda Brand\u00e3o, Anna Christina de Andrade e Victor Lacerda, da Hot\u00e9is Othon<\/strong><\/p>\n<p style=\"text-align:justify\"><a class=\"fancybox-media\" href=\"..\/_uploads\/_noticia\/2017-04\/dia-1-wtm084.jpg\" rel=\"portfolio\"><img decoding=\"async\" alt=\"\" src=\"..\/_uploads\/_noticia\/2017-04\/dia-1-wtm084.jpg\" \/><\/a><strong>Van Vilela, da rede Porto Seguro Resorts, desfilando compet\u00eancia nos corredores da WTM<\/strong><\/p>\n<p style=\"text-align:justify\"><a class=\"fancybox-media\" href=\"..\/_uploads\/_noticia\/2017-04\/dia-1-wtm085.jpg\" rel=\"portfolio\"><img decoding=\"async\" alt=\"\" src=\"..\/_uploads\/_noticia\/2017-04\/dia-1-wtm085.jpg\" \/><\/a><strong>Daniela Bergamini e Ana Maria Donato, da Imaginadora, com Maysa Torres e Clarice Rangel, da Online Comunica\u00e7\u00e3o<\/strong><\/p>\n<p style=\"text-align:justify\"><a class=\"fancybox-media\" href=\"..\/_uploads\/_noticia\/2017-04\/dia-1-wtm086.jpg\" rel=\"portfolio\"><img decoding=\"async\" alt=\"\" src=\"..\/_uploads\/_noticia\/2017-04\/dia-1-wtm086.jpg\" \/><\/a><strong>Paulo Frias, chefe de vendas da AccorHotels, e Anderson Bastos, superintendente da Royal Hot\u00e9is<\/strong><\/p>\n<p style=\"text-align:justify\"><a class=\"fancybox-media\" href=\"..\/_uploads\/_noticia\/2017-04\/dia-1-wtm087.jpg\" rel=\"portfolio\"><img decoding=\"async\" alt=\"\" src=\"..\/_uploads\/_noticia\/2017-04\/dia-1-wtm087.jpg\" \/><\/a><strong>Jaime Neves e Wesley Andrade, da PVT Consolidadora<\/strong><\/p>\n<p style=\"text-align:justify\"><a class=\"fancybox-media\" href=\"..\/_uploads\/_noticia\/2017-04\/dia-1-wtm091.jpg\" rel=\"portfolio\"><img decoding=\"async\" alt=\"\" src=\"..\/_uploads\/_noticia\/2017-04\/dia-1-wtm091.jpg\" \/><\/a><strong>A equipe da MMTGapnet, no meio da tarde, se re\u00fane no estande da operadora<\/strong><\/p>\n<p style=\"text-align:justify\"><a class=\"fancybox-media\" href=\"..\/_uploads\/_noticia\/2017-04\/dia-1-wtm101.jpg\" rel=\"portfolio\"><img decoding=\"async\" alt=\"\" src=\"..\/_uploads\/_noticia\/2017-04\/dia-1-wtm101.jpg\" \/><\/a><strong>Marisa Zamboni, diretora Brasil da Palace Resorts, ao lado dos parceiros = Paulo Medina, da Snow Operadora + Ramon Ferraz, da Ramon Turismo<\/strong><\/p>\n<p style=\"text-align:justify\"><a class=\"fancybox-media\" href=\"..\/_uploads\/_noticia\/2017-04\/dia-1-wtm139a.jpg\" rel=\"portfolio\"><img decoding=\"async\" alt=\"\" src=\"..\/_uploads\/_noticia\/2017-04\/dia-1-wtm139a.jpg\" \/><\/a><strong>Orlando Giglio comandando os trabalhos da sua super equipe, no estande da rede Iberostar Hotels &#038; Resorts<\/strong><\/p>\n<p style=\"text-align:justify\"><a class=\"fancybox-media\" href=\"..\/_uploads\/_noticia\/2017-04\/dia-1-wtm133.jpg\" rel=\"portfolio\"><img decoding=\"async\" alt=\"\" src=\"..\/_uploads\/_noticia\/2017-04\/dia-1-wtm133.jpg\" \/><\/a><strong>Carlise Bianchi, da Brocker Turismo; Angelo Sanches, secret\u00e1rio de turismo de Canela, Any Brocker, da Brocker Turismo e Roberto Snel, presidente do Visite Porto Alegre<\/strong><\/p>\n<p style=\"text-align:justify\"><a class=\"fancybox-media\" href=\"..\/_uploads\/_noticia\/2017-04\/dia-1-wtm104.jpg\" rel=\"portfolio\"><img decoding=\"async\" alt=\"\" src=\"..\/_uploads\/_noticia\/2017-04\/dia-1-wtm104.jpg\" \/><\/a><strong>Raphael de Luca, gerente de vendas da Ethiopian, com Josu\u00e9 Silva, da Aviareps<\/strong><\/p>\n<p style=\"text-align:justify\"><a class=\"fancybox-media\" href=\"..\/_uploads\/_noticia\/2017-04\/dia-1-wtm105.jpg\" rel=\"portfolio\"><img decoding=\"async\" alt=\"\" src=\"..\/_uploads\/_noticia\/2017-04\/dia-1-wtm105.jpg\" \/><\/a><strong>Rob Price, diretor de vendas lazer + Marisol Berrios, gerente de vendas lazer + David Leslie, representante Brasil = o time do Visit Tampa Bay<\/strong><\/p>\n<p style=\"text-align:justify\"><a class=\"fancybox-media\" href=\"..\/_uploads\/_noticia\/2017-04\/dia-1-wtm107.jpg\" rel=\"portfolio\"><img decoding=\"async\" alt=\"\" src=\"..\/_uploads\/_noticia\/2017-04\/dia-1-wtm107.jpg\" \/><\/a><strong>Shari Bailey, diretora internacional de vendas e desenvolvimento de mercado do Visit Florida, com Rafaela Gross Brown, <em>senior trade <\/em>da Aviareps\/Visit Florida<\/strong><\/p>\n<p style=\"text-align:justify\"><a class=\"fancybox-media\" href=\"..\/_uploads\/_noticia\/2017-04\/dia-1-wtm112.jpg\" rel=\"portfolio\"><img decoding=\"async\" alt=\"\" src=\"..\/_uploads\/_noticia\/2017-04\/dia-1-wtm112.jpg\" \/><\/a><strong>Karla Guillen, da Copa Airlines com os &#8220;Gatos do Turismo&#8221; = Jorge Souza + Jean-Bruno Gillot + Gustavo Esusy, da Copa Airlines<\/strong><\/p>\n<p style=\"text-align:justify\"><a class=\"fancybox-media\" href=\"..\/_uploads\/_noticia\/2017-04\/dia-1-wtm114.jpg\" rel=\"portfolio\"><img decoding=\"async\" alt=\"\" src=\"..\/_uploads\/_noticia\/2017-04\/dia-1-wtm114.jpg\" \/><\/a><strong>Andr\u00e9 Rossi, gerente da filial BH e Afonso Louro, presidente da Visual Turismo<\/strong><\/p>\n<p style=\"text-align:justify\"><a class=\"fancybox-media\" href=\"..\/_uploads\/_noticia\/2017-04\/dia-1-wtm057.jpg\" rel=\"portfolio\"><img decoding=\"async\" alt=\"\" src=\"..\/_uploads\/_noticia\/2017-04\/dia-1-wtm057.jpg\" \/><\/a><strong>Aline e Kelly, da Aviesp, circulam pelos corredores da feira de turismo<\/strong><\/p>\n<p style=\"text-align:justify\"><a class=\"fancybox-media\" href=\"..\/_uploads\/_noticia\/2017-04\/dia-1-wtm121.jpg\" rel=\"portfolio\"><img decoding=\"async\" alt=\"\" src=\"..\/_uploads\/_noticia\/2017-04\/dia-1-wtm121.jpg\" \/><\/a><strong>Ligia Batista e Carol Ocampo, da Snow Operadora, com F\u00e1bio Gontijo, da Experi\u00eancia de Viagens<\/strong><\/p>\n<p style=\"text-align:justify\"><a class=\"fancybox-media\" href=\"..\/_uploads\/_noticia\/2017-04\/dia-1-wtm134.jpg\" rel=\"portfolio\"><img decoding=\"async\" alt=\"\" src=\"..\/_uploads\/_noticia\/2017-04\/dia-1-wtm134.jpg\" \/><\/a><strong>Jonathan Attolini e Gabrielle Rodrigues, da Giordani Turismo; Felipe Cuadrado, da Abreu Online, e Carlise Bianchi, da Brocker Turismo<\/strong><\/p>\n<p style=\"text-align:justify\"><a class=\"fancybox-media\" href=\"..\/_uploads\/_noticia\/2017-04\/dia-1-wtm083.jpg\" rel=\"portfolio\"><img decoding=\"async\" alt=\"\" src=\"..\/_uploads\/_noticia\/2017-04\/dia-1-wtm083.jpg\" \/><\/a><\/p>\n<p style=\"text-align:justify\"><strong>Pausa gastron\u00f4mica: no estande de Minas Gerais, Oswaldo Martins de Barros Filho, secret\u00e1rio de gabinete de Alagoa (MG), oferece aos visitantes o Queijo da Lagoa, produto artesanal, considerado uma aut\u00eantica iguaria gastron\u00f4mica pelos pr\u00f3prios mineiros; o Brasil inteiro pode degustar o seu fazendo o pedido online = <a href=\"http:\/\/www.queijodalagoa.com.br\">www.queijodalagoa.com.br<\/a>\u00a0<\/strong><\/p>\n<p><\/span><\/p>\n","protected":false},"excerpt":{"rendered":"<p>O &#8220;quem \u00e9 quem&#8221; da ind\u00fastria tur\u00edstica estava l\u00e1, circulando pelos corredores ou recebendo agentes de viagem e buyers nos estandes<\/p>\n","protected":false},"author":1,"featured_media":0,"comment_status":"open","ping_status":"open","sticky":false,"template":"","format":"standard","meta":{"footnotes":""},"categories":[],"tags":[],"class_list":["post-2204","post","type-post","status-publish","format-standard","hentry"],"yoast_head":"<!-- This site is optimized with the Yoast SEO plugin v26.2 - https:\/\/yoast.com\/wordpress\/plugins\/seo\/ -->\n<title>PERSONAGENS DO TURISMO AQUECEM O 1o DIA DA WTM LA 2017 - Travel3<\/title>\n<meta name=\"description\" content=\"A TRAVEL3 \u00e9 um portal de conte\u00fado voltado para o turismo, encontre destinos, viagens, hospedagem, passagens, guias, not\u00edcias sobre o mercado do turismo, dicas de viagem, v\u00eddeos e podcast.\" \/>\n<meta name=\"robots\" content=\"index, follow, max-snippet:-1, max-image-preview:large, max-video-preview:-1\" \/>\n<link rel=\"canonical\" href=\"https:\/\/www.travel3.com.br\/site\/sem-categoria\/personagens-do-turismo-aquecem-o-1o-dia-da-wtm-la-2017\/\" \/>\n<meta property=\"og:locale\" content=\"pt_BR\" \/>\n<meta property=\"og:type\" content=\"article\" \/>\n<meta property=\"og:title\" content=\"PERSONAGENS DO TURISMO AQUECEM O 1o DIA DA WTM LA 2017 - Travel3\" \/>\n<meta property=\"og:description\" content=\"A TRAVEL3 \u00e9 um portal de conte\u00fado voltado para o turismo, encontre destinos, viagens, hospedagem, passagens, guias, not\u00edcias sobre o mercado do turismo, dicas de viagem, v\u00eddeos e podcast.\" \/>\n<meta property=\"og:url\" content=\"https:\/\/www.travel3.com.br\/site\/sem-categoria\/personagens-do-turismo-aquecem-o-1o-dia-da-wtm-la-2017\/\" \/>\n<meta property=\"og:site_name\" content=\"Travel3\" \/>\n<meta property=\"article:publisher\" content=\"https:\/\/www.facebook.com\/travel3media\/\" \/>\n<meta property=\"article:published_time\" content=\"2017-09-05T16:36:25+00:00\" \/>\n<meta name=\"author\" content=\"admin\" \/>\n<meta name=\"twitter:card\" content=\"summary_large_image\" \/>\n<meta name=\"twitter:label1\" content=\"Escrito por\" \/>\n\t<meta name=\"twitter:data1\" content=\"admin\" \/>\n\t<meta name=\"twitter:label2\" content=\"Est. tempo de leitura\" \/>\n\t<meta name=\"twitter:data2\" content=\"5 minutos\" \/>\n<script type=\"application\/ld+json\" class=\"yoast-schema-graph\">{\"@context\":\"https:\/\/schema.org\",\"@graph\":[{\"@type\":\"Article\",\"@id\":\"https:\/\/www.travel3.com.br\/site\/sem-categoria\/personagens-do-turismo-aquecem-o-1o-dia-da-wtm-la-2017\/#article\",\"isPartOf\":{\"@id\":\"https:\/\/www.travel3.com.br\/site\/sem-categoria\/personagens-do-turismo-aquecem-o-1o-dia-da-wtm-la-2017\/\"},\"author\":{\"name\":\"admin\",\"@id\":\"https:\/\/www.travel3.com.br\/site\/#\/schema\/person\/a69d71e41a024999b6ab82369ac0bd1e\"},\"headline\":\"PERSONAGENS DO TURISMO AQUECEM O 1o DIA DA WTM LA 2017\",\"datePublished\":\"2017-09-05T16:36:25+00:00\",\"mainEntityOfPage\":{\"@id\":\"https:\/\/www.travel3.com.br\/site\/sem-categoria\/personagens-do-turismo-aquecem-o-1o-dia-da-wtm-la-2017\/\"},\"wordCount\":953,\"commentCount\":0,\"publisher\":{\"@id\":\"https:\/\/www.travel3.com.br\/site\/#organization\"},\"inLanguage\":\"pt-BR\",\"potentialAction\":[{\"@type\":\"CommentAction\",\"name\":\"Comment\",\"target\":[\"https:\/\/www.travel3.com.br\/site\/sem-categoria\/personagens-do-turismo-aquecem-o-1o-dia-da-wtm-la-2017\/#respond\"]}]},{\"@type\":\"WebPage\",\"@id\":\"https:\/\/www.travel3.com.br\/site\/sem-categoria\/personagens-do-turismo-aquecem-o-1o-dia-da-wtm-la-2017\/\",\"url\":\"https:\/\/www.travel3.com.br\/site\/sem-categoria\/personagens-do-turismo-aquecem-o-1o-dia-da-wtm-la-2017\/\",\"name\":\"PERSONAGENS DO TURISMO AQUECEM O 1o DIA DA WTM LA 2017 - Travel3\",\"isPartOf\":{\"@id\":\"https:\/\/www.travel3.com.br\/site\/#website\"},\"datePublished\":\"2017-09-05T16:36:25+00:00\",\"description\":\"A TRAVEL3 \u00e9 um portal de conte\u00fado voltado para o turismo, encontre destinos, viagens, hospedagem, passagens, guias, not\u00edcias sobre o mercado do turismo, dicas de viagem, v\u00eddeos e podcast.\",\"breadcrumb\":{\"@id\":\"https:\/\/www.travel3.com.br\/site\/sem-categoria\/personagens-do-turismo-aquecem-o-1o-dia-da-wtm-la-2017\/#breadcrumb\"},\"inLanguage\":\"pt-BR\",\"potentialAction\":[{\"@type\":\"ReadAction\",\"target\":[\"https:\/\/www.travel3.com.br\/site\/sem-categoria\/personagens-do-turismo-aquecem-o-1o-dia-da-wtm-la-2017\/\"]}]},{\"@type\":\"BreadcrumbList\",\"@id\":\"https:\/\/www.travel3.com.br\/site\/sem-categoria\/personagens-do-turismo-aquecem-o-1o-dia-da-wtm-la-2017\/#breadcrumb\",\"itemListElement\":[{\"@type\":\"ListItem\",\"position\":1,\"name\":\"In\u00edcio\",\"item\":\"https:\/\/www.travel3.com.br\/site\/\"},{\"@type\":\"ListItem\",\"position\":2,\"name\":\"PERSONAGENS DO TURISMO AQUECEM O 1o DIA DA WTM LA 2017\"}]},{\"@type\":\"WebSite\",\"@id\":\"https:\/\/www.travel3.com.br\/site\/#website\",\"url\":\"https:\/\/www.travel3.com.br\/site\/\",\"name\":\"Travel3\",\"description\":\"Lazer + Neg&oacute;cios + Aventura\",\"publisher\":{\"@id\":\"https:\/\/www.travel3.com.br\/site\/#organization\"},\"potentialAction\":[{\"@type\":\"SearchAction\",\"target\":{\"@type\":\"EntryPoint\",\"urlTemplate\":\"https:\/\/www.travel3.com.br\/site\/?s={search_term_string}\"},\"query-input\":{\"@type\":\"PropertyValueSpecification\",\"valueRequired\":true,\"valueName\":\"search_term_string\"}}],\"inLanguage\":\"pt-BR\"},{\"@type\":\"Organization\",\"@id\":\"https:\/\/www.travel3.com.br\/site\/#organization\",\"name\":\"Travel3\",\"url\":\"https:\/\/www.travel3.com.br\/site\/\",\"logo\":{\"@type\":\"ImageObject\",\"inLanguage\":\"pt-BR\",\"@id\":\"https:\/\/www.travel3.com.br\/site\/#\/schema\/logo\/image\/\",\"url\":\"https:\/\/www.travel3.com.br\/site\/wp-content\/uploads\/2020\/01\/logo-travel3-2020.png\",\"contentUrl\":\"https:\/\/www.travel3.com.br\/site\/wp-content\/uploads\/2020\/01\/logo-travel3-2020.png\",\"width\":232,\"height\":79,\"caption\":\"Travel3\"},\"image\":{\"@id\":\"https:\/\/www.travel3.com.br\/site\/#\/schema\/logo\/image\/\"},\"sameAs\":[\"https:\/\/www.facebook.com\/travel3media\/\",\"https:\/\/www.instagram.com\/revistatravel3\/\",\"https:\/\/www.youtube.com\/channel\/UCno7J4paGBR3VbZQzvoJ9Eg\"]},{\"@type\":\"Person\",\"@id\":\"https:\/\/www.travel3.com.br\/site\/#\/schema\/person\/a69d71e41a024999b6ab82369ac0bd1e\",\"name\":\"admin\",\"image\":{\"@type\":\"ImageObject\",\"inLanguage\":\"pt-BR\",\"@id\":\"https:\/\/www.travel3.com.br\/site\/#\/schema\/person\/image\/\",\"url\":\"https:\/\/secure.gravatar.com\/avatar\/732a67adfd764da2a47ba10ce731c4c0?s=96&d=mm&r=g\",\"contentUrl\":\"https:\/\/secure.gravatar.com\/avatar\/732a67adfd764da2a47ba10ce731c4c0?s=96&d=mm&r=g\",\"caption\":\"admin\"},\"url\":\"https:\/\/www.travel3.com.br\/site\/author\/admin\/\"}]}<\/script>\n<!-- \/ Yoast SEO plugin. -->","yoast_head_json":{"title":"PERSONAGENS DO TURISMO AQUECEM O 1o DIA DA WTM LA 2017 - Travel3","description":"A TRAVEL3 \u00e9 um portal de conte\u00fado voltado para o turismo, encontre destinos, viagens, hospedagem, passagens, guias, not\u00edcias sobre o mercado do turismo, dicas de viagem, v\u00eddeos e podcast.","robots":{"index":"index","follow":"follow","max-snippet":"max-snippet:-1","max-image-preview":"max-image-preview:large","max-video-preview":"max-video-preview:-1"},"canonical":"https:\/\/www.travel3.com.br\/site\/sem-categoria\/personagens-do-turismo-aquecem-o-1o-dia-da-wtm-la-2017\/","og_locale":"pt_BR","og_type":"article","og_title":"PERSONAGENS DO TURISMO AQUECEM O 1o DIA DA WTM LA 2017 - Travel3","og_description":"A TRAVEL3 \u00e9 um portal de conte\u00fado voltado para o turismo, encontre destinos, viagens, hospedagem, passagens, guias, not\u00edcias sobre o mercado do turismo, dicas de viagem, v\u00eddeos e podcast.","og_url":"https:\/\/www.travel3.com.br\/site\/sem-categoria\/personagens-do-turismo-aquecem-o-1o-dia-da-wtm-la-2017\/","og_site_name":"Travel3","article_publisher":"https:\/\/www.facebook.com\/travel3media\/","article_published_time":"2017-09-05T16:36:25+00:00","author":"admin","twitter_card":"summary_large_image","twitter_misc":{"Escrito por":"admin","Est. tempo de leitura":"5 minutos"},"schema":{"@context":"https:\/\/schema.org","@graph":[{"@type":"Article","@id":"https:\/\/www.travel3.com.br\/site\/sem-categoria\/personagens-do-turismo-aquecem-o-1o-dia-da-wtm-la-2017\/#article","isPartOf":{"@id":"https:\/\/www.travel3.com.br\/site\/sem-categoria\/personagens-do-turismo-aquecem-o-1o-dia-da-wtm-la-2017\/"},"author":{"name":"admin","@id":"https:\/\/www.travel3.com.br\/site\/#\/schema\/person\/a69d71e41a024999b6ab82369ac0bd1e"},"headline":"PERSONAGENS DO TURISMO AQUECEM O 1o DIA DA WTM LA 2017","datePublished":"2017-09-05T16:36:25+00:00","mainEntityOfPage":{"@id":"https:\/\/www.travel3.com.br\/site\/sem-categoria\/personagens-do-turismo-aquecem-o-1o-dia-da-wtm-la-2017\/"},"wordCount":953,"commentCount":0,"publisher":{"@id":"https:\/\/www.travel3.com.br\/site\/#organization"},"inLanguage":"pt-BR","potentialAction":[{"@type":"CommentAction","name":"Comment","target":["https:\/\/www.travel3.com.br\/site\/sem-categoria\/personagens-do-turismo-aquecem-o-1o-dia-da-wtm-la-2017\/#respond"]}]},{"@type":"WebPage","@id":"https:\/\/www.travel3.com.br\/site\/sem-categoria\/personagens-do-turismo-aquecem-o-1o-dia-da-wtm-la-2017\/","url":"https:\/\/www.travel3.com.br\/site\/sem-categoria\/personagens-do-turismo-aquecem-o-1o-dia-da-wtm-la-2017\/","name":"PERSONAGENS DO TURISMO AQUECEM O 1o DIA DA WTM LA 2017 - Travel3","isPartOf":{"@id":"https:\/\/www.travel3.com.br\/site\/#website"},"datePublished":"2017-09-05T16:36:25+00:00","description":"A TRAVEL3 \u00e9 um portal de conte\u00fado voltado para o turismo, encontre destinos, viagens, hospedagem, passagens, guias, not\u00edcias sobre o mercado do turismo, dicas de viagem, v\u00eddeos e podcast.","breadcrumb":{"@id":"https:\/\/www.travel3.com.br\/site\/sem-categoria\/personagens-do-turismo-aquecem-o-1o-dia-da-wtm-la-2017\/#breadcrumb"},"inLanguage":"pt-BR","potentialAction":[{"@type":"ReadAction","target":["https:\/\/www.travel3.com.br\/site\/sem-categoria\/personagens-do-turismo-aquecem-o-1o-dia-da-wtm-la-2017\/"]}]},{"@type":"BreadcrumbList","@id":"https:\/\/www.travel3.com.br\/site\/sem-categoria\/personagens-do-turismo-aquecem-o-1o-dia-da-wtm-la-2017\/#breadcrumb","itemListElement":[{"@type":"ListItem","position":1,"name":"In\u00edcio","item":"https:\/\/www.travel3.com.br\/site\/"},{"@type":"ListItem","position":2,"name":"PERSONAGENS DO TURISMO AQUECEM O 1o DIA DA WTM LA 2017"}]},{"@type":"WebSite","@id":"https:\/\/www.travel3.com.br\/site\/#website","url":"https:\/\/www.travel3.com.br\/site\/","name":"Travel3","description":"Lazer + Neg&oacute;cios + Aventura","publisher":{"@id":"https:\/\/www.travel3.com.br\/site\/#organization"},"potentialAction":[{"@type":"SearchAction","target":{"@type":"EntryPoint","urlTemplate":"https:\/\/www.travel3.com.br\/site\/?s={search_term_string}"},"query-input":{"@type":"PropertyValueSpecification","valueRequired":true,"valueName":"search_term_string"}}],"inLanguage":"pt-BR"},{"@type":"Organization","@id":"https:\/\/www.travel3.com.br\/site\/#organization","name":"Travel3","url":"https:\/\/www.travel3.com.br\/site\/","logo":{"@type":"ImageObject","inLanguage":"pt-BR","@id":"https:\/\/www.travel3.com.br\/site\/#\/schema\/logo\/image\/","url":"https:\/\/www.travel3.com.br\/site\/wp-content\/uploads\/2020\/01\/logo-travel3-2020.png","contentUrl":"https:\/\/www.travel3.com.br\/site\/wp-content\/uploads\/2020\/01\/logo-travel3-2020.png","width":232,"height":79,"caption":"Travel3"},"image":{"@id":"https:\/\/www.travel3.com.br\/site\/#\/schema\/logo\/image\/"},"sameAs":["https:\/\/www.facebook.com\/travel3media\/","https:\/\/www.instagram.com\/revistatravel3\/","https:\/\/www.youtube.com\/channel\/UCno7J4paGBR3VbZQzvoJ9Eg"]},{"@type":"Person","@id":"https:\/\/www.travel3.com.br\/site\/#\/schema\/person\/a69d71e41a024999b6ab82369ac0bd1e","name":"admin","image":{"@type":"ImageObject","inLanguage":"pt-BR","@id":"https:\/\/www.travel3.com.br\/site\/#\/schema\/person\/image\/","url":"https:\/\/secure.gravatar.com\/avatar\/732a67adfd764da2a47ba10ce731c4c0?s=96&d=mm&r=g","contentUrl":"https:\/\/secure.gravatar.com\/avatar\/732a67adfd764da2a47ba10ce731c4c0?s=96&d=mm&r=g","caption":"admin"},"url":"https:\/\/www.travel3.com.br\/site\/author\/admin\/"}]}},"_links":{"self":[{"href":"https:\/\/www.travel3.com.br\/site\/wp-json\/wp\/v2\/posts\/2204","targetHints":{"allow":["GET"]}}],"collection":[{"href":"https:\/\/www.travel3.com.br\/site\/wp-json\/wp\/v2\/posts"}],"about":[{"href":"https:\/\/www.travel3.com.br\/site\/wp-json\/wp\/v2\/types\/post"}],"author":[{"embeddable":true,"href":"https:\/\/www.travel3.com.br\/site\/wp-json\/wp\/v2\/users\/1"}],"replies":[{"embeddable":true,"href":"https:\/\/www.travel3.com.br\/site\/wp-json\/wp\/v2\/comments?post=2204"}],"version-history":[{"count":0,"href":"https:\/\/www.travel3.com.br\/site\/wp-json\/wp\/v2\/posts\/2204\/revisions"}],"wp:attachment":[{"href":"https:\/\/www.travel3.com.br\/site\/wp-json\/wp\/v2\/media?parent=2204"}],"wp:term":[{"taxonomy":"category","embeddable":true,"href":"https:\/\/www.travel3.com.br\/site\/wp-json\/wp\/v2\/categories?post=2204"},{"taxonomy":"post_tag","embeddable":true,"href":"https:\/\/www.travel3.com.br\/site\/wp-json\/wp\/v2\/tags?post=2204"}],"curies":[{"name":"wp","href":"https:\/\/api.w.org\/{rel}","templated":true}]}}