{"id":2200,"date":"2017-09-05T17:00:13","date_gmt":"2017-09-05T17:00:13","guid":{"rendered":"http:\/\/www.travel3.com.br\/site\/ir-e-vir\/ar\/juarez-moreira-e-a-atracao-de-hoje-no-projeto-sargas-jazz\/"},"modified":"2017-09-05T17:00:13","modified_gmt":"2017-09-05T17:00:13","slug":"juarez-moreira-e-a-atracao-de-hoje-no-projeto-sargas-jazz","status":"publish","type":"post","link":"https:\/\/www.travel3.com.br\/site\/sem-categoria\/juarez-moreira-e-a-atracao-de-hoje-no-projeto-sargas-jazz\/","title":{"rendered":"JUAREZ MOREIRA \u00c9 A ATRA\u00c7\u00c3O DE HOJE NO PROJETO SARGAS JAZZ"},"content":{"rendered":"<p><span style=\"color: #40acad; font-family: -apple-system, system-ui, 'Segoe UI', Roboto, Oxygen-Sans, Ubuntu, Cantarell, 'Helvetica Neue', sans-serif; font-size: 12px; font-weight: bold;\"><\/p>\n<p style=\"text-align:justify\"><a class=\"fancybox-media\" href=\"..\/_uploads\/_noticia\/2017-04\/awebjuarezmoreira2fotozigakoritnik.jpg\" rel=\"portfolio\"><img decoding=\"async\" alt=\"\" src=\"..\/_uploads\/_noticia\/2017-04\/awebjuarezmoreira2fotozigakoritnik.jpg\" \/><\/a><\/p>\n<p style=\"text-align:justify\">O Sargas Restaurante, no Mercure Hotel Belo Horizonte Lourdes, apresenta na pr\u00f3xima quinta-feira, dia 06\/04, Juarez Moreira. O show faz parte do projeto Sargas Jazz, que oferece quinzenalmente noites dedicadas ao Jazz, com m\u00fasicos convidados.<\/p>\n<p style=\"text-align:justify\">Juarez Moreira (viol\u00e3o e guitarra) far\u00e1 uma performance com excel\u00eancia, emo\u00e7\u00e3o e lirismo, acompanhado de baixo e bateria. Ser\u00e3o apresentadas m\u00fasicas autorais, standards do jazz e cl\u00e1ssicos da m\u00fasica popular brasileira, composi\u00e7\u00f5es de Tom Jobim, Milton Nascimento e Pixinguinha.\u00a0<\/p>\n<p style=\"text-align:justify\"><a class=\"fancybox-media\" href=\"..\/_uploads\/_noticia\/2017-04\/aweb-sargas-17out2016-109.jpg\" rel=\"portfolio\"><img decoding=\"async\" alt=\"\" src=\"..\/_uploads\/_noticia\/2017-04\/aweb-sargas-17out2016-109.jpg\" \/><\/a><\/p>\n<p style=\"text-align:justify\"><strong>Sargas Restaurante (Foto: Paulo Cunha\/Outra Vis\u00e3o)<\/strong><\/p>\n<p style=\"text-align:justify\">Inaugurado em 2001, o Sargas Restaurante passou por ampla reforma no ano passado, que envolveu troca de card\u00e1pios e carta de vinhos, e nova decora\u00e7\u00e3o do ambiente. Localizado num dos hot\u00e9is mais renomados da cidade, o Mercure Hotel Belo Horizonte Lourdes, o Sargas tem ambiente climatizado, estacionamento e manobrista.<\/p>\n<p style=\"text-align:justify\"><a class=\"fancybox-media\" href=\"..\/_uploads\/_noticia\/2017-04\/aweb-sargajazz-001.jpg\" rel=\"portfolio\"><img decoding=\"async\" alt=\"\" src=\"..\/_uploads\/_noticia\/2017-04\/aweb-sargajazz-001.jpg\" \/><\/a><\/p>\n<p style=\"text-align:justify\">Juarez Moreira \u00e9 reconhecido como um dos maiores violonistas do Brasil. Aclamado pela cr\u00edtica no exterior, como New York Times, Billboard, Jazz Times, tamb\u00e9m \u00e9 admirado por feras como Milton Nascimento, Toninho Horta e Paquito D\u2019Rivera. O artista mineiro cresceu ouvindo jazz, Bossa Nova e a m\u00fasica brasileira dos anos 1950.<\/p>\n<p style=\"text-align:justify\"><strong>Sargas Jazz com Juarez Moreira<\/strong><br \/>\nData: 06\/04, quinta-feira<br \/>\nHor\u00e1rio: 19h30 \u00e0s 23h<br \/>\nLocal: Sargas Restaurante, no Mercure Hotel Belo Horizonte Lourdes<br \/>\nEndere\u00e7o: Av. do Contorno, 7325 \u2013 Loudes<br \/>\nCouvert: R$ 15,00<\/p>\n<p><\/span><\/p>\n","protected":false},"excerpt":{"rendered":"<p>Restaurante do Hotel Mercure BH Lourdes recebe profissional reconhecido da m\u00fasica popular brasileira, nesta quinta, 06\/04<\/p>\n","protected":false},"author":1,"featured_media":0,"comment_status":"open","ping_status":"open","sticky":false,"template":"","format":"standard","meta":{"footnotes":""},"categories":[],"tags":[],"class_list":["post-2200","post","type-post","status-publish","format-standard","hentry"],"yoast_head":"<!-- This site is optimized with the Yoast SEO plugin v26.2 - https:\/\/yoast.com\/wordpress\/plugins\/seo\/ -->\n<title>JUAREZ MOREIRA \u00c9 A ATRA\u00c7\u00c3O DE HOJE NO PROJETO SARGAS JAZZ - Travel3<\/title>\n<meta name=\"description\" content=\"A TRAVEL3 \u00e9 um portal de conte\u00fado voltado para o turismo, encontre destinos, viagens, hospedagem, passagens, guias, not\u00edcias sobre o mercado do turismo, dicas de viagem, v\u00eddeos e podcast.\" \/>\n<meta name=\"robots\" content=\"index, follow, max-snippet:-1, max-image-preview:large, max-video-preview:-1\" \/>\n<link rel=\"canonical\" href=\"https:\/\/www.travel3.com.br\/site\/sem-categoria\/juarez-moreira-e-a-atracao-de-hoje-no-projeto-sargas-jazz\/\" \/>\n<meta property=\"og:locale\" content=\"pt_BR\" \/>\n<meta property=\"og:type\" content=\"article\" \/>\n<meta property=\"og:title\" content=\"JUAREZ MOREIRA \u00c9 A ATRA\u00c7\u00c3O DE HOJE NO PROJETO SARGAS JAZZ - Travel3\" \/>\n<meta property=\"og:description\" content=\"A TRAVEL3 \u00e9 um portal de conte\u00fado voltado para o turismo, encontre destinos, viagens, hospedagem, passagens, guias, not\u00edcias sobre o mercado do turismo, dicas de viagem, v\u00eddeos e podcast.\" \/>\n<meta property=\"og:url\" content=\"https:\/\/www.travel3.com.br\/site\/sem-categoria\/juarez-moreira-e-a-atracao-de-hoje-no-projeto-sargas-jazz\/\" \/>\n<meta property=\"og:site_name\" content=\"Travel3\" \/>\n<meta property=\"article:publisher\" content=\"https:\/\/www.facebook.com\/travel3media\/\" \/>\n<meta property=\"article:published_time\" content=\"2017-09-05T17:00:13+00:00\" \/>\n<meta name=\"author\" content=\"admin\" \/>\n<meta name=\"twitter:card\" content=\"summary_large_image\" \/>\n<meta name=\"twitter:label1\" content=\"Escrito por\" \/>\n\t<meta name=\"twitter:data1\" content=\"admin\" \/>\n\t<meta name=\"twitter:label2\" content=\"Est. tempo de leitura\" \/>\n\t<meta name=\"twitter:data2\" content=\"1 minuto\" \/>\n<script type=\"application\/ld+json\" class=\"yoast-schema-graph\">{\"@context\":\"https:\/\/schema.org\",\"@graph\":[{\"@type\":\"Article\",\"@id\":\"https:\/\/www.travel3.com.br\/site\/sem-categoria\/juarez-moreira-e-a-atracao-de-hoje-no-projeto-sargas-jazz\/#article\",\"isPartOf\":{\"@id\":\"https:\/\/www.travel3.com.br\/site\/sem-categoria\/juarez-moreira-e-a-atracao-de-hoje-no-projeto-sargas-jazz\/\"},\"author\":{\"name\":\"admin\",\"@id\":\"https:\/\/www.travel3.com.br\/site\/#\/schema\/person\/a69d71e41a024999b6ab82369ac0bd1e\"},\"headline\":\"JUAREZ MOREIRA \u00c9 A ATRA\u00c7\u00c3O DE HOJE NO PROJETO SARGAS JAZZ\",\"datePublished\":\"2017-09-05T17:00:13+00:00\",\"mainEntityOfPage\":{\"@id\":\"https:\/\/www.travel3.com.br\/site\/sem-categoria\/juarez-moreira-e-a-atracao-de-hoje-no-projeto-sargas-jazz\/\"},\"wordCount\":234,\"commentCount\":0,\"publisher\":{\"@id\":\"https:\/\/www.travel3.com.br\/site\/#organization\"},\"inLanguage\":\"pt-BR\",\"potentialAction\":[{\"@type\":\"CommentAction\",\"name\":\"Comment\",\"target\":[\"https:\/\/www.travel3.com.br\/site\/sem-categoria\/juarez-moreira-e-a-atracao-de-hoje-no-projeto-sargas-jazz\/#respond\"]}]},{\"@type\":\"WebPage\",\"@id\":\"https:\/\/www.travel3.com.br\/site\/sem-categoria\/juarez-moreira-e-a-atracao-de-hoje-no-projeto-sargas-jazz\/\",\"url\":\"https:\/\/www.travel3.com.br\/site\/sem-categoria\/juarez-moreira-e-a-atracao-de-hoje-no-projeto-sargas-jazz\/\",\"name\":\"JUAREZ MOREIRA \u00c9 A ATRA\u00c7\u00c3O DE HOJE NO PROJETO SARGAS JAZZ - Travel3\",\"isPartOf\":{\"@id\":\"https:\/\/www.travel3.com.br\/site\/#website\"},\"datePublished\":\"2017-09-05T17:00:13+00:00\",\"description\":\"A TRAVEL3 \u00e9 um portal de conte\u00fado voltado para o turismo, encontre destinos, viagens, hospedagem, passagens, guias, not\u00edcias sobre o mercado do turismo, dicas de viagem, v\u00eddeos e podcast.\",\"breadcrumb\":{\"@id\":\"https:\/\/www.travel3.com.br\/site\/sem-categoria\/juarez-moreira-e-a-atracao-de-hoje-no-projeto-sargas-jazz\/#breadcrumb\"},\"inLanguage\":\"pt-BR\",\"potentialAction\":[{\"@type\":\"ReadAction\",\"target\":[\"https:\/\/www.travel3.com.br\/site\/sem-categoria\/juarez-moreira-e-a-atracao-de-hoje-no-projeto-sargas-jazz\/\"]}]},{\"@type\":\"BreadcrumbList\",\"@id\":\"https:\/\/www.travel3.com.br\/site\/sem-categoria\/juarez-moreira-e-a-atracao-de-hoje-no-projeto-sargas-jazz\/#breadcrumb\",\"itemListElement\":[{\"@type\":\"ListItem\",\"position\":1,\"name\":\"In\u00edcio\",\"item\":\"https:\/\/www.travel3.com.br\/site\/\"},{\"@type\":\"ListItem\",\"position\":2,\"name\":\"JUAREZ MOREIRA \u00c9 A ATRA\u00c7\u00c3O DE HOJE NO PROJETO SARGAS JAZZ\"}]},{\"@type\":\"WebSite\",\"@id\":\"https:\/\/www.travel3.com.br\/site\/#website\",\"url\":\"https:\/\/www.travel3.com.br\/site\/\",\"name\":\"Travel3\",\"description\":\"Lazer + Neg&oacute;cios + Aventura\",\"publisher\":{\"@id\":\"https:\/\/www.travel3.com.br\/site\/#organization\"},\"potentialAction\":[{\"@type\":\"SearchAction\",\"target\":{\"@type\":\"EntryPoint\",\"urlTemplate\":\"https:\/\/www.travel3.com.br\/site\/?s={search_term_string}\"},\"query-input\":{\"@type\":\"PropertyValueSpecification\",\"valueRequired\":true,\"valueName\":\"search_term_string\"}}],\"inLanguage\":\"pt-BR\"},{\"@type\":\"Organization\",\"@id\":\"https:\/\/www.travel3.com.br\/site\/#organization\",\"name\":\"Travel3\",\"url\":\"https:\/\/www.travel3.com.br\/site\/\",\"logo\":{\"@type\":\"ImageObject\",\"inLanguage\":\"pt-BR\",\"@id\":\"https:\/\/www.travel3.com.br\/site\/#\/schema\/logo\/image\/\",\"url\":\"https:\/\/www.travel3.com.br\/site\/wp-content\/uploads\/2020\/01\/logo-travel3-2020.png\",\"contentUrl\":\"https:\/\/www.travel3.com.br\/site\/wp-content\/uploads\/2020\/01\/logo-travel3-2020.png\",\"width\":232,\"height\":79,\"caption\":\"Travel3\"},\"image\":{\"@id\":\"https:\/\/www.travel3.com.br\/site\/#\/schema\/logo\/image\/\"},\"sameAs\":[\"https:\/\/www.facebook.com\/travel3media\/\",\"https:\/\/www.instagram.com\/revistatravel3\/\",\"https:\/\/www.youtube.com\/channel\/UCno7J4paGBR3VbZQzvoJ9Eg\"]},{\"@type\":\"Person\",\"@id\":\"https:\/\/www.travel3.com.br\/site\/#\/schema\/person\/a69d71e41a024999b6ab82369ac0bd1e\",\"name\":\"admin\",\"image\":{\"@type\":\"ImageObject\",\"inLanguage\":\"pt-BR\",\"@id\":\"https:\/\/www.travel3.com.br\/site\/#\/schema\/person\/image\/\",\"url\":\"https:\/\/secure.gravatar.com\/avatar\/732a67adfd764da2a47ba10ce731c4c0?s=96&d=mm&r=g\",\"contentUrl\":\"https:\/\/secure.gravatar.com\/avatar\/732a67adfd764da2a47ba10ce731c4c0?s=96&d=mm&r=g\",\"caption\":\"admin\"},\"url\":\"https:\/\/www.travel3.com.br\/site\/author\/admin\/\"}]}<\/script>\n<!-- \/ Yoast SEO plugin. -->","yoast_head_json":{"title":"JUAREZ MOREIRA \u00c9 A ATRA\u00c7\u00c3O DE HOJE NO PROJETO SARGAS JAZZ - Travel3","description":"A TRAVEL3 \u00e9 um portal de conte\u00fado voltado para o turismo, encontre destinos, viagens, hospedagem, passagens, guias, not\u00edcias sobre o mercado do turismo, dicas de viagem, v\u00eddeos e podcast.","robots":{"index":"index","follow":"follow","max-snippet":"max-snippet:-1","max-image-preview":"max-image-preview:large","max-video-preview":"max-video-preview:-1"},"canonical":"https:\/\/www.travel3.com.br\/site\/sem-categoria\/juarez-moreira-e-a-atracao-de-hoje-no-projeto-sargas-jazz\/","og_locale":"pt_BR","og_type":"article","og_title":"JUAREZ MOREIRA \u00c9 A ATRA\u00c7\u00c3O DE HOJE NO PROJETO SARGAS JAZZ - Travel3","og_description":"A TRAVEL3 \u00e9 um portal de conte\u00fado voltado para o turismo, encontre destinos, viagens, hospedagem, passagens, guias, not\u00edcias sobre o mercado do turismo, dicas de viagem, v\u00eddeos e podcast.","og_url":"https:\/\/www.travel3.com.br\/site\/sem-categoria\/juarez-moreira-e-a-atracao-de-hoje-no-projeto-sargas-jazz\/","og_site_name":"Travel3","article_publisher":"https:\/\/www.facebook.com\/travel3media\/","article_published_time":"2017-09-05T17:00:13+00:00","author":"admin","twitter_card":"summary_large_image","twitter_misc":{"Escrito por":"admin","Est. tempo de leitura":"1 minuto"},"schema":{"@context":"https:\/\/schema.org","@graph":[{"@type":"Article","@id":"https:\/\/www.travel3.com.br\/site\/sem-categoria\/juarez-moreira-e-a-atracao-de-hoje-no-projeto-sargas-jazz\/#article","isPartOf":{"@id":"https:\/\/www.travel3.com.br\/site\/sem-categoria\/juarez-moreira-e-a-atracao-de-hoje-no-projeto-sargas-jazz\/"},"author":{"name":"admin","@id":"https:\/\/www.travel3.com.br\/site\/#\/schema\/person\/a69d71e41a024999b6ab82369ac0bd1e"},"headline":"JUAREZ MOREIRA \u00c9 A ATRA\u00c7\u00c3O DE HOJE NO PROJETO SARGAS JAZZ","datePublished":"2017-09-05T17:00:13+00:00","mainEntityOfPage":{"@id":"https:\/\/www.travel3.com.br\/site\/sem-categoria\/juarez-moreira-e-a-atracao-de-hoje-no-projeto-sargas-jazz\/"},"wordCount":234,"commentCount":0,"publisher":{"@id":"https:\/\/www.travel3.com.br\/site\/#organization"},"inLanguage":"pt-BR","potentialAction":[{"@type":"CommentAction","name":"Comment","target":["https:\/\/www.travel3.com.br\/site\/sem-categoria\/juarez-moreira-e-a-atracao-de-hoje-no-projeto-sargas-jazz\/#respond"]}]},{"@type":"WebPage","@id":"https:\/\/www.travel3.com.br\/site\/sem-categoria\/juarez-moreira-e-a-atracao-de-hoje-no-projeto-sargas-jazz\/","url":"https:\/\/www.travel3.com.br\/site\/sem-categoria\/juarez-moreira-e-a-atracao-de-hoje-no-projeto-sargas-jazz\/","name":"JUAREZ MOREIRA \u00c9 A ATRA\u00c7\u00c3O DE HOJE NO PROJETO SARGAS JAZZ - Travel3","isPartOf":{"@id":"https:\/\/www.travel3.com.br\/site\/#website"},"datePublished":"2017-09-05T17:00:13+00:00","description":"A TRAVEL3 \u00e9 um portal de conte\u00fado voltado para o turismo, encontre destinos, viagens, hospedagem, passagens, guias, not\u00edcias sobre o mercado do turismo, dicas de viagem, v\u00eddeos e podcast.","breadcrumb":{"@id":"https:\/\/www.travel3.com.br\/site\/sem-categoria\/juarez-moreira-e-a-atracao-de-hoje-no-projeto-sargas-jazz\/#breadcrumb"},"inLanguage":"pt-BR","potentialAction":[{"@type":"ReadAction","target":["https:\/\/www.travel3.com.br\/site\/sem-categoria\/juarez-moreira-e-a-atracao-de-hoje-no-projeto-sargas-jazz\/"]}]},{"@type":"BreadcrumbList","@id":"https:\/\/www.travel3.com.br\/site\/sem-categoria\/juarez-moreira-e-a-atracao-de-hoje-no-projeto-sargas-jazz\/#breadcrumb","itemListElement":[{"@type":"ListItem","position":1,"name":"In\u00edcio","item":"https:\/\/www.travel3.com.br\/site\/"},{"@type":"ListItem","position":2,"name":"JUAREZ MOREIRA \u00c9 A ATRA\u00c7\u00c3O DE HOJE NO PROJETO SARGAS JAZZ"}]},{"@type":"WebSite","@id":"https:\/\/www.travel3.com.br\/site\/#website","url":"https:\/\/www.travel3.com.br\/site\/","name":"Travel3","description":"Lazer + Neg&oacute;cios + Aventura","publisher":{"@id":"https:\/\/www.travel3.com.br\/site\/#organization"},"potentialAction":[{"@type":"SearchAction","target":{"@type":"EntryPoint","urlTemplate":"https:\/\/www.travel3.com.br\/site\/?s={search_term_string}"},"query-input":{"@type":"PropertyValueSpecification","valueRequired":true,"valueName":"search_term_string"}}],"inLanguage":"pt-BR"},{"@type":"Organization","@id":"https:\/\/www.travel3.com.br\/site\/#organization","name":"Travel3","url":"https:\/\/www.travel3.com.br\/site\/","logo":{"@type":"ImageObject","inLanguage":"pt-BR","@id":"https:\/\/www.travel3.com.br\/site\/#\/schema\/logo\/image\/","url":"https:\/\/www.travel3.com.br\/site\/wp-content\/uploads\/2020\/01\/logo-travel3-2020.png","contentUrl":"https:\/\/www.travel3.com.br\/site\/wp-content\/uploads\/2020\/01\/logo-travel3-2020.png","width":232,"height":79,"caption":"Travel3"},"image":{"@id":"https:\/\/www.travel3.com.br\/site\/#\/schema\/logo\/image\/"},"sameAs":["https:\/\/www.facebook.com\/travel3media\/","https:\/\/www.instagram.com\/revistatravel3\/","https:\/\/www.youtube.com\/channel\/UCno7J4paGBR3VbZQzvoJ9Eg"]},{"@type":"Person","@id":"https:\/\/www.travel3.com.br\/site\/#\/schema\/person\/a69d71e41a024999b6ab82369ac0bd1e","name":"admin","image":{"@type":"ImageObject","inLanguage":"pt-BR","@id":"https:\/\/www.travel3.com.br\/site\/#\/schema\/person\/image\/","url":"https:\/\/secure.gravatar.com\/avatar\/732a67adfd764da2a47ba10ce731c4c0?s=96&d=mm&r=g","contentUrl":"https:\/\/secure.gravatar.com\/avatar\/732a67adfd764da2a47ba10ce731c4c0?s=96&d=mm&r=g","caption":"admin"},"url":"https:\/\/www.travel3.com.br\/site\/author\/admin\/"}]}},"_links":{"self":[{"href":"https:\/\/www.travel3.com.br\/site\/wp-json\/wp\/v2\/posts\/2200","targetHints":{"allow":["GET"]}}],"collection":[{"href":"https:\/\/www.travel3.com.br\/site\/wp-json\/wp\/v2\/posts"}],"about":[{"href":"https:\/\/www.travel3.com.br\/site\/wp-json\/wp\/v2\/types\/post"}],"author":[{"embeddable":true,"href":"https:\/\/www.travel3.com.br\/site\/wp-json\/wp\/v2\/users\/1"}],"replies":[{"embeddable":true,"href":"https:\/\/www.travel3.com.br\/site\/wp-json\/wp\/v2\/comments?post=2200"}],"version-history":[{"count":0,"href":"https:\/\/www.travel3.com.br\/site\/wp-json\/wp\/v2\/posts\/2200\/revisions"}],"wp:attachment":[{"href":"https:\/\/www.travel3.com.br\/site\/wp-json\/wp\/v2\/media?parent=2200"}],"wp:term":[{"taxonomy":"category","embeddable":true,"href":"https:\/\/www.travel3.com.br\/site\/wp-json\/wp\/v2\/categories?post=2200"},{"taxonomy":"post_tag","embeddable":true,"href":"https:\/\/www.travel3.com.br\/site\/wp-json\/wp\/v2\/tags?post=2200"}],"curies":[{"name":"wp","href":"https:\/\/api.w.org\/{rel}","templated":true}]}}