{"id":21981,"date":"2019-04-20T00:20:30","date_gmt":"2019-04-20T03:20:30","guid":{"rendered":"http:\/\/www.travel3.com.br\/?p=21981"},"modified":"2019-04-20T00:41:58","modified_gmt":"2019-04-20T03:41:58","slug":"orinter-2018-o-dia-em-que-o-amor","status":"publish","type":"post","link":"https:\/\/www.travel3.com.br\/site\/acontece-no-turismo\/eventos-e-feiras\/orinter-2018-o-dia-em-que-o-amor\/","title":{"rendered":"Melhores Momentos Top Seller Orinter 2018: o dia em que o amor ficou no ar"},"content":{"rendered":"\n<p style=\"font-size:26px;text-align:center\"><strong>Mais uma vez a operadora se superou ao fechar o evento de premia\u00e7\u00e3o com o maior de todos os sentimentos<\/strong><\/p>\n\n\n\n<p>Quem participou do Top Seller Orinter 2018 ainda consegue sentir o clima de amor e romantismo que tomou conta da noite de encerramento do evento de premia\u00e7\u00e3o. Mais uma vez a Orinter Tour &amp; Travel se superou e conseguiu, n\u00e3o apenas surpreender, mas emocionar os Top Seller e, ainda mais, dar uma oportunidade \u00fanica aos casais presentes de renovarem seus votos de amor e uni\u00e3o. <\/p>\n\n\n\n<figure class=\"wp-block-image\"><img loading=\"lazy\" decoding=\"async\" width=\"1024\" height=\"685\" src=\"http:\/\/www.travel3.com.br\/site\/wp-content\/uploads\/2019\/04\/Casamento-Orinter-Le-Blanc002_A-1024x685.jpg\" alt=\"Casamento Top Seller Orinter\" class=\"wp-image-21948\" srcset=\"https:\/\/www.travel3.com.br\/site\/wp-content\/uploads\/2019\/04\/Casamento-Orinter-Le-Blanc002_A-1024x685.jpg 1024w, https:\/\/www.travel3.com.br\/site\/wp-content\/uploads\/2019\/04\/Casamento-Orinter-Le-Blanc002_A-300x201.jpg 300w, https:\/\/www.travel3.com.br\/site\/wp-content\/uploads\/2019\/04\/Casamento-Orinter-Le-Blanc002_A-768x514.jpg 768w, https:\/\/www.travel3.com.br\/site\/wp-content\/uploads\/2019\/04\/Casamento-Orinter-Le-Blanc002_A-750x502.jpg 750w, https:\/\/www.travel3.com.br\/site\/wp-content\/uploads\/2019\/04\/Casamento-Orinter-Le-Blanc002_A-1140x762.jpg 1140w, https:\/\/www.travel3.com.br\/site\/wp-content\/uploads\/2019\/04\/Casamento-Orinter-Le-Blanc002_A.jpg 1920w\" sizes=\"auto, (max-width: 1024px) 100vw, 1024px\" \/><figcaption>Detalhe das mesas do jantar de encerramento \u00e0 espera dos convidados <\/figcaption><\/figure>\n\n\n\n<p>J\u00e1 o Le Blanc Los Cabos ofereceu uma pequena amostra do que \u00e9 poss\u00edvel proporcionar aos noivos que sonham em casar no luxuoso resort All Inclusive da Baja California. Do in\u00edcio ao fim, foi uma festa de encerramento incompar\u00e1vel que acabou deixando, para a pr\u00f3xima edi\u00e7\u00e3o do Pr\u00eamio Top Seller, um gigantesco desafio.<\/p>\n\n\n\n<figure class=\"wp-block-image\"><img loading=\"lazy\" decoding=\"async\" width=\"1024\" height=\"685\" src=\"http:\/\/www.travel3.com.br\/site\/wp-content\/uploads\/2019\/04\/Casamento-Orinter-Le-Blanc003_A-1024x685.jpg\" alt=\"Casamento Top Seller Orinter\" class=\"wp-image-21949\" srcset=\"https:\/\/www.travel3.com.br\/site\/wp-content\/uploads\/2019\/04\/Casamento-Orinter-Le-Blanc003_A-1024x685.jpg 1024w, https:\/\/www.travel3.com.br\/site\/wp-content\/uploads\/2019\/04\/Casamento-Orinter-Le-Blanc003_A-300x201.jpg 300w, https:\/\/www.travel3.com.br\/site\/wp-content\/uploads\/2019\/04\/Casamento-Orinter-Le-Blanc003_A-768x514.jpg 768w, https:\/\/www.travel3.com.br\/site\/wp-content\/uploads\/2019\/04\/Casamento-Orinter-Le-Blanc003_A-750x502.jpg 750w, https:\/\/www.travel3.com.br\/site\/wp-content\/uploads\/2019\/04\/Casamento-Orinter-Le-Blanc003_A-1140x762.jpg 1140w, https:\/\/www.travel3.com.br\/site\/wp-content\/uploads\/2019\/04\/Casamento-Orinter-Le-Blanc003_A.jpg 1920w\" sizes=\"auto, (max-width: 1024px) 100vw, 1024px\" \/><figcaption>Arranjos florais e o bom gosto de um casamento ao ar livre, no Le Blanc Los Cabos<\/figcaption><\/figure>\n\n\n\n<p>Talvez seja poss\u00edvel superar o evento de 2018, que combinou local e cen\u00e1rio perfeitos + ricas atra\u00e7\u00f5es + servi\u00e7o e decora\u00e7\u00e3o impec\u00e1veis + gastronomia e bebidas de alto n\u00edvel. Mas repetir a emo\u00e7\u00e3o que se espalhou no ar ser\u00e1 uma tarefa a altura dos profissionais da operadora.<\/p>\n\n\n\n<h2 class=\"wp-block-heading\">Tudo come\u00e7ou com uma cerim\u00f4nia de casamento<\/h2>\n\n\n\n<p>No final de mais um dia rico em atra\u00e7\u00f5es e descobertas, os Top Seller se encontraram no Portal do Le Blanc Los Cabos, o local mais c\u00eanico do resort, cercado por belos espa\u00e7os ao ar livre, de onde era poss\u00edvel apreciar a vista de perder o f\u00f4lego do mar, das piscinas, jardins e da bel\u00edssima arquitetura do resort.<\/p>\n\n\n\n<figure class=\"wp-block-image\"><img loading=\"lazy\" decoding=\"async\" width=\"1024\" height=\"685\" src=\"http:\/\/www.travel3.com.br\/site\/wp-content\/uploads\/2019\/04\/Casamento-Orinter-Le-Blanc011_A-1024x685.jpg\" alt=\"Casamento Top Seller Orinter\" class=\"wp-image-21954\" srcset=\"https:\/\/www.travel3.com.br\/site\/wp-content\/uploads\/2019\/04\/Casamento-Orinter-Le-Blanc011_A-1024x685.jpg 1024w, https:\/\/www.travel3.com.br\/site\/wp-content\/uploads\/2019\/04\/Casamento-Orinter-Le-Blanc011_A-300x201.jpg 300w, https:\/\/www.travel3.com.br\/site\/wp-content\/uploads\/2019\/04\/Casamento-Orinter-Le-Blanc011_A-768x514.jpg 768w, https:\/\/www.travel3.com.br\/site\/wp-content\/uploads\/2019\/04\/Casamento-Orinter-Le-Blanc011_A-750x502.jpg 750w, https:\/\/www.travel3.com.br\/site\/wp-content\/uploads\/2019\/04\/Casamento-Orinter-Le-Blanc011_A-1140x762.jpg 1140w, https:\/\/www.travel3.com.br\/site\/wp-content\/uploads\/2019\/04\/Casamento-Orinter-Le-Blanc011_A.jpg 1920w\" sizes=\"auto, (max-width: 1024px) 100vw, 1024px\" \/><figcaption>Marisa Zamboni celebrou o casamento irradiando com suas palavras amor e emo\u00e7\u00e3o aos convidados <\/figcaption><\/figure>\n\n\n\n<ul class=\"wp-block-gallery columns-2 is-cropped wp-block-gallery-2 is-layout-flex wp-block-gallery-is-layout-flex\"><li class=\"blocks-gallery-item\"><figure><img loading=\"lazy\" decoding=\"async\" width=\"1024\" height=\"685\" src=\"http:\/\/www.travel3.com.br\/site\/wp-content\/uploads\/2019\/04\/Casamento-Orinter-Le-Blanc017_A-1024x685.jpg\" alt=\"Casamento Top Seller Orinter\" data-id=\"21956\" data-link=\"http:\/\/www.travel3.com.br\/casamento-orinter-le-blanc017_a\/\" class=\"wp-image-21956\" srcset=\"https:\/\/www.travel3.com.br\/site\/wp-content\/uploads\/2019\/04\/Casamento-Orinter-Le-Blanc017_A-1024x685.jpg 1024w, https:\/\/www.travel3.com.br\/site\/wp-content\/uploads\/2019\/04\/Casamento-Orinter-Le-Blanc017_A-300x201.jpg 300w, https:\/\/www.travel3.com.br\/site\/wp-content\/uploads\/2019\/04\/Casamento-Orinter-Le-Blanc017_A-768x514.jpg 768w, https:\/\/www.travel3.com.br\/site\/wp-content\/uploads\/2019\/04\/Casamento-Orinter-Le-Blanc017_A-750x502.jpg 750w, https:\/\/www.travel3.com.br\/site\/wp-content\/uploads\/2019\/04\/Casamento-Orinter-Le-Blanc017_A-1140x762.jpg 1140w, https:\/\/www.travel3.com.br\/site\/wp-content\/uploads\/2019\/04\/Casamento-Orinter-Le-Blanc017_A.jpg 1920w\" sizes=\"auto, (max-width: 1024px) 100vw, 1024px\" \/><\/figure><\/li><li class=\"blocks-gallery-item\"><figure><img loading=\"lazy\" decoding=\"async\" width=\"1024\" height=\"685\" src=\"http:\/\/www.travel3.com.br\/site\/wp-content\/uploads\/2019\/04\/Casamento-Orinter-Le-Blanc022_A-1024x685.jpg\" alt=\"\" data-id=\"21957\" data-link=\"http:\/\/www.travel3.com.br\/casamento-orinter-le-blanc022_a\/\" class=\"wp-image-21957\" srcset=\"https:\/\/www.travel3.com.br\/site\/wp-content\/uploads\/2019\/04\/Casamento-Orinter-Le-Blanc022_A-1024x685.jpg 1024w, https:\/\/www.travel3.com.br\/site\/wp-content\/uploads\/2019\/04\/Casamento-Orinter-Le-Blanc022_A-300x201.jpg 300w, https:\/\/www.travel3.com.br\/site\/wp-content\/uploads\/2019\/04\/Casamento-Orinter-Le-Blanc022_A-768x514.jpg 768w, https:\/\/www.travel3.com.br\/site\/wp-content\/uploads\/2019\/04\/Casamento-Orinter-Le-Blanc022_A-750x502.jpg 750w, https:\/\/www.travel3.com.br\/site\/wp-content\/uploads\/2019\/04\/Casamento-Orinter-Le-Blanc022_A-1140x762.jpg 1140w, https:\/\/www.travel3.com.br\/site\/wp-content\/uploads\/2019\/04\/Casamento-Orinter-Le-Blanc022_A.jpg 1920w\" sizes=\"auto, (max-width: 1024px) 100vw, 1024px\" \/><\/figure><\/li><\/ul>\n\n\n\n<p style=\"text-align:center\" class=\"has-small-font-size\">Marcelo troca votos com Gisele, com Marisa Zamboni como testemunha (e todos os Top Seller Orinter!) + A hora do beijo foi aplaudida e comemorada por todos<\/p>\n\n\n\n<ul class=\"wp-block-gallery columns-2 is-cropped wp-block-gallery-3 is-layout-flex wp-block-gallery-is-layout-flex\"><li class=\"blocks-gallery-item\"><figure><img loading=\"lazy\" decoding=\"async\" width=\"1024\" height=\"685\" src=\"http:\/\/www.travel3.com.br\/site\/wp-content\/uploads\/2019\/04\/Casamento-Orinter-Le-Blanc038_A-1024x685.jpg\" alt=\"Casamento Top Seller Orinter\" data-id=\"21961\" data-link=\"http:\/\/www.travel3.com.br\/casamento-orinter-le-blanc038_a\/\" class=\"wp-image-21961\" srcset=\"https:\/\/www.travel3.com.br\/site\/wp-content\/uploads\/2019\/04\/Casamento-Orinter-Le-Blanc038_A-1024x685.jpg 1024w, https:\/\/www.travel3.com.br\/site\/wp-content\/uploads\/2019\/04\/Casamento-Orinter-Le-Blanc038_A-300x201.jpg 300w, https:\/\/www.travel3.com.br\/site\/wp-content\/uploads\/2019\/04\/Casamento-Orinter-Le-Blanc038_A-768x514.jpg 768w, https:\/\/www.travel3.com.br\/site\/wp-content\/uploads\/2019\/04\/Casamento-Orinter-Le-Blanc038_A-750x502.jpg 750w, https:\/\/www.travel3.com.br\/site\/wp-content\/uploads\/2019\/04\/Casamento-Orinter-Le-Blanc038_A-1140x762.jpg 1140w, https:\/\/www.travel3.com.br\/site\/wp-content\/uploads\/2019\/04\/Casamento-Orinter-Le-Blanc038_A.jpg 1920w\" sizes=\"auto, (max-width: 1024px) 100vw, 1024px\" \/><figcaption> <\/figcaption><\/figure><\/li><li class=\"blocks-gallery-item\"><figure><img loading=\"lazy\" decoding=\"async\" width=\"1024\" height=\"685\" src=\"http:\/\/www.travel3.com.br\/site\/wp-content\/uploads\/2019\/04\/Casamento-Orinter-Le-Blanc036_A-1024x685.jpg\" alt=\"Casamento Top Seller Orinter\" data-id=\"21960\" data-link=\"http:\/\/www.travel3.com.br\/casamento-orinter-le-blanc036_a\/\" class=\"wp-image-21960\" srcset=\"https:\/\/www.travel3.com.br\/site\/wp-content\/uploads\/2019\/04\/Casamento-Orinter-Le-Blanc036_A-1024x685.jpg 1024w, https:\/\/www.travel3.com.br\/site\/wp-content\/uploads\/2019\/04\/Casamento-Orinter-Le-Blanc036_A-300x201.jpg 300w, https:\/\/www.travel3.com.br\/site\/wp-content\/uploads\/2019\/04\/Casamento-Orinter-Le-Blanc036_A-768x514.jpg 768w, https:\/\/www.travel3.com.br\/site\/wp-content\/uploads\/2019\/04\/Casamento-Orinter-Le-Blanc036_A-750x502.jpg 750w, https:\/\/www.travel3.com.br\/site\/wp-content\/uploads\/2019\/04\/Casamento-Orinter-Le-Blanc036_A-1140x762.jpg 1140w, https:\/\/www.travel3.com.br\/site\/wp-content\/uploads\/2019\/04\/Casamento-Orinter-Le-Blanc036_A.jpg 1920w\" sizes=\"auto, (max-width: 1024px) 100vw, 1024px\" \/><\/figure><\/li><li class=\"blocks-gallery-item\"><figure><img loading=\"lazy\" decoding=\"async\" width=\"685\" height=\"1024\" src=\"http:\/\/www.travel3.com.br\/site\/wp-content\/uploads\/2019\/04\/Casamento-Orinter-Le-Blanc050_A-685x1024.jpg\" alt=\"Casamento Top Seller Orinter\" data-id=\"21964\" data-link=\"http:\/\/www.travel3.com.br\/casamento-orinter-le-blanc050_a\/\" class=\"wp-image-21964\" srcset=\"https:\/\/www.travel3.com.br\/site\/wp-content\/uploads\/2019\/04\/Casamento-Orinter-Le-Blanc050_A-685x1024.jpg 685w, https:\/\/www.travel3.com.br\/site\/wp-content\/uploads\/2019\/04\/Casamento-Orinter-Le-Blanc050_A-201x300.jpg 201w, https:\/\/www.travel3.com.br\/site\/wp-content\/uploads\/2019\/04\/Casamento-Orinter-Le-Blanc050_A-768x1148.jpg 768w, https:\/\/www.travel3.com.br\/site\/wp-content\/uploads\/2019\/04\/Casamento-Orinter-Le-Blanc050_A-750x1121.jpg 750w, https:\/\/www.travel3.com.br\/site\/wp-content\/uploads\/2019\/04\/Casamento-Orinter-Le-Blanc050_A-1140x1705.jpg 1140w, https:\/\/www.travel3.com.br\/site\/wp-content\/uploads\/2019\/04\/Casamento-Orinter-Le-Blanc050_A.jpg 1284w\" sizes=\"auto, (max-width: 685px) 100vw, 685px\" \/><\/figure><\/li><li class=\"blocks-gallery-item\"><figure><img loading=\"lazy\" decoding=\"async\" width=\"685\" height=\"1024\" src=\"http:\/\/www.travel3.com.br\/site\/wp-content\/uploads\/2019\/04\/Casamento-Orinter-Le-Blanc039_A-685x1024.jpg\" alt=\"Casamento Top Seller Orinter\" data-id=\"21962\" data-link=\"http:\/\/www.travel3.com.br\/casamento-orinter-le-blanc039_a\/\" class=\"wp-image-21962\" srcset=\"https:\/\/www.travel3.com.br\/site\/wp-content\/uploads\/2019\/04\/Casamento-Orinter-Le-Blanc039_A-685x1024.jpg 685w, https:\/\/www.travel3.com.br\/site\/wp-content\/uploads\/2019\/04\/Casamento-Orinter-Le-Blanc039_A-201x300.jpg 201w, https:\/\/www.travel3.com.br\/site\/wp-content\/uploads\/2019\/04\/Casamento-Orinter-Le-Blanc039_A-768x1148.jpg 768w, https:\/\/www.travel3.com.br\/site\/wp-content\/uploads\/2019\/04\/Casamento-Orinter-Le-Blanc039_A-750x1121.jpg 750w, https:\/\/www.travel3.com.br\/site\/wp-content\/uploads\/2019\/04\/Casamento-Orinter-Le-Blanc039_A-1140x1705.jpg 1140w, https:\/\/www.travel3.com.br\/site\/wp-content\/uploads\/2019\/04\/Casamento-Orinter-Le-Blanc039_A.jpg 1284w\" sizes=\"auto, (max-width: 685px) 100vw, 685px\" \/><\/figure><\/li><li class=\"blocks-gallery-item\"><figure><img loading=\"lazy\" decoding=\"async\" width=\"1024\" height=\"685\" src=\"http:\/\/www.travel3.com.br\/site\/wp-content\/uploads\/2019\/04\/Casamento-Orinter-Le-Blanc034_A-1024x685.jpg\" alt=\"Casamento Top Seller Orinter\" data-id=\"21959\" data-link=\"http:\/\/www.travel3.com.br\/casamento-orinter-le-blanc034_a\/\" class=\"wp-image-21959\" srcset=\"https:\/\/www.travel3.com.br\/site\/wp-content\/uploads\/2019\/04\/Casamento-Orinter-Le-Blanc034_A-1024x685.jpg 1024w, https:\/\/www.travel3.com.br\/site\/wp-content\/uploads\/2019\/04\/Casamento-Orinter-Le-Blanc034_A-300x201.jpg 300w, https:\/\/www.travel3.com.br\/site\/wp-content\/uploads\/2019\/04\/Casamento-Orinter-Le-Blanc034_A-768x514.jpg 768w, https:\/\/www.travel3.com.br\/site\/wp-content\/uploads\/2019\/04\/Casamento-Orinter-Le-Blanc034_A-750x502.jpg 750w, https:\/\/www.travel3.com.br\/site\/wp-content\/uploads\/2019\/04\/Casamento-Orinter-Le-Blanc034_A-1140x762.jpg 1140w, https:\/\/www.travel3.com.br\/site\/wp-content\/uploads\/2019\/04\/Casamento-Orinter-Le-Blanc034_A.jpg 1920w\" sizes=\"auto, (max-width: 1024px) 100vw, 1024px\" \/><\/figure><\/li><\/ul>\n\n\n\n<p style=\"text-align:center\" class=\"has-small-font-size\">Em sentido hor\u00e1rio: os noivos recebem os cumprimentos + e ficam ali, no portal do amor, recebendo o carinho dos Top Seller; aqui com Jorge Souza e Marisa Zamboni + Marcelo e Gisele em Los Cabos, no Le Blanc: combina\u00e7\u00e3o perfeita celebrar o amor + beijos e abra\u00e7os coletivos = o amor foi a grande emo\u00e7\u00e3o no \u00faltimo evento da Orinter Tour &amp; Travel<\/p>\n\n\n\n<p>Pela decora\u00e7\u00e3o, mobili\u00e1rio e organiza\u00e7\u00e3o do cen\u00e1rio, era vis\u00edvel que aconteceria ali a celebra\u00e7\u00e3o de um casamento. Longe de ser uma mera capacita\u00e7\u00e3o, o que os Top Seller n\u00e3o sabiam \u00e9 que as ben\u00e7\u00e3os seriam reais, para um casal apaixonado: Gisele Torrano e Marcelo Salom\u00e3o, representantes do Brasil do destino Los Cabos. <\/p>\n\n\n\n<figure class=\"wp-block-image\"><img loading=\"lazy\" decoding=\"async\" width=\"1024\" height=\"685\" src=\"http:\/\/www.travel3.com.br\/site\/wp-content\/uploads\/2019\/04\/Casamento-Orinter-Le-Blanc009_A-1024x685.jpg\" alt=\"Casamento Top Seller Orinter\" class=\"wp-image-21952\" srcset=\"https:\/\/www.travel3.com.br\/site\/wp-content\/uploads\/2019\/04\/Casamento-Orinter-Le-Blanc009_A-1024x685.jpg 1024w, https:\/\/www.travel3.com.br\/site\/wp-content\/uploads\/2019\/04\/Casamento-Orinter-Le-Blanc009_A-300x201.jpg 300w, https:\/\/www.travel3.com.br\/site\/wp-content\/uploads\/2019\/04\/Casamento-Orinter-Le-Blanc009_A-768x514.jpg 768w, https:\/\/www.travel3.com.br\/site\/wp-content\/uploads\/2019\/04\/Casamento-Orinter-Le-Blanc009_A-750x502.jpg 750w, https:\/\/www.travel3.com.br\/site\/wp-content\/uploads\/2019\/04\/Casamento-Orinter-Le-Blanc009_A-1140x762.jpg 1140w, https:\/\/www.travel3.com.br\/site\/wp-content\/uploads\/2019\/04\/Casamento-Orinter-Le-Blanc009_A.jpg 1920w\" sizes=\"auto, (max-width: 1024px) 100vw, 1024px\" \/><figcaption>Mar\u00edlia Araujo, da Uberatur; Ana Fermo, da DLA Viagens; Roberto Sanches, da Orinter; Paula Freitas, da Turismo.com e Mara\u00edza Oliveira, da Provence<\/figcaption><\/figure>\n\n\n\n<figure class=\"wp-block-image\"><img loading=\"lazy\" decoding=\"async\" width=\"1024\" height=\"685\" src=\"http:\/\/www.travel3.com.br\/site\/wp-content\/uploads\/2019\/04\/Casamento-Orinter-Le-Blanc008_A-1024x685.jpg\" alt=\"Casamento Top Seller Orinter\" class=\"wp-image-21951\" srcset=\"https:\/\/www.travel3.com.br\/site\/wp-content\/uploads\/2019\/04\/Casamento-Orinter-Le-Blanc008_A-1024x685.jpg 1024w, https:\/\/www.travel3.com.br\/site\/wp-content\/uploads\/2019\/04\/Casamento-Orinter-Le-Blanc008_A-300x201.jpg 300w, https:\/\/www.travel3.com.br\/site\/wp-content\/uploads\/2019\/04\/Casamento-Orinter-Le-Blanc008_A-768x514.jpg 768w, https:\/\/www.travel3.com.br\/site\/wp-content\/uploads\/2019\/04\/Casamento-Orinter-Le-Blanc008_A-750x502.jpg 750w, https:\/\/www.travel3.com.br\/site\/wp-content\/uploads\/2019\/04\/Casamento-Orinter-Le-Blanc008_A-1140x762.jpg 1140w, https:\/\/www.travel3.com.br\/site\/wp-content\/uploads\/2019\/04\/Casamento-Orinter-Le-Blanc008_A.jpg 1920w\" sizes=\"auto, (max-width: 1024px) 100vw, 1024px\" \/><figcaption>Jorge Souza e Giovana Paulineli, da Orinter Tour &amp; Travel<\/figcaption><\/figure>\n\n\n\n<figure class=\"wp-block-image\"><img loading=\"lazy\" decoding=\"async\" width=\"1024\" height=\"685\" src=\"http:\/\/www.travel3.com.br\/site\/wp-content\/uploads\/2019\/04\/Casamento-Orinter-Le-Blanc052_A-1024x685.jpg\" alt=\"Casamento Top Seller Orinter\" class=\"wp-image-21965\" srcset=\"https:\/\/www.travel3.com.br\/site\/wp-content\/uploads\/2019\/04\/Casamento-Orinter-Le-Blanc052_A-1024x685.jpg 1024w, https:\/\/www.travel3.com.br\/site\/wp-content\/uploads\/2019\/04\/Casamento-Orinter-Le-Blanc052_A-300x201.jpg 300w, https:\/\/www.travel3.com.br\/site\/wp-content\/uploads\/2019\/04\/Casamento-Orinter-Le-Blanc052_A-768x514.jpg 768w, https:\/\/www.travel3.com.br\/site\/wp-content\/uploads\/2019\/04\/Casamento-Orinter-Le-Blanc052_A-750x502.jpg 750w, https:\/\/www.travel3.com.br\/site\/wp-content\/uploads\/2019\/04\/Casamento-Orinter-Le-Blanc052_A-1140x762.jpg 1140w, https:\/\/www.travel3.com.br\/site\/wp-content\/uploads\/2019\/04\/Casamento-Orinter-Le-Blanc052_A.jpg 1920w\" sizes=\"auto, (max-width: 1024px) 100vw, 1024px\" \/><figcaption>Cristina Manfrino e Marisa Zamboni com Rene Virgilio, gerente geral do Le Blanc Los Cabos<\/figcaption><\/figure>\n\n\n\n<p>A cerim\u00f4nia foi linda e emocionante. Marisa Zamboni, como a ju\u00edza de paz fez uma elegia \u00e0 uni\u00e3o e ao comprometimento a dois. Suas palavras ajudaram a irradiar uma emo\u00e7\u00e3o aut\u00eantica e era poss\u00edvel ver l\u00e1grimas nos olhos de muitos convidados. E logo ap\u00f3s as ben\u00e7\u00e3os, a diretora da Palace Resort, em nome da rede hoteleira e da Orinter Tour &amp; Travel chamou os casais presentes para participarem de uma renova\u00e7\u00e3o de votos, ao lado de Gisele e Marcelo.<\/p>\n\n\n\n<h2 class=\"wp-block-heading\">Uma festa de encerramento inesquec\u00edvel<\/h2>\n\n\n\n<p>J\u00e1 durante o coquetel que antecedeu o jantar de encerramento, Ana Maria Berto, diretora da Orinter, agradeceu ao gerente geral do Le Blanc Los Cabos, Rene Virgilio, pela maneira luxuosa como os Top Seller foram recebidos no resort. <\/p>\n\n\n\n<figure class=\"wp-block-image\"><img loading=\"lazy\" decoding=\"async\" width=\"1024\" height=\"685\" src=\"http:\/\/www.travel3.com.br\/site\/wp-content\/uploads\/2019\/04\/Casamento-Orinter-Le-Blanc067_A-1024x685.jpg\" alt=\"Casamento Top Seller Orinter\" class=\"wp-image-21967\" srcset=\"https:\/\/www.travel3.com.br\/site\/wp-content\/uploads\/2019\/04\/Casamento-Orinter-Le-Blanc067_A-1024x685.jpg 1024w, https:\/\/www.travel3.com.br\/site\/wp-content\/uploads\/2019\/04\/Casamento-Orinter-Le-Blanc067_A-300x201.jpg 300w, https:\/\/www.travel3.com.br\/site\/wp-content\/uploads\/2019\/04\/Casamento-Orinter-Le-Blanc067_A-768x514.jpg 768w, https:\/\/www.travel3.com.br\/site\/wp-content\/uploads\/2019\/04\/Casamento-Orinter-Le-Blanc067_A-750x502.jpg 750w, https:\/\/www.travel3.com.br\/site\/wp-content\/uploads\/2019\/04\/Casamento-Orinter-Le-Blanc067_A-1140x762.jpg 1140w, https:\/\/www.travel3.com.br\/site\/wp-content\/uploads\/2019\/04\/Casamento-Orinter-Le-Blanc067_A.jpg 1920w\" sizes=\"auto, (max-width: 1024px) 100vw, 1024px\" \/><figcaption>Ana Maria Berto, diretora da Orinter, agradece ao gerente geral do Le Blanc Los Cabos, Rene Virgilio, a hospitalidade 5 diamantes<\/figcaption><\/figure>\n\n\n\n<p>O restante da noite foi s\u00f3 de festa, alegria e muita celebra\u00e7\u00e3o, ao amor e \u00e0s vendas dos produtos Orinter pois, como se ouvia em alto e bom som em todas as mesas, os Top Seller 2018 querem estar na edi\u00e7\u00e3o 2019 do pr\u00eamio.<\/p>\n\n\n\n<ul class=\"wp-block-gallery columns-2 is-cropped wp-block-gallery-4 is-layout-flex wp-block-gallery-is-layout-flex\"><li class=\"blocks-gallery-item\"><figure><img loading=\"lazy\" decoding=\"async\" width=\"1024\" height=\"685\" src=\"http:\/\/www.travel3.com.br\/site\/wp-content\/uploads\/2019\/04\/Casamento-Orinter-Le-Blanc068_A-1024x685.jpg\" alt=\"Casamento Top Seller Orinter\" data-id=\"21968\" data-link=\"http:\/\/www.travel3.com.br\/casamento-orinter-le-blanc068_a\/\" class=\"wp-image-21968\" srcset=\"https:\/\/www.travel3.com.br\/site\/wp-content\/uploads\/2019\/04\/Casamento-Orinter-Le-Blanc068_A-1024x685.jpg 1024w, https:\/\/www.travel3.com.br\/site\/wp-content\/uploads\/2019\/04\/Casamento-Orinter-Le-Blanc068_A-300x201.jpg 300w, https:\/\/www.travel3.com.br\/site\/wp-content\/uploads\/2019\/04\/Casamento-Orinter-Le-Blanc068_A-768x514.jpg 768w, https:\/\/www.travel3.com.br\/site\/wp-content\/uploads\/2019\/04\/Casamento-Orinter-Le-Blanc068_A-750x502.jpg 750w, https:\/\/www.travel3.com.br\/site\/wp-content\/uploads\/2019\/04\/Casamento-Orinter-Le-Blanc068_A-1140x762.jpg 1140w, https:\/\/www.travel3.com.br\/site\/wp-content\/uploads\/2019\/04\/Casamento-Orinter-Le-Blanc068_A.jpg 1920w\" sizes=\"auto, (max-width: 1024px) 100vw, 1024px\" \/><\/figure><\/li><li class=\"blocks-gallery-item\"><figure><img loading=\"lazy\" decoding=\"async\" width=\"1024\" height=\"685\" src=\"http:\/\/www.travel3.com.br\/site\/wp-content\/uploads\/2019\/04\/Casamento-Orinter-Le-Blanc071_A-1024x685.jpg\" alt=\"Casamento Top Seller Orinter\" data-id=\"21970\" data-link=\"http:\/\/www.travel3.com.br\/casamento-orinter-le-blanc071_a\/\" class=\"wp-image-21970\" srcset=\"https:\/\/www.travel3.com.br\/site\/wp-content\/uploads\/2019\/04\/Casamento-Orinter-Le-Blanc071_A-1024x685.jpg 1024w, https:\/\/www.travel3.com.br\/site\/wp-content\/uploads\/2019\/04\/Casamento-Orinter-Le-Blanc071_A-300x201.jpg 300w, https:\/\/www.travel3.com.br\/site\/wp-content\/uploads\/2019\/04\/Casamento-Orinter-Le-Blanc071_A-768x514.jpg 768w, https:\/\/www.travel3.com.br\/site\/wp-content\/uploads\/2019\/04\/Casamento-Orinter-Le-Blanc071_A-750x502.jpg 750w, https:\/\/www.travel3.com.br\/site\/wp-content\/uploads\/2019\/04\/Casamento-Orinter-Le-Blanc071_A-1140x762.jpg 1140w, https:\/\/www.travel3.com.br\/site\/wp-content\/uploads\/2019\/04\/Casamento-Orinter-Le-Blanc071_A.jpg 1920w\" sizes=\"auto, (max-width: 1024px) 100vw, 1024px\" \/><\/figure><\/li><\/ul>\n\n\n\n<p style=\"text-align:center\" class=\"has-small-font-size\">A noite cai sobre de despedida do Top Seller Orinter 2018 + Entrada do Jantar de Despedida do Top Seller Orinter 2018<\/p>\n\n\n\n<ul class=\"wp-block-gallery columns-2 is-cropped wp-block-gallery-5 is-layout-flex wp-block-gallery-is-layout-flex\"><li class=\"blocks-gallery-item\"><figure><img loading=\"lazy\" decoding=\"async\" width=\"1024\" height=\"685\" src=\"http:\/\/www.travel3.com.br\/site\/wp-content\/uploads\/2019\/04\/Casamento-Orinter-Le-Blanc073_A-1024x685.jpg\" alt=\"Casamento Top Seller Orinter\" data-id=\"21971\" data-link=\"http:\/\/www.travel3.com.br\/casamento-orinter-le-blanc073_a\/\" class=\"wp-image-21971\" srcset=\"https:\/\/www.travel3.com.br\/site\/wp-content\/uploads\/2019\/04\/Casamento-Orinter-Le-Blanc073_A-1024x685.jpg 1024w, https:\/\/www.travel3.com.br\/site\/wp-content\/uploads\/2019\/04\/Casamento-Orinter-Le-Blanc073_A-300x201.jpg 300w, https:\/\/www.travel3.com.br\/site\/wp-content\/uploads\/2019\/04\/Casamento-Orinter-Le-Blanc073_A-768x514.jpg 768w, https:\/\/www.travel3.com.br\/site\/wp-content\/uploads\/2019\/04\/Casamento-Orinter-Le-Blanc073_A-750x502.jpg 750w, https:\/\/www.travel3.com.br\/site\/wp-content\/uploads\/2019\/04\/Casamento-Orinter-Le-Blanc073_A-1140x762.jpg 1140w, https:\/\/www.travel3.com.br\/site\/wp-content\/uploads\/2019\/04\/Casamento-Orinter-Le-Blanc073_A.jpg 1920w\" sizes=\"auto, (max-width: 1024px) 100vw, 1024px\" \/><\/figure><\/li><li class=\"blocks-gallery-item\"><figure><img loading=\"lazy\" decoding=\"async\" width=\"1024\" height=\"685\" src=\"http:\/\/www.travel3.com.br\/site\/wp-content\/uploads\/2019\/04\/Casamento-Orinter-Le-Blanc074_A-1024x685.jpg\" alt=\"Casamento Top Seller Orinter\" data-id=\"21972\" data-link=\"http:\/\/www.travel3.com.br\/casamento-orinter-le-blanc074_a\/\" class=\"wp-image-21972\" srcset=\"https:\/\/www.travel3.com.br\/site\/wp-content\/uploads\/2019\/04\/Casamento-Orinter-Le-Blanc074_A-1024x685.jpg 1024w, https:\/\/www.travel3.com.br\/site\/wp-content\/uploads\/2019\/04\/Casamento-Orinter-Le-Blanc074_A-300x201.jpg 300w, https:\/\/www.travel3.com.br\/site\/wp-content\/uploads\/2019\/04\/Casamento-Orinter-Le-Blanc074_A-768x514.jpg 768w, https:\/\/www.travel3.com.br\/site\/wp-content\/uploads\/2019\/04\/Casamento-Orinter-Le-Blanc074_A-750x502.jpg 750w, https:\/\/www.travel3.com.br\/site\/wp-content\/uploads\/2019\/04\/Casamento-Orinter-Le-Blanc074_A-1140x762.jpg 1140w, https:\/\/www.travel3.com.br\/site\/wp-content\/uploads\/2019\/04\/Casamento-Orinter-Le-Blanc074_A.jpg 1920w\" sizes=\"auto, (max-width: 1024px) 100vw, 1024px\" \/><\/figure><\/li><\/ul>\n\n\n\n<figure class=\"wp-block-image\"><img loading=\"lazy\" decoding=\"async\" width=\"1024\" height=\"685\" src=\"http:\/\/www.travel3.com.br\/site\/wp-content\/uploads\/2019\/04\/Casamento-Orinter-Le-Blanc061_A-1024x685.jpg\" alt=\"Casamento Top Seller Orinter\" class=\"wp-image-21966\" srcset=\"https:\/\/www.travel3.com.br\/site\/wp-content\/uploads\/2019\/04\/Casamento-Orinter-Le-Blanc061_A-1024x685.jpg 1024w, https:\/\/www.travel3.com.br\/site\/wp-content\/uploads\/2019\/04\/Casamento-Orinter-Le-Blanc061_A-300x201.jpg 300w, https:\/\/www.travel3.com.br\/site\/wp-content\/uploads\/2019\/04\/Casamento-Orinter-Le-Blanc061_A-768x514.jpg 768w, https:\/\/www.travel3.com.br\/site\/wp-content\/uploads\/2019\/04\/Casamento-Orinter-Le-Blanc061_A-750x502.jpg 750w, https:\/\/www.travel3.com.br\/site\/wp-content\/uploads\/2019\/04\/Casamento-Orinter-Le-Blanc061_A-1140x762.jpg 1140w, https:\/\/www.travel3.com.br\/site\/wp-content\/uploads\/2019\/04\/Casamento-Orinter-Le-Blanc061_A.jpg 1920w\" sizes=\"auto, (max-width: 1024px) 100vw, 1024px\" \/><figcaption>Os Top Seller no coquetel ap\u00f3s o casamento e antes do jantar de encerramento<\/figcaption><\/figure>\n\n\n\n<ul class=\"wp-block-gallery columns-2 is-cropped wp-block-gallery-6 is-layout-flex wp-block-gallery-is-layout-flex\"><li class=\"blocks-gallery-item\"><figure><img loading=\"lazy\" decoding=\"async\" width=\"1024\" height=\"685\" src=\"http:\/\/www.travel3.com.br\/site\/wp-content\/uploads\/2019\/04\/Casamento-Orinter-Le-Blanc075_A-1024x685.jpg\" alt=\"Casamento Top Seller Orinter\" data-id=\"21973\" data-link=\"http:\/\/www.travel3.com.br\/casamento-orinter-le-blanc075_a\/\" class=\"wp-image-21973\" srcset=\"https:\/\/www.travel3.com.br\/site\/wp-content\/uploads\/2019\/04\/Casamento-Orinter-Le-Blanc075_A-1024x685.jpg 1024w, https:\/\/www.travel3.com.br\/site\/wp-content\/uploads\/2019\/04\/Casamento-Orinter-Le-Blanc075_A-300x201.jpg 300w, https:\/\/www.travel3.com.br\/site\/wp-content\/uploads\/2019\/04\/Casamento-Orinter-Le-Blanc075_A-768x514.jpg 768w, https:\/\/www.travel3.com.br\/site\/wp-content\/uploads\/2019\/04\/Casamento-Orinter-Le-Blanc075_A-750x502.jpg 750w, https:\/\/www.travel3.com.br\/site\/wp-content\/uploads\/2019\/04\/Casamento-Orinter-Le-Blanc075_A-1140x762.jpg 1140w, https:\/\/www.travel3.com.br\/site\/wp-content\/uploads\/2019\/04\/Casamento-Orinter-Le-Blanc075_A.jpg 1920w\" sizes=\"auto, (max-width: 1024px) 100vw, 1024px\" \/><\/figure><\/li><li class=\"blocks-gallery-item\"><figure><img loading=\"lazy\" decoding=\"async\" width=\"1024\" height=\"685\" src=\"http:\/\/www.travel3.com.br\/site\/wp-content\/uploads\/2019\/04\/Casamento-Orinter-Le-Blanc076_A-1024x685.jpg\" alt=\"Casamento Top Seller Orinter\" data-id=\"21974\" data-link=\"http:\/\/www.travel3.com.br\/casamento-orinter-le-blanc076_a\/\" class=\"wp-image-21974\" srcset=\"https:\/\/www.travel3.com.br\/site\/wp-content\/uploads\/2019\/04\/Casamento-Orinter-Le-Blanc076_A-1024x685.jpg 1024w, https:\/\/www.travel3.com.br\/site\/wp-content\/uploads\/2019\/04\/Casamento-Orinter-Le-Blanc076_A-300x201.jpg 300w, https:\/\/www.travel3.com.br\/site\/wp-content\/uploads\/2019\/04\/Casamento-Orinter-Le-Blanc076_A-768x514.jpg 768w, https:\/\/www.travel3.com.br\/site\/wp-content\/uploads\/2019\/04\/Casamento-Orinter-Le-Blanc076_A-750x502.jpg 750w, https:\/\/www.travel3.com.br\/site\/wp-content\/uploads\/2019\/04\/Casamento-Orinter-Le-Blanc076_A-1140x762.jpg 1140w, https:\/\/www.travel3.com.br\/site\/wp-content\/uploads\/2019\/04\/Casamento-Orinter-Le-Blanc076_A.jpg 1920w\" sizes=\"auto, (max-width: 1024px) 100vw, 1024px\" \/><\/figure><\/li><\/ul>\n\n\n\n<figure class=\"wp-block-image\"><img loading=\"lazy\" decoding=\"async\" width=\"685\" height=\"1024\" src=\"http:\/\/www.travel3.com.br\/site\/wp-content\/uploads\/2019\/04\/Casamento-Orinter-Le-Blanc070_A-685x1024.jpg\" alt=\"Casamento Top Seller Orinter\" class=\"wp-image-21969\" srcset=\"https:\/\/www.travel3.com.br\/site\/wp-content\/uploads\/2019\/04\/Casamento-Orinter-Le-Blanc070_A-685x1024.jpg 685w, https:\/\/www.travel3.com.br\/site\/wp-content\/uploads\/2019\/04\/Casamento-Orinter-Le-Blanc070_A-201x300.jpg 201w, https:\/\/www.travel3.com.br\/site\/wp-content\/uploads\/2019\/04\/Casamento-Orinter-Le-Blanc070_A-768x1148.jpg 768w, https:\/\/www.travel3.com.br\/site\/wp-content\/uploads\/2019\/04\/Casamento-Orinter-Le-Blanc070_A-750x1121.jpg 750w, https:\/\/www.travel3.com.br\/site\/wp-content\/uploads\/2019\/04\/Casamento-Orinter-Le-Blanc070_A-1140x1705.jpg 1140w, https:\/\/www.travel3.com.br\/site\/wp-content\/uploads\/2019\/04\/Casamento-Orinter-Le-Blanc070_A.jpg 1284w\" sizes=\"auto, (max-width: 685px) 100vw, 685px\" \/><figcaption>Kelly Bruno, da Unibens Turismo<\/figcaption><\/figure>\n\n\n\n<ul class=\"wp-block-gallery columns-2 is-cropped wp-block-gallery-7 is-layout-flex wp-block-gallery-is-layout-flex\"><li class=\"blocks-gallery-item\"><figure><img loading=\"lazy\" decoding=\"async\" width=\"1024\" height=\"685\" src=\"http:\/\/www.travel3.com.br\/site\/wp-content\/uploads\/2019\/04\/Casamento-Orinter-Le-Blanc077_A-1024x685.jpg\" alt=\"Casamento Top Seller Orinter\" data-id=\"21975\" data-link=\"http:\/\/www.travel3.com.br\/casamento-orinter-le-blanc077_a\/\" class=\"wp-image-21975\" srcset=\"https:\/\/www.travel3.com.br\/site\/wp-content\/uploads\/2019\/04\/Casamento-Orinter-Le-Blanc077_A-1024x685.jpg 1024w, https:\/\/www.travel3.com.br\/site\/wp-content\/uploads\/2019\/04\/Casamento-Orinter-Le-Blanc077_A-300x201.jpg 300w, https:\/\/www.travel3.com.br\/site\/wp-content\/uploads\/2019\/04\/Casamento-Orinter-Le-Blanc077_A-768x514.jpg 768w, https:\/\/www.travel3.com.br\/site\/wp-content\/uploads\/2019\/04\/Casamento-Orinter-Le-Blanc077_A-750x502.jpg 750w, https:\/\/www.travel3.com.br\/site\/wp-content\/uploads\/2019\/04\/Casamento-Orinter-Le-Blanc077_A-1140x762.jpg 1140w, https:\/\/www.travel3.com.br\/site\/wp-content\/uploads\/2019\/04\/Casamento-Orinter-Le-Blanc077_A.jpg 1920w\" sizes=\"auto, (max-width: 1024px) 100vw, 1024px\" \/><\/figure><\/li><li class=\"blocks-gallery-item\"><figure><img loading=\"lazy\" decoding=\"async\" width=\"1024\" height=\"685\" src=\"http:\/\/www.travel3.com.br\/site\/wp-content\/uploads\/2019\/04\/Casamento-Orinter-Le-Blanc078_A-1024x685.jpg\" alt=\"Casamento Top Seller Orinter\" data-id=\"21976\" data-link=\"http:\/\/www.travel3.com.br\/casamento-orinter-le-blanc078_a\/\" class=\"wp-image-21976\" srcset=\"https:\/\/www.travel3.com.br\/site\/wp-content\/uploads\/2019\/04\/Casamento-Orinter-Le-Blanc078_A-1024x685.jpg 1024w, https:\/\/www.travel3.com.br\/site\/wp-content\/uploads\/2019\/04\/Casamento-Orinter-Le-Blanc078_A-300x201.jpg 300w, https:\/\/www.travel3.com.br\/site\/wp-content\/uploads\/2019\/04\/Casamento-Orinter-Le-Blanc078_A-768x514.jpg 768w, https:\/\/www.travel3.com.br\/site\/wp-content\/uploads\/2019\/04\/Casamento-Orinter-Le-Blanc078_A-750x502.jpg 750w, https:\/\/www.travel3.com.br\/site\/wp-content\/uploads\/2019\/04\/Casamento-Orinter-Le-Blanc078_A-1140x762.jpg 1140w, https:\/\/www.travel3.com.br\/site\/wp-content\/uploads\/2019\/04\/Casamento-Orinter-Le-Blanc078_A.jpg 1920w\" sizes=\"auto, (max-width: 1024px) 100vw, 1024px\" \/><\/figure><\/li><li class=\"blocks-gallery-item\"><figure><img loading=\"lazy\" decoding=\"async\" width=\"1024\" height=\"685\" src=\"http:\/\/www.travel3.com.br\/site\/wp-content\/uploads\/2019\/04\/Casamento-Orinter-Le-Blanc079_A-1024x685.jpg\" alt=\"Casamento Top Seller Orinter\" data-id=\"21977\" data-link=\"http:\/\/www.travel3.com.br\/casamento-orinter-le-blanc079_a\/\" class=\"wp-image-21977\" srcset=\"https:\/\/www.travel3.com.br\/site\/wp-content\/uploads\/2019\/04\/Casamento-Orinter-Le-Blanc079_A-1024x685.jpg 1024w, https:\/\/www.travel3.com.br\/site\/wp-content\/uploads\/2019\/04\/Casamento-Orinter-Le-Blanc079_A-300x201.jpg 300w, https:\/\/www.travel3.com.br\/site\/wp-content\/uploads\/2019\/04\/Casamento-Orinter-Le-Blanc079_A-768x514.jpg 768w, https:\/\/www.travel3.com.br\/site\/wp-content\/uploads\/2019\/04\/Casamento-Orinter-Le-Blanc079_A-750x502.jpg 750w, https:\/\/www.travel3.com.br\/site\/wp-content\/uploads\/2019\/04\/Casamento-Orinter-Le-Blanc079_A-1140x762.jpg 1140w, https:\/\/www.travel3.com.br\/site\/wp-content\/uploads\/2019\/04\/Casamento-Orinter-Le-Blanc079_A.jpg 1920w\" sizes=\"auto, (max-width: 1024px) 100vw, 1024px\" \/><\/figure><\/li><\/ul>\n\n\n\n<p><\/p>\n\n\n\n<h1 class=\"wp-block-heading\" style=\"text-align:center\">Not\u00edcias Relacionadas<\/h1>\n\n\n\n<figure class=\"wp-block-embed is-type-rich is-provider-travel-3\"><div class=\"wp-block-embed__wrapper\">\n<blockquote class=\"wp-embedded-content\" data-secret=\"EC2nFT18mt\"><a href=\"https:\/\/www.travel3.com.br\/acontece-no-turismo\/eventos-e-feiras\/melhores-momentos-top-seller\/\">Melhores momentos Top Seller Orinter &#8211; Festa em terra no mar e no ar<\/a><\/blockquote><iframe loading=\"lazy\" class=\"wp-embedded-content\" sandbox=\"allow-scripts\" security=\"restricted\" style=\"position: absolute; visibility: hidden;\" title=\"&#8220;Melhores momentos Top Seller Orinter &#8211; Festa em terra no mar e no ar&#8221; &#8212; Travel3\" src=\"https:\/\/www.travel3.com.br\/acontece-no-turismo\/eventos-e-feiras\/melhores-momentos-top-seller\/embed\/#?secret=dtun7Vq31j#?secret=EC2nFT18mt\" data-secret=\"EC2nFT18mt\" width=\"500\" height=\"282\" frameborder=\"0\" marginwidth=\"0\" marginheight=\"0\" scrolling=\"no\"><\/iframe>\n<\/div><\/figure>\n","protected":false},"excerpt":{"rendered":"<p>Mais uma vez a operadora se superou ao fechar o evento de premia\u00e7\u00e3o com o maior de todos os sentimentos Quem participou do Top Seller Orinter 2018 ainda consegue sentir o clima de amor e romantismo que tomou conta da noite de encerramento do evento de premia\u00e7\u00e3o. Mais uma vez a Orinter Tour &amp; Travel [&hellip;]<\/p>\n","protected":false},"author":4,"featured_media":21955,"comment_status":"open","ping_status":"open","sticky":false,"template":"","format":"standard","meta":{"footnotes":""},"categories":[969,226,5,4],"tags":[352,3451,353,1359,2244,839,262,337,2522],"class_list":["post-21981","post","type-post","status-publish","format-standard","has-post-thumbnail","hentry","category-acontece-no-turismo","category-destaque","category-eventos-e-feiras","category-operadoras","tag-ana-maria-berto","tag-giovana-paulineli","tag-jorge-souza","tag-le-blanc-los-cabos","tag-le-blanc-spa-resort-los-cabos","tag-marisa-zamboni","tag-orinter","tag-orinter-tour-travel","tag-roberto-sanches"],"yoast_head":"<!-- This site is optimized with the Yoast SEO plugin v26.2 - https:\/\/yoast.com\/wordpress\/plugins\/seo\/ -->\n<title>Melhores momentos Top Seller Orinter 2018: o dia do amor est\u00e1 no ar<\/title>\n<meta name=\"description\" content=\"Melhores momentos do Top Seller Orinter 2018: o dia em que o amor ficou no ar e emocionou os homenageados, no Le Blanc Los Cabos\" \/>\n<meta name=\"robots\" content=\"index, follow, max-snippet:-1, max-image-preview:large, max-video-preview:-1\" \/>\n<link rel=\"canonical\" href=\"https:\/\/www.travel3.com.br\/site\/acontece-no-turismo\/eventos-e-feiras\/orinter-2018-o-dia-em-que-o-amor\/\" \/>\n<meta property=\"og:locale\" content=\"pt_BR\" \/>\n<meta property=\"og:type\" content=\"article\" \/>\n<meta property=\"og:title\" content=\"Melhores momentos Top Seller Orinter 2018: o dia do amor est\u00e1 no ar\" \/>\n<meta property=\"og:description\" content=\"Melhores momentos do Top Seller Orinter 2018: o dia em que o amor ficou no ar e emocionou os homenageados, no Le Blanc Los Cabos\" \/>\n<meta property=\"og:url\" content=\"https:\/\/www.travel3.com.br\/site\/acontece-no-turismo\/eventos-e-feiras\/orinter-2018-o-dia-em-que-o-amor\/\" \/>\n<meta property=\"og:site_name\" content=\"Travel3\" \/>\n<meta property=\"article:publisher\" content=\"https:\/\/www.facebook.com\/travel3media\/\" \/>\n<meta property=\"article:published_time\" content=\"2019-04-20T03:20:30+00:00\" \/>\n<meta property=\"article:modified_time\" content=\"2019-04-20T03:41:58+00:00\" \/>\n<meta property=\"og:image\" content=\"https:\/\/www.travel3.com.br\/site\/wp-content\/uploads\/2019\/04\/Casamento-Orinter-Le-Blanc015_A.jpg\" \/>\n\t<meta property=\"og:image:width\" content=\"1920\" \/>\n\t<meta property=\"og:image:height\" content=\"1284\" \/>\n\t<meta property=\"og:image:type\" content=\"image\/jpeg\" \/>\n<meta name=\"author\" content=\"Claudia Tonaco\" \/>\n<meta name=\"twitter:card\" content=\"summary_large_image\" \/>\n<meta name=\"twitter:label1\" content=\"Escrito por\" \/>\n\t<meta name=\"twitter:data1\" content=\"Claudia Tonaco\" \/>\n\t<meta name=\"twitter:label2\" content=\"Est. tempo de leitura\" \/>\n\t<meta name=\"twitter:data2\" content=\"4 minutos\" \/>\n<script type=\"application\/ld+json\" class=\"yoast-schema-graph\">{\"@context\":\"https:\/\/schema.org\",\"@graph\":[{\"@type\":\"Article\",\"@id\":\"https:\/\/www.travel3.com.br\/site\/acontece-no-turismo\/eventos-e-feiras\/orinter-2018-o-dia-em-que-o-amor\/#article\",\"isPartOf\":{\"@id\":\"https:\/\/www.travel3.com.br\/site\/acontece-no-turismo\/eventos-e-feiras\/orinter-2018-o-dia-em-que-o-amor\/\"},\"author\":{\"name\":\"Claudia Tonaco\",\"@id\":\"https:\/\/www.travel3.com.br\/site\/#\/schema\/person\/ad24a6ccba88dcd54877f3d2fb76c605\"},\"headline\":\"Melhores Momentos Top Seller Orinter 2018: o dia em que o amor ficou no ar\",\"datePublished\":\"2019-04-20T03:20:30+00:00\",\"dateModified\":\"2019-04-20T03:41:58+00:00\",\"mainEntityOfPage\":{\"@id\":\"https:\/\/www.travel3.com.br\/site\/acontece-no-turismo\/eventos-e-feiras\/orinter-2018-o-dia-em-que-o-amor\/\"},\"wordCount\":774,\"commentCount\":0,\"publisher\":{\"@id\":\"https:\/\/www.travel3.com.br\/site\/#organization\"},\"image\":{\"@id\":\"https:\/\/www.travel3.com.br\/site\/acontece-no-turismo\/eventos-e-feiras\/orinter-2018-o-dia-em-que-o-amor\/#primaryimage\"},\"thumbnailUrl\":\"https:\/\/www.travel3.com.br\/site\/wp-content\/uploads\/2019\/04\/Casamento-Orinter-Le-Blanc015_A.jpg\",\"keywords\":[\"Ana Maria Berto\",\"Giovana Paulineli\",\"Jorge Souza\",\"Le Blanc Los Cabos\",\"Le Blanc Spa Resort Los Cabos\",\"Marisa Zamboni\",\"Orinter\",\"Orinter Tour &amp; Travel\",\"Roberto Sanches\"],\"articleSection\":[\"Acontece no Turismo\",\"Destaque\",\"Eventos e Feiras\",\"Operadoras\"],\"inLanguage\":\"pt-BR\",\"potentialAction\":[{\"@type\":\"CommentAction\",\"name\":\"Comment\",\"target\":[\"https:\/\/www.travel3.com.br\/site\/acontece-no-turismo\/eventos-e-feiras\/orinter-2018-o-dia-em-que-o-amor\/#respond\"]}]},{\"@type\":\"WebPage\",\"@id\":\"https:\/\/www.travel3.com.br\/site\/acontece-no-turismo\/eventos-e-feiras\/orinter-2018-o-dia-em-que-o-amor\/\",\"url\":\"https:\/\/www.travel3.com.br\/site\/acontece-no-turismo\/eventos-e-feiras\/orinter-2018-o-dia-em-que-o-amor\/\",\"name\":\"Melhores momentos Top Seller Orinter 2018: o dia do amor est\u00e1 no ar\",\"isPartOf\":{\"@id\":\"https:\/\/www.travel3.com.br\/site\/#website\"},\"primaryImageOfPage\":{\"@id\":\"https:\/\/www.travel3.com.br\/site\/acontece-no-turismo\/eventos-e-feiras\/orinter-2018-o-dia-em-que-o-amor\/#primaryimage\"},\"image\":{\"@id\":\"https:\/\/www.travel3.com.br\/site\/acontece-no-turismo\/eventos-e-feiras\/orinter-2018-o-dia-em-que-o-amor\/#primaryimage\"},\"thumbnailUrl\":\"https:\/\/www.travel3.com.br\/site\/wp-content\/uploads\/2019\/04\/Casamento-Orinter-Le-Blanc015_A.jpg\",\"datePublished\":\"2019-04-20T03:20:30+00:00\",\"dateModified\":\"2019-04-20T03:41:58+00:00\",\"description\":\"Melhores momentos do Top Seller Orinter 2018: o dia em que o amor ficou no ar e emocionou os homenageados, no Le Blanc Los Cabos\",\"breadcrumb\":{\"@id\":\"https:\/\/www.travel3.com.br\/site\/acontece-no-turismo\/eventos-e-feiras\/orinter-2018-o-dia-em-que-o-amor\/#breadcrumb\"},\"inLanguage\":\"pt-BR\",\"potentialAction\":[{\"@type\":\"ReadAction\",\"target\":[\"https:\/\/www.travel3.com.br\/site\/acontece-no-turismo\/eventos-e-feiras\/orinter-2018-o-dia-em-que-o-amor\/\"]}]},{\"@type\":\"ImageObject\",\"inLanguage\":\"pt-BR\",\"@id\":\"https:\/\/www.travel3.com.br\/site\/acontece-no-turismo\/eventos-e-feiras\/orinter-2018-o-dia-em-que-o-amor\/#primaryimage\",\"url\":\"https:\/\/www.travel3.com.br\/site\/wp-content\/uploads\/2019\/04\/Casamento-Orinter-Le-Blanc015_A.jpg\",\"contentUrl\":\"https:\/\/www.travel3.com.br\/site\/wp-content\/uploads\/2019\/04\/Casamento-Orinter-Le-Blanc015_A.jpg\",\"width\":1920,\"height\":1284,\"caption\":\"Surpresa e emo\u00e7\u00e3o dos Top Seller durante as ben\u00e7\u00e3os de Gisele Torrano e Marcelo Salom\u00e3o\"},{\"@type\":\"BreadcrumbList\",\"@id\":\"https:\/\/www.travel3.com.br\/site\/acontece-no-turismo\/eventos-e-feiras\/orinter-2018-o-dia-em-que-o-amor\/#breadcrumb\",\"itemListElement\":[{\"@type\":\"ListItem\",\"position\":1,\"name\":\"In\u00edcio\",\"item\":\"https:\/\/www.travel3.com.br\/site\/\"},{\"@type\":\"ListItem\",\"position\":2,\"name\":\"Melhores Momentos Top Seller Orinter 2018: o dia em que o amor ficou no ar\"}]},{\"@type\":\"WebSite\",\"@id\":\"https:\/\/www.travel3.com.br\/site\/#website\",\"url\":\"https:\/\/www.travel3.com.br\/site\/\",\"name\":\"Travel3\",\"description\":\"Lazer + Neg&oacute;cios + Aventura\",\"publisher\":{\"@id\":\"https:\/\/www.travel3.com.br\/site\/#organization\"},\"potentialAction\":[{\"@type\":\"SearchAction\",\"target\":{\"@type\":\"EntryPoint\",\"urlTemplate\":\"https:\/\/www.travel3.com.br\/site\/?s={search_term_string}\"},\"query-input\":{\"@type\":\"PropertyValueSpecification\",\"valueRequired\":true,\"valueName\":\"search_term_string\"}}],\"inLanguage\":\"pt-BR\"},{\"@type\":\"Organization\",\"@id\":\"https:\/\/www.travel3.com.br\/site\/#organization\",\"name\":\"Travel3\",\"url\":\"https:\/\/www.travel3.com.br\/site\/\",\"logo\":{\"@type\":\"ImageObject\",\"inLanguage\":\"pt-BR\",\"@id\":\"https:\/\/www.travel3.com.br\/site\/#\/schema\/logo\/image\/\",\"url\":\"https:\/\/www.travel3.com.br\/site\/wp-content\/uploads\/2020\/01\/logo-travel3-2020.png\",\"contentUrl\":\"https:\/\/www.travel3.com.br\/site\/wp-content\/uploads\/2020\/01\/logo-travel3-2020.png\",\"width\":232,\"height\":79,\"caption\":\"Travel3\"},\"image\":{\"@id\":\"https:\/\/www.travel3.com.br\/site\/#\/schema\/logo\/image\/\"},\"sameAs\":[\"https:\/\/www.facebook.com\/travel3media\/\",\"https:\/\/www.instagram.com\/revistatravel3\/\",\"https:\/\/www.youtube.com\/channel\/UCno7J4paGBR3VbZQzvoJ9Eg\"]},{\"@type\":\"Person\",\"@id\":\"https:\/\/www.travel3.com.br\/site\/#\/schema\/person\/ad24a6ccba88dcd54877f3d2fb76c605\",\"name\":\"Claudia Tonaco\",\"image\":{\"@type\":\"ImageObject\",\"inLanguage\":\"pt-BR\",\"@id\":\"https:\/\/www.travel3.com.br\/site\/#\/schema\/person\/image\/\",\"url\":\"https:\/\/secure.gravatar.com\/avatar\/7c64bb31135bb8c28f49658a042f8b8a?s=96&d=mm&r=g\",\"contentUrl\":\"https:\/\/secure.gravatar.com\/avatar\/7c64bb31135bb8c28f49658a042f8b8a?s=96&d=mm&r=g\",\"caption\":\"Claudia Tonaco\"},\"sameAs\":[\"http:\/\/www.travel3.com.br\"],\"url\":\"https:\/\/www.travel3.com.br\/site\/author\/tonaco\/\"}]}<\/script>\n<!-- \/ Yoast SEO plugin. -->","yoast_head_json":{"title":"Melhores momentos Top Seller Orinter 2018: o dia do amor est\u00e1 no ar","description":"Melhores momentos do Top Seller Orinter 2018: o dia em que o amor ficou no ar e emocionou os homenageados, no Le Blanc Los Cabos","robots":{"index":"index","follow":"follow","max-snippet":"max-snippet:-1","max-image-preview":"max-image-preview:large","max-video-preview":"max-video-preview:-1"},"canonical":"https:\/\/www.travel3.com.br\/site\/acontece-no-turismo\/eventos-e-feiras\/orinter-2018-o-dia-em-que-o-amor\/","og_locale":"pt_BR","og_type":"article","og_title":"Melhores momentos Top Seller Orinter 2018: o dia do amor est\u00e1 no ar","og_description":"Melhores momentos do Top Seller Orinter 2018: o dia em que o amor ficou no ar e emocionou os homenageados, no Le Blanc Los Cabos","og_url":"https:\/\/www.travel3.com.br\/site\/acontece-no-turismo\/eventos-e-feiras\/orinter-2018-o-dia-em-que-o-amor\/","og_site_name":"Travel3","article_publisher":"https:\/\/www.facebook.com\/travel3media\/","article_published_time":"2019-04-20T03:20:30+00:00","article_modified_time":"2019-04-20T03:41:58+00:00","og_image":[{"width":1920,"height":1284,"url":"https:\/\/www.travel3.com.br\/site\/wp-content\/uploads\/2019\/04\/Casamento-Orinter-Le-Blanc015_A.jpg","type":"image\/jpeg"}],"author":"Claudia Tonaco","twitter_card":"summary_large_image","twitter_misc":{"Escrito por":"Claudia Tonaco","Est. tempo de leitura":"4 minutos"},"schema":{"@context":"https:\/\/schema.org","@graph":[{"@type":"Article","@id":"https:\/\/www.travel3.com.br\/site\/acontece-no-turismo\/eventos-e-feiras\/orinter-2018-o-dia-em-que-o-amor\/#article","isPartOf":{"@id":"https:\/\/www.travel3.com.br\/site\/acontece-no-turismo\/eventos-e-feiras\/orinter-2018-o-dia-em-que-o-amor\/"},"author":{"name":"Claudia Tonaco","@id":"https:\/\/www.travel3.com.br\/site\/#\/schema\/person\/ad24a6ccba88dcd54877f3d2fb76c605"},"headline":"Melhores Momentos Top Seller Orinter 2018: o dia em que o amor ficou no ar","datePublished":"2019-04-20T03:20:30+00:00","dateModified":"2019-04-20T03:41:58+00:00","mainEntityOfPage":{"@id":"https:\/\/www.travel3.com.br\/site\/acontece-no-turismo\/eventos-e-feiras\/orinter-2018-o-dia-em-que-o-amor\/"},"wordCount":774,"commentCount":0,"publisher":{"@id":"https:\/\/www.travel3.com.br\/site\/#organization"},"image":{"@id":"https:\/\/www.travel3.com.br\/site\/acontece-no-turismo\/eventos-e-feiras\/orinter-2018-o-dia-em-que-o-amor\/#primaryimage"},"thumbnailUrl":"https:\/\/www.travel3.com.br\/site\/wp-content\/uploads\/2019\/04\/Casamento-Orinter-Le-Blanc015_A.jpg","keywords":["Ana Maria Berto","Giovana Paulineli","Jorge Souza","Le Blanc Los Cabos","Le Blanc Spa Resort Los Cabos","Marisa Zamboni","Orinter","Orinter Tour &amp; Travel","Roberto Sanches"],"articleSection":["Acontece no Turismo","Destaque","Eventos e Feiras","Operadoras"],"inLanguage":"pt-BR","potentialAction":[{"@type":"CommentAction","name":"Comment","target":["https:\/\/www.travel3.com.br\/site\/acontece-no-turismo\/eventos-e-feiras\/orinter-2018-o-dia-em-que-o-amor\/#respond"]}]},{"@type":"WebPage","@id":"https:\/\/www.travel3.com.br\/site\/acontece-no-turismo\/eventos-e-feiras\/orinter-2018-o-dia-em-que-o-amor\/","url":"https:\/\/www.travel3.com.br\/site\/acontece-no-turismo\/eventos-e-feiras\/orinter-2018-o-dia-em-que-o-amor\/","name":"Melhores momentos Top Seller Orinter 2018: o dia do amor est\u00e1 no ar","isPartOf":{"@id":"https:\/\/www.travel3.com.br\/site\/#website"},"primaryImageOfPage":{"@id":"https:\/\/www.travel3.com.br\/site\/acontece-no-turismo\/eventos-e-feiras\/orinter-2018-o-dia-em-que-o-amor\/#primaryimage"},"image":{"@id":"https:\/\/www.travel3.com.br\/site\/acontece-no-turismo\/eventos-e-feiras\/orinter-2018-o-dia-em-que-o-amor\/#primaryimage"},"thumbnailUrl":"https:\/\/www.travel3.com.br\/site\/wp-content\/uploads\/2019\/04\/Casamento-Orinter-Le-Blanc015_A.jpg","datePublished":"2019-04-20T03:20:30+00:00","dateModified":"2019-04-20T03:41:58+00:00","description":"Melhores momentos do Top Seller Orinter 2018: o dia em que o amor ficou no ar e emocionou os homenageados, no Le Blanc Los Cabos","breadcrumb":{"@id":"https:\/\/www.travel3.com.br\/site\/acontece-no-turismo\/eventos-e-feiras\/orinter-2018-o-dia-em-que-o-amor\/#breadcrumb"},"inLanguage":"pt-BR","potentialAction":[{"@type":"ReadAction","target":["https:\/\/www.travel3.com.br\/site\/acontece-no-turismo\/eventos-e-feiras\/orinter-2018-o-dia-em-que-o-amor\/"]}]},{"@type":"ImageObject","inLanguage":"pt-BR","@id":"https:\/\/www.travel3.com.br\/site\/acontece-no-turismo\/eventos-e-feiras\/orinter-2018-o-dia-em-que-o-amor\/#primaryimage","url":"https:\/\/www.travel3.com.br\/site\/wp-content\/uploads\/2019\/04\/Casamento-Orinter-Le-Blanc015_A.jpg","contentUrl":"https:\/\/www.travel3.com.br\/site\/wp-content\/uploads\/2019\/04\/Casamento-Orinter-Le-Blanc015_A.jpg","width":1920,"height":1284,"caption":"Surpresa e emo\u00e7\u00e3o dos Top Seller durante as ben\u00e7\u00e3os de Gisele Torrano e Marcelo Salom\u00e3o"},{"@type":"BreadcrumbList","@id":"https:\/\/www.travel3.com.br\/site\/acontece-no-turismo\/eventos-e-feiras\/orinter-2018-o-dia-em-que-o-amor\/#breadcrumb","itemListElement":[{"@type":"ListItem","position":1,"name":"In\u00edcio","item":"https:\/\/www.travel3.com.br\/site\/"},{"@type":"ListItem","position":2,"name":"Melhores Momentos Top Seller Orinter 2018: o dia em que o amor ficou no ar"}]},{"@type":"WebSite","@id":"https:\/\/www.travel3.com.br\/site\/#website","url":"https:\/\/www.travel3.com.br\/site\/","name":"Travel3","description":"Lazer + Neg&oacute;cios + Aventura","publisher":{"@id":"https:\/\/www.travel3.com.br\/site\/#organization"},"potentialAction":[{"@type":"SearchAction","target":{"@type":"EntryPoint","urlTemplate":"https:\/\/www.travel3.com.br\/site\/?s={search_term_string}"},"query-input":{"@type":"PropertyValueSpecification","valueRequired":true,"valueName":"search_term_string"}}],"inLanguage":"pt-BR"},{"@type":"Organization","@id":"https:\/\/www.travel3.com.br\/site\/#organization","name":"Travel3","url":"https:\/\/www.travel3.com.br\/site\/","logo":{"@type":"ImageObject","inLanguage":"pt-BR","@id":"https:\/\/www.travel3.com.br\/site\/#\/schema\/logo\/image\/","url":"https:\/\/www.travel3.com.br\/site\/wp-content\/uploads\/2020\/01\/logo-travel3-2020.png","contentUrl":"https:\/\/www.travel3.com.br\/site\/wp-content\/uploads\/2020\/01\/logo-travel3-2020.png","width":232,"height":79,"caption":"Travel3"},"image":{"@id":"https:\/\/www.travel3.com.br\/site\/#\/schema\/logo\/image\/"},"sameAs":["https:\/\/www.facebook.com\/travel3media\/","https:\/\/www.instagram.com\/revistatravel3\/","https:\/\/www.youtube.com\/channel\/UCno7J4paGBR3VbZQzvoJ9Eg"]},{"@type":"Person","@id":"https:\/\/www.travel3.com.br\/site\/#\/schema\/person\/ad24a6ccba88dcd54877f3d2fb76c605","name":"Claudia Tonaco","image":{"@type":"ImageObject","inLanguage":"pt-BR","@id":"https:\/\/www.travel3.com.br\/site\/#\/schema\/person\/image\/","url":"https:\/\/secure.gravatar.com\/avatar\/7c64bb31135bb8c28f49658a042f8b8a?s=96&d=mm&r=g","contentUrl":"https:\/\/secure.gravatar.com\/avatar\/7c64bb31135bb8c28f49658a042f8b8a?s=96&d=mm&r=g","caption":"Claudia Tonaco"},"sameAs":["http:\/\/www.travel3.com.br"],"url":"https:\/\/www.travel3.com.br\/site\/author\/tonaco\/"}]}},"_links":{"self":[{"href":"https:\/\/www.travel3.com.br\/site\/wp-json\/wp\/v2\/posts\/21981","targetHints":{"allow":["GET"]}}],"collection":[{"href":"https:\/\/www.travel3.com.br\/site\/wp-json\/wp\/v2\/posts"}],"about":[{"href":"https:\/\/www.travel3.com.br\/site\/wp-json\/wp\/v2\/types\/post"}],"author":[{"embeddable":true,"href":"https:\/\/www.travel3.com.br\/site\/wp-json\/wp\/v2\/users\/4"}],"replies":[{"embeddable":true,"href":"https:\/\/www.travel3.com.br\/site\/wp-json\/wp\/v2\/comments?post=21981"}],"version-history":[{"count":11,"href":"https:\/\/www.travel3.com.br\/site\/wp-json\/wp\/v2\/posts\/21981\/revisions"}],"predecessor-version":[{"id":22004,"href":"https:\/\/www.travel3.com.br\/site\/wp-json\/wp\/v2\/posts\/21981\/revisions\/22004"}],"wp:featuredmedia":[{"embeddable":true,"href":"https:\/\/www.travel3.com.br\/site\/wp-json\/wp\/v2\/media\/21955"}],"wp:attachment":[{"href":"https:\/\/www.travel3.com.br\/site\/wp-json\/wp\/v2\/media?parent=21981"}],"wp:term":[{"taxonomy":"category","embeddable":true,"href":"https:\/\/www.travel3.com.br\/site\/wp-json\/wp\/v2\/categories?post=21981"},{"taxonomy":"post_tag","embeddable":true,"href":"https:\/\/www.travel3.com.br\/site\/wp-json\/wp\/v2\/tags?post=21981"}],"curies":[{"name":"wp","href":"https:\/\/api.w.org\/{rel}","templated":true}]}}