{"id":21865,"date":"2021-10-13T06:00:40","date_gmt":"2021-10-13T09:00:40","guid":{"rendered":"http:\/\/www.travel3.com.br\/?p=21865"},"modified":"2021-10-12T20:54:46","modified_gmt":"2021-10-12T23:54:46","slug":"cafeina","status":"publish","type":"post","link":"https:\/\/www.travel3.com.br\/site\/comece-a-viajar\/cafeina\/","title":{"rendered":"Hist\u00f3rias da Cafe\u00edna"},"content":{"rendered":"\n<p style=\"font-size:26px;text-align:center\"><strong>Bastou ingerir metade de uma x\u00edcara, com quase meio litro de caf\u00e9, para pegar o meu prumo novamente<\/strong><\/p>\n\n\n\n<p class=\"has-drop-cap has-medium-font-size\">Cafe\u00edna! E as luzes ficaram vibrantes e as imagens, super coloridas, muito mais definidas. Bastou ingerir metade de uma x\u00edcara, com quase meio litro de caf\u00e9, para pegar o meu prumo novamente. De novo come\u00e7o a ver a vida com uma nitidez cristalina.<\/p>\n\n\n\n<p class=\"has-medium-font-size\">S\u00f3 que agora, no meu\npr\u00f3ximo gole, verei a x\u00edcara, que est\u00e1 praticamente cheia, como quase vazia&#8230;<\/p>\n\n\n\n<figure class=\"wp-block-image\"><img loading=\"lazy\" decoding=\"async\" width=\"1024\" height=\"946\" src=\"http:\/\/www.travel3.com.br\/site\/wp-content\/uploads\/2019\/04\/Cafes-Desenho-Tonaco2_A-1024x946.jpg\" alt=\"Caf\u00e9s desenho Claudia Tonaco\" class=\"wp-image-21921\" srcset=\"https:\/\/www.travel3.com.br\/site\/wp-content\/uploads\/2019\/04\/Cafes-Desenho-Tonaco2_A-1024x946.jpg 1024w, https:\/\/www.travel3.com.br\/site\/wp-content\/uploads\/2019\/04\/Cafes-Desenho-Tonaco2_A-300x277.jpg 300w, https:\/\/www.travel3.com.br\/site\/wp-content\/uploads\/2019\/04\/Cafes-Desenho-Tonaco2_A-768x709.jpg 768w, https:\/\/www.travel3.com.br\/site\/wp-content\/uploads\/2019\/04\/Cafes-Desenho-Tonaco2_A-750x693.jpg 750w, https:\/\/www.travel3.com.br\/site\/wp-content\/uploads\/2019\/04\/Cafes-Desenho-Tonaco2_A-1140x1053.jpg 1140w, https:\/\/www.travel3.com.br\/site\/wp-content\/uploads\/2019\/04\/Cafes-Desenho-Tonaco2_A.jpg 1920w\" sizes=\"auto, (max-width: 1024px) 100vw, 1024px\" \/><figcaption>Desenhos: Claudia Tonaco<\/figcaption><\/figure>\n\n\n\n<p class=\"has-medium-font-size\">No 2\u00ba andar de uma das dezenas de cafeterias espalhadas pelo centro de <a href=\"https:\/\/www.skylinewebcams.com\/en\/webcam\/espana\/comunidad-de-madrid\/madrid\/puerta-del-sol-tio-pepe.html\" target=\"_blank\" rel=\"noreferrer noopener\" aria-label=\"Madri (opens in a new tab)\">Madri<\/a>, olho para tr\u00e1s e n\u00e3o arrisco mover um cent\u00edmetro de onde estou, sentada em uma poltrona amiga, que me abra\u00e7a como se f\u00f4ssemos apenas ela, eu e mais ningu\u00e9m. Ap\u00f3s enfrentar um dia inteiro de jejum de <a rel=\"noreferrer noopener\" aria-label=\"cafe\u00edna (opens in a new tab)\" href=\"https:\/\/www.travel3.com.br\/radio\/o-cafe-pelo-mundo\/\" target=\"_blank\">cafe\u00edna<\/a> e depois de saborear quase meio litro de caf\u00e9, tudo vale a pena. De frente para a beleza da cidade, protegida do g\u00e9lido final de inverno europeu, assisto o fren\u00e9tico movimento da hora do rush madrileno, transmitido em qualidade melhor que digital, gra\u00e7as ao excelente limpador de vidros da casa.<\/p>\n\n\n\n<p class=\"has-medium-font-size\">Do outro lado da rua, 2\ncinemas convidam o p\u00fablico a devanear na escurid\u00e3o. Deveria trocar este\ninstante precioso por um punhado de sonho? Minha pergunta diz tudo. <\/p>\n\n\n\n<p class=\"has-medium-font-size\">O sinal vermelho\nsurpreende um motorista que estrangula o freio, faz os pneus gritarem rasgando\no asfalto, deixando as pessoas, desorientadas l\u00e1 embaixo. O barulho da cena\natravessa os vidros e me traz de volta \u00e0 vida real. Hummm&#8230; ser\u00e1?<\/p>\n\n\n\n<figure class=\"wp-block-image\"><img loading=\"lazy\" decoding=\"async\" width=\"1024\" height=\"954\" src=\"https:\/\/www.travel3.com.br\/site\/wp-content\/uploads\/2019\/04\/Cafes-Desenho-Tonaco3_A-1024x954.jpg\" alt=\"Cafe\u00edna\" class=\"wp-image-21922\" srcset=\"https:\/\/www.travel3.com.br\/site\/wp-content\/uploads\/2019\/04\/Cafes-Desenho-Tonaco3_A-1024x954.jpg 1024w, https:\/\/www.travel3.com.br\/site\/wp-content\/uploads\/2019\/04\/Cafes-Desenho-Tonaco3_A-300x280.jpg 300w, https:\/\/www.travel3.com.br\/site\/wp-content\/uploads\/2019\/04\/Cafes-Desenho-Tonaco3_A-768x716.jpg 768w, https:\/\/www.travel3.com.br\/site\/wp-content\/uploads\/2019\/04\/Cafes-Desenho-Tonaco3_A-750x699.jpg 750w, https:\/\/www.travel3.com.br\/site\/wp-content\/uploads\/2019\/04\/Cafes-Desenho-Tonaco3_A-1140x1062.jpg 1140w, https:\/\/www.travel3.com.br\/site\/wp-content\/uploads\/2019\/04\/Cafes-Desenho-Tonaco3_A.jpg 1920w\" sizes=\"auto, (max-width: 1024px) 100vw, 1024px\" \/><\/figure>\n\n\n\n<p class=\"has-medium-font-size\">Realidade para mim \u00e9 o\ncalor do meu pa\u00eds tropical onde, nesta mesma hora, os congestionamentos\nmultiplicam-se enervando a alma dos motoristas, felizardos por sa\u00edrem de algum\ntrabalho, qualquer que seja, afinal estamos falando de Brasil. Pais e m\u00e3es\nbuscando seus filhos na escola, o r\u00e1dio ligado s\u00f3 para relaxar, mas nem tanto, para\nn\u00e3o ser pego de surpresa por algum assaltante esperto no sinal. Os vidros\nfechados neuroticamente at\u00e9 o topo e o ar condicionado nas alturas.<\/p>\n\n\n\n<p class=\"has-medium-font-size\">L\u00e1 fora, em Madri, o\nsinal fica verde de novo e as pessoas come\u00e7am a entrar no cinema.\nDefinitivamente isso aqui n\u00e3o \u00e9 vida real. \u00c9 apenas uma viagem.<\/p>\n","protected":false},"excerpt":{"rendered":"<p>Bastou ingerir metade de uma x\u00edcara, com quase meio litro de caf\u00e9, para pegar o meu prumo novamente Cafe\u00edna! E as luzes ficaram vibrantes e as imagens, super coloridas, muito mais definidas. Bastou ingerir metade de uma x\u00edcara, com quase meio litro de caf\u00e9, para pegar o meu prumo novamente. De novo come\u00e7o a ver [&hellip;]<\/p>\n","protected":false},"author":4,"featured_media":21913,"comment_status":"open","ping_status":"open","sticky":false,"template":"","format":"standard","meta":{"footnotes":""},"categories":[884,226],"tags":[286,3421,583],"class_list":["post-21865","post","type-post","status-publish","format-standard","has-post-thumbnail","hentry","category-comece-a-viajar","category-destaque","tag-cafe","tag-cafeteria-em-madri","tag-claudia-tonaco"],"yoast_head":"<!-- This site is optimized with the Yoast SEO plugin v26.2 - https:\/\/yoast.com\/wordpress\/plugins\/seo\/ -->\n<title>Hist\u00f3rias da Cafe\u00edna - Travel3<\/title>\n<meta name=\"description\" content=\"Hist\u00f3rias da Cafe\u00edna; um fim de tarde numa das dezenas de cafeterias espalhadas por Madri, o prazer de saborear a bebida e a cidade\" \/>\n<meta name=\"robots\" content=\"index, follow, max-snippet:-1, max-image-preview:large, max-video-preview:-1\" \/>\n<link rel=\"canonical\" href=\"https:\/\/www.travel3.com.br\/site\/comece-a-viajar\/cafeina\/\" \/>\n<meta property=\"og:locale\" content=\"pt_BR\" \/>\n<meta property=\"og:type\" content=\"article\" \/>\n<meta property=\"og:title\" content=\"Hist\u00f3rias da Cafe\u00edna - Travel3\" \/>\n<meta property=\"og:description\" content=\"Hist\u00f3rias da Cafe\u00edna; um fim de tarde numa das dezenas de cafeterias espalhadas por Madri, o prazer de saborear a bebida e a cidade\" \/>\n<meta property=\"og:url\" content=\"https:\/\/www.travel3.com.br\/site\/comece-a-viajar\/cafeina\/\" \/>\n<meta property=\"og:site_name\" content=\"Travel3\" \/>\n<meta property=\"article:publisher\" content=\"https:\/\/www.facebook.com\/travel3media\/\" \/>\n<meta property=\"article:published_time\" content=\"2021-10-13T09:00:40+00:00\" \/>\n<meta property=\"og:image\" content=\"https:\/\/www.travel3.com.br\/site\/wp-content\/uploads\/2019\/04\/Cafes-Desenho-Tonaco_A.jpg\" \/>\n\t<meta property=\"og:image:width\" content=\"1920\" \/>\n\t<meta property=\"og:image:height\" content=\"1164\" \/>\n\t<meta property=\"og:image:type\" content=\"image\/jpeg\" \/>\n<meta name=\"author\" content=\"Claudia Tonaco\" \/>\n<meta name=\"twitter:card\" content=\"summary_large_image\" \/>\n<meta name=\"twitter:label1\" content=\"Escrito por\" \/>\n\t<meta name=\"twitter:data1\" content=\"Claudia Tonaco\" \/>\n\t<meta name=\"twitter:label2\" content=\"Est. tempo de leitura\" \/>\n\t<meta name=\"twitter:data2\" content=\"2 minutos\" \/>\n<script type=\"application\/ld+json\" class=\"yoast-schema-graph\">{\"@context\":\"https:\/\/schema.org\",\"@graph\":[{\"@type\":\"Article\",\"@id\":\"https:\/\/www.travel3.com.br\/site\/comece-a-viajar\/cafeina\/#article\",\"isPartOf\":{\"@id\":\"https:\/\/www.travel3.com.br\/site\/comece-a-viajar\/cafeina\/\"},\"author\":{\"name\":\"Claudia Tonaco\",\"@id\":\"https:\/\/www.travel3.com.br\/site\/#\/schema\/person\/ad24a6ccba88dcd54877f3d2fb76c605\"},\"headline\":\"Hist\u00f3rias da Cafe\u00edna\",\"datePublished\":\"2021-10-13T09:00:40+00:00\",\"mainEntityOfPage\":{\"@id\":\"https:\/\/www.travel3.com.br\/site\/comece-a-viajar\/cafeina\/\"},\"wordCount\":383,\"commentCount\":0,\"publisher\":{\"@id\":\"https:\/\/www.travel3.com.br\/site\/#organization\"},\"image\":{\"@id\":\"https:\/\/www.travel3.com.br\/site\/comece-a-viajar\/cafeina\/#primaryimage\"},\"thumbnailUrl\":\"https:\/\/www.travel3.com.br\/site\/wp-content\/uploads\/2019\/04\/Cafes-Desenho-Tonaco_A.jpg\",\"keywords\":[\"caf\u00e9\",\"cafeteria em Madri\",\"Claudia Tonaco\"],\"articleSection\":[\"Comece a Viajar\",\"Destaque\"],\"inLanguage\":\"pt-BR\",\"potentialAction\":[{\"@type\":\"CommentAction\",\"name\":\"Comment\",\"target\":[\"https:\/\/www.travel3.com.br\/site\/comece-a-viajar\/cafeina\/#respond\"]}]},{\"@type\":\"WebPage\",\"@id\":\"https:\/\/www.travel3.com.br\/site\/comece-a-viajar\/cafeina\/\",\"url\":\"https:\/\/www.travel3.com.br\/site\/comece-a-viajar\/cafeina\/\",\"name\":\"Hist\u00f3rias da Cafe\u00edna - Travel3\",\"isPartOf\":{\"@id\":\"https:\/\/www.travel3.com.br\/site\/#website\"},\"primaryImageOfPage\":{\"@id\":\"https:\/\/www.travel3.com.br\/site\/comece-a-viajar\/cafeina\/#primaryimage\"},\"image\":{\"@id\":\"https:\/\/www.travel3.com.br\/site\/comece-a-viajar\/cafeina\/#primaryimage\"},\"thumbnailUrl\":\"https:\/\/www.travel3.com.br\/site\/wp-content\/uploads\/2019\/04\/Cafes-Desenho-Tonaco_A.jpg\",\"datePublished\":\"2021-10-13T09:00:40+00:00\",\"description\":\"Hist\u00f3rias da Cafe\u00edna; um fim de tarde numa das dezenas de cafeterias espalhadas por Madri, o prazer de saborear a bebida e a cidade\",\"breadcrumb\":{\"@id\":\"https:\/\/www.travel3.com.br\/site\/comece-a-viajar\/cafeina\/#breadcrumb\"},\"inLanguage\":\"pt-BR\",\"potentialAction\":[{\"@type\":\"ReadAction\",\"target\":[\"https:\/\/www.travel3.com.br\/site\/comece-a-viajar\/cafeina\/\"]}]},{\"@type\":\"ImageObject\",\"inLanguage\":\"pt-BR\",\"@id\":\"https:\/\/www.travel3.com.br\/site\/comece-a-viajar\/cafeina\/#primaryimage\",\"url\":\"https:\/\/www.travel3.com.br\/site\/wp-content\/uploads\/2019\/04\/Cafes-Desenho-Tonaco_A.jpg\",\"contentUrl\":\"https:\/\/www.travel3.com.br\/site\/wp-content\/uploads\/2019\/04\/Cafes-Desenho-Tonaco_A.jpg\",\"width\":1920,\"height\":1164,\"caption\":\"Desenho: Claudia Tonaco\"},{\"@type\":\"BreadcrumbList\",\"@id\":\"https:\/\/www.travel3.com.br\/site\/comece-a-viajar\/cafeina\/#breadcrumb\",\"itemListElement\":[{\"@type\":\"ListItem\",\"position\":1,\"name\":\"In\u00edcio\",\"item\":\"https:\/\/www.travel3.com.br\/site\/\"},{\"@type\":\"ListItem\",\"position\":2,\"name\":\"Hist\u00f3rias da Cafe\u00edna\"}]},{\"@type\":\"WebSite\",\"@id\":\"https:\/\/www.travel3.com.br\/site\/#website\",\"url\":\"https:\/\/www.travel3.com.br\/site\/\",\"name\":\"Travel3\",\"description\":\"Lazer + Neg&oacute;cios + Aventura\",\"publisher\":{\"@id\":\"https:\/\/www.travel3.com.br\/site\/#organization\"},\"potentialAction\":[{\"@type\":\"SearchAction\",\"target\":{\"@type\":\"EntryPoint\",\"urlTemplate\":\"https:\/\/www.travel3.com.br\/site\/?s={search_term_string}\"},\"query-input\":{\"@type\":\"PropertyValueSpecification\",\"valueRequired\":true,\"valueName\":\"search_term_string\"}}],\"inLanguage\":\"pt-BR\"},{\"@type\":\"Organization\",\"@id\":\"https:\/\/www.travel3.com.br\/site\/#organization\",\"name\":\"Travel3\",\"url\":\"https:\/\/www.travel3.com.br\/site\/\",\"logo\":{\"@type\":\"ImageObject\",\"inLanguage\":\"pt-BR\",\"@id\":\"https:\/\/www.travel3.com.br\/site\/#\/schema\/logo\/image\/\",\"url\":\"https:\/\/www.travel3.com.br\/site\/wp-content\/uploads\/2020\/01\/logo-travel3-2020.png\",\"contentUrl\":\"https:\/\/www.travel3.com.br\/site\/wp-content\/uploads\/2020\/01\/logo-travel3-2020.png\",\"width\":232,\"height\":79,\"caption\":\"Travel3\"},\"image\":{\"@id\":\"https:\/\/www.travel3.com.br\/site\/#\/schema\/logo\/image\/\"},\"sameAs\":[\"https:\/\/www.facebook.com\/travel3media\/\",\"https:\/\/www.instagram.com\/revistatravel3\/\",\"https:\/\/www.youtube.com\/channel\/UCno7J4paGBR3VbZQzvoJ9Eg\"]},{\"@type\":\"Person\",\"@id\":\"https:\/\/www.travel3.com.br\/site\/#\/schema\/person\/ad24a6ccba88dcd54877f3d2fb76c605\",\"name\":\"Claudia Tonaco\",\"image\":{\"@type\":\"ImageObject\",\"inLanguage\":\"pt-BR\",\"@id\":\"https:\/\/www.travel3.com.br\/site\/#\/schema\/person\/image\/\",\"url\":\"https:\/\/secure.gravatar.com\/avatar\/7c64bb31135bb8c28f49658a042f8b8a?s=96&d=mm&r=g\",\"contentUrl\":\"https:\/\/secure.gravatar.com\/avatar\/7c64bb31135bb8c28f49658a042f8b8a?s=96&d=mm&r=g\",\"caption\":\"Claudia Tonaco\"},\"sameAs\":[\"http:\/\/www.travel3.com.br\"],\"url\":\"https:\/\/www.travel3.com.br\/site\/author\/tonaco\/\"}]}<\/script>\n<!-- \/ Yoast SEO plugin. -->","yoast_head_json":{"title":"Hist\u00f3rias da Cafe\u00edna - Travel3","description":"Hist\u00f3rias da Cafe\u00edna; um fim de tarde numa das dezenas de cafeterias espalhadas por Madri, o prazer de saborear a bebida e a cidade","robots":{"index":"index","follow":"follow","max-snippet":"max-snippet:-1","max-image-preview":"max-image-preview:large","max-video-preview":"max-video-preview:-1"},"canonical":"https:\/\/www.travel3.com.br\/site\/comece-a-viajar\/cafeina\/","og_locale":"pt_BR","og_type":"article","og_title":"Hist\u00f3rias da Cafe\u00edna - Travel3","og_description":"Hist\u00f3rias da Cafe\u00edna; um fim de tarde numa das dezenas de cafeterias espalhadas por Madri, o prazer de saborear a bebida e a cidade","og_url":"https:\/\/www.travel3.com.br\/site\/comece-a-viajar\/cafeina\/","og_site_name":"Travel3","article_publisher":"https:\/\/www.facebook.com\/travel3media\/","article_published_time":"2021-10-13T09:00:40+00:00","og_image":[{"width":1920,"height":1164,"url":"https:\/\/www.travel3.com.br\/site\/wp-content\/uploads\/2019\/04\/Cafes-Desenho-Tonaco_A.jpg","type":"image\/jpeg"}],"author":"Claudia Tonaco","twitter_card":"summary_large_image","twitter_misc":{"Escrito por":"Claudia Tonaco","Est. tempo de leitura":"2 minutos"},"schema":{"@context":"https:\/\/schema.org","@graph":[{"@type":"Article","@id":"https:\/\/www.travel3.com.br\/site\/comece-a-viajar\/cafeina\/#article","isPartOf":{"@id":"https:\/\/www.travel3.com.br\/site\/comece-a-viajar\/cafeina\/"},"author":{"name":"Claudia Tonaco","@id":"https:\/\/www.travel3.com.br\/site\/#\/schema\/person\/ad24a6ccba88dcd54877f3d2fb76c605"},"headline":"Hist\u00f3rias da Cafe\u00edna","datePublished":"2021-10-13T09:00:40+00:00","mainEntityOfPage":{"@id":"https:\/\/www.travel3.com.br\/site\/comece-a-viajar\/cafeina\/"},"wordCount":383,"commentCount":0,"publisher":{"@id":"https:\/\/www.travel3.com.br\/site\/#organization"},"image":{"@id":"https:\/\/www.travel3.com.br\/site\/comece-a-viajar\/cafeina\/#primaryimage"},"thumbnailUrl":"https:\/\/www.travel3.com.br\/site\/wp-content\/uploads\/2019\/04\/Cafes-Desenho-Tonaco_A.jpg","keywords":["caf\u00e9","cafeteria em Madri","Claudia Tonaco"],"articleSection":["Comece a Viajar","Destaque"],"inLanguage":"pt-BR","potentialAction":[{"@type":"CommentAction","name":"Comment","target":["https:\/\/www.travel3.com.br\/site\/comece-a-viajar\/cafeina\/#respond"]}]},{"@type":"WebPage","@id":"https:\/\/www.travel3.com.br\/site\/comece-a-viajar\/cafeina\/","url":"https:\/\/www.travel3.com.br\/site\/comece-a-viajar\/cafeina\/","name":"Hist\u00f3rias da Cafe\u00edna - Travel3","isPartOf":{"@id":"https:\/\/www.travel3.com.br\/site\/#website"},"primaryImageOfPage":{"@id":"https:\/\/www.travel3.com.br\/site\/comece-a-viajar\/cafeina\/#primaryimage"},"image":{"@id":"https:\/\/www.travel3.com.br\/site\/comece-a-viajar\/cafeina\/#primaryimage"},"thumbnailUrl":"https:\/\/www.travel3.com.br\/site\/wp-content\/uploads\/2019\/04\/Cafes-Desenho-Tonaco_A.jpg","datePublished":"2021-10-13T09:00:40+00:00","description":"Hist\u00f3rias da Cafe\u00edna; um fim de tarde numa das dezenas de cafeterias espalhadas por Madri, o prazer de saborear a bebida e a cidade","breadcrumb":{"@id":"https:\/\/www.travel3.com.br\/site\/comece-a-viajar\/cafeina\/#breadcrumb"},"inLanguage":"pt-BR","potentialAction":[{"@type":"ReadAction","target":["https:\/\/www.travel3.com.br\/site\/comece-a-viajar\/cafeina\/"]}]},{"@type":"ImageObject","inLanguage":"pt-BR","@id":"https:\/\/www.travel3.com.br\/site\/comece-a-viajar\/cafeina\/#primaryimage","url":"https:\/\/www.travel3.com.br\/site\/wp-content\/uploads\/2019\/04\/Cafes-Desenho-Tonaco_A.jpg","contentUrl":"https:\/\/www.travel3.com.br\/site\/wp-content\/uploads\/2019\/04\/Cafes-Desenho-Tonaco_A.jpg","width":1920,"height":1164,"caption":"Desenho: Claudia Tonaco"},{"@type":"BreadcrumbList","@id":"https:\/\/www.travel3.com.br\/site\/comece-a-viajar\/cafeina\/#breadcrumb","itemListElement":[{"@type":"ListItem","position":1,"name":"In\u00edcio","item":"https:\/\/www.travel3.com.br\/site\/"},{"@type":"ListItem","position":2,"name":"Hist\u00f3rias da Cafe\u00edna"}]},{"@type":"WebSite","@id":"https:\/\/www.travel3.com.br\/site\/#website","url":"https:\/\/www.travel3.com.br\/site\/","name":"Travel3","description":"Lazer + Neg&oacute;cios + Aventura","publisher":{"@id":"https:\/\/www.travel3.com.br\/site\/#organization"},"potentialAction":[{"@type":"SearchAction","target":{"@type":"EntryPoint","urlTemplate":"https:\/\/www.travel3.com.br\/site\/?s={search_term_string}"},"query-input":{"@type":"PropertyValueSpecification","valueRequired":true,"valueName":"search_term_string"}}],"inLanguage":"pt-BR"},{"@type":"Organization","@id":"https:\/\/www.travel3.com.br\/site\/#organization","name":"Travel3","url":"https:\/\/www.travel3.com.br\/site\/","logo":{"@type":"ImageObject","inLanguage":"pt-BR","@id":"https:\/\/www.travel3.com.br\/site\/#\/schema\/logo\/image\/","url":"https:\/\/www.travel3.com.br\/site\/wp-content\/uploads\/2020\/01\/logo-travel3-2020.png","contentUrl":"https:\/\/www.travel3.com.br\/site\/wp-content\/uploads\/2020\/01\/logo-travel3-2020.png","width":232,"height":79,"caption":"Travel3"},"image":{"@id":"https:\/\/www.travel3.com.br\/site\/#\/schema\/logo\/image\/"},"sameAs":["https:\/\/www.facebook.com\/travel3media\/","https:\/\/www.instagram.com\/revistatravel3\/","https:\/\/www.youtube.com\/channel\/UCno7J4paGBR3VbZQzvoJ9Eg"]},{"@type":"Person","@id":"https:\/\/www.travel3.com.br\/site\/#\/schema\/person\/ad24a6ccba88dcd54877f3d2fb76c605","name":"Claudia Tonaco","image":{"@type":"ImageObject","inLanguage":"pt-BR","@id":"https:\/\/www.travel3.com.br\/site\/#\/schema\/person\/image\/","url":"https:\/\/secure.gravatar.com\/avatar\/7c64bb31135bb8c28f49658a042f8b8a?s=96&d=mm&r=g","contentUrl":"https:\/\/secure.gravatar.com\/avatar\/7c64bb31135bb8c28f49658a042f8b8a?s=96&d=mm&r=g","caption":"Claudia Tonaco"},"sameAs":["http:\/\/www.travel3.com.br"],"url":"https:\/\/www.travel3.com.br\/site\/author\/tonaco\/"}]}},"_links":{"self":[{"href":"https:\/\/www.travel3.com.br\/site\/wp-json\/wp\/v2\/posts\/21865","targetHints":{"allow":["GET"]}}],"collection":[{"href":"https:\/\/www.travel3.com.br\/site\/wp-json\/wp\/v2\/posts"}],"about":[{"href":"https:\/\/www.travel3.com.br\/site\/wp-json\/wp\/v2\/types\/post"}],"author":[{"embeddable":true,"href":"https:\/\/www.travel3.com.br\/site\/wp-json\/wp\/v2\/users\/4"}],"replies":[{"embeddable":true,"href":"https:\/\/www.travel3.com.br\/site\/wp-json\/wp\/v2\/comments?post=21865"}],"version-history":[{"count":8,"href":"https:\/\/www.travel3.com.br\/site\/wp-json\/wp\/v2\/posts\/21865\/revisions"}],"predecessor-version":[{"id":40125,"href":"https:\/\/www.travel3.com.br\/site\/wp-json\/wp\/v2\/posts\/21865\/revisions\/40125"}],"wp:featuredmedia":[{"embeddable":true,"href":"https:\/\/www.travel3.com.br\/site\/wp-json\/wp\/v2\/media\/21913"}],"wp:attachment":[{"href":"https:\/\/www.travel3.com.br\/site\/wp-json\/wp\/v2\/media?parent=21865"}],"wp:term":[{"taxonomy":"category","embeddable":true,"href":"https:\/\/www.travel3.com.br\/site\/wp-json\/wp\/v2\/categories?post=21865"},{"taxonomy":"post_tag","embeddable":true,"href":"https:\/\/www.travel3.com.br\/site\/wp-json\/wp\/v2\/tags?post=21865"}],"curies":[{"name":"wp","href":"https:\/\/api.w.org\/{rel}","templated":true}]}}