{"id":2180,"date":"2017-08-02T17:09:49","date_gmt":"2017-08-02T17:09:49","guid":{"rendered":"http:\/\/www.travel3.com.br\/site\/ir-e-vir\/ar\/festival-das-cataratas-apresenta-as-novidades-deste-ano\/"},"modified":"2017-08-02T17:09:49","modified_gmt":"2017-08-02T17:09:49","slug":"festival-das-cataratas-apresenta-as-novidades-deste-ano","status":"publish","type":"post","link":"https:\/\/www.travel3.com.br\/site\/sem-categoria\/festival-das-cataratas-apresenta-as-novidades-deste-ano\/","title":{"rendered":"FESTIVAL DAS CATARATAS APRESENTA AS NOVIDADES DESTE ANO"},"content":{"rendered":"<p><span style=\"color: #40acad; font-family: -apple-system, system-ui, 'Segoe UI', Roboto, Oxygen-Sans, Ubuntu, Cantarell, 'Helvetica Neue', sans-serif; font-size: 12px; font-weight: bold;\"><\/p>\n<p style=\"text-align:justify\">O 12\u00ba Festival das Cataratas &#8211; maior evento fixo de Foz do Igua\u00e7u e o segundo maior de turismo da regi\u00e3o sul do Brasil &#8211; foi lan\u00e7ado oficialmente neste meio de semana. O \u00a0evento ser\u00e1 realizado nos dias 28, 29 e 30 de junho, no Rafain Palace Hotel &#038; Convention Center.<\/p>\n<p style=\"text-align:justify\"><a class=\"fancybox-media\" href=\"..\/_uploads\/_noticia\/2017-04\/festivaldascataratas2017lancamento1.jpg\" rel=\"portfolio\"><img decoding=\"async\" alt=\"\" src=\"..\/_uploads\/_noticia\/2017-04\/festivaldascataratas2017lancamento1.jpg\" \/><\/a> Paulo Angeli, coordenador e idealizador do Festival, anunciou como \u00a0novidades a XI Reuni\u00e3o de Ministros da Comunidade dos Pa\u00edses de L\u00edngua Portuguesa (CPLP), a Rodada de Neg\u00f3cios e a amplia\u00e7\u00e3o do Sal\u00e3o de Vinhos Argentinos e o 2\u00ba Sal\u00e3o de Turismo Thermal &#038; Spa. Em destaque estar\u00e1 11\u00ba F\u00f3rum Internacional de Turismo do Iguassu, evento j\u00e1 consolidado o principal t\u00e9cnico-cient\u00edfico e universit\u00e1rio \u00a0do setor no Brasil.<\/p>\n<p style=\"text-align:justify\">Desde a primeira edi\u00e7\u00e3o realizada em 2006, o Festival aumentou quase sete vezes o n\u00famero de participantes, passando de 1115 em 2006 para 7043 em 2016. O n\u00famero de expositores tamb\u00e9m cresce a cada ano, registrando no ano passado o n\u00famero recorde de 1767 pessoas.<\/p>\n<p>&#8220;J\u00e1 somos o quarto maior evento de turismo do Brasil e todos os anos queremos trazer coisas novas voltadas ao nosso p\u00fablico e ao desenvolvimento do turismo&#8221;,\u00a0 afirmou. Desde a primeira edi\u00e7\u00e3o realizada em 2006, o Festival aumentou quase sete vezes seu n\u00famero de participantes, passando de 1115 em 2006 para 7043 em 2016. O n\u00famero de expositores tamb\u00e9m cresce a cada ano, registrando no ano passado o n\u00famero recorde de 1767 pessoas.<\/p>\n<p style=\"text-align:justify\">Em 2016, o Festival\u00a0 teve a participa\u00e7\u00e3o de 7.043 pessoas provenientes de todos os estados brasileiros e 12 pa\u00edses, al\u00e9m de 1.767 expositores que apresentaram 912 marcas.<\/p>\n<p style=\"text-align:justify\">J\u00e1 o F\u00f3rum Internacional de Turismo do Iguassu, que incentiva a forma\u00e7\u00e3o acad\u00eamica e o fortalecimento da rela\u00e7\u00e3o entre o mercado e as institui\u00e7\u00f5es de ensino, reuniu 1.155 estudantes de todo o Brasil e teve recorde no n\u00famero de trabalhos submetidos (264) e aprovados (199).<\/p>\n<p style=\"text-align:justify\"><a class=\"fancybox-media\" href=\"..\/_uploads\/_noticia\/2017-04\/festivaldascataratas2017lancamento2.jpg\" rel=\"portfolio\"><img decoding=\"async\" alt=\"\" src=\"..\/_uploads\/_noticia\/2017-04\/festivaldascataratas2017lancamento2.jpg\" \/><\/a><br \/>\nDe acordo com o presidente do Sindicato de Hot\u00e9is, Restaurantes, Bares e Similares (Sindhot\u00e9is), Carlos Silva, &#8220;o Festival tem feito muito pela nossa cidade e pelo Destino Igua\u00e7u, mostrando o que h\u00e1 de melhor na hotelaria, gastronomia e turismo em geral&#8221;. O pensamento \u00e9 compartilhado pelo \u00a0atual secret\u00e1rio do Turismo de Foz do Igua\u00e7u, Louren\u00e7o Kuerten: &#8220;\u00c9 muito importante investirmos para que seja mostrado in loco\u00a0o que temos de melhor em Foz do Igua\u00e7u. Com certeza, esta ser\u00e1 mais uma edi\u00e7\u00e3o de sucesso&#8221;,.<\/p>\n<p style=\"text-align:justify\">Entre as autoridades confirmadas para a edi\u00e7\u00e3o de 2017 est\u00e1 o presidente da Embratur (Instituto Brasileiro de Turismo), Vin\u00edcius Lummertz, e Maria Gravari-Barbas, Dr\u00aa em Geografia e Planejamento e diretora da C\u00e1tedra UNESCO &#8220;Cultura, Turismo e Desenvolvimento&#8221;.<\/p>\n<p style=\"text-align:justify\">O Festival das Cataratas, que \u00a0\u00e9 uma realiza\u00e7\u00e3o da Secretaria Municipal de Turismo, com organiza\u00e7\u00e3o da De Angeli Feiras &#038; Eventos, volta a ter uma empresa a\u00e9rea oficial, a Avianca Brasil, que inaugurou o seu voo direto de S\u00e3o Paulo e ter\u00e1 um segundo a partir de 8 de maio, data que marcar\u00e1 o inicio tamb\u00e9m da rota entre o Rio de Janeiro e Foz.<\/p>\n<p style=\"text-align:justify\">O Festival que tem a TRAVEL3 como uma de suas m\u00eddias oficiais, est\u00e1 em v\u00e1rias redes sociais acessadas \u00a0atrav\u00e9s de:<\/p>\n<p style=\"text-align:justify\">Site:\u00a0festivaldascataratas.com<br \/>\nFacebook:\u00a0facebook.com\/festivaldascataratas<br \/>\nTwitter:\u00a0twitter.com\/fitcataratas<br \/>\nInstagram:\u00a0instagram.com\/festivaldascataratas<br \/>\nE-mail:\u00a0secretaria@festivaldascataratas.com<\/p>\n<p>\u00a0<\/p>\n<p>\u00a0<\/p>\n<p>\u00a0<\/p>\n<p><\/span><\/p>\n","protected":false},"excerpt":{"rendered":"<p>Na edi\u00e7\u00e3o 2017, a 12a, haver\u00e1 reuni\u00e3o de ministros de l\u00edngua portuguesa + presen\u00e7a da diretora da Unesco para Turismo, Cultura e Desenvolvimento<\/p>\n","protected":false},"author":1,"featured_media":0,"comment_status":"open","ping_status":"open","sticky":false,"template":"","format":"standard","meta":{"footnotes":""},"categories":[],"tags":[],"class_list":["post-2180","post","type-post","status-publish","format-standard","hentry"],"yoast_head":"<!-- This site is optimized with the Yoast SEO plugin v26.2 - https:\/\/yoast.com\/wordpress\/plugins\/seo\/ -->\n<title>FESTIVAL DAS CATARATAS APRESENTA AS NOVIDADES DESTE ANO - Travel3<\/title>\n<meta name=\"description\" content=\"A TRAVEL3 \u00e9 um portal de conte\u00fado voltado para o turismo, encontre destinos, viagens, hospedagem, passagens, guias, not\u00edcias sobre o mercado do turismo, dicas de viagem, v\u00eddeos e podcast.\" \/>\n<meta name=\"robots\" content=\"index, follow, max-snippet:-1, max-image-preview:large, max-video-preview:-1\" \/>\n<link rel=\"canonical\" href=\"https:\/\/www.travel3.com.br\/site\/sem-categoria\/festival-das-cataratas-apresenta-as-novidades-deste-ano\/\" \/>\n<meta property=\"og:locale\" content=\"pt_BR\" \/>\n<meta property=\"og:type\" content=\"article\" \/>\n<meta property=\"og:title\" content=\"FESTIVAL DAS CATARATAS APRESENTA AS NOVIDADES DESTE ANO - Travel3\" \/>\n<meta property=\"og:description\" content=\"A TRAVEL3 \u00e9 um portal de conte\u00fado voltado para o turismo, encontre destinos, viagens, hospedagem, passagens, guias, not\u00edcias sobre o mercado do turismo, dicas de viagem, v\u00eddeos e podcast.\" \/>\n<meta property=\"og:url\" content=\"https:\/\/www.travel3.com.br\/site\/sem-categoria\/festival-das-cataratas-apresenta-as-novidades-deste-ano\/\" \/>\n<meta property=\"og:site_name\" content=\"Travel3\" \/>\n<meta property=\"article:publisher\" content=\"https:\/\/www.facebook.com\/travel3media\/\" \/>\n<meta property=\"article:published_time\" content=\"2017-08-02T17:09:49+00:00\" \/>\n<meta name=\"author\" content=\"admin\" \/>\n<meta name=\"twitter:card\" content=\"summary_large_image\" \/>\n<meta name=\"twitter:label1\" content=\"Escrito por\" \/>\n\t<meta name=\"twitter:data1\" content=\"admin\" \/>\n\t<meta name=\"twitter:label2\" content=\"Est. tempo de leitura\" \/>\n\t<meta name=\"twitter:data2\" content=\"3 minutos\" \/>\n<script type=\"application\/ld+json\" class=\"yoast-schema-graph\">{\"@context\":\"https:\/\/schema.org\",\"@graph\":[{\"@type\":\"Article\",\"@id\":\"https:\/\/www.travel3.com.br\/site\/sem-categoria\/festival-das-cataratas-apresenta-as-novidades-deste-ano\/#article\",\"isPartOf\":{\"@id\":\"https:\/\/www.travel3.com.br\/site\/sem-categoria\/festival-das-cataratas-apresenta-as-novidades-deste-ano\/\"},\"author\":{\"name\":\"admin\",\"@id\":\"https:\/\/www.travel3.com.br\/site\/#\/schema\/person\/a69d71e41a024999b6ab82369ac0bd1e\"},\"headline\":\"FESTIVAL DAS CATARATAS APRESENTA AS NOVIDADES DESTE ANO\",\"datePublished\":\"2017-08-02T17:09:49+00:00\",\"mainEntityOfPage\":{\"@id\":\"https:\/\/www.travel3.com.br\/site\/sem-categoria\/festival-das-cataratas-apresenta-as-novidades-deste-ano\/\"},\"wordCount\":559,\"commentCount\":0,\"publisher\":{\"@id\":\"https:\/\/www.travel3.com.br\/site\/#organization\"},\"inLanguage\":\"pt-BR\",\"potentialAction\":[{\"@type\":\"CommentAction\",\"name\":\"Comment\",\"target\":[\"https:\/\/www.travel3.com.br\/site\/sem-categoria\/festival-das-cataratas-apresenta-as-novidades-deste-ano\/#respond\"]}]},{\"@type\":\"WebPage\",\"@id\":\"https:\/\/www.travel3.com.br\/site\/sem-categoria\/festival-das-cataratas-apresenta-as-novidades-deste-ano\/\",\"url\":\"https:\/\/www.travel3.com.br\/site\/sem-categoria\/festival-das-cataratas-apresenta-as-novidades-deste-ano\/\",\"name\":\"FESTIVAL DAS CATARATAS APRESENTA AS NOVIDADES DESTE ANO - Travel3\",\"isPartOf\":{\"@id\":\"https:\/\/www.travel3.com.br\/site\/#website\"},\"datePublished\":\"2017-08-02T17:09:49+00:00\",\"description\":\"A TRAVEL3 \u00e9 um portal de conte\u00fado voltado para o turismo, encontre destinos, viagens, hospedagem, passagens, guias, not\u00edcias sobre o mercado do turismo, dicas de viagem, v\u00eddeos e podcast.\",\"breadcrumb\":{\"@id\":\"https:\/\/www.travel3.com.br\/site\/sem-categoria\/festival-das-cataratas-apresenta-as-novidades-deste-ano\/#breadcrumb\"},\"inLanguage\":\"pt-BR\",\"potentialAction\":[{\"@type\":\"ReadAction\",\"target\":[\"https:\/\/www.travel3.com.br\/site\/sem-categoria\/festival-das-cataratas-apresenta-as-novidades-deste-ano\/\"]}]},{\"@type\":\"BreadcrumbList\",\"@id\":\"https:\/\/www.travel3.com.br\/site\/sem-categoria\/festival-das-cataratas-apresenta-as-novidades-deste-ano\/#breadcrumb\",\"itemListElement\":[{\"@type\":\"ListItem\",\"position\":1,\"name\":\"In\u00edcio\",\"item\":\"https:\/\/www.travel3.com.br\/site\/\"},{\"@type\":\"ListItem\",\"position\":2,\"name\":\"FESTIVAL DAS CATARATAS APRESENTA AS NOVIDADES DESTE ANO\"}]},{\"@type\":\"WebSite\",\"@id\":\"https:\/\/www.travel3.com.br\/site\/#website\",\"url\":\"https:\/\/www.travel3.com.br\/site\/\",\"name\":\"Travel3\",\"description\":\"Lazer + Neg&oacute;cios + Aventura\",\"publisher\":{\"@id\":\"https:\/\/www.travel3.com.br\/site\/#organization\"},\"potentialAction\":[{\"@type\":\"SearchAction\",\"target\":{\"@type\":\"EntryPoint\",\"urlTemplate\":\"https:\/\/www.travel3.com.br\/site\/?s={search_term_string}\"},\"query-input\":{\"@type\":\"PropertyValueSpecification\",\"valueRequired\":true,\"valueName\":\"search_term_string\"}}],\"inLanguage\":\"pt-BR\"},{\"@type\":\"Organization\",\"@id\":\"https:\/\/www.travel3.com.br\/site\/#organization\",\"name\":\"Travel3\",\"url\":\"https:\/\/www.travel3.com.br\/site\/\",\"logo\":{\"@type\":\"ImageObject\",\"inLanguage\":\"pt-BR\",\"@id\":\"https:\/\/www.travel3.com.br\/site\/#\/schema\/logo\/image\/\",\"url\":\"https:\/\/www.travel3.com.br\/site\/wp-content\/uploads\/2020\/01\/logo-travel3-2020.png\",\"contentUrl\":\"https:\/\/www.travel3.com.br\/site\/wp-content\/uploads\/2020\/01\/logo-travel3-2020.png\",\"width\":232,\"height\":79,\"caption\":\"Travel3\"},\"image\":{\"@id\":\"https:\/\/www.travel3.com.br\/site\/#\/schema\/logo\/image\/\"},\"sameAs\":[\"https:\/\/www.facebook.com\/travel3media\/\",\"https:\/\/www.instagram.com\/revistatravel3\/\",\"https:\/\/www.youtube.com\/channel\/UCno7J4paGBR3VbZQzvoJ9Eg\"]},{\"@type\":\"Person\",\"@id\":\"https:\/\/www.travel3.com.br\/site\/#\/schema\/person\/a69d71e41a024999b6ab82369ac0bd1e\",\"name\":\"admin\",\"image\":{\"@type\":\"ImageObject\",\"inLanguage\":\"pt-BR\",\"@id\":\"https:\/\/www.travel3.com.br\/site\/#\/schema\/person\/image\/\",\"url\":\"https:\/\/secure.gravatar.com\/avatar\/732a67adfd764da2a47ba10ce731c4c0?s=96&d=mm&r=g\",\"contentUrl\":\"https:\/\/secure.gravatar.com\/avatar\/732a67adfd764da2a47ba10ce731c4c0?s=96&d=mm&r=g\",\"caption\":\"admin\"},\"url\":\"https:\/\/www.travel3.com.br\/site\/author\/admin\/\"}]}<\/script>\n<!-- \/ Yoast SEO plugin. -->","yoast_head_json":{"title":"FESTIVAL DAS CATARATAS APRESENTA AS NOVIDADES DESTE ANO - Travel3","description":"A TRAVEL3 \u00e9 um portal de conte\u00fado voltado para o turismo, encontre destinos, viagens, hospedagem, passagens, guias, not\u00edcias sobre o mercado do turismo, dicas de viagem, v\u00eddeos e podcast.","robots":{"index":"index","follow":"follow","max-snippet":"max-snippet:-1","max-image-preview":"max-image-preview:large","max-video-preview":"max-video-preview:-1"},"canonical":"https:\/\/www.travel3.com.br\/site\/sem-categoria\/festival-das-cataratas-apresenta-as-novidades-deste-ano\/","og_locale":"pt_BR","og_type":"article","og_title":"FESTIVAL DAS CATARATAS APRESENTA AS NOVIDADES DESTE ANO - Travel3","og_description":"A TRAVEL3 \u00e9 um portal de conte\u00fado voltado para o turismo, encontre destinos, viagens, hospedagem, passagens, guias, not\u00edcias sobre o mercado do turismo, dicas de viagem, v\u00eddeos e podcast.","og_url":"https:\/\/www.travel3.com.br\/site\/sem-categoria\/festival-das-cataratas-apresenta-as-novidades-deste-ano\/","og_site_name":"Travel3","article_publisher":"https:\/\/www.facebook.com\/travel3media\/","article_published_time":"2017-08-02T17:09:49+00:00","author":"admin","twitter_card":"summary_large_image","twitter_misc":{"Escrito por":"admin","Est. tempo de leitura":"3 minutos"},"schema":{"@context":"https:\/\/schema.org","@graph":[{"@type":"Article","@id":"https:\/\/www.travel3.com.br\/site\/sem-categoria\/festival-das-cataratas-apresenta-as-novidades-deste-ano\/#article","isPartOf":{"@id":"https:\/\/www.travel3.com.br\/site\/sem-categoria\/festival-das-cataratas-apresenta-as-novidades-deste-ano\/"},"author":{"name":"admin","@id":"https:\/\/www.travel3.com.br\/site\/#\/schema\/person\/a69d71e41a024999b6ab82369ac0bd1e"},"headline":"FESTIVAL DAS CATARATAS APRESENTA AS NOVIDADES DESTE ANO","datePublished":"2017-08-02T17:09:49+00:00","mainEntityOfPage":{"@id":"https:\/\/www.travel3.com.br\/site\/sem-categoria\/festival-das-cataratas-apresenta-as-novidades-deste-ano\/"},"wordCount":559,"commentCount":0,"publisher":{"@id":"https:\/\/www.travel3.com.br\/site\/#organization"},"inLanguage":"pt-BR","potentialAction":[{"@type":"CommentAction","name":"Comment","target":["https:\/\/www.travel3.com.br\/site\/sem-categoria\/festival-das-cataratas-apresenta-as-novidades-deste-ano\/#respond"]}]},{"@type":"WebPage","@id":"https:\/\/www.travel3.com.br\/site\/sem-categoria\/festival-das-cataratas-apresenta-as-novidades-deste-ano\/","url":"https:\/\/www.travel3.com.br\/site\/sem-categoria\/festival-das-cataratas-apresenta-as-novidades-deste-ano\/","name":"FESTIVAL DAS CATARATAS APRESENTA AS NOVIDADES DESTE ANO - Travel3","isPartOf":{"@id":"https:\/\/www.travel3.com.br\/site\/#website"},"datePublished":"2017-08-02T17:09:49+00:00","description":"A TRAVEL3 \u00e9 um portal de conte\u00fado voltado para o turismo, encontre destinos, viagens, hospedagem, passagens, guias, not\u00edcias sobre o mercado do turismo, dicas de viagem, v\u00eddeos e podcast.","breadcrumb":{"@id":"https:\/\/www.travel3.com.br\/site\/sem-categoria\/festival-das-cataratas-apresenta-as-novidades-deste-ano\/#breadcrumb"},"inLanguage":"pt-BR","potentialAction":[{"@type":"ReadAction","target":["https:\/\/www.travel3.com.br\/site\/sem-categoria\/festival-das-cataratas-apresenta-as-novidades-deste-ano\/"]}]},{"@type":"BreadcrumbList","@id":"https:\/\/www.travel3.com.br\/site\/sem-categoria\/festival-das-cataratas-apresenta-as-novidades-deste-ano\/#breadcrumb","itemListElement":[{"@type":"ListItem","position":1,"name":"In\u00edcio","item":"https:\/\/www.travel3.com.br\/site\/"},{"@type":"ListItem","position":2,"name":"FESTIVAL DAS CATARATAS APRESENTA AS NOVIDADES DESTE ANO"}]},{"@type":"WebSite","@id":"https:\/\/www.travel3.com.br\/site\/#website","url":"https:\/\/www.travel3.com.br\/site\/","name":"Travel3","description":"Lazer + Neg&oacute;cios + Aventura","publisher":{"@id":"https:\/\/www.travel3.com.br\/site\/#organization"},"potentialAction":[{"@type":"SearchAction","target":{"@type":"EntryPoint","urlTemplate":"https:\/\/www.travel3.com.br\/site\/?s={search_term_string}"},"query-input":{"@type":"PropertyValueSpecification","valueRequired":true,"valueName":"search_term_string"}}],"inLanguage":"pt-BR"},{"@type":"Organization","@id":"https:\/\/www.travel3.com.br\/site\/#organization","name":"Travel3","url":"https:\/\/www.travel3.com.br\/site\/","logo":{"@type":"ImageObject","inLanguage":"pt-BR","@id":"https:\/\/www.travel3.com.br\/site\/#\/schema\/logo\/image\/","url":"https:\/\/www.travel3.com.br\/site\/wp-content\/uploads\/2020\/01\/logo-travel3-2020.png","contentUrl":"https:\/\/www.travel3.com.br\/site\/wp-content\/uploads\/2020\/01\/logo-travel3-2020.png","width":232,"height":79,"caption":"Travel3"},"image":{"@id":"https:\/\/www.travel3.com.br\/site\/#\/schema\/logo\/image\/"},"sameAs":["https:\/\/www.facebook.com\/travel3media\/","https:\/\/www.instagram.com\/revistatravel3\/","https:\/\/www.youtube.com\/channel\/UCno7J4paGBR3VbZQzvoJ9Eg"]},{"@type":"Person","@id":"https:\/\/www.travel3.com.br\/site\/#\/schema\/person\/a69d71e41a024999b6ab82369ac0bd1e","name":"admin","image":{"@type":"ImageObject","inLanguage":"pt-BR","@id":"https:\/\/www.travel3.com.br\/site\/#\/schema\/person\/image\/","url":"https:\/\/secure.gravatar.com\/avatar\/732a67adfd764da2a47ba10ce731c4c0?s=96&d=mm&r=g","contentUrl":"https:\/\/secure.gravatar.com\/avatar\/732a67adfd764da2a47ba10ce731c4c0?s=96&d=mm&r=g","caption":"admin"},"url":"https:\/\/www.travel3.com.br\/site\/author\/admin\/"}]}},"_links":{"self":[{"href":"https:\/\/www.travel3.com.br\/site\/wp-json\/wp\/v2\/posts\/2180","targetHints":{"allow":["GET"]}}],"collection":[{"href":"https:\/\/www.travel3.com.br\/site\/wp-json\/wp\/v2\/posts"}],"about":[{"href":"https:\/\/www.travel3.com.br\/site\/wp-json\/wp\/v2\/types\/post"}],"author":[{"embeddable":true,"href":"https:\/\/www.travel3.com.br\/site\/wp-json\/wp\/v2\/users\/1"}],"replies":[{"embeddable":true,"href":"https:\/\/www.travel3.com.br\/site\/wp-json\/wp\/v2\/comments?post=2180"}],"version-history":[{"count":0,"href":"https:\/\/www.travel3.com.br\/site\/wp-json\/wp\/v2\/posts\/2180\/revisions"}],"wp:attachment":[{"href":"https:\/\/www.travel3.com.br\/site\/wp-json\/wp\/v2\/media?parent=2180"}],"wp:term":[{"taxonomy":"category","embeddable":true,"href":"https:\/\/www.travel3.com.br\/site\/wp-json\/wp\/v2\/categories?post=2180"},{"taxonomy":"post_tag","embeddable":true,"href":"https:\/\/www.travel3.com.br\/site\/wp-json\/wp\/v2\/tags?post=2180"}],"curies":[{"name":"wp","href":"https:\/\/api.w.org\/{rel}","templated":true}]}}