{"id":2174,"date":"2017-08-07T03:46:47","date_gmt":"2017-08-07T03:46:47","guid":{"rendered":"http:\/\/www.travel3.com.br\/site\/ir-e-vir\/ar\/mmtgapnet-e-iberostar-fazem-capacitacao-em-belo-horizonte\/"},"modified":"2017-08-07T03:46:47","modified_gmt":"2017-08-07T03:46:47","slug":"mmtgapnet-e-iberostar-fazem-capacitacao-em-belo-horizonte","status":"publish","type":"post","link":"https:\/\/www.travel3.com.br\/site\/sem-categoria\/mmtgapnet-e-iberostar-fazem-capacitacao-em-belo-horizonte\/","title":{"rendered":"MMTGAPNET E IBEROSTAR FAZEM CAPACITA\u00c7\u00c3O EM BELO HORIZONTE"},"content":{"rendered":"<p><span style=\"color: #40acad; font-family: -apple-system, system-ui, 'Segoe UI', Roboto, Oxygen-Sans, Ubuntu, Cantarell, 'Helvetica Neue', sans-serif; font-size: 12px; font-weight: bold;\"><\/p>\n<p style=\"text-align:justify\"><strong>Ra\u00edssa Melo, da MMTGapnet; Nathalia Barbosa e Dayana Vargas, da Iberostar Hotels &#038; Resorts; Ana Sena e Clinton Ramos, da MMTGapnet, durante o caf\u00e9 da manh\u00e3 de capacita\u00e7\u00e3o (Fotos: Fred Silva)<\/strong><\/p>\n<p style=\"text-align:justify\">Nesta sexta-feira, a MMTGapnet, em parceria com a Iberostar Hotels &#038; Resorts, reuniu representantes das principais ag\u00eancias de turismo de Belo Horizonte, para um caf\u00e9 da manh\u00e3 com direito a capacita\u00e7\u00e3o. O objetivo foi mostrar o que h\u00e1 de novo em destinos e atrativos tur\u00edsticos oferecidos pela rede espanhola.\u00a0<\/p>\n<p style=\"text-align:justify\">Al\u00e9m do time da operadora, o evento contou com a presen\u00e7a de Nathalia Barbosa, gerente de contas Minas Gerais e Bras\u00edlia da Iberostar + Dayana Vargas, executiva de vendas da rede, que apresentou os empreendimentos em Cuba, na Rep\u00fablica Dominicana e M\u00e9xico, entre outros destinos internacionais.<\/p>\n<p style=\"text-align:justify\">Durante a capacita\u00e7\u00e3o, Dayana Vargas chamou a aten\u00e7\u00e3o dos profissionais presentes, para\u00a0a impressionante estrutura da rede hoteleira Iberostar e a qualidade do servi\u00e7o prestado, fatores que, segundo a executiva, s\u00e3o os diferenciais para atrair turistas do mundo inteiro.<\/p>\n<p style=\"text-align:justify\"><a class=\"fancybox-media\" href=\"..\/_uploads\/_noticia\/2017-04\/iberommt2.jpg\" rel=\"portfolio\"><img decoding=\"async\" alt=\"\" src=\"..\/_uploads\/_noticia\/2017-04\/iberommt2.jpg\" \/><\/a><strong>Dayana Vargas mostrou aos convidados os diferenciais dos resorts Iberostar na regi\u00e3o do Caribe<\/strong><\/p>\n<p style=\"text-align:justify\">Os cerca de 40 agentes tamb\u00e9m puderam aprender mais sobre os destinos nacionais contemplados pela rede, com a palestra da Nath\u00e1lia Barbosa, que destacou as belezas dos complexos Iberostar Bahia e Iberostar Praia do Forte, regi\u00e3o em que a rede atua com excel\u00eancia.<\/p>\n<p style=\"text-align:justify\">Nathalia ainda apresentou as peculiaridades do Iberostar Grand Amazon, um \u00a0navio complet\u00edssimo, verdadeiro hotel flutuante, que leva o turista a fazer passeios fascinantes dentro da imponente Floresta Amaz\u00f4nica.<\/p>\n<p style=\"text-align:justify\">O caf\u00e9 da manh\u00e3 terminou com o sorteio de 2\u00a0pacotes de viagem. A agente Camila Andrade da Multitour foi agraciada com 3\u00a0noites no Iberostar Bahia.<\/p>\n<p style=\"text-align:justify\">J\u00e1 a ganhadora do pacote de 5\u00a0noites no Iberostar Para\u00edso Maya, no M\u00e9xico, foi\u00a0M\u00edrian Trindade, da B8 Viagens.<\/p>\n<p><\/span><\/p>\n","protected":false},"excerpt":{"rendered":"<p>Operadora + rede hoteleira promoveram encontro profissional na capital mineira, para apresentar novos produtos e empreendimentos<\/p>\n","protected":false},"author":1,"featured_media":0,"comment_status":"open","ping_status":"open","sticky":false,"template":"","format":"standard","meta":{"footnotes":""},"categories":[],"tags":[],"class_list":["post-2174","post","type-post","status-publish","format-standard","hentry"],"yoast_head":"<!-- This site is optimized with the Yoast SEO plugin v26.2 - https:\/\/yoast.com\/wordpress\/plugins\/seo\/ -->\n<title>MMTGAPNET E IBEROSTAR FAZEM CAPACITA\u00c7\u00c3O EM BELO HORIZONTE - Travel3<\/title>\n<meta name=\"description\" content=\"A TRAVEL3 \u00e9 um portal de conte\u00fado voltado para o turismo, encontre destinos, viagens, hospedagem, passagens, guias, not\u00edcias sobre o mercado do turismo, dicas de viagem, v\u00eddeos e podcast.\" \/>\n<meta name=\"robots\" content=\"index, follow, max-snippet:-1, max-image-preview:large, max-video-preview:-1\" \/>\n<link rel=\"canonical\" href=\"https:\/\/www.travel3.com.br\/site\/sem-categoria\/mmtgapnet-e-iberostar-fazem-capacitacao-em-belo-horizonte\/\" \/>\n<meta property=\"og:locale\" content=\"pt_BR\" \/>\n<meta property=\"og:type\" content=\"article\" \/>\n<meta property=\"og:title\" content=\"MMTGAPNET E IBEROSTAR FAZEM CAPACITA\u00c7\u00c3O EM BELO HORIZONTE - Travel3\" \/>\n<meta property=\"og:description\" content=\"A TRAVEL3 \u00e9 um portal de conte\u00fado voltado para o turismo, encontre destinos, viagens, hospedagem, passagens, guias, not\u00edcias sobre o mercado do turismo, dicas de viagem, v\u00eddeos e podcast.\" \/>\n<meta property=\"og:url\" content=\"https:\/\/www.travel3.com.br\/site\/sem-categoria\/mmtgapnet-e-iberostar-fazem-capacitacao-em-belo-horizonte\/\" \/>\n<meta property=\"og:site_name\" content=\"Travel3\" \/>\n<meta property=\"article:publisher\" content=\"https:\/\/www.facebook.com\/travel3media\/\" \/>\n<meta property=\"article:published_time\" content=\"2017-08-07T03:46:47+00:00\" \/>\n<meta name=\"author\" content=\"admin\" \/>\n<meta name=\"twitter:card\" content=\"summary_large_image\" \/>\n<meta name=\"twitter:label1\" content=\"Escrito por\" \/>\n\t<meta name=\"twitter:data1\" content=\"admin\" \/>\n\t<meta name=\"twitter:label2\" content=\"Est. tempo de leitura\" \/>\n\t<meta name=\"twitter:data2\" content=\"2 minutos\" \/>\n<script type=\"application\/ld+json\" class=\"yoast-schema-graph\">{\"@context\":\"https:\/\/schema.org\",\"@graph\":[{\"@type\":\"Article\",\"@id\":\"https:\/\/www.travel3.com.br\/site\/sem-categoria\/mmtgapnet-e-iberostar-fazem-capacitacao-em-belo-horizonte\/#article\",\"isPartOf\":{\"@id\":\"https:\/\/www.travel3.com.br\/site\/sem-categoria\/mmtgapnet-e-iberostar-fazem-capacitacao-em-belo-horizonte\/\"},\"author\":{\"name\":\"admin\",\"@id\":\"https:\/\/www.travel3.com.br\/site\/#\/schema\/person\/a69d71e41a024999b6ab82369ac0bd1e\"},\"headline\":\"MMTGAPNET E IBEROSTAR FAZEM CAPACITA\u00c7\u00c3O EM BELO HORIZONTE\",\"datePublished\":\"2017-08-07T03:46:47+00:00\",\"mainEntityOfPage\":{\"@id\":\"https:\/\/www.travel3.com.br\/site\/sem-categoria\/mmtgapnet-e-iberostar-fazem-capacitacao-em-belo-horizonte\/\"},\"wordCount\":323,\"commentCount\":0,\"publisher\":{\"@id\":\"https:\/\/www.travel3.com.br\/site\/#organization\"},\"inLanguage\":\"pt-BR\",\"potentialAction\":[{\"@type\":\"CommentAction\",\"name\":\"Comment\",\"target\":[\"https:\/\/www.travel3.com.br\/site\/sem-categoria\/mmtgapnet-e-iberostar-fazem-capacitacao-em-belo-horizonte\/#respond\"]}]},{\"@type\":\"WebPage\",\"@id\":\"https:\/\/www.travel3.com.br\/site\/sem-categoria\/mmtgapnet-e-iberostar-fazem-capacitacao-em-belo-horizonte\/\",\"url\":\"https:\/\/www.travel3.com.br\/site\/sem-categoria\/mmtgapnet-e-iberostar-fazem-capacitacao-em-belo-horizonte\/\",\"name\":\"MMTGAPNET E IBEROSTAR FAZEM CAPACITA\u00c7\u00c3O EM BELO HORIZONTE - Travel3\",\"isPartOf\":{\"@id\":\"https:\/\/www.travel3.com.br\/site\/#website\"},\"datePublished\":\"2017-08-07T03:46:47+00:00\",\"description\":\"A TRAVEL3 \u00e9 um portal de conte\u00fado voltado para o turismo, encontre destinos, viagens, hospedagem, passagens, guias, not\u00edcias sobre o mercado do turismo, dicas de viagem, v\u00eddeos e podcast.\",\"breadcrumb\":{\"@id\":\"https:\/\/www.travel3.com.br\/site\/sem-categoria\/mmtgapnet-e-iberostar-fazem-capacitacao-em-belo-horizonte\/#breadcrumb\"},\"inLanguage\":\"pt-BR\",\"potentialAction\":[{\"@type\":\"ReadAction\",\"target\":[\"https:\/\/www.travel3.com.br\/site\/sem-categoria\/mmtgapnet-e-iberostar-fazem-capacitacao-em-belo-horizonte\/\"]}]},{\"@type\":\"BreadcrumbList\",\"@id\":\"https:\/\/www.travel3.com.br\/site\/sem-categoria\/mmtgapnet-e-iberostar-fazem-capacitacao-em-belo-horizonte\/#breadcrumb\",\"itemListElement\":[{\"@type\":\"ListItem\",\"position\":1,\"name\":\"In\u00edcio\",\"item\":\"https:\/\/www.travel3.com.br\/site\/\"},{\"@type\":\"ListItem\",\"position\":2,\"name\":\"MMTGAPNET E IBEROSTAR FAZEM CAPACITA\u00c7\u00c3O EM BELO HORIZONTE\"}]},{\"@type\":\"WebSite\",\"@id\":\"https:\/\/www.travel3.com.br\/site\/#website\",\"url\":\"https:\/\/www.travel3.com.br\/site\/\",\"name\":\"Travel3\",\"description\":\"Lazer + Neg&oacute;cios + Aventura\",\"publisher\":{\"@id\":\"https:\/\/www.travel3.com.br\/site\/#organization\"},\"potentialAction\":[{\"@type\":\"SearchAction\",\"target\":{\"@type\":\"EntryPoint\",\"urlTemplate\":\"https:\/\/www.travel3.com.br\/site\/?s={search_term_string}\"},\"query-input\":{\"@type\":\"PropertyValueSpecification\",\"valueRequired\":true,\"valueName\":\"search_term_string\"}}],\"inLanguage\":\"pt-BR\"},{\"@type\":\"Organization\",\"@id\":\"https:\/\/www.travel3.com.br\/site\/#organization\",\"name\":\"Travel3\",\"url\":\"https:\/\/www.travel3.com.br\/site\/\",\"logo\":{\"@type\":\"ImageObject\",\"inLanguage\":\"pt-BR\",\"@id\":\"https:\/\/www.travel3.com.br\/site\/#\/schema\/logo\/image\/\",\"url\":\"https:\/\/www.travel3.com.br\/site\/wp-content\/uploads\/2020\/01\/logo-travel3-2020.png\",\"contentUrl\":\"https:\/\/www.travel3.com.br\/site\/wp-content\/uploads\/2020\/01\/logo-travel3-2020.png\",\"width\":232,\"height\":79,\"caption\":\"Travel3\"},\"image\":{\"@id\":\"https:\/\/www.travel3.com.br\/site\/#\/schema\/logo\/image\/\"},\"sameAs\":[\"https:\/\/www.facebook.com\/travel3media\/\",\"https:\/\/www.instagram.com\/revistatravel3\/\",\"https:\/\/www.youtube.com\/channel\/UCno7J4paGBR3VbZQzvoJ9Eg\"]},{\"@type\":\"Person\",\"@id\":\"https:\/\/www.travel3.com.br\/site\/#\/schema\/person\/a69d71e41a024999b6ab82369ac0bd1e\",\"name\":\"admin\",\"image\":{\"@type\":\"ImageObject\",\"inLanguage\":\"pt-BR\",\"@id\":\"https:\/\/www.travel3.com.br\/site\/#\/schema\/person\/image\/\",\"url\":\"https:\/\/secure.gravatar.com\/avatar\/732a67adfd764da2a47ba10ce731c4c0?s=96&d=mm&r=g\",\"contentUrl\":\"https:\/\/secure.gravatar.com\/avatar\/732a67adfd764da2a47ba10ce731c4c0?s=96&d=mm&r=g\",\"caption\":\"admin\"},\"url\":\"https:\/\/www.travel3.com.br\/site\/author\/admin\/\"}]}<\/script>\n<!-- \/ Yoast SEO plugin. -->","yoast_head_json":{"title":"MMTGAPNET E IBEROSTAR FAZEM CAPACITA\u00c7\u00c3O EM BELO HORIZONTE - Travel3","description":"A TRAVEL3 \u00e9 um portal de conte\u00fado voltado para o turismo, encontre destinos, viagens, hospedagem, passagens, guias, not\u00edcias sobre o mercado do turismo, dicas de viagem, v\u00eddeos e podcast.","robots":{"index":"index","follow":"follow","max-snippet":"max-snippet:-1","max-image-preview":"max-image-preview:large","max-video-preview":"max-video-preview:-1"},"canonical":"https:\/\/www.travel3.com.br\/site\/sem-categoria\/mmtgapnet-e-iberostar-fazem-capacitacao-em-belo-horizonte\/","og_locale":"pt_BR","og_type":"article","og_title":"MMTGAPNET E IBEROSTAR FAZEM CAPACITA\u00c7\u00c3O EM BELO HORIZONTE - Travel3","og_description":"A TRAVEL3 \u00e9 um portal de conte\u00fado voltado para o turismo, encontre destinos, viagens, hospedagem, passagens, guias, not\u00edcias sobre o mercado do turismo, dicas de viagem, v\u00eddeos e podcast.","og_url":"https:\/\/www.travel3.com.br\/site\/sem-categoria\/mmtgapnet-e-iberostar-fazem-capacitacao-em-belo-horizonte\/","og_site_name":"Travel3","article_publisher":"https:\/\/www.facebook.com\/travel3media\/","article_published_time":"2017-08-07T03:46:47+00:00","author":"admin","twitter_card":"summary_large_image","twitter_misc":{"Escrito por":"admin","Est. tempo de leitura":"2 minutos"},"schema":{"@context":"https:\/\/schema.org","@graph":[{"@type":"Article","@id":"https:\/\/www.travel3.com.br\/site\/sem-categoria\/mmtgapnet-e-iberostar-fazem-capacitacao-em-belo-horizonte\/#article","isPartOf":{"@id":"https:\/\/www.travel3.com.br\/site\/sem-categoria\/mmtgapnet-e-iberostar-fazem-capacitacao-em-belo-horizonte\/"},"author":{"name":"admin","@id":"https:\/\/www.travel3.com.br\/site\/#\/schema\/person\/a69d71e41a024999b6ab82369ac0bd1e"},"headline":"MMTGAPNET E IBEROSTAR FAZEM CAPACITA\u00c7\u00c3O EM BELO HORIZONTE","datePublished":"2017-08-07T03:46:47+00:00","mainEntityOfPage":{"@id":"https:\/\/www.travel3.com.br\/site\/sem-categoria\/mmtgapnet-e-iberostar-fazem-capacitacao-em-belo-horizonte\/"},"wordCount":323,"commentCount":0,"publisher":{"@id":"https:\/\/www.travel3.com.br\/site\/#organization"},"inLanguage":"pt-BR","potentialAction":[{"@type":"CommentAction","name":"Comment","target":["https:\/\/www.travel3.com.br\/site\/sem-categoria\/mmtgapnet-e-iberostar-fazem-capacitacao-em-belo-horizonte\/#respond"]}]},{"@type":"WebPage","@id":"https:\/\/www.travel3.com.br\/site\/sem-categoria\/mmtgapnet-e-iberostar-fazem-capacitacao-em-belo-horizonte\/","url":"https:\/\/www.travel3.com.br\/site\/sem-categoria\/mmtgapnet-e-iberostar-fazem-capacitacao-em-belo-horizonte\/","name":"MMTGAPNET E IBEROSTAR FAZEM CAPACITA\u00c7\u00c3O EM BELO HORIZONTE - Travel3","isPartOf":{"@id":"https:\/\/www.travel3.com.br\/site\/#website"},"datePublished":"2017-08-07T03:46:47+00:00","description":"A TRAVEL3 \u00e9 um portal de conte\u00fado voltado para o turismo, encontre destinos, viagens, hospedagem, passagens, guias, not\u00edcias sobre o mercado do turismo, dicas de viagem, v\u00eddeos e podcast.","breadcrumb":{"@id":"https:\/\/www.travel3.com.br\/site\/sem-categoria\/mmtgapnet-e-iberostar-fazem-capacitacao-em-belo-horizonte\/#breadcrumb"},"inLanguage":"pt-BR","potentialAction":[{"@type":"ReadAction","target":["https:\/\/www.travel3.com.br\/site\/sem-categoria\/mmtgapnet-e-iberostar-fazem-capacitacao-em-belo-horizonte\/"]}]},{"@type":"BreadcrumbList","@id":"https:\/\/www.travel3.com.br\/site\/sem-categoria\/mmtgapnet-e-iberostar-fazem-capacitacao-em-belo-horizonte\/#breadcrumb","itemListElement":[{"@type":"ListItem","position":1,"name":"In\u00edcio","item":"https:\/\/www.travel3.com.br\/site\/"},{"@type":"ListItem","position":2,"name":"MMTGAPNET E IBEROSTAR FAZEM CAPACITA\u00c7\u00c3O EM BELO HORIZONTE"}]},{"@type":"WebSite","@id":"https:\/\/www.travel3.com.br\/site\/#website","url":"https:\/\/www.travel3.com.br\/site\/","name":"Travel3","description":"Lazer + Neg&oacute;cios + Aventura","publisher":{"@id":"https:\/\/www.travel3.com.br\/site\/#organization"},"potentialAction":[{"@type":"SearchAction","target":{"@type":"EntryPoint","urlTemplate":"https:\/\/www.travel3.com.br\/site\/?s={search_term_string}"},"query-input":{"@type":"PropertyValueSpecification","valueRequired":true,"valueName":"search_term_string"}}],"inLanguage":"pt-BR"},{"@type":"Organization","@id":"https:\/\/www.travel3.com.br\/site\/#organization","name":"Travel3","url":"https:\/\/www.travel3.com.br\/site\/","logo":{"@type":"ImageObject","inLanguage":"pt-BR","@id":"https:\/\/www.travel3.com.br\/site\/#\/schema\/logo\/image\/","url":"https:\/\/www.travel3.com.br\/site\/wp-content\/uploads\/2020\/01\/logo-travel3-2020.png","contentUrl":"https:\/\/www.travel3.com.br\/site\/wp-content\/uploads\/2020\/01\/logo-travel3-2020.png","width":232,"height":79,"caption":"Travel3"},"image":{"@id":"https:\/\/www.travel3.com.br\/site\/#\/schema\/logo\/image\/"},"sameAs":["https:\/\/www.facebook.com\/travel3media\/","https:\/\/www.instagram.com\/revistatravel3\/","https:\/\/www.youtube.com\/channel\/UCno7J4paGBR3VbZQzvoJ9Eg"]},{"@type":"Person","@id":"https:\/\/www.travel3.com.br\/site\/#\/schema\/person\/a69d71e41a024999b6ab82369ac0bd1e","name":"admin","image":{"@type":"ImageObject","inLanguage":"pt-BR","@id":"https:\/\/www.travel3.com.br\/site\/#\/schema\/person\/image\/","url":"https:\/\/secure.gravatar.com\/avatar\/732a67adfd764da2a47ba10ce731c4c0?s=96&d=mm&r=g","contentUrl":"https:\/\/secure.gravatar.com\/avatar\/732a67adfd764da2a47ba10ce731c4c0?s=96&d=mm&r=g","caption":"admin"},"url":"https:\/\/www.travel3.com.br\/site\/author\/admin\/"}]}},"_links":{"self":[{"href":"https:\/\/www.travel3.com.br\/site\/wp-json\/wp\/v2\/posts\/2174","targetHints":{"allow":["GET"]}}],"collection":[{"href":"https:\/\/www.travel3.com.br\/site\/wp-json\/wp\/v2\/posts"}],"about":[{"href":"https:\/\/www.travel3.com.br\/site\/wp-json\/wp\/v2\/types\/post"}],"author":[{"embeddable":true,"href":"https:\/\/www.travel3.com.br\/site\/wp-json\/wp\/v2\/users\/1"}],"replies":[{"embeddable":true,"href":"https:\/\/www.travel3.com.br\/site\/wp-json\/wp\/v2\/comments?post=2174"}],"version-history":[{"count":0,"href":"https:\/\/www.travel3.com.br\/site\/wp-json\/wp\/v2\/posts\/2174\/revisions"}],"wp:attachment":[{"href":"https:\/\/www.travel3.com.br\/site\/wp-json\/wp\/v2\/media?parent=2174"}],"wp:term":[{"taxonomy":"category","embeddable":true,"href":"https:\/\/www.travel3.com.br\/site\/wp-json\/wp\/v2\/categories?post=2174"},{"taxonomy":"post_tag","embeddable":true,"href":"https:\/\/www.travel3.com.br\/site\/wp-json\/wp\/v2\/tags?post=2174"}],"curies":[{"name":"wp","href":"https:\/\/api.w.org\/{rel}","templated":true}]}}