{"id":21720,"date":"2019-04-12T12:33:31","date_gmt":"2019-04-12T15:33:31","guid":{"rendered":"http:\/\/www.travel3.com.br\/?p=21720"},"modified":"2019-04-12T12:49:34","modified_gmt":"2019-04-12T15:49:34","slug":"melhores-momentos-top-seller","status":"publish","type":"post","link":"https:\/\/www.travel3.com.br\/site\/acontece-no-turismo\/eventos-e-feiras\/melhores-momentos-top-seller\/","title":{"rendered":"Melhores momentos Top Seller Orinter &#8211; Festa em terra no mar e no ar"},"content":{"rendered":"\n<p style=\"font-size:26px\"><strong>Passeio de barco para ver o famoso Arco de San Lucas + tour de quadriciclo pelo deserto mostraram a beleza da regi\u00e3o<\/strong><\/p>\n\n\n\n<p>Como nas edi\u00e7\u00f5es anteriores, o Top Seller Orinter 2018 se transformou em um evento inesquec\u00edvel e quem participou j\u00e1 est\u00e1 com saudades. A programa\u00e7\u00e3o foi rica e a opera\u00e7\u00e3o impec\u00e1vel, mostrando a qualidade do trabalho que a operadora oferece aos clientes das ag\u00eancias de viagem. Para completar, os fornecedores parceiros apresentaram produtos de alto n\u00edvel e  fizeram da viagem de premia\u00e7\u00e3o uma capacita\u00e7\u00e3o diferenciada, que abriu os horizontes dos convidados para as op\u00e7\u00f5es de hospedagem, divers\u00e3o e entretenimento que Los Cabos oferece aos viajantes brasileiros.<\/p>\n\n\n\n<h2 class=\"wp-block-heading\">Zarpando para ver os Arcos de San Lucas no Mar de Cort\u00eas<\/h2>\n\n\n\n<p>Os Top Seller sa\u00edram do Le Blanc Los Cabos bem cedo e se dirigiram a marina de Cabo de San Lucas para conhecer um dos mais incr\u00edveis passeios da regi\u00e3o: o tour de barco para conhecer os Arcos de Los Cabos.<\/p>\n\n\n\n<figure class=\"wp-block-image\"><img loading=\"lazy\" decoding=\"async\" width=\"1024\" height=\"685\" src=\"http:\/\/www.travel3.com.br\/site\/wp-content\/uploads\/2019\/04\/1_TS-Passeio-Barco002_A-1024x685.jpg\" alt=\"Top Seller Orinter passeio barco\" class=\"wp-image-21723\" srcset=\"https:\/\/www.travel3.com.br\/site\/wp-content\/uploads\/2019\/04\/1_TS-Passeio-Barco002_A-1024x685.jpg 1024w, https:\/\/www.travel3.com.br\/site\/wp-content\/uploads\/2019\/04\/1_TS-Passeio-Barco002_A-300x201.jpg 300w, https:\/\/www.travel3.com.br\/site\/wp-content\/uploads\/2019\/04\/1_TS-Passeio-Barco002_A-768x514.jpg 768w, https:\/\/www.travel3.com.br\/site\/wp-content\/uploads\/2019\/04\/1_TS-Passeio-Barco002_A-750x502.jpg 750w, https:\/\/www.travel3.com.br\/site\/wp-content\/uploads\/2019\/04\/1_TS-Passeio-Barco002_A-1140x762.jpg 1140w, https:\/\/www.travel3.com.br\/site\/wp-content\/uploads\/2019\/04\/1_TS-Passeio-Barco002_A.jpg 1920w\" sizes=\"auto, (max-width: 1024px) 100vw, 1024px\" \/><figcaption>A grife Top Seller 2018 Orinter atesta mais um passeio exclusivo, com a mesma qualidade que a operadora oferece aos clientes das ag\u00eancias de viagem<\/figcaption><\/figure>\n\n\n\n<figure class=\"wp-block-image\"><img loading=\"lazy\" decoding=\"async\" width=\"1024\" height=\"685\" src=\"http:\/\/www.travel3.com.br\/site\/wp-content\/uploads\/2019\/04\/1_TS-Passeio-Barco008_A-1024x685.jpg\" alt=\"Top Seller Orinter passeio barco\" class=\"wp-image-21724\" srcset=\"https:\/\/www.travel3.com.br\/site\/wp-content\/uploads\/2019\/04\/1_TS-Passeio-Barco008_A-1024x685.jpg 1024w, https:\/\/www.travel3.com.br\/site\/wp-content\/uploads\/2019\/04\/1_TS-Passeio-Barco008_A-300x201.jpg 300w, https:\/\/www.travel3.com.br\/site\/wp-content\/uploads\/2019\/04\/1_TS-Passeio-Barco008_A-768x514.jpg 768w, https:\/\/www.travel3.com.br\/site\/wp-content\/uploads\/2019\/04\/1_TS-Passeio-Barco008_A-750x502.jpg 750w, https:\/\/www.travel3.com.br\/site\/wp-content\/uploads\/2019\/04\/1_TS-Passeio-Barco008_A-1140x762.jpg 1140w, https:\/\/www.travel3.com.br\/site\/wp-content\/uploads\/2019\/04\/1_TS-Passeio-Barco008_A.jpg 1920w\" sizes=\"auto, (max-width: 1024px) 100vw, 1024px\" \/><figcaption>Os Top Seller 2018 curtindo o clima de sol + mar + passeio sensacional <\/figcaption><\/figure>\n\n\n\n<figure class=\"wp-block-image\"><img loading=\"lazy\" decoding=\"async\" width=\"1024\" height=\"685\" src=\"http:\/\/www.travel3.com.br\/site\/wp-content\/uploads\/2019\/04\/1_TS-Passeio-Barco012_A-1024x685.jpg\" alt=\"Top Seller Orinter passeio barco\" class=\"wp-image-21726\" srcset=\"https:\/\/www.travel3.com.br\/site\/wp-content\/uploads\/2019\/04\/1_TS-Passeio-Barco012_A-1024x685.jpg 1024w, https:\/\/www.travel3.com.br\/site\/wp-content\/uploads\/2019\/04\/1_TS-Passeio-Barco012_A-300x201.jpg 300w, https:\/\/www.travel3.com.br\/site\/wp-content\/uploads\/2019\/04\/1_TS-Passeio-Barco012_A-768x514.jpg 768w, https:\/\/www.travel3.com.br\/site\/wp-content\/uploads\/2019\/04\/1_TS-Passeio-Barco012_A-750x502.jpg 750w, https:\/\/www.travel3.com.br\/site\/wp-content\/uploads\/2019\/04\/1_TS-Passeio-Barco012_A-1140x762.jpg 1140w, https:\/\/www.travel3.com.br\/site\/wp-content\/uploads\/2019\/04\/1_TS-Passeio-Barco012_A.jpg 1920w\" sizes=\"auto, (max-width: 1024px) 100vw, 1024px\" \/><figcaption>Um iate foi reservado exclusivamente para os Top Seller Orinter<\/figcaption><\/figure>\n\n\n\n<figure class=\"wp-block-image\"><img loading=\"lazy\" decoding=\"async\" width=\"1024\" height=\"648\" src=\"http:\/\/www.travel3.com.br\/site\/wp-content\/uploads\/2019\/04\/1_TS-Passeio-Barco010_AA-1024x648.jpg\" alt=\"Top Seller Orinter passeio barco\" class=\"wp-image-21725\" srcset=\"https:\/\/www.travel3.com.br\/site\/wp-content\/uploads\/2019\/04\/1_TS-Passeio-Barco010_AA-1024x648.jpg 1024w, https:\/\/www.travel3.com.br\/site\/wp-content\/uploads\/2019\/04\/1_TS-Passeio-Barco010_AA-300x190.jpg 300w, https:\/\/www.travel3.com.br\/site\/wp-content\/uploads\/2019\/04\/1_TS-Passeio-Barco010_AA-768x486.jpg 768w, https:\/\/www.travel3.com.br\/site\/wp-content\/uploads\/2019\/04\/1_TS-Passeio-Barco010_AA-750x475.jpg 750w, https:\/\/www.travel3.com.br\/site\/wp-content\/uploads\/2019\/04\/1_TS-Passeio-Barco010_AA-1140x721.jpg 1140w, https:\/\/www.travel3.com.br\/site\/wp-content\/uploads\/2019\/04\/1_TS-Passeio-Barco010_AA.jpg 1852w\" sizes=\"auto, (max-width: 1024px) 100vw, 1024px\" \/><figcaption>Na hora de zarpar, a emo\u00e7\u00e3o de descobrir novas atra\u00e7\u00f5es no Mar de Cort\u00eas<\/figcaption><\/figure>\n\n\n\n<p>Os Arcos s\u00e3o uma forma\u00e7\u00e3o rochosa que o trabalho do vento e das ondas do Oceano Pac\u00edfico e do Mar de Cort\u00eas criaram. \u00c9 uma bel\u00edssima e harm\u00f4nica escultura natural, t\u00e3o linda, que se tornou Patrim\u00f4nio da Humanidade da Unesco.<\/p>\n\n\n\n<figure class=\"wp-block-image\"><img loading=\"lazy\" decoding=\"async\" width=\"1024\" height=\"685\" src=\"http:\/\/www.travel3.com.br\/site\/wp-content\/uploads\/2019\/04\/Los-Cabos-Arcos-Barco001_A-1024x685.jpg\" alt=\"Top Seller Orinter passeio barco\" class=\"wp-image-21722\" srcset=\"https:\/\/www.travel3.com.br\/site\/wp-content\/uploads\/2019\/04\/Los-Cabos-Arcos-Barco001_A-1024x685.jpg 1024w, https:\/\/www.travel3.com.br\/site\/wp-content\/uploads\/2019\/04\/Los-Cabos-Arcos-Barco001_A-300x201.jpg 300w, https:\/\/www.travel3.com.br\/site\/wp-content\/uploads\/2019\/04\/Los-Cabos-Arcos-Barco001_A-768x514.jpg 768w, https:\/\/www.travel3.com.br\/site\/wp-content\/uploads\/2019\/04\/Los-Cabos-Arcos-Barco001_A-750x502.jpg 750w, https:\/\/www.travel3.com.br\/site\/wp-content\/uploads\/2019\/04\/Los-Cabos-Arcos-Barco001_A-1140x762.jpg 1140w, https:\/\/www.travel3.com.br\/site\/wp-content\/uploads\/2019\/04\/Los-Cabos-Arcos-Barco001_A.jpg 1920w\" sizes=\"auto, (max-width: 1024px) 100vw, 1024px\" \/><figcaption>A vis\u00e3o dos Arcos de Los Cabos<\/figcaption><\/figure>\n\n\n\n<h2 class=\"wp-block-heading\">Tour de quadriciclo apresenta a paisagem do deserto da Baja California<\/h2>\n\n\n\n<p>Depois do mar, foi a vez de fazer um passeio espetacular por terra. No dia seguinte os Top Seller Orinter sa\u00edram do Le Blanc Los Cabos rumo ao deserto que costeia toda a regi\u00e3o. A grande atra\u00e7\u00e3o \u00e9 a imagem contrastante de paisagens \u00e1ridas margeando o Oceano Pac\u00edfico.<\/p>\n\n\n\n<p><\/p>\n\n\n\n<figure class=\"wp-block-image\"><img loading=\"lazy\" decoding=\"async\" width=\"1024\" height=\"768\" src=\"http:\/\/www.travel3.com.br\/site\/wp-content\/uploads\/2019\/04\/2_TS-Passeio-Quadriciclo004_A-1024x768.jpg\" alt=\"Top Seller Orinter passeio quadriciclo\" class=\"wp-image-21730\" srcset=\"https:\/\/www.travel3.com.br\/site\/wp-content\/uploads\/2019\/04\/2_TS-Passeio-Quadriciclo004_A-1024x768.jpg 1024w, https:\/\/www.travel3.com.br\/site\/wp-content\/uploads\/2019\/04\/2_TS-Passeio-Quadriciclo004_A-300x225.jpg 300w, https:\/\/www.travel3.com.br\/site\/wp-content\/uploads\/2019\/04\/2_TS-Passeio-Quadriciclo004_A-768x576.jpg 768w, https:\/\/www.travel3.com.br\/site\/wp-content\/uploads\/2019\/04\/2_TS-Passeio-Quadriciclo004_A-750x563.jpg 750w, https:\/\/www.travel3.com.br\/site\/wp-content\/uploads\/2019\/04\/2_TS-Passeio-Quadriciclo004_A-1140x855.jpg 1140w, https:\/\/www.travel3.com.br\/site\/wp-content\/uploads\/2019\/04\/2_TS-Passeio-Quadriciclo004_A.jpg 1920w\" sizes=\"auto, (max-width: 1024px) 100vw, 1024px\" \/><figcaption>Por tr\u00e1s da bandana, F\u00e1bio Russo, da Sergio&#8217;s Turismo finaliza o check list para fazer o passeio de quadriciclo com toda seguran\u00e7a<\/figcaption><\/figure>\n\n\n\n<figure class=\"wp-block-image\"><img loading=\"lazy\" decoding=\"async\" width=\"1024\" height=\"768\" src=\"http:\/\/www.travel3.com.br\/site\/wp-content\/uploads\/2019\/04\/2_TS-Passeio-Quadriciclo008_A-1024x768.jpg\" alt=\"Top Seller Orinter passeio quadriciclo\" class=\"wp-image-21732\" srcset=\"https:\/\/www.travel3.com.br\/site\/wp-content\/uploads\/2019\/04\/2_TS-Passeio-Quadriciclo008_A-1024x768.jpg 1024w, https:\/\/www.travel3.com.br\/site\/wp-content\/uploads\/2019\/04\/2_TS-Passeio-Quadriciclo008_A-300x225.jpg 300w, https:\/\/www.travel3.com.br\/site\/wp-content\/uploads\/2019\/04\/2_TS-Passeio-Quadriciclo008_A-768x576.jpg 768w, https:\/\/www.travel3.com.br\/site\/wp-content\/uploads\/2019\/04\/2_TS-Passeio-Quadriciclo008_A-750x563.jpg 750w, https:\/\/www.travel3.com.br\/site\/wp-content\/uploads\/2019\/04\/2_TS-Passeio-Quadriciclo008_A-1140x855.jpg 1140w, https:\/\/www.travel3.com.br\/site\/wp-content\/uploads\/2019\/04\/2_TS-Passeio-Quadriciclo008_A.jpg 1920w\" sizes=\"auto, (max-width: 1024px) 100vw, 1024px\" \/><figcaption>Equipados, os Top Seller seguiram para o treinamento de seguran\u00e7a<\/figcaption><\/figure>\n\n\n\n<figure class=\"wp-block-image\"><img loading=\"lazy\" decoding=\"async\" width=\"1024\" height=\"768\" src=\"http:\/\/www.travel3.com.br\/site\/wp-content\/uploads\/2019\/04\/2_TS-Passeio-Quadriciclo005_A-1024x768.jpg\" alt=\"Top Seller Orinter passeio quadriciclo\" class=\"wp-image-21731\" srcset=\"https:\/\/www.travel3.com.br\/site\/wp-content\/uploads\/2019\/04\/2_TS-Passeio-Quadriciclo005_A-1024x768.jpg 1024w, https:\/\/www.travel3.com.br\/site\/wp-content\/uploads\/2019\/04\/2_TS-Passeio-Quadriciclo005_A-300x225.jpg 300w, https:\/\/www.travel3.com.br\/site\/wp-content\/uploads\/2019\/04\/2_TS-Passeio-Quadriciclo005_A-768x576.jpg 768w, https:\/\/www.travel3.com.br\/site\/wp-content\/uploads\/2019\/04\/2_TS-Passeio-Quadriciclo005_A-750x563.jpg 750w, https:\/\/www.travel3.com.br\/site\/wp-content\/uploads\/2019\/04\/2_TS-Passeio-Quadriciclo005_A-1140x855.jpg 1140w, https:\/\/www.travel3.com.br\/site\/wp-content\/uploads\/2019\/04\/2_TS-Passeio-Quadriciclo005_A.jpg 1920w\" sizes=\"auto, (max-width: 1024px) 100vw, 1024px\" \/><figcaption>Os Top Seller mascarados, prontos para o treinamento antes de pilotar os carrinhos e quadriciclos<\/figcaption><\/figure>\n\n\n\n<figure class=\"wp-block-image\"><img loading=\"lazy\" decoding=\"async\" width=\"1024\" height=\"768\" src=\"http:\/\/www.travel3.com.br\/site\/wp-content\/uploads\/2019\/04\/2_TS-Passeio-Quadriciclo009_A-1024x768.jpg\" alt=\"Top Seller Orinter passeio quadriciclo\" class=\"wp-image-21733\" srcset=\"https:\/\/www.travel3.com.br\/site\/wp-content\/uploads\/2019\/04\/2_TS-Passeio-Quadriciclo009_A-1024x768.jpg 1024w, https:\/\/www.travel3.com.br\/site\/wp-content\/uploads\/2019\/04\/2_TS-Passeio-Quadriciclo009_A-300x225.jpg 300w, https:\/\/www.travel3.com.br\/site\/wp-content\/uploads\/2019\/04\/2_TS-Passeio-Quadriciclo009_A-768x576.jpg 768w, https:\/\/www.travel3.com.br\/site\/wp-content\/uploads\/2019\/04\/2_TS-Passeio-Quadriciclo009_A-750x563.jpg 750w, https:\/\/www.travel3.com.br\/site\/wp-content\/uploads\/2019\/04\/2_TS-Passeio-Quadriciclo009_A-1140x855.jpg 1140w, https:\/\/www.travel3.com.br\/site\/wp-content\/uploads\/2019\/04\/2_TS-Passeio-Quadriciclo009_A.jpg 1920w\" sizes=\"auto, (max-width: 1024px) 100vw, 1024px\" \/><figcaption>Di\u00f3genes Guerra, da DGG + Bruno Buzo, da Home Travel + Guilherme Bastos, da Aureatur<\/figcaption><\/figure>\n\n\n\n<figure class=\"wp-block-image\"><img loading=\"lazy\" decoding=\"async\" width=\"1024\" height=\"768\" src=\"http:\/\/www.travel3.com.br\/site\/wp-content\/uploads\/2019\/04\/2_TS-Passeio-Quadriciclo016_A-1024x768.jpg\" alt=\"Top Seller Orinter passeio quadriciclo\" class=\"wp-image-21736\" srcset=\"https:\/\/www.travel3.com.br\/site\/wp-content\/uploads\/2019\/04\/2_TS-Passeio-Quadriciclo016_A-1024x768.jpg 1024w, https:\/\/www.travel3.com.br\/site\/wp-content\/uploads\/2019\/04\/2_TS-Passeio-Quadriciclo016_A-300x225.jpg 300w, https:\/\/www.travel3.com.br\/site\/wp-content\/uploads\/2019\/04\/2_TS-Passeio-Quadriciclo016_A-768x576.jpg 768w, https:\/\/www.travel3.com.br\/site\/wp-content\/uploads\/2019\/04\/2_TS-Passeio-Quadriciclo016_A-750x563.jpg 750w, https:\/\/www.travel3.com.br\/site\/wp-content\/uploads\/2019\/04\/2_TS-Passeio-Quadriciclo016_A-1140x855.jpg 1140w, https:\/\/www.travel3.com.br\/site\/wp-content\/uploads\/2019\/04\/2_TS-Passeio-Quadriciclo016_A.jpg 1920w\" sizes=\"auto, (max-width: 1024px) 100vw, 1024px\" \/><figcaption>Al\u00e9m dos quadriciclos, mini-buggies eram tamb\u00e9m op\u00e7\u00e3o para percorrer o deserto<\/figcaption><\/figure>\n\n\n\n<figure class=\"wp-block-image\"><img loading=\"lazy\" decoding=\"async\" width=\"1024\" height=\"768\" src=\"http:\/\/www.travel3.com.br\/site\/wp-content\/uploads\/2019\/04\/2_TS-Passeio-Quadriciclo013_A-1024x768.jpg\" alt=\"Top Seller Orinter passeio quadriciclo\" class=\"wp-image-21734\" srcset=\"https:\/\/www.travel3.com.br\/site\/wp-content\/uploads\/2019\/04\/2_TS-Passeio-Quadriciclo013_A-1024x768.jpg 1024w, https:\/\/www.travel3.com.br\/site\/wp-content\/uploads\/2019\/04\/2_TS-Passeio-Quadriciclo013_A-300x225.jpg 300w, https:\/\/www.travel3.com.br\/site\/wp-content\/uploads\/2019\/04\/2_TS-Passeio-Quadriciclo013_A-768x576.jpg 768w, https:\/\/www.travel3.com.br\/site\/wp-content\/uploads\/2019\/04\/2_TS-Passeio-Quadriciclo013_A-750x563.jpg 750w, https:\/\/www.travel3.com.br\/site\/wp-content\/uploads\/2019\/04\/2_TS-Passeio-Quadriciclo013_A-1140x855.jpg 1140w, https:\/\/www.travel3.com.br\/site\/wp-content\/uploads\/2019\/04\/2_TS-Passeio-Quadriciclo013_A.jpg 1920w\" sizes=\"auto, (max-width: 1024px) 100vw, 1024px\" \/><figcaption>S\u00e3o voc\u00eas, Amanda e a Milena Arantes, da Mania de Viagens?<\/figcaption><\/figure>\n\n\n\n<figure class=\"wp-block-image\"><img loading=\"lazy\" decoding=\"async\" width=\"1024\" height=\"768\" src=\"http:\/\/www.travel3.com.br\/site\/wp-content\/uploads\/2019\/04\/2_TS-Passeio-Quadriciclo020_A-1024x768.jpg\" alt=\"Top Seller Orinter passeio quadriciclo\" class=\"wp-image-21737\" srcset=\"https:\/\/www.travel3.com.br\/site\/wp-content\/uploads\/2019\/04\/2_TS-Passeio-Quadriciclo020_A-1024x768.jpg 1024w, https:\/\/www.travel3.com.br\/site\/wp-content\/uploads\/2019\/04\/2_TS-Passeio-Quadriciclo020_A-300x225.jpg 300w, https:\/\/www.travel3.com.br\/site\/wp-content\/uploads\/2019\/04\/2_TS-Passeio-Quadriciclo020_A-768x576.jpg 768w, https:\/\/www.travel3.com.br\/site\/wp-content\/uploads\/2019\/04\/2_TS-Passeio-Quadriciclo020_A-750x563.jpg 750w, https:\/\/www.travel3.com.br\/site\/wp-content\/uploads\/2019\/04\/2_TS-Passeio-Quadriciclo020_A-1140x855.jpg 1140w, https:\/\/www.travel3.com.br\/site\/wp-content\/uploads\/2019\/04\/2_TS-Passeio-Quadriciclo020_A.jpg 1920w\" sizes=\"auto, (max-width: 1024px) 100vw, 1024px\" \/><figcaption>A turma ficou atenta \u00e0s instru\u00e7\u00f5es de como pilotar os ve\u00edculos<\/figcaption><\/figure>\n\n\n\n<figure class=\"wp-block-image\"><img loading=\"lazy\" decoding=\"async\" width=\"1024\" height=\"768\" src=\"http:\/\/www.travel3.com.br\/site\/wp-content\/uploads\/2019\/04\/2_TS-Passeio-Quadriciclo022_A-1024x768.jpg\" alt=\"Top Seller Orinter passeio quadriciclo\" class=\"wp-image-21738\" srcset=\"https:\/\/www.travel3.com.br\/site\/wp-content\/uploads\/2019\/04\/2_TS-Passeio-Quadriciclo022_A-1024x768.jpg 1024w, https:\/\/www.travel3.com.br\/site\/wp-content\/uploads\/2019\/04\/2_TS-Passeio-Quadriciclo022_A-300x225.jpg 300w, https:\/\/www.travel3.com.br\/site\/wp-content\/uploads\/2019\/04\/2_TS-Passeio-Quadriciclo022_A-768x576.jpg 768w, https:\/\/www.travel3.com.br\/site\/wp-content\/uploads\/2019\/04\/2_TS-Passeio-Quadriciclo022_A-750x563.jpg 750w, https:\/\/www.travel3.com.br\/site\/wp-content\/uploads\/2019\/04\/2_TS-Passeio-Quadriciclo022_A-1140x855.jpg 1140w, https:\/\/www.travel3.com.br\/site\/wp-content\/uploads\/2019\/04\/2_TS-Passeio-Quadriciclo022_A.jpg 1920w\" sizes=\"auto, (max-width: 1024px) 100vw, 1024px\" \/><figcaption>Domingos e Adriana Medeiros, da Adriana Medeiros Viagens<\/figcaption><\/figure>\n\n\n\n<figure class=\"wp-block-image\"><img loading=\"lazy\" decoding=\"async\" width=\"1024\" height=\"768\" src=\"http:\/\/www.travel3.com.br\/site\/wp-content\/uploads\/2019\/04\/2_TS-Passeio-Quadriciclo025_A-1024x768.jpg\" alt=\"Top Seller Orinter passeio quadriciclo\" class=\"wp-image-21739\" srcset=\"https:\/\/www.travel3.com.br\/site\/wp-content\/uploads\/2019\/04\/2_TS-Passeio-Quadriciclo025_A-1024x768.jpg 1024w, https:\/\/www.travel3.com.br\/site\/wp-content\/uploads\/2019\/04\/2_TS-Passeio-Quadriciclo025_A-300x225.jpg 300w, https:\/\/www.travel3.com.br\/site\/wp-content\/uploads\/2019\/04\/2_TS-Passeio-Quadriciclo025_A-768x576.jpg 768w, https:\/\/www.travel3.com.br\/site\/wp-content\/uploads\/2019\/04\/2_TS-Passeio-Quadriciclo025_A-750x563.jpg 750w, https:\/\/www.travel3.com.br\/site\/wp-content\/uploads\/2019\/04\/2_TS-Passeio-Quadriciclo025_A-1140x855.jpg 1140w, https:\/\/www.travel3.com.br\/site\/wp-content\/uploads\/2019\/04\/2_TS-Passeio-Quadriciclo025_A.jpg 1920w\" sizes=\"auto, (max-width: 1024px) 100vw, 1024px\" \/><figcaption>Tudo pronto pessoal?<\/figcaption><\/figure>\n\n\n\n<figure class=\"wp-block-image\"><img loading=\"lazy\" decoding=\"async\" width=\"1024\" height=\"768\" src=\"http:\/\/www.travel3.com.br\/site\/wp-content\/uploads\/2019\/04\/2_TS-Passeio-Quadriciclo026_A-1024x768.jpg\" alt=\"Top Seller Orinter passeio quadriciclo\" class=\"wp-image-21740\" srcset=\"https:\/\/www.travel3.com.br\/site\/wp-content\/uploads\/2019\/04\/2_TS-Passeio-Quadriciclo026_A-1024x768.jpg 1024w, https:\/\/www.travel3.com.br\/site\/wp-content\/uploads\/2019\/04\/2_TS-Passeio-Quadriciclo026_A-300x225.jpg 300w, https:\/\/www.travel3.com.br\/site\/wp-content\/uploads\/2019\/04\/2_TS-Passeio-Quadriciclo026_A-768x576.jpg 768w, https:\/\/www.travel3.com.br\/site\/wp-content\/uploads\/2019\/04\/2_TS-Passeio-Quadriciclo026_A-750x563.jpg 750w, https:\/\/www.travel3.com.br\/site\/wp-content\/uploads\/2019\/04\/2_TS-Passeio-Quadriciclo026_A-1140x855.jpg 1140w, https:\/\/www.travel3.com.br\/site\/wp-content\/uploads\/2019\/04\/2_TS-Passeio-Quadriciclo026_A.jpg 1920w\" sizes=\"auto, (max-width: 1024px) 100vw, 1024px\" \/><figcaption>Preparando para explorar o deserto de Los Cabos<\/figcaption><\/figure>\n\n\n\n<figure class=\"wp-block-image\"><img loading=\"lazy\" decoding=\"async\" width=\"1024\" height=\"768\" src=\"http:\/\/www.travel3.com.br\/site\/wp-content\/uploads\/2019\/04\/2_TS-Passeio-Quadriciclo034_A-1024x768.jpg\" alt=\"Top Seller Orinter passeio quadriciclo\" class=\"wp-image-21741\" srcset=\"https:\/\/www.travel3.com.br\/site\/wp-content\/uploads\/2019\/04\/2_TS-Passeio-Quadriciclo034_A-1024x768.jpg 1024w, https:\/\/www.travel3.com.br\/site\/wp-content\/uploads\/2019\/04\/2_TS-Passeio-Quadriciclo034_A-300x225.jpg 300w, https:\/\/www.travel3.com.br\/site\/wp-content\/uploads\/2019\/04\/2_TS-Passeio-Quadriciclo034_A-768x576.jpg 768w, https:\/\/www.travel3.com.br\/site\/wp-content\/uploads\/2019\/04\/2_TS-Passeio-Quadriciclo034_A-750x563.jpg 750w, https:\/\/www.travel3.com.br\/site\/wp-content\/uploads\/2019\/04\/2_TS-Passeio-Quadriciclo034_A-1140x855.jpg 1140w, https:\/\/www.travel3.com.br\/site\/wp-content\/uploads\/2019\/04\/2_TS-Passeio-Quadriciclo034_A.jpg 1920w\" sizes=\"auto, (max-width: 1024px) 100vw, 1024px\" \/><figcaption>Pausa para apreciar a paisagem e fazer muitas fotos, \u00e9 claro<\/figcaption><\/figure>\n\n\n\n<figure class=\"wp-block-image\"><img loading=\"lazy\" decoding=\"async\" width=\"1024\" height=\"768\" src=\"http:\/\/www.travel3.com.br\/site\/wp-content\/uploads\/2019\/04\/2_TS-Passeio-Quadriciclo037_A-1024x768.jpg\" alt=\"Top Seller Orinter passeio quadriciclo\" class=\"wp-image-21743\" srcset=\"https:\/\/www.travel3.com.br\/site\/wp-content\/uploads\/2019\/04\/2_TS-Passeio-Quadriciclo037_A-1024x768.jpg 1024w, https:\/\/www.travel3.com.br\/site\/wp-content\/uploads\/2019\/04\/2_TS-Passeio-Quadriciclo037_A-300x225.jpg 300w, https:\/\/www.travel3.com.br\/site\/wp-content\/uploads\/2019\/04\/2_TS-Passeio-Quadriciclo037_A-768x576.jpg 768w, https:\/\/www.travel3.com.br\/site\/wp-content\/uploads\/2019\/04\/2_TS-Passeio-Quadriciclo037_A-750x563.jpg 750w, https:\/\/www.travel3.com.br\/site\/wp-content\/uploads\/2019\/04\/2_TS-Passeio-Quadriciclo037_A-1140x855.jpg 1140w, https:\/\/www.travel3.com.br\/site\/wp-content\/uploads\/2019\/04\/2_TS-Passeio-Quadriciclo037_A.jpg 1920w\" sizes=\"auto, (max-width: 1024px) 100vw, 1024px\" \/><figcaption>Ana Fermo, da DLA Viagens<\/figcaption><\/figure>\n\n\n\n<p> <\/p>\n\n\n\n<figure class=\"wp-block-image\"><img loading=\"lazy\" decoding=\"async\" width=\"1024\" height=\"768\" src=\"http:\/\/www.travel3.com.br\/site\/wp-content\/uploads\/2019\/04\/2_TS-Passeio-Quadriciclo036_A-1024x768.jpg\" alt=\"Top Seller Orinter passeio quadriciclo\" class=\"wp-image-21742\" srcset=\"https:\/\/www.travel3.com.br\/site\/wp-content\/uploads\/2019\/04\/2_TS-Passeio-Quadriciclo036_A-1024x768.jpg 1024w, https:\/\/www.travel3.com.br\/site\/wp-content\/uploads\/2019\/04\/2_TS-Passeio-Quadriciclo036_A-300x225.jpg 300w, https:\/\/www.travel3.com.br\/site\/wp-content\/uploads\/2019\/04\/2_TS-Passeio-Quadriciclo036_A-768x576.jpg 768w, https:\/\/www.travel3.com.br\/site\/wp-content\/uploads\/2019\/04\/2_TS-Passeio-Quadriciclo036_A-750x563.jpg 750w, https:\/\/www.travel3.com.br\/site\/wp-content\/uploads\/2019\/04\/2_TS-Passeio-Quadriciclo036_A-1140x855.jpg 1140w, https:\/\/www.travel3.com.br\/site\/wp-content\/uploads\/2019\/04\/2_TS-Passeio-Quadriciclo036_A.jpg 1920w\" sizes=\"auto, (max-width: 1024px) 100vw, 1024px\" \/><figcaption>Mar\u00edlia Araujo, da Uberatur <\/figcaption><\/figure>\n\n\n\n<figure class=\"wp-block-image\"><img loading=\"lazy\" decoding=\"async\" width=\"1024\" height=\"768\" src=\"http:\/\/www.travel3.com.br\/site\/wp-content\/uploads\/2019\/04\/2_TS-Passeio-Quadriciclo044_A-1024x768.jpg\" alt=\"Top Seller Orinter passeio quadriciclo\" class=\"wp-image-21746\" srcset=\"https:\/\/www.travel3.com.br\/site\/wp-content\/uploads\/2019\/04\/2_TS-Passeio-Quadriciclo044_A-1024x768.jpg 1024w, https:\/\/www.travel3.com.br\/site\/wp-content\/uploads\/2019\/04\/2_TS-Passeio-Quadriciclo044_A-300x225.jpg 300w, https:\/\/www.travel3.com.br\/site\/wp-content\/uploads\/2019\/04\/2_TS-Passeio-Quadriciclo044_A-768x576.jpg 768w, https:\/\/www.travel3.com.br\/site\/wp-content\/uploads\/2019\/04\/2_TS-Passeio-Quadriciclo044_A-750x563.jpg 750w, https:\/\/www.travel3.com.br\/site\/wp-content\/uploads\/2019\/04\/2_TS-Passeio-Quadriciclo044_A-1140x855.jpg 1140w, https:\/\/www.travel3.com.br\/site\/wp-content\/uploads\/2019\/04\/2_TS-Passeio-Quadriciclo044_A.jpg 1920w\" sizes=\"auto, (max-width: 1024px) 100vw, 1024px\" \/><figcaption>Neila Giacometti, da Neila Tur<\/figcaption><\/figure>\n\n\n\n<figure class=\"wp-block-image\"><img loading=\"lazy\" decoding=\"async\" width=\"1024\" height=\"768\" src=\"http:\/\/www.travel3.com.br\/site\/wp-content\/uploads\/2019\/04\/2_TS-Passeio-Quadriciclo043_A-1024x768.jpg\" alt=\"Top Seller Orinter passeio quadriciclo\" class=\"wp-image-21745\" srcset=\"https:\/\/www.travel3.com.br\/site\/wp-content\/uploads\/2019\/04\/2_TS-Passeio-Quadriciclo043_A-1024x768.jpg 1024w, https:\/\/www.travel3.com.br\/site\/wp-content\/uploads\/2019\/04\/2_TS-Passeio-Quadriciclo043_A-300x225.jpg 300w, https:\/\/www.travel3.com.br\/site\/wp-content\/uploads\/2019\/04\/2_TS-Passeio-Quadriciclo043_A-768x576.jpg 768w, https:\/\/www.travel3.com.br\/site\/wp-content\/uploads\/2019\/04\/2_TS-Passeio-Quadriciclo043_A-750x563.jpg 750w, https:\/\/www.travel3.com.br\/site\/wp-content\/uploads\/2019\/04\/2_TS-Passeio-Quadriciclo043_A-1140x855.jpg 1140w, https:\/\/www.travel3.com.br\/site\/wp-content\/uploads\/2019\/04\/2_TS-Passeio-Quadriciclo043_A.jpg 1920w\" sizes=\"auto, (max-width: 1024px) 100vw, 1024px\" \/><figcaption>Carlinhos, da Trip Time, de Fortaleza da um Oi!, para a Travel3<\/figcaption><\/figure>\n\n\n\n<figure class=\"wp-block-image\"><img loading=\"lazy\" decoding=\"async\" width=\"1024\" height=\"768\" src=\"http:\/\/www.travel3.com.br\/site\/wp-content\/uploads\/2019\/04\/2_TS-Passeio-Quadriciclo045_A-1024x768.jpg\" alt=\"Top Seller Orinter passeio quadriciclo\" class=\"wp-image-21747\" srcset=\"https:\/\/www.travel3.com.br\/site\/wp-content\/uploads\/2019\/04\/2_TS-Passeio-Quadriciclo045_A-1024x768.jpg 1024w, https:\/\/www.travel3.com.br\/site\/wp-content\/uploads\/2019\/04\/2_TS-Passeio-Quadriciclo045_A-300x225.jpg 300w, https:\/\/www.travel3.com.br\/site\/wp-content\/uploads\/2019\/04\/2_TS-Passeio-Quadriciclo045_A-768x576.jpg 768w, https:\/\/www.travel3.com.br\/site\/wp-content\/uploads\/2019\/04\/2_TS-Passeio-Quadriciclo045_A-750x563.jpg 750w, https:\/\/www.travel3.com.br\/site\/wp-content\/uploads\/2019\/04\/2_TS-Passeio-Quadriciclo045_A-1140x855.jpg 1140w, https:\/\/www.travel3.com.br\/site\/wp-content\/uploads\/2019\/04\/2_TS-Passeio-Quadriciclo045_A.jpg 1920w\" sizes=\"auto, (max-width: 1024px) 100vw, 1024px\" \/><figcaption>Di\u00f3genes Guerra apreciando a paisagem espetacular<\/figcaption><\/figure>\n\n\n\n<p>Ao final do passeio os Top Seller foram brindados com o coquetel nas areias do Pac\u00edfico, para finalizar a manh\u00e3 de aventura.<\/p>\n\n\n\n<ul class=\"wp-block-gallery columns-3 is-cropped wp-block-gallery-2 is-layout-flex wp-block-gallery-is-layout-flex\"><li class=\"blocks-gallery-item\"><figure><img loading=\"lazy\" decoding=\"async\" width=\"1024\" height=\"768\" src=\"http:\/\/www.travel3.com.br\/site\/wp-content\/uploads\/2019\/04\/2_TS-Passeio-Quadriciclo069_A-1024x768.jpg\" alt=\"Top Seller Orinter passeio quadriciclo\" data-id=\"21751\" data-link=\"http:\/\/www.travel3.com.br\/2_ts-passeio-quadriciclo069_a\/\" class=\"wp-image-21751\" srcset=\"https:\/\/www.travel3.com.br\/site\/wp-content\/uploads\/2019\/04\/2_TS-Passeio-Quadriciclo069_A-1024x768.jpg 1024w, https:\/\/www.travel3.com.br\/site\/wp-content\/uploads\/2019\/04\/2_TS-Passeio-Quadriciclo069_A-300x225.jpg 300w, https:\/\/www.travel3.com.br\/site\/wp-content\/uploads\/2019\/04\/2_TS-Passeio-Quadriciclo069_A-768x576.jpg 768w, https:\/\/www.travel3.com.br\/site\/wp-content\/uploads\/2019\/04\/2_TS-Passeio-Quadriciclo069_A-750x563.jpg 750w, https:\/\/www.travel3.com.br\/site\/wp-content\/uploads\/2019\/04\/2_TS-Passeio-Quadriciclo069_A-1140x855.jpg 1140w, https:\/\/www.travel3.com.br\/site\/wp-content\/uploads\/2019\/04\/2_TS-Passeio-Quadriciclo069_A.jpg 1920w\" sizes=\"auto, (max-width: 1024px) 100vw, 1024px\" \/><\/figure><\/li><li class=\"blocks-gallery-item\"><figure><img loading=\"lazy\" decoding=\"async\" width=\"1024\" height=\"768\" src=\"http:\/\/www.travel3.com.br\/site\/wp-content\/uploads\/2019\/04\/2_TS-Passeio-Quadriciclo067_A-1024x768.jpg\" alt=\"Top Seller Orinter passeio quadriciclo\" data-id=\"21750\" data-link=\"http:\/\/www.travel3.com.br\/2_ts-passeio-quadriciclo067_a\/\" class=\"wp-image-21750\" srcset=\"https:\/\/www.travel3.com.br\/site\/wp-content\/uploads\/2019\/04\/2_TS-Passeio-Quadriciclo067_A-1024x768.jpg 1024w, https:\/\/www.travel3.com.br\/site\/wp-content\/uploads\/2019\/04\/2_TS-Passeio-Quadriciclo067_A-300x225.jpg 300w, https:\/\/www.travel3.com.br\/site\/wp-content\/uploads\/2019\/04\/2_TS-Passeio-Quadriciclo067_A-768x576.jpg 768w, https:\/\/www.travel3.com.br\/site\/wp-content\/uploads\/2019\/04\/2_TS-Passeio-Quadriciclo067_A-750x563.jpg 750w, https:\/\/www.travel3.com.br\/site\/wp-content\/uploads\/2019\/04\/2_TS-Passeio-Quadriciclo067_A-1140x855.jpg 1140w, https:\/\/www.travel3.com.br\/site\/wp-content\/uploads\/2019\/04\/2_TS-Passeio-Quadriciclo067_A.jpg 1920w\" sizes=\"auto, (max-width: 1024px) 100vw, 1024px\" \/><\/figure><\/li><li class=\"blocks-gallery-item\"><figure><img loading=\"lazy\" decoding=\"async\" width=\"1024\" height=\"768\" src=\"http:\/\/www.travel3.com.br\/site\/wp-content\/uploads\/2019\/04\/2_TS-Passeio-Quadriciclo064_A-1024x768.jpg\" alt=\"Top Seller Orinter passeio quadriciclo\" data-id=\"21749\" data-link=\"http:\/\/www.travel3.com.br\/2_ts-passeio-quadriciclo064_a\/\" class=\"wp-image-21749\" srcset=\"https:\/\/www.travel3.com.br\/site\/wp-content\/uploads\/2019\/04\/2_TS-Passeio-Quadriciclo064_A-1024x768.jpg 1024w, https:\/\/www.travel3.com.br\/site\/wp-content\/uploads\/2019\/04\/2_TS-Passeio-Quadriciclo064_A-300x225.jpg 300w, https:\/\/www.travel3.com.br\/site\/wp-content\/uploads\/2019\/04\/2_TS-Passeio-Quadriciclo064_A-768x576.jpg 768w, https:\/\/www.travel3.com.br\/site\/wp-content\/uploads\/2019\/04\/2_TS-Passeio-Quadriciclo064_A-750x563.jpg 750w, https:\/\/www.travel3.com.br\/site\/wp-content\/uploads\/2019\/04\/2_TS-Passeio-Quadriciclo064_A-1140x855.jpg 1140w, https:\/\/www.travel3.com.br\/site\/wp-content\/uploads\/2019\/04\/2_TS-Passeio-Quadriciclo064_A.jpg 1920w\" sizes=\"auto, (max-width: 1024px) 100vw, 1024px\" \/><\/figure><\/li><li class=\"blocks-gallery-item\"><figure><img loading=\"lazy\" decoding=\"async\" width=\"1024\" height=\"768\" src=\"http:\/\/www.travel3.com.br\/site\/wp-content\/uploads\/2019\/04\/2_TS-Passeio-Quadriciclo074_A-1024x768.jpg\" alt=\"Top Seller Orinter passeio quadriciclo\" data-id=\"21752\" data-link=\"http:\/\/www.travel3.com.br\/2_ts-passeio-quadriciclo074_a\/\" class=\"wp-image-21752\" srcset=\"https:\/\/www.travel3.com.br\/site\/wp-content\/uploads\/2019\/04\/2_TS-Passeio-Quadriciclo074_A-1024x768.jpg 1024w, https:\/\/www.travel3.com.br\/site\/wp-content\/uploads\/2019\/04\/2_TS-Passeio-Quadriciclo074_A-300x225.jpg 300w, https:\/\/www.travel3.com.br\/site\/wp-content\/uploads\/2019\/04\/2_TS-Passeio-Quadriciclo074_A-768x576.jpg 768w, https:\/\/www.travel3.com.br\/site\/wp-content\/uploads\/2019\/04\/2_TS-Passeio-Quadriciclo074_A-750x563.jpg 750w, https:\/\/www.travel3.com.br\/site\/wp-content\/uploads\/2019\/04\/2_TS-Passeio-Quadriciclo074_A-1140x855.jpg 1140w, https:\/\/www.travel3.com.br\/site\/wp-content\/uploads\/2019\/04\/2_TS-Passeio-Quadriciclo074_A.jpg 1920w\" sizes=\"auto, (max-width: 1024px) 100vw, 1024px\" \/><\/figure><\/li><\/ul>\n\n\n\n<h1 class=\"wp-block-heading\" style=\"text-align:center\">Not\u00edcia Relacionada<\/h1>\n\n\n\n<figure class=\"wp-block-embed is-type-rich is-provider-travel-3\"><div class=\"wp-block-embed__wrapper\">\n<blockquote class=\"wp-embedded-content\" data-secret=\"ae89g9fa1H\"><a href=\"https:\/\/www.travel3.com.br\/acontece-no-turismo\/eventos-e-feiras\/premiacao\/\">Veja a noite de premia\u00e7\u00e3o e conhe\u00e7a os Top Seller Orinter 2018<\/a><\/blockquote><iframe loading=\"lazy\" class=\"wp-embedded-content\" sandbox=\"allow-scripts\" security=\"restricted\" style=\"position: absolute; visibility: hidden;\" title=\"&#8220;Veja a noite de premia\u00e7\u00e3o e conhe\u00e7a os Top Seller Orinter 2018&#8221; &#8212; Travel3\" src=\"https:\/\/www.travel3.com.br\/acontece-no-turismo\/eventos-e-feiras\/premiacao\/embed\/#?secret=uV7Bws7b3X#?secret=ae89g9fa1H\" data-secret=\"ae89g9fa1H\" width=\"500\" height=\"282\" frameborder=\"0\" marginwidth=\"0\" marginheight=\"0\" scrolling=\"no\"><\/iframe>\n<\/div><\/figure>\n\n\n\n<p>&nbsp;&nbsp;&nbsp;&nbsp;&nbsp;&nbsp;&nbsp;&nbsp; <\/p>\n","protected":false},"excerpt":{"rendered":"<p>Passeio de barco para ver o famoso Arco de San Lucas + tour de quadriciclo pelo deserto mostraram a beleza da regi\u00e3o Como nas edi\u00e7\u00f5es anteriores, o Top Seller Orinter 2018 se transformou em um evento inesquec\u00edvel e quem participou j\u00e1 est\u00e1 com saudades. A programa\u00e7\u00e3o foi rica e a opera\u00e7\u00e3o impec\u00e1vel, mostrando a qualidade [&hellip;]<\/p>\n","protected":false},"author":4,"featured_media":21744,"comment_status":"open","ping_status":"open","sticky":false,"template":"","format":"standard","meta":{"footnotes":""},"categories":[969,226,5,4],"tags":[1359,1379,262,838,1872],"class_list":["post-21720","post","type-post","status-publish","format-standard","has-post-thumbnail","hentry","category-acontece-no-turismo","category-destaque","category-eventos-e-feiras","category-operadoras","tag-le-blanc-los-cabos","tag-los-cabos","tag-orinter","tag-palace-resorts","tag-top-seller-orinter"],"yoast_head":"<!-- This site is optimized with the Yoast SEO plugin v26.2 - https:\/\/yoast.com\/wordpress\/plugins\/seo\/ -->\n<title>Melhores momentos Top Seller Orinter - Festa em terra no mar e no ar -<\/title>\n<meta name=\"description\" content=\"Melhores momentos Top Seller Orinter Tour &amp; Travel - Festa em terra, no mar e no ar surpreendem os agentes de viagem que fazem capacita\u00e7\u00e3o in loco\" \/>\n<meta name=\"robots\" content=\"index, follow, max-snippet:-1, max-image-preview:large, max-video-preview:-1\" \/>\n<link rel=\"canonical\" href=\"https:\/\/www.travel3.com.br\/site\/acontece-no-turismo\/eventos-e-feiras\/melhores-momentos-top-seller\/\" \/>\n<meta property=\"og:locale\" content=\"pt_BR\" \/>\n<meta property=\"og:type\" content=\"article\" \/>\n<meta property=\"og:title\" content=\"Melhores momentos Top Seller Orinter - Festa em terra no mar e no ar -\" \/>\n<meta property=\"og:description\" content=\"Melhores momentos Top Seller Orinter Tour &amp; Travel - Festa em terra, no mar e no ar surpreendem os agentes de viagem que fazem capacita\u00e7\u00e3o in loco\" \/>\n<meta property=\"og:url\" content=\"https:\/\/www.travel3.com.br\/site\/acontece-no-turismo\/eventos-e-feiras\/melhores-momentos-top-seller\/\" \/>\n<meta property=\"og:site_name\" content=\"Travel3\" \/>\n<meta property=\"article:publisher\" content=\"https:\/\/www.facebook.com\/travel3media\/\" \/>\n<meta property=\"article:published_time\" content=\"2019-04-12T15:33:31+00:00\" \/>\n<meta property=\"article:modified_time\" content=\"2019-04-12T15:49:34+00:00\" \/>\n<meta property=\"og:image\" content=\"https:\/\/www.travel3.com.br\/site\/wp-content\/uploads\/2019\/04\/2_TS-Passeio-Quadriciclo042_A.jpg\" \/>\n\t<meta property=\"og:image:width\" content=\"1920\" \/>\n\t<meta property=\"og:image:height\" content=\"1440\" \/>\n\t<meta property=\"og:image:type\" content=\"image\/jpeg\" \/>\n<meta name=\"author\" content=\"Claudia Tonaco\" \/>\n<meta name=\"twitter:card\" content=\"summary_large_image\" \/>\n<meta name=\"twitter:label1\" content=\"Escrito por\" \/>\n\t<meta name=\"twitter:data1\" content=\"Claudia Tonaco\" \/>\n\t<meta name=\"twitter:label2\" content=\"Est. tempo de leitura\" \/>\n\t<meta name=\"twitter:data2\" content=\"3 minutos\" \/>\n<script type=\"application\/ld+json\" class=\"yoast-schema-graph\">{\"@context\":\"https:\/\/schema.org\",\"@graph\":[{\"@type\":\"Article\",\"@id\":\"https:\/\/www.travel3.com.br\/site\/acontece-no-turismo\/eventos-e-feiras\/melhores-momentos-top-seller\/#article\",\"isPartOf\":{\"@id\":\"https:\/\/www.travel3.com.br\/site\/acontece-no-turismo\/eventos-e-feiras\/melhores-momentos-top-seller\/\"},\"author\":{\"name\":\"Claudia Tonaco\",\"@id\":\"https:\/\/www.travel3.com.br\/site\/#\/schema\/person\/ad24a6ccba88dcd54877f3d2fb76c605\"},\"headline\":\"Melhores momentos Top Seller Orinter &#8211; Festa em terra no mar e no ar\",\"datePublished\":\"2019-04-12T15:33:31+00:00\",\"dateModified\":\"2019-04-12T15:49:34+00:00\",\"mainEntityOfPage\":{\"@id\":\"https:\/\/www.travel3.com.br\/site\/acontece-no-turismo\/eventos-e-feiras\/melhores-momentos-top-seller\/\"},\"wordCount\":578,\"commentCount\":0,\"publisher\":{\"@id\":\"https:\/\/www.travel3.com.br\/site\/#organization\"},\"image\":{\"@id\":\"https:\/\/www.travel3.com.br\/site\/acontece-no-turismo\/eventos-e-feiras\/melhores-momentos-top-seller\/#primaryimage\"},\"thumbnailUrl\":\"https:\/\/www.travel3.com.br\/site\/wp-content\/uploads\/2019\/04\/2_TS-Passeio-Quadriciclo042_A.jpg\",\"keywords\":[\"Le Blanc Los Cabos\",\"Los Cabos\",\"Orinter\",\"Palace Resorts\",\"Top Seller Orinter\"],\"articleSection\":[\"Acontece no Turismo\",\"Destaque\",\"Eventos e Feiras\",\"Operadoras\"],\"inLanguage\":\"pt-BR\",\"potentialAction\":[{\"@type\":\"CommentAction\",\"name\":\"Comment\",\"target\":[\"https:\/\/www.travel3.com.br\/site\/acontece-no-turismo\/eventos-e-feiras\/melhores-momentos-top-seller\/#respond\"]}]},{\"@type\":\"WebPage\",\"@id\":\"https:\/\/www.travel3.com.br\/site\/acontece-no-turismo\/eventos-e-feiras\/melhores-momentos-top-seller\/\",\"url\":\"https:\/\/www.travel3.com.br\/site\/acontece-no-turismo\/eventos-e-feiras\/melhores-momentos-top-seller\/\",\"name\":\"Melhores momentos Top Seller Orinter - Festa em terra no mar e no ar -\",\"isPartOf\":{\"@id\":\"https:\/\/www.travel3.com.br\/site\/#website\"},\"primaryImageOfPage\":{\"@id\":\"https:\/\/www.travel3.com.br\/site\/acontece-no-turismo\/eventos-e-feiras\/melhores-momentos-top-seller\/#primaryimage\"},\"image\":{\"@id\":\"https:\/\/www.travel3.com.br\/site\/acontece-no-turismo\/eventos-e-feiras\/melhores-momentos-top-seller\/#primaryimage\"},\"thumbnailUrl\":\"https:\/\/www.travel3.com.br\/site\/wp-content\/uploads\/2019\/04\/2_TS-Passeio-Quadriciclo042_A.jpg\",\"datePublished\":\"2019-04-12T15:33:31+00:00\",\"dateModified\":\"2019-04-12T15:49:34+00:00\",\"description\":\"Melhores momentos Top Seller Orinter Tour & Travel - Festa em terra, no mar e no ar surpreendem os agentes de viagem que fazem capacita\u00e7\u00e3o in loco\",\"breadcrumb\":{\"@id\":\"https:\/\/www.travel3.com.br\/site\/acontece-no-turismo\/eventos-e-feiras\/melhores-momentos-top-seller\/#breadcrumb\"},\"inLanguage\":\"pt-BR\",\"potentialAction\":[{\"@type\":\"ReadAction\",\"target\":[\"https:\/\/www.travel3.com.br\/site\/acontece-no-turismo\/eventos-e-feiras\/melhores-momentos-top-seller\/\"]}]},{\"@type\":\"ImageObject\",\"inLanguage\":\"pt-BR\",\"@id\":\"https:\/\/www.travel3.com.br\/site\/acontece-no-turismo\/eventos-e-feiras\/melhores-momentos-top-seller\/#primaryimage\",\"url\":\"https:\/\/www.travel3.com.br\/site\/wp-content\/uploads\/2019\/04\/2_TS-Passeio-Quadriciclo042_A.jpg\",\"contentUrl\":\"https:\/\/www.travel3.com.br\/site\/wp-content\/uploads\/2019\/04\/2_TS-Passeio-Quadriciclo042_A.jpg\",\"width\":1920,\"height\":1440,\"caption\":\"Adrenalina no ar e alegria a mil na hora da foto\"},{\"@type\":\"BreadcrumbList\",\"@id\":\"https:\/\/www.travel3.com.br\/site\/acontece-no-turismo\/eventos-e-feiras\/melhores-momentos-top-seller\/#breadcrumb\",\"itemListElement\":[{\"@type\":\"ListItem\",\"position\":1,\"name\":\"In\u00edcio\",\"item\":\"https:\/\/www.travel3.com.br\/site\/\"},{\"@type\":\"ListItem\",\"position\":2,\"name\":\"Melhores momentos Top Seller Orinter &#8211; Festa em terra no mar e no ar\"}]},{\"@type\":\"WebSite\",\"@id\":\"https:\/\/www.travel3.com.br\/site\/#website\",\"url\":\"https:\/\/www.travel3.com.br\/site\/\",\"name\":\"Travel3\",\"description\":\"Lazer + Neg&oacute;cios + Aventura\",\"publisher\":{\"@id\":\"https:\/\/www.travel3.com.br\/site\/#organization\"},\"potentialAction\":[{\"@type\":\"SearchAction\",\"target\":{\"@type\":\"EntryPoint\",\"urlTemplate\":\"https:\/\/www.travel3.com.br\/site\/?s={search_term_string}\"},\"query-input\":{\"@type\":\"PropertyValueSpecification\",\"valueRequired\":true,\"valueName\":\"search_term_string\"}}],\"inLanguage\":\"pt-BR\"},{\"@type\":\"Organization\",\"@id\":\"https:\/\/www.travel3.com.br\/site\/#organization\",\"name\":\"Travel3\",\"url\":\"https:\/\/www.travel3.com.br\/site\/\",\"logo\":{\"@type\":\"ImageObject\",\"inLanguage\":\"pt-BR\",\"@id\":\"https:\/\/www.travel3.com.br\/site\/#\/schema\/logo\/image\/\",\"url\":\"https:\/\/www.travel3.com.br\/site\/wp-content\/uploads\/2020\/01\/logo-travel3-2020.png\",\"contentUrl\":\"https:\/\/www.travel3.com.br\/site\/wp-content\/uploads\/2020\/01\/logo-travel3-2020.png\",\"width\":232,\"height\":79,\"caption\":\"Travel3\"},\"image\":{\"@id\":\"https:\/\/www.travel3.com.br\/site\/#\/schema\/logo\/image\/\"},\"sameAs\":[\"https:\/\/www.facebook.com\/travel3media\/\",\"https:\/\/www.instagram.com\/revistatravel3\/\",\"https:\/\/www.youtube.com\/channel\/UCno7J4paGBR3VbZQzvoJ9Eg\"]},{\"@type\":\"Person\",\"@id\":\"https:\/\/www.travel3.com.br\/site\/#\/schema\/person\/ad24a6ccba88dcd54877f3d2fb76c605\",\"name\":\"Claudia Tonaco\",\"image\":{\"@type\":\"ImageObject\",\"inLanguage\":\"pt-BR\",\"@id\":\"https:\/\/www.travel3.com.br\/site\/#\/schema\/person\/image\/\",\"url\":\"https:\/\/secure.gravatar.com\/avatar\/7c64bb31135bb8c28f49658a042f8b8a?s=96&d=mm&r=g\",\"contentUrl\":\"https:\/\/secure.gravatar.com\/avatar\/7c64bb31135bb8c28f49658a042f8b8a?s=96&d=mm&r=g\",\"caption\":\"Claudia Tonaco\"},\"sameAs\":[\"http:\/\/www.travel3.com.br\"],\"url\":\"https:\/\/www.travel3.com.br\/site\/author\/tonaco\/\"}]}<\/script>\n<!-- \/ Yoast SEO plugin. -->","yoast_head_json":{"title":"Melhores momentos Top Seller Orinter - Festa em terra no mar e no ar -","description":"Melhores momentos Top Seller Orinter Tour & Travel - Festa em terra, no mar e no ar surpreendem os agentes de viagem que fazem capacita\u00e7\u00e3o in loco","robots":{"index":"index","follow":"follow","max-snippet":"max-snippet:-1","max-image-preview":"max-image-preview:large","max-video-preview":"max-video-preview:-1"},"canonical":"https:\/\/www.travel3.com.br\/site\/acontece-no-turismo\/eventos-e-feiras\/melhores-momentos-top-seller\/","og_locale":"pt_BR","og_type":"article","og_title":"Melhores momentos Top Seller Orinter - Festa em terra no mar e no ar -","og_description":"Melhores momentos Top Seller Orinter Tour & Travel - Festa em terra, no mar e no ar surpreendem os agentes de viagem que fazem capacita\u00e7\u00e3o in loco","og_url":"https:\/\/www.travel3.com.br\/site\/acontece-no-turismo\/eventos-e-feiras\/melhores-momentos-top-seller\/","og_site_name":"Travel3","article_publisher":"https:\/\/www.facebook.com\/travel3media\/","article_published_time":"2019-04-12T15:33:31+00:00","article_modified_time":"2019-04-12T15:49:34+00:00","og_image":[{"width":1920,"height":1440,"url":"https:\/\/www.travel3.com.br\/site\/wp-content\/uploads\/2019\/04\/2_TS-Passeio-Quadriciclo042_A.jpg","type":"image\/jpeg"}],"author":"Claudia Tonaco","twitter_card":"summary_large_image","twitter_misc":{"Escrito por":"Claudia Tonaco","Est. tempo de leitura":"3 minutos"},"schema":{"@context":"https:\/\/schema.org","@graph":[{"@type":"Article","@id":"https:\/\/www.travel3.com.br\/site\/acontece-no-turismo\/eventos-e-feiras\/melhores-momentos-top-seller\/#article","isPartOf":{"@id":"https:\/\/www.travel3.com.br\/site\/acontece-no-turismo\/eventos-e-feiras\/melhores-momentos-top-seller\/"},"author":{"name":"Claudia Tonaco","@id":"https:\/\/www.travel3.com.br\/site\/#\/schema\/person\/ad24a6ccba88dcd54877f3d2fb76c605"},"headline":"Melhores momentos Top Seller Orinter &#8211; Festa em terra no mar e no ar","datePublished":"2019-04-12T15:33:31+00:00","dateModified":"2019-04-12T15:49:34+00:00","mainEntityOfPage":{"@id":"https:\/\/www.travel3.com.br\/site\/acontece-no-turismo\/eventos-e-feiras\/melhores-momentos-top-seller\/"},"wordCount":578,"commentCount":0,"publisher":{"@id":"https:\/\/www.travel3.com.br\/site\/#organization"},"image":{"@id":"https:\/\/www.travel3.com.br\/site\/acontece-no-turismo\/eventos-e-feiras\/melhores-momentos-top-seller\/#primaryimage"},"thumbnailUrl":"https:\/\/www.travel3.com.br\/site\/wp-content\/uploads\/2019\/04\/2_TS-Passeio-Quadriciclo042_A.jpg","keywords":["Le Blanc Los Cabos","Los Cabos","Orinter","Palace Resorts","Top Seller Orinter"],"articleSection":["Acontece no Turismo","Destaque","Eventos e Feiras","Operadoras"],"inLanguage":"pt-BR","potentialAction":[{"@type":"CommentAction","name":"Comment","target":["https:\/\/www.travel3.com.br\/site\/acontece-no-turismo\/eventos-e-feiras\/melhores-momentos-top-seller\/#respond"]}]},{"@type":"WebPage","@id":"https:\/\/www.travel3.com.br\/site\/acontece-no-turismo\/eventos-e-feiras\/melhores-momentos-top-seller\/","url":"https:\/\/www.travel3.com.br\/site\/acontece-no-turismo\/eventos-e-feiras\/melhores-momentos-top-seller\/","name":"Melhores momentos Top Seller Orinter - Festa em terra no mar e no ar -","isPartOf":{"@id":"https:\/\/www.travel3.com.br\/site\/#website"},"primaryImageOfPage":{"@id":"https:\/\/www.travel3.com.br\/site\/acontece-no-turismo\/eventos-e-feiras\/melhores-momentos-top-seller\/#primaryimage"},"image":{"@id":"https:\/\/www.travel3.com.br\/site\/acontece-no-turismo\/eventos-e-feiras\/melhores-momentos-top-seller\/#primaryimage"},"thumbnailUrl":"https:\/\/www.travel3.com.br\/site\/wp-content\/uploads\/2019\/04\/2_TS-Passeio-Quadriciclo042_A.jpg","datePublished":"2019-04-12T15:33:31+00:00","dateModified":"2019-04-12T15:49:34+00:00","description":"Melhores momentos Top Seller Orinter Tour & Travel - Festa em terra, no mar e no ar surpreendem os agentes de viagem que fazem capacita\u00e7\u00e3o in loco","breadcrumb":{"@id":"https:\/\/www.travel3.com.br\/site\/acontece-no-turismo\/eventos-e-feiras\/melhores-momentos-top-seller\/#breadcrumb"},"inLanguage":"pt-BR","potentialAction":[{"@type":"ReadAction","target":["https:\/\/www.travel3.com.br\/site\/acontece-no-turismo\/eventos-e-feiras\/melhores-momentos-top-seller\/"]}]},{"@type":"ImageObject","inLanguage":"pt-BR","@id":"https:\/\/www.travel3.com.br\/site\/acontece-no-turismo\/eventos-e-feiras\/melhores-momentos-top-seller\/#primaryimage","url":"https:\/\/www.travel3.com.br\/site\/wp-content\/uploads\/2019\/04\/2_TS-Passeio-Quadriciclo042_A.jpg","contentUrl":"https:\/\/www.travel3.com.br\/site\/wp-content\/uploads\/2019\/04\/2_TS-Passeio-Quadriciclo042_A.jpg","width":1920,"height":1440,"caption":"Adrenalina no ar e alegria a mil na hora da foto"},{"@type":"BreadcrumbList","@id":"https:\/\/www.travel3.com.br\/site\/acontece-no-turismo\/eventos-e-feiras\/melhores-momentos-top-seller\/#breadcrumb","itemListElement":[{"@type":"ListItem","position":1,"name":"In\u00edcio","item":"https:\/\/www.travel3.com.br\/site\/"},{"@type":"ListItem","position":2,"name":"Melhores momentos Top Seller Orinter &#8211; Festa em terra no mar e no ar"}]},{"@type":"WebSite","@id":"https:\/\/www.travel3.com.br\/site\/#website","url":"https:\/\/www.travel3.com.br\/site\/","name":"Travel3","description":"Lazer + Neg&oacute;cios + Aventura","publisher":{"@id":"https:\/\/www.travel3.com.br\/site\/#organization"},"potentialAction":[{"@type":"SearchAction","target":{"@type":"EntryPoint","urlTemplate":"https:\/\/www.travel3.com.br\/site\/?s={search_term_string}"},"query-input":{"@type":"PropertyValueSpecification","valueRequired":true,"valueName":"search_term_string"}}],"inLanguage":"pt-BR"},{"@type":"Organization","@id":"https:\/\/www.travel3.com.br\/site\/#organization","name":"Travel3","url":"https:\/\/www.travel3.com.br\/site\/","logo":{"@type":"ImageObject","inLanguage":"pt-BR","@id":"https:\/\/www.travel3.com.br\/site\/#\/schema\/logo\/image\/","url":"https:\/\/www.travel3.com.br\/site\/wp-content\/uploads\/2020\/01\/logo-travel3-2020.png","contentUrl":"https:\/\/www.travel3.com.br\/site\/wp-content\/uploads\/2020\/01\/logo-travel3-2020.png","width":232,"height":79,"caption":"Travel3"},"image":{"@id":"https:\/\/www.travel3.com.br\/site\/#\/schema\/logo\/image\/"},"sameAs":["https:\/\/www.facebook.com\/travel3media\/","https:\/\/www.instagram.com\/revistatravel3\/","https:\/\/www.youtube.com\/channel\/UCno7J4paGBR3VbZQzvoJ9Eg"]},{"@type":"Person","@id":"https:\/\/www.travel3.com.br\/site\/#\/schema\/person\/ad24a6ccba88dcd54877f3d2fb76c605","name":"Claudia Tonaco","image":{"@type":"ImageObject","inLanguage":"pt-BR","@id":"https:\/\/www.travel3.com.br\/site\/#\/schema\/person\/image\/","url":"https:\/\/secure.gravatar.com\/avatar\/7c64bb31135bb8c28f49658a042f8b8a?s=96&d=mm&r=g","contentUrl":"https:\/\/secure.gravatar.com\/avatar\/7c64bb31135bb8c28f49658a042f8b8a?s=96&d=mm&r=g","caption":"Claudia Tonaco"},"sameAs":["http:\/\/www.travel3.com.br"],"url":"https:\/\/www.travel3.com.br\/site\/author\/tonaco\/"}]}},"_links":{"self":[{"href":"https:\/\/www.travel3.com.br\/site\/wp-json\/wp\/v2\/posts\/21720","targetHints":{"allow":["GET"]}}],"collection":[{"href":"https:\/\/www.travel3.com.br\/site\/wp-json\/wp\/v2\/posts"}],"about":[{"href":"https:\/\/www.travel3.com.br\/site\/wp-json\/wp\/v2\/types\/post"}],"author":[{"embeddable":true,"href":"https:\/\/www.travel3.com.br\/site\/wp-json\/wp\/v2\/users\/4"}],"replies":[{"embeddable":true,"href":"https:\/\/www.travel3.com.br\/site\/wp-json\/wp\/v2\/comments?post=21720"}],"version-history":[{"count":7,"href":"https:\/\/www.travel3.com.br\/site\/wp-json\/wp\/v2\/posts\/21720\/revisions"}],"predecessor-version":[{"id":22077,"href":"https:\/\/www.travel3.com.br\/site\/wp-json\/wp\/v2\/posts\/21720\/revisions\/22077"}],"wp:featuredmedia":[{"embeddable":true,"href":"https:\/\/www.travel3.com.br\/site\/wp-json\/wp\/v2\/media\/21744"}],"wp:attachment":[{"href":"https:\/\/www.travel3.com.br\/site\/wp-json\/wp\/v2\/media?parent=21720"}],"wp:term":[{"taxonomy":"category","embeddable":true,"href":"https:\/\/www.travel3.com.br\/site\/wp-json\/wp\/v2\/categories?post=21720"},{"taxonomy":"post_tag","embeddable":true,"href":"https:\/\/www.travel3.com.br\/site\/wp-json\/wp\/v2\/tags?post=21720"}],"curies":[{"name":"wp","href":"https:\/\/api.w.org\/{rel}","templated":true}]}}