{"id":2157,"date":"2017-08-28T11:20:18","date_gmt":"2017-08-28T11:20:18","guid":{"rendered":"http:\/\/www.travel3.com.br\/site\/ir-e-vir\/ar\/repercussoes-no-caso-do-passageiro-retirado-a-forca-em-voo-da-united\/"},"modified":"2017-08-28T11:20:18","modified_gmt":"2017-08-28T11:20:18","slug":"repercussoes-no-caso-do-passageiro-retirado-a-forca-em-voo-da-united","status":"publish","type":"post","link":"https:\/\/www.travel3.com.br\/site\/sem-categoria\/repercussoes-no-caso-do-passageiro-retirado-a-forca-em-voo-da-united\/","title":{"rendered":"REPERCUSS\u00d5ES NO CASO DO PASSAGEIRO RETIRADO \u00c0 FOR\u00c7A EM VOO DA UNITED"},"content":{"rendered":"<p><span style=\"color: #40acad; font-family: -apple-system, system-ui, 'Segoe UI', Roboto, Oxygen-Sans, Ubuntu, Cantarell, 'Helvetica Neue', sans-serif; font-size: 12px; font-weight: bold;\"><\/p>\n<p style=\"text-align:justify\">O CEO da United Airlines, Oscar Munoz, divulgou um comunicado oficial da companhia a\u00e9rea em resposta ao v\u00eddeo de um passageiro \u00a0que foi removido \u00a0\u00e0 for\u00e7a de um v\u00f4o no dia de ontem e que gerou enorme repercuss\u00e3o nas m\u00eddias sociais.<\/p>\n<p style=\"text-align:justify\">O voo era entre Chicago para Louisville e o passageiro \u00a0se recusou a desistir do seu lugar \u00a0sendo removido \u00e0 for\u00e7a por agentes de seguran\u00e7a que o arrastaram para o corredor<\/p>\n<p style=\"text-align:justify\"><a class=\"fancybox-media\" href=\"..\/_uploads\/_noticia\/2017-04\/unitedboeing777-224.jpg\" rel=\"portfolio\"><img decoding=\"async\" alt=\"\" src=\"..\/_uploads\/_noticia\/2017-04\/unitedboeing777-224.jpg\" \/><\/a><\/p>\n<p style=\"text-align:justify\">O v\u00f4o 3411 de United Airlines preparava o embarque no aeroporto internacional O&#39;Hare de Chicago domingo quando agentes da companhia informaram aos\u00a0 passageiros que o mesmo apresentava oberbook. \u00a0Disseram\u00a0 que precisavam de quatro volunt\u00e1rios para desistir de seus assentos para os funcion\u00e1rios da United que precisavam estar em\u00a0 Louisville para nesta segunda-feira.\u00a0N\u00e3o houve volunt\u00e1rios, apesar de um incentivo de US$ 800, ent\u00e3o a companhia a\u00e9rea usou um programa de computador para selecionar aleatoriamente as pessoas que seriam removidas do avi\u00e3o.<\/p>\n<p style=\"text-align:justify\">Uma testemunha no v\u00f4o, Audra D. Pontes, disse que o primeiro casal a quem se pediu para sair n\u00e3o apresentou resist\u00eancia, mas o pr\u00f3ximo ficou muito chateado e se recusou a sair.\u00a0A tripula\u00e7\u00e3o de v\u00f4o chamou a seguran\u00e7a para escoltar o passageiro \u00a0que continuou em sua recusa. Os agentes de seguran\u00e7a retiraram ent\u00e3o\u00a0 \u00e0 for\u00e7a e com viol\u00eancia o homem do seu lugar e foi atirado ao ch\u00e3o.\u00a0Uma vez no corredor, um dos agentes de seguran\u00e7a puxou o homem pelos bra\u00e7os para a frente do avi\u00e3o e assim o mesmo foi retirado sob protestos.<\/p>\n<p style=\"text-align:justify\">O incidente \u00a0causou o atraso do v\u00f4o de duas horas, e United Airlines respondeu \u00e0 situa\u00e7\u00e3o em um comunicado. Mesmo com o posterior pedido de desculpas da empresa, houve uma rea\u00e7\u00e3o negativa muito intensa com o caso, o que provocou o comunicado do pr\u00f3prio CEO tentando amenizar a situa\u00e7\u00e3o. O passageiiro, cujo nome n\u00e3o foi revelado, imediatamente entrou em um processo contra a empresa<\/p>\n<p><\/span><\/p>\n","protected":false},"excerpt":{"rendered":"<p>O pr\u00f3prio CEO da empresa veio se desculpar depois da atitude constatada no aeroporto de Chicago e que pegou muito mal para a a\u00e9rea<\/p>\n","protected":false},"author":1,"featured_media":0,"comment_status":"open","ping_status":"open","sticky":false,"template":"","format":"standard","meta":{"footnotes":""},"categories":[],"tags":[],"class_list":["post-2157","post","type-post","status-publish","format-standard","hentry"],"yoast_head":"<!-- This site is optimized with the Yoast SEO plugin v26.2 - https:\/\/yoast.com\/wordpress\/plugins\/seo\/ -->\n<title>REPERCUSS\u00d5ES NO CASO DO PASSAGEIRO RETIRADO \u00c0 FOR\u00c7A EM VOO DA UNITED - Travel3<\/title>\n<meta name=\"description\" content=\"A TRAVEL3 \u00e9 um portal de conte\u00fado voltado para o turismo, encontre destinos, viagens, hospedagem, passagens, guias, not\u00edcias sobre o mercado do turismo, dicas de viagem, v\u00eddeos e podcast.\" \/>\n<meta name=\"robots\" content=\"index, follow, max-snippet:-1, max-image-preview:large, max-video-preview:-1\" \/>\n<link rel=\"canonical\" href=\"https:\/\/www.travel3.com.br\/site\/sem-categoria\/repercussoes-no-caso-do-passageiro-retirado-a-forca-em-voo-da-united\/\" \/>\n<meta property=\"og:locale\" content=\"pt_BR\" \/>\n<meta property=\"og:type\" content=\"article\" \/>\n<meta property=\"og:title\" content=\"REPERCUSS\u00d5ES NO CASO DO PASSAGEIRO RETIRADO \u00c0 FOR\u00c7A EM VOO DA UNITED - Travel3\" \/>\n<meta property=\"og:description\" content=\"A TRAVEL3 \u00e9 um portal de conte\u00fado voltado para o turismo, encontre destinos, viagens, hospedagem, passagens, guias, not\u00edcias sobre o mercado do turismo, dicas de viagem, v\u00eddeos e podcast.\" \/>\n<meta property=\"og:url\" content=\"https:\/\/www.travel3.com.br\/site\/sem-categoria\/repercussoes-no-caso-do-passageiro-retirado-a-forca-em-voo-da-united\/\" \/>\n<meta property=\"og:site_name\" content=\"Travel3\" \/>\n<meta property=\"article:publisher\" content=\"https:\/\/www.facebook.com\/travel3media\/\" \/>\n<meta property=\"article:published_time\" content=\"2017-08-28T11:20:18+00:00\" \/>\n<meta name=\"author\" content=\"admin\" \/>\n<meta name=\"twitter:card\" content=\"summary_large_image\" \/>\n<meta name=\"twitter:label1\" content=\"Escrito por\" \/>\n\t<meta name=\"twitter:data1\" content=\"admin\" \/>\n\t<meta name=\"twitter:label2\" content=\"Est. tempo de leitura\" \/>\n\t<meta name=\"twitter:data2\" content=\"2 minutos\" \/>\n<script type=\"application\/ld+json\" class=\"yoast-schema-graph\">{\"@context\":\"https:\/\/schema.org\",\"@graph\":[{\"@type\":\"Article\",\"@id\":\"https:\/\/www.travel3.com.br\/site\/sem-categoria\/repercussoes-no-caso-do-passageiro-retirado-a-forca-em-voo-da-united\/#article\",\"isPartOf\":{\"@id\":\"https:\/\/www.travel3.com.br\/site\/sem-categoria\/repercussoes-no-caso-do-passageiro-retirado-a-forca-em-voo-da-united\/\"},\"author\":{\"name\":\"admin\",\"@id\":\"https:\/\/www.travel3.com.br\/site\/#\/schema\/person\/a69d71e41a024999b6ab82369ac0bd1e\"},\"headline\":\"REPERCUSS\u00d5ES NO CASO DO PASSAGEIRO RETIRADO \u00c0 FOR\u00c7A EM VOO DA UNITED\",\"datePublished\":\"2017-08-28T11:20:18+00:00\",\"mainEntityOfPage\":{\"@id\":\"https:\/\/www.travel3.com.br\/site\/sem-categoria\/repercussoes-no-caso-do-passageiro-retirado-a-forca-em-voo-da-united\/\"},\"wordCount\":358,\"commentCount\":0,\"publisher\":{\"@id\":\"https:\/\/www.travel3.com.br\/site\/#organization\"},\"inLanguage\":\"pt-BR\",\"potentialAction\":[{\"@type\":\"CommentAction\",\"name\":\"Comment\",\"target\":[\"https:\/\/www.travel3.com.br\/site\/sem-categoria\/repercussoes-no-caso-do-passageiro-retirado-a-forca-em-voo-da-united\/#respond\"]}]},{\"@type\":\"WebPage\",\"@id\":\"https:\/\/www.travel3.com.br\/site\/sem-categoria\/repercussoes-no-caso-do-passageiro-retirado-a-forca-em-voo-da-united\/\",\"url\":\"https:\/\/www.travel3.com.br\/site\/sem-categoria\/repercussoes-no-caso-do-passageiro-retirado-a-forca-em-voo-da-united\/\",\"name\":\"REPERCUSS\u00d5ES NO CASO DO PASSAGEIRO RETIRADO \u00c0 FOR\u00c7A EM VOO DA UNITED - Travel3\",\"isPartOf\":{\"@id\":\"https:\/\/www.travel3.com.br\/site\/#website\"},\"datePublished\":\"2017-08-28T11:20:18+00:00\",\"description\":\"A TRAVEL3 \u00e9 um portal de conte\u00fado voltado para o turismo, encontre destinos, viagens, hospedagem, passagens, guias, not\u00edcias sobre o mercado do turismo, dicas de viagem, v\u00eddeos e podcast.\",\"breadcrumb\":{\"@id\":\"https:\/\/www.travel3.com.br\/site\/sem-categoria\/repercussoes-no-caso-do-passageiro-retirado-a-forca-em-voo-da-united\/#breadcrumb\"},\"inLanguage\":\"pt-BR\",\"potentialAction\":[{\"@type\":\"ReadAction\",\"target\":[\"https:\/\/www.travel3.com.br\/site\/sem-categoria\/repercussoes-no-caso-do-passageiro-retirado-a-forca-em-voo-da-united\/\"]}]},{\"@type\":\"BreadcrumbList\",\"@id\":\"https:\/\/www.travel3.com.br\/site\/sem-categoria\/repercussoes-no-caso-do-passageiro-retirado-a-forca-em-voo-da-united\/#breadcrumb\",\"itemListElement\":[{\"@type\":\"ListItem\",\"position\":1,\"name\":\"In\u00edcio\",\"item\":\"https:\/\/www.travel3.com.br\/site\/\"},{\"@type\":\"ListItem\",\"position\":2,\"name\":\"REPERCUSS\u00d5ES NO CASO DO PASSAGEIRO RETIRADO \u00c0 FOR\u00c7A EM VOO DA UNITED\"}]},{\"@type\":\"WebSite\",\"@id\":\"https:\/\/www.travel3.com.br\/site\/#website\",\"url\":\"https:\/\/www.travel3.com.br\/site\/\",\"name\":\"Travel3\",\"description\":\"Lazer + Neg&oacute;cios + Aventura\",\"publisher\":{\"@id\":\"https:\/\/www.travel3.com.br\/site\/#organization\"},\"potentialAction\":[{\"@type\":\"SearchAction\",\"target\":{\"@type\":\"EntryPoint\",\"urlTemplate\":\"https:\/\/www.travel3.com.br\/site\/?s={search_term_string}\"},\"query-input\":{\"@type\":\"PropertyValueSpecification\",\"valueRequired\":true,\"valueName\":\"search_term_string\"}}],\"inLanguage\":\"pt-BR\"},{\"@type\":\"Organization\",\"@id\":\"https:\/\/www.travel3.com.br\/site\/#organization\",\"name\":\"Travel3\",\"url\":\"https:\/\/www.travel3.com.br\/site\/\",\"logo\":{\"@type\":\"ImageObject\",\"inLanguage\":\"pt-BR\",\"@id\":\"https:\/\/www.travel3.com.br\/site\/#\/schema\/logo\/image\/\",\"url\":\"https:\/\/www.travel3.com.br\/site\/wp-content\/uploads\/2020\/01\/logo-travel3-2020.png\",\"contentUrl\":\"https:\/\/www.travel3.com.br\/site\/wp-content\/uploads\/2020\/01\/logo-travel3-2020.png\",\"width\":232,\"height\":79,\"caption\":\"Travel3\"},\"image\":{\"@id\":\"https:\/\/www.travel3.com.br\/site\/#\/schema\/logo\/image\/\"},\"sameAs\":[\"https:\/\/www.facebook.com\/travel3media\/\",\"https:\/\/www.instagram.com\/revistatravel3\/\",\"https:\/\/www.youtube.com\/channel\/UCno7J4paGBR3VbZQzvoJ9Eg\"]},{\"@type\":\"Person\",\"@id\":\"https:\/\/www.travel3.com.br\/site\/#\/schema\/person\/a69d71e41a024999b6ab82369ac0bd1e\",\"name\":\"admin\",\"image\":{\"@type\":\"ImageObject\",\"inLanguage\":\"pt-BR\",\"@id\":\"https:\/\/www.travel3.com.br\/site\/#\/schema\/person\/image\/\",\"url\":\"https:\/\/secure.gravatar.com\/avatar\/732a67adfd764da2a47ba10ce731c4c0?s=96&d=mm&r=g\",\"contentUrl\":\"https:\/\/secure.gravatar.com\/avatar\/732a67adfd764da2a47ba10ce731c4c0?s=96&d=mm&r=g\",\"caption\":\"admin\"},\"url\":\"https:\/\/www.travel3.com.br\/site\/author\/admin\/\"}]}<\/script>\n<!-- \/ Yoast SEO plugin. -->","yoast_head_json":{"title":"REPERCUSS\u00d5ES NO CASO DO PASSAGEIRO RETIRADO \u00c0 FOR\u00c7A EM VOO DA UNITED - Travel3","description":"A TRAVEL3 \u00e9 um portal de conte\u00fado voltado para o turismo, encontre destinos, viagens, hospedagem, passagens, guias, not\u00edcias sobre o mercado do turismo, dicas de viagem, v\u00eddeos e podcast.","robots":{"index":"index","follow":"follow","max-snippet":"max-snippet:-1","max-image-preview":"max-image-preview:large","max-video-preview":"max-video-preview:-1"},"canonical":"https:\/\/www.travel3.com.br\/site\/sem-categoria\/repercussoes-no-caso-do-passageiro-retirado-a-forca-em-voo-da-united\/","og_locale":"pt_BR","og_type":"article","og_title":"REPERCUSS\u00d5ES NO CASO DO PASSAGEIRO RETIRADO \u00c0 FOR\u00c7A EM VOO DA UNITED - Travel3","og_description":"A TRAVEL3 \u00e9 um portal de conte\u00fado voltado para o turismo, encontre destinos, viagens, hospedagem, passagens, guias, not\u00edcias sobre o mercado do turismo, dicas de viagem, v\u00eddeos e podcast.","og_url":"https:\/\/www.travel3.com.br\/site\/sem-categoria\/repercussoes-no-caso-do-passageiro-retirado-a-forca-em-voo-da-united\/","og_site_name":"Travel3","article_publisher":"https:\/\/www.facebook.com\/travel3media\/","article_published_time":"2017-08-28T11:20:18+00:00","author":"admin","twitter_card":"summary_large_image","twitter_misc":{"Escrito por":"admin","Est. tempo de leitura":"2 minutos"},"schema":{"@context":"https:\/\/schema.org","@graph":[{"@type":"Article","@id":"https:\/\/www.travel3.com.br\/site\/sem-categoria\/repercussoes-no-caso-do-passageiro-retirado-a-forca-em-voo-da-united\/#article","isPartOf":{"@id":"https:\/\/www.travel3.com.br\/site\/sem-categoria\/repercussoes-no-caso-do-passageiro-retirado-a-forca-em-voo-da-united\/"},"author":{"name":"admin","@id":"https:\/\/www.travel3.com.br\/site\/#\/schema\/person\/a69d71e41a024999b6ab82369ac0bd1e"},"headline":"REPERCUSS\u00d5ES NO CASO DO PASSAGEIRO RETIRADO \u00c0 FOR\u00c7A EM VOO DA UNITED","datePublished":"2017-08-28T11:20:18+00:00","mainEntityOfPage":{"@id":"https:\/\/www.travel3.com.br\/site\/sem-categoria\/repercussoes-no-caso-do-passageiro-retirado-a-forca-em-voo-da-united\/"},"wordCount":358,"commentCount":0,"publisher":{"@id":"https:\/\/www.travel3.com.br\/site\/#organization"},"inLanguage":"pt-BR","potentialAction":[{"@type":"CommentAction","name":"Comment","target":["https:\/\/www.travel3.com.br\/site\/sem-categoria\/repercussoes-no-caso-do-passageiro-retirado-a-forca-em-voo-da-united\/#respond"]}]},{"@type":"WebPage","@id":"https:\/\/www.travel3.com.br\/site\/sem-categoria\/repercussoes-no-caso-do-passageiro-retirado-a-forca-em-voo-da-united\/","url":"https:\/\/www.travel3.com.br\/site\/sem-categoria\/repercussoes-no-caso-do-passageiro-retirado-a-forca-em-voo-da-united\/","name":"REPERCUSS\u00d5ES NO CASO DO PASSAGEIRO RETIRADO \u00c0 FOR\u00c7A EM VOO DA UNITED - Travel3","isPartOf":{"@id":"https:\/\/www.travel3.com.br\/site\/#website"},"datePublished":"2017-08-28T11:20:18+00:00","description":"A TRAVEL3 \u00e9 um portal de conte\u00fado voltado para o turismo, encontre destinos, viagens, hospedagem, passagens, guias, not\u00edcias sobre o mercado do turismo, dicas de viagem, v\u00eddeos e podcast.","breadcrumb":{"@id":"https:\/\/www.travel3.com.br\/site\/sem-categoria\/repercussoes-no-caso-do-passageiro-retirado-a-forca-em-voo-da-united\/#breadcrumb"},"inLanguage":"pt-BR","potentialAction":[{"@type":"ReadAction","target":["https:\/\/www.travel3.com.br\/site\/sem-categoria\/repercussoes-no-caso-do-passageiro-retirado-a-forca-em-voo-da-united\/"]}]},{"@type":"BreadcrumbList","@id":"https:\/\/www.travel3.com.br\/site\/sem-categoria\/repercussoes-no-caso-do-passageiro-retirado-a-forca-em-voo-da-united\/#breadcrumb","itemListElement":[{"@type":"ListItem","position":1,"name":"In\u00edcio","item":"https:\/\/www.travel3.com.br\/site\/"},{"@type":"ListItem","position":2,"name":"REPERCUSS\u00d5ES NO CASO DO PASSAGEIRO RETIRADO \u00c0 FOR\u00c7A EM VOO DA UNITED"}]},{"@type":"WebSite","@id":"https:\/\/www.travel3.com.br\/site\/#website","url":"https:\/\/www.travel3.com.br\/site\/","name":"Travel3","description":"Lazer + Neg&oacute;cios + Aventura","publisher":{"@id":"https:\/\/www.travel3.com.br\/site\/#organization"},"potentialAction":[{"@type":"SearchAction","target":{"@type":"EntryPoint","urlTemplate":"https:\/\/www.travel3.com.br\/site\/?s={search_term_string}"},"query-input":{"@type":"PropertyValueSpecification","valueRequired":true,"valueName":"search_term_string"}}],"inLanguage":"pt-BR"},{"@type":"Organization","@id":"https:\/\/www.travel3.com.br\/site\/#organization","name":"Travel3","url":"https:\/\/www.travel3.com.br\/site\/","logo":{"@type":"ImageObject","inLanguage":"pt-BR","@id":"https:\/\/www.travel3.com.br\/site\/#\/schema\/logo\/image\/","url":"https:\/\/www.travel3.com.br\/site\/wp-content\/uploads\/2020\/01\/logo-travel3-2020.png","contentUrl":"https:\/\/www.travel3.com.br\/site\/wp-content\/uploads\/2020\/01\/logo-travel3-2020.png","width":232,"height":79,"caption":"Travel3"},"image":{"@id":"https:\/\/www.travel3.com.br\/site\/#\/schema\/logo\/image\/"},"sameAs":["https:\/\/www.facebook.com\/travel3media\/","https:\/\/www.instagram.com\/revistatravel3\/","https:\/\/www.youtube.com\/channel\/UCno7J4paGBR3VbZQzvoJ9Eg"]},{"@type":"Person","@id":"https:\/\/www.travel3.com.br\/site\/#\/schema\/person\/a69d71e41a024999b6ab82369ac0bd1e","name":"admin","image":{"@type":"ImageObject","inLanguage":"pt-BR","@id":"https:\/\/www.travel3.com.br\/site\/#\/schema\/person\/image\/","url":"https:\/\/secure.gravatar.com\/avatar\/732a67adfd764da2a47ba10ce731c4c0?s=96&d=mm&r=g","contentUrl":"https:\/\/secure.gravatar.com\/avatar\/732a67adfd764da2a47ba10ce731c4c0?s=96&d=mm&r=g","caption":"admin"},"url":"https:\/\/www.travel3.com.br\/site\/author\/admin\/"}]}},"_links":{"self":[{"href":"https:\/\/www.travel3.com.br\/site\/wp-json\/wp\/v2\/posts\/2157","targetHints":{"allow":["GET"]}}],"collection":[{"href":"https:\/\/www.travel3.com.br\/site\/wp-json\/wp\/v2\/posts"}],"about":[{"href":"https:\/\/www.travel3.com.br\/site\/wp-json\/wp\/v2\/types\/post"}],"author":[{"embeddable":true,"href":"https:\/\/www.travel3.com.br\/site\/wp-json\/wp\/v2\/users\/1"}],"replies":[{"embeddable":true,"href":"https:\/\/www.travel3.com.br\/site\/wp-json\/wp\/v2\/comments?post=2157"}],"version-history":[{"count":0,"href":"https:\/\/www.travel3.com.br\/site\/wp-json\/wp\/v2\/posts\/2157\/revisions"}],"wp:attachment":[{"href":"https:\/\/www.travel3.com.br\/site\/wp-json\/wp\/v2\/media?parent=2157"}],"wp:term":[{"taxonomy":"category","embeddable":true,"href":"https:\/\/www.travel3.com.br\/site\/wp-json\/wp\/v2\/categories?post=2157"},{"taxonomy":"post_tag","embeddable":true,"href":"https:\/\/www.travel3.com.br\/site\/wp-json\/wp\/v2\/tags?post=2157"}],"curies":[{"name":"wp","href":"https:\/\/api.w.org\/{rel}","templated":true}]}}