{"id":2144,"date":"2017-08-26T12:11:30","date_gmt":"2017-08-26T12:11:30","guid":{"rendered":"http:\/\/www.travel3.com.br\/site\/ir-e-vir\/ar\/embratur-transforma-se-em-agencia-de-promocao\/"},"modified":"2017-08-26T12:11:30","modified_gmt":"2017-08-26T12:11:30","slug":"embratur-transforma-se-em-agencia-de-promocao","status":"publish","type":"post","link":"https:\/\/www.travel3.com.br\/site\/sem-categoria\/embratur-transforma-se-em-agencia-de-promocao\/","title":{"rendered":"EMBRATUR TRANSFORMA-SE EM AG\u00caNCIA DE PROMO\u00c7\u00c3O"},"content":{"rendered":"<p><span style=\"color: #40acad; font-family: -apple-system, system-ui, 'Segoe UI', Roboto, Oxygen-Sans, Ubuntu, Cantarell, 'Helvetica Neue', sans-serif; font-size: 12px; font-weight: bold;\"><\/p>\n<p style=\"text-align:justify\"><strong>BRASILIA &#8211;<\/strong> A Embratur deixa de ser instituto e transforma-se em Ag\u00eancia de Promo\u00e7\u00e3o. \u00a0Anunciada oficialmente na manh\u00e3 de hoje em Brasilia, durante o Brasil + Turismo tem na sua mudan\u00e7a jur\u00eddica, a condi\u00e7\u00e3o de Servi\u00e7o Social Aut\u00f4nomo com o nome oficial da institui\u00e7\u00e3o \u00a0para \u00a0ser Ag\u00eancia Brasileira de Promo\u00e7\u00e3o do Turismo.<\/p>\n<p style=\"text-align:justify\"><a class=\"fancybox-media\" href=\"..\/_uploads\/_noticia\/2017-04\/embraturagenciapromocao--2-.jpg\" rel=\"portfolio\"><img decoding=\"async\" alt=\"\" src=\"..\/_uploads\/_noticia\/2017-04\/embraturagenciapromocao--2-.jpg\" \/><\/a> O presidente Vinicius Lummertz celebrou a melhoria e enfatizou que a moderniza\u00e7\u00e3o \u00a0vai posicionar o Pa\u00eds como um dos melhores destinos do mundo. \u201cO an\u00fancio \u00e9 o primeiro passo para fortalecer o turismo internacional no Brasil e aumentar a nossa competitividade diante de grandes pot\u00eancias tur\u00edsticas mundiais. Vamos comprovar que o turismo vai muito al\u00e9m, sendo uma importante alavanca para o crescimento econ\u00f4mico. A cria\u00e7\u00e3o da ag\u00eancia possibilita uma estrat\u00e9gia mais agressiva de marketing para as a\u00e7\u00f5es de promo\u00e7\u00e3o internacional e, agora, teremos mais liberdade para avan\u00e7ar em alta velocidade no desenvolvimento do Pa\u00eds\u201d, exaltou.<\/p>\n<p style=\"text-align:justify\">Um pleito antigo do setor tur\u00edstico, h\u00e1 quase meio s\u00e9culo, a \u2018nova\u2019 Embratur tem como meta alavancar o fluxo tur\u00edstico de um total anual de pouco acima de 6,5 milh\u00f5es para 12 milh\u00f5es de turistas estrangeiros at\u00e9 2022, que dever\u00e3o injetar US$ 19 bilh\u00f5es na economia brasileira.<\/p>\n<p style=\"text-align:justify\">\u00a0.Lummertz ressaltou ainda a import\u00e2ncia do apoio recebido pelo trade tur\u00edstico nessa grande conquista. \u201cLideran\u00e7as do setor de todo o Brasil manifestaram apoio incondicional a essa mudan\u00e7a que n\u00f3s da Embratur, juntamente com o Minist\u00e9rio do Turismo, lutamos com tanto afinco para alcan\u00e7ar. Esse movimento foi fundamental\u201d.<\/p>\n<p style=\"text-align:justify\">A altera\u00e7\u00e3o dar\u00e1 mais agilidade e autonomia. Para o seu financiamento, foi firmado um acordo de coopera\u00e7\u00e3o entre a Embratur com o Sebrae para um aporte econ\u00f4mico. Ser\u00e3o realocados R$ 100 milh\u00f5es por ano do Sebrae para as a\u00e7\u00f5es estrat\u00e9gicas da Embratur, durante cinco anos.<\/p>\n<p style=\"text-align:justify\"><a class=\"fancybox-media\" href=\"..\/_uploads\/_noticia\/2017-04\/embraturassinacomsebrae--2-.jpg\" rel=\"portfolio\"><img decoding=\"async\" alt=\"\" src=\"..\/_uploads\/_noticia\/2017-04\/embraturassinacomsebrae--2-.jpg\" \/><\/a><\/p>\n<p style=\"text-align:justify\"><strong><span style=\"background-color:rgb(255, 255, 255); color:rgb(0, 0, 0)\">Os diretores do Sebrae, Heloisa Menezes e Vinicius Lages entre Vinicius Lummertz e o ministro Marx Beltr\u00e3o<\/span><\/strong><\/p>\n<p style=\"text-align:justify\">Este n\u00e3o \u00e9 o volume de recursos pretendido pois o Sebrae manteve uma posi\u00e7\u00e3o reduzida em rela\u00e7\u00e3o ao valor geral que poder\u00e1 ser coberto por mais dinheiro junto \u00e0s Loterias da Caixa.<\/p>\n<p>\u00a0<\/p>\n<p>\u00a0<\/p>\n<p><\/span><\/p>\n","protected":false},"excerpt":{"rendered":"<p>Passa a ser um servi\u00e7o social auton\u00f4mo e toma o nome de Ag\u00eancia Brasilia de Promo\u00e7\u00e3o do Turismo, inicialmente com recursos de R$ 100 milh\u00f5es do Sebrae<\/p>\n","protected":false},"author":1,"featured_media":0,"comment_status":"open","ping_status":"open","sticky":false,"template":"","format":"standard","meta":{"footnotes":""},"categories":[],"tags":[],"class_list":["post-2144","post","type-post","status-publish","format-standard","hentry"],"yoast_head":"<!-- This site is optimized with the Yoast SEO plugin v26.2 - https:\/\/yoast.com\/wordpress\/plugins\/seo\/ -->\n<title>EMBRATUR TRANSFORMA-SE EM AG\u00caNCIA DE PROMO\u00c7\u00c3O - Travel3<\/title>\n<meta name=\"description\" content=\"A TRAVEL3 \u00e9 um portal de conte\u00fado voltado para o turismo, encontre destinos, viagens, hospedagem, passagens, guias, not\u00edcias sobre o mercado do turismo, dicas de viagem, v\u00eddeos e podcast.\" \/>\n<meta name=\"robots\" content=\"index, follow, max-snippet:-1, max-image-preview:large, max-video-preview:-1\" \/>\n<link rel=\"canonical\" href=\"https:\/\/www.travel3.com.br\/site\/sem-categoria\/embratur-transforma-se-em-agencia-de-promocao\/\" \/>\n<meta property=\"og:locale\" content=\"pt_BR\" \/>\n<meta property=\"og:type\" content=\"article\" \/>\n<meta property=\"og:title\" content=\"EMBRATUR TRANSFORMA-SE EM AG\u00caNCIA DE PROMO\u00c7\u00c3O - Travel3\" \/>\n<meta property=\"og:description\" content=\"A TRAVEL3 \u00e9 um portal de conte\u00fado voltado para o turismo, encontre destinos, viagens, hospedagem, passagens, guias, not\u00edcias sobre o mercado do turismo, dicas de viagem, v\u00eddeos e podcast.\" \/>\n<meta property=\"og:url\" content=\"https:\/\/www.travel3.com.br\/site\/sem-categoria\/embratur-transforma-se-em-agencia-de-promocao\/\" \/>\n<meta property=\"og:site_name\" content=\"Travel3\" \/>\n<meta property=\"article:publisher\" content=\"https:\/\/www.facebook.com\/travel3media\/\" \/>\n<meta property=\"article:published_time\" content=\"2017-08-26T12:11:30+00:00\" \/>\n<meta name=\"author\" content=\"admin\" \/>\n<meta name=\"twitter:card\" content=\"summary_large_image\" \/>\n<meta name=\"twitter:label1\" content=\"Escrito por\" \/>\n\t<meta name=\"twitter:data1\" content=\"admin\" \/>\n\t<meta name=\"twitter:label2\" content=\"Est. tempo de leitura\" \/>\n\t<meta name=\"twitter:data2\" content=\"2 minutos\" \/>\n<script type=\"application\/ld+json\" class=\"yoast-schema-graph\">{\"@context\":\"https:\/\/schema.org\",\"@graph\":[{\"@type\":\"Article\",\"@id\":\"https:\/\/www.travel3.com.br\/site\/sem-categoria\/embratur-transforma-se-em-agencia-de-promocao\/#article\",\"isPartOf\":{\"@id\":\"https:\/\/www.travel3.com.br\/site\/sem-categoria\/embratur-transforma-se-em-agencia-de-promocao\/\"},\"author\":{\"name\":\"admin\",\"@id\":\"https:\/\/www.travel3.com.br\/site\/#\/schema\/person\/a69d71e41a024999b6ab82369ac0bd1e\"},\"headline\":\"EMBRATUR TRANSFORMA-SE EM AG\u00caNCIA DE PROMO\u00c7\u00c3O\",\"datePublished\":\"2017-08-26T12:11:30+00:00\",\"mainEntityOfPage\":{\"@id\":\"https:\/\/www.travel3.com.br\/site\/sem-categoria\/embratur-transforma-se-em-agencia-de-promocao\/\"},\"wordCount\":384,\"commentCount\":0,\"publisher\":{\"@id\":\"https:\/\/www.travel3.com.br\/site\/#organization\"},\"inLanguage\":\"pt-BR\",\"potentialAction\":[{\"@type\":\"CommentAction\",\"name\":\"Comment\",\"target\":[\"https:\/\/www.travel3.com.br\/site\/sem-categoria\/embratur-transforma-se-em-agencia-de-promocao\/#respond\"]}]},{\"@type\":\"WebPage\",\"@id\":\"https:\/\/www.travel3.com.br\/site\/sem-categoria\/embratur-transforma-se-em-agencia-de-promocao\/\",\"url\":\"https:\/\/www.travel3.com.br\/site\/sem-categoria\/embratur-transforma-se-em-agencia-de-promocao\/\",\"name\":\"EMBRATUR TRANSFORMA-SE EM AG\u00caNCIA DE PROMO\u00c7\u00c3O - Travel3\",\"isPartOf\":{\"@id\":\"https:\/\/www.travel3.com.br\/site\/#website\"},\"datePublished\":\"2017-08-26T12:11:30+00:00\",\"description\":\"A TRAVEL3 \u00e9 um portal de conte\u00fado voltado para o turismo, encontre destinos, viagens, hospedagem, passagens, guias, not\u00edcias sobre o mercado do turismo, dicas de viagem, v\u00eddeos e podcast.\",\"breadcrumb\":{\"@id\":\"https:\/\/www.travel3.com.br\/site\/sem-categoria\/embratur-transforma-se-em-agencia-de-promocao\/#breadcrumb\"},\"inLanguage\":\"pt-BR\",\"potentialAction\":[{\"@type\":\"ReadAction\",\"target\":[\"https:\/\/www.travel3.com.br\/site\/sem-categoria\/embratur-transforma-se-em-agencia-de-promocao\/\"]}]},{\"@type\":\"BreadcrumbList\",\"@id\":\"https:\/\/www.travel3.com.br\/site\/sem-categoria\/embratur-transforma-se-em-agencia-de-promocao\/#breadcrumb\",\"itemListElement\":[{\"@type\":\"ListItem\",\"position\":1,\"name\":\"In\u00edcio\",\"item\":\"https:\/\/www.travel3.com.br\/site\/\"},{\"@type\":\"ListItem\",\"position\":2,\"name\":\"EMBRATUR TRANSFORMA-SE EM AG\u00caNCIA DE PROMO\u00c7\u00c3O\"}]},{\"@type\":\"WebSite\",\"@id\":\"https:\/\/www.travel3.com.br\/site\/#website\",\"url\":\"https:\/\/www.travel3.com.br\/site\/\",\"name\":\"Travel3\",\"description\":\"Lazer + Neg&oacute;cios + Aventura\",\"publisher\":{\"@id\":\"https:\/\/www.travel3.com.br\/site\/#organization\"},\"potentialAction\":[{\"@type\":\"SearchAction\",\"target\":{\"@type\":\"EntryPoint\",\"urlTemplate\":\"https:\/\/www.travel3.com.br\/site\/?s={search_term_string}\"},\"query-input\":{\"@type\":\"PropertyValueSpecification\",\"valueRequired\":true,\"valueName\":\"search_term_string\"}}],\"inLanguage\":\"pt-BR\"},{\"@type\":\"Organization\",\"@id\":\"https:\/\/www.travel3.com.br\/site\/#organization\",\"name\":\"Travel3\",\"url\":\"https:\/\/www.travel3.com.br\/site\/\",\"logo\":{\"@type\":\"ImageObject\",\"inLanguage\":\"pt-BR\",\"@id\":\"https:\/\/www.travel3.com.br\/site\/#\/schema\/logo\/image\/\",\"url\":\"https:\/\/www.travel3.com.br\/site\/wp-content\/uploads\/2020\/01\/logo-travel3-2020.png\",\"contentUrl\":\"https:\/\/www.travel3.com.br\/site\/wp-content\/uploads\/2020\/01\/logo-travel3-2020.png\",\"width\":232,\"height\":79,\"caption\":\"Travel3\"},\"image\":{\"@id\":\"https:\/\/www.travel3.com.br\/site\/#\/schema\/logo\/image\/\"},\"sameAs\":[\"https:\/\/www.facebook.com\/travel3media\/\",\"https:\/\/www.instagram.com\/revistatravel3\/\",\"https:\/\/www.youtube.com\/channel\/UCno7J4paGBR3VbZQzvoJ9Eg\"]},{\"@type\":\"Person\",\"@id\":\"https:\/\/www.travel3.com.br\/site\/#\/schema\/person\/a69d71e41a024999b6ab82369ac0bd1e\",\"name\":\"admin\",\"image\":{\"@type\":\"ImageObject\",\"inLanguage\":\"pt-BR\",\"@id\":\"https:\/\/www.travel3.com.br\/site\/#\/schema\/person\/image\/\",\"url\":\"https:\/\/secure.gravatar.com\/avatar\/732a67adfd764da2a47ba10ce731c4c0?s=96&d=mm&r=g\",\"contentUrl\":\"https:\/\/secure.gravatar.com\/avatar\/732a67adfd764da2a47ba10ce731c4c0?s=96&d=mm&r=g\",\"caption\":\"admin\"},\"url\":\"https:\/\/www.travel3.com.br\/site\/author\/admin\/\"}]}<\/script>\n<!-- \/ Yoast SEO plugin. -->","yoast_head_json":{"title":"EMBRATUR TRANSFORMA-SE EM AG\u00caNCIA DE PROMO\u00c7\u00c3O - Travel3","description":"A TRAVEL3 \u00e9 um portal de conte\u00fado voltado para o turismo, encontre destinos, viagens, hospedagem, passagens, guias, not\u00edcias sobre o mercado do turismo, dicas de viagem, v\u00eddeos e podcast.","robots":{"index":"index","follow":"follow","max-snippet":"max-snippet:-1","max-image-preview":"max-image-preview:large","max-video-preview":"max-video-preview:-1"},"canonical":"https:\/\/www.travel3.com.br\/site\/sem-categoria\/embratur-transforma-se-em-agencia-de-promocao\/","og_locale":"pt_BR","og_type":"article","og_title":"EMBRATUR TRANSFORMA-SE EM AG\u00caNCIA DE PROMO\u00c7\u00c3O - Travel3","og_description":"A TRAVEL3 \u00e9 um portal de conte\u00fado voltado para o turismo, encontre destinos, viagens, hospedagem, passagens, guias, not\u00edcias sobre o mercado do turismo, dicas de viagem, v\u00eddeos e podcast.","og_url":"https:\/\/www.travel3.com.br\/site\/sem-categoria\/embratur-transforma-se-em-agencia-de-promocao\/","og_site_name":"Travel3","article_publisher":"https:\/\/www.facebook.com\/travel3media\/","article_published_time":"2017-08-26T12:11:30+00:00","author":"admin","twitter_card":"summary_large_image","twitter_misc":{"Escrito por":"admin","Est. tempo de leitura":"2 minutos"},"schema":{"@context":"https:\/\/schema.org","@graph":[{"@type":"Article","@id":"https:\/\/www.travel3.com.br\/site\/sem-categoria\/embratur-transforma-se-em-agencia-de-promocao\/#article","isPartOf":{"@id":"https:\/\/www.travel3.com.br\/site\/sem-categoria\/embratur-transforma-se-em-agencia-de-promocao\/"},"author":{"name":"admin","@id":"https:\/\/www.travel3.com.br\/site\/#\/schema\/person\/a69d71e41a024999b6ab82369ac0bd1e"},"headline":"EMBRATUR TRANSFORMA-SE EM AG\u00caNCIA DE PROMO\u00c7\u00c3O","datePublished":"2017-08-26T12:11:30+00:00","mainEntityOfPage":{"@id":"https:\/\/www.travel3.com.br\/site\/sem-categoria\/embratur-transforma-se-em-agencia-de-promocao\/"},"wordCount":384,"commentCount":0,"publisher":{"@id":"https:\/\/www.travel3.com.br\/site\/#organization"},"inLanguage":"pt-BR","potentialAction":[{"@type":"CommentAction","name":"Comment","target":["https:\/\/www.travel3.com.br\/site\/sem-categoria\/embratur-transforma-se-em-agencia-de-promocao\/#respond"]}]},{"@type":"WebPage","@id":"https:\/\/www.travel3.com.br\/site\/sem-categoria\/embratur-transforma-se-em-agencia-de-promocao\/","url":"https:\/\/www.travel3.com.br\/site\/sem-categoria\/embratur-transforma-se-em-agencia-de-promocao\/","name":"EMBRATUR TRANSFORMA-SE EM AG\u00caNCIA DE PROMO\u00c7\u00c3O - Travel3","isPartOf":{"@id":"https:\/\/www.travel3.com.br\/site\/#website"},"datePublished":"2017-08-26T12:11:30+00:00","description":"A TRAVEL3 \u00e9 um portal de conte\u00fado voltado para o turismo, encontre destinos, viagens, hospedagem, passagens, guias, not\u00edcias sobre o mercado do turismo, dicas de viagem, v\u00eddeos e podcast.","breadcrumb":{"@id":"https:\/\/www.travel3.com.br\/site\/sem-categoria\/embratur-transforma-se-em-agencia-de-promocao\/#breadcrumb"},"inLanguage":"pt-BR","potentialAction":[{"@type":"ReadAction","target":["https:\/\/www.travel3.com.br\/site\/sem-categoria\/embratur-transforma-se-em-agencia-de-promocao\/"]}]},{"@type":"BreadcrumbList","@id":"https:\/\/www.travel3.com.br\/site\/sem-categoria\/embratur-transforma-se-em-agencia-de-promocao\/#breadcrumb","itemListElement":[{"@type":"ListItem","position":1,"name":"In\u00edcio","item":"https:\/\/www.travel3.com.br\/site\/"},{"@type":"ListItem","position":2,"name":"EMBRATUR TRANSFORMA-SE EM AG\u00caNCIA DE PROMO\u00c7\u00c3O"}]},{"@type":"WebSite","@id":"https:\/\/www.travel3.com.br\/site\/#website","url":"https:\/\/www.travel3.com.br\/site\/","name":"Travel3","description":"Lazer + Neg&oacute;cios + Aventura","publisher":{"@id":"https:\/\/www.travel3.com.br\/site\/#organization"},"potentialAction":[{"@type":"SearchAction","target":{"@type":"EntryPoint","urlTemplate":"https:\/\/www.travel3.com.br\/site\/?s={search_term_string}"},"query-input":{"@type":"PropertyValueSpecification","valueRequired":true,"valueName":"search_term_string"}}],"inLanguage":"pt-BR"},{"@type":"Organization","@id":"https:\/\/www.travel3.com.br\/site\/#organization","name":"Travel3","url":"https:\/\/www.travel3.com.br\/site\/","logo":{"@type":"ImageObject","inLanguage":"pt-BR","@id":"https:\/\/www.travel3.com.br\/site\/#\/schema\/logo\/image\/","url":"https:\/\/www.travel3.com.br\/site\/wp-content\/uploads\/2020\/01\/logo-travel3-2020.png","contentUrl":"https:\/\/www.travel3.com.br\/site\/wp-content\/uploads\/2020\/01\/logo-travel3-2020.png","width":232,"height":79,"caption":"Travel3"},"image":{"@id":"https:\/\/www.travel3.com.br\/site\/#\/schema\/logo\/image\/"},"sameAs":["https:\/\/www.facebook.com\/travel3media\/","https:\/\/www.instagram.com\/revistatravel3\/","https:\/\/www.youtube.com\/channel\/UCno7J4paGBR3VbZQzvoJ9Eg"]},{"@type":"Person","@id":"https:\/\/www.travel3.com.br\/site\/#\/schema\/person\/a69d71e41a024999b6ab82369ac0bd1e","name":"admin","image":{"@type":"ImageObject","inLanguage":"pt-BR","@id":"https:\/\/www.travel3.com.br\/site\/#\/schema\/person\/image\/","url":"https:\/\/secure.gravatar.com\/avatar\/732a67adfd764da2a47ba10ce731c4c0?s=96&d=mm&r=g","contentUrl":"https:\/\/secure.gravatar.com\/avatar\/732a67adfd764da2a47ba10ce731c4c0?s=96&d=mm&r=g","caption":"admin"},"url":"https:\/\/www.travel3.com.br\/site\/author\/admin\/"}]}},"_links":{"self":[{"href":"https:\/\/www.travel3.com.br\/site\/wp-json\/wp\/v2\/posts\/2144","targetHints":{"allow":["GET"]}}],"collection":[{"href":"https:\/\/www.travel3.com.br\/site\/wp-json\/wp\/v2\/posts"}],"about":[{"href":"https:\/\/www.travel3.com.br\/site\/wp-json\/wp\/v2\/types\/post"}],"author":[{"embeddable":true,"href":"https:\/\/www.travel3.com.br\/site\/wp-json\/wp\/v2\/users\/1"}],"replies":[{"embeddable":true,"href":"https:\/\/www.travel3.com.br\/site\/wp-json\/wp\/v2\/comments?post=2144"}],"version-history":[{"count":0,"href":"https:\/\/www.travel3.com.br\/site\/wp-json\/wp\/v2\/posts\/2144\/revisions"}],"wp:attachment":[{"href":"https:\/\/www.travel3.com.br\/site\/wp-json\/wp\/v2\/media?parent=2144"}],"wp:term":[{"taxonomy":"category","embeddable":true,"href":"https:\/\/www.travel3.com.br\/site\/wp-json\/wp\/v2\/categories?post=2144"},{"taxonomy":"post_tag","embeddable":true,"href":"https:\/\/www.travel3.com.br\/site\/wp-json\/wp\/v2\/tags?post=2144"}],"curies":[{"name":"wp","href":"https:\/\/api.w.org\/{rel}","templated":true}]}}