{"id":21251,"date":"2019-04-02T08:30:01","date_gmt":"2019-04-02T11:30:01","guid":{"rendered":"http:\/\/www.travel3.com.br\/?p=21251"},"modified":"2019-03-30T20:18:39","modified_gmt":"2019-03-30T23:18:39","slug":"premiacao-virtuoso-marca-20-anos-da-grife-no-brasil","status":"publish","type":"post","link":"https:\/\/www.travel3.com.br\/site\/acontece-no-turismo\/eventos-e-feiras\/premiacao-virtuoso-marca-20-anos-da-grife-no-brasil\/","title":{"rendered":"Premia\u00e7\u00e3o Virtuoso marca 20 anos da grife no Brasil"},"content":{"rendered":"\n<p style=\"font-size:26px\"><strong>Em sua 3\u00aa edi\u00e7\u00e3o, Virtuoso Travel Week On Tour aconteceu em S\u00e3o Paulo<\/strong><\/p>\n\n\n\n<p>O Pal\u00e1cio Tangar\u00e1 foi palco das comemora\u00e7\u00f5es pelos 20 anos da marca Virtuoso, que conecta ag\u00eancias e fornecedores especializados em experi\u00eancias de luxo em todo o mundo.<\/p>\n\n\n\n<p>As celebra\u00e7\u00f5es aconteceram juntamente com a 3\u00aa edi\u00e7\u00e3o da Virtuoso Travel Week On Tour, semelhante ao grande encontro anual que acontece em Las Vegas. <\/p>\n\n\n\n<p>O evento contou com a presen\u00e7a da diretora geral de Rela\u00e7\u00f5es P\u00fablicas Globais do Virtuoso, Misty Belles e terminou com um jantar de premia\u00e7\u00e3o oferecido por Matthew Upchurch, CEO do Virtuoso.<\/p>\n\n\n\n<p>J\u00e1 as reuni\u00f5es, com 8 minutos de dura\u00e7\u00e3o na parte da manh\u00e3 e 4 minutos no per\u00edodo da tarde totalizaram 1.800 encontros, em que 50 representantes de parceiros Virtuoso se encontraram com os agentes de viagem participantes, apresentando novidades em produtos e servi\u00e7os. <\/p>\n\n\n\n<p>Durante o jantar, os Regional Awards foram entregues aos homenageados, em diversas categorias.<\/p>\n\n\n\n<h2 class=\"wp-block-heading\">Confira as categorias e os ganhadores dos Virtuoso Regional Awards<strong>R<\/strong><\/h2>\n\n\n\n<p class=\"has-medium-font-size\"><strong>Ag\u00eancia Mais Engajada\u00a0= <\/strong>Interpoint Viagens e Turismo<\/p>\n\n\n\n<p class=\"has-medium-font-size\"><strong>Maior Crescimento Anual\u00a0= <\/strong>Queensberry Viagens<\/p>\n\n\n\n<p class=\"has-medium-font-size\"><strong>Ag\u00eancia Mais Hospitaleira\u00a0=<\/strong> Matuet\u00e9 Worldwide<\/p>\n\n\n\n<p class=\"has-medium-font-size\"><strong>Rising Star\u00a0=<\/strong> Thales Silveira (NovaSafari)<\/p>\n\n\n\n<p class=\"has-medium-font-size\"><strong>Consultor Virtuoso Mais inovador\u00a0=<\/strong> Danielle Andreazzi (PrimeTour)<\/p>\n\n\n\n<p class=\"has-medium-font-size\"><strong>Parceiro preferencial mais engajado\u00a0=<\/strong> Silversea Cruises<\/p>\n\n\n\n<p class=\"has-medium-font-size\"><strong>Maior Crescimento Anual | Cruzeiros\u00a0=<\/strong> Uniworld<\/p>\n\n\n\n<p class=\"has-medium-font-size\"><strong>Maior Crescimento Anual | DMC\u00a0=<\/strong> Sea Song Tours &#8211; Turkey<\/p>\n\n\n\n<p class=\"has-medium-font-size\"><strong>Maior Crescimento Anual | Hotel = <\/strong>Faena Hotel Miami Beach<\/p>\n","protected":false},"excerpt":{"rendered":"<p>Em sua 3\u00aa edi\u00e7\u00e3o, Virtuoso Travel Week On Tour aconteceu em S\u00e3o Paulo O Pal\u00e1cio Tangar\u00e1 foi palco das comemora\u00e7\u00f5es pelos 20 anos da marca Virtuoso, que conecta ag\u00eancias e fornecedores especializados em experi\u00eancias de luxo em todo o mundo. As celebra\u00e7\u00f5es aconteceram juntamente com a 3\u00aa edi\u00e7\u00e3o da Virtuoso Travel Week On Tour, semelhante [&hellip;]<\/p>\n","protected":false},"author":4,"featured_media":21253,"comment_status":"open","ping_status":"open","sticky":false,"template":"","format":"standard","meta":{"footnotes":""},"categories":[969,226,5,3,4],"tags":[3107,2545],"class_list":["post-21251","post","type-post","status-publish","format-standard","has-post-thumbnail","hentry","category-acontece-no-turismo","category-destaque","category-eventos-e-feiras","category-negocios","category-operadoras","tag-palacio-tangara","tag-virtuoso"],"yoast_head":"<!-- This site is optimized with the Yoast SEO plugin v26.2 - https:\/\/yoast.com\/wordpress\/plugins\/seo\/ -->\n<title>Premia\u00e7\u00e3o Virtuoso marca 20 anos da grife no Brasil - Travel3<\/title>\n<meta name=\"description\" content=\"A TRAVEL3 \u00e9 um portal de conte\u00fado voltado para o turismo, encontre destinos, viagens, hospedagem, passagens, guias, not\u00edcias sobre o mercado do turismo, dicas de viagem, v\u00eddeos e podcast.\" \/>\n<meta name=\"robots\" content=\"index, follow, max-snippet:-1, max-image-preview:large, max-video-preview:-1\" \/>\n<link rel=\"canonical\" href=\"https:\/\/www.travel3.com.br\/site\/acontece-no-turismo\/eventos-e-feiras\/premiacao-virtuoso-marca-20-anos-da-grife-no-brasil\/\" \/>\n<meta property=\"og:locale\" content=\"pt_BR\" \/>\n<meta property=\"og:type\" content=\"article\" \/>\n<meta property=\"og:title\" content=\"Premia\u00e7\u00e3o Virtuoso marca 20 anos da grife no Brasil - Travel3\" \/>\n<meta property=\"og:description\" content=\"A TRAVEL3 \u00e9 um portal de conte\u00fado voltado para o turismo, encontre destinos, viagens, hospedagem, passagens, guias, not\u00edcias sobre o mercado do turismo, dicas de viagem, v\u00eddeos e podcast.\" \/>\n<meta property=\"og:url\" content=\"https:\/\/www.travel3.com.br\/site\/acontece-no-turismo\/eventos-e-feiras\/premiacao-virtuoso-marca-20-anos-da-grife-no-brasil\/\" \/>\n<meta property=\"og:site_name\" content=\"Travel3\" \/>\n<meta property=\"article:publisher\" content=\"https:\/\/www.facebook.com\/travel3media\/\" \/>\n<meta property=\"article:published_time\" content=\"2019-04-02T11:30:01+00:00\" \/>\n<meta property=\"og:image\" content=\"https:\/\/www.travel3.com.br\/site\/wp-content\/uploads\/2019\/03\/Virtuoso-Brasil.jpg\" \/>\n\t<meta property=\"og:image:width\" content=\"696\" \/>\n\t<meta property=\"og:image:height\" content=\"433\" \/>\n\t<meta property=\"og:image:type\" content=\"image\/jpeg\" \/>\n<meta name=\"author\" content=\"Claudia Tonaco\" \/>\n<meta name=\"twitter:card\" content=\"summary_large_image\" \/>\n<meta name=\"twitter:label1\" content=\"Escrito por\" \/>\n\t<meta name=\"twitter:data1\" content=\"Claudia Tonaco\" \/>\n\t<meta name=\"twitter:label2\" content=\"Est. tempo de leitura\" \/>\n\t<meta name=\"twitter:data2\" content=\"1 minuto\" \/>\n<script type=\"application\/ld+json\" class=\"yoast-schema-graph\">{\"@context\":\"https:\/\/schema.org\",\"@graph\":[{\"@type\":\"Article\",\"@id\":\"https:\/\/www.travel3.com.br\/site\/acontece-no-turismo\/eventos-e-feiras\/premiacao-virtuoso-marca-20-anos-da-grife-no-brasil\/#article\",\"isPartOf\":{\"@id\":\"https:\/\/www.travel3.com.br\/site\/acontece-no-turismo\/eventos-e-feiras\/premiacao-virtuoso-marca-20-anos-da-grife-no-brasil\/\"},\"author\":{\"name\":\"Claudia Tonaco\",\"@id\":\"https:\/\/www.travel3.com.br\/site\/#\/schema\/person\/ad24a6ccba88dcd54877f3d2fb76c605\"},\"headline\":\"Premia\u00e7\u00e3o Virtuoso marca 20 anos da grife no Brasil\",\"datePublished\":\"2019-04-02T11:30:01+00:00\",\"mainEntityOfPage\":{\"@id\":\"https:\/\/www.travel3.com.br\/site\/acontece-no-turismo\/eventos-e-feiras\/premiacao-virtuoso-marca-20-anos-da-grife-no-brasil\/\"},\"wordCount\":238,\"commentCount\":0,\"publisher\":{\"@id\":\"https:\/\/www.travel3.com.br\/site\/#organization\"},\"image\":{\"@id\":\"https:\/\/www.travel3.com.br\/site\/acontece-no-turismo\/eventos-e-feiras\/premiacao-virtuoso-marca-20-anos-da-grife-no-brasil\/#primaryimage\"},\"thumbnailUrl\":\"https:\/\/www.travel3.com.br\/site\/wp-content\/uploads\/2019\/03\/Virtuoso-Brasil.jpg\",\"keywords\":[\"pal\u00e1cio tangar\u00e1\",\"Virtuoso\"],\"articleSection\":[\"Acontece no Turismo\",\"Destaque\",\"Eventos e Feiras\",\"Neg\u00f3cios\",\"Operadoras\"],\"inLanguage\":\"pt-BR\",\"potentialAction\":[{\"@type\":\"CommentAction\",\"name\":\"Comment\",\"target\":[\"https:\/\/www.travel3.com.br\/site\/acontece-no-turismo\/eventos-e-feiras\/premiacao-virtuoso-marca-20-anos-da-grife-no-brasil\/#respond\"]}]},{\"@type\":\"WebPage\",\"@id\":\"https:\/\/www.travel3.com.br\/site\/acontece-no-turismo\/eventos-e-feiras\/premiacao-virtuoso-marca-20-anos-da-grife-no-brasil\/\",\"url\":\"https:\/\/www.travel3.com.br\/site\/acontece-no-turismo\/eventos-e-feiras\/premiacao-virtuoso-marca-20-anos-da-grife-no-brasil\/\",\"name\":\"Premia\u00e7\u00e3o Virtuoso marca 20 anos da grife no Brasil - Travel3\",\"isPartOf\":{\"@id\":\"https:\/\/www.travel3.com.br\/site\/#website\"},\"primaryImageOfPage\":{\"@id\":\"https:\/\/www.travel3.com.br\/site\/acontece-no-turismo\/eventos-e-feiras\/premiacao-virtuoso-marca-20-anos-da-grife-no-brasil\/#primaryimage\"},\"image\":{\"@id\":\"https:\/\/www.travel3.com.br\/site\/acontece-no-turismo\/eventos-e-feiras\/premiacao-virtuoso-marca-20-anos-da-grife-no-brasil\/#primaryimage\"},\"thumbnailUrl\":\"https:\/\/www.travel3.com.br\/site\/wp-content\/uploads\/2019\/03\/Virtuoso-Brasil.jpg\",\"datePublished\":\"2019-04-02T11:30:01+00:00\",\"description\":\"A TRAVEL3 \u00e9 um portal de conte\u00fado voltado para o turismo, encontre destinos, viagens, hospedagem, passagens, guias, not\u00edcias sobre o mercado do turismo, dicas de viagem, v\u00eddeos e podcast.\",\"breadcrumb\":{\"@id\":\"https:\/\/www.travel3.com.br\/site\/acontece-no-turismo\/eventos-e-feiras\/premiacao-virtuoso-marca-20-anos-da-grife-no-brasil\/#breadcrumb\"},\"inLanguage\":\"pt-BR\",\"potentialAction\":[{\"@type\":\"ReadAction\",\"target\":[\"https:\/\/www.travel3.com.br\/site\/acontece-no-turismo\/eventos-e-feiras\/premiacao-virtuoso-marca-20-anos-da-grife-no-brasil\/\"]}]},{\"@type\":\"ImageObject\",\"inLanguage\":\"pt-BR\",\"@id\":\"https:\/\/www.travel3.com.br\/site\/acontece-no-turismo\/eventos-e-feiras\/premiacao-virtuoso-marca-20-anos-da-grife-no-brasil\/#primaryimage\",\"url\":\"https:\/\/www.travel3.com.br\/site\/wp-content\/uploads\/2019\/03\/Virtuoso-Brasil.jpg\",\"contentUrl\":\"https:\/\/www.travel3.com.br\/site\/wp-content\/uploads\/2019\/03\/Virtuoso-Brasil.jpg\",\"width\":696,\"height\":433,\"caption\":\"Os homenageados do jantar que comemorou os 20 anos da marca Virtuoso no Brasil (Foto: Divulga\u00e7\u00e3o\"},{\"@type\":\"BreadcrumbList\",\"@id\":\"https:\/\/www.travel3.com.br\/site\/acontece-no-turismo\/eventos-e-feiras\/premiacao-virtuoso-marca-20-anos-da-grife-no-brasil\/#breadcrumb\",\"itemListElement\":[{\"@type\":\"ListItem\",\"position\":1,\"name\":\"In\u00edcio\",\"item\":\"https:\/\/www.travel3.com.br\/site\/\"},{\"@type\":\"ListItem\",\"position\":2,\"name\":\"Premia\u00e7\u00e3o Virtuoso marca 20 anos da grife no Brasil\"}]},{\"@type\":\"WebSite\",\"@id\":\"https:\/\/www.travel3.com.br\/site\/#website\",\"url\":\"https:\/\/www.travel3.com.br\/site\/\",\"name\":\"Travel3\",\"description\":\"Lazer + Neg&oacute;cios + Aventura\",\"publisher\":{\"@id\":\"https:\/\/www.travel3.com.br\/site\/#organization\"},\"potentialAction\":[{\"@type\":\"SearchAction\",\"target\":{\"@type\":\"EntryPoint\",\"urlTemplate\":\"https:\/\/www.travel3.com.br\/site\/?s={search_term_string}\"},\"query-input\":{\"@type\":\"PropertyValueSpecification\",\"valueRequired\":true,\"valueName\":\"search_term_string\"}}],\"inLanguage\":\"pt-BR\"},{\"@type\":\"Organization\",\"@id\":\"https:\/\/www.travel3.com.br\/site\/#organization\",\"name\":\"Travel3\",\"url\":\"https:\/\/www.travel3.com.br\/site\/\",\"logo\":{\"@type\":\"ImageObject\",\"inLanguage\":\"pt-BR\",\"@id\":\"https:\/\/www.travel3.com.br\/site\/#\/schema\/logo\/image\/\",\"url\":\"https:\/\/www.travel3.com.br\/site\/wp-content\/uploads\/2020\/01\/logo-travel3-2020.png\",\"contentUrl\":\"https:\/\/www.travel3.com.br\/site\/wp-content\/uploads\/2020\/01\/logo-travel3-2020.png\",\"width\":232,\"height\":79,\"caption\":\"Travel3\"},\"image\":{\"@id\":\"https:\/\/www.travel3.com.br\/site\/#\/schema\/logo\/image\/\"},\"sameAs\":[\"https:\/\/www.facebook.com\/travel3media\/\",\"https:\/\/www.instagram.com\/revistatravel3\/\",\"https:\/\/www.youtube.com\/channel\/UCno7J4paGBR3VbZQzvoJ9Eg\"]},{\"@type\":\"Person\",\"@id\":\"https:\/\/www.travel3.com.br\/site\/#\/schema\/person\/ad24a6ccba88dcd54877f3d2fb76c605\",\"name\":\"Claudia Tonaco\",\"image\":{\"@type\":\"ImageObject\",\"inLanguage\":\"pt-BR\",\"@id\":\"https:\/\/www.travel3.com.br\/site\/#\/schema\/person\/image\/\",\"url\":\"https:\/\/secure.gravatar.com\/avatar\/7c64bb31135bb8c28f49658a042f8b8a?s=96&d=mm&r=g\",\"contentUrl\":\"https:\/\/secure.gravatar.com\/avatar\/7c64bb31135bb8c28f49658a042f8b8a?s=96&d=mm&r=g\",\"caption\":\"Claudia Tonaco\"},\"sameAs\":[\"http:\/\/www.travel3.com.br\"],\"url\":\"https:\/\/www.travel3.com.br\/site\/author\/tonaco\/\"}]}<\/script>\n<!-- \/ Yoast SEO plugin. -->","yoast_head_json":{"title":"Premia\u00e7\u00e3o Virtuoso marca 20 anos da grife no Brasil - Travel3","description":"A TRAVEL3 \u00e9 um portal de conte\u00fado voltado para o turismo, encontre destinos, viagens, hospedagem, passagens, guias, not\u00edcias sobre o mercado do turismo, dicas de viagem, v\u00eddeos e podcast.","robots":{"index":"index","follow":"follow","max-snippet":"max-snippet:-1","max-image-preview":"max-image-preview:large","max-video-preview":"max-video-preview:-1"},"canonical":"https:\/\/www.travel3.com.br\/site\/acontece-no-turismo\/eventos-e-feiras\/premiacao-virtuoso-marca-20-anos-da-grife-no-brasil\/","og_locale":"pt_BR","og_type":"article","og_title":"Premia\u00e7\u00e3o Virtuoso marca 20 anos da grife no Brasil - Travel3","og_description":"A TRAVEL3 \u00e9 um portal de conte\u00fado voltado para o turismo, encontre destinos, viagens, hospedagem, passagens, guias, not\u00edcias sobre o mercado do turismo, dicas de viagem, v\u00eddeos e podcast.","og_url":"https:\/\/www.travel3.com.br\/site\/acontece-no-turismo\/eventos-e-feiras\/premiacao-virtuoso-marca-20-anos-da-grife-no-brasil\/","og_site_name":"Travel3","article_publisher":"https:\/\/www.facebook.com\/travel3media\/","article_published_time":"2019-04-02T11:30:01+00:00","og_image":[{"width":696,"height":433,"url":"https:\/\/www.travel3.com.br\/site\/wp-content\/uploads\/2019\/03\/Virtuoso-Brasil.jpg","type":"image\/jpeg"}],"author":"Claudia Tonaco","twitter_card":"summary_large_image","twitter_misc":{"Escrito por":"Claudia Tonaco","Est. tempo de leitura":"1 minuto"},"schema":{"@context":"https:\/\/schema.org","@graph":[{"@type":"Article","@id":"https:\/\/www.travel3.com.br\/site\/acontece-no-turismo\/eventos-e-feiras\/premiacao-virtuoso-marca-20-anos-da-grife-no-brasil\/#article","isPartOf":{"@id":"https:\/\/www.travel3.com.br\/site\/acontece-no-turismo\/eventos-e-feiras\/premiacao-virtuoso-marca-20-anos-da-grife-no-brasil\/"},"author":{"name":"Claudia Tonaco","@id":"https:\/\/www.travel3.com.br\/site\/#\/schema\/person\/ad24a6ccba88dcd54877f3d2fb76c605"},"headline":"Premia\u00e7\u00e3o Virtuoso marca 20 anos da grife no Brasil","datePublished":"2019-04-02T11:30:01+00:00","mainEntityOfPage":{"@id":"https:\/\/www.travel3.com.br\/site\/acontece-no-turismo\/eventos-e-feiras\/premiacao-virtuoso-marca-20-anos-da-grife-no-brasil\/"},"wordCount":238,"commentCount":0,"publisher":{"@id":"https:\/\/www.travel3.com.br\/site\/#organization"},"image":{"@id":"https:\/\/www.travel3.com.br\/site\/acontece-no-turismo\/eventos-e-feiras\/premiacao-virtuoso-marca-20-anos-da-grife-no-brasil\/#primaryimage"},"thumbnailUrl":"https:\/\/www.travel3.com.br\/site\/wp-content\/uploads\/2019\/03\/Virtuoso-Brasil.jpg","keywords":["pal\u00e1cio tangar\u00e1","Virtuoso"],"articleSection":["Acontece no Turismo","Destaque","Eventos e Feiras","Neg\u00f3cios","Operadoras"],"inLanguage":"pt-BR","potentialAction":[{"@type":"CommentAction","name":"Comment","target":["https:\/\/www.travel3.com.br\/site\/acontece-no-turismo\/eventos-e-feiras\/premiacao-virtuoso-marca-20-anos-da-grife-no-brasil\/#respond"]}]},{"@type":"WebPage","@id":"https:\/\/www.travel3.com.br\/site\/acontece-no-turismo\/eventos-e-feiras\/premiacao-virtuoso-marca-20-anos-da-grife-no-brasil\/","url":"https:\/\/www.travel3.com.br\/site\/acontece-no-turismo\/eventos-e-feiras\/premiacao-virtuoso-marca-20-anos-da-grife-no-brasil\/","name":"Premia\u00e7\u00e3o Virtuoso marca 20 anos da grife no Brasil - Travel3","isPartOf":{"@id":"https:\/\/www.travel3.com.br\/site\/#website"},"primaryImageOfPage":{"@id":"https:\/\/www.travel3.com.br\/site\/acontece-no-turismo\/eventos-e-feiras\/premiacao-virtuoso-marca-20-anos-da-grife-no-brasil\/#primaryimage"},"image":{"@id":"https:\/\/www.travel3.com.br\/site\/acontece-no-turismo\/eventos-e-feiras\/premiacao-virtuoso-marca-20-anos-da-grife-no-brasil\/#primaryimage"},"thumbnailUrl":"https:\/\/www.travel3.com.br\/site\/wp-content\/uploads\/2019\/03\/Virtuoso-Brasil.jpg","datePublished":"2019-04-02T11:30:01+00:00","description":"A TRAVEL3 \u00e9 um portal de conte\u00fado voltado para o turismo, encontre destinos, viagens, hospedagem, passagens, guias, not\u00edcias sobre o mercado do turismo, dicas de viagem, v\u00eddeos e podcast.","breadcrumb":{"@id":"https:\/\/www.travel3.com.br\/site\/acontece-no-turismo\/eventos-e-feiras\/premiacao-virtuoso-marca-20-anos-da-grife-no-brasil\/#breadcrumb"},"inLanguage":"pt-BR","potentialAction":[{"@type":"ReadAction","target":["https:\/\/www.travel3.com.br\/site\/acontece-no-turismo\/eventos-e-feiras\/premiacao-virtuoso-marca-20-anos-da-grife-no-brasil\/"]}]},{"@type":"ImageObject","inLanguage":"pt-BR","@id":"https:\/\/www.travel3.com.br\/site\/acontece-no-turismo\/eventos-e-feiras\/premiacao-virtuoso-marca-20-anos-da-grife-no-brasil\/#primaryimage","url":"https:\/\/www.travel3.com.br\/site\/wp-content\/uploads\/2019\/03\/Virtuoso-Brasil.jpg","contentUrl":"https:\/\/www.travel3.com.br\/site\/wp-content\/uploads\/2019\/03\/Virtuoso-Brasil.jpg","width":696,"height":433,"caption":"Os homenageados do jantar que comemorou os 20 anos da marca Virtuoso no Brasil (Foto: Divulga\u00e7\u00e3o"},{"@type":"BreadcrumbList","@id":"https:\/\/www.travel3.com.br\/site\/acontece-no-turismo\/eventos-e-feiras\/premiacao-virtuoso-marca-20-anos-da-grife-no-brasil\/#breadcrumb","itemListElement":[{"@type":"ListItem","position":1,"name":"In\u00edcio","item":"https:\/\/www.travel3.com.br\/site\/"},{"@type":"ListItem","position":2,"name":"Premia\u00e7\u00e3o Virtuoso marca 20 anos da grife no Brasil"}]},{"@type":"WebSite","@id":"https:\/\/www.travel3.com.br\/site\/#website","url":"https:\/\/www.travel3.com.br\/site\/","name":"Travel3","description":"Lazer + Neg&oacute;cios + Aventura","publisher":{"@id":"https:\/\/www.travel3.com.br\/site\/#organization"},"potentialAction":[{"@type":"SearchAction","target":{"@type":"EntryPoint","urlTemplate":"https:\/\/www.travel3.com.br\/site\/?s={search_term_string}"},"query-input":{"@type":"PropertyValueSpecification","valueRequired":true,"valueName":"search_term_string"}}],"inLanguage":"pt-BR"},{"@type":"Organization","@id":"https:\/\/www.travel3.com.br\/site\/#organization","name":"Travel3","url":"https:\/\/www.travel3.com.br\/site\/","logo":{"@type":"ImageObject","inLanguage":"pt-BR","@id":"https:\/\/www.travel3.com.br\/site\/#\/schema\/logo\/image\/","url":"https:\/\/www.travel3.com.br\/site\/wp-content\/uploads\/2020\/01\/logo-travel3-2020.png","contentUrl":"https:\/\/www.travel3.com.br\/site\/wp-content\/uploads\/2020\/01\/logo-travel3-2020.png","width":232,"height":79,"caption":"Travel3"},"image":{"@id":"https:\/\/www.travel3.com.br\/site\/#\/schema\/logo\/image\/"},"sameAs":["https:\/\/www.facebook.com\/travel3media\/","https:\/\/www.instagram.com\/revistatravel3\/","https:\/\/www.youtube.com\/channel\/UCno7J4paGBR3VbZQzvoJ9Eg"]},{"@type":"Person","@id":"https:\/\/www.travel3.com.br\/site\/#\/schema\/person\/ad24a6ccba88dcd54877f3d2fb76c605","name":"Claudia Tonaco","image":{"@type":"ImageObject","inLanguage":"pt-BR","@id":"https:\/\/www.travel3.com.br\/site\/#\/schema\/person\/image\/","url":"https:\/\/secure.gravatar.com\/avatar\/7c64bb31135bb8c28f49658a042f8b8a?s=96&d=mm&r=g","contentUrl":"https:\/\/secure.gravatar.com\/avatar\/7c64bb31135bb8c28f49658a042f8b8a?s=96&d=mm&r=g","caption":"Claudia Tonaco"},"sameAs":["http:\/\/www.travel3.com.br"],"url":"https:\/\/www.travel3.com.br\/site\/author\/tonaco\/"}]}},"_links":{"self":[{"href":"https:\/\/www.travel3.com.br\/site\/wp-json\/wp\/v2\/posts\/21251","targetHints":{"allow":["GET"]}}],"collection":[{"href":"https:\/\/www.travel3.com.br\/site\/wp-json\/wp\/v2\/posts"}],"about":[{"href":"https:\/\/www.travel3.com.br\/site\/wp-json\/wp\/v2\/types\/post"}],"author":[{"embeddable":true,"href":"https:\/\/www.travel3.com.br\/site\/wp-json\/wp\/v2\/users\/4"}],"replies":[{"embeddable":true,"href":"https:\/\/www.travel3.com.br\/site\/wp-json\/wp\/v2\/comments?post=21251"}],"version-history":[{"count":2,"href":"https:\/\/www.travel3.com.br\/site\/wp-json\/wp\/v2\/posts\/21251\/revisions"}],"predecessor-version":[{"id":21254,"href":"https:\/\/www.travel3.com.br\/site\/wp-json\/wp\/v2\/posts\/21251\/revisions\/21254"}],"wp:featuredmedia":[{"embeddable":true,"href":"https:\/\/www.travel3.com.br\/site\/wp-json\/wp\/v2\/media\/21253"}],"wp:attachment":[{"href":"https:\/\/www.travel3.com.br\/site\/wp-json\/wp\/v2\/media?parent=21251"}],"wp:term":[{"taxonomy":"category","embeddable":true,"href":"https:\/\/www.travel3.com.br\/site\/wp-json\/wp\/v2\/categories?post=21251"},{"taxonomy":"post_tag","embeddable":true,"href":"https:\/\/www.travel3.com.br\/site\/wp-json\/wp\/v2\/tags?post=21251"}],"curies":[{"name":"wp","href":"https:\/\/api.w.org\/{rel}","templated":true}]}}