{"id":21209,"date":"2019-04-01T08:30:53","date_gmt":"2019-04-01T11:30:53","guid":{"rendered":"http:\/\/www.travel3.com.br\/?p=21209"},"modified":"2019-04-02T23:40:27","modified_gmt":"2019-04-03T02:40:27","slug":"peru","status":"publish","type":"post","link":"https:\/\/www.travel3.com.br\/site\/acontece-no-turismo\/eventos-e-feiras\/peru\/","title":{"rendered":"Peru = Experi\u00eancias culturais + gastron\u00f4micas + emocionantes"},"content":{"rendered":"\n<p style=\"font-size:26px;text-align:center\"><strong>Milagros Ochoa, diretora Brasil do Escrit\u00f3rio de Turismo do Peru, destaca as novidades do turismo peruano<\/strong><\/p>\n\n\n\n<p class=\"has-medium-font-size\">Durante o 1\u00ba Encontro Am\u00e9rica do Sul promovido pela Orinter Tour &amp; Travel, a Reportagem Travel3 conversou com Milagros Ochoa, diretora Brasil do Escrit\u00f3rio de Turismo do Peru, para saber as novidades que o destino tem trabalhado nesta e nas pr\u00f3ximas temporadas.<\/p>\n\n\n\n<h2 class=\"wp-block-heading\"><strong>Parceria com a Orinter<\/strong><\/h2>\n\n\n\n<p class=\"has-medium-font-size\">A Orinter Tour &amp; Travel \u00e9 hoje uma das principais operadoras de turismo do Brasil e, como parceiros, o Destino Peru n\u00e3o podia deixar de estar no 1\u00ba Encontro Am\u00e9rica do Sul. Fato \u00e9 que as vendas de Peru, feitas pela Orinter t\u00eam crescido ano a ano, o que nos deixa muito felizes. Como temos muitas novidades, algumas ainda desconhecidas dos agentes de viagem, decidimos realizar 2 treinamentos durante o evento.<\/p>\n\n\n\n<figure class=\"wp-block-image\"><img loading=\"lazy\" decoding=\"async\" width=\"1920\" height=\"1278\" src=\"http:\/\/www.travel3.com.br\/site\/wp-content\/uploads\/2019\/03\/PROMPERU_A.jpg\" alt=\"Peru Promperu\" class=\"wp-image-21225\" srcset=\"https:\/\/www.travel3.com.br\/site\/wp-content\/uploads\/2019\/03\/PROMPERU_A.jpg 1920w, https:\/\/www.travel3.com.br\/site\/wp-content\/uploads\/2019\/03\/PROMPERU_A-300x200.jpg 300w, https:\/\/www.travel3.com.br\/site\/wp-content\/uploads\/2019\/03\/PROMPERU_A-768x511.jpg 768w, https:\/\/www.travel3.com.br\/site\/wp-content\/uploads\/2019\/03\/PROMPERU_A-1024x682.jpg 1024w, https:\/\/www.travel3.com.br\/site\/wp-content\/uploads\/2019\/03\/PROMPERU_A-750x499.jpg 750w, https:\/\/www.travel3.com.br\/site\/wp-content\/uploads\/2019\/03\/PROMPERU_A-1140x759.jpg 1140w\" sizes=\"auto, (max-width: 1920px) 100vw, 1920px\" \/><figcaption>Piqueniques no deserto cercado de toda a infraestrutura e com um chef \u00e0 disposi\u00e7\u00e3o \u00e9 uma das luxuosas novidades do turismo peruano (Fotos: Promperu\/Divulga\u00e7\u00e3o)<\/figcaption><\/figure>\n\n\n\n<p class=\"has-medium-font-size\">Um foi feito na parte da manh\u00e3 e outro na parte da tarde, para as diversas caravanas que vieram de todos os pontos do Brasil. Foi o momento ideal para capacitarmos os agentes de viagem que n\u00e3o conheciam o Peru, ou conheciam e tinham d\u00favidas sobre alguma regi\u00e3o ou cidade em particular, ou buscavam atualiza\u00e7\u00f5es pontuais para melhor atender aos seus clientes.<\/p>\n\n\n\n<h2 class=\"wp-block-heading\"><strong>Um panorama dos roteiros peruanos<\/strong><\/h2>\n\n\n\n<p class=\"has-medium-font-size\">Nosso foco foi mostrar as\ndiversas experi\u00eancias que os viajantes podem ter no Peru. Al\u00e9m de Cuzco e Machu\nPicchu, apresentamos v\u00e1rias atra\u00e7\u00f5es e roteiros para os passageiros das ag\u00eancias\naproveitarem ao m\u00e1ximo a estadia na capital, Lima. Em Puno destacamos os\npasseios que podem ser feitos no entorno do Lago Titicaca. Apresentamos tamb\u00e9m o\nnovo trem de luxo da Belmond, demos um panorama da \u00f3tima infraestrutura hoteleira\ne destacamos a famosa gastronomia peruana.<\/p>\n\n\n\n<h2 class=\"wp-block-heading\"><strong>Novas atra\u00e7\u00f5es e produtos<\/strong><\/h2>\n\n\n\n<p class=\"has-medium-font-size\">Entre as novidades, destacamos o Sky Lodge, capsulas onde os viajantes se hospedam no Vale Sagrado dos Incas. Esta \u00e9 uma experi\u00eancia nova, que os brasileiros ainda n\u00e3o conhecem. Primeiramente o viajante subir\u00e1 a montanha atrav\u00e9s de uma via ferrata.<\/p>\n\n\n\n<figure class=\"wp-block-image\"><img loading=\"lazy\" decoding=\"async\" width=\"1024\" height=\"683\" src=\"http:\/\/www.travel3.com.br\/site\/wp-content\/uploads\/2019\/03\/Skylodge1-1024x683.jpg\" alt=\"Peru Promperu\" class=\"wp-image-21216\" srcset=\"https:\/\/www.travel3.com.br\/site\/wp-content\/uploads\/2019\/03\/Skylodge1-1024x683.jpg 1024w, https:\/\/www.travel3.com.br\/site\/wp-content\/uploads\/2019\/03\/Skylodge1-300x200.jpg 300w, https:\/\/www.travel3.com.br\/site\/wp-content\/uploads\/2019\/03\/Skylodge1-768x512.jpg 768w, https:\/\/www.travel3.com.br\/site\/wp-content\/uploads\/2019\/03\/Skylodge1-750x500.jpg 750w, https:\/\/www.travel3.com.br\/site\/wp-content\/uploads\/2019\/03\/Skylodge1-1140x760.jpg 1140w, https:\/\/www.travel3.com.br\/site\/wp-content\/uploads\/2019\/03\/Skylodge1.jpg 1920w\" sizes=\"auto, (max-width: 1024px) 100vw, 1024px\" \/><figcaption>Skylodge \u00e9 uma das novas experi\u00eancias que o viajante pode conhecer, numa viagem ao Peru<\/figcaption><\/figure>\n\n\n\n<p class=\"has-medium-font-size\">Ele vai dormir nestas capsulas que est\u00e3o, digamos assim, penduradas sobre o Vale Sagrado dos Incas. No dia seguinte ele desce a montanha numa tirolesa. Este viajante ganhar\u00e1 de presente a vis\u00e3o espetacular do c\u00e9u estrelado, da paisagem magn\u00edfica e, antes de descer, vai saborear um delicioso caf\u00e9 da manh\u00e3 andino.<\/p>\n\n\n\n<ul class=\"wp-block-gallery columns-2 is-cropped wp-block-gallery-2 is-layout-flex wp-block-gallery-is-layout-flex\"><li class=\"blocks-gallery-item\"><figure><img loading=\"lazy\" decoding=\"async\" width=\"600\" height=\"400\" src=\"http:\/\/www.travel3.com.br\/site\/wp-content\/uploads\/2019\/03\/skylodge3.jpg\" alt=\"Peru Promperu\" data-id=\"21217\" data-link=\"http:\/\/www.travel3.com.br\/skylodge3\/\" class=\"wp-image-21217\" srcset=\"https:\/\/www.travel3.com.br\/site\/wp-content\/uploads\/2019\/03\/skylodge3.jpg 600w, https:\/\/www.travel3.com.br\/site\/wp-content\/uploads\/2019\/03\/skylodge3-300x200.jpg 300w\" sizes=\"auto, (max-width: 600px) 100vw, 600px\" \/><\/figure><\/li><li class=\"blocks-gallery-item\"><figure><img loading=\"lazy\" decoding=\"async\" width=\"1024\" height=\"683\" src=\"http:\/\/www.travel3.com.br\/site\/wp-content\/uploads\/2019\/03\/Skylodge4-1024x683.jpg\" alt=\"Peru Promperu\" data-id=\"21218\" data-link=\"http:\/\/www.travel3.com.br\/skylodge4\/\" class=\"wp-image-21218\" srcset=\"https:\/\/www.travel3.com.br\/site\/wp-content\/uploads\/2019\/03\/Skylodge4-1024x683.jpg 1024w, https:\/\/www.travel3.com.br\/site\/wp-content\/uploads\/2019\/03\/Skylodge4-300x200.jpg 300w, https:\/\/www.travel3.com.br\/site\/wp-content\/uploads\/2019\/03\/Skylodge4-768x512.jpg 768w, https:\/\/www.travel3.com.br\/site\/wp-content\/uploads\/2019\/03\/Skylodge4-750x500.jpg 750w, https:\/\/www.travel3.com.br\/site\/wp-content\/uploads\/2019\/03\/Skylodge4-1140x760.jpg 1140w, https:\/\/www.travel3.com.br\/site\/wp-content\/uploads\/2019\/03\/Skylodge4.jpg 1920w\" sizes=\"auto, (max-width: 1024px) 100vw, 1024px\" \/><\/figure><\/li><li class=\"blocks-gallery-item\"><figure><img loading=\"lazy\" decoding=\"async\" width=\"800\" height=\"533\" src=\"http:\/\/www.travel3.com.br\/site\/wp-content\/uploads\/2019\/03\/Skylodge10.jpg\" alt=\"Peru Promperu\" data-id=\"21219\" data-link=\"http:\/\/www.travel3.com.br\/jungle-coffee-expedition\/\" class=\"wp-image-21219\" srcset=\"https:\/\/www.travel3.com.br\/site\/wp-content\/uploads\/2019\/03\/Skylodge10.jpg 800w, https:\/\/www.travel3.com.br\/site\/wp-content\/uploads\/2019\/03\/Skylodge10-300x200.jpg 300w, https:\/\/www.travel3.com.br\/site\/wp-content\/uploads\/2019\/03\/Skylodge10-768x512.jpg 768w, https:\/\/www.travel3.com.br\/site\/wp-content\/uploads\/2019\/03\/Skylodge10-750x500.jpg 750w\" sizes=\"auto, (max-width: 800px) 100vw, 800px\" \/><\/figure><\/li><\/ul>\n\n\n\n<blockquote class=\"wp-block-quote is-layout-flow wp-block-quote-is-layout-flow\"><p>Outra novidade que os brasileiros j\u00e1 come\u00e7aram a conhecer \u00e9 a trilha de Salkantay, uma rota alternativa do Caminho Inca. A Trilha Inca hoje, s\u00f3 comporta a circula\u00e7\u00e3o de 500 pessoas por dia e tem uma demanda alt\u00edssima. Salkantay assim aparece como uma alternativa t\u00e3o c\u00eanica e maravilhosa quanto. A hospedagem acontece em lodges que est\u00e3o no caminho. Muitos brasileiros j\u00e1 percorreram a trilha, aprovaram e est\u00e3o recomendando o roteiro.<\/p><cite>Milagros Ochoa &#8211; Diretora Brasil do Escrit\u00f3rio de Turismo do Peru<\/cite><\/blockquote>\n\n\n\n<p class=\"has-medium-font-size\">Os piqueniques no Vale Sagrado s\u00e3o outra sensacional atra\u00e7\u00e3o. Relaxar e saborear o melhor da gastronomia peruana, ao ar livre, diante de uma laguna ou em uma fazenda, s\u00e3o novas experi\u00eancias oferecidas pelos receptivos peruanos, muito bem preparados para atender at\u00e9 os mais exigentes viajantes.<\/p>\n\n\n\n<figure class=\"wp-block-image\"><img loading=\"lazy\" decoding=\"async\" width=\"1920\" height=\"1280\" src=\"http:\/\/www.travel3.com.br\/site\/wp-content\/uploads\/2019\/03\/Salkantay-Trilha1_A.jpg\" alt=\"Peru Promperu\" class=\"wp-image-21226\" srcset=\"https:\/\/www.travel3.com.br\/site\/wp-content\/uploads\/2019\/03\/Salkantay-Trilha1_A.jpg 1920w, https:\/\/www.travel3.com.br\/site\/wp-content\/uploads\/2019\/03\/Salkantay-Trilha1_A-300x200.jpg 300w, https:\/\/www.travel3.com.br\/site\/wp-content\/uploads\/2019\/03\/Salkantay-Trilha1_A-768x512.jpg 768w, https:\/\/www.travel3.com.br\/site\/wp-content\/uploads\/2019\/03\/Salkantay-Trilha1_A-1024x683.jpg 1024w, https:\/\/www.travel3.com.br\/site\/wp-content\/uploads\/2019\/03\/Salkantay-Trilha1_A-750x500.jpg 750w, https:\/\/www.travel3.com.br\/site\/wp-content\/uploads\/2019\/03\/Salkantay-Trilha1_A-1140x760.jpg 1140w\" sizes=\"auto, (max-width: 1920px) 100vw, 1920px\" \/><figcaption>Regi\u00e3o de Soraypampa, por onde passa a Trilha de Salkantay (Foto: Promperu\/Divulga\u00e7\u00e3o)<\/figcaption><\/figure>\n\n\n\n<p class=\"has-medium-font-size\">No ano passado levamos um grupo de incentivo e foi um sucesso. Um chef de cozinha vai com o grupo para preparar <em>in loco<\/em> pratos deliciosos e quem quiser pode fazer atividades, como stand up paddle, na laguna, entre outras atra\u00e7\u00f5es. <\/p>\n\n\n\n<p class=\"has-medium-font-size\">Tamb\u00e9m no Vale Sagrado h\u00e1\no Bunding Jumping que \u00e9 uma atra\u00e7\u00e3o para os f\u00e3s do turismo radical. Com 122\nmetros de altura \u00e9 um produto para quem gosta de adrenalina e uma prova de que\no turismo do Peru est\u00e1 sempre se renovando e oferecendo novas atra\u00e7\u00f5es e experi\u00eancias.<\/p>\n\n\n\n<h2 class=\"wp-block-heading\" style=\"text-align:center\">Saiba mais = <a href=\"http:\/\/www.orinter.com.br\">www.orinter.com.br<\/a><\/h2>\n\n\n\n<h2 class=\"wp-block-heading\" style=\"text-align:center\">Not\u00edcias Relacionadas<\/h2>\n\n\n\n<figure class=\"wp-block-embed is-type-rich is-provider-travel-3\"><div class=\"wp-block-embed__wrapper\">\n<blockquote class=\"wp-embedded-content\" data-secret=\"AY5NEXjYl0\"><a href=\"https:\/\/www.travel3.com.br\/acontece-no-turismo\/turismo-da-argentina\/\">Turismo da Argentina investe em capacita\u00e7\u00f5es e divulga\u00e7\u00e3o de novos destinos<\/a><\/blockquote><iframe loading=\"lazy\" class=\"wp-embedded-content\" sandbox=\"allow-scripts\" security=\"restricted\" style=\"position: absolute; visibility: hidden;\" title=\"&#8220;Turismo da Argentina investe em capacita\u00e7\u00f5es e divulga\u00e7\u00e3o de novos destinos&#8221; &#8212; Travel3\" src=\"https:\/\/www.travel3.com.br\/acontece-no-turismo\/turismo-da-argentina\/embed\/#?secret=d33AfwxOWY#?secret=AY5NEXjYl0\" data-secret=\"AY5NEXjYl0\" width=\"500\" height=\"282\" frameborder=\"0\" marginwidth=\"0\" marginheight=\"0\" scrolling=\"no\"><\/iframe>\n<\/div><\/figure>\n","protected":false},"excerpt":{"rendered":"<p>Milagros Ochoa, diretora Brasil do Escrit\u00f3rio de Turismo do Peru, destaca as novidades do turismo peruano Durante o 1\u00ba Encontro Am\u00e9rica do Sul promovido pela Orinter Tour &amp; Travel, a Reportagem Travel3 conversou com Milagros Ochoa, diretora Brasil do Escrit\u00f3rio de Turismo do Peru, para saber as novidades que o destino tem trabalhado nesta e [&hellip;]<\/p>\n","protected":false},"author":4,"featured_media":20972,"comment_status":"open","ping_status":"open","sticky":false,"template":"","format":"standard","meta":{"footnotes":""},"categories":[969,226,5,3],"tags":[262,337,962],"class_list":["post-21209","post","type-post","status-publish","format-standard","has-post-thumbnail","hentry","category-acontece-no-turismo","category-destaque","category-eventos-e-feiras","category-negocios","tag-orinter","tag-orinter-tour-travel","tag-peru"],"yoast_head":"<!-- This site is optimized with the Yoast SEO plugin v26.2 - https:\/\/yoast.com\/wordpress\/plugins\/seo\/ -->\n<title>Peru = Experi\u00eancias culturais + gastron\u00f4micas + emocionantes - Travel3<\/title>\n<meta name=\"description\" content=\"Viajar pelo Peru \u00e9 ter experi\u00eancias culturais, gastron\u00f4micas e radicais, todas elas emocionantes e inesquec\u00edveis; confira as novidades do destino\" \/>\n<meta name=\"robots\" content=\"index, follow, max-snippet:-1, max-image-preview:large, max-video-preview:-1\" \/>\n<link rel=\"canonical\" href=\"https:\/\/www.travel3.com.br\/site\/acontece-no-turismo\/eventos-e-feiras\/peru\/\" \/>\n<meta property=\"og:locale\" content=\"pt_BR\" \/>\n<meta property=\"og:type\" content=\"article\" \/>\n<meta property=\"og:title\" content=\"Peru = Experi\u00eancias culturais + gastron\u00f4micas + emocionantes - Travel3\" \/>\n<meta property=\"og:description\" content=\"Viajar pelo Peru \u00e9 ter experi\u00eancias culturais, gastron\u00f4micas e radicais, todas elas emocionantes e inesquec\u00edveis; confira as novidades do destino\" \/>\n<meta property=\"og:url\" content=\"https:\/\/www.travel3.com.br\/site\/acontece-no-turismo\/eventos-e-feiras\/peru\/\" \/>\n<meta property=\"og:site_name\" content=\"Travel3\" \/>\n<meta property=\"article:publisher\" content=\"https:\/\/www.facebook.com\/travel3media\/\" \/>\n<meta property=\"article:published_time\" content=\"2019-04-01T11:30:53+00:00\" \/>\n<meta property=\"article:modified_time\" content=\"2019-04-03T02:40:27+00:00\" \/>\n<meta property=\"og:image\" content=\"https:\/\/www.travel3.com.br\/site\/wp-content\/uploads\/2019\/03\/Orinter-America-Sul005_A.jpg\" \/>\n\t<meta property=\"og:image:width\" content=\"1920\" \/>\n\t<meta property=\"og:image:height\" content=\"1284\" \/>\n\t<meta property=\"og:image:type\" content=\"image\/jpeg\" \/>\n<meta name=\"author\" content=\"Claudia Tonaco\" \/>\n<meta name=\"twitter:card\" content=\"summary_large_image\" \/>\n<meta name=\"twitter:label1\" content=\"Escrito por\" \/>\n\t<meta name=\"twitter:data1\" content=\"Claudia Tonaco\" \/>\n\t<meta name=\"twitter:label2\" content=\"Est. tempo de leitura\" \/>\n\t<meta name=\"twitter:data2\" content=\"3 minutos\" \/>\n<script type=\"application\/ld+json\" class=\"yoast-schema-graph\">{\"@context\":\"https:\/\/schema.org\",\"@graph\":[{\"@type\":\"Article\",\"@id\":\"https:\/\/www.travel3.com.br\/site\/acontece-no-turismo\/eventos-e-feiras\/peru\/#article\",\"isPartOf\":{\"@id\":\"https:\/\/www.travel3.com.br\/site\/acontece-no-turismo\/eventos-e-feiras\/peru\/\"},\"author\":{\"name\":\"Claudia Tonaco\",\"@id\":\"https:\/\/www.travel3.com.br\/site\/#\/schema\/person\/ad24a6ccba88dcd54877f3d2fb76c605\"},\"headline\":\"Peru = Experi\u00eancias culturais + gastron\u00f4micas + emocionantes\",\"datePublished\":\"2019-04-01T11:30:53+00:00\",\"dateModified\":\"2019-04-03T02:40:27+00:00\",\"mainEntityOfPage\":{\"@id\":\"https:\/\/www.travel3.com.br\/site\/acontece-no-turismo\/eventos-e-feiras\/peru\/\"},\"wordCount\":697,\"commentCount\":0,\"publisher\":{\"@id\":\"https:\/\/www.travel3.com.br\/site\/#organization\"},\"image\":{\"@id\":\"https:\/\/www.travel3.com.br\/site\/acontece-no-turismo\/eventos-e-feiras\/peru\/#primaryimage\"},\"thumbnailUrl\":\"https:\/\/www.travel3.com.br\/site\/wp-content\/uploads\/2019\/03\/Orinter-America-Sul005_A.jpg\",\"keywords\":[\"Orinter\",\"Orinter Tour &amp; Travel\",\"peru\"],\"articleSection\":[\"Acontece no Turismo\",\"Destaque\",\"Eventos e Feiras\",\"Neg\u00f3cios\"],\"inLanguage\":\"pt-BR\",\"potentialAction\":[{\"@type\":\"CommentAction\",\"name\":\"Comment\",\"target\":[\"https:\/\/www.travel3.com.br\/site\/acontece-no-turismo\/eventos-e-feiras\/peru\/#respond\"]}]},{\"@type\":\"WebPage\",\"@id\":\"https:\/\/www.travel3.com.br\/site\/acontece-no-turismo\/eventos-e-feiras\/peru\/\",\"url\":\"https:\/\/www.travel3.com.br\/site\/acontece-no-turismo\/eventos-e-feiras\/peru\/\",\"name\":\"Peru = Experi\u00eancias culturais + gastron\u00f4micas + emocionantes - Travel3\",\"isPartOf\":{\"@id\":\"https:\/\/www.travel3.com.br\/site\/#website\"},\"primaryImageOfPage\":{\"@id\":\"https:\/\/www.travel3.com.br\/site\/acontece-no-turismo\/eventos-e-feiras\/peru\/#primaryimage\"},\"image\":{\"@id\":\"https:\/\/www.travel3.com.br\/site\/acontece-no-turismo\/eventos-e-feiras\/peru\/#primaryimage\"},\"thumbnailUrl\":\"https:\/\/www.travel3.com.br\/site\/wp-content\/uploads\/2019\/03\/Orinter-America-Sul005_A.jpg\",\"datePublished\":\"2019-04-01T11:30:53+00:00\",\"dateModified\":\"2019-04-03T02:40:27+00:00\",\"description\":\"Viajar pelo Peru \u00e9 ter experi\u00eancias culturais, gastron\u00f4micas e radicais, todas elas emocionantes e inesquec\u00edveis; confira as novidades do destino\",\"breadcrumb\":{\"@id\":\"https:\/\/www.travel3.com.br\/site\/acontece-no-turismo\/eventos-e-feiras\/peru\/#breadcrumb\"},\"inLanguage\":\"pt-BR\",\"potentialAction\":[{\"@type\":\"ReadAction\",\"target\":[\"https:\/\/www.travel3.com.br\/site\/acontece-no-turismo\/eventos-e-feiras\/peru\/\"]}]},{\"@type\":\"ImageObject\",\"inLanguage\":\"pt-BR\",\"@id\":\"https:\/\/www.travel3.com.br\/site\/acontece-no-turismo\/eventos-e-feiras\/peru\/#primaryimage\",\"url\":\"https:\/\/www.travel3.com.br\/site\/wp-content\/uploads\/2019\/03\/Orinter-America-Sul005_A.jpg\",\"contentUrl\":\"https:\/\/www.travel3.com.br\/site\/wp-content\/uploads\/2019\/03\/Orinter-America-Sul005_A.jpg\",\"width\":1920,\"height\":1284,\"caption\":\"Milagros Ochoa e Ariadne Pereira, do Escrit\u00f3rio de Turismo do Peru\"},{\"@type\":\"BreadcrumbList\",\"@id\":\"https:\/\/www.travel3.com.br\/site\/acontece-no-turismo\/eventos-e-feiras\/peru\/#breadcrumb\",\"itemListElement\":[{\"@type\":\"ListItem\",\"position\":1,\"name\":\"In\u00edcio\",\"item\":\"https:\/\/www.travel3.com.br\/site\/\"},{\"@type\":\"ListItem\",\"position\":2,\"name\":\"Peru = Experi\u00eancias culturais + gastron\u00f4micas + emocionantes\"}]},{\"@type\":\"WebSite\",\"@id\":\"https:\/\/www.travel3.com.br\/site\/#website\",\"url\":\"https:\/\/www.travel3.com.br\/site\/\",\"name\":\"Travel3\",\"description\":\"Lazer + Neg&oacute;cios + Aventura\",\"publisher\":{\"@id\":\"https:\/\/www.travel3.com.br\/site\/#organization\"},\"potentialAction\":[{\"@type\":\"SearchAction\",\"target\":{\"@type\":\"EntryPoint\",\"urlTemplate\":\"https:\/\/www.travel3.com.br\/site\/?s={search_term_string}\"},\"query-input\":{\"@type\":\"PropertyValueSpecification\",\"valueRequired\":true,\"valueName\":\"search_term_string\"}}],\"inLanguage\":\"pt-BR\"},{\"@type\":\"Organization\",\"@id\":\"https:\/\/www.travel3.com.br\/site\/#organization\",\"name\":\"Travel3\",\"url\":\"https:\/\/www.travel3.com.br\/site\/\",\"logo\":{\"@type\":\"ImageObject\",\"inLanguage\":\"pt-BR\",\"@id\":\"https:\/\/www.travel3.com.br\/site\/#\/schema\/logo\/image\/\",\"url\":\"https:\/\/www.travel3.com.br\/site\/wp-content\/uploads\/2020\/01\/logo-travel3-2020.png\",\"contentUrl\":\"https:\/\/www.travel3.com.br\/site\/wp-content\/uploads\/2020\/01\/logo-travel3-2020.png\",\"width\":232,\"height\":79,\"caption\":\"Travel3\"},\"image\":{\"@id\":\"https:\/\/www.travel3.com.br\/site\/#\/schema\/logo\/image\/\"},\"sameAs\":[\"https:\/\/www.facebook.com\/travel3media\/\",\"https:\/\/www.instagram.com\/revistatravel3\/\",\"https:\/\/www.youtube.com\/channel\/UCno7J4paGBR3VbZQzvoJ9Eg\"]},{\"@type\":\"Person\",\"@id\":\"https:\/\/www.travel3.com.br\/site\/#\/schema\/person\/ad24a6ccba88dcd54877f3d2fb76c605\",\"name\":\"Claudia Tonaco\",\"image\":{\"@type\":\"ImageObject\",\"inLanguage\":\"pt-BR\",\"@id\":\"https:\/\/www.travel3.com.br\/site\/#\/schema\/person\/image\/\",\"url\":\"https:\/\/secure.gravatar.com\/avatar\/7c64bb31135bb8c28f49658a042f8b8a?s=96&d=mm&r=g\",\"contentUrl\":\"https:\/\/secure.gravatar.com\/avatar\/7c64bb31135bb8c28f49658a042f8b8a?s=96&d=mm&r=g\",\"caption\":\"Claudia Tonaco\"},\"sameAs\":[\"http:\/\/www.travel3.com.br\"],\"url\":\"https:\/\/www.travel3.com.br\/site\/author\/tonaco\/\"}]}<\/script>\n<!-- \/ Yoast SEO plugin. -->","yoast_head_json":{"title":"Peru = Experi\u00eancias culturais + gastron\u00f4micas + emocionantes - Travel3","description":"Viajar pelo Peru \u00e9 ter experi\u00eancias culturais, gastron\u00f4micas e radicais, todas elas emocionantes e inesquec\u00edveis; confira as novidades do destino","robots":{"index":"index","follow":"follow","max-snippet":"max-snippet:-1","max-image-preview":"max-image-preview:large","max-video-preview":"max-video-preview:-1"},"canonical":"https:\/\/www.travel3.com.br\/site\/acontece-no-turismo\/eventos-e-feiras\/peru\/","og_locale":"pt_BR","og_type":"article","og_title":"Peru = Experi\u00eancias culturais + gastron\u00f4micas + emocionantes - Travel3","og_description":"Viajar pelo Peru \u00e9 ter experi\u00eancias culturais, gastron\u00f4micas e radicais, todas elas emocionantes e inesquec\u00edveis; confira as novidades do destino","og_url":"https:\/\/www.travel3.com.br\/site\/acontece-no-turismo\/eventos-e-feiras\/peru\/","og_site_name":"Travel3","article_publisher":"https:\/\/www.facebook.com\/travel3media\/","article_published_time":"2019-04-01T11:30:53+00:00","article_modified_time":"2019-04-03T02:40:27+00:00","og_image":[{"width":1920,"height":1284,"url":"https:\/\/www.travel3.com.br\/site\/wp-content\/uploads\/2019\/03\/Orinter-America-Sul005_A.jpg","type":"image\/jpeg"}],"author":"Claudia Tonaco","twitter_card":"summary_large_image","twitter_misc":{"Escrito por":"Claudia Tonaco","Est. tempo de leitura":"3 minutos"},"schema":{"@context":"https:\/\/schema.org","@graph":[{"@type":"Article","@id":"https:\/\/www.travel3.com.br\/site\/acontece-no-turismo\/eventos-e-feiras\/peru\/#article","isPartOf":{"@id":"https:\/\/www.travel3.com.br\/site\/acontece-no-turismo\/eventos-e-feiras\/peru\/"},"author":{"name":"Claudia Tonaco","@id":"https:\/\/www.travel3.com.br\/site\/#\/schema\/person\/ad24a6ccba88dcd54877f3d2fb76c605"},"headline":"Peru = Experi\u00eancias culturais + gastron\u00f4micas + emocionantes","datePublished":"2019-04-01T11:30:53+00:00","dateModified":"2019-04-03T02:40:27+00:00","mainEntityOfPage":{"@id":"https:\/\/www.travel3.com.br\/site\/acontece-no-turismo\/eventos-e-feiras\/peru\/"},"wordCount":697,"commentCount":0,"publisher":{"@id":"https:\/\/www.travel3.com.br\/site\/#organization"},"image":{"@id":"https:\/\/www.travel3.com.br\/site\/acontece-no-turismo\/eventos-e-feiras\/peru\/#primaryimage"},"thumbnailUrl":"https:\/\/www.travel3.com.br\/site\/wp-content\/uploads\/2019\/03\/Orinter-America-Sul005_A.jpg","keywords":["Orinter","Orinter Tour &amp; Travel","peru"],"articleSection":["Acontece no Turismo","Destaque","Eventos e Feiras","Neg\u00f3cios"],"inLanguage":"pt-BR","potentialAction":[{"@type":"CommentAction","name":"Comment","target":["https:\/\/www.travel3.com.br\/site\/acontece-no-turismo\/eventos-e-feiras\/peru\/#respond"]}]},{"@type":"WebPage","@id":"https:\/\/www.travel3.com.br\/site\/acontece-no-turismo\/eventos-e-feiras\/peru\/","url":"https:\/\/www.travel3.com.br\/site\/acontece-no-turismo\/eventos-e-feiras\/peru\/","name":"Peru = Experi\u00eancias culturais + gastron\u00f4micas + emocionantes - Travel3","isPartOf":{"@id":"https:\/\/www.travel3.com.br\/site\/#website"},"primaryImageOfPage":{"@id":"https:\/\/www.travel3.com.br\/site\/acontece-no-turismo\/eventos-e-feiras\/peru\/#primaryimage"},"image":{"@id":"https:\/\/www.travel3.com.br\/site\/acontece-no-turismo\/eventos-e-feiras\/peru\/#primaryimage"},"thumbnailUrl":"https:\/\/www.travel3.com.br\/site\/wp-content\/uploads\/2019\/03\/Orinter-America-Sul005_A.jpg","datePublished":"2019-04-01T11:30:53+00:00","dateModified":"2019-04-03T02:40:27+00:00","description":"Viajar pelo Peru \u00e9 ter experi\u00eancias culturais, gastron\u00f4micas e radicais, todas elas emocionantes e inesquec\u00edveis; confira as novidades do destino","breadcrumb":{"@id":"https:\/\/www.travel3.com.br\/site\/acontece-no-turismo\/eventos-e-feiras\/peru\/#breadcrumb"},"inLanguage":"pt-BR","potentialAction":[{"@type":"ReadAction","target":["https:\/\/www.travel3.com.br\/site\/acontece-no-turismo\/eventos-e-feiras\/peru\/"]}]},{"@type":"ImageObject","inLanguage":"pt-BR","@id":"https:\/\/www.travel3.com.br\/site\/acontece-no-turismo\/eventos-e-feiras\/peru\/#primaryimage","url":"https:\/\/www.travel3.com.br\/site\/wp-content\/uploads\/2019\/03\/Orinter-America-Sul005_A.jpg","contentUrl":"https:\/\/www.travel3.com.br\/site\/wp-content\/uploads\/2019\/03\/Orinter-America-Sul005_A.jpg","width":1920,"height":1284,"caption":"Milagros Ochoa e Ariadne Pereira, do Escrit\u00f3rio de Turismo do Peru"},{"@type":"BreadcrumbList","@id":"https:\/\/www.travel3.com.br\/site\/acontece-no-turismo\/eventos-e-feiras\/peru\/#breadcrumb","itemListElement":[{"@type":"ListItem","position":1,"name":"In\u00edcio","item":"https:\/\/www.travel3.com.br\/site\/"},{"@type":"ListItem","position":2,"name":"Peru = Experi\u00eancias culturais + gastron\u00f4micas + emocionantes"}]},{"@type":"WebSite","@id":"https:\/\/www.travel3.com.br\/site\/#website","url":"https:\/\/www.travel3.com.br\/site\/","name":"Travel3","description":"Lazer + Neg&oacute;cios + Aventura","publisher":{"@id":"https:\/\/www.travel3.com.br\/site\/#organization"},"potentialAction":[{"@type":"SearchAction","target":{"@type":"EntryPoint","urlTemplate":"https:\/\/www.travel3.com.br\/site\/?s={search_term_string}"},"query-input":{"@type":"PropertyValueSpecification","valueRequired":true,"valueName":"search_term_string"}}],"inLanguage":"pt-BR"},{"@type":"Organization","@id":"https:\/\/www.travel3.com.br\/site\/#organization","name":"Travel3","url":"https:\/\/www.travel3.com.br\/site\/","logo":{"@type":"ImageObject","inLanguage":"pt-BR","@id":"https:\/\/www.travel3.com.br\/site\/#\/schema\/logo\/image\/","url":"https:\/\/www.travel3.com.br\/site\/wp-content\/uploads\/2020\/01\/logo-travel3-2020.png","contentUrl":"https:\/\/www.travel3.com.br\/site\/wp-content\/uploads\/2020\/01\/logo-travel3-2020.png","width":232,"height":79,"caption":"Travel3"},"image":{"@id":"https:\/\/www.travel3.com.br\/site\/#\/schema\/logo\/image\/"},"sameAs":["https:\/\/www.facebook.com\/travel3media\/","https:\/\/www.instagram.com\/revistatravel3\/","https:\/\/www.youtube.com\/channel\/UCno7J4paGBR3VbZQzvoJ9Eg"]},{"@type":"Person","@id":"https:\/\/www.travel3.com.br\/site\/#\/schema\/person\/ad24a6ccba88dcd54877f3d2fb76c605","name":"Claudia Tonaco","image":{"@type":"ImageObject","inLanguage":"pt-BR","@id":"https:\/\/www.travel3.com.br\/site\/#\/schema\/person\/image\/","url":"https:\/\/secure.gravatar.com\/avatar\/7c64bb31135bb8c28f49658a042f8b8a?s=96&d=mm&r=g","contentUrl":"https:\/\/secure.gravatar.com\/avatar\/7c64bb31135bb8c28f49658a042f8b8a?s=96&d=mm&r=g","caption":"Claudia Tonaco"},"sameAs":["http:\/\/www.travel3.com.br"],"url":"https:\/\/www.travel3.com.br\/site\/author\/tonaco\/"}]}},"_links":{"self":[{"href":"https:\/\/www.travel3.com.br\/site\/wp-json\/wp\/v2\/posts\/21209","targetHints":{"allow":["GET"]}}],"collection":[{"href":"https:\/\/www.travel3.com.br\/site\/wp-json\/wp\/v2\/posts"}],"about":[{"href":"https:\/\/www.travel3.com.br\/site\/wp-json\/wp\/v2\/types\/post"}],"author":[{"embeddable":true,"href":"https:\/\/www.travel3.com.br\/site\/wp-json\/wp\/v2\/users\/4"}],"replies":[{"embeddable":true,"href":"https:\/\/www.travel3.com.br\/site\/wp-json\/wp\/v2\/comments?post=21209"}],"version-history":[{"count":6,"href":"https:\/\/www.travel3.com.br\/site\/wp-json\/wp\/v2\/posts\/21209\/revisions"}],"predecessor-version":[{"id":21307,"href":"https:\/\/www.travel3.com.br\/site\/wp-json\/wp\/v2\/posts\/21209\/revisions\/21307"}],"wp:featuredmedia":[{"embeddable":true,"href":"https:\/\/www.travel3.com.br\/site\/wp-json\/wp\/v2\/media\/20972"}],"wp:attachment":[{"href":"https:\/\/www.travel3.com.br\/site\/wp-json\/wp\/v2\/media?parent=21209"}],"wp:term":[{"taxonomy":"category","embeddable":true,"href":"https:\/\/www.travel3.com.br\/site\/wp-json\/wp\/v2\/categories?post=21209"},{"taxonomy":"post_tag","embeddable":true,"href":"https:\/\/www.travel3.com.br\/site\/wp-json\/wp\/v2\/tags?post=21209"}],"curies":[{"name":"wp","href":"https:\/\/api.w.org\/{rel}","templated":true}]}}