{"id":21131,"date":"2019-03-27T13:23:31","date_gmt":"2019-03-27T16:23:31","guid":{"rendered":"http:\/\/www.travel3.com.br\/?p=21131"},"modified":"2019-03-27T13:39:10","modified_gmt":"2019-03-27T16:39:10","slug":"turismo-da-argentina","status":"publish","type":"post","link":"https:\/\/www.travel3.com.br\/site\/acontece-no-turismo\/turismo-da-argentina\/","title":{"rendered":"Turismo da Argentina investe em capacita\u00e7\u00f5es e divulga\u00e7\u00e3o de novos destinos"},"content":{"rendered":"\n<p style=\"font-size:26px;text-align:center\"><strong>Inprotur, \u00f3rg\u00e3o oficial do turismo argentino + iniciativa privada comemoram aumento das viagens dos brasileiros ao pa\u00eds<\/strong> <\/p>\n\n\n\n<p class=\"has-medium-font-size\">O Turismo da Argentina come\u00e7ou o ano comemorando o aumento do n\u00famero de brasileiros que visitaram o pa\u00eds em 2018 e quer que 2019 supere, em muito, as boas marcas.<\/p>\n\n\n\n<p class=\"has-medium-font-size\">Durante o <a href=\"http:\/\/www.travel3.com.br\/acontece-no-turismo\/eventos-e-feiras\/encontro-america-do-sul\/\">Encontro Am\u00e9rica Latina <\/a>promovido pela Orinter Tour &amp; Travel, em S\u00e3o Paulo, a <strong>Reportagem Travel3<\/strong> ouviu as opini\u00f5es de Ariel Cohen, coordenador de mercados do Instituto Nacional de Promo\u00e7\u00e3o Tur\u00edstica da Argentina, e de Silvina Gomez, diretora da Conextur, operadora parceira da Orinter. Trabalhando em conjunto, o setor p\u00fablico e o privado investem no Brasil, capacitando os agentes de viagem e divulgando novos roteiros e destinos.<\/p>\n\n\n\n<h1 class=\"wp-block-heading\" style=\"text-align:center\">Ariel Cohen: Acreditamos que 2019 ser\u00e1 um ano excelente para o Turismo da Argentina<\/h1>\n\n\n\n<blockquote class=\"wp-block-quote is-style-default is-layout-flow wp-block-quote-is-layout-flow\"><p>Felizmente, no \u00faltimo ano, o n\u00famero de turistas brasileiros em visita a Argentina voltou a crescer. Esta retomada das viagens \u00e0 Argentina \u00e9 muito importante para a nossa economia, j\u00e1 que o Brasil \u00e9 o nosso principal mercado emissor. Recebemos anualmente cerca de 1 milh\u00e3o de brasileiros. Com a economia em recupera\u00e7\u00e3o, no Brasil, e com a diferen\u00e7a cambial, favor\u00e1vel aos brasileiros (US$ 1 = $42 pesos argentinos) esperamos terminar 2019 com n\u00fameros ainda melhores.<\/p><cite>Ariel Cohen &#8211; Coordenador da Inprotur<\/cite><\/blockquote>\n\n\n\n<h2 class=\"wp-block-heading\" style=\"text-align:center\"><strong>Programa\u00e7\u00e3o intensa no 1\u00ba semestre<\/strong><\/h2>\n\n\n\n<p class=\"has-medium-font-size\">Para apoiar esse bom momento, o Turismo da Argentina est\u00e1 realizando muitas a\u00e7\u00f5es para incentivar mais viagens aos seus v\u00e1rios destinos tur\u00edsticos. &#8220;No 1\u00ba semestre, por exemplo, a Inprotur participa e realiza v\u00e1rios eventos. O 1\u00ba deles foi o Encontro Comercial Braztoa, onde foram divulgadas atra\u00e7\u00f5es cl\u00e1ssicas e novos roteiros&#8221;, confirmou Ariel. &#8220;Outro evento de grande import\u00e2ncia para n\u00f3s foi o Encontro Am\u00e9rica do Sul promovido pela Orinter Tour &amp; Travel.<\/p>\n\n\n\n<figure class=\"wp-block-image\"><img loading=\"lazy\" decoding=\"async\" width=\"1024\" height=\"683\" src=\"http:\/\/www.travel3.com.br\/site\/wp-content\/uploads\/2019\/03\/bariloche-3685204_1920-1024x683.jpg\" alt=\"Bariloche Argentina\" class=\"wp-image-21122\" srcset=\"https:\/\/www.travel3.com.br\/site\/wp-content\/uploads\/2019\/03\/bariloche-3685204_1920-1024x683.jpg 1024w, https:\/\/www.travel3.com.br\/site\/wp-content\/uploads\/2019\/03\/bariloche-3685204_1920-300x200.jpg 300w, https:\/\/www.travel3.com.br\/site\/wp-content\/uploads\/2019\/03\/bariloche-3685204_1920-768x512.jpg 768w, https:\/\/www.travel3.com.br\/site\/wp-content\/uploads\/2019\/03\/bariloche-3685204_1920-750x500.jpg 750w, https:\/\/www.travel3.com.br\/site\/wp-content\/uploads\/2019\/03\/bariloche-3685204_1920-1140x760.jpg 1140w, https:\/\/www.travel3.com.br\/site\/wp-content\/uploads\/2019\/03\/bariloche-3685204_1920.jpg 1920w\" sizes=\"auto, (max-width: 1024px) 100vw, 1024px\" \/><figcaption>Temporada de neve e destinos como Bariloche ajudam a aquecer o turismo no inverno (Fotos: Inprotur\/Divulga\u00e7\u00e3o)<\/figcaption><\/figure>\n\n\n\n<p class=\"has-medium-font-size\">O pr\u00f3ximo ser\u00e1 uma miss\u00e3o comercial que vai aterrissar em Salvador, na Bahia. Levaremos representantes de destinos, operadores e prestadores de servi\u00e7os tur\u00edsticos para apresentar aos agentes de viagem baianos uma variedade de roteiros e ofertas.<\/p>\n\n\n\n<p class=\"has-medium-font-size\">Imediatamente ap\u00f3s o evento baiano retornamos a S\u00e3o Paulo para participar da WTM Latin America com um dos estandes mais importantes da feira. Em todos estes eventos levamos tanto representantes do setor privado quanto o setor p\u00fablico&#8221;, concluiu o executivo.<\/p>\n\n\n\n<h2 class=\"wp-block-heading\" style=\"text-align:center\"><strong>Temporada de neve<\/strong><\/h2>\n\n\n\n<p class=\"has-medium-font-size\">Um destaque ser\u00e1 o lan\u00e7amento da temporada de neve. Sabemos que a Argentina \u00e9 um dos principais destinos de neve para os brasileiros. Temos 7 centros de esqui, desde Mendoza at\u00e9 Ushuaia, que atendem todo o tipo de p\u00fablico, das fam\u00edlias, que buscam a divers\u00e3o dos esportes de inverno combinada com gastronomia e uma programa\u00e7\u00e3o de entretenimento ampla, at\u00e9 os esquiadores profissionais que querem treinar suas habilidades. Mostraremos a este p\u00fablico que eles podem combinar as esta\u00e7\u00f5es de esqui com outros destinos.<\/p>\n\n\n\n<figure class=\"wp-block-image\"><img loading=\"lazy\" decoding=\"async\" width=\"1024\" height=\"724\" src=\"http:\/\/www.travel3.com.br\/site\/wp-content\/uploads\/2019\/03\/Tren-del-Fin-del-Mundo-Ushuaia_A-1024x724.jpg\" alt=\"Ushuaia Argentina\" class=\"wp-image-21130\" srcset=\"https:\/\/www.travel3.com.br\/site\/wp-content\/uploads\/2019\/03\/Tren-del-Fin-del-Mundo-Ushuaia_A-1024x724.jpg 1024w, https:\/\/www.travel3.com.br\/site\/wp-content\/uploads\/2019\/03\/Tren-del-Fin-del-Mundo-Ushuaia_A-300x212.jpg 300w, https:\/\/www.travel3.com.br\/site\/wp-content\/uploads\/2019\/03\/Tren-del-Fin-del-Mundo-Ushuaia_A-768x543.jpg 768w, https:\/\/www.travel3.com.br\/site\/wp-content\/uploads\/2019\/03\/Tren-del-Fin-del-Mundo-Ushuaia_A-120x86.jpg 120w, https:\/\/www.travel3.com.br\/site\/wp-content\/uploads\/2019\/03\/Tren-del-Fin-del-Mundo-Ushuaia_A-750x530.jpg 750w, https:\/\/www.travel3.com.br\/site\/wp-content\/uploads\/2019\/03\/Tren-del-Fin-del-Mundo-Ushuaia_A-1140x806.jpg 1140w, https:\/\/www.travel3.com.br\/site\/wp-content\/uploads\/2019\/03\/Tren-del-Fin-del-Mundo-Ushuaia_A.jpg 1920w\" sizes=\"auto, (max-width: 1024px) 100vw, 1024px\" \/><figcaption>O Trem do Fim do Mundo \u00e9 uma das atra\u00e7\u00f5es de Ushuaia (Inprotur\/Divulga\u00e7\u00e3o)<\/figcaption><\/figure>\n\n\n\n<h2 class=\"wp-block-heading\" style=\"text-align:center\"><strong>Apresentando o Norte da Argentina<\/strong><\/h2>\n\n\n\n<p class=\"has-medium-font-size\">Ao mesmo tempo em que atualizamos os profissionais sobre as atra\u00e7\u00f5es cl\u00e1ssicas vamos divulgar para os agentes de viagem destinos ainda pouco conhecidos, como o Norte da Argentina: o estado de Salta, Jujuy, Tucum\u00e1n. Esta \u00e9 uma regi\u00e3o muito bonita, com paisagens incr\u00edveis, uma cultura e gastronomia completamente diferente do resto do pa\u00eds. Da\u00ed a import\u00e2ncia de capacitar os agentes de viagem para que eles comecem a oferecer esses destinos aos seus clientes. <\/p>\n\n\n\n<p class=\"has-medium-font-size\">Para completar, est\u00e3o surgindo muitas companhias a\u00e9reas com pre\u00e7os bastante competitivos, o que est\u00e1 fazendo com que os pre\u00e7os, em geral, fiquem ainda mais acess\u00edveis. <\/p>\n\n\n\n<ul class=\"wp-block-gallery columns-2 is-cropped wp-block-gallery-2 is-layout-flex wp-block-gallery-is-layout-flex\"><li class=\"blocks-gallery-item\"><figure><img loading=\"lazy\" decoding=\"async\" width=\"1024\" height=\"724\" src=\"http:\/\/www.travel3.com.br\/site\/wp-content\/uploads\/2019\/03\/Tafi-del-Valle-Tucuman_A-1024x724.jpg\" alt=\"\" data-id=\"21129\" data-link=\"http:\/\/www.travel3.com.br\/tafi-del-valle-tucuman_a\/\" class=\"wp-image-21129\" srcset=\"https:\/\/www.travel3.com.br\/site\/wp-content\/uploads\/2019\/03\/Tafi-del-Valle-Tucuman_A-1024x724.jpg 1024w, https:\/\/www.travel3.com.br\/site\/wp-content\/uploads\/2019\/03\/Tafi-del-Valle-Tucuman_A-300x212.jpg 300w, https:\/\/www.travel3.com.br\/site\/wp-content\/uploads\/2019\/03\/Tafi-del-Valle-Tucuman_A-768x543.jpg 768w, https:\/\/www.travel3.com.br\/site\/wp-content\/uploads\/2019\/03\/Tafi-del-Valle-Tucuman_A-120x86.jpg 120w, https:\/\/www.travel3.com.br\/site\/wp-content\/uploads\/2019\/03\/Tafi-del-Valle-Tucuman_A-750x530.jpg 750w, https:\/\/www.travel3.com.br\/site\/wp-content\/uploads\/2019\/03\/Tafi-del-Valle-Tucuman_A-1140x806.jpg 1140w, https:\/\/www.travel3.com.br\/site\/wp-content\/uploads\/2019\/03\/Tafi-del-Valle-Tucuman_A.jpg 1920w\" sizes=\"auto, (max-width: 1024px) 100vw, 1024px\" \/><\/figure><\/li><li class=\"blocks-gallery-item\"><figure><img loading=\"lazy\" decoding=\"async\" width=\"1024\" height=\"724\" src=\"http:\/\/www.travel3.com.br\/site\/wp-content\/uploads\/2019\/03\/Salinas-Grandes-Jujuy2_A-1024x724.jpg\" alt=\"\" data-id=\"21128\" data-link=\"http:\/\/www.travel3.com.br\/salinas-grandes-jujuy2_a\/\" class=\"wp-image-21128\" srcset=\"https:\/\/www.travel3.com.br\/site\/wp-content\/uploads\/2019\/03\/Salinas-Grandes-Jujuy2_A-1024x724.jpg 1024w, https:\/\/www.travel3.com.br\/site\/wp-content\/uploads\/2019\/03\/Salinas-Grandes-Jujuy2_A-300x212.jpg 300w, https:\/\/www.travel3.com.br\/site\/wp-content\/uploads\/2019\/03\/Salinas-Grandes-Jujuy2_A-768x543.jpg 768w, https:\/\/www.travel3.com.br\/site\/wp-content\/uploads\/2019\/03\/Salinas-Grandes-Jujuy2_A-120x86.jpg 120w, https:\/\/www.travel3.com.br\/site\/wp-content\/uploads\/2019\/03\/Salinas-Grandes-Jujuy2_A-750x530.jpg 750w, https:\/\/www.travel3.com.br\/site\/wp-content\/uploads\/2019\/03\/Salinas-Grandes-Jujuy2_A-1140x806.jpg 1140w, https:\/\/www.travel3.com.br\/site\/wp-content\/uploads\/2019\/03\/Salinas-Grandes-Jujuy2_A.jpg 1920w\" sizes=\"auto, (max-width: 1024px) 100vw, 1024px\" \/><\/figure><\/li><li class=\"blocks-gallery-item\"><figure><img loading=\"lazy\" decoding=\"async\" width=\"1024\" height=\"724\" src=\"http:\/\/www.travel3.com.br\/site\/wp-content\/uploads\/2019\/03\/Salinas-Grandes-Jujuy_A-1024x724.jpg\" alt=\"\" data-id=\"21127\" data-link=\"http:\/\/www.travel3.com.br\/salinas-grandes-jujuy_a\/\" class=\"wp-image-21127\" srcset=\"https:\/\/www.travel3.com.br\/site\/wp-content\/uploads\/2019\/03\/Salinas-Grandes-Jujuy_A-1024x724.jpg 1024w, https:\/\/www.travel3.com.br\/site\/wp-content\/uploads\/2019\/03\/Salinas-Grandes-Jujuy_A-300x212.jpg 300w, https:\/\/www.travel3.com.br\/site\/wp-content\/uploads\/2019\/03\/Salinas-Grandes-Jujuy_A-768x543.jpg 768w, https:\/\/www.travel3.com.br\/site\/wp-content\/uploads\/2019\/03\/Salinas-Grandes-Jujuy_A-120x86.jpg 120w, https:\/\/www.travel3.com.br\/site\/wp-content\/uploads\/2019\/03\/Salinas-Grandes-Jujuy_A-750x530.jpg 750w, https:\/\/www.travel3.com.br\/site\/wp-content\/uploads\/2019\/03\/Salinas-Grandes-Jujuy_A-1140x806.jpg 1140w, https:\/\/www.travel3.com.br\/site\/wp-content\/uploads\/2019\/03\/Salinas-Grandes-Jujuy_A.jpg 1920w\" sizes=\"auto, (max-width: 1024px) 100vw, 1024px\" \/><\/figure><\/li><li class=\"blocks-gallery-item\"><figure><img loading=\"lazy\" decoding=\"async\" width=\"1024\" height=\"724\" src=\"http:\/\/www.travel3.com.br\/site\/wp-content\/uploads\/2019\/03\/Ruinas-de-Quilmes-Tucuman_A-1024x724.jpg\" alt=\"\" data-id=\"21126\" data-link=\"http:\/\/www.travel3.com.br\/ruinas-de-quilmes-tucuman_a\/\" class=\"wp-image-21126\" srcset=\"https:\/\/www.travel3.com.br\/site\/wp-content\/uploads\/2019\/03\/Ruinas-de-Quilmes-Tucuman_A-1024x724.jpg 1024w, https:\/\/www.travel3.com.br\/site\/wp-content\/uploads\/2019\/03\/Ruinas-de-Quilmes-Tucuman_A-300x212.jpg 300w, https:\/\/www.travel3.com.br\/site\/wp-content\/uploads\/2019\/03\/Ruinas-de-Quilmes-Tucuman_A-768x543.jpg 768w, https:\/\/www.travel3.com.br\/site\/wp-content\/uploads\/2019\/03\/Ruinas-de-Quilmes-Tucuman_A-120x86.jpg 120w, https:\/\/www.travel3.com.br\/site\/wp-content\/uploads\/2019\/03\/Ruinas-de-Quilmes-Tucuman_A-750x530.jpg 750w, https:\/\/www.travel3.com.br\/site\/wp-content\/uploads\/2019\/03\/Ruinas-de-Quilmes-Tucuman_A-1140x806.jpg 1140w, https:\/\/www.travel3.com.br\/site\/wp-content\/uploads\/2019\/03\/Ruinas-de-Quilmes-Tucuman_A.jpg 1920w\" sizes=\"auto, (max-width: 1024px) 100vw, 1024px\" \/><\/figure><\/li><\/ul>\n\n\n\n<p class=\"has-medium-font-size\">Por tudo isso acreditamos\nque 2019 ser\u00e1 um ano excelente para o Turismo da Argentina e que o n\u00famero de\nbrasileiros supere em muito as marcas e at\u00e9 mesmo quebre recordes anteriores. <\/p>\n\n\n\n<h1 class=\"wp-block-heading\" style=\"text-align:center\">Silvina Gomez: temos todos os climas e paisagens, combinado com gastronomia e vinhos para o brasileiro escolher<\/h1>\n\n\n\n<p class=\"has-medium-font-size\">O nosso foco \u00e9 mostrar &#8211; n\u00e3o apenas em eventos como o Encontro Am\u00e9rica do Sul, mas em todas as outras capacita\u00e7\u00f5es &#8211; que estamos fazendo por todo o Brasil, em parceria com a Inprotur, todos os destinos tur\u00edsticos da Argentina. O Norte da Argentina, como bem disse o Ariel, guarda atra\u00e7\u00f5es cultural e gastron\u00f4micas diferentes do resto do pa\u00eds, assim como os cen\u00e1rios. <\/p>\n\n\n\n<h2 class=\"wp-block-heading\" style=\"text-align:center\"><strong>Observa\u00e7\u00e3o de baleias + pinguins em Puerto Madryn<\/strong><\/h2>\n\n\n\n<p class=\"has-medium-font-size\">Puerto Madryn \u00e9 outra regi\u00e3o incr\u00edvel. Localizada na Prov\u00edncia de Chubut, no Sul do pa\u00eds, a atra\u00e7\u00e3o aqui \u00e9 a observa\u00e7\u00e3o de baleias, que podem ser vistas durante uma longa temporada \u2013 de junho a dezembro. E a partir de setembro, at\u00e9 o m\u00eas de abril ele pode tamb\u00e9m encontrar pinguins nessa mesma regi\u00e3o. <\/p>\n\n\n\n<figure class=\"wp-block-image\"><img loading=\"lazy\" decoding=\"async\" width=\"1024\" height=\"680\" src=\"http:\/\/www.travel3.com.br\/site\/wp-content\/uploads\/2019\/03\/whale-630256_1920-1024x680.jpg\" alt=\"Puerto Madryn Argentina\" class=\"wp-image-21135\" srcset=\"https:\/\/www.travel3.com.br\/site\/wp-content\/uploads\/2019\/03\/whale-630256_1920-1024x680.jpg 1024w, https:\/\/www.travel3.com.br\/site\/wp-content\/uploads\/2019\/03\/whale-630256_1920-300x199.jpg 300w, https:\/\/www.travel3.com.br\/site\/wp-content\/uploads\/2019\/03\/whale-630256_1920-768x510.jpg 768w, https:\/\/www.travel3.com.br\/site\/wp-content\/uploads\/2019\/03\/whale-630256_1920-750x498.jpg 750w, https:\/\/www.travel3.com.br\/site\/wp-content\/uploads\/2019\/03\/whale-630256_1920-1140x757.jpg 1140w, https:\/\/www.travel3.com.br\/site\/wp-content\/uploads\/2019\/03\/whale-630256_1920.jpg 1920w\" sizes=\"auto, (max-width: 1024px) 100vw, 1024px\" \/><figcaption>Observa\u00e7\u00e3o de baleias em Puerto Madryn \u00e9 uma atra\u00e7\u00e3o imperd\u00edvel (Divulga\u00e7\u00e3o)<\/figcaption><\/figure>\n\n\n\n<p class=\"has-medium-font-size\">\u00c9 um destino ideal para ser combinado com Ushuaia e Calafate, conhecendo assim toda a Patag\u00f4nia Austral Argentina. \u00c9 um destino para viajantes solo, grupos de exploradores e principalmente para quem viaja com crian\u00e7as. Os visitantes saem caminhando pelas passarelas das <em>pinguineras<\/em> e observam os pinguins vivendo sua rotina di\u00e1ria. Tamb\u00e9m as baleias podem ser observadas bem de perto.<\/p>\n\n\n\n<figure class=\"wp-block-image\"><img loading=\"lazy\" decoding=\"async\" width=\"1024\" height=\"683\" src=\"http:\/\/www.travel3.com.br\/site\/wp-content\/uploads\/2019\/03\/humboldt-penguin-420444_1920-1024x683.jpg\" alt=\"Pinguim Argentina\" class=\"wp-image-21136\" srcset=\"https:\/\/www.travel3.com.br\/site\/wp-content\/uploads\/2019\/03\/humboldt-penguin-420444_1920-1024x683.jpg 1024w, https:\/\/www.travel3.com.br\/site\/wp-content\/uploads\/2019\/03\/humboldt-penguin-420444_1920-300x200.jpg 300w, https:\/\/www.travel3.com.br\/site\/wp-content\/uploads\/2019\/03\/humboldt-penguin-420444_1920-768x512.jpg 768w, https:\/\/www.travel3.com.br\/site\/wp-content\/uploads\/2019\/03\/humboldt-penguin-420444_1920-750x500.jpg 750w, https:\/\/www.travel3.com.br\/site\/wp-content\/uploads\/2019\/03\/humboldt-penguin-420444_1920-1140x760.jpg 1140w, https:\/\/www.travel3.com.br\/site\/wp-content\/uploads\/2019\/03\/humboldt-penguin-420444_1920.jpg 1920w\" sizes=\"auto, (max-width: 1024px) 100vw, 1024px\" \/><figcaption>Tamb\u00e9m na regi\u00e3o de Puerto Madryn \u00e9 poss\u00edvel ver pinguins em seu habitat  (Divulga\u00e7\u00e3o)<\/figcaption><\/figure>\n\n\n\n<h2 class=\"wp-block-heading\" style=\"text-align:center\"><strong>Circuito de inverno na Patag\u00f4nia oferece variedade de atra\u00e7\u00f5es<\/strong><\/h2>\n\n\n\n<p class=\"has-medium-font-size\">Neste momento vamos divulgar tamb\u00e9m os circuitos de neve, como Bariloche, um dos destinos mais procurados pelos brasileiros. A acessibilidade \u00e9 fant\u00e1stica, com voos diretos saindo de S\u00e3o Paulo e Campinas, direto para Bariloche. Ushuaia \u00e9 outro destino perfeito para o inverno no Hemisf\u00e9rio Sul, assim como San Martin de Los Andes.<\/p>\n\n\n\n<figure class=\"wp-block-image\"><img loading=\"lazy\" decoding=\"async\" width=\"1024\" height=\"426\" src=\"http:\/\/www.travel3.com.br\/site\/wp-content\/uploads\/2019\/03\/huskies-2279627_1920-1024x426.jpg\" alt=\"Inverno Argentina tren\u00f3 c\u00e3es\" class=\"wp-image-21138\" srcset=\"https:\/\/www.travel3.com.br\/site\/wp-content\/uploads\/2019\/03\/huskies-2279627_1920-1024x426.jpg 1024w, https:\/\/www.travel3.com.br\/site\/wp-content\/uploads\/2019\/03\/huskies-2279627_1920-300x125.jpg 300w, https:\/\/www.travel3.com.br\/site\/wp-content\/uploads\/2019\/03\/huskies-2279627_1920-768x319.jpg 768w, https:\/\/www.travel3.com.br\/site\/wp-content\/uploads\/2019\/03\/huskies-2279627_1920-750x312.jpg 750w, https:\/\/www.travel3.com.br\/site\/wp-content\/uploads\/2019\/03\/huskies-2279627_1920-1140x474.jpg 1140w, https:\/\/www.travel3.com.br\/site\/wp-content\/uploads\/2019\/03\/huskies-2279627_1920.jpg 1920w\" sizes=\"auto, (max-width: 1024px) 100vw, 1024px\" \/><figcaption>Fazer um passeio de tren\u00f3 puxado por c\u00e3es \u00e9 uma experi\u00eancia inesquec\u00edvel (Divulga\u00e7\u00e3o)<\/figcaption><\/figure>\n\n\n\n<p class=\"has-medium-font-size\">\u00c9 poss\u00edvel ao visitante fazer passeios de tren\u00f3s puxados por cachorros, motos de neve e caminhadas sobre a neve usando cal\u00e7ados especiais. Todos esses destinos s\u00e3o perfeitos para fam\u00edlias, casais e amigos pois oferecem uma programa\u00e7\u00e3o variada, de acordo com o perfil de cada viajante ou grupo, al\u00e9m de uma \u00f3tima gastronomia. <\/p>\n\n\n\n<h2 class=\"wp-block-heading\" style=\"text-align:center\"><strong>C\u00f3rdoba tem voos diretos + ref\u00fagios de conforto<\/strong><\/h2>\n\n\n\n<p class=\"has-medium-font-size\">Outra cidade que recebe voos diretos saindo de S\u00e3o Paulo \u00e9 C\u00f3rdoba, uma cidade repleta de hist\u00f3ria. Localizada na regi\u00e3o central da Argentina, \u00e9 o ber\u00e7o da 1\u00aa Universidade da Argentina.<\/p>\n\n\n\n<figure class=\"wp-block-image\"><img loading=\"lazy\" decoding=\"async\" width=\"1024\" height=\"681\" src=\"http:\/\/www.travel3.com.br\/site\/wp-content\/uploads\/2019\/03\/gaucho-3709010_1920-1024x681.jpg\" alt=\"C\u00f3rdoba Argentina\" class=\"wp-image-21137\" srcset=\"https:\/\/www.travel3.com.br\/site\/wp-content\/uploads\/2019\/03\/gaucho-3709010_1920-1024x681.jpg 1024w, https:\/\/www.travel3.com.br\/site\/wp-content\/uploads\/2019\/03\/gaucho-3709010_1920-300x199.jpg 300w, https:\/\/www.travel3.com.br\/site\/wp-content\/uploads\/2019\/03\/gaucho-3709010_1920-768x510.jpg 768w, https:\/\/www.travel3.com.br\/site\/wp-content\/uploads\/2019\/03\/gaucho-3709010_1920-750x498.jpg 750w, https:\/\/www.travel3.com.br\/site\/wp-content\/uploads\/2019\/03\/gaucho-3709010_1920-1140x758.jpg 1140w, https:\/\/www.travel3.com.br\/site\/wp-content\/uploads\/2019\/03\/gaucho-3709010_1920.jpg 1920w\" sizes=\"auto, (max-width: 1024px) 100vw, 1024px\" \/><figcaption>Em C\u00f3rdoba, est\u00e2ncias e fazendas s\u00e3o ref\u00fagios para o turista que procura descanso com conforto (Divulga\u00e7\u00e3o)<\/figcaption><\/figure>\n\n\n\n<p class=\"has-medium-font-size\">Gra\u00e7as aos voos diretos \u00e9 poss\u00edvel aproveitar um final de semana na cidade ou no entorno, onde est\u00e3o belos hot\u00e9is fazenda, a cerca de 1 hora e meia de dist\u00e2ncia. Este \u00e9 um verdadeiro ref\u00fagio para quem procura descanso absoluto, fugindo da rotina de grandes metr\u00f3poles como S\u00e3o Paulo, Rio de Janeiro e Belo Horizonte. <\/p>\n\n\n\n<h2 class=\"wp-block-heading\" style=\"text-align:center\"><strong>C\u00e2mbio favorece estadia em Puerto Iguaz\u00fa<\/strong><\/h2>\n\n\n\n<p class=\"has-medium-font-size\">E \u00e9 claro que n\u00e3o podemos\nesquecer de Puerto Iguaz\u00fa, pois o brasileiro gosta de Foz do Igua\u00e7u. Gra\u00e7as a\ndiferen\u00e7a de c\u00e2mbio, se hospedar no lado argentino est\u00e1 mais econ\u00f4mico. E vale\nlembrar que o lado argentino tem 5 cassinos e o brasileiro adora cassinos. <\/p>\n\n\n\n<h1 class=\"wp-block-heading\" style=\"text-align:center\">Not\u00edcias Relacionadas<\/h1>\n\n\n\n<figure class=\"wp-block-embed is-type-rich is-provider-travel-3\"><div class=\"wp-block-embed__wrapper\">\n<blockquote class=\"wp-embedded-content\" data-secret=\"5RwZ8jvaaU\"><a href=\"https:\/\/www.travel3.com.br\/acontece-no-turismo\/eventos-e-feiras\/encontro-america-do-sul\/\">1\u00ba Encontro Am\u00e9rica do Sul Orinter entregou o que os agentes desejavam<\/a><\/blockquote><iframe loading=\"lazy\" class=\"wp-embedded-content\" sandbox=\"allow-scripts\" security=\"restricted\" style=\"position: absolute; visibility: hidden;\" title=\"&#8220;1\u00ba Encontro Am\u00e9rica do Sul Orinter entregou o que os agentes desejavam&#8221; &#8212; Travel3\" src=\"https:\/\/www.travel3.com.br\/acontece-no-turismo\/eventos-e-feiras\/encontro-america-do-sul\/embed\/#?secret=T3dF5w68O1#?secret=5RwZ8jvaaU\" data-secret=\"5RwZ8jvaaU\" width=\"500\" height=\"282\" frameborder=\"0\" marginwidth=\"0\" marginheight=\"0\" scrolling=\"no\"><\/iframe>\n<\/div><\/figure>\n","protected":false},"excerpt":{"rendered":"<p>Inprotur, \u00f3rg\u00e3o oficial do turismo argentino + iniciativa privada comemoram aumento das viagens dos brasileiros ao pa\u00eds O Turismo da Argentina come\u00e7ou o ano comemorando o aumento do n\u00famero de brasileiros que visitaram o pa\u00eds em 2018 e quer que 2019 supere, em muito, as boas marcas. Durante o Encontro Am\u00e9rica Latina promovido pela Orinter [&hellip;]<\/p>\n","protected":false},"author":4,"featured_media":20973,"comment_status":"open","ping_status":"open","sticky":false,"template":"","format":"standard","meta":{"footnotes":""},"categories":[969,3,4],"tags":[1168,262],"class_list":["post-21131","post","type-post","status-publish","format-standard","has-post-thumbnail","hentry","category-acontece-no-turismo","category-negocios","category-operadoras","tag-argentina","tag-orinter"],"yoast_head":"<!-- This site is optimized with the Yoast SEO plugin v26.2 - https:\/\/yoast.com\/wordpress\/plugins\/seo\/ -->\n<title>Turismo da Argentina investe em capacita\u00e7\u00f5es e divulga\u00e7\u00e3o de destinos<\/title>\n<meta name=\"description\" content=\"Turismo da Argentina investe em capacita\u00e7\u00f5es e divulga\u00e7\u00e3o de novos destinos e roteiros para os viajantes brasileiros; parceria p\u00fablica e privada\" \/>\n<meta name=\"robots\" content=\"index, follow, max-snippet:-1, max-image-preview:large, max-video-preview:-1\" \/>\n<link rel=\"canonical\" href=\"https:\/\/www.travel3.com.br\/site\/acontece-no-turismo\/turismo-da-argentina\/\" \/>\n<meta property=\"og:locale\" content=\"pt_BR\" \/>\n<meta property=\"og:type\" content=\"article\" \/>\n<meta property=\"og:title\" content=\"Turismo da Argentina investe em capacita\u00e7\u00f5es e divulga\u00e7\u00e3o de destinos\" \/>\n<meta property=\"og:description\" content=\"Turismo da Argentina investe em capacita\u00e7\u00f5es e divulga\u00e7\u00e3o de novos destinos e roteiros para os viajantes brasileiros; parceria p\u00fablica e privada\" \/>\n<meta property=\"og:url\" content=\"https:\/\/www.travel3.com.br\/site\/acontece-no-turismo\/turismo-da-argentina\/\" \/>\n<meta property=\"og:site_name\" content=\"Travel3\" \/>\n<meta property=\"article:publisher\" content=\"https:\/\/www.facebook.com\/travel3media\/\" \/>\n<meta property=\"article:published_time\" content=\"2019-03-27T16:23:31+00:00\" \/>\n<meta property=\"article:modified_time\" content=\"2019-03-27T16:39:10+00:00\" \/>\n<meta property=\"og:image\" content=\"https:\/\/www.travel3.com.br\/site\/wp-content\/uploads\/2019\/03\/Orinter-America-Sul008_A.jpg\" \/>\n\t<meta property=\"og:image:width\" content=\"1920\" \/>\n\t<meta property=\"og:image:height\" content=\"1284\" \/>\n\t<meta property=\"og:image:type\" content=\"image\/jpeg\" \/>\n<meta name=\"author\" content=\"Claudia Tonaco\" \/>\n<meta name=\"twitter:card\" content=\"summary_large_image\" \/>\n<meta name=\"twitter:label1\" content=\"Escrito por\" \/>\n\t<meta name=\"twitter:data1\" content=\"Claudia Tonaco\" \/>\n\t<meta name=\"twitter:label2\" content=\"Est. tempo de leitura\" \/>\n\t<meta name=\"twitter:data2\" content=\"6 minutos\" \/>\n<script type=\"application\/ld+json\" class=\"yoast-schema-graph\">{\"@context\":\"https:\/\/schema.org\",\"@graph\":[{\"@type\":\"Article\",\"@id\":\"https:\/\/www.travel3.com.br\/site\/acontece-no-turismo\/turismo-da-argentina\/#article\",\"isPartOf\":{\"@id\":\"https:\/\/www.travel3.com.br\/site\/acontece-no-turismo\/turismo-da-argentina\/\"},\"author\":{\"name\":\"Claudia Tonaco\",\"@id\":\"https:\/\/www.travel3.com.br\/site\/#\/schema\/person\/ad24a6ccba88dcd54877f3d2fb76c605\"},\"headline\":\"Turismo da Argentina investe em capacita\u00e7\u00f5es e divulga\u00e7\u00e3o de novos destinos\",\"datePublished\":\"2019-03-27T16:23:31+00:00\",\"dateModified\":\"2019-03-27T16:39:10+00:00\",\"mainEntityOfPage\":{\"@id\":\"https:\/\/www.travel3.com.br\/site\/acontece-no-turismo\/turismo-da-argentina\/\"},\"wordCount\":1241,\"commentCount\":0,\"publisher\":{\"@id\":\"https:\/\/www.travel3.com.br\/site\/#organization\"},\"image\":{\"@id\":\"https:\/\/www.travel3.com.br\/site\/acontece-no-turismo\/turismo-da-argentina\/#primaryimage\"},\"thumbnailUrl\":\"https:\/\/www.travel3.com.br\/site\/wp-content\/uploads\/2019\/03\/Orinter-America-Sul008_A.jpg\",\"keywords\":[\"argentina\",\"Orinter\"],\"articleSection\":[\"Acontece no Turismo\",\"Neg\u00f3cios\",\"Operadoras\"],\"inLanguage\":\"pt-BR\",\"potentialAction\":[{\"@type\":\"CommentAction\",\"name\":\"Comment\",\"target\":[\"https:\/\/www.travel3.com.br\/site\/acontece-no-turismo\/turismo-da-argentina\/#respond\"]}]},{\"@type\":\"WebPage\",\"@id\":\"https:\/\/www.travel3.com.br\/site\/acontece-no-turismo\/turismo-da-argentina\/\",\"url\":\"https:\/\/www.travel3.com.br\/site\/acontece-no-turismo\/turismo-da-argentina\/\",\"name\":\"Turismo da Argentina investe em capacita\u00e7\u00f5es e divulga\u00e7\u00e3o de destinos\",\"isPartOf\":{\"@id\":\"https:\/\/www.travel3.com.br\/site\/#website\"},\"primaryImageOfPage\":{\"@id\":\"https:\/\/www.travel3.com.br\/site\/acontece-no-turismo\/turismo-da-argentina\/#primaryimage\"},\"image\":{\"@id\":\"https:\/\/www.travel3.com.br\/site\/acontece-no-turismo\/turismo-da-argentina\/#primaryimage\"},\"thumbnailUrl\":\"https:\/\/www.travel3.com.br\/site\/wp-content\/uploads\/2019\/03\/Orinter-America-Sul008_A.jpg\",\"datePublished\":\"2019-03-27T16:23:31+00:00\",\"dateModified\":\"2019-03-27T16:39:10+00:00\",\"description\":\"Turismo da Argentina investe em capacita\u00e7\u00f5es e divulga\u00e7\u00e3o de novos destinos e roteiros para os viajantes brasileiros; parceria p\u00fablica e privada\",\"breadcrumb\":{\"@id\":\"https:\/\/www.travel3.com.br\/site\/acontece-no-turismo\/turismo-da-argentina\/#breadcrumb\"},\"inLanguage\":\"pt-BR\",\"potentialAction\":[{\"@type\":\"ReadAction\",\"target\":[\"https:\/\/www.travel3.com.br\/site\/acontece-no-turismo\/turismo-da-argentina\/\"]}]},{\"@type\":\"ImageObject\",\"inLanguage\":\"pt-BR\",\"@id\":\"https:\/\/www.travel3.com.br\/site\/acontece-no-turismo\/turismo-da-argentina\/#primaryimage\",\"url\":\"https:\/\/www.travel3.com.br\/site\/wp-content\/uploads\/2019\/03\/Orinter-America-Sul008_A.jpg\",\"contentUrl\":\"https:\/\/www.travel3.com.br\/site\/wp-content\/uploads\/2019\/03\/Orinter-America-Sul008_A.jpg\",\"width\":1920,\"height\":1284,\"caption\":\"Ariel Cohen, coordenador de mercados do Instituto Nacional de Promo\u00e7\u00e3o Tur\u00edstica da Argentina, e Silvina Gomez, diretora da Conextur, operadora parceira da Orinter\"},{\"@type\":\"BreadcrumbList\",\"@id\":\"https:\/\/www.travel3.com.br\/site\/acontece-no-turismo\/turismo-da-argentina\/#breadcrumb\",\"itemListElement\":[{\"@type\":\"ListItem\",\"position\":1,\"name\":\"In\u00edcio\",\"item\":\"https:\/\/www.travel3.com.br\/site\/\"},{\"@type\":\"ListItem\",\"position\":2,\"name\":\"Turismo da Argentina investe em capacita\u00e7\u00f5es e divulga\u00e7\u00e3o de novos destinos\"}]},{\"@type\":\"WebSite\",\"@id\":\"https:\/\/www.travel3.com.br\/site\/#website\",\"url\":\"https:\/\/www.travel3.com.br\/site\/\",\"name\":\"Travel3\",\"description\":\"Lazer + Neg&oacute;cios + Aventura\",\"publisher\":{\"@id\":\"https:\/\/www.travel3.com.br\/site\/#organization\"},\"potentialAction\":[{\"@type\":\"SearchAction\",\"target\":{\"@type\":\"EntryPoint\",\"urlTemplate\":\"https:\/\/www.travel3.com.br\/site\/?s={search_term_string}\"},\"query-input\":{\"@type\":\"PropertyValueSpecification\",\"valueRequired\":true,\"valueName\":\"search_term_string\"}}],\"inLanguage\":\"pt-BR\"},{\"@type\":\"Organization\",\"@id\":\"https:\/\/www.travel3.com.br\/site\/#organization\",\"name\":\"Travel3\",\"url\":\"https:\/\/www.travel3.com.br\/site\/\",\"logo\":{\"@type\":\"ImageObject\",\"inLanguage\":\"pt-BR\",\"@id\":\"https:\/\/www.travel3.com.br\/site\/#\/schema\/logo\/image\/\",\"url\":\"https:\/\/www.travel3.com.br\/site\/wp-content\/uploads\/2020\/01\/logo-travel3-2020.png\",\"contentUrl\":\"https:\/\/www.travel3.com.br\/site\/wp-content\/uploads\/2020\/01\/logo-travel3-2020.png\",\"width\":232,\"height\":79,\"caption\":\"Travel3\"},\"image\":{\"@id\":\"https:\/\/www.travel3.com.br\/site\/#\/schema\/logo\/image\/\"},\"sameAs\":[\"https:\/\/www.facebook.com\/travel3media\/\",\"https:\/\/www.instagram.com\/revistatravel3\/\",\"https:\/\/www.youtube.com\/channel\/UCno7J4paGBR3VbZQzvoJ9Eg\"]},{\"@type\":\"Person\",\"@id\":\"https:\/\/www.travel3.com.br\/site\/#\/schema\/person\/ad24a6ccba88dcd54877f3d2fb76c605\",\"name\":\"Claudia Tonaco\",\"image\":{\"@type\":\"ImageObject\",\"inLanguage\":\"pt-BR\",\"@id\":\"https:\/\/www.travel3.com.br\/site\/#\/schema\/person\/image\/\",\"url\":\"https:\/\/secure.gravatar.com\/avatar\/7c64bb31135bb8c28f49658a042f8b8a?s=96&d=mm&r=g\",\"contentUrl\":\"https:\/\/secure.gravatar.com\/avatar\/7c64bb31135bb8c28f49658a042f8b8a?s=96&d=mm&r=g\",\"caption\":\"Claudia Tonaco\"},\"sameAs\":[\"http:\/\/www.travel3.com.br\"],\"url\":\"https:\/\/www.travel3.com.br\/site\/author\/tonaco\/\"}]}<\/script>\n<!-- \/ Yoast SEO plugin. -->","yoast_head_json":{"title":"Turismo da Argentina investe em capacita\u00e7\u00f5es e divulga\u00e7\u00e3o de destinos","description":"Turismo da Argentina investe em capacita\u00e7\u00f5es e divulga\u00e7\u00e3o de novos destinos e roteiros para os viajantes brasileiros; parceria p\u00fablica e privada","robots":{"index":"index","follow":"follow","max-snippet":"max-snippet:-1","max-image-preview":"max-image-preview:large","max-video-preview":"max-video-preview:-1"},"canonical":"https:\/\/www.travel3.com.br\/site\/acontece-no-turismo\/turismo-da-argentina\/","og_locale":"pt_BR","og_type":"article","og_title":"Turismo da Argentina investe em capacita\u00e7\u00f5es e divulga\u00e7\u00e3o de destinos","og_description":"Turismo da Argentina investe em capacita\u00e7\u00f5es e divulga\u00e7\u00e3o de novos destinos e roteiros para os viajantes brasileiros; parceria p\u00fablica e privada","og_url":"https:\/\/www.travel3.com.br\/site\/acontece-no-turismo\/turismo-da-argentina\/","og_site_name":"Travel3","article_publisher":"https:\/\/www.facebook.com\/travel3media\/","article_published_time":"2019-03-27T16:23:31+00:00","article_modified_time":"2019-03-27T16:39:10+00:00","og_image":[{"width":1920,"height":1284,"url":"https:\/\/www.travel3.com.br\/site\/wp-content\/uploads\/2019\/03\/Orinter-America-Sul008_A.jpg","type":"image\/jpeg"}],"author":"Claudia Tonaco","twitter_card":"summary_large_image","twitter_misc":{"Escrito por":"Claudia Tonaco","Est. tempo de leitura":"6 minutos"},"schema":{"@context":"https:\/\/schema.org","@graph":[{"@type":"Article","@id":"https:\/\/www.travel3.com.br\/site\/acontece-no-turismo\/turismo-da-argentina\/#article","isPartOf":{"@id":"https:\/\/www.travel3.com.br\/site\/acontece-no-turismo\/turismo-da-argentina\/"},"author":{"name":"Claudia Tonaco","@id":"https:\/\/www.travel3.com.br\/site\/#\/schema\/person\/ad24a6ccba88dcd54877f3d2fb76c605"},"headline":"Turismo da Argentina investe em capacita\u00e7\u00f5es e divulga\u00e7\u00e3o de novos destinos","datePublished":"2019-03-27T16:23:31+00:00","dateModified":"2019-03-27T16:39:10+00:00","mainEntityOfPage":{"@id":"https:\/\/www.travel3.com.br\/site\/acontece-no-turismo\/turismo-da-argentina\/"},"wordCount":1241,"commentCount":0,"publisher":{"@id":"https:\/\/www.travel3.com.br\/site\/#organization"},"image":{"@id":"https:\/\/www.travel3.com.br\/site\/acontece-no-turismo\/turismo-da-argentina\/#primaryimage"},"thumbnailUrl":"https:\/\/www.travel3.com.br\/site\/wp-content\/uploads\/2019\/03\/Orinter-America-Sul008_A.jpg","keywords":["argentina","Orinter"],"articleSection":["Acontece no Turismo","Neg\u00f3cios","Operadoras"],"inLanguage":"pt-BR","potentialAction":[{"@type":"CommentAction","name":"Comment","target":["https:\/\/www.travel3.com.br\/site\/acontece-no-turismo\/turismo-da-argentina\/#respond"]}]},{"@type":"WebPage","@id":"https:\/\/www.travel3.com.br\/site\/acontece-no-turismo\/turismo-da-argentina\/","url":"https:\/\/www.travel3.com.br\/site\/acontece-no-turismo\/turismo-da-argentina\/","name":"Turismo da Argentina investe em capacita\u00e7\u00f5es e divulga\u00e7\u00e3o de destinos","isPartOf":{"@id":"https:\/\/www.travel3.com.br\/site\/#website"},"primaryImageOfPage":{"@id":"https:\/\/www.travel3.com.br\/site\/acontece-no-turismo\/turismo-da-argentina\/#primaryimage"},"image":{"@id":"https:\/\/www.travel3.com.br\/site\/acontece-no-turismo\/turismo-da-argentina\/#primaryimage"},"thumbnailUrl":"https:\/\/www.travel3.com.br\/site\/wp-content\/uploads\/2019\/03\/Orinter-America-Sul008_A.jpg","datePublished":"2019-03-27T16:23:31+00:00","dateModified":"2019-03-27T16:39:10+00:00","description":"Turismo da Argentina investe em capacita\u00e7\u00f5es e divulga\u00e7\u00e3o de novos destinos e roteiros para os viajantes brasileiros; parceria p\u00fablica e privada","breadcrumb":{"@id":"https:\/\/www.travel3.com.br\/site\/acontece-no-turismo\/turismo-da-argentina\/#breadcrumb"},"inLanguage":"pt-BR","potentialAction":[{"@type":"ReadAction","target":["https:\/\/www.travel3.com.br\/site\/acontece-no-turismo\/turismo-da-argentina\/"]}]},{"@type":"ImageObject","inLanguage":"pt-BR","@id":"https:\/\/www.travel3.com.br\/site\/acontece-no-turismo\/turismo-da-argentina\/#primaryimage","url":"https:\/\/www.travel3.com.br\/site\/wp-content\/uploads\/2019\/03\/Orinter-America-Sul008_A.jpg","contentUrl":"https:\/\/www.travel3.com.br\/site\/wp-content\/uploads\/2019\/03\/Orinter-America-Sul008_A.jpg","width":1920,"height":1284,"caption":"Ariel Cohen, coordenador de mercados do Instituto Nacional de Promo\u00e7\u00e3o Tur\u00edstica da Argentina, e Silvina Gomez, diretora da Conextur, operadora parceira da Orinter"},{"@type":"BreadcrumbList","@id":"https:\/\/www.travel3.com.br\/site\/acontece-no-turismo\/turismo-da-argentina\/#breadcrumb","itemListElement":[{"@type":"ListItem","position":1,"name":"In\u00edcio","item":"https:\/\/www.travel3.com.br\/site\/"},{"@type":"ListItem","position":2,"name":"Turismo da Argentina investe em capacita\u00e7\u00f5es e divulga\u00e7\u00e3o de novos destinos"}]},{"@type":"WebSite","@id":"https:\/\/www.travel3.com.br\/site\/#website","url":"https:\/\/www.travel3.com.br\/site\/","name":"Travel3","description":"Lazer + Neg&oacute;cios + Aventura","publisher":{"@id":"https:\/\/www.travel3.com.br\/site\/#organization"},"potentialAction":[{"@type":"SearchAction","target":{"@type":"EntryPoint","urlTemplate":"https:\/\/www.travel3.com.br\/site\/?s={search_term_string}"},"query-input":{"@type":"PropertyValueSpecification","valueRequired":true,"valueName":"search_term_string"}}],"inLanguage":"pt-BR"},{"@type":"Organization","@id":"https:\/\/www.travel3.com.br\/site\/#organization","name":"Travel3","url":"https:\/\/www.travel3.com.br\/site\/","logo":{"@type":"ImageObject","inLanguage":"pt-BR","@id":"https:\/\/www.travel3.com.br\/site\/#\/schema\/logo\/image\/","url":"https:\/\/www.travel3.com.br\/site\/wp-content\/uploads\/2020\/01\/logo-travel3-2020.png","contentUrl":"https:\/\/www.travel3.com.br\/site\/wp-content\/uploads\/2020\/01\/logo-travel3-2020.png","width":232,"height":79,"caption":"Travel3"},"image":{"@id":"https:\/\/www.travel3.com.br\/site\/#\/schema\/logo\/image\/"},"sameAs":["https:\/\/www.facebook.com\/travel3media\/","https:\/\/www.instagram.com\/revistatravel3\/","https:\/\/www.youtube.com\/channel\/UCno7J4paGBR3VbZQzvoJ9Eg"]},{"@type":"Person","@id":"https:\/\/www.travel3.com.br\/site\/#\/schema\/person\/ad24a6ccba88dcd54877f3d2fb76c605","name":"Claudia Tonaco","image":{"@type":"ImageObject","inLanguage":"pt-BR","@id":"https:\/\/www.travel3.com.br\/site\/#\/schema\/person\/image\/","url":"https:\/\/secure.gravatar.com\/avatar\/7c64bb31135bb8c28f49658a042f8b8a?s=96&d=mm&r=g","contentUrl":"https:\/\/secure.gravatar.com\/avatar\/7c64bb31135bb8c28f49658a042f8b8a?s=96&d=mm&r=g","caption":"Claudia Tonaco"},"sameAs":["http:\/\/www.travel3.com.br"],"url":"https:\/\/www.travel3.com.br\/site\/author\/tonaco\/"}]}},"_links":{"self":[{"href":"https:\/\/www.travel3.com.br\/site\/wp-json\/wp\/v2\/posts\/21131","targetHints":{"allow":["GET"]}}],"collection":[{"href":"https:\/\/www.travel3.com.br\/site\/wp-json\/wp\/v2\/posts"}],"about":[{"href":"https:\/\/www.travel3.com.br\/site\/wp-json\/wp\/v2\/types\/post"}],"author":[{"embeddable":true,"href":"https:\/\/www.travel3.com.br\/site\/wp-json\/wp\/v2\/users\/4"}],"replies":[{"embeddable":true,"href":"https:\/\/www.travel3.com.br\/site\/wp-json\/wp\/v2\/comments?post=21131"}],"version-history":[{"count":14,"href":"https:\/\/www.travel3.com.br\/site\/wp-json\/wp\/v2\/posts\/21131\/revisions"}],"predecessor-version":[{"id":21153,"href":"https:\/\/www.travel3.com.br\/site\/wp-json\/wp\/v2\/posts\/21131\/revisions\/21153"}],"wp:featuredmedia":[{"embeddable":true,"href":"https:\/\/www.travel3.com.br\/site\/wp-json\/wp\/v2\/media\/20973"}],"wp:attachment":[{"href":"https:\/\/www.travel3.com.br\/site\/wp-json\/wp\/v2\/media?parent=21131"}],"wp:term":[{"taxonomy":"category","embeddable":true,"href":"https:\/\/www.travel3.com.br\/site\/wp-json\/wp\/v2\/categories?post=21131"},{"taxonomy":"post_tag","embeddable":true,"href":"https:\/\/www.travel3.com.br\/site\/wp-json\/wp\/v2\/tags?post=21131"}],"curies":[{"name":"wp","href":"https:\/\/api.w.org\/{rel}","templated":true}]}}