{"id":2093,"date":"2017-08-03T01:08:45","date_gmt":"2017-08-03T01:08:45","guid":{"rendered":"http:\/\/www.travel3.com.br\/site\/ir-e-vir\/ar\/lufthansa-mostra-numeros-em-alta-vice-da-cia-vem-ao-brasil-para-coletiva\/"},"modified":"2017-08-03T01:08:45","modified_gmt":"2017-08-03T01:08:45","slug":"lufthansa-mostra-numeros-em-alta-vice-da-cia-vem-ao-brasil-para-coletiva","status":"publish","type":"post","link":"https:\/\/www.travel3.com.br\/site\/sem-categoria\/lufthansa-mostra-numeros-em-alta-vice-da-cia-vem-ao-brasil-para-coletiva\/","title":{"rendered":"LUFTHANSA MOSTRA N\u00daMEROS EM ALTA; VICE DA CIA VEM AO BRASIL PARA COLETIVA"},"content":{"rendered":"<p><span style=\"color: #40acad; font-family: -apple-system, system-ui, 'Segoe UI', Roboto, Oxygen-Sans, Ubuntu, Cantarell, 'Helvetica Neue', sans-serif; font-size: 12px; font-weight: bold;\"><\/p>\n<p style=\"text-align:justify\">O vice-presidente do grupo Lufthansa na \u00e1rea comercial das Am\u00e9ricas, Tamar Goudarzi Pour, estar\u00e1 dentro de uma semana no Brasil e vai conceder coletiva a bordo de um B 747-8 da companhia, no aeroporto de Guarulhos, SP. Na pr\u00f3xima ter\u00e7a (25), quando falar\u00e1 das perspectivas do mercado no Brasil e na Am\u00e9rica do Sul para este e os pr\u00f3ximos anos.<\/p>\n<p style=\"text-align:justify\">\u00c9 poss\u00edvel e certamente ser\u00e1 questionado, sobre o anuncio da utiliza\u00e7\u00e3o do equipamento A380 na rota para o Brasil,\u00a0 que j\u00e1 esteve nos planos anteriores da companhia. Outro poder\u00e1\u00a0 ser a poss\u00edvel\u00a0 na retomada de voos, como no caso de Munich.<\/p>\n<p style=\"text-align:justify\">Ao seu lado estar\u00e3o Tom Maes, diretor s\u00eanior de vendas para a Am\u00e9rica do Sul, e Annette Taeuber, diretora para o Brasil. E eles ter\u00e3o muito o que comentar, especialmente ap\u00f3s a divulga\u00e7\u00e3o dos n\u00fameros de mar\u00e7o, quando o grupo alem\u00e3o teve um aumento de quase 14% no transporte de passageiros comparativo ao ano passado. Foram 9,6 milh\u00f5es a mais.<\/p>\n<p style=\"text-align:justify\">Isto significa que o primeiro trimestre do ano teve 25,2 milh\u00f5es de passageiros voando com as empresas do grupo. Houve aumento de 9,9 nas ofertas em assentos por quil\u00f4metro e o volume total de tr\u00e1fego subiu 11%, sendo que a taxa de ocupa\u00e7\u00e3o cresceu para 77,2%.<\/p>\n<p style=\"text-align:justify\">As malhas a\u00e9reas da Lufthansa, Swiss e Austrian Airlines transportaram 7,4 milh\u00f5es de passageiros em mar\u00e7o, 4,5% mais do que o mesmo per\u00edodo do ano anterior. Um total de 19,7 milh\u00f5es de passageiros viajaram no primeiro trimestre, chegando a 3,5 pontos percentuais a mais que no ano anterior.<\/p>\n<p style=\"text-align:justify\">13,7 milh\u00f5es de pessoas voaram com a Lufthansa no primeiro trimestre deste ano, 2,8% mais do que no mesmo per\u00edodo do ano passado e a taxa de ocupa\u00e7\u00e3o subiu para 78,2%, ficando 1,8 pontos percentuais acima do n\u00edvel do ano anterior.<\/p>\n<p style=\"text-align:justify\">As companhia a\u00e9reas do Grupo Lufthansa que voam ponto a ponto \u2013 Eurowings (incluindo Germanwings) e Brussels Airlines \u2013 transportaram 2,2 milh\u00f5es de passageiros no m\u00eas passado. Deste total, 2 milh\u00f5es de passageiros estavam em voos de curta dist\u00e2ncia e 0,2 milh\u00e3o voaram longa dist\u00e2ncia.<\/p>\n<p style=\"text-align:justify\">Considerando o primeiro trimestre, tanto capacidade quanto volume de vendas cresceram 68,3% e 69,1%, respectivamente, resultando em um aumento da taxa de ocupa\u00e7\u00e3o em 0,3 pontos percentuais.<\/p>\n<p style=\"text-align:justify\">O Grupo Lufthansa \u2013 que pretende ser a \u2018primeira op\u00e7\u00e3o em avia\u00e7\u00e3o\u2019 &#8211; \u00a0\u00e9 o maior grupo de avia\u00e7\u00e3o do mundo em termos de faturamento, \u00e9 tamb\u00e9m l\u00edder de mercado na Europa no segmento de companhias a\u00e9reas. A seguran\u00e7a, qualidade, confian\u00e7a e inova\u00e7\u00e3o s\u00e3o as principais credenciais e prioridades para todas as atividades de neg\u00f3cios, divididos em tr\u00eas \u00e1reas estrat\u00e9gicas: a\u00e9rea de hub (centros de distribui\u00e7\u00e3o), neg\u00f3cios ponto a ponto e companhias de servi\u00e7os.<\/p>\n<p style=\"text-align:justify\"><a class=\"fancybox-media\" href=\"..\/_uploads\/_noticia\/2017-04\/first-1--2-.jpg\" rel=\"portfolio\"><img decoding=\"async\" alt=\"\" src=\"..\/_uploads\/_noticia\/2017-04\/first-1--2-.jpg\" \/><\/a> Atualmente, as empresas do Grupo Lufthansa oferecem 308 destinos em 103 pa\u00edses em quatro continentes, 11.738 voos semanais. A frota total do grupo \u00e9 de 617 aeronaves e as companhias a\u00e9reas integrantes v\u00e3o receber 205 novas aeronaves de agora at\u00e9 2025. \u00a0<\/p>\n<p style=\"text-align:justify\">Em 2016, o Grupo Lufthansa empregava \u00a0125 mil pessoas, recebeu 109,7 milh\u00f5es de passageiros a bordo dos seus voos e gerou receitas da ordem de 31 bilh\u00f5es de Euros.<\/p>\n<p>\u00a0<\/p>\n<p><\/span><\/p>\n","protected":false},"excerpt":{"rendered":"<p>Al\u00e9m do crescente balan\u00e7o positivo, novidades podem ser esperadas: quem sabe a retomada do voo para Munique, ou a chegada do A380?<\/p>\n","protected":false},"author":1,"featured_media":0,"comment_status":"open","ping_status":"open","sticky":false,"template":"","format":"standard","meta":{"footnotes":""},"categories":[],"tags":[],"class_list":["post-2093","post","type-post","status-publish","format-standard","hentry"],"yoast_head":"<!-- This site is optimized with the Yoast SEO plugin v26.2 - https:\/\/yoast.com\/wordpress\/plugins\/seo\/ -->\n<title>LUFTHANSA MOSTRA N\u00daMEROS EM ALTA; VICE DA CIA VEM AO BRASIL PARA COLETIVA - Travel3<\/title>\n<meta name=\"description\" content=\"A TRAVEL3 \u00e9 um portal de conte\u00fado voltado para o turismo, encontre destinos, viagens, hospedagem, passagens, guias, not\u00edcias sobre o mercado do turismo, dicas de viagem, v\u00eddeos e podcast.\" \/>\n<meta name=\"robots\" content=\"index, follow, max-snippet:-1, max-image-preview:large, max-video-preview:-1\" \/>\n<link rel=\"canonical\" href=\"https:\/\/www.travel3.com.br\/site\/sem-categoria\/lufthansa-mostra-numeros-em-alta-vice-da-cia-vem-ao-brasil-para-coletiva\/\" \/>\n<meta property=\"og:locale\" content=\"pt_BR\" \/>\n<meta property=\"og:type\" content=\"article\" \/>\n<meta property=\"og:title\" content=\"LUFTHANSA MOSTRA N\u00daMEROS EM ALTA; VICE DA CIA VEM AO BRASIL PARA COLETIVA - Travel3\" \/>\n<meta property=\"og:description\" content=\"A TRAVEL3 \u00e9 um portal de conte\u00fado voltado para o turismo, encontre destinos, viagens, hospedagem, passagens, guias, not\u00edcias sobre o mercado do turismo, dicas de viagem, v\u00eddeos e podcast.\" \/>\n<meta property=\"og:url\" content=\"https:\/\/www.travel3.com.br\/site\/sem-categoria\/lufthansa-mostra-numeros-em-alta-vice-da-cia-vem-ao-brasil-para-coletiva\/\" \/>\n<meta property=\"og:site_name\" content=\"Travel3\" \/>\n<meta property=\"article:publisher\" content=\"https:\/\/www.facebook.com\/travel3media\/\" \/>\n<meta property=\"article:published_time\" content=\"2017-08-03T01:08:45+00:00\" \/>\n<meta name=\"author\" content=\"admin\" \/>\n<meta name=\"twitter:card\" content=\"summary_large_image\" \/>\n<meta name=\"twitter:label1\" content=\"Escrito por\" \/>\n\t<meta name=\"twitter:data1\" content=\"admin\" \/>\n\t<meta name=\"twitter:label2\" content=\"Est. tempo de leitura\" \/>\n\t<meta name=\"twitter:data2\" content=\"3 minutos\" \/>\n<script type=\"application\/ld+json\" class=\"yoast-schema-graph\">{\"@context\":\"https:\/\/schema.org\",\"@graph\":[{\"@type\":\"Article\",\"@id\":\"https:\/\/www.travel3.com.br\/site\/sem-categoria\/lufthansa-mostra-numeros-em-alta-vice-da-cia-vem-ao-brasil-para-coletiva\/#article\",\"isPartOf\":{\"@id\":\"https:\/\/www.travel3.com.br\/site\/sem-categoria\/lufthansa-mostra-numeros-em-alta-vice-da-cia-vem-ao-brasil-para-coletiva\/\"},\"author\":{\"name\":\"admin\",\"@id\":\"https:\/\/www.travel3.com.br\/site\/#\/schema\/person\/a69d71e41a024999b6ab82369ac0bd1e\"},\"headline\":\"LUFTHANSA MOSTRA N\u00daMEROS EM ALTA; VICE DA CIA VEM AO BRASIL PARA COLETIVA\",\"datePublished\":\"2017-08-03T01:08:45+00:00\",\"mainEntityOfPage\":{\"@id\":\"https:\/\/www.travel3.com.br\/site\/sem-categoria\/lufthansa-mostra-numeros-em-alta-vice-da-cia-vem-ao-brasil-para-coletiva\/\"},\"wordCount\":549,\"commentCount\":0,\"publisher\":{\"@id\":\"https:\/\/www.travel3.com.br\/site\/#organization\"},\"inLanguage\":\"pt-BR\",\"potentialAction\":[{\"@type\":\"CommentAction\",\"name\":\"Comment\",\"target\":[\"https:\/\/www.travel3.com.br\/site\/sem-categoria\/lufthansa-mostra-numeros-em-alta-vice-da-cia-vem-ao-brasil-para-coletiva\/#respond\"]}]},{\"@type\":\"WebPage\",\"@id\":\"https:\/\/www.travel3.com.br\/site\/sem-categoria\/lufthansa-mostra-numeros-em-alta-vice-da-cia-vem-ao-brasil-para-coletiva\/\",\"url\":\"https:\/\/www.travel3.com.br\/site\/sem-categoria\/lufthansa-mostra-numeros-em-alta-vice-da-cia-vem-ao-brasil-para-coletiva\/\",\"name\":\"LUFTHANSA MOSTRA N\u00daMEROS EM ALTA; VICE DA CIA VEM AO BRASIL PARA COLETIVA - Travel3\",\"isPartOf\":{\"@id\":\"https:\/\/www.travel3.com.br\/site\/#website\"},\"datePublished\":\"2017-08-03T01:08:45+00:00\",\"description\":\"A TRAVEL3 \u00e9 um portal de conte\u00fado voltado para o turismo, encontre destinos, viagens, hospedagem, passagens, guias, not\u00edcias sobre o mercado do turismo, dicas de viagem, v\u00eddeos e podcast.\",\"breadcrumb\":{\"@id\":\"https:\/\/www.travel3.com.br\/site\/sem-categoria\/lufthansa-mostra-numeros-em-alta-vice-da-cia-vem-ao-brasil-para-coletiva\/#breadcrumb\"},\"inLanguage\":\"pt-BR\",\"potentialAction\":[{\"@type\":\"ReadAction\",\"target\":[\"https:\/\/www.travel3.com.br\/site\/sem-categoria\/lufthansa-mostra-numeros-em-alta-vice-da-cia-vem-ao-brasil-para-coletiva\/\"]}]},{\"@type\":\"BreadcrumbList\",\"@id\":\"https:\/\/www.travel3.com.br\/site\/sem-categoria\/lufthansa-mostra-numeros-em-alta-vice-da-cia-vem-ao-brasil-para-coletiva\/#breadcrumb\",\"itemListElement\":[{\"@type\":\"ListItem\",\"position\":1,\"name\":\"In\u00edcio\",\"item\":\"https:\/\/www.travel3.com.br\/site\/\"},{\"@type\":\"ListItem\",\"position\":2,\"name\":\"LUFTHANSA MOSTRA N\u00daMEROS EM ALTA; VICE DA CIA VEM AO BRASIL PARA COLETIVA\"}]},{\"@type\":\"WebSite\",\"@id\":\"https:\/\/www.travel3.com.br\/site\/#website\",\"url\":\"https:\/\/www.travel3.com.br\/site\/\",\"name\":\"Travel3\",\"description\":\"Lazer + Neg&oacute;cios + Aventura\",\"publisher\":{\"@id\":\"https:\/\/www.travel3.com.br\/site\/#organization\"},\"potentialAction\":[{\"@type\":\"SearchAction\",\"target\":{\"@type\":\"EntryPoint\",\"urlTemplate\":\"https:\/\/www.travel3.com.br\/site\/?s={search_term_string}\"},\"query-input\":{\"@type\":\"PropertyValueSpecification\",\"valueRequired\":true,\"valueName\":\"search_term_string\"}}],\"inLanguage\":\"pt-BR\"},{\"@type\":\"Organization\",\"@id\":\"https:\/\/www.travel3.com.br\/site\/#organization\",\"name\":\"Travel3\",\"url\":\"https:\/\/www.travel3.com.br\/site\/\",\"logo\":{\"@type\":\"ImageObject\",\"inLanguage\":\"pt-BR\",\"@id\":\"https:\/\/www.travel3.com.br\/site\/#\/schema\/logo\/image\/\",\"url\":\"https:\/\/www.travel3.com.br\/site\/wp-content\/uploads\/2020\/01\/logo-travel3-2020.png\",\"contentUrl\":\"https:\/\/www.travel3.com.br\/site\/wp-content\/uploads\/2020\/01\/logo-travel3-2020.png\",\"width\":232,\"height\":79,\"caption\":\"Travel3\"},\"image\":{\"@id\":\"https:\/\/www.travel3.com.br\/site\/#\/schema\/logo\/image\/\"},\"sameAs\":[\"https:\/\/www.facebook.com\/travel3media\/\",\"https:\/\/www.instagram.com\/revistatravel3\/\",\"https:\/\/www.youtube.com\/channel\/UCno7J4paGBR3VbZQzvoJ9Eg\"]},{\"@type\":\"Person\",\"@id\":\"https:\/\/www.travel3.com.br\/site\/#\/schema\/person\/a69d71e41a024999b6ab82369ac0bd1e\",\"name\":\"admin\",\"image\":{\"@type\":\"ImageObject\",\"inLanguage\":\"pt-BR\",\"@id\":\"https:\/\/www.travel3.com.br\/site\/#\/schema\/person\/image\/\",\"url\":\"https:\/\/secure.gravatar.com\/avatar\/732a67adfd764da2a47ba10ce731c4c0?s=96&d=mm&r=g\",\"contentUrl\":\"https:\/\/secure.gravatar.com\/avatar\/732a67adfd764da2a47ba10ce731c4c0?s=96&d=mm&r=g\",\"caption\":\"admin\"},\"url\":\"https:\/\/www.travel3.com.br\/site\/author\/admin\/\"}]}<\/script>\n<!-- \/ Yoast SEO plugin. -->","yoast_head_json":{"title":"LUFTHANSA MOSTRA N\u00daMEROS EM ALTA; VICE DA CIA VEM AO BRASIL PARA COLETIVA - Travel3","description":"A TRAVEL3 \u00e9 um portal de conte\u00fado voltado para o turismo, encontre destinos, viagens, hospedagem, passagens, guias, not\u00edcias sobre o mercado do turismo, dicas de viagem, v\u00eddeos e podcast.","robots":{"index":"index","follow":"follow","max-snippet":"max-snippet:-1","max-image-preview":"max-image-preview:large","max-video-preview":"max-video-preview:-1"},"canonical":"https:\/\/www.travel3.com.br\/site\/sem-categoria\/lufthansa-mostra-numeros-em-alta-vice-da-cia-vem-ao-brasil-para-coletiva\/","og_locale":"pt_BR","og_type":"article","og_title":"LUFTHANSA MOSTRA N\u00daMEROS EM ALTA; VICE DA CIA VEM AO BRASIL PARA COLETIVA - Travel3","og_description":"A TRAVEL3 \u00e9 um portal de conte\u00fado voltado para o turismo, encontre destinos, viagens, hospedagem, passagens, guias, not\u00edcias sobre o mercado do turismo, dicas de viagem, v\u00eddeos e podcast.","og_url":"https:\/\/www.travel3.com.br\/site\/sem-categoria\/lufthansa-mostra-numeros-em-alta-vice-da-cia-vem-ao-brasil-para-coletiva\/","og_site_name":"Travel3","article_publisher":"https:\/\/www.facebook.com\/travel3media\/","article_published_time":"2017-08-03T01:08:45+00:00","author":"admin","twitter_card":"summary_large_image","twitter_misc":{"Escrito por":"admin","Est. tempo de leitura":"3 minutos"},"schema":{"@context":"https:\/\/schema.org","@graph":[{"@type":"Article","@id":"https:\/\/www.travel3.com.br\/site\/sem-categoria\/lufthansa-mostra-numeros-em-alta-vice-da-cia-vem-ao-brasil-para-coletiva\/#article","isPartOf":{"@id":"https:\/\/www.travel3.com.br\/site\/sem-categoria\/lufthansa-mostra-numeros-em-alta-vice-da-cia-vem-ao-brasil-para-coletiva\/"},"author":{"name":"admin","@id":"https:\/\/www.travel3.com.br\/site\/#\/schema\/person\/a69d71e41a024999b6ab82369ac0bd1e"},"headline":"LUFTHANSA MOSTRA N\u00daMEROS EM ALTA; VICE DA CIA VEM AO BRASIL PARA COLETIVA","datePublished":"2017-08-03T01:08:45+00:00","mainEntityOfPage":{"@id":"https:\/\/www.travel3.com.br\/site\/sem-categoria\/lufthansa-mostra-numeros-em-alta-vice-da-cia-vem-ao-brasil-para-coletiva\/"},"wordCount":549,"commentCount":0,"publisher":{"@id":"https:\/\/www.travel3.com.br\/site\/#organization"},"inLanguage":"pt-BR","potentialAction":[{"@type":"CommentAction","name":"Comment","target":["https:\/\/www.travel3.com.br\/site\/sem-categoria\/lufthansa-mostra-numeros-em-alta-vice-da-cia-vem-ao-brasil-para-coletiva\/#respond"]}]},{"@type":"WebPage","@id":"https:\/\/www.travel3.com.br\/site\/sem-categoria\/lufthansa-mostra-numeros-em-alta-vice-da-cia-vem-ao-brasil-para-coletiva\/","url":"https:\/\/www.travel3.com.br\/site\/sem-categoria\/lufthansa-mostra-numeros-em-alta-vice-da-cia-vem-ao-brasil-para-coletiva\/","name":"LUFTHANSA MOSTRA N\u00daMEROS EM ALTA; VICE DA CIA VEM AO BRASIL PARA COLETIVA - Travel3","isPartOf":{"@id":"https:\/\/www.travel3.com.br\/site\/#website"},"datePublished":"2017-08-03T01:08:45+00:00","description":"A TRAVEL3 \u00e9 um portal de conte\u00fado voltado para o turismo, encontre destinos, viagens, hospedagem, passagens, guias, not\u00edcias sobre o mercado do turismo, dicas de viagem, v\u00eddeos e podcast.","breadcrumb":{"@id":"https:\/\/www.travel3.com.br\/site\/sem-categoria\/lufthansa-mostra-numeros-em-alta-vice-da-cia-vem-ao-brasil-para-coletiva\/#breadcrumb"},"inLanguage":"pt-BR","potentialAction":[{"@type":"ReadAction","target":["https:\/\/www.travel3.com.br\/site\/sem-categoria\/lufthansa-mostra-numeros-em-alta-vice-da-cia-vem-ao-brasil-para-coletiva\/"]}]},{"@type":"BreadcrumbList","@id":"https:\/\/www.travel3.com.br\/site\/sem-categoria\/lufthansa-mostra-numeros-em-alta-vice-da-cia-vem-ao-brasil-para-coletiva\/#breadcrumb","itemListElement":[{"@type":"ListItem","position":1,"name":"In\u00edcio","item":"https:\/\/www.travel3.com.br\/site\/"},{"@type":"ListItem","position":2,"name":"LUFTHANSA MOSTRA N\u00daMEROS EM ALTA; VICE DA CIA VEM AO BRASIL PARA COLETIVA"}]},{"@type":"WebSite","@id":"https:\/\/www.travel3.com.br\/site\/#website","url":"https:\/\/www.travel3.com.br\/site\/","name":"Travel3","description":"Lazer + Neg&oacute;cios + Aventura","publisher":{"@id":"https:\/\/www.travel3.com.br\/site\/#organization"},"potentialAction":[{"@type":"SearchAction","target":{"@type":"EntryPoint","urlTemplate":"https:\/\/www.travel3.com.br\/site\/?s={search_term_string}"},"query-input":{"@type":"PropertyValueSpecification","valueRequired":true,"valueName":"search_term_string"}}],"inLanguage":"pt-BR"},{"@type":"Organization","@id":"https:\/\/www.travel3.com.br\/site\/#organization","name":"Travel3","url":"https:\/\/www.travel3.com.br\/site\/","logo":{"@type":"ImageObject","inLanguage":"pt-BR","@id":"https:\/\/www.travel3.com.br\/site\/#\/schema\/logo\/image\/","url":"https:\/\/www.travel3.com.br\/site\/wp-content\/uploads\/2020\/01\/logo-travel3-2020.png","contentUrl":"https:\/\/www.travel3.com.br\/site\/wp-content\/uploads\/2020\/01\/logo-travel3-2020.png","width":232,"height":79,"caption":"Travel3"},"image":{"@id":"https:\/\/www.travel3.com.br\/site\/#\/schema\/logo\/image\/"},"sameAs":["https:\/\/www.facebook.com\/travel3media\/","https:\/\/www.instagram.com\/revistatravel3\/","https:\/\/www.youtube.com\/channel\/UCno7J4paGBR3VbZQzvoJ9Eg"]},{"@type":"Person","@id":"https:\/\/www.travel3.com.br\/site\/#\/schema\/person\/a69d71e41a024999b6ab82369ac0bd1e","name":"admin","image":{"@type":"ImageObject","inLanguage":"pt-BR","@id":"https:\/\/www.travel3.com.br\/site\/#\/schema\/person\/image\/","url":"https:\/\/secure.gravatar.com\/avatar\/732a67adfd764da2a47ba10ce731c4c0?s=96&d=mm&r=g","contentUrl":"https:\/\/secure.gravatar.com\/avatar\/732a67adfd764da2a47ba10ce731c4c0?s=96&d=mm&r=g","caption":"admin"},"url":"https:\/\/www.travel3.com.br\/site\/author\/admin\/"}]}},"_links":{"self":[{"href":"https:\/\/www.travel3.com.br\/site\/wp-json\/wp\/v2\/posts\/2093","targetHints":{"allow":["GET"]}}],"collection":[{"href":"https:\/\/www.travel3.com.br\/site\/wp-json\/wp\/v2\/posts"}],"about":[{"href":"https:\/\/www.travel3.com.br\/site\/wp-json\/wp\/v2\/types\/post"}],"author":[{"embeddable":true,"href":"https:\/\/www.travel3.com.br\/site\/wp-json\/wp\/v2\/users\/1"}],"replies":[{"embeddable":true,"href":"https:\/\/www.travel3.com.br\/site\/wp-json\/wp\/v2\/comments?post=2093"}],"version-history":[{"count":0,"href":"https:\/\/www.travel3.com.br\/site\/wp-json\/wp\/v2\/posts\/2093\/revisions"}],"wp:attachment":[{"href":"https:\/\/www.travel3.com.br\/site\/wp-json\/wp\/v2\/media?parent=2093"}],"wp:term":[{"taxonomy":"category","embeddable":true,"href":"https:\/\/www.travel3.com.br\/site\/wp-json\/wp\/v2\/categories?post=2093"},{"taxonomy":"post_tag","embeddable":true,"href":"https:\/\/www.travel3.com.br\/site\/wp-json\/wp\/v2\/tags?post=2093"}],"curies":[{"name":"wp","href":"https:\/\/api.w.org\/{rel}","templated":true}]}}