{"id":2086,"date":"2017-08-16T01:00:07","date_gmt":"2017-08-16T01:00:07","guid":{"rendered":"http:\/\/www.travel3.com.br\/site\/ir-e-vir\/ar\/wtm-la-e-encontro-comercial-braztoa-teve-recorde-de-participantes\/"},"modified":"2017-08-16T01:00:07","modified_gmt":"2017-08-16T01:00:07","slug":"wtm-la-e-encontro-comercial-braztoa-teve-recorde-de-participantes","status":"publish","type":"post","link":"https:\/\/www.travel3.com.br\/site\/sem-categoria\/wtm-la-e-encontro-comercial-braztoa-teve-recorde-de-participantes\/","title":{"rendered":"WTM LA E  ENCONTRO COMERCIAL BRAZTOA TEVE RECORDE DE PARTICIPANTES"},"content":{"rendered":"<p><span style=\"color: #40acad; font-family: -apple-system, system-ui, 'Segoe UI', Roboto, Oxygen-Sans, Ubuntu, Cantarell, 'Helvetica Neue', sans-serif; font-size: 12px; font-weight: bold;\"><\/p>\n<p style=\"text-align:justify\">Numeros s\u00e3o sempre uma quest\u00e3o bem discut\u00edvel em rela\u00e7\u00e3o a feiras e geralmente passam pelo crivo da expectativa. Assim, quando o evento \u00a0World Travel Market Latin America 2017, com o 47\u00ba. Encontro Comercial Braztoa projeta uma expectativa de US$ 370 milh\u00f5es ou mais em contratos e negocia\u00e7\u00f5es, v\u00e1rios fatores ser\u00e3o condicionados at\u00e9 que isto possa ou n\u00e3o se confirmar.<\/p>\n<p style=\"text-align:justify\"><a class=\"fancybox-media\" href=\"..\/_uploads\/_noticia\/2017-04\/dscn7853--2-.jpg\" rel=\"portfolio\"><img decoding=\"async\" alt=\"\" src=\"..\/_uploads\/_noticia\/2017-04\/dscn7853--2-.jpg\" \/><\/a> O certo \u00e9 que o evento do inicio deste m\u00eas de abril teve um numero maior foi de participantes, visita\u00e7\u00e3o que teve aumento de 20% em rela\u00e7\u00e3o ao anterior. Um dos fatores relacionados foi o incremento das caravanas dos agentes de viagens trazidas at\u00e9 o Center Norte<\/p>\n<p style=\"text-align:justify\"><a class=\"fancybox-media\" href=\"..\/_uploads\/_noticia\/2017-04\/dscn7855--3-.jpg\" rel=\"portfolio\"><img decoding=\"async\" alt=\"\" src=\"..\/_uploads\/_noticia\/2017-04\/dscn7855--3-.jpg\" \/><\/a> A coordena\u00e7\u00e3o da WTM considera tamb\u00e9m que o \u00a0quinto ano do evento teve o n\u00famero mais alto de profissionais de viagens, autoridades governamentais e ve\u00edculos de m\u00eddia. Mais de 1.000 compradores ehosted buyers\u00a0(compradores convidados) do Brasil, da Am\u00e9rica Latina e de outras partes do mundo estiveram na exposi\u00e7\u00e3o.<\/p>\n<p style=\"text-align:justify\">Mais de 600 representantes da m\u00eddia \u2013 o maior n\u00famero entre todas as edi\u00e7\u00f5es e uma alta de 30% em rela\u00e7\u00e3o a 2016. No total, o evento atraiu quase\u00a010.000 (9.864) participantes, entre visitantes, m\u00eddia e expositores.<\/p>\n<p style=\"text-align:justify\"><a class=\"fancybox-media\" href=\"..\/_uploads\/_noticia\/2017-04\/dscn7883.jpg\" rel=\"portfolio\"><img decoding=\"async\" alt=\"\" src=\"..\/_uploads\/_noticia\/2017-04\/dscn7883.jpg\" \/><\/a> As tr\u00eas principais sess\u00f5es de Speed Networking, que permitiram aos expositores encontrar-se com\u00a0hosted buyers\u00a0da WTM Latin America, membros do WTM Latin America Buyers\u2019 Club e compradores da Embratur, atuaram como catalisadoras de grandes neg\u00f3cios, promovendo cerca de 11.700 reuni\u00f5es.<\/p>\n<p style=\"text-align:justify\">Luciane Leite, diretora de Exposi\u00e7\u00e3o da WTM Latin America, afirmou:\u00a0\u201cA WTM Latin America cresceu em anos recentes, e estamos absolutamente radiantes com o aumento dos visitantes nesta edi\u00e7\u00e3o. Esses n\u00fameros comprovam o poder e a import\u00e2ncia da WTM Latin America para o setor e o papel que ela desempenha em promover neg\u00f3cios neste ramo. At\u00e9 agora, recebemos opini\u00f5es excelentes de todos os envolvidos, e o n\u00famero de expositores pretendentes para 2018 \u00e9 extremamente positivo, deixando a WTM Latin America em uma \u00f3tima posi\u00e7\u00e3o\u201d.<\/p>\n<p style=\"text-align:justify\">A edi\u00e7\u00e3o do pr\u00f3ximo ano, na sexta WTM LA j\u00e1 est\u00e1 confirmada. Ser\u00e1 realizada de\u00a03 de abril\u00a0(ter\u00e7a-feira) a\u00a05 de abril\u00a0(quinta-feira) de 2018, no mesmo local, o \u00a0Expo Centre Norte, na capital paulista.<\/p>\n<p style=\"text-align:justify\"><em>Os n\u00fameros auditados da WTM Latin America 2017 estar\u00e3o dispon\u00edveis em junho.<\/em><\/p>\n<p style=\"text-align:justify\">\u00a0<\/p>\n<p>\u00a0<\/p>\n<p>\u00a0<\/p>\n<p>\u00a0<\/p>\n<p><\/span><\/p>\n","protected":false},"excerpt":{"rendered":"<p>Aumento de visitantes foi 20% superior ao ano anterior, com quase 10 mil participantes; coordena\u00e7\u00e3o comemora numero de profissionais<\/p>\n","protected":false},"author":1,"featured_media":0,"comment_status":"open","ping_status":"open","sticky":false,"template":"","format":"standard","meta":{"footnotes":""},"categories":[],"tags":[],"class_list":["post-2086","post","type-post","status-publish","format-standard","hentry"],"yoast_head":"<!-- This site is optimized with the Yoast SEO plugin v26.2 - https:\/\/yoast.com\/wordpress\/plugins\/seo\/ -->\n<title>WTM LA E ENCONTRO COMERCIAL BRAZTOA TEVE RECORDE DE PARTICIPANTES - Travel3<\/title>\n<meta name=\"description\" content=\"A TRAVEL3 \u00e9 um portal de conte\u00fado voltado para o turismo, encontre destinos, viagens, hospedagem, passagens, guias, not\u00edcias sobre o mercado do turismo, dicas de viagem, v\u00eddeos e podcast.\" \/>\n<meta name=\"robots\" content=\"index, follow, max-snippet:-1, max-image-preview:large, max-video-preview:-1\" \/>\n<link rel=\"canonical\" href=\"https:\/\/www.travel3.com.br\/site\/sem-categoria\/wtm-la-e-encontro-comercial-braztoa-teve-recorde-de-participantes\/\" \/>\n<meta property=\"og:locale\" content=\"pt_BR\" \/>\n<meta property=\"og:type\" content=\"article\" \/>\n<meta property=\"og:title\" content=\"WTM LA E ENCONTRO COMERCIAL BRAZTOA TEVE RECORDE DE PARTICIPANTES - Travel3\" \/>\n<meta property=\"og:description\" content=\"A TRAVEL3 \u00e9 um portal de conte\u00fado voltado para o turismo, encontre destinos, viagens, hospedagem, passagens, guias, not\u00edcias sobre o mercado do turismo, dicas de viagem, v\u00eddeos e podcast.\" \/>\n<meta property=\"og:url\" content=\"https:\/\/www.travel3.com.br\/site\/sem-categoria\/wtm-la-e-encontro-comercial-braztoa-teve-recorde-de-participantes\/\" \/>\n<meta property=\"og:site_name\" content=\"Travel3\" \/>\n<meta property=\"article:publisher\" content=\"https:\/\/www.facebook.com\/travel3media\/\" \/>\n<meta property=\"article:published_time\" content=\"2017-08-16T01:00:07+00:00\" \/>\n<meta name=\"author\" content=\"admin\" \/>\n<meta name=\"twitter:card\" content=\"summary_large_image\" \/>\n<meta name=\"twitter:label1\" content=\"Escrito por\" \/>\n\t<meta name=\"twitter:data1\" content=\"admin\" \/>\n\t<meta name=\"twitter:label2\" content=\"Est. tempo de leitura\" \/>\n\t<meta name=\"twitter:data2\" content=\"2 minutos\" \/>\n<script type=\"application\/ld+json\" class=\"yoast-schema-graph\">{\"@context\":\"https:\/\/schema.org\",\"@graph\":[{\"@type\":\"Article\",\"@id\":\"https:\/\/www.travel3.com.br\/site\/sem-categoria\/wtm-la-e-encontro-comercial-braztoa-teve-recorde-de-participantes\/#article\",\"isPartOf\":{\"@id\":\"https:\/\/www.travel3.com.br\/site\/sem-categoria\/wtm-la-e-encontro-comercial-braztoa-teve-recorde-de-participantes\/\"},\"author\":{\"name\":\"admin\",\"@id\":\"https:\/\/www.travel3.com.br\/site\/#\/schema\/person\/a69d71e41a024999b6ab82369ac0bd1e\"},\"headline\":\"WTM LA E ENCONTRO COMERCIAL BRAZTOA TEVE RECORDE DE PARTICIPANTES\",\"datePublished\":\"2017-08-16T01:00:07+00:00\",\"mainEntityOfPage\":{\"@id\":\"https:\/\/www.travel3.com.br\/site\/sem-categoria\/wtm-la-e-encontro-comercial-braztoa-teve-recorde-de-participantes\/\"},\"wordCount\":398,\"commentCount\":0,\"publisher\":{\"@id\":\"https:\/\/www.travel3.com.br\/site\/#organization\"},\"inLanguage\":\"pt-BR\",\"potentialAction\":[{\"@type\":\"CommentAction\",\"name\":\"Comment\",\"target\":[\"https:\/\/www.travel3.com.br\/site\/sem-categoria\/wtm-la-e-encontro-comercial-braztoa-teve-recorde-de-participantes\/#respond\"]}]},{\"@type\":\"WebPage\",\"@id\":\"https:\/\/www.travel3.com.br\/site\/sem-categoria\/wtm-la-e-encontro-comercial-braztoa-teve-recorde-de-participantes\/\",\"url\":\"https:\/\/www.travel3.com.br\/site\/sem-categoria\/wtm-la-e-encontro-comercial-braztoa-teve-recorde-de-participantes\/\",\"name\":\"WTM LA E ENCONTRO COMERCIAL BRAZTOA TEVE RECORDE DE PARTICIPANTES - Travel3\",\"isPartOf\":{\"@id\":\"https:\/\/www.travel3.com.br\/site\/#website\"},\"datePublished\":\"2017-08-16T01:00:07+00:00\",\"description\":\"A TRAVEL3 \u00e9 um portal de conte\u00fado voltado para o turismo, encontre destinos, viagens, hospedagem, passagens, guias, not\u00edcias sobre o mercado do turismo, dicas de viagem, v\u00eddeos e podcast.\",\"breadcrumb\":{\"@id\":\"https:\/\/www.travel3.com.br\/site\/sem-categoria\/wtm-la-e-encontro-comercial-braztoa-teve-recorde-de-participantes\/#breadcrumb\"},\"inLanguage\":\"pt-BR\",\"potentialAction\":[{\"@type\":\"ReadAction\",\"target\":[\"https:\/\/www.travel3.com.br\/site\/sem-categoria\/wtm-la-e-encontro-comercial-braztoa-teve-recorde-de-participantes\/\"]}]},{\"@type\":\"BreadcrumbList\",\"@id\":\"https:\/\/www.travel3.com.br\/site\/sem-categoria\/wtm-la-e-encontro-comercial-braztoa-teve-recorde-de-participantes\/#breadcrumb\",\"itemListElement\":[{\"@type\":\"ListItem\",\"position\":1,\"name\":\"In\u00edcio\",\"item\":\"https:\/\/www.travel3.com.br\/site\/\"},{\"@type\":\"ListItem\",\"position\":2,\"name\":\"WTM LA E ENCONTRO COMERCIAL BRAZTOA TEVE RECORDE DE PARTICIPANTES\"}]},{\"@type\":\"WebSite\",\"@id\":\"https:\/\/www.travel3.com.br\/site\/#website\",\"url\":\"https:\/\/www.travel3.com.br\/site\/\",\"name\":\"Travel3\",\"description\":\"Lazer + Neg&oacute;cios + Aventura\",\"publisher\":{\"@id\":\"https:\/\/www.travel3.com.br\/site\/#organization\"},\"potentialAction\":[{\"@type\":\"SearchAction\",\"target\":{\"@type\":\"EntryPoint\",\"urlTemplate\":\"https:\/\/www.travel3.com.br\/site\/?s={search_term_string}\"},\"query-input\":{\"@type\":\"PropertyValueSpecification\",\"valueRequired\":true,\"valueName\":\"search_term_string\"}}],\"inLanguage\":\"pt-BR\"},{\"@type\":\"Organization\",\"@id\":\"https:\/\/www.travel3.com.br\/site\/#organization\",\"name\":\"Travel3\",\"url\":\"https:\/\/www.travel3.com.br\/site\/\",\"logo\":{\"@type\":\"ImageObject\",\"inLanguage\":\"pt-BR\",\"@id\":\"https:\/\/www.travel3.com.br\/site\/#\/schema\/logo\/image\/\",\"url\":\"https:\/\/www.travel3.com.br\/site\/wp-content\/uploads\/2020\/01\/logo-travel3-2020.png\",\"contentUrl\":\"https:\/\/www.travel3.com.br\/site\/wp-content\/uploads\/2020\/01\/logo-travel3-2020.png\",\"width\":232,\"height\":79,\"caption\":\"Travel3\"},\"image\":{\"@id\":\"https:\/\/www.travel3.com.br\/site\/#\/schema\/logo\/image\/\"},\"sameAs\":[\"https:\/\/www.facebook.com\/travel3media\/\",\"https:\/\/www.instagram.com\/revistatravel3\/\",\"https:\/\/www.youtube.com\/channel\/UCno7J4paGBR3VbZQzvoJ9Eg\"]},{\"@type\":\"Person\",\"@id\":\"https:\/\/www.travel3.com.br\/site\/#\/schema\/person\/a69d71e41a024999b6ab82369ac0bd1e\",\"name\":\"admin\",\"image\":{\"@type\":\"ImageObject\",\"inLanguage\":\"pt-BR\",\"@id\":\"https:\/\/www.travel3.com.br\/site\/#\/schema\/person\/image\/\",\"url\":\"https:\/\/secure.gravatar.com\/avatar\/732a67adfd764da2a47ba10ce731c4c0?s=96&d=mm&r=g\",\"contentUrl\":\"https:\/\/secure.gravatar.com\/avatar\/732a67adfd764da2a47ba10ce731c4c0?s=96&d=mm&r=g\",\"caption\":\"admin\"},\"url\":\"https:\/\/www.travel3.com.br\/site\/author\/admin\/\"}]}<\/script>\n<!-- \/ Yoast SEO plugin. -->","yoast_head_json":{"title":"WTM LA E ENCONTRO COMERCIAL BRAZTOA TEVE RECORDE DE PARTICIPANTES - Travel3","description":"A TRAVEL3 \u00e9 um portal de conte\u00fado voltado para o turismo, encontre destinos, viagens, hospedagem, passagens, guias, not\u00edcias sobre o mercado do turismo, dicas de viagem, v\u00eddeos e podcast.","robots":{"index":"index","follow":"follow","max-snippet":"max-snippet:-1","max-image-preview":"max-image-preview:large","max-video-preview":"max-video-preview:-1"},"canonical":"https:\/\/www.travel3.com.br\/site\/sem-categoria\/wtm-la-e-encontro-comercial-braztoa-teve-recorde-de-participantes\/","og_locale":"pt_BR","og_type":"article","og_title":"WTM LA E ENCONTRO COMERCIAL BRAZTOA TEVE RECORDE DE PARTICIPANTES - Travel3","og_description":"A TRAVEL3 \u00e9 um portal de conte\u00fado voltado para o turismo, encontre destinos, viagens, hospedagem, passagens, guias, not\u00edcias sobre o mercado do turismo, dicas de viagem, v\u00eddeos e podcast.","og_url":"https:\/\/www.travel3.com.br\/site\/sem-categoria\/wtm-la-e-encontro-comercial-braztoa-teve-recorde-de-participantes\/","og_site_name":"Travel3","article_publisher":"https:\/\/www.facebook.com\/travel3media\/","article_published_time":"2017-08-16T01:00:07+00:00","author":"admin","twitter_card":"summary_large_image","twitter_misc":{"Escrito por":"admin","Est. tempo de leitura":"2 minutos"},"schema":{"@context":"https:\/\/schema.org","@graph":[{"@type":"Article","@id":"https:\/\/www.travel3.com.br\/site\/sem-categoria\/wtm-la-e-encontro-comercial-braztoa-teve-recorde-de-participantes\/#article","isPartOf":{"@id":"https:\/\/www.travel3.com.br\/site\/sem-categoria\/wtm-la-e-encontro-comercial-braztoa-teve-recorde-de-participantes\/"},"author":{"name":"admin","@id":"https:\/\/www.travel3.com.br\/site\/#\/schema\/person\/a69d71e41a024999b6ab82369ac0bd1e"},"headline":"WTM LA E ENCONTRO COMERCIAL BRAZTOA TEVE RECORDE DE PARTICIPANTES","datePublished":"2017-08-16T01:00:07+00:00","mainEntityOfPage":{"@id":"https:\/\/www.travel3.com.br\/site\/sem-categoria\/wtm-la-e-encontro-comercial-braztoa-teve-recorde-de-participantes\/"},"wordCount":398,"commentCount":0,"publisher":{"@id":"https:\/\/www.travel3.com.br\/site\/#organization"},"inLanguage":"pt-BR","potentialAction":[{"@type":"CommentAction","name":"Comment","target":["https:\/\/www.travel3.com.br\/site\/sem-categoria\/wtm-la-e-encontro-comercial-braztoa-teve-recorde-de-participantes\/#respond"]}]},{"@type":"WebPage","@id":"https:\/\/www.travel3.com.br\/site\/sem-categoria\/wtm-la-e-encontro-comercial-braztoa-teve-recorde-de-participantes\/","url":"https:\/\/www.travel3.com.br\/site\/sem-categoria\/wtm-la-e-encontro-comercial-braztoa-teve-recorde-de-participantes\/","name":"WTM LA E ENCONTRO COMERCIAL BRAZTOA TEVE RECORDE DE PARTICIPANTES - Travel3","isPartOf":{"@id":"https:\/\/www.travel3.com.br\/site\/#website"},"datePublished":"2017-08-16T01:00:07+00:00","description":"A TRAVEL3 \u00e9 um portal de conte\u00fado voltado para o turismo, encontre destinos, viagens, hospedagem, passagens, guias, not\u00edcias sobre o mercado do turismo, dicas de viagem, v\u00eddeos e podcast.","breadcrumb":{"@id":"https:\/\/www.travel3.com.br\/site\/sem-categoria\/wtm-la-e-encontro-comercial-braztoa-teve-recorde-de-participantes\/#breadcrumb"},"inLanguage":"pt-BR","potentialAction":[{"@type":"ReadAction","target":["https:\/\/www.travel3.com.br\/site\/sem-categoria\/wtm-la-e-encontro-comercial-braztoa-teve-recorde-de-participantes\/"]}]},{"@type":"BreadcrumbList","@id":"https:\/\/www.travel3.com.br\/site\/sem-categoria\/wtm-la-e-encontro-comercial-braztoa-teve-recorde-de-participantes\/#breadcrumb","itemListElement":[{"@type":"ListItem","position":1,"name":"In\u00edcio","item":"https:\/\/www.travel3.com.br\/site\/"},{"@type":"ListItem","position":2,"name":"WTM LA E ENCONTRO COMERCIAL BRAZTOA TEVE RECORDE DE PARTICIPANTES"}]},{"@type":"WebSite","@id":"https:\/\/www.travel3.com.br\/site\/#website","url":"https:\/\/www.travel3.com.br\/site\/","name":"Travel3","description":"Lazer + Neg&oacute;cios + Aventura","publisher":{"@id":"https:\/\/www.travel3.com.br\/site\/#organization"},"potentialAction":[{"@type":"SearchAction","target":{"@type":"EntryPoint","urlTemplate":"https:\/\/www.travel3.com.br\/site\/?s={search_term_string}"},"query-input":{"@type":"PropertyValueSpecification","valueRequired":true,"valueName":"search_term_string"}}],"inLanguage":"pt-BR"},{"@type":"Organization","@id":"https:\/\/www.travel3.com.br\/site\/#organization","name":"Travel3","url":"https:\/\/www.travel3.com.br\/site\/","logo":{"@type":"ImageObject","inLanguage":"pt-BR","@id":"https:\/\/www.travel3.com.br\/site\/#\/schema\/logo\/image\/","url":"https:\/\/www.travel3.com.br\/site\/wp-content\/uploads\/2020\/01\/logo-travel3-2020.png","contentUrl":"https:\/\/www.travel3.com.br\/site\/wp-content\/uploads\/2020\/01\/logo-travel3-2020.png","width":232,"height":79,"caption":"Travel3"},"image":{"@id":"https:\/\/www.travel3.com.br\/site\/#\/schema\/logo\/image\/"},"sameAs":["https:\/\/www.facebook.com\/travel3media\/","https:\/\/www.instagram.com\/revistatravel3\/","https:\/\/www.youtube.com\/channel\/UCno7J4paGBR3VbZQzvoJ9Eg"]},{"@type":"Person","@id":"https:\/\/www.travel3.com.br\/site\/#\/schema\/person\/a69d71e41a024999b6ab82369ac0bd1e","name":"admin","image":{"@type":"ImageObject","inLanguage":"pt-BR","@id":"https:\/\/www.travel3.com.br\/site\/#\/schema\/person\/image\/","url":"https:\/\/secure.gravatar.com\/avatar\/732a67adfd764da2a47ba10ce731c4c0?s=96&d=mm&r=g","contentUrl":"https:\/\/secure.gravatar.com\/avatar\/732a67adfd764da2a47ba10ce731c4c0?s=96&d=mm&r=g","caption":"admin"},"url":"https:\/\/www.travel3.com.br\/site\/author\/admin\/"}]}},"_links":{"self":[{"href":"https:\/\/www.travel3.com.br\/site\/wp-json\/wp\/v2\/posts\/2086","targetHints":{"allow":["GET"]}}],"collection":[{"href":"https:\/\/www.travel3.com.br\/site\/wp-json\/wp\/v2\/posts"}],"about":[{"href":"https:\/\/www.travel3.com.br\/site\/wp-json\/wp\/v2\/types\/post"}],"author":[{"embeddable":true,"href":"https:\/\/www.travel3.com.br\/site\/wp-json\/wp\/v2\/users\/1"}],"replies":[{"embeddable":true,"href":"https:\/\/www.travel3.com.br\/site\/wp-json\/wp\/v2\/comments?post=2086"}],"version-history":[{"count":0,"href":"https:\/\/www.travel3.com.br\/site\/wp-json\/wp\/v2\/posts\/2086\/revisions"}],"wp:attachment":[{"href":"https:\/\/www.travel3.com.br\/site\/wp-json\/wp\/v2\/media?parent=2086"}],"wp:term":[{"taxonomy":"category","embeddable":true,"href":"https:\/\/www.travel3.com.br\/site\/wp-json\/wp\/v2\/categories?post=2086"},{"taxonomy":"post_tag","embeddable":true,"href":"https:\/\/www.travel3.com.br\/site\/wp-json\/wp\/v2\/tags?post=2086"}],"curies":[{"name":"wp","href":"https:\/\/api.w.org\/{rel}","templated":true}]}}