{"id":2084,"date":"2017-08-23T17:06:33","date_gmt":"2017-08-23T17:06:33","guid":{"rendered":"http:\/\/www.travel3.com.br\/site\/ir-e-vir\/ar\/guilherme-paulus-representante-do-turismo-no-forum-da-lide-em-foz\/"},"modified":"2017-08-23T17:06:33","modified_gmt":"2017-08-23T17:06:33","slug":"guilherme-paulus-representante-do-turismo-no-forum-da-lide-em-foz","status":"publish","type":"post","link":"https:\/\/www.travel3.com.br\/site\/sem-categoria\/guilherme-paulus-representante-do-turismo-no-forum-da-lide-em-foz\/","title":{"rendered":"GUILHERME PAULUS REPRESENTANTE DO TURISMO NO F\u00d3RUM DA LIDE EM FOZ"},"content":{"rendered":"<p><span style=\"color: #40acad; font-family: -apple-system, system-ui, 'Segoe UI', Roboto, Oxygen-Sans, Ubuntu, Cantarell, 'Helvetica Neue', sans-serif; font-size: 12px; font-weight: bold;\"><\/p>\n<p style=\"text-align:justify\"><a class=\"fancybox-media\" href=\"..\/_uploads\/_noticia\/2017-04\/wish-iguacu-fachada--2-.jpg\" rel=\"portfolio\"><img decoding=\"async\" alt=\"\" src=\"..\/_uploads\/_noticia\/2017-04\/wish-iguacu-fachada--2-.jpg\" \/><\/a> O\u00a0Wish Resort Golf &#038; Convention,\u00a0em Foz do Igua\u00e7u (PR), \u00a0volta a ser a casa oficial do\u00a016\u00ba F\u00f3rum Empresarial, evento corporativo promovido anualmente pelo\u00a0LIDE \u2013 Grupo de L\u00edderes Empresariais\u00a0\u2013 a ser realizado nesta semana, entre os dias 20 e 23 (quinta a domingo).<\/p>\n<p style=\"text-align:justify\">O representante escolhido do setor tur\u00edstico \u00e9 o empres\u00e1rio Guilherme Paulus, principal acionista da CVC Viagens e presidente da GJP \u2013 rede hoteleira &#8211; que tem importantes unidades em Foz.<\/p>\n<p style=\"text-align:justify\"><a class=\"fancybox-media\" href=\"..\/_uploads\/_noticia\/2017-04\/image015--2-.jpg\" rel=\"portfolio\"><img decoding=\"async\" alt=\"\" src=\"..\/_uploads\/_noticia\/2017-04\/image015--2-.jpg\" \/><\/a> Durante a sess\u00e3o do f\u00f3rum, na sexta pela manh\u00e3, falar\u00e1 sobre a utiliza\u00e7\u00e3o do turismo como gerador de emprego e renda, al\u00e9m de outras quest\u00f5es que mobilizam\u00a0 o setor: libera\u00e7\u00e3o dos vistos para turistas estrangeiros e parcerias p\u00fablico-privadas para melhor utiliza\u00e7\u00e3o dos equipamentos tur\u00edsticos em todo o Brasil.<\/p>\n<p style=\"text-align:justify\"><span style=\"background-color:rgb(255, 255, 255); color:rgb(34, 34, 34)\">Liderado por\u00a0<\/span>Luiz Fernando Furlan<span style=\"background-color:rgb(255, 255, 255); color:rgb(34, 34, 34)\">, chairman do<strong>\u00a0<\/strong><\/span><strong>LIDE<\/strong><span style=\"background-color:rgb(255, 255, 255); color:rgb(34, 34, 34)\">, o semin\u00e1rio discutir\u00e1, entre outros temas,\u00a0<\/span><em>\u201cas a\u00e7\u00f5es necess\u00e1rias para retomada do crescimento brasileiro\u201d,\u00a0<\/em><span style=\"background-color:rgb(255, 255, 255); color:rgb(34, 34, 34)\">tendo como debatedores ministros, economistas, diplomatas, cientistas sociais, empres\u00e1rios de diversos setores e autoridades pol\u00edticas de v\u00e1rios estados.<\/span><\/p>\n<p style=\"text-align:justify\"><a class=\"fancybox-media\" href=\"..\/_uploads\/_noticia\/2017-04\/joaodoriavitoriaemsp.jpg\" rel=\"portfolio\"><img decoding=\"async\" alt=\"\" src=\"..\/_uploads\/_noticia\/2017-04\/joaodoriavitoriaemsp.jpg\" \/><\/a> <strong>O prefeito de S\u00e3o Paulo,\u00a0Jo\u00e3o Doria, tamb\u00e9m participar\u00e1 do evento, como convidado <\/strong><\/p>\n<p style=\"text-align:justify\">Ao lado de D\u00f3ria e Paulus, estar\u00e3o autoridades pol\u00edticas, como o governador do Estado do Paran\u00e1, Beto Richa, o presidente da C\u00e2mara dos Deputados, Rodrigo Maia, o ministro da Educa\u00e7\u00e3o, Mendon\u00e7a Filho, o ministro da Sa\u00fade, Ricardo Barros, o ministro do Planejamento, Desenvolvimento e Gest\u00e3o, Dyogo Oliveira, o ministro do Meio Ambiente, Sarney Filho, o ministro das Cidades, Bruno Araujo, o ministro da Secretaria-Geral da Presid\u00eancia da Rep\u00fablica, Moreira Franco, o presidente do Tribunal Superior do Trabalho \u2013 TST, Ives Gandra Filho, o governador do Estado de Goi\u00e1s, Marconi Perillo, al\u00e9m de deputados e senadores.<\/p>\n<p style=\"text-align:justify\">O evento ter\u00e1 o\u00a0Pr\u00eamio LIDE 2017, que homenagear\u00e1 CEOs, presidentes e demais lideran\u00e7as empresariais que contribuem com a\u00e7\u00f5es importantes para o desenvolvimento do Pa\u00eds nas categorias: Personalidade do Ano, Personalidade do Com\u00e9rcio, Personalidade da Ind\u00fastria, Personalidade da Inova\u00e7\u00e3o, Personalidade da Sustentabilidade, Personalidade da Gest\u00e3o P\u00fablica, Personalidade de Destaque Feminino, Personalidade de Responsabilidade Social e Homenagem Especial.<\/p>\n<p style=\"text-align:justify\">O programa completo do\u00a016\u00ba F\u00f3rum Empresarial Foz do Igua\u00e7u\u00a0 est\u00e1 no link:\u00a0https:\/\/www.lideglobal.com\/eventos\/16-forum-empresarial-foz-do-iguacu\/<\/p>\n<p style=\"text-align:justify\">\u00a0<\/p>\n<p>\u00a0<\/p>\n<p>\u00a0<\/p>\n<p>\u00a0<\/p>\n<p>\u00a0<\/p>\n<p><\/span><\/p>\n","protected":false},"excerpt":{"rendered":"<p>Evento corporativo promovido pela empresa do prefeito paulistano ser\u00e1 no Wish Resort, debatendo a\u00e7\u00f5es  para retomada do crescimento brasileiro<\/p>\n","protected":false},"author":1,"featured_media":0,"comment_status":"open","ping_status":"open","sticky":false,"template":"","format":"standard","meta":{"footnotes":""},"categories":[],"tags":[],"class_list":["post-2084","post","type-post","status-publish","format-standard","hentry"],"yoast_head":"<!-- This site is optimized with the Yoast SEO plugin v26.2 - https:\/\/yoast.com\/wordpress\/plugins\/seo\/ -->\n<title>GUILHERME PAULUS REPRESENTANTE DO TURISMO NO F\u00d3RUM DA LIDE EM FOZ - Travel3<\/title>\n<meta name=\"description\" content=\"A TRAVEL3 \u00e9 um portal de conte\u00fado voltado para o turismo, encontre destinos, viagens, hospedagem, passagens, guias, not\u00edcias sobre o mercado do turismo, dicas de viagem, v\u00eddeos e podcast.\" \/>\n<meta name=\"robots\" content=\"index, follow, max-snippet:-1, max-image-preview:large, max-video-preview:-1\" \/>\n<link rel=\"canonical\" href=\"https:\/\/www.travel3.com.br\/site\/sem-categoria\/guilherme-paulus-representante-do-turismo-no-forum-da-lide-em-foz\/\" \/>\n<meta property=\"og:locale\" content=\"pt_BR\" \/>\n<meta property=\"og:type\" content=\"article\" \/>\n<meta property=\"og:title\" content=\"GUILHERME PAULUS REPRESENTANTE DO TURISMO NO F\u00d3RUM DA LIDE EM FOZ - Travel3\" \/>\n<meta property=\"og:description\" content=\"A TRAVEL3 \u00e9 um portal de conte\u00fado voltado para o turismo, encontre destinos, viagens, hospedagem, passagens, guias, not\u00edcias sobre o mercado do turismo, dicas de viagem, v\u00eddeos e podcast.\" \/>\n<meta property=\"og:url\" content=\"https:\/\/www.travel3.com.br\/site\/sem-categoria\/guilherme-paulus-representante-do-turismo-no-forum-da-lide-em-foz\/\" \/>\n<meta property=\"og:site_name\" content=\"Travel3\" \/>\n<meta property=\"article:publisher\" content=\"https:\/\/www.facebook.com\/travel3media\/\" \/>\n<meta property=\"article:published_time\" content=\"2017-08-23T17:06:33+00:00\" \/>\n<meta name=\"author\" content=\"admin\" \/>\n<meta name=\"twitter:card\" content=\"summary_large_image\" \/>\n<meta name=\"twitter:label1\" content=\"Escrito por\" \/>\n\t<meta name=\"twitter:data1\" content=\"admin\" \/>\n\t<meta name=\"twitter:label2\" content=\"Est. tempo de leitura\" \/>\n\t<meta name=\"twitter:data2\" content=\"2 minutos\" \/>\n<script type=\"application\/ld+json\" class=\"yoast-schema-graph\">{\"@context\":\"https:\/\/schema.org\",\"@graph\":[{\"@type\":\"Article\",\"@id\":\"https:\/\/www.travel3.com.br\/site\/sem-categoria\/guilherme-paulus-representante-do-turismo-no-forum-da-lide-em-foz\/#article\",\"isPartOf\":{\"@id\":\"https:\/\/www.travel3.com.br\/site\/sem-categoria\/guilherme-paulus-representante-do-turismo-no-forum-da-lide-em-foz\/\"},\"author\":{\"name\":\"admin\",\"@id\":\"https:\/\/www.travel3.com.br\/site\/#\/schema\/person\/a69d71e41a024999b6ab82369ac0bd1e\"},\"headline\":\"GUILHERME PAULUS REPRESENTANTE DO TURISMO NO F\u00d3RUM DA LIDE EM FOZ\",\"datePublished\":\"2017-08-23T17:06:33+00:00\",\"mainEntityOfPage\":{\"@id\":\"https:\/\/www.travel3.com.br\/site\/sem-categoria\/guilherme-paulus-representante-do-turismo-no-forum-da-lide-em-foz\/\"},\"wordCount\":396,\"commentCount\":0,\"publisher\":{\"@id\":\"https:\/\/www.travel3.com.br\/site\/#organization\"},\"inLanguage\":\"pt-BR\",\"potentialAction\":[{\"@type\":\"CommentAction\",\"name\":\"Comment\",\"target\":[\"https:\/\/www.travel3.com.br\/site\/sem-categoria\/guilherme-paulus-representante-do-turismo-no-forum-da-lide-em-foz\/#respond\"]}]},{\"@type\":\"WebPage\",\"@id\":\"https:\/\/www.travel3.com.br\/site\/sem-categoria\/guilherme-paulus-representante-do-turismo-no-forum-da-lide-em-foz\/\",\"url\":\"https:\/\/www.travel3.com.br\/site\/sem-categoria\/guilherme-paulus-representante-do-turismo-no-forum-da-lide-em-foz\/\",\"name\":\"GUILHERME PAULUS REPRESENTANTE DO TURISMO NO F\u00d3RUM DA LIDE EM FOZ - Travel3\",\"isPartOf\":{\"@id\":\"https:\/\/www.travel3.com.br\/site\/#website\"},\"datePublished\":\"2017-08-23T17:06:33+00:00\",\"description\":\"A TRAVEL3 \u00e9 um portal de conte\u00fado voltado para o turismo, encontre destinos, viagens, hospedagem, passagens, guias, not\u00edcias sobre o mercado do turismo, dicas de viagem, v\u00eddeos e podcast.\",\"breadcrumb\":{\"@id\":\"https:\/\/www.travel3.com.br\/site\/sem-categoria\/guilherme-paulus-representante-do-turismo-no-forum-da-lide-em-foz\/#breadcrumb\"},\"inLanguage\":\"pt-BR\",\"potentialAction\":[{\"@type\":\"ReadAction\",\"target\":[\"https:\/\/www.travel3.com.br\/site\/sem-categoria\/guilherme-paulus-representante-do-turismo-no-forum-da-lide-em-foz\/\"]}]},{\"@type\":\"BreadcrumbList\",\"@id\":\"https:\/\/www.travel3.com.br\/site\/sem-categoria\/guilherme-paulus-representante-do-turismo-no-forum-da-lide-em-foz\/#breadcrumb\",\"itemListElement\":[{\"@type\":\"ListItem\",\"position\":1,\"name\":\"In\u00edcio\",\"item\":\"https:\/\/www.travel3.com.br\/site\/\"},{\"@type\":\"ListItem\",\"position\":2,\"name\":\"GUILHERME PAULUS REPRESENTANTE DO TURISMO NO F\u00d3RUM DA LIDE EM FOZ\"}]},{\"@type\":\"WebSite\",\"@id\":\"https:\/\/www.travel3.com.br\/site\/#website\",\"url\":\"https:\/\/www.travel3.com.br\/site\/\",\"name\":\"Travel3\",\"description\":\"Lazer + Neg&oacute;cios + Aventura\",\"publisher\":{\"@id\":\"https:\/\/www.travel3.com.br\/site\/#organization\"},\"potentialAction\":[{\"@type\":\"SearchAction\",\"target\":{\"@type\":\"EntryPoint\",\"urlTemplate\":\"https:\/\/www.travel3.com.br\/site\/?s={search_term_string}\"},\"query-input\":{\"@type\":\"PropertyValueSpecification\",\"valueRequired\":true,\"valueName\":\"search_term_string\"}}],\"inLanguage\":\"pt-BR\"},{\"@type\":\"Organization\",\"@id\":\"https:\/\/www.travel3.com.br\/site\/#organization\",\"name\":\"Travel3\",\"url\":\"https:\/\/www.travel3.com.br\/site\/\",\"logo\":{\"@type\":\"ImageObject\",\"inLanguage\":\"pt-BR\",\"@id\":\"https:\/\/www.travel3.com.br\/site\/#\/schema\/logo\/image\/\",\"url\":\"https:\/\/www.travel3.com.br\/site\/wp-content\/uploads\/2020\/01\/logo-travel3-2020.png\",\"contentUrl\":\"https:\/\/www.travel3.com.br\/site\/wp-content\/uploads\/2020\/01\/logo-travel3-2020.png\",\"width\":232,\"height\":79,\"caption\":\"Travel3\"},\"image\":{\"@id\":\"https:\/\/www.travel3.com.br\/site\/#\/schema\/logo\/image\/\"},\"sameAs\":[\"https:\/\/www.facebook.com\/travel3media\/\",\"https:\/\/www.instagram.com\/revistatravel3\/\",\"https:\/\/www.youtube.com\/channel\/UCno7J4paGBR3VbZQzvoJ9Eg\"]},{\"@type\":\"Person\",\"@id\":\"https:\/\/www.travel3.com.br\/site\/#\/schema\/person\/a69d71e41a024999b6ab82369ac0bd1e\",\"name\":\"admin\",\"image\":{\"@type\":\"ImageObject\",\"inLanguage\":\"pt-BR\",\"@id\":\"https:\/\/www.travel3.com.br\/site\/#\/schema\/person\/image\/\",\"url\":\"https:\/\/secure.gravatar.com\/avatar\/732a67adfd764da2a47ba10ce731c4c0?s=96&d=mm&r=g\",\"contentUrl\":\"https:\/\/secure.gravatar.com\/avatar\/732a67adfd764da2a47ba10ce731c4c0?s=96&d=mm&r=g\",\"caption\":\"admin\"},\"url\":\"https:\/\/www.travel3.com.br\/site\/author\/admin\/\"}]}<\/script>\n<!-- \/ Yoast SEO plugin. -->","yoast_head_json":{"title":"GUILHERME PAULUS REPRESENTANTE DO TURISMO NO F\u00d3RUM DA LIDE EM FOZ - Travel3","description":"A TRAVEL3 \u00e9 um portal de conte\u00fado voltado para o turismo, encontre destinos, viagens, hospedagem, passagens, guias, not\u00edcias sobre o mercado do turismo, dicas de viagem, v\u00eddeos e podcast.","robots":{"index":"index","follow":"follow","max-snippet":"max-snippet:-1","max-image-preview":"max-image-preview:large","max-video-preview":"max-video-preview:-1"},"canonical":"https:\/\/www.travel3.com.br\/site\/sem-categoria\/guilherme-paulus-representante-do-turismo-no-forum-da-lide-em-foz\/","og_locale":"pt_BR","og_type":"article","og_title":"GUILHERME PAULUS REPRESENTANTE DO TURISMO NO F\u00d3RUM DA LIDE EM FOZ - Travel3","og_description":"A TRAVEL3 \u00e9 um portal de conte\u00fado voltado para o turismo, encontre destinos, viagens, hospedagem, passagens, guias, not\u00edcias sobre o mercado do turismo, dicas de viagem, v\u00eddeos e podcast.","og_url":"https:\/\/www.travel3.com.br\/site\/sem-categoria\/guilherme-paulus-representante-do-turismo-no-forum-da-lide-em-foz\/","og_site_name":"Travel3","article_publisher":"https:\/\/www.facebook.com\/travel3media\/","article_published_time":"2017-08-23T17:06:33+00:00","author":"admin","twitter_card":"summary_large_image","twitter_misc":{"Escrito por":"admin","Est. tempo de leitura":"2 minutos"},"schema":{"@context":"https:\/\/schema.org","@graph":[{"@type":"Article","@id":"https:\/\/www.travel3.com.br\/site\/sem-categoria\/guilherme-paulus-representante-do-turismo-no-forum-da-lide-em-foz\/#article","isPartOf":{"@id":"https:\/\/www.travel3.com.br\/site\/sem-categoria\/guilherme-paulus-representante-do-turismo-no-forum-da-lide-em-foz\/"},"author":{"name":"admin","@id":"https:\/\/www.travel3.com.br\/site\/#\/schema\/person\/a69d71e41a024999b6ab82369ac0bd1e"},"headline":"GUILHERME PAULUS REPRESENTANTE DO TURISMO NO F\u00d3RUM DA LIDE EM FOZ","datePublished":"2017-08-23T17:06:33+00:00","mainEntityOfPage":{"@id":"https:\/\/www.travel3.com.br\/site\/sem-categoria\/guilherme-paulus-representante-do-turismo-no-forum-da-lide-em-foz\/"},"wordCount":396,"commentCount":0,"publisher":{"@id":"https:\/\/www.travel3.com.br\/site\/#organization"},"inLanguage":"pt-BR","potentialAction":[{"@type":"CommentAction","name":"Comment","target":["https:\/\/www.travel3.com.br\/site\/sem-categoria\/guilherme-paulus-representante-do-turismo-no-forum-da-lide-em-foz\/#respond"]}]},{"@type":"WebPage","@id":"https:\/\/www.travel3.com.br\/site\/sem-categoria\/guilherme-paulus-representante-do-turismo-no-forum-da-lide-em-foz\/","url":"https:\/\/www.travel3.com.br\/site\/sem-categoria\/guilherme-paulus-representante-do-turismo-no-forum-da-lide-em-foz\/","name":"GUILHERME PAULUS REPRESENTANTE DO TURISMO NO F\u00d3RUM DA LIDE EM FOZ - Travel3","isPartOf":{"@id":"https:\/\/www.travel3.com.br\/site\/#website"},"datePublished":"2017-08-23T17:06:33+00:00","description":"A TRAVEL3 \u00e9 um portal de conte\u00fado voltado para o turismo, encontre destinos, viagens, hospedagem, passagens, guias, not\u00edcias sobre o mercado do turismo, dicas de viagem, v\u00eddeos e podcast.","breadcrumb":{"@id":"https:\/\/www.travel3.com.br\/site\/sem-categoria\/guilherme-paulus-representante-do-turismo-no-forum-da-lide-em-foz\/#breadcrumb"},"inLanguage":"pt-BR","potentialAction":[{"@type":"ReadAction","target":["https:\/\/www.travel3.com.br\/site\/sem-categoria\/guilherme-paulus-representante-do-turismo-no-forum-da-lide-em-foz\/"]}]},{"@type":"BreadcrumbList","@id":"https:\/\/www.travel3.com.br\/site\/sem-categoria\/guilherme-paulus-representante-do-turismo-no-forum-da-lide-em-foz\/#breadcrumb","itemListElement":[{"@type":"ListItem","position":1,"name":"In\u00edcio","item":"https:\/\/www.travel3.com.br\/site\/"},{"@type":"ListItem","position":2,"name":"GUILHERME PAULUS REPRESENTANTE DO TURISMO NO F\u00d3RUM DA LIDE EM FOZ"}]},{"@type":"WebSite","@id":"https:\/\/www.travel3.com.br\/site\/#website","url":"https:\/\/www.travel3.com.br\/site\/","name":"Travel3","description":"Lazer + Neg&oacute;cios + Aventura","publisher":{"@id":"https:\/\/www.travel3.com.br\/site\/#organization"},"potentialAction":[{"@type":"SearchAction","target":{"@type":"EntryPoint","urlTemplate":"https:\/\/www.travel3.com.br\/site\/?s={search_term_string}"},"query-input":{"@type":"PropertyValueSpecification","valueRequired":true,"valueName":"search_term_string"}}],"inLanguage":"pt-BR"},{"@type":"Organization","@id":"https:\/\/www.travel3.com.br\/site\/#organization","name":"Travel3","url":"https:\/\/www.travel3.com.br\/site\/","logo":{"@type":"ImageObject","inLanguage":"pt-BR","@id":"https:\/\/www.travel3.com.br\/site\/#\/schema\/logo\/image\/","url":"https:\/\/www.travel3.com.br\/site\/wp-content\/uploads\/2020\/01\/logo-travel3-2020.png","contentUrl":"https:\/\/www.travel3.com.br\/site\/wp-content\/uploads\/2020\/01\/logo-travel3-2020.png","width":232,"height":79,"caption":"Travel3"},"image":{"@id":"https:\/\/www.travel3.com.br\/site\/#\/schema\/logo\/image\/"},"sameAs":["https:\/\/www.facebook.com\/travel3media\/","https:\/\/www.instagram.com\/revistatravel3\/","https:\/\/www.youtube.com\/channel\/UCno7J4paGBR3VbZQzvoJ9Eg"]},{"@type":"Person","@id":"https:\/\/www.travel3.com.br\/site\/#\/schema\/person\/a69d71e41a024999b6ab82369ac0bd1e","name":"admin","image":{"@type":"ImageObject","inLanguage":"pt-BR","@id":"https:\/\/www.travel3.com.br\/site\/#\/schema\/person\/image\/","url":"https:\/\/secure.gravatar.com\/avatar\/732a67adfd764da2a47ba10ce731c4c0?s=96&d=mm&r=g","contentUrl":"https:\/\/secure.gravatar.com\/avatar\/732a67adfd764da2a47ba10ce731c4c0?s=96&d=mm&r=g","caption":"admin"},"url":"https:\/\/www.travel3.com.br\/site\/author\/admin\/"}]}},"_links":{"self":[{"href":"https:\/\/www.travel3.com.br\/site\/wp-json\/wp\/v2\/posts\/2084","targetHints":{"allow":["GET"]}}],"collection":[{"href":"https:\/\/www.travel3.com.br\/site\/wp-json\/wp\/v2\/posts"}],"about":[{"href":"https:\/\/www.travel3.com.br\/site\/wp-json\/wp\/v2\/types\/post"}],"author":[{"embeddable":true,"href":"https:\/\/www.travel3.com.br\/site\/wp-json\/wp\/v2\/users\/1"}],"replies":[{"embeddable":true,"href":"https:\/\/www.travel3.com.br\/site\/wp-json\/wp\/v2\/comments?post=2084"}],"version-history":[{"count":0,"href":"https:\/\/www.travel3.com.br\/site\/wp-json\/wp\/v2\/posts\/2084\/revisions"}],"wp:attachment":[{"href":"https:\/\/www.travel3.com.br\/site\/wp-json\/wp\/v2\/media?parent=2084"}],"wp:term":[{"taxonomy":"category","embeddable":true,"href":"https:\/\/www.travel3.com.br\/site\/wp-json\/wp\/v2\/categories?post=2084"},{"taxonomy":"post_tag","embeddable":true,"href":"https:\/\/www.travel3.com.br\/site\/wp-json\/wp\/v2\/tags?post=2084"}],"curies":[{"name":"wp","href":"https:\/\/api.w.org\/{rel}","templated":true}]}}