{"id":2063,"date":"2017-07-28T17:02:36","date_gmt":"2017-07-28T17:02:36","guid":{"rendered":"http:\/\/www.travel3.com.br\/site\/ir-e-vir\/ar\/premiacao-para-o-wtm-responsible-tourism-awards-2017\/"},"modified":"2017-07-28T17:02:36","modified_gmt":"2017-07-28T17:02:36","slug":"premiacao-para-o-wtm-responsible-tourism-awards-2017","status":"publish","type":"post","link":"https:\/\/www.travel3.com.br\/site\/sem-categoria\/premiacao-para-o-wtm-responsible-tourism-awards-2017\/","title":{"rendered":"PR\u00caMIA\u00c7\u00c3O PARA O WTM RESPONSIBLE TOURISM AWARDS 2017"},"content":{"rendered":"<p><span style=\"color: #40acad; font-family: -apple-system, system-ui, 'Segoe UI', Roboto, Oxygen-Sans, Ubuntu, Cantarell, 'Helvetica Neue', sans-serif; font-size: 12px; font-weight: bold;\"><\/p>\n<p style=\"text-align:justify\">Para celebrar 2017 como o\u00a0Ano Internacional do Desenvolvimento do Turismo Sustent\u00e1vel , o\u00a0World Travel Market London\u00a0vai concentrar\u00a0 a premia\u00e7\u00e3o do Dia Mundial do Turismo\u00a0Respons\u00e1vel &#8211; incluindo o\u00a0WTM Responsible Tourism Awards\u00a0 dentro das Metas do Desenvolvimento Sustent\u00e1vel da ONU.<\/p>\n<p style=\"text-align:justify\">Os pr\u00eamios do WTM Responsible Tourism Awards ser\u00e3o apresentados na WTM \u00a0no Dia Mundial do Turismo Respons\u00e1vel, \u00a0a ser comemorado em 7 de novembro. Ser\u00e3o cinco categorias.<\/p>\n<p style=\"text-align:justify\">As\u00a0 inscri\u00e7\u00f5es para concorrer a premia\u00e7\u00e3o de Turismo Respons\u00e1vel da WTM estar\u00e3o abertas a partir do dia 2 de maio, com prazo at\u00e9 31 de agosto.<\/p>\n<p style=\"text-align:justify\">As categorias\u00a0 est\u00e3o centradas nos objetivos colocados, com foco em neg\u00f3cios, destinos e organiza\u00e7\u00f5es que podem demonstrar claramente a contribui\u00e7\u00e3o para o desenvolvimento sustent\u00e1vel.Os pr\u00eamios buscar\u00e3o exemplos de empresas e organiza\u00e7\u00f5es que assumiram a responsabilidade e podem demonstrar o que alcan\u00e7aram.<\/p>\n<p style=\"text-align:justify\">Nas categorias deste ano, as quatro primeiras est\u00e3o abertas somente \u00e0queles que ganharam o ouro ou a prata nos \u00faltimos tr\u00eas anos nos pr\u00eamios globais, africanos, indianos ou irlandeses do turismo respons\u00e1vel.\u00a0A quinta categoria \u00e9 para as novas organiza\u00e7\u00f5es \u00a0candidatas.<\/p>\n<p style=\"text-align:justify\">A saber:<br \/>\n1. SDG8: Promover o crescimento econ\u00f4mico sustentado, inclusivo e sustent\u00e1vel, o emprego pleno e produtivo e o trabalho decente para todos.\u00a0<br \/>\n2. SDG12: Assegurar padr\u00f5es sustent\u00e1veis \u200b\u200bde consumo e produ\u00e7\u00e3o, o turismo que cria empregos, promove a cultura local e produtos.\u00a0<br \/>\n3. SDG 3: Conservar e utilizar de forma sustent\u00e1vel os oceanos, os mares e os recursos marinhos para o desenvolvimento sustent\u00e1vel atrav\u00e9s da gest\u00e3o sustent\u00e1vel do turismo nos e nos oceanos.\u00a0<br \/>\n4. SDG restantes: Empresas e organiza\u00e7\u00f5es de turismo que podem demonstrar a sua contribui\u00e7\u00e3o para um dos outros 14 SDGs\u00a0<br \/>\n5. Novos: Empresas e organiza\u00e7\u00f5es de turismo que podem demonstrar uma \u00a0nova contribui\u00e7\u00e3o mas que n\u00e3o ganharam os Pr\u00e9mios de Turismo Respons\u00e1vel no \u00faltimo tr\u00eas anos.<\/p>\n<p style=\"text-align:justify\"><a class=\"fancybox-media\" href=\"..\/_uploads\/_noticia\/2017-04\/wtmanoturismosustentavelprofgoodwin.jpg\" rel=\"portfolio\"><img decoding=\"async\" alt=\"\" src=\"..\/_uploads\/_noticia\/2017-04\/wtmanoturismosustentavelprofgoodwin.jpg\" \/><\/a><\/p>\n<p style=\"text-align:justify\">O professor em\u00e9rito Goodwin presidir\u00e1 o painel de ju\u00edzes. Para ele, \u00e9 fundamental este exerc\u00edcio de busca entre organiza\u00e7\u00f5es:\u00a0\u201cEstamos \u00e0 procura de empresas de turismo que possam demonstrar o seu impacto positivo no desenvolvimento sustent\u00e1vel.\u00a0Reconhecemos que as empresas menores ter\u00e3o impactos menores.\u00a0No entanto, as pequenas empresas e organiza\u00e7\u00f5es n\u00e3o s\u00e3o menos dignos de um pr\u00eamio e n\u00e3o deve ser dissuadido o seu empenho de conquista-lo.&#8221;<\/p>\n<p style=\"text-align:justify\">\u00a0<\/p>\n<p>\u00a0<\/p>\n<p>\u00a0<\/p>\n<p><\/span><\/p>\n","protected":false},"excerpt":{"rendered":"<p>Metas de desenvolvimento sustent\u00e1vel da ONU nas indica\u00e7\u00f5es de neg\u00f3cios e destinos, solenidade ser\u00e1 no dia 7 de novembro, em Londres<\/p>\n","protected":false},"author":1,"featured_media":0,"comment_status":"open","ping_status":"open","sticky":false,"template":"","format":"standard","meta":{"footnotes":""},"categories":[],"tags":[],"class_list":["post-2063","post","type-post","status-publish","format-standard","hentry"],"yoast_head":"<!-- This site is optimized with the Yoast SEO plugin v26.2 - https:\/\/yoast.com\/wordpress\/plugins\/seo\/ -->\n<title>PR\u00caMIA\u00c7\u00c3O PARA O WTM RESPONSIBLE TOURISM AWARDS 2017 - Travel3<\/title>\n<meta name=\"description\" content=\"A TRAVEL3 \u00e9 um portal de conte\u00fado voltado para o turismo, encontre destinos, viagens, hospedagem, passagens, guias, not\u00edcias sobre o mercado do turismo, dicas de viagem, v\u00eddeos e podcast.\" \/>\n<meta name=\"robots\" content=\"index, follow, max-snippet:-1, max-image-preview:large, max-video-preview:-1\" \/>\n<link rel=\"canonical\" href=\"https:\/\/www.travel3.com.br\/site\/sem-categoria\/premiacao-para-o-wtm-responsible-tourism-awards-2017\/\" \/>\n<meta property=\"og:locale\" content=\"pt_BR\" \/>\n<meta property=\"og:type\" content=\"article\" \/>\n<meta property=\"og:title\" content=\"PR\u00caMIA\u00c7\u00c3O PARA O WTM RESPONSIBLE TOURISM AWARDS 2017 - Travel3\" \/>\n<meta property=\"og:description\" content=\"A TRAVEL3 \u00e9 um portal de conte\u00fado voltado para o turismo, encontre destinos, viagens, hospedagem, passagens, guias, not\u00edcias sobre o mercado do turismo, dicas de viagem, v\u00eddeos e podcast.\" \/>\n<meta property=\"og:url\" content=\"https:\/\/www.travel3.com.br\/site\/sem-categoria\/premiacao-para-o-wtm-responsible-tourism-awards-2017\/\" \/>\n<meta property=\"og:site_name\" content=\"Travel3\" \/>\n<meta property=\"article:publisher\" content=\"https:\/\/www.facebook.com\/travel3media\/\" \/>\n<meta property=\"article:published_time\" content=\"2017-07-28T17:02:36+00:00\" \/>\n<meta name=\"author\" content=\"admin\" \/>\n<meta name=\"twitter:card\" content=\"summary_large_image\" \/>\n<meta name=\"twitter:label1\" content=\"Escrito por\" \/>\n\t<meta name=\"twitter:data1\" content=\"admin\" \/>\n\t<meta name=\"twitter:label2\" content=\"Est. tempo de leitura\" \/>\n\t<meta name=\"twitter:data2\" content=\"2 minutos\" \/>\n<script type=\"application\/ld+json\" class=\"yoast-schema-graph\">{\"@context\":\"https:\/\/schema.org\",\"@graph\":[{\"@type\":\"Article\",\"@id\":\"https:\/\/www.travel3.com.br\/site\/sem-categoria\/premiacao-para-o-wtm-responsible-tourism-awards-2017\/#article\",\"isPartOf\":{\"@id\":\"https:\/\/www.travel3.com.br\/site\/sem-categoria\/premiacao-para-o-wtm-responsible-tourism-awards-2017\/\"},\"author\":{\"name\":\"admin\",\"@id\":\"https:\/\/www.travel3.com.br\/site\/#\/schema\/person\/a69d71e41a024999b6ab82369ac0bd1e\"},\"headline\":\"PR\u00caMIA\u00c7\u00c3O PARA O WTM RESPONSIBLE TOURISM AWARDS 2017\",\"datePublished\":\"2017-07-28T17:02:36+00:00\",\"mainEntityOfPage\":{\"@id\":\"https:\/\/www.travel3.com.br\/site\/sem-categoria\/premiacao-para-o-wtm-responsible-tourism-awards-2017\/\"},\"wordCount\":416,\"commentCount\":0,\"publisher\":{\"@id\":\"https:\/\/www.travel3.com.br\/site\/#organization\"},\"inLanguage\":\"pt-BR\",\"potentialAction\":[{\"@type\":\"CommentAction\",\"name\":\"Comment\",\"target\":[\"https:\/\/www.travel3.com.br\/site\/sem-categoria\/premiacao-para-o-wtm-responsible-tourism-awards-2017\/#respond\"]}]},{\"@type\":\"WebPage\",\"@id\":\"https:\/\/www.travel3.com.br\/site\/sem-categoria\/premiacao-para-o-wtm-responsible-tourism-awards-2017\/\",\"url\":\"https:\/\/www.travel3.com.br\/site\/sem-categoria\/premiacao-para-o-wtm-responsible-tourism-awards-2017\/\",\"name\":\"PR\u00caMIA\u00c7\u00c3O PARA O WTM RESPONSIBLE TOURISM AWARDS 2017 - Travel3\",\"isPartOf\":{\"@id\":\"https:\/\/www.travel3.com.br\/site\/#website\"},\"datePublished\":\"2017-07-28T17:02:36+00:00\",\"description\":\"A TRAVEL3 \u00e9 um portal de conte\u00fado voltado para o turismo, encontre destinos, viagens, hospedagem, passagens, guias, not\u00edcias sobre o mercado do turismo, dicas de viagem, v\u00eddeos e podcast.\",\"breadcrumb\":{\"@id\":\"https:\/\/www.travel3.com.br\/site\/sem-categoria\/premiacao-para-o-wtm-responsible-tourism-awards-2017\/#breadcrumb\"},\"inLanguage\":\"pt-BR\",\"potentialAction\":[{\"@type\":\"ReadAction\",\"target\":[\"https:\/\/www.travel3.com.br\/site\/sem-categoria\/premiacao-para-o-wtm-responsible-tourism-awards-2017\/\"]}]},{\"@type\":\"BreadcrumbList\",\"@id\":\"https:\/\/www.travel3.com.br\/site\/sem-categoria\/premiacao-para-o-wtm-responsible-tourism-awards-2017\/#breadcrumb\",\"itemListElement\":[{\"@type\":\"ListItem\",\"position\":1,\"name\":\"In\u00edcio\",\"item\":\"https:\/\/www.travel3.com.br\/site\/\"},{\"@type\":\"ListItem\",\"position\":2,\"name\":\"PR\u00caMIA\u00c7\u00c3O PARA O WTM RESPONSIBLE TOURISM AWARDS 2017\"}]},{\"@type\":\"WebSite\",\"@id\":\"https:\/\/www.travel3.com.br\/site\/#website\",\"url\":\"https:\/\/www.travel3.com.br\/site\/\",\"name\":\"Travel3\",\"description\":\"Lazer + Neg&oacute;cios + Aventura\",\"publisher\":{\"@id\":\"https:\/\/www.travel3.com.br\/site\/#organization\"},\"potentialAction\":[{\"@type\":\"SearchAction\",\"target\":{\"@type\":\"EntryPoint\",\"urlTemplate\":\"https:\/\/www.travel3.com.br\/site\/?s={search_term_string}\"},\"query-input\":{\"@type\":\"PropertyValueSpecification\",\"valueRequired\":true,\"valueName\":\"search_term_string\"}}],\"inLanguage\":\"pt-BR\"},{\"@type\":\"Organization\",\"@id\":\"https:\/\/www.travel3.com.br\/site\/#organization\",\"name\":\"Travel3\",\"url\":\"https:\/\/www.travel3.com.br\/site\/\",\"logo\":{\"@type\":\"ImageObject\",\"inLanguage\":\"pt-BR\",\"@id\":\"https:\/\/www.travel3.com.br\/site\/#\/schema\/logo\/image\/\",\"url\":\"https:\/\/www.travel3.com.br\/site\/wp-content\/uploads\/2020\/01\/logo-travel3-2020.png\",\"contentUrl\":\"https:\/\/www.travel3.com.br\/site\/wp-content\/uploads\/2020\/01\/logo-travel3-2020.png\",\"width\":232,\"height\":79,\"caption\":\"Travel3\"},\"image\":{\"@id\":\"https:\/\/www.travel3.com.br\/site\/#\/schema\/logo\/image\/\"},\"sameAs\":[\"https:\/\/www.facebook.com\/travel3media\/\",\"https:\/\/www.instagram.com\/revistatravel3\/\",\"https:\/\/www.youtube.com\/channel\/UCno7J4paGBR3VbZQzvoJ9Eg\"]},{\"@type\":\"Person\",\"@id\":\"https:\/\/www.travel3.com.br\/site\/#\/schema\/person\/a69d71e41a024999b6ab82369ac0bd1e\",\"name\":\"admin\",\"image\":{\"@type\":\"ImageObject\",\"inLanguage\":\"pt-BR\",\"@id\":\"https:\/\/www.travel3.com.br\/site\/#\/schema\/person\/image\/\",\"url\":\"https:\/\/secure.gravatar.com\/avatar\/732a67adfd764da2a47ba10ce731c4c0?s=96&d=mm&r=g\",\"contentUrl\":\"https:\/\/secure.gravatar.com\/avatar\/732a67adfd764da2a47ba10ce731c4c0?s=96&d=mm&r=g\",\"caption\":\"admin\"},\"url\":\"https:\/\/www.travel3.com.br\/site\/author\/admin\/\"}]}<\/script>\n<!-- \/ Yoast SEO plugin. -->","yoast_head_json":{"title":"PR\u00caMIA\u00c7\u00c3O PARA O WTM RESPONSIBLE TOURISM AWARDS 2017 - Travel3","description":"A TRAVEL3 \u00e9 um portal de conte\u00fado voltado para o turismo, encontre destinos, viagens, hospedagem, passagens, guias, not\u00edcias sobre o mercado do turismo, dicas de viagem, v\u00eddeos e podcast.","robots":{"index":"index","follow":"follow","max-snippet":"max-snippet:-1","max-image-preview":"max-image-preview:large","max-video-preview":"max-video-preview:-1"},"canonical":"https:\/\/www.travel3.com.br\/site\/sem-categoria\/premiacao-para-o-wtm-responsible-tourism-awards-2017\/","og_locale":"pt_BR","og_type":"article","og_title":"PR\u00caMIA\u00c7\u00c3O PARA O WTM RESPONSIBLE TOURISM AWARDS 2017 - Travel3","og_description":"A TRAVEL3 \u00e9 um portal de conte\u00fado voltado para o turismo, encontre destinos, viagens, hospedagem, passagens, guias, not\u00edcias sobre o mercado do turismo, dicas de viagem, v\u00eddeos e podcast.","og_url":"https:\/\/www.travel3.com.br\/site\/sem-categoria\/premiacao-para-o-wtm-responsible-tourism-awards-2017\/","og_site_name":"Travel3","article_publisher":"https:\/\/www.facebook.com\/travel3media\/","article_published_time":"2017-07-28T17:02:36+00:00","author":"admin","twitter_card":"summary_large_image","twitter_misc":{"Escrito por":"admin","Est. tempo de leitura":"2 minutos"},"schema":{"@context":"https:\/\/schema.org","@graph":[{"@type":"Article","@id":"https:\/\/www.travel3.com.br\/site\/sem-categoria\/premiacao-para-o-wtm-responsible-tourism-awards-2017\/#article","isPartOf":{"@id":"https:\/\/www.travel3.com.br\/site\/sem-categoria\/premiacao-para-o-wtm-responsible-tourism-awards-2017\/"},"author":{"name":"admin","@id":"https:\/\/www.travel3.com.br\/site\/#\/schema\/person\/a69d71e41a024999b6ab82369ac0bd1e"},"headline":"PR\u00caMIA\u00c7\u00c3O PARA O WTM RESPONSIBLE TOURISM AWARDS 2017","datePublished":"2017-07-28T17:02:36+00:00","mainEntityOfPage":{"@id":"https:\/\/www.travel3.com.br\/site\/sem-categoria\/premiacao-para-o-wtm-responsible-tourism-awards-2017\/"},"wordCount":416,"commentCount":0,"publisher":{"@id":"https:\/\/www.travel3.com.br\/site\/#organization"},"inLanguage":"pt-BR","potentialAction":[{"@type":"CommentAction","name":"Comment","target":["https:\/\/www.travel3.com.br\/site\/sem-categoria\/premiacao-para-o-wtm-responsible-tourism-awards-2017\/#respond"]}]},{"@type":"WebPage","@id":"https:\/\/www.travel3.com.br\/site\/sem-categoria\/premiacao-para-o-wtm-responsible-tourism-awards-2017\/","url":"https:\/\/www.travel3.com.br\/site\/sem-categoria\/premiacao-para-o-wtm-responsible-tourism-awards-2017\/","name":"PR\u00caMIA\u00c7\u00c3O PARA O WTM RESPONSIBLE TOURISM AWARDS 2017 - Travel3","isPartOf":{"@id":"https:\/\/www.travel3.com.br\/site\/#website"},"datePublished":"2017-07-28T17:02:36+00:00","description":"A TRAVEL3 \u00e9 um portal de conte\u00fado voltado para o turismo, encontre destinos, viagens, hospedagem, passagens, guias, not\u00edcias sobre o mercado do turismo, dicas de viagem, v\u00eddeos e podcast.","breadcrumb":{"@id":"https:\/\/www.travel3.com.br\/site\/sem-categoria\/premiacao-para-o-wtm-responsible-tourism-awards-2017\/#breadcrumb"},"inLanguage":"pt-BR","potentialAction":[{"@type":"ReadAction","target":["https:\/\/www.travel3.com.br\/site\/sem-categoria\/premiacao-para-o-wtm-responsible-tourism-awards-2017\/"]}]},{"@type":"BreadcrumbList","@id":"https:\/\/www.travel3.com.br\/site\/sem-categoria\/premiacao-para-o-wtm-responsible-tourism-awards-2017\/#breadcrumb","itemListElement":[{"@type":"ListItem","position":1,"name":"In\u00edcio","item":"https:\/\/www.travel3.com.br\/site\/"},{"@type":"ListItem","position":2,"name":"PR\u00caMIA\u00c7\u00c3O PARA O WTM RESPONSIBLE TOURISM AWARDS 2017"}]},{"@type":"WebSite","@id":"https:\/\/www.travel3.com.br\/site\/#website","url":"https:\/\/www.travel3.com.br\/site\/","name":"Travel3","description":"Lazer + Neg&oacute;cios + Aventura","publisher":{"@id":"https:\/\/www.travel3.com.br\/site\/#organization"},"potentialAction":[{"@type":"SearchAction","target":{"@type":"EntryPoint","urlTemplate":"https:\/\/www.travel3.com.br\/site\/?s={search_term_string}"},"query-input":{"@type":"PropertyValueSpecification","valueRequired":true,"valueName":"search_term_string"}}],"inLanguage":"pt-BR"},{"@type":"Organization","@id":"https:\/\/www.travel3.com.br\/site\/#organization","name":"Travel3","url":"https:\/\/www.travel3.com.br\/site\/","logo":{"@type":"ImageObject","inLanguage":"pt-BR","@id":"https:\/\/www.travel3.com.br\/site\/#\/schema\/logo\/image\/","url":"https:\/\/www.travel3.com.br\/site\/wp-content\/uploads\/2020\/01\/logo-travel3-2020.png","contentUrl":"https:\/\/www.travel3.com.br\/site\/wp-content\/uploads\/2020\/01\/logo-travel3-2020.png","width":232,"height":79,"caption":"Travel3"},"image":{"@id":"https:\/\/www.travel3.com.br\/site\/#\/schema\/logo\/image\/"},"sameAs":["https:\/\/www.facebook.com\/travel3media\/","https:\/\/www.instagram.com\/revistatravel3\/","https:\/\/www.youtube.com\/channel\/UCno7J4paGBR3VbZQzvoJ9Eg"]},{"@type":"Person","@id":"https:\/\/www.travel3.com.br\/site\/#\/schema\/person\/a69d71e41a024999b6ab82369ac0bd1e","name":"admin","image":{"@type":"ImageObject","inLanguage":"pt-BR","@id":"https:\/\/www.travel3.com.br\/site\/#\/schema\/person\/image\/","url":"https:\/\/secure.gravatar.com\/avatar\/732a67adfd764da2a47ba10ce731c4c0?s=96&d=mm&r=g","contentUrl":"https:\/\/secure.gravatar.com\/avatar\/732a67adfd764da2a47ba10ce731c4c0?s=96&d=mm&r=g","caption":"admin"},"url":"https:\/\/www.travel3.com.br\/site\/author\/admin\/"}]}},"_links":{"self":[{"href":"https:\/\/www.travel3.com.br\/site\/wp-json\/wp\/v2\/posts\/2063","targetHints":{"allow":["GET"]}}],"collection":[{"href":"https:\/\/www.travel3.com.br\/site\/wp-json\/wp\/v2\/posts"}],"about":[{"href":"https:\/\/www.travel3.com.br\/site\/wp-json\/wp\/v2\/types\/post"}],"author":[{"embeddable":true,"href":"https:\/\/www.travel3.com.br\/site\/wp-json\/wp\/v2\/users\/1"}],"replies":[{"embeddable":true,"href":"https:\/\/www.travel3.com.br\/site\/wp-json\/wp\/v2\/comments?post=2063"}],"version-history":[{"count":0,"href":"https:\/\/www.travel3.com.br\/site\/wp-json\/wp\/v2\/posts\/2063\/revisions"}],"wp:attachment":[{"href":"https:\/\/www.travel3.com.br\/site\/wp-json\/wp\/v2\/media?parent=2063"}],"wp:term":[{"taxonomy":"category","embeddable":true,"href":"https:\/\/www.travel3.com.br\/site\/wp-json\/wp\/v2\/categories?post=2063"},{"taxonomy":"post_tag","embeddable":true,"href":"https:\/\/www.travel3.com.br\/site\/wp-json\/wp\/v2\/tags?post=2063"}],"curies":[{"name":"wp","href":"https:\/\/api.w.org\/{rel}","templated":true}]}}