{"id":2062,"date":"2017-07-30T13:39:18","date_gmt":"2017-07-30T13:39:18","guid":{"rendered":"http:\/\/www.travel3.com.br\/site\/ir-e-vir\/ar\/voo-de-13-horas-vai-ligar-lisboa-a-pequim-no-final-de-julho\/"},"modified":"2017-07-30T13:39:18","modified_gmt":"2017-07-30T13:39:18","slug":"voo-de-13-horas-vai-ligar-lisboa-a-pequim-no-final-de-julho","status":"publish","type":"post","link":"https:\/\/www.travel3.com.br\/site\/sem-categoria\/voo-de-13-horas-vai-ligar-lisboa-a-pequim-no-final-de-julho\/","title":{"rendered":"VOO DE 13 HORAS VAI LIGAR LISBOA A PEQUIM NO FINAL DE JULHO"},"content":{"rendered":"<p><span style=\"color: #40acad; font-family: -apple-system, system-ui, 'Segoe UI', Roboto, Oxygen-Sans, Ubuntu, Cantarell, 'Helvetica Neue', sans-serif; font-size: 12px; font-weight: bold;\"><\/p>\n<p style=\"text-align:justify\">O primeiro servi\u00e7o a\u00e9reo direto entre Portugal e a China vai come\u00e7ar dia 26 de julho. A Capital Airlines est\u00e1 confirmando o voo Lisboa-Pequim, com 13 horas de dura\u00e7\u00e3o, toda sexta, domingo e quarta nas sa\u00eddas desde a capital chinesa.<\/p>\n<p style=\"text-align:justify\"><a class=\"fancybox-media\" href=\"..\/_uploads\/_noticia\/2017-04\/capitalairlinesdepequimparalisboa.jpg\" rel=\"portfolio\"><img decoding=\"async\" alt=\"\" src=\"..\/_uploads\/_noticia\/2017-04\/capitalairlinesdepequimparalisboa.jpg\" \/><\/a><\/p>\n<p style=\"text-align:justify\">A Capital Airlines lan\u00e7ou um programa de pre\u00e7os preferenciais para este novo servi\u00e7o, v\u00e1lido at\u00e9 31 de dezembro,\u00a0Os viajantes t\u00eam direito a tarifas preferenciais de ida de Lisboa.\u00a0E \u00a0em coopera\u00e7\u00e3o com a Hainan Airlines, pode recolher passageiros provenientes da maioria das cidades da China, entreg\u00e1-los em \u00a0Lisboa para conex\u00f5es direcionadas a mais de 100 cidades na Europa e Am\u00e9rica do Sul, incluindo Madrid, Porto, S\u00e3o Paulo, Lyon, Nantes, Toulouse e Bras\u00edlia, entre outras. .<\/p>\n<p style=\"text-align:justify\">O equipamento a ser utilizado ser\u00e1 o Airbus A330-220, com 242 assentos \u00a0na classe economia e 18 business.<\/p>\n<p style=\"text-align:justify\">A Beijing Capital Airlines \u00e9 uma subsidi\u00e1ria da Hanan e foi criada em 1995 como\u00a0Deer Jet Airlines\u00a0(\u00a0chin\u00eas\u00a0:\u00a0\u91d1\u9e7f \u822a\u7a7a\u00a0;\u00a0pinyin\u00a0:\u00a0J\u012bnl\u00f9 H\u00e1ngk\u014dng\u00a0).\u00a0Nada a ver, portanto, com a tradicional e hist\u00f3rica Capital Airlines americana.<\/p>\n<p style=\"text-align:justify\">A chinesa come\u00e7ou a oferecer servi\u00e7os internacionais em 1988 e fretamentos em dezembro de 2008 usando uma frota de\u00a0A319s\u00a0e\u00a0jatos corporativos\u00a0.\u00a0A companhia a\u00e9rea foi autorizada pela Administra\u00e7\u00e3o\u00a0da Avia\u00e7\u00e3o Civil da China\u00a0para operar servi\u00e7os a\u00e9reos regulares em 2009. Opera principalmente em espa\u00e7o chin\u00eas \u2013 Hong Kong, Macau e Taiwan \u2013<\/p>\n<p style=\"text-align:justify\">E se o foco do transporte da China para Lisboa ser\u00e1 o de escala para outros destinos, os portugueses que forem aproveitar a viagem com pre\u00e7os bem mais convidativos, ter\u00e3o uma sinergia bem especial com Pequim<\/p>\n<p style=\"text-align:justify\"><a class=\"fancybox-media\" href=\"..\/_uploads\/_noticia\/2017-04\/pequimcidadeproibida.jpg\" rel=\"portfolio\"><img decoding=\"async\" alt=\"\" src=\"..\/_uploads\/_noticia\/2017-04\/pequimcidadeproibida.jpg\" \/><\/a> A capital da Rep\u00fablica Popular da China e uma das cidades mais populosas do mundo.\u00a0A cidade \u00e9 o centro pol\u00edtico, cultural e educacional da \u00a0dotada de rara heran\u00e7a cultural com sua longa e milenar hist\u00f3ria.\u00a0A Grande Muralha, uma das maravilhas do mundo e a \u00fanica arquitetura artificial, que pode ser vista do espa\u00e7o, e que se estende por v\u00e1rias centenas de milhas em Pequim. A Cidade Proibida \u00e9 o mais espl\u00eandido pal\u00e1cio imperial do mundo e o \u00a0templo do c\u00e9u \u00e9 o lugar de culto para os imperadores de v\u00e1rias dinastias da China, bem como uma realiza\u00e7\u00e3o espl\u00eandida da \u00a0antiga arte arquitet\u00f4nica chinesa.<\/p>\n<p>\u00a0<\/p>\n<p>\u00a0<\/p>\n<p><\/span><\/p>\n","protected":false},"excerpt":{"rendered":"<p>Capital Airlines confirma a opera\u00e7\u00e3o tr\u00eas vezes por semana e ter\u00e1 foco em conex\u00f5es para os passageiros chineses<\/p>\n","protected":false},"author":1,"featured_media":0,"comment_status":"open","ping_status":"open","sticky":false,"template":"","format":"standard","meta":{"footnotes":""},"categories":[],"tags":[],"class_list":["post-2062","post","type-post","status-publish","format-standard","hentry"],"yoast_head":"<!-- This site is optimized with the Yoast SEO plugin v26.2 - https:\/\/yoast.com\/wordpress\/plugins\/seo\/ -->\n<title>VOO DE 13 HORAS VAI LIGAR LISBOA A PEQUIM NO FINAL DE JULHO - Travel3<\/title>\n<meta name=\"description\" content=\"A TRAVEL3 \u00e9 um portal de conte\u00fado voltado para o turismo, encontre destinos, viagens, hospedagem, passagens, guias, not\u00edcias sobre o mercado do turismo, dicas de viagem, v\u00eddeos e podcast.\" \/>\n<meta name=\"robots\" content=\"index, follow, max-snippet:-1, max-image-preview:large, max-video-preview:-1\" \/>\n<link rel=\"canonical\" href=\"https:\/\/www.travel3.com.br\/site\/sem-categoria\/voo-de-13-horas-vai-ligar-lisboa-a-pequim-no-final-de-julho\/\" \/>\n<meta property=\"og:locale\" content=\"pt_BR\" \/>\n<meta property=\"og:type\" content=\"article\" \/>\n<meta property=\"og:title\" content=\"VOO DE 13 HORAS VAI LIGAR LISBOA A PEQUIM NO FINAL DE JULHO - Travel3\" \/>\n<meta property=\"og:description\" content=\"A TRAVEL3 \u00e9 um portal de conte\u00fado voltado para o turismo, encontre destinos, viagens, hospedagem, passagens, guias, not\u00edcias sobre o mercado do turismo, dicas de viagem, v\u00eddeos e podcast.\" \/>\n<meta property=\"og:url\" content=\"https:\/\/www.travel3.com.br\/site\/sem-categoria\/voo-de-13-horas-vai-ligar-lisboa-a-pequim-no-final-de-julho\/\" \/>\n<meta property=\"og:site_name\" content=\"Travel3\" \/>\n<meta property=\"article:publisher\" content=\"https:\/\/www.facebook.com\/travel3media\/\" \/>\n<meta property=\"article:published_time\" content=\"2017-07-30T13:39:18+00:00\" \/>\n<meta name=\"author\" content=\"admin\" \/>\n<meta name=\"twitter:card\" content=\"summary_large_image\" \/>\n<meta name=\"twitter:label1\" content=\"Escrito por\" \/>\n\t<meta name=\"twitter:data1\" content=\"admin\" \/>\n\t<meta name=\"twitter:label2\" content=\"Est. tempo de leitura\" \/>\n\t<meta name=\"twitter:data2\" content=\"2 minutos\" \/>\n<script type=\"application\/ld+json\" class=\"yoast-schema-graph\">{\"@context\":\"https:\/\/schema.org\",\"@graph\":[{\"@type\":\"Article\",\"@id\":\"https:\/\/www.travel3.com.br\/site\/sem-categoria\/voo-de-13-horas-vai-ligar-lisboa-a-pequim-no-final-de-julho\/#article\",\"isPartOf\":{\"@id\":\"https:\/\/www.travel3.com.br\/site\/sem-categoria\/voo-de-13-horas-vai-ligar-lisboa-a-pequim-no-final-de-julho\/\"},\"author\":{\"name\":\"admin\",\"@id\":\"https:\/\/www.travel3.com.br\/site\/#\/schema\/person\/a69d71e41a024999b6ab82369ac0bd1e\"},\"headline\":\"VOO DE 13 HORAS VAI LIGAR LISBOA A PEQUIM NO FINAL DE JULHO\",\"datePublished\":\"2017-07-30T13:39:18+00:00\",\"mainEntityOfPage\":{\"@id\":\"https:\/\/www.travel3.com.br\/site\/sem-categoria\/voo-de-13-horas-vai-ligar-lisboa-a-pequim-no-final-de-julho\/\"},\"wordCount\":406,\"commentCount\":0,\"publisher\":{\"@id\":\"https:\/\/www.travel3.com.br\/site\/#organization\"},\"inLanguage\":\"pt-BR\",\"potentialAction\":[{\"@type\":\"CommentAction\",\"name\":\"Comment\",\"target\":[\"https:\/\/www.travel3.com.br\/site\/sem-categoria\/voo-de-13-horas-vai-ligar-lisboa-a-pequim-no-final-de-julho\/#respond\"]}]},{\"@type\":\"WebPage\",\"@id\":\"https:\/\/www.travel3.com.br\/site\/sem-categoria\/voo-de-13-horas-vai-ligar-lisboa-a-pequim-no-final-de-julho\/\",\"url\":\"https:\/\/www.travel3.com.br\/site\/sem-categoria\/voo-de-13-horas-vai-ligar-lisboa-a-pequim-no-final-de-julho\/\",\"name\":\"VOO DE 13 HORAS VAI LIGAR LISBOA A PEQUIM NO FINAL DE JULHO - Travel3\",\"isPartOf\":{\"@id\":\"https:\/\/www.travel3.com.br\/site\/#website\"},\"datePublished\":\"2017-07-30T13:39:18+00:00\",\"description\":\"A TRAVEL3 \u00e9 um portal de conte\u00fado voltado para o turismo, encontre destinos, viagens, hospedagem, passagens, guias, not\u00edcias sobre o mercado do turismo, dicas de viagem, v\u00eddeos e podcast.\",\"breadcrumb\":{\"@id\":\"https:\/\/www.travel3.com.br\/site\/sem-categoria\/voo-de-13-horas-vai-ligar-lisboa-a-pequim-no-final-de-julho\/#breadcrumb\"},\"inLanguage\":\"pt-BR\",\"potentialAction\":[{\"@type\":\"ReadAction\",\"target\":[\"https:\/\/www.travel3.com.br\/site\/sem-categoria\/voo-de-13-horas-vai-ligar-lisboa-a-pequim-no-final-de-julho\/\"]}]},{\"@type\":\"BreadcrumbList\",\"@id\":\"https:\/\/www.travel3.com.br\/site\/sem-categoria\/voo-de-13-horas-vai-ligar-lisboa-a-pequim-no-final-de-julho\/#breadcrumb\",\"itemListElement\":[{\"@type\":\"ListItem\",\"position\":1,\"name\":\"In\u00edcio\",\"item\":\"https:\/\/www.travel3.com.br\/site\/\"},{\"@type\":\"ListItem\",\"position\":2,\"name\":\"VOO DE 13 HORAS VAI LIGAR LISBOA A PEQUIM NO FINAL DE JULHO\"}]},{\"@type\":\"WebSite\",\"@id\":\"https:\/\/www.travel3.com.br\/site\/#website\",\"url\":\"https:\/\/www.travel3.com.br\/site\/\",\"name\":\"Travel3\",\"description\":\"Lazer + Neg&oacute;cios + Aventura\",\"publisher\":{\"@id\":\"https:\/\/www.travel3.com.br\/site\/#organization\"},\"potentialAction\":[{\"@type\":\"SearchAction\",\"target\":{\"@type\":\"EntryPoint\",\"urlTemplate\":\"https:\/\/www.travel3.com.br\/site\/?s={search_term_string}\"},\"query-input\":{\"@type\":\"PropertyValueSpecification\",\"valueRequired\":true,\"valueName\":\"search_term_string\"}}],\"inLanguage\":\"pt-BR\"},{\"@type\":\"Organization\",\"@id\":\"https:\/\/www.travel3.com.br\/site\/#organization\",\"name\":\"Travel3\",\"url\":\"https:\/\/www.travel3.com.br\/site\/\",\"logo\":{\"@type\":\"ImageObject\",\"inLanguage\":\"pt-BR\",\"@id\":\"https:\/\/www.travel3.com.br\/site\/#\/schema\/logo\/image\/\",\"url\":\"https:\/\/www.travel3.com.br\/site\/wp-content\/uploads\/2020\/01\/logo-travel3-2020.png\",\"contentUrl\":\"https:\/\/www.travel3.com.br\/site\/wp-content\/uploads\/2020\/01\/logo-travel3-2020.png\",\"width\":232,\"height\":79,\"caption\":\"Travel3\"},\"image\":{\"@id\":\"https:\/\/www.travel3.com.br\/site\/#\/schema\/logo\/image\/\"},\"sameAs\":[\"https:\/\/www.facebook.com\/travel3media\/\",\"https:\/\/www.instagram.com\/revistatravel3\/\",\"https:\/\/www.youtube.com\/channel\/UCno7J4paGBR3VbZQzvoJ9Eg\"]},{\"@type\":\"Person\",\"@id\":\"https:\/\/www.travel3.com.br\/site\/#\/schema\/person\/a69d71e41a024999b6ab82369ac0bd1e\",\"name\":\"admin\",\"image\":{\"@type\":\"ImageObject\",\"inLanguage\":\"pt-BR\",\"@id\":\"https:\/\/www.travel3.com.br\/site\/#\/schema\/person\/image\/\",\"url\":\"https:\/\/secure.gravatar.com\/avatar\/732a67adfd764da2a47ba10ce731c4c0?s=96&d=mm&r=g\",\"contentUrl\":\"https:\/\/secure.gravatar.com\/avatar\/732a67adfd764da2a47ba10ce731c4c0?s=96&d=mm&r=g\",\"caption\":\"admin\"},\"url\":\"https:\/\/www.travel3.com.br\/site\/author\/admin\/\"}]}<\/script>\n<!-- \/ Yoast SEO plugin. -->","yoast_head_json":{"title":"VOO DE 13 HORAS VAI LIGAR LISBOA A PEQUIM NO FINAL DE JULHO - Travel3","description":"A TRAVEL3 \u00e9 um portal de conte\u00fado voltado para o turismo, encontre destinos, viagens, hospedagem, passagens, guias, not\u00edcias sobre o mercado do turismo, dicas de viagem, v\u00eddeos e podcast.","robots":{"index":"index","follow":"follow","max-snippet":"max-snippet:-1","max-image-preview":"max-image-preview:large","max-video-preview":"max-video-preview:-1"},"canonical":"https:\/\/www.travel3.com.br\/site\/sem-categoria\/voo-de-13-horas-vai-ligar-lisboa-a-pequim-no-final-de-julho\/","og_locale":"pt_BR","og_type":"article","og_title":"VOO DE 13 HORAS VAI LIGAR LISBOA A PEQUIM NO FINAL DE JULHO - Travel3","og_description":"A TRAVEL3 \u00e9 um portal de conte\u00fado voltado para o turismo, encontre destinos, viagens, hospedagem, passagens, guias, not\u00edcias sobre o mercado do turismo, dicas de viagem, v\u00eddeos e podcast.","og_url":"https:\/\/www.travel3.com.br\/site\/sem-categoria\/voo-de-13-horas-vai-ligar-lisboa-a-pequim-no-final-de-julho\/","og_site_name":"Travel3","article_publisher":"https:\/\/www.facebook.com\/travel3media\/","article_published_time":"2017-07-30T13:39:18+00:00","author":"admin","twitter_card":"summary_large_image","twitter_misc":{"Escrito por":"admin","Est. tempo de leitura":"2 minutos"},"schema":{"@context":"https:\/\/schema.org","@graph":[{"@type":"Article","@id":"https:\/\/www.travel3.com.br\/site\/sem-categoria\/voo-de-13-horas-vai-ligar-lisboa-a-pequim-no-final-de-julho\/#article","isPartOf":{"@id":"https:\/\/www.travel3.com.br\/site\/sem-categoria\/voo-de-13-horas-vai-ligar-lisboa-a-pequim-no-final-de-julho\/"},"author":{"name":"admin","@id":"https:\/\/www.travel3.com.br\/site\/#\/schema\/person\/a69d71e41a024999b6ab82369ac0bd1e"},"headline":"VOO DE 13 HORAS VAI LIGAR LISBOA A PEQUIM NO FINAL DE JULHO","datePublished":"2017-07-30T13:39:18+00:00","mainEntityOfPage":{"@id":"https:\/\/www.travel3.com.br\/site\/sem-categoria\/voo-de-13-horas-vai-ligar-lisboa-a-pequim-no-final-de-julho\/"},"wordCount":406,"commentCount":0,"publisher":{"@id":"https:\/\/www.travel3.com.br\/site\/#organization"},"inLanguage":"pt-BR","potentialAction":[{"@type":"CommentAction","name":"Comment","target":["https:\/\/www.travel3.com.br\/site\/sem-categoria\/voo-de-13-horas-vai-ligar-lisboa-a-pequim-no-final-de-julho\/#respond"]}]},{"@type":"WebPage","@id":"https:\/\/www.travel3.com.br\/site\/sem-categoria\/voo-de-13-horas-vai-ligar-lisboa-a-pequim-no-final-de-julho\/","url":"https:\/\/www.travel3.com.br\/site\/sem-categoria\/voo-de-13-horas-vai-ligar-lisboa-a-pequim-no-final-de-julho\/","name":"VOO DE 13 HORAS VAI LIGAR LISBOA A PEQUIM NO FINAL DE JULHO - Travel3","isPartOf":{"@id":"https:\/\/www.travel3.com.br\/site\/#website"},"datePublished":"2017-07-30T13:39:18+00:00","description":"A TRAVEL3 \u00e9 um portal de conte\u00fado voltado para o turismo, encontre destinos, viagens, hospedagem, passagens, guias, not\u00edcias sobre o mercado do turismo, dicas de viagem, v\u00eddeos e podcast.","breadcrumb":{"@id":"https:\/\/www.travel3.com.br\/site\/sem-categoria\/voo-de-13-horas-vai-ligar-lisboa-a-pequim-no-final-de-julho\/#breadcrumb"},"inLanguage":"pt-BR","potentialAction":[{"@type":"ReadAction","target":["https:\/\/www.travel3.com.br\/site\/sem-categoria\/voo-de-13-horas-vai-ligar-lisboa-a-pequim-no-final-de-julho\/"]}]},{"@type":"BreadcrumbList","@id":"https:\/\/www.travel3.com.br\/site\/sem-categoria\/voo-de-13-horas-vai-ligar-lisboa-a-pequim-no-final-de-julho\/#breadcrumb","itemListElement":[{"@type":"ListItem","position":1,"name":"In\u00edcio","item":"https:\/\/www.travel3.com.br\/site\/"},{"@type":"ListItem","position":2,"name":"VOO DE 13 HORAS VAI LIGAR LISBOA A PEQUIM NO FINAL DE JULHO"}]},{"@type":"WebSite","@id":"https:\/\/www.travel3.com.br\/site\/#website","url":"https:\/\/www.travel3.com.br\/site\/","name":"Travel3","description":"Lazer + Neg&oacute;cios + Aventura","publisher":{"@id":"https:\/\/www.travel3.com.br\/site\/#organization"},"potentialAction":[{"@type":"SearchAction","target":{"@type":"EntryPoint","urlTemplate":"https:\/\/www.travel3.com.br\/site\/?s={search_term_string}"},"query-input":{"@type":"PropertyValueSpecification","valueRequired":true,"valueName":"search_term_string"}}],"inLanguage":"pt-BR"},{"@type":"Organization","@id":"https:\/\/www.travel3.com.br\/site\/#organization","name":"Travel3","url":"https:\/\/www.travel3.com.br\/site\/","logo":{"@type":"ImageObject","inLanguage":"pt-BR","@id":"https:\/\/www.travel3.com.br\/site\/#\/schema\/logo\/image\/","url":"https:\/\/www.travel3.com.br\/site\/wp-content\/uploads\/2020\/01\/logo-travel3-2020.png","contentUrl":"https:\/\/www.travel3.com.br\/site\/wp-content\/uploads\/2020\/01\/logo-travel3-2020.png","width":232,"height":79,"caption":"Travel3"},"image":{"@id":"https:\/\/www.travel3.com.br\/site\/#\/schema\/logo\/image\/"},"sameAs":["https:\/\/www.facebook.com\/travel3media\/","https:\/\/www.instagram.com\/revistatravel3\/","https:\/\/www.youtube.com\/channel\/UCno7J4paGBR3VbZQzvoJ9Eg"]},{"@type":"Person","@id":"https:\/\/www.travel3.com.br\/site\/#\/schema\/person\/a69d71e41a024999b6ab82369ac0bd1e","name":"admin","image":{"@type":"ImageObject","inLanguage":"pt-BR","@id":"https:\/\/www.travel3.com.br\/site\/#\/schema\/person\/image\/","url":"https:\/\/secure.gravatar.com\/avatar\/732a67adfd764da2a47ba10ce731c4c0?s=96&d=mm&r=g","contentUrl":"https:\/\/secure.gravatar.com\/avatar\/732a67adfd764da2a47ba10ce731c4c0?s=96&d=mm&r=g","caption":"admin"},"url":"https:\/\/www.travel3.com.br\/site\/author\/admin\/"}]}},"_links":{"self":[{"href":"https:\/\/www.travel3.com.br\/site\/wp-json\/wp\/v2\/posts\/2062","targetHints":{"allow":["GET"]}}],"collection":[{"href":"https:\/\/www.travel3.com.br\/site\/wp-json\/wp\/v2\/posts"}],"about":[{"href":"https:\/\/www.travel3.com.br\/site\/wp-json\/wp\/v2\/types\/post"}],"author":[{"embeddable":true,"href":"https:\/\/www.travel3.com.br\/site\/wp-json\/wp\/v2\/users\/1"}],"replies":[{"embeddable":true,"href":"https:\/\/www.travel3.com.br\/site\/wp-json\/wp\/v2\/comments?post=2062"}],"version-history":[{"count":0,"href":"https:\/\/www.travel3.com.br\/site\/wp-json\/wp\/v2\/posts\/2062\/revisions"}],"wp:attachment":[{"href":"https:\/\/www.travel3.com.br\/site\/wp-json\/wp\/v2\/media?parent=2062"}],"wp:term":[{"taxonomy":"category","embeddable":true,"href":"https:\/\/www.travel3.com.br\/site\/wp-json\/wp\/v2\/categories?post=2062"},{"taxonomy":"post_tag","embeddable":true,"href":"https:\/\/www.travel3.com.br\/site\/wp-json\/wp\/v2\/tags?post=2062"}],"curies":[{"name":"wp","href":"https:\/\/api.w.org\/{rel}","templated":true}]}}