{"id":2058,"date":"2017-09-11T04:38:26","date_gmt":"2017-09-11T04:38:26","guid":{"rendered":"http:\/\/www.travel3.com.br\/site\/ir-e-vir\/ar\/projeto-de-turismo-religioso-na-america-do-sul-com-o-aval-do-vaticano\/"},"modified":"2017-09-11T04:38:26","modified_gmt":"2017-09-11T04:38:26","slug":"projeto-de-turismo-religioso-na-america-do-sul-com-o-aval-do-vaticano","status":"publish","type":"post","link":"https:\/\/www.travel3.com.br\/site\/sem-categoria\/projeto-de-turismo-religioso-na-america-do-sul-com-o-aval-do-vaticano\/","title":{"rendered":"PROJETO DE TURISMO RELIGIOSO NA AM\u00c9RICA DO SUL COM O AVAL DO VATICANO"},"content":{"rendered":"<p><span style=\"color: #40acad; font-family: -apple-system, system-ui, 'Segoe UI', Roboto, Oxygen-Sans, Ubuntu, Cantarell, 'Helvetica Neue', sans-serif; font-size: 12px; font-weight: bold;\"><\/p>\n<p style=\"text-align:justify\">Pela primeira vez na hist\u00f3ria, o Vaticano abriu por sua \u00a0ag\u00eancia de viagens, a Opera Romana Pellegrinaggi (ORP), maior operadora de turismo religioso no mundo e criada em 1934, um projeto sobre a elabora\u00e7\u00e3o de um roteiro de turismo jesu\u00edtico integrando o Brasil, Paraguai e Argentina. A divulga\u00e7\u00e3o convida os europeus interessados para desfrutar de f\u00e9, cultura e hist\u00f3ria, especialmente das miss\u00f5es jesu\u00edtas da Am\u00e9rica do Sul.<\/p>\n<p style=\"text-align:justify\"><a class=\"fancybox-media\" href=\"..\/_uploads\/_noticia\/2017-04\/2turismoreligiosolujanargentina.jpg\" rel=\"portfolio\"><img decoding=\"async\" alt=\"\" src=\"..\/_uploads\/_noticia\/2017-04\/2turismoreligiosolujanargentina.jpg\" \/><\/a> <strong>O Itiner\u00e1rio do turismo jesu\u00edtico come\u00e7a em Assun\u00e7\u00e3o, no Paraguai, passando pela Argentina e tamb\u00e9m pelas Cataratas do Igua\u00e7u, na regi\u00e3o das Tres Fronteiras<\/strong><\/p>\n<p style=\"text-align:justify\">O inicio dos estudos vem desde o come\u00e7o deste ano, depois do recebimento das sugest\u00f5es dos pa\u00edses participantes. A Argentina sugeriu uma visita \u00e0s ru\u00ednas das miss\u00f5es como a de San Ignacio Mini, fundada pelo padre jesu\u00edta San Roque Gonz\u00e1lez de Santa Cruz, no in\u00edcio do s\u00e9culo XVII. O Paraguai incluiu visita \u00e0 sede real do governo, museus, igrejas e trabalhos de artes\u00e3os. O \u00a0Brasil, acreditem, incluiu a cidade de Foz de Igua\u00e7u no roteiro, mas deixou S\u00e3o Paulo de fora, o que est\u00e1 causando questionamentos bem justific\u00e1veis.<br \/>\nOra, \u00e9 inacredit\u00e1vel que S\u00e3o Paulo, uma das maiores metr\u00f3poles do mundo, fundada por jesu\u00edtas, catequistas e que tem como m\u00e1ximo \u00a0representante um padre como Jos\u00e9 de Anchieta, recentemente elevado a Santo da Igreja Cat\u00f3lica, n\u00e3o esteja lembrada para o cat\u00e1logo da Opera Romana. Jesu\u00edtas que aqui estiveram desenvolveram o esfor\u00e7o para a educa\u00e7\u00e3o, fundando col\u00e9gios em v\u00e1rios locais, inclusive S\u00e3o Paulo, onde no P\u00e1tio do Col\u00e9gio ainda esta de p\u00e9 a escola que deu origem \u00e0 Vila de Piratininga.<\/p>\n<p style=\"text-align:justify\">A pergunta que se faz \u00e9 se n\u00e3o houve alguma falta na proposta \u00a0encaminhada pelo Minist\u00e9rio do Turismo. Como tamb\u00e9m esquecer, por exemplo, da cidade de S\u00e3o Miguel das Miss\u00f5es, no Rio Grande do Sul. Parece que este reparo est\u00e1 sendo tentado pela Embaixada do Brasil junto ao Vaticano.<\/p>\n<p style=\"text-align:justify\"><a class=\"fancybox-media\" href=\"..\/_uploads\/_noticia\/2017-04\/turismoreligiosomissoesejesuitas--2-.jpg\" rel=\"portfolio\"><img decoding=\"async\" alt=\"\" src=\"..\/_uploads\/_noticia\/2017-04\/turismoreligiosomissoesejesuitas--2-.jpg\" \/><\/a> At\u00e9 mesmo a cidade de Itu, no interior de S\u00e3o Paulo, poderia reivindicar uma participa\u00e7\u00e3o nesse roteiro. Fundada em 1610, tamb\u00e9m registrou a obra jesu\u00edtica avan\u00e7ando para o interior. Cidade de imensa f\u00e9 cat\u00f3lica, com cognome de \u201cRoma Brasileira\u201d tem na Igreja do Bom Jesus a sede do Santu\u00e1rio Geral do Apostolado da Ora\u00e7\u00e3o do Brasil, entidade fundada em, 1871, pelo padre italiano e jesu\u00edta Bartolomeu Taddei, integrante do primeiro grupo de jesu\u00edtas que chegou ao Brasil para a funda\u00e7\u00e3o do Col\u00e9gio S\u00e3o Lu\u00eds, em Itu, um dos mais importantes estabelecimentos de ensino do Pa\u00eds.\u00a0<\/p>\n<p style=\"text-align:justify\">Como \u00a0percebe, falta maior estudo e profundidade de muitos \u2018observadores\u2019 e autoridades do turismo que n\u00e3o se aprofundam no no estudo do assunto e desconhecem boa parte da hist\u00f3ria dos primeiros tempos her\u00f3icos da Companhia de Jesus no nosso territ\u00f3rio.<\/p>\n<p style=\"text-align:justify\">A 55a. Assembl\u00e9ia Geral da CNBB que ter\u00e1 sua reuni\u00e3o em Aparecida (SP) de 26 de abril a 5 de maio poder\u00e1 colocar este assunto em sua pauta, j\u00e1 que tamb\u00e9m as festividades dos 300 anos da apari\u00e7\u00e3o de Nossa Senhora que ser\u00e3o comemorados neste ano n\u00e3o constam do roteiro religioso sugerido na parte brasileira.<\/p>\n<p style=\"text-align:justify\"><a class=\"fancybox-media\" href=\"..\/_uploads\/_noticia\/2017-04\/aparecidasantuario.jpg\" rel=\"portfolio\"><img decoding=\"async\" alt=\"\" src=\"..\/_uploads\/_noticia\/2017-04\/aparecidasantuario.jpg\" \/><\/a><\/p>\n<p style=\"text-align:justify\">O epis\u00f3dio realmente causa estranheza, especialmente pelos turistas que vir\u00e3o ao Brasil envolvidos por um ambiente religioso e na busca de monumentos de religiosidade que, certamente, n\u00e3o encontrar\u00e3o em Foz do Igua\u00e7u. O turismo religioso \u00e9 um segmento diferenciado por abrigar idosos, em sua maioria, que precisam de uma infra-estrutura especial de transporte p\u00fablico, atendimento m\u00e9dico, guias, seguran\u00e7a e muito mais. De um melhor conhecimento tamb\u00e9m.<\/p>\n<p style=\"text-align:justify\"><strong>MISS\u00d5ES<\/strong><\/p>\n<p style=\"text-align:justify\">Em janeiro,\u00a0 a dire\u00e7\u00e3o da Embratur e o ministro do Turismo, Marx Beltr\u00e3o, \u00a0estiveram reunidos com o ministro do Turismo da Argentina, Gustavo Santos, para propor a promo\u00e7\u00e3o conjunta do &#8220;Roteiro das miss\u00f5es jesu\u00edticas&#8221;. Os visitantes poder\u00e3o conhecer ru\u00ednas e saber um pouco mais da hist\u00f3ria dessas instala\u00e7\u00f5es erguidas por padres jesu\u00edtas espanh\u00f3is h\u00e1 mais de 400 anos no Sul do Pa\u00eds e nos vizinhos Argentina, Uruguai e Paraguai.<\/p>\n<p style=\"text-align:justify\"><a class=\"fancybox-media\" href=\"..\/_uploads\/_noticia\/2017-04\/regiaodasmissoesrgs.jpg\" rel=\"portfolio\"><img decoding=\"async\" alt=\"\" src=\"..\/_uploads\/_noticia\/2017-04\/regiaodasmissoesrgs.jpg\" \/><\/a> Pela proposta, al\u00e9m das visitas \u00e0s ru\u00ednas, podem ser organizadas caminhadas e passeios cicl\u00edsticos num raio de 600 km, no estilo do conhecido Caminho de Santiago, na Espanha.\u00a0<\/p>\n<p style=\"text-align:justify\">A id\u00e9ia inicial tinha a proposta de convidar o Papa Francisco para estar no lan\u00e7amento do projeto, previsto para ser apresentado oficialmente em setembro. N\u00e3o houve mais nenhuma manifesta\u00e7\u00e3o a respeito, e com a recusa firmada pelo Pontifice em uma visita ao Pais neste ano, mais as modifica\u00e7\u00f5es no processo de formata\u00e7\u00e3o do instituto brasileiro, o assunto parece estar \u00e0 espera.<\/p>\n<p>\u00a0<\/p>\n<p>\u00a0<\/p>\n<p>\u00a0<\/p>\n<p>\u00a0<\/p>\n<p><\/span><\/p>\n","protected":false},"excerpt":{"rendered":"<p>Maior operadora mundial do setor elabora cat\u00e1logo s\u00f3 que  a principal indica\u00e7\u00e3o no Brasil causa estranheza e gera indaga\u00e7\u00f5es<\/p>\n","protected":false},"author":1,"featured_media":0,"comment_status":"open","ping_status":"open","sticky":false,"template":"","format":"standard","meta":{"footnotes":""},"categories":[],"tags":[],"class_list":["post-2058","post","type-post","status-publish","format-standard","hentry"],"yoast_head":"<!-- This site is optimized with the Yoast SEO plugin v26.2 - https:\/\/yoast.com\/wordpress\/plugins\/seo\/ -->\n<title>PROJETO DE TURISMO RELIGIOSO NA AM\u00c9RICA DO SUL COM O AVAL DO VATICANO - Travel3<\/title>\n<meta name=\"description\" content=\"A TRAVEL3 \u00e9 um portal de conte\u00fado voltado para o turismo, encontre destinos, viagens, hospedagem, passagens, guias, not\u00edcias sobre o mercado do turismo, dicas de viagem, v\u00eddeos e podcast.\" \/>\n<meta name=\"robots\" content=\"index, follow, max-snippet:-1, max-image-preview:large, max-video-preview:-1\" \/>\n<link rel=\"canonical\" href=\"https:\/\/www.travel3.com.br\/site\/sem-categoria\/projeto-de-turismo-religioso-na-america-do-sul-com-o-aval-do-vaticano\/\" \/>\n<meta property=\"og:locale\" content=\"pt_BR\" \/>\n<meta property=\"og:type\" content=\"article\" \/>\n<meta property=\"og:title\" content=\"PROJETO DE TURISMO RELIGIOSO NA AM\u00c9RICA DO SUL COM O AVAL DO VATICANO - Travel3\" \/>\n<meta property=\"og:description\" content=\"A TRAVEL3 \u00e9 um portal de conte\u00fado voltado para o turismo, encontre destinos, viagens, hospedagem, passagens, guias, not\u00edcias sobre o mercado do turismo, dicas de viagem, v\u00eddeos e podcast.\" \/>\n<meta property=\"og:url\" content=\"https:\/\/www.travel3.com.br\/site\/sem-categoria\/projeto-de-turismo-religioso-na-america-do-sul-com-o-aval-do-vaticano\/\" \/>\n<meta property=\"og:site_name\" content=\"Travel3\" \/>\n<meta property=\"article:publisher\" content=\"https:\/\/www.facebook.com\/travel3media\/\" \/>\n<meta property=\"article:published_time\" content=\"2017-09-11T04:38:26+00:00\" \/>\n<meta name=\"author\" content=\"admin\" \/>\n<meta name=\"twitter:card\" content=\"summary_large_image\" \/>\n<meta name=\"twitter:label1\" content=\"Escrito por\" \/>\n\t<meta name=\"twitter:data1\" content=\"admin\" \/>\n\t<meta name=\"twitter:label2\" content=\"Est. tempo de leitura\" \/>\n\t<meta name=\"twitter:data2\" content=\"4 minutos\" \/>\n<script type=\"application\/ld+json\" class=\"yoast-schema-graph\">{\"@context\":\"https:\/\/schema.org\",\"@graph\":[{\"@type\":\"Article\",\"@id\":\"https:\/\/www.travel3.com.br\/site\/sem-categoria\/projeto-de-turismo-religioso-na-america-do-sul-com-o-aval-do-vaticano\/#article\",\"isPartOf\":{\"@id\":\"https:\/\/www.travel3.com.br\/site\/sem-categoria\/projeto-de-turismo-religioso-na-america-do-sul-com-o-aval-do-vaticano\/\"},\"author\":{\"name\":\"admin\",\"@id\":\"https:\/\/www.travel3.com.br\/site\/#\/schema\/person\/a69d71e41a024999b6ab82369ac0bd1e\"},\"headline\":\"PROJETO DE TURISMO RELIGIOSO NA AM\u00c9RICA DO SUL COM O AVAL DO VATICANO\",\"datePublished\":\"2017-09-11T04:38:26+00:00\",\"mainEntityOfPage\":{\"@id\":\"https:\/\/www.travel3.com.br\/site\/sem-categoria\/projeto-de-turismo-religioso-na-america-do-sul-com-o-aval-do-vaticano\/\"},\"wordCount\":829,\"commentCount\":0,\"publisher\":{\"@id\":\"https:\/\/www.travel3.com.br\/site\/#organization\"},\"inLanguage\":\"pt-BR\",\"potentialAction\":[{\"@type\":\"CommentAction\",\"name\":\"Comment\",\"target\":[\"https:\/\/www.travel3.com.br\/site\/sem-categoria\/projeto-de-turismo-religioso-na-america-do-sul-com-o-aval-do-vaticano\/#respond\"]}]},{\"@type\":\"WebPage\",\"@id\":\"https:\/\/www.travel3.com.br\/site\/sem-categoria\/projeto-de-turismo-religioso-na-america-do-sul-com-o-aval-do-vaticano\/\",\"url\":\"https:\/\/www.travel3.com.br\/site\/sem-categoria\/projeto-de-turismo-religioso-na-america-do-sul-com-o-aval-do-vaticano\/\",\"name\":\"PROJETO DE TURISMO RELIGIOSO NA AM\u00c9RICA DO SUL COM O AVAL DO VATICANO - Travel3\",\"isPartOf\":{\"@id\":\"https:\/\/www.travel3.com.br\/site\/#website\"},\"datePublished\":\"2017-09-11T04:38:26+00:00\",\"description\":\"A TRAVEL3 \u00e9 um portal de conte\u00fado voltado para o turismo, encontre destinos, viagens, hospedagem, passagens, guias, not\u00edcias sobre o mercado do turismo, dicas de viagem, v\u00eddeos e podcast.\",\"breadcrumb\":{\"@id\":\"https:\/\/www.travel3.com.br\/site\/sem-categoria\/projeto-de-turismo-religioso-na-america-do-sul-com-o-aval-do-vaticano\/#breadcrumb\"},\"inLanguage\":\"pt-BR\",\"potentialAction\":[{\"@type\":\"ReadAction\",\"target\":[\"https:\/\/www.travel3.com.br\/site\/sem-categoria\/projeto-de-turismo-religioso-na-america-do-sul-com-o-aval-do-vaticano\/\"]}]},{\"@type\":\"BreadcrumbList\",\"@id\":\"https:\/\/www.travel3.com.br\/site\/sem-categoria\/projeto-de-turismo-religioso-na-america-do-sul-com-o-aval-do-vaticano\/#breadcrumb\",\"itemListElement\":[{\"@type\":\"ListItem\",\"position\":1,\"name\":\"In\u00edcio\",\"item\":\"https:\/\/www.travel3.com.br\/site\/\"},{\"@type\":\"ListItem\",\"position\":2,\"name\":\"PROJETO DE TURISMO RELIGIOSO NA AM\u00c9RICA DO SUL COM O AVAL DO VATICANO\"}]},{\"@type\":\"WebSite\",\"@id\":\"https:\/\/www.travel3.com.br\/site\/#website\",\"url\":\"https:\/\/www.travel3.com.br\/site\/\",\"name\":\"Travel3\",\"description\":\"Lazer + Neg&oacute;cios + Aventura\",\"publisher\":{\"@id\":\"https:\/\/www.travel3.com.br\/site\/#organization\"},\"potentialAction\":[{\"@type\":\"SearchAction\",\"target\":{\"@type\":\"EntryPoint\",\"urlTemplate\":\"https:\/\/www.travel3.com.br\/site\/?s={search_term_string}\"},\"query-input\":{\"@type\":\"PropertyValueSpecification\",\"valueRequired\":true,\"valueName\":\"search_term_string\"}}],\"inLanguage\":\"pt-BR\"},{\"@type\":\"Organization\",\"@id\":\"https:\/\/www.travel3.com.br\/site\/#organization\",\"name\":\"Travel3\",\"url\":\"https:\/\/www.travel3.com.br\/site\/\",\"logo\":{\"@type\":\"ImageObject\",\"inLanguage\":\"pt-BR\",\"@id\":\"https:\/\/www.travel3.com.br\/site\/#\/schema\/logo\/image\/\",\"url\":\"https:\/\/www.travel3.com.br\/site\/wp-content\/uploads\/2020\/01\/logo-travel3-2020.png\",\"contentUrl\":\"https:\/\/www.travel3.com.br\/site\/wp-content\/uploads\/2020\/01\/logo-travel3-2020.png\",\"width\":232,\"height\":79,\"caption\":\"Travel3\"},\"image\":{\"@id\":\"https:\/\/www.travel3.com.br\/site\/#\/schema\/logo\/image\/\"},\"sameAs\":[\"https:\/\/www.facebook.com\/travel3media\/\",\"https:\/\/www.instagram.com\/revistatravel3\/\",\"https:\/\/www.youtube.com\/channel\/UCno7J4paGBR3VbZQzvoJ9Eg\"]},{\"@type\":\"Person\",\"@id\":\"https:\/\/www.travel3.com.br\/site\/#\/schema\/person\/a69d71e41a024999b6ab82369ac0bd1e\",\"name\":\"admin\",\"image\":{\"@type\":\"ImageObject\",\"inLanguage\":\"pt-BR\",\"@id\":\"https:\/\/www.travel3.com.br\/site\/#\/schema\/person\/image\/\",\"url\":\"https:\/\/secure.gravatar.com\/avatar\/732a67adfd764da2a47ba10ce731c4c0?s=96&d=mm&r=g\",\"contentUrl\":\"https:\/\/secure.gravatar.com\/avatar\/732a67adfd764da2a47ba10ce731c4c0?s=96&d=mm&r=g\",\"caption\":\"admin\"},\"url\":\"https:\/\/www.travel3.com.br\/site\/author\/admin\/\"}]}<\/script>\n<!-- \/ Yoast SEO plugin. -->","yoast_head_json":{"title":"PROJETO DE TURISMO RELIGIOSO NA AM\u00c9RICA DO SUL COM O AVAL DO VATICANO - Travel3","description":"A TRAVEL3 \u00e9 um portal de conte\u00fado voltado para o turismo, encontre destinos, viagens, hospedagem, passagens, guias, not\u00edcias sobre o mercado do turismo, dicas de viagem, v\u00eddeos e podcast.","robots":{"index":"index","follow":"follow","max-snippet":"max-snippet:-1","max-image-preview":"max-image-preview:large","max-video-preview":"max-video-preview:-1"},"canonical":"https:\/\/www.travel3.com.br\/site\/sem-categoria\/projeto-de-turismo-religioso-na-america-do-sul-com-o-aval-do-vaticano\/","og_locale":"pt_BR","og_type":"article","og_title":"PROJETO DE TURISMO RELIGIOSO NA AM\u00c9RICA DO SUL COM O AVAL DO VATICANO - Travel3","og_description":"A TRAVEL3 \u00e9 um portal de conte\u00fado voltado para o turismo, encontre destinos, viagens, hospedagem, passagens, guias, not\u00edcias sobre o mercado do turismo, dicas de viagem, v\u00eddeos e podcast.","og_url":"https:\/\/www.travel3.com.br\/site\/sem-categoria\/projeto-de-turismo-religioso-na-america-do-sul-com-o-aval-do-vaticano\/","og_site_name":"Travel3","article_publisher":"https:\/\/www.facebook.com\/travel3media\/","article_published_time":"2017-09-11T04:38:26+00:00","author":"admin","twitter_card":"summary_large_image","twitter_misc":{"Escrito por":"admin","Est. tempo de leitura":"4 minutos"},"schema":{"@context":"https:\/\/schema.org","@graph":[{"@type":"Article","@id":"https:\/\/www.travel3.com.br\/site\/sem-categoria\/projeto-de-turismo-religioso-na-america-do-sul-com-o-aval-do-vaticano\/#article","isPartOf":{"@id":"https:\/\/www.travel3.com.br\/site\/sem-categoria\/projeto-de-turismo-religioso-na-america-do-sul-com-o-aval-do-vaticano\/"},"author":{"name":"admin","@id":"https:\/\/www.travel3.com.br\/site\/#\/schema\/person\/a69d71e41a024999b6ab82369ac0bd1e"},"headline":"PROJETO DE TURISMO RELIGIOSO NA AM\u00c9RICA DO SUL COM O AVAL DO VATICANO","datePublished":"2017-09-11T04:38:26+00:00","mainEntityOfPage":{"@id":"https:\/\/www.travel3.com.br\/site\/sem-categoria\/projeto-de-turismo-religioso-na-america-do-sul-com-o-aval-do-vaticano\/"},"wordCount":829,"commentCount":0,"publisher":{"@id":"https:\/\/www.travel3.com.br\/site\/#organization"},"inLanguage":"pt-BR","potentialAction":[{"@type":"CommentAction","name":"Comment","target":["https:\/\/www.travel3.com.br\/site\/sem-categoria\/projeto-de-turismo-religioso-na-america-do-sul-com-o-aval-do-vaticano\/#respond"]}]},{"@type":"WebPage","@id":"https:\/\/www.travel3.com.br\/site\/sem-categoria\/projeto-de-turismo-religioso-na-america-do-sul-com-o-aval-do-vaticano\/","url":"https:\/\/www.travel3.com.br\/site\/sem-categoria\/projeto-de-turismo-religioso-na-america-do-sul-com-o-aval-do-vaticano\/","name":"PROJETO DE TURISMO RELIGIOSO NA AM\u00c9RICA DO SUL COM O AVAL DO VATICANO - Travel3","isPartOf":{"@id":"https:\/\/www.travel3.com.br\/site\/#website"},"datePublished":"2017-09-11T04:38:26+00:00","description":"A TRAVEL3 \u00e9 um portal de conte\u00fado voltado para o turismo, encontre destinos, viagens, hospedagem, passagens, guias, not\u00edcias sobre o mercado do turismo, dicas de viagem, v\u00eddeos e podcast.","breadcrumb":{"@id":"https:\/\/www.travel3.com.br\/site\/sem-categoria\/projeto-de-turismo-religioso-na-america-do-sul-com-o-aval-do-vaticano\/#breadcrumb"},"inLanguage":"pt-BR","potentialAction":[{"@type":"ReadAction","target":["https:\/\/www.travel3.com.br\/site\/sem-categoria\/projeto-de-turismo-religioso-na-america-do-sul-com-o-aval-do-vaticano\/"]}]},{"@type":"BreadcrumbList","@id":"https:\/\/www.travel3.com.br\/site\/sem-categoria\/projeto-de-turismo-religioso-na-america-do-sul-com-o-aval-do-vaticano\/#breadcrumb","itemListElement":[{"@type":"ListItem","position":1,"name":"In\u00edcio","item":"https:\/\/www.travel3.com.br\/site\/"},{"@type":"ListItem","position":2,"name":"PROJETO DE TURISMO RELIGIOSO NA AM\u00c9RICA DO SUL COM O AVAL DO VATICANO"}]},{"@type":"WebSite","@id":"https:\/\/www.travel3.com.br\/site\/#website","url":"https:\/\/www.travel3.com.br\/site\/","name":"Travel3","description":"Lazer + Neg&oacute;cios + Aventura","publisher":{"@id":"https:\/\/www.travel3.com.br\/site\/#organization"},"potentialAction":[{"@type":"SearchAction","target":{"@type":"EntryPoint","urlTemplate":"https:\/\/www.travel3.com.br\/site\/?s={search_term_string}"},"query-input":{"@type":"PropertyValueSpecification","valueRequired":true,"valueName":"search_term_string"}}],"inLanguage":"pt-BR"},{"@type":"Organization","@id":"https:\/\/www.travel3.com.br\/site\/#organization","name":"Travel3","url":"https:\/\/www.travel3.com.br\/site\/","logo":{"@type":"ImageObject","inLanguage":"pt-BR","@id":"https:\/\/www.travel3.com.br\/site\/#\/schema\/logo\/image\/","url":"https:\/\/www.travel3.com.br\/site\/wp-content\/uploads\/2020\/01\/logo-travel3-2020.png","contentUrl":"https:\/\/www.travel3.com.br\/site\/wp-content\/uploads\/2020\/01\/logo-travel3-2020.png","width":232,"height":79,"caption":"Travel3"},"image":{"@id":"https:\/\/www.travel3.com.br\/site\/#\/schema\/logo\/image\/"},"sameAs":["https:\/\/www.facebook.com\/travel3media\/","https:\/\/www.instagram.com\/revistatravel3\/","https:\/\/www.youtube.com\/channel\/UCno7J4paGBR3VbZQzvoJ9Eg"]},{"@type":"Person","@id":"https:\/\/www.travel3.com.br\/site\/#\/schema\/person\/a69d71e41a024999b6ab82369ac0bd1e","name":"admin","image":{"@type":"ImageObject","inLanguage":"pt-BR","@id":"https:\/\/www.travel3.com.br\/site\/#\/schema\/person\/image\/","url":"https:\/\/secure.gravatar.com\/avatar\/732a67adfd764da2a47ba10ce731c4c0?s=96&d=mm&r=g","contentUrl":"https:\/\/secure.gravatar.com\/avatar\/732a67adfd764da2a47ba10ce731c4c0?s=96&d=mm&r=g","caption":"admin"},"url":"https:\/\/www.travel3.com.br\/site\/author\/admin\/"}]}},"_links":{"self":[{"href":"https:\/\/www.travel3.com.br\/site\/wp-json\/wp\/v2\/posts\/2058","targetHints":{"allow":["GET"]}}],"collection":[{"href":"https:\/\/www.travel3.com.br\/site\/wp-json\/wp\/v2\/posts"}],"about":[{"href":"https:\/\/www.travel3.com.br\/site\/wp-json\/wp\/v2\/types\/post"}],"author":[{"embeddable":true,"href":"https:\/\/www.travel3.com.br\/site\/wp-json\/wp\/v2\/users\/1"}],"replies":[{"embeddable":true,"href":"https:\/\/www.travel3.com.br\/site\/wp-json\/wp\/v2\/comments?post=2058"}],"version-history":[{"count":0,"href":"https:\/\/www.travel3.com.br\/site\/wp-json\/wp\/v2\/posts\/2058\/revisions"}],"wp:attachment":[{"href":"https:\/\/www.travel3.com.br\/site\/wp-json\/wp\/v2\/media?parent=2058"}],"wp:term":[{"taxonomy":"category","embeddable":true,"href":"https:\/\/www.travel3.com.br\/site\/wp-json\/wp\/v2\/categories?post=2058"},{"taxonomy":"post_tag","embeddable":true,"href":"https:\/\/www.travel3.com.br\/site\/wp-json\/wp\/v2\/tags?post=2058"}],"curies":[{"name":"wp","href":"https:\/\/api.w.org\/{rel}","templated":true}]}}