{"id":2032,"date":"2017-08-25T14:15:27","date_gmt":"2017-08-25T14:15:27","guid":{"rendered":"http:\/\/www.travel3.com.br\/site\/ir-e-vir\/ar\/papa-faz-viagem-ao-egito-e-depois-segue-para-o-centenario-de-fatima\/"},"modified":"2017-08-25T14:15:27","modified_gmt":"2017-08-25T14:15:27","slug":"papa-faz-viagem-ao-egito-e-depois-segue-para-o-centenario-de-fatima","status":"publish","type":"post","link":"https:\/\/www.travel3.com.br\/site\/sem-categoria\/papa-faz-viagem-ao-egito-e-depois-segue-para-o-centenario-de-fatima\/","title":{"rendered":"PAPA FAZ VIAGEM AO EGITO E DEPOIS SEGUE PARA O CENTEN\u00c1RIO DE F\u00c1TIMA"},"content":{"rendered":"<p><span style=\"color: #40acad; font-family: -apple-system, system-ui, 'Segoe UI', Roboto, Oxygen-Sans, Ubuntu, Cantarell, 'Helvetica Neue', sans-serif; font-size: 12px; font-weight: bold;\"><\/p>\n<p style=\"text-align:justify\">Nesta ter\u00e7a (25 de abril), o Vaticano dever\u00e1 apresentar o roteiro completo da visita apost\u00f3lica que o Papa Francisco far\u00e1 ao Egito a partir de sexta-feira (28), uma viagem cercada de muita expectativa e apreens\u00e3o pela situa\u00e7\u00e3o vivida na regi\u00e3o.<\/p>\n<p style=\"text-align:justify\">Ainda recentemente, dois atentados vitimaram mais de 40 fi\u00e9is e deixaram uma centena de feridos em duas igrejas e o Egito que segue em conturbada progress\u00e3o na luta anti-terrorista teve o estado de emerg\u00eancia prorrogado por mais 90 dias.<\/p>\n<p>Mais de 9,2 milh\u00f5es de egipcios pertencem \u00e0 comunidade copta, sendo que a popula\u00e7\u00e3o egipcia de 95 milh\u00f5es tem predomin\u00e2ncia dos mu\u00e7ulmanos sunitas.Os coptas ortodoxos do Egito representam a comunidade crist\u00e3 mais numerosa do Oriente M\u00e9dio e uma das mais antigas.<\/p>\n<p><a class=\"fancybox-media\" href=\"..\/_uploads\/_noticia\/2017-04\/papaisitaaoegito--2-.jpg\" rel=\"portfolio\"><img decoding=\"async\" alt=\"\" src=\"..\/_uploads\/_noticia\/2017-04\/papaisitaaoegito--2-.jpg\" \/><\/a><\/p>\n<p>A viagem do Papa ser\u00e1 completada no s\u00e1bado (29), quando oficiar\u00e1 missa no est\u00e1dio da Aeron\u00e1utica, proximo \u00e0 cidade do Cairo e que tem capacidade para 25 mil pessoas A transfer\u00eancia do local anterior teve uma mudan\u00e7a logistica e de seguran\u00e7a, segundo os coordenadores da visita papal.<\/p>\n<p style=\"text-align:justify\">Depois do Egito, todas as aten\u00e7\u00f5es sobre o Papa estar\u00e3o voltadas para sua visita \u00e0 Portugal, onde Francisco j\u00e1 confirmou que canonizar\u00e1 no dia 13 de maio, duas das tr\u00eas crian\u00e7as pastoras de F\u00e1tima, que afirmaram ter presenciado apari\u00e7\u00f5es da Virgem em 1917. A Igreja Cat\u00f3lica reconhece o epis\u00f3dio como um &#8220;milagre&#8221;.<\/p>\n<p style=\"text-align:justify\">Em mar\u00e7o, o pont\u00edfice aprovou um decreto da Congrega\u00e7\u00e3o para a Causa dos Santos relativo ao &#8220;milagre atribu\u00eddo \u00e0 intercess\u00e3o do Beato Francisco Marto, nascido em 11 de junho de 1908 e falecido em 4 de abril de 1919, e da Beata Jacinta Marto, nascida em 11 de mar\u00e7o de 1910 e falecida em 20 de fevereiro de 1920&#8221;.<\/p>\n<p style=\"text-align:justify\">Os cat\u00f3licos celebram 100 anos da primeira apari\u00e7\u00e3o, em 1917, da Virgem para tr\u00eas crian\u00e7as: Jacinta, Francisco e L\u00facia na cidade de F\u00e1tima, a 100 quil\u00f4metros de Lisboa.<\/p>\n<p style=\"text-align:justify\">De acordo com a tradi\u00e7\u00e3o cat\u00f3lica, a Virgem apareceu outras cinco vezes ao longo de 1917 e durante as apari\u00e7\u00f5es fez v\u00e1rias profecias, recomenda\u00e7\u00f5es e entregou tr\u00eas mensagens, &#8220;os 3\u00a0segredos de F\u00e1tima&#8221;.<\/p>\n<p style=\"text-align:justify\">A freira L\u00facia, a \u00fanica sobrevivente das tr\u00eas crian\u00e7as pastoras e que faleceu em 2005, poucos meses antes do papa Jo\u00e3o Paulo 2<sup>o<\/sup>, revelou h\u00e1 algumas d\u00e9cadas os dois primeiros segredos. O primeiro era uma vis\u00e3o do inferno e o segundo falava de uma guerra pior que as j\u00e1 registradas at\u00e9 ent\u00e3o.\u00a0<\/p>\n<p style=\"text-align:justify\">O texto do terceiro mist\u00e9rio permaneceu em segredo por muitos anos e foi revelado apenas no ano 2000, justamente em F\u00e1tima. De acordo com o Vaticano, tratava-se do atentado sofrido por Jo\u00e3o Paulo 2<sup>o<\/sup>\u00a0em 13 de maio de 1981 na Pra\u00e7a de S\u00e3o Pedro, no 64\u00b0 anivers\u00e1rio da primeira apari\u00e7\u00e3o de F\u00e1tima, e \u00e0 luta entre o comunismo ateu e a Igreja no s\u00e9culo 20.<\/p>\n<p><\/span><\/p>\n","protected":false},"excerpt":{"rendered":"<p>Semana de expectativa para a visita do Sumo Pontifice \u00e0 regi\u00e3o onde ocorreram 2 atentatos e estado de emerg\u00eancia est\u00e1 em vigor<\/p>\n","protected":false},"author":1,"featured_media":0,"comment_status":"open","ping_status":"open","sticky":false,"template":"","format":"standard","meta":{"footnotes":""},"categories":[],"tags":[],"class_list":["post-2032","post","type-post","status-publish","format-standard","hentry"],"yoast_head":"<!-- This site is optimized with the Yoast SEO plugin v26.2 - https:\/\/yoast.com\/wordpress\/plugins\/seo\/ -->\n<title>PAPA FAZ VIAGEM AO EGITO E DEPOIS SEGUE PARA O CENTEN\u00c1RIO DE F\u00c1TIMA - Travel3<\/title>\n<meta name=\"description\" content=\"A TRAVEL3 \u00e9 um portal de conte\u00fado voltado para o turismo, encontre destinos, viagens, hospedagem, passagens, guias, not\u00edcias sobre o mercado do turismo, dicas de viagem, v\u00eddeos e podcast.\" \/>\n<meta name=\"robots\" content=\"index, follow, max-snippet:-1, max-image-preview:large, max-video-preview:-1\" \/>\n<link rel=\"canonical\" href=\"https:\/\/www.travel3.com.br\/site\/sem-categoria\/papa-faz-viagem-ao-egito-e-depois-segue-para-o-centenario-de-fatima\/\" \/>\n<meta property=\"og:locale\" content=\"pt_BR\" \/>\n<meta property=\"og:type\" content=\"article\" \/>\n<meta property=\"og:title\" content=\"PAPA FAZ VIAGEM AO EGITO E DEPOIS SEGUE PARA O CENTEN\u00c1RIO DE F\u00c1TIMA - Travel3\" \/>\n<meta property=\"og:description\" content=\"A TRAVEL3 \u00e9 um portal de conte\u00fado voltado para o turismo, encontre destinos, viagens, hospedagem, passagens, guias, not\u00edcias sobre o mercado do turismo, dicas de viagem, v\u00eddeos e podcast.\" \/>\n<meta property=\"og:url\" content=\"https:\/\/www.travel3.com.br\/site\/sem-categoria\/papa-faz-viagem-ao-egito-e-depois-segue-para-o-centenario-de-fatima\/\" \/>\n<meta property=\"og:site_name\" content=\"Travel3\" \/>\n<meta property=\"article:publisher\" content=\"https:\/\/www.facebook.com\/travel3media\/\" \/>\n<meta property=\"article:published_time\" content=\"2017-08-25T14:15:27+00:00\" \/>\n<meta name=\"author\" content=\"admin\" \/>\n<meta name=\"twitter:card\" content=\"summary_large_image\" \/>\n<meta name=\"twitter:label1\" content=\"Escrito por\" \/>\n\t<meta name=\"twitter:data1\" content=\"admin\" \/>\n\t<meta name=\"twitter:label2\" content=\"Est. tempo de leitura\" \/>\n\t<meta name=\"twitter:data2\" content=\"2 minutos\" \/>\n<script type=\"application\/ld+json\" class=\"yoast-schema-graph\">{\"@context\":\"https:\/\/schema.org\",\"@graph\":[{\"@type\":\"Article\",\"@id\":\"https:\/\/www.travel3.com.br\/site\/sem-categoria\/papa-faz-viagem-ao-egito-e-depois-segue-para-o-centenario-de-fatima\/#article\",\"isPartOf\":{\"@id\":\"https:\/\/www.travel3.com.br\/site\/sem-categoria\/papa-faz-viagem-ao-egito-e-depois-segue-para-o-centenario-de-fatima\/\"},\"author\":{\"name\":\"admin\",\"@id\":\"https:\/\/www.travel3.com.br\/site\/#\/schema\/person\/a69d71e41a024999b6ab82369ac0bd1e\"},\"headline\":\"PAPA FAZ VIAGEM AO EGITO E DEPOIS SEGUE PARA O CENTEN\u00c1RIO DE F\u00c1TIMA\",\"datePublished\":\"2017-08-25T14:15:27+00:00\",\"mainEntityOfPage\":{\"@id\":\"https:\/\/www.travel3.com.br\/site\/sem-categoria\/papa-faz-viagem-ao-egito-e-depois-segue-para-o-centenario-de-fatima\/\"},\"wordCount\":503,\"commentCount\":0,\"publisher\":{\"@id\":\"https:\/\/www.travel3.com.br\/site\/#organization\"},\"inLanguage\":\"pt-BR\",\"potentialAction\":[{\"@type\":\"CommentAction\",\"name\":\"Comment\",\"target\":[\"https:\/\/www.travel3.com.br\/site\/sem-categoria\/papa-faz-viagem-ao-egito-e-depois-segue-para-o-centenario-de-fatima\/#respond\"]}]},{\"@type\":\"WebPage\",\"@id\":\"https:\/\/www.travel3.com.br\/site\/sem-categoria\/papa-faz-viagem-ao-egito-e-depois-segue-para-o-centenario-de-fatima\/\",\"url\":\"https:\/\/www.travel3.com.br\/site\/sem-categoria\/papa-faz-viagem-ao-egito-e-depois-segue-para-o-centenario-de-fatima\/\",\"name\":\"PAPA FAZ VIAGEM AO EGITO E DEPOIS SEGUE PARA O CENTEN\u00c1RIO DE F\u00c1TIMA - Travel3\",\"isPartOf\":{\"@id\":\"https:\/\/www.travel3.com.br\/site\/#website\"},\"datePublished\":\"2017-08-25T14:15:27+00:00\",\"description\":\"A TRAVEL3 \u00e9 um portal de conte\u00fado voltado para o turismo, encontre destinos, viagens, hospedagem, passagens, guias, not\u00edcias sobre o mercado do turismo, dicas de viagem, v\u00eddeos e podcast.\",\"breadcrumb\":{\"@id\":\"https:\/\/www.travel3.com.br\/site\/sem-categoria\/papa-faz-viagem-ao-egito-e-depois-segue-para-o-centenario-de-fatima\/#breadcrumb\"},\"inLanguage\":\"pt-BR\",\"potentialAction\":[{\"@type\":\"ReadAction\",\"target\":[\"https:\/\/www.travel3.com.br\/site\/sem-categoria\/papa-faz-viagem-ao-egito-e-depois-segue-para-o-centenario-de-fatima\/\"]}]},{\"@type\":\"BreadcrumbList\",\"@id\":\"https:\/\/www.travel3.com.br\/site\/sem-categoria\/papa-faz-viagem-ao-egito-e-depois-segue-para-o-centenario-de-fatima\/#breadcrumb\",\"itemListElement\":[{\"@type\":\"ListItem\",\"position\":1,\"name\":\"In\u00edcio\",\"item\":\"https:\/\/www.travel3.com.br\/site\/\"},{\"@type\":\"ListItem\",\"position\":2,\"name\":\"PAPA FAZ VIAGEM AO EGITO E DEPOIS SEGUE PARA O CENTEN\u00c1RIO DE F\u00c1TIMA\"}]},{\"@type\":\"WebSite\",\"@id\":\"https:\/\/www.travel3.com.br\/site\/#website\",\"url\":\"https:\/\/www.travel3.com.br\/site\/\",\"name\":\"Travel3\",\"description\":\"Lazer + Neg&oacute;cios + Aventura\",\"publisher\":{\"@id\":\"https:\/\/www.travel3.com.br\/site\/#organization\"},\"potentialAction\":[{\"@type\":\"SearchAction\",\"target\":{\"@type\":\"EntryPoint\",\"urlTemplate\":\"https:\/\/www.travel3.com.br\/site\/?s={search_term_string}\"},\"query-input\":{\"@type\":\"PropertyValueSpecification\",\"valueRequired\":true,\"valueName\":\"search_term_string\"}}],\"inLanguage\":\"pt-BR\"},{\"@type\":\"Organization\",\"@id\":\"https:\/\/www.travel3.com.br\/site\/#organization\",\"name\":\"Travel3\",\"url\":\"https:\/\/www.travel3.com.br\/site\/\",\"logo\":{\"@type\":\"ImageObject\",\"inLanguage\":\"pt-BR\",\"@id\":\"https:\/\/www.travel3.com.br\/site\/#\/schema\/logo\/image\/\",\"url\":\"https:\/\/www.travel3.com.br\/site\/wp-content\/uploads\/2020\/01\/logo-travel3-2020.png\",\"contentUrl\":\"https:\/\/www.travel3.com.br\/site\/wp-content\/uploads\/2020\/01\/logo-travel3-2020.png\",\"width\":232,\"height\":79,\"caption\":\"Travel3\"},\"image\":{\"@id\":\"https:\/\/www.travel3.com.br\/site\/#\/schema\/logo\/image\/\"},\"sameAs\":[\"https:\/\/www.facebook.com\/travel3media\/\",\"https:\/\/www.instagram.com\/revistatravel3\/\",\"https:\/\/www.youtube.com\/channel\/UCno7J4paGBR3VbZQzvoJ9Eg\"]},{\"@type\":\"Person\",\"@id\":\"https:\/\/www.travel3.com.br\/site\/#\/schema\/person\/a69d71e41a024999b6ab82369ac0bd1e\",\"name\":\"admin\",\"image\":{\"@type\":\"ImageObject\",\"inLanguage\":\"pt-BR\",\"@id\":\"https:\/\/www.travel3.com.br\/site\/#\/schema\/person\/image\/\",\"url\":\"https:\/\/secure.gravatar.com\/avatar\/732a67adfd764da2a47ba10ce731c4c0?s=96&d=mm&r=g\",\"contentUrl\":\"https:\/\/secure.gravatar.com\/avatar\/732a67adfd764da2a47ba10ce731c4c0?s=96&d=mm&r=g\",\"caption\":\"admin\"},\"url\":\"https:\/\/www.travel3.com.br\/site\/author\/admin\/\"}]}<\/script>\n<!-- \/ Yoast SEO plugin. -->","yoast_head_json":{"title":"PAPA FAZ VIAGEM AO EGITO E DEPOIS SEGUE PARA O CENTEN\u00c1RIO DE F\u00c1TIMA - Travel3","description":"A TRAVEL3 \u00e9 um portal de conte\u00fado voltado para o turismo, encontre destinos, viagens, hospedagem, passagens, guias, not\u00edcias sobre o mercado do turismo, dicas de viagem, v\u00eddeos e podcast.","robots":{"index":"index","follow":"follow","max-snippet":"max-snippet:-1","max-image-preview":"max-image-preview:large","max-video-preview":"max-video-preview:-1"},"canonical":"https:\/\/www.travel3.com.br\/site\/sem-categoria\/papa-faz-viagem-ao-egito-e-depois-segue-para-o-centenario-de-fatima\/","og_locale":"pt_BR","og_type":"article","og_title":"PAPA FAZ VIAGEM AO EGITO E DEPOIS SEGUE PARA O CENTEN\u00c1RIO DE F\u00c1TIMA - Travel3","og_description":"A TRAVEL3 \u00e9 um portal de conte\u00fado voltado para o turismo, encontre destinos, viagens, hospedagem, passagens, guias, not\u00edcias sobre o mercado do turismo, dicas de viagem, v\u00eddeos e podcast.","og_url":"https:\/\/www.travel3.com.br\/site\/sem-categoria\/papa-faz-viagem-ao-egito-e-depois-segue-para-o-centenario-de-fatima\/","og_site_name":"Travel3","article_publisher":"https:\/\/www.facebook.com\/travel3media\/","article_published_time":"2017-08-25T14:15:27+00:00","author":"admin","twitter_card":"summary_large_image","twitter_misc":{"Escrito por":"admin","Est. tempo de leitura":"2 minutos"},"schema":{"@context":"https:\/\/schema.org","@graph":[{"@type":"Article","@id":"https:\/\/www.travel3.com.br\/site\/sem-categoria\/papa-faz-viagem-ao-egito-e-depois-segue-para-o-centenario-de-fatima\/#article","isPartOf":{"@id":"https:\/\/www.travel3.com.br\/site\/sem-categoria\/papa-faz-viagem-ao-egito-e-depois-segue-para-o-centenario-de-fatima\/"},"author":{"name":"admin","@id":"https:\/\/www.travel3.com.br\/site\/#\/schema\/person\/a69d71e41a024999b6ab82369ac0bd1e"},"headline":"PAPA FAZ VIAGEM AO EGITO E DEPOIS SEGUE PARA O CENTEN\u00c1RIO DE F\u00c1TIMA","datePublished":"2017-08-25T14:15:27+00:00","mainEntityOfPage":{"@id":"https:\/\/www.travel3.com.br\/site\/sem-categoria\/papa-faz-viagem-ao-egito-e-depois-segue-para-o-centenario-de-fatima\/"},"wordCount":503,"commentCount":0,"publisher":{"@id":"https:\/\/www.travel3.com.br\/site\/#organization"},"inLanguage":"pt-BR","potentialAction":[{"@type":"CommentAction","name":"Comment","target":["https:\/\/www.travel3.com.br\/site\/sem-categoria\/papa-faz-viagem-ao-egito-e-depois-segue-para-o-centenario-de-fatima\/#respond"]}]},{"@type":"WebPage","@id":"https:\/\/www.travel3.com.br\/site\/sem-categoria\/papa-faz-viagem-ao-egito-e-depois-segue-para-o-centenario-de-fatima\/","url":"https:\/\/www.travel3.com.br\/site\/sem-categoria\/papa-faz-viagem-ao-egito-e-depois-segue-para-o-centenario-de-fatima\/","name":"PAPA FAZ VIAGEM AO EGITO E DEPOIS SEGUE PARA O CENTEN\u00c1RIO DE F\u00c1TIMA - Travel3","isPartOf":{"@id":"https:\/\/www.travel3.com.br\/site\/#website"},"datePublished":"2017-08-25T14:15:27+00:00","description":"A TRAVEL3 \u00e9 um portal de conte\u00fado voltado para o turismo, encontre destinos, viagens, hospedagem, passagens, guias, not\u00edcias sobre o mercado do turismo, dicas de viagem, v\u00eddeos e podcast.","breadcrumb":{"@id":"https:\/\/www.travel3.com.br\/site\/sem-categoria\/papa-faz-viagem-ao-egito-e-depois-segue-para-o-centenario-de-fatima\/#breadcrumb"},"inLanguage":"pt-BR","potentialAction":[{"@type":"ReadAction","target":["https:\/\/www.travel3.com.br\/site\/sem-categoria\/papa-faz-viagem-ao-egito-e-depois-segue-para-o-centenario-de-fatima\/"]}]},{"@type":"BreadcrumbList","@id":"https:\/\/www.travel3.com.br\/site\/sem-categoria\/papa-faz-viagem-ao-egito-e-depois-segue-para-o-centenario-de-fatima\/#breadcrumb","itemListElement":[{"@type":"ListItem","position":1,"name":"In\u00edcio","item":"https:\/\/www.travel3.com.br\/site\/"},{"@type":"ListItem","position":2,"name":"PAPA FAZ VIAGEM AO EGITO E DEPOIS SEGUE PARA O CENTEN\u00c1RIO DE F\u00c1TIMA"}]},{"@type":"WebSite","@id":"https:\/\/www.travel3.com.br\/site\/#website","url":"https:\/\/www.travel3.com.br\/site\/","name":"Travel3","description":"Lazer + Neg&oacute;cios + Aventura","publisher":{"@id":"https:\/\/www.travel3.com.br\/site\/#organization"},"potentialAction":[{"@type":"SearchAction","target":{"@type":"EntryPoint","urlTemplate":"https:\/\/www.travel3.com.br\/site\/?s={search_term_string}"},"query-input":{"@type":"PropertyValueSpecification","valueRequired":true,"valueName":"search_term_string"}}],"inLanguage":"pt-BR"},{"@type":"Organization","@id":"https:\/\/www.travel3.com.br\/site\/#organization","name":"Travel3","url":"https:\/\/www.travel3.com.br\/site\/","logo":{"@type":"ImageObject","inLanguage":"pt-BR","@id":"https:\/\/www.travel3.com.br\/site\/#\/schema\/logo\/image\/","url":"https:\/\/www.travel3.com.br\/site\/wp-content\/uploads\/2020\/01\/logo-travel3-2020.png","contentUrl":"https:\/\/www.travel3.com.br\/site\/wp-content\/uploads\/2020\/01\/logo-travel3-2020.png","width":232,"height":79,"caption":"Travel3"},"image":{"@id":"https:\/\/www.travel3.com.br\/site\/#\/schema\/logo\/image\/"},"sameAs":["https:\/\/www.facebook.com\/travel3media\/","https:\/\/www.instagram.com\/revistatravel3\/","https:\/\/www.youtube.com\/channel\/UCno7J4paGBR3VbZQzvoJ9Eg"]},{"@type":"Person","@id":"https:\/\/www.travel3.com.br\/site\/#\/schema\/person\/a69d71e41a024999b6ab82369ac0bd1e","name":"admin","image":{"@type":"ImageObject","inLanguage":"pt-BR","@id":"https:\/\/www.travel3.com.br\/site\/#\/schema\/person\/image\/","url":"https:\/\/secure.gravatar.com\/avatar\/732a67adfd764da2a47ba10ce731c4c0?s=96&d=mm&r=g","contentUrl":"https:\/\/secure.gravatar.com\/avatar\/732a67adfd764da2a47ba10ce731c4c0?s=96&d=mm&r=g","caption":"admin"},"url":"https:\/\/www.travel3.com.br\/site\/author\/admin\/"}]}},"_links":{"self":[{"href":"https:\/\/www.travel3.com.br\/site\/wp-json\/wp\/v2\/posts\/2032","targetHints":{"allow":["GET"]}}],"collection":[{"href":"https:\/\/www.travel3.com.br\/site\/wp-json\/wp\/v2\/posts"}],"about":[{"href":"https:\/\/www.travel3.com.br\/site\/wp-json\/wp\/v2\/types\/post"}],"author":[{"embeddable":true,"href":"https:\/\/www.travel3.com.br\/site\/wp-json\/wp\/v2\/users\/1"}],"replies":[{"embeddable":true,"href":"https:\/\/www.travel3.com.br\/site\/wp-json\/wp\/v2\/comments?post=2032"}],"version-history":[{"count":0,"href":"https:\/\/www.travel3.com.br\/site\/wp-json\/wp\/v2\/posts\/2032\/revisions"}],"wp:attachment":[{"href":"https:\/\/www.travel3.com.br\/site\/wp-json\/wp\/v2\/media?parent=2032"}],"wp:term":[{"taxonomy":"category","embeddable":true,"href":"https:\/\/www.travel3.com.br\/site\/wp-json\/wp\/v2\/categories?post=2032"},{"taxonomy":"post_tag","embeddable":true,"href":"https:\/\/www.travel3.com.br\/site\/wp-json\/wp\/v2\/tags?post=2032"}],"curies":[{"name":"wp","href":"https:\/\/api.w.org\/{rel}","templated":true}]}}