{"id":2018,"date":"2017-09-05T03:27:24","date_gmt":"2017-09-05T03:27:24","guid":{"rendered":"http:\/\/www.travel3.com.br\/site\/ir-e-vir\/ar\/modernizacao-digital-no-acordo-entre-lufthansa-e-ancoradouro\/"},"modified":"2017-09-05T03:27:24","modified_gmt":"2017-09-05T03:27:24","slug":"modernizacao-digital-no-acordo-entre-lufthansa-e-ancoradouro","status":"publish","type":"post","link":"https:\/\/www.travel3.com.br\/site\/sem-categoria\/modernizacao-digital-no-acordo-entre-lufthansa-e-ancoradouro\/","title":{"rendered":"MODERNIZA\u00c7AO DIGITAL NO ACORDO ENTRE LUFTHANSA E ANCORADOURO"},"content":{"rendered":"<p><span style=\"color: #40acad; font-family: -apple-system, system-ui, 'Segoe UI', Roboto, Oxygen-Sans, Ubuntu, Cantarell, 'Helvetica Neue', sans-serif; font-size: 12px; font-weight: bold;\"><\/p>\n<p style=\"text-align:justify\"><strong>S\u00c3O PAULO<\/strong> \u2013 A visita de Tamur Goudarzi Pour, vice-presidente comercial para as Am\u00e9ricas do grupo Lufthansa, hoje (25), no aeroporto internacional de Guarulhos, teve a bem descontra\u00edda coletiva sem maiores novidades quanto a voos e avi\u00f5es, por\u00e9m com a proposta de desenvolvimento de mercado que teve na Ancoradouro, a primeira operadora do continente a assinar o modelo da companhia a\u00e9rea para acesso\u00a0 a tarifas e servi\u00e7os diferenciados.<\/p>\n<p style=\"text-align:justify\">A partir de primeiro de junho, quando come\u00e7a efetivamente a aplica\u00e7\u00e3o operacional deste acordo, os agentes de viagens clientes da Ancoradouro ter\u00e3o dispon\u00edveis gra\u00e7as\u00a0 a este avan\u00e7o, tarifas e servi\u00e7os de bordo, entre outros, como uma forma de relacionamento maior em termos de comercializa\u00e7\u00e3o.<\/p>\n<p style=\"text-align:justify\">Foi gra\u00e7as ao avan\u00e7o tecnol\u00f3gico da operadora que este acordo pode ser alcan\u00e7ado. A Ancoradouro, como as demais grandes do mercado, recebeu a possibilidade aberta pela Lufthansa atrav\u00e9s da sua dire\u00e7\u00e3o no Brasil, mas foi a \u00fanica que teve condi\u00e7\u00f5es precisa de assinar o compromisso comercial durante a visita do alto executivo do grupo ao Brasil.<\/p>\n<p style=\"text-align:justify\"><a class=\"fancybox-media\" href=\"..\/_uploads\/_noticia\/2017-04\/dscn8135--2-.jpg\" rel=\"portfolio\"><img decoding=\"async\" alt=\"\" src=\"..\/_uploads\/_noticia\/2017-04\/dscn8135--2-.jpg\" \/><\/a> \u2018\u00c9 uma satisfa\u00e7\u00e3o e tanto podermos assinar este documento\u2019, disse Juarez Cintra, presidente do Conselho Administrativo e que ao lado de Tamur Pour esteve no cockpit do Boeing 787- da companhia alem\u00e3 que est\u00e1 assegurando, com sua nova configura\u00e7\u00e3o, a maior oferta de Business Class (80 lugares) e tamb\u00e9m na Economica.<\/p>\n<p style=\"text-align:justify\"><a class=\"fancybox-media\" href=\"..\/_uploads\/_noticia\/2017-04\/dscn8156.jpg\" rel=\"portfolio\"><img decoding=\"async\" alt=\"\" src=\"..\/_uploads\/_noticia\/2017-04\/dscn8156.jpg\" \/><\/a> \u2018Tudo que se procurar dentro da grade de servi\u00e7os complementares\u2019, explicou o vice-presidente C\u00e1ssio Salles de Oliveira ao indicar alguns dos itens, como a utiliza\u00e7\u00e3o de sala Vip da Star com a condi\u00e7\u00e3o de Economic Plus, reservas de hot\u00e9is e de assentos, tudo que as empresas do grupo Lufthansa oferecem diretamente neste canal. \u201cImagine o que for poss\u00edvel, este acesso nos teremos e vamos repassar nas negocia\u00e7\u00f5es para os nossos mais de tr\u00eas mil agentes que utilizam os servi\u00e7os da consolidadora\u201d, garantiu.<\/p>\n<p style=\"text-align:justify\"><a class=\"fancybox-media\" href=\"..\/_uploads\/_noticia\/2017-04\/dscn8119.jpg\" rel=\"portfolio\"><img decoding=\"async\" alt=\"\" src=\"..\/_uploads\/_noticia\/2017-04\/dscn8119.jpg\" \/><\/a> Juarez e C\u00e1ssio afirmaram \u00e0 reportagem que este \u00e9 um dos muitos passos avan\u00e7ados que a Ancoradouro pretende dar neste ano. O pr\u00f3ximo ser\u00e1 a inaugura\u00e7\u00e3o do novo escrit\u00f3rio da operadora no centro do Rio. A rede da empresa com sede em Campinas (SP), tem os escrit\u00f3rio da capital paulista, de S\u00e3o Jos\u00e9 dos Campos, Ribeir\u00e3o Preto, Bauru, Vit\u00f3ria e Curitiba al\u00e9m da unidade carioca. &#39;Muitas coisas v\u00e3o acontecer depois de 30 de junho na Ancoradouro\u00a0 e em pr\u00f3l dos nossos clientes&#39;, garantiram.<\/p>\n<p>\u00a0<\/p>\n<p>\u00a0<\/p>\n<p>\u00a0<\/p>\n<p><\/span><\/p>\n","protected":false},"excerpt":{"rendered":"<p>Operadora \u00e9 primeira da Am\u00e9rica Latina com acesso ao sistema da companhia alem\u00e3 que hoje recepcionou VP comercial para no GRU Airport<\/p>\n","protected":false},"author":1,"featured_media":0,"comment_status":"open","ping_status":"open","sticky":false,"template":"","format":"standard","meta":{"footnotes":""},"categories":[],"tags":[],"class_list":["post-2018","post","type-post","status-publish","format-standard","hentry"],"yoast_head":"<!-- This site is optimized with the Yoast SEO plugin v26.2 - https:\/\/yoast.com\/wordpress\/plugins\/seo\/ -->\n<title>MODERNIZA\u00c7AO DIGITAL NO ACORDO ENTRE LUFTHANSA E ANCORADOURO - Travel3<\/title>\n<meta name=\"description\" content=\"A TRAVEL3 \u00e9 um portal de conte\u00fado voltado para o turismo, encontre destinos, viagens, hospedagem, passagens, guias, not\u00edcias sobre o mercado do turismo, dicas de viagem, v\u00eddeos e podcast.\" \/>\n<meta name=\"robots\" content=\"index, follow, max-snippet:-1, max-image-preview:large, max-video-preview:-1\" \/>\n<link rel=\"canonical\" href=\"https:\/\/www.travel3.com.br\/site\/sem-categoria\/modernizacao-digital-no-acordo-entre-lufthansa-e-ancoradouro\/\" \/>\n<meta property=\"og:locale\" content=\"pt_BR\" \/>\n<meta property=\"og:type\" content=\"article\" \/>\n<meta property=\"og:title\" content=\"MODERNIZA\u00c7AO DIGITAL NO ACORDO ENTRE LUFTHANSA E ANCORADOURO - Travel3\" \/>\n<meta property=\"og:description\" content=\"A TRAVEL3 \u00e9 um portal de conte\u00fado voltado para o turismo, encontre destinos, viagens, hospedagem, passagens, guias, not\u00edcias sobre o mercado do turismo, dicas de viagem, v\u00eddeos e podcast.\" \/>\n<meta property=\"og:url\" content=\"https:\/\/www.travel3.com.br\/site\/sem-categoria\/modernizacao-digital-no-acordo-entre-lufthansa-e-ancoradouro\/\" \/>\n<meta property=\"og:site_name\" content=\"Travel3\" \/>\n<meta property=\"article:publisher\" content=\"https:\/\/www.facebook.com\/travel3media\/\" \/>\n<meta property=\"article:published_time\" content=\"2017-09-05T03:27:24+00:00\" \/>\n<meta name=\"author\" content=\"admin\" \/>\n<meta name=\"twitter:card\" content=\"summary_large_image\" \/>\n<meta name=\"twitter:label1\" content=\"Escrito por\" \/>\n\t<meta name=\"twitter:data1\" content=\"admin\" \/>\n\t<meta name=\"twitter:label2\" content=\"Est. tempo de leitura\" \/>\n\t<meta name=\"twitter:data2\" content=\"2 minutos\" \/>\n<script type=\"application\/ld+json\" class=\"yoast-schema-graph\">{\"@context\":\"https:\/\/schema.org\",\"@graph\":[{\"@type\":\"Article\",\"@id\":\"https:\/\/www.travel3.com.br\/site\/sem-categoria\/modernizacao-digital-no-acordo-entre-lufthansa-e-ancoradouro\/#article\",\"isPartOf\":{\"@id\":\"https:\/\/www.travel3.com.br\/site\/sem-categoria\/modernizacao-digital-no-acordo-entre-lufthansa-e-ancoradouro\/\"},\"author\":{\"name\":\"admin\",\"@id\":\"https:\/\/www.travel3.com.br\/site\/#\/schema\/person\/a69d71e41a024999b6ab82369ac0bd1e\"},\"headline\":\"MODERNIZA\u00c7AO DIGITAL NO ACORDO ENTRE LUFTHANSA E ANCORADOURO\",\"datePublished\":\"2017-09-05T03:27:24+00:00\",\"mainEntityOfPage\":{\"@id\":\"https:\/\/www.travel3.com.br\/site\/sem-categoria\/modernizacao-digital-no-acordo-entre-lufthansa-e-ancoradouro\/\"},\"wordCount\":432,\"commentCount\":0,\"publisher\":{\"@id\":\"https:\/\/www.travel3.com.br\/site\/#organization\"},\"inLanguage\":\"pt-BR\",\"potentialAction\":[{\"@type\":\"CommentAction\",\"name\":\"Comment\",\"target\":[\"https:\/\/www.travel3.com.br\/site\/sem-categoria\/modernizacao-digital-no-acordo-entre-lufthansa-e-ancoradouro\/#respond\"]}]},{\"@type\":\"WebPage\",\"@id\":\"https:\/\/www.travel3.com.br\/site\/sem-categoria\/modernizacao-digital-no-acordo-entre-lufthansa-e-ancoradouro\/\",\"url\":\"https:\/\/www.travel3.com.br\/site\/sem-categoria\/modernizacao-digital-no-acordo-entre-lufthansa-e-ancoradouro\/\",\"name\":\"MODERNIZA\u00c7AO DIGITAL NO ACORDO ENTRE LUFTHANSA E ANCORADOURO - Travel3\",\"isPartOf\":{\"@id\":\"https:\/\/www.travel3.com.br\/site\/#website\"},\"datePublished\":\"2017-09-05T03:27:24+00:00\",\"description\":\"A TRAVEL3 \u00e9 um portal de conte\u00fado voltado para o turismo, encontre destinos, viagens, hospedagem, passagens, guias, not\u00edcias sobre o mercado do turismo, dicas de viagem, v\u00eddeos e podcast.\",\"breadcrumb\":{\"@id\":\"https:\/\/www.travel3.com.br\/site\/sem-categoria\/modernizacao-digital-no-acordo-entre-lufthansa-e-ancoradouro\/#breadcrumb\"},\"inLanguage\":\"pt-BR\",\"potentialAction\":[{\"@type\":\"ReadAction\",\"target\":[\"https:\/\/www.travel3.com.br\/site\/sem-categoria\/modernizacao-digital-no-acordo-entre-lufthansa-e-ancoradouro\/\"]}]},{\"@type\":\"BreadcrumbList\",\"@id\":\"https:\/\/www.travel3.com.br\/site\/sem-categoria\/modernizacao-digital-no-acordo-entre-lufthansa-e-ancoradouro\/#breadcrumb\",\"itemListElement\":[{\"@type\":\"ListItem\",\"position\":1,\"name\":\"In\u00edcio\",\"item\":\"https:\/\/www.travel3.com.br\/site\/\"},{\"@type\":\"ListItem\",\"position\":2,\"name\":\"MODERNIZA\u00c7AO DIGITAL NO ACORDO ENTRE LUFTHANSA E ANCORADOURO\"}]},{\"@type\":\"WebSite\",\"@id\":\"https:\/\/www.travel3.com.br\/site\/#website\",\"url\":\"https:\/\/www.travel3.com.br\/site\/\",\"name\":\"Travel3\",\"description\":\"Lazer + Neg&oacute;cios + Aventura\",\"publisher\":{\"@id\":\"https:\/\/www.travel3.com.br\/site\/#organization\"},\"potentialAction\":[{\"@type\":\"SearchAction\",\"target\":{\"@type\":\"EntryPoint\",\"urlTemplate\":\"https:\/\/www.travel3.com.br\/site\/?s={search_term_string}\"},\"query-input\":{\"@type\":\"PropertyValueSpecification\",\"valueRequired\":true,\"valueName\":\"search_term_string\"}}],\"inLanguage\":\"pt-BR\"},{\"@type\":\"Organization\",\"@id\":\"https:\/\/www.travel3.com.br\/site\/#organization\",\"name\":\"Travel3\",\"url\":\"https:\/\/www.travel3.com.br\/site\/\",\"logo\":{\"@type\":\"ImageObject\",\"inLanguage\":\"pt-BR\",\"@id\":\"https:\/\/www.travel3.com.br\/site\/#\/schema\/logo\/image\/\",\"url\":\"https:\/\/www.travel3.com.br\/site\/wp-content\/uploads\/2020\/01\/logo-travel3-2020.png\",\"contentUrl\":\"https:\/\/www.travel3.com.br\/site\/wp-content\/uploads\/2020\/01\/logo-travel3-2020.png\",\"width\":232,\"height\":79,\"caption\":\"Travel3\"},\"image\":{\"@id\":\"https:\/\/www.travel3.com.br\/site\/#\/schema\/logo\/image\/\"},\"sameAs\":[\"https:\/\/www.facebook.com\/travel3media\/\",\"https:\/\/www.instagram.com\/revistatravel3\/\",\"https:\/\/www.youtube.com\/channel\/UCno7J4paGBR3VbZQzvoJ9Eg\"]},{\"@type\":\"Person\",\"@id\":\"https:\/\/www.travel3.com.br\/site\/#\/schema\/person\/a69d71e41a024999b6ab82369ac0bd1e\",\"name\":\"admin\",\"image\":{\"@type\":\"ImageObject\",\"inLanguage\":\"pt-BR\",\"@id\":\"https:\/\/www.travel3.com.br\/site\/#\/schema\/person\/image\/\",\"url\":\"https:\/\/secure.gravatar.com\/avatar\/732a67adfd764da2a47ba10ce731c4c0?s=96&d=mm&r=g\",\"contentUrl\":\"https:\/\/secure.gravatar.com\/avatar\/732a67adfd764da2a47ba10ce731c4c0?s=96&d=mm&r=g\",\"caption\":\"admin\"},\"url\":\"https:\/\/www.travel3.com.br\/site\/author\/admin\/\"}]}<\/script>\n<!-- \/ Yoast SEO plugin. -->","yoast_head_json":{"title":"MODERNIZA\u00c7AO DIGITAL NO ACORDO ENTRE LUFTHANSA E ANCORADOURO - Travel3","description":"A TRAVEL3 \u00e9 um portal de conte\u00fado voltado para o turismo, encontre destinos, viagens, hospedagem, passagens, guias, not\u00edcias sobre o mercado do turismo, dicas de viagem, v\u00eddeos e podcast.","robots":{"index":"index","follow":"follow","max-snippet":"max-snippet:-1","max-image-preview":"max-image-preview:large","max-video-preview":"max-video-preview:-1"},"canonical":"https:\/\/www.travel3.com.br\/site\/sem-categoria\/modernizacao-digital-no-acordo-entre-lufthansa-e-ancoradouro\/","og_locale":"pt_BR","og_type":"article","og_title":"MODERNIZA\u00c7AO DIGITAL NO ACORDO ENTRE LUFTHANSA E ANCORADOURO - Travel3","og_description":"A TRAVEL3 \u00e9 um portal de conte\u00fado voltado para o turismo, encontre destinos, viagens, hospedagem, passagens, guias, not\u00edcias sobre o mercado do turismo, dicas de viagem, v\u00eddeos e podcast.","og_url":"https:\/\/www.travel3.com.br\/site\/sem-categoria\/modernizacao-digital-no-acordo-entre-lufthansa-e-ancoradouro\/","og_site_name":"Travel3","article_publisher":"https:\/\/www.facebook.com\/travel3media\/","article_published_time":"2017-09-05T03:27:24+00:00","author":"admin","twitter_card":"summary_large_image","twitter_misc":{"Escrito por":"admin","Est. tempo de leitura":"2 minutos"},"schema":{"@context":"https:\/\/schema.org","@graph":[{"@type":"Article","@id":"https:\/\/www.travel3.com.br\/site\/sem-categoria\/modernizacao-digital-no-acordo-entre-lufthansa-e-ancoradouro\/#article","isPartOf":{"@id":"https:\/\/www.travel3.com.br\/site\/sem-categoria\/modernizacao-digital-no-acordo-entre-lufthansa-e-ancoradouro\/"},"author":{"name":"admin","@id":"https:\/\/www.travel3.com.br\/site\/#\/schema\/person\/a69d71e41a024999b6ab82369ac0bd1e"},"headline":"MODERNIZA\u00c7AO DIGITAL NO ACORDO ENTRE LUFTHANSA E ANCORADOURO","datePublished":"2017-09-05T03:27:24+00:00","mainEntityOfPage":{"@id":"https:\/\/www.travel3.com.br\/site\/sem-categoria\/modernizacao-digital-no-acordo-entre-lufthansa-e-ancoradouro\/"},"wordCount":432,"commentCount":0,"publisher":{"@id":"https:\/\/www.travel3.com.br\/site\/#organization"},"inLanguage":"pt-BR","potentialAction":[{"@type":"CommentAction","name":"Comment","target":["https:\/\/www.travel3.com.br\/site\/sem-categoria\/modernizacao-digital-no-acordo-entre-lufthansa-e-ancoradouro\/#respond"]}]},{"@type":"WebPage","@id":"https:\/\/www.travel3.com.br\/site\/sem-categoria\/modernizacao-digital-no-acordo-entre-lufthansa-e-ancoradouro\/","url":"https:\/\/www.travel3.com.br\/site\/sem-categoria\/modernizacao-digital-no-acordo-entre-lufthansa-e-ancoradouro\/","name":"MODERNIZA\u00c7AO DIGITAL NO ACORDO ENTRE LUFTHANSA E ANCORADOURO - Travel3","isPartOf":{"@id":"https:\/\/www.travel3.com.br\/site\/#website"},"datePublished":"2017-09-05T03:27:24+00:00","description":"A TRAVEL3 \u00e9 um portal de conte\u00fado voltado para o turismo, encontre destinos, viagens, hospedagem, passagens, guias, not\u00edcias sobre o mercado do turismo, dicas de viagem, v\u00eddeos e podcast.","breadcrumb":{"@id":"https:\/\/www.travel3.com.br\/site\/sem-categoria\/modernizacao-digital-no-acordo-entre-lufthansa-e-ancoradouro\/#breadcrumb"},"inLanguage":"pt-BR","potentialAction":[{"@type":"ReadAction","target":["https:\/\/www.travel3.com.br\/site\/sem-categoria\/modernizacao-digital-no-acordo-entre-lufthansa-e-ancoradouro\/"]}]},{"@type":"BreadcrumbList","@id":"https:\/\/www.travel3.com.br\/site\/sem-categoria\/modernizacao-digital-no-acordo-entre-lufthansa-e-ancoradouro\/#breadcrumb","itemListElement":[{"@type":"ListItem","position":1,"name":"In\u00edcio","item":"https:\/\/www.travel3.com.br\/site\/"},{"@type":"ListItem","position":2,"name":"MODERNIZA\u00c7AO DIGITAL NO ACORDO ENTRE LUFTHANSA E ANCORADOURO"}]},{"@type":"WebSite","@id":"https:\/\/www.travel3.com.br\/site\/#website","url":"https:\/\/www.travel3.com.br\/site\/","name":"Travel3","description":"Lazer + Neg&oacute;cios + Aventura","publisher":{"@id":"https:\/\/www.travel3.com.br\/site\/#organization"},"potentialAction":[{"@type":"SearchAction","target":{"@type":"EntryPoint","urlTemplate":"https:\/\/www.travel3.com.br\/site\/?s={search_term_string}"},"query-input":{"@type":"PropertyValueSpecification","valueRequired":true,"valueName":"search_term_string"}}],"inLanguage":"pt-BR"},{"@type":"Organization","@id":"https:\/\/www.travel3.com.br\/site\/#organization","name":"Travel3","url":"https:\/\/www.travel3.com.br\/site\/","logo":{"@type":"ImageObject","inLanguage":"pt-BR","@id":"https:\/\/www.travel3.com.br\/site\/#\/schema\/logo\/image\/","url":"https:\/\/www.travel3.com.br\/site\/wp-content\/uploads\/2020\/01\/logo-travel3-2020.png","contentUrl":"https:\/\/www.travel3.com.br\/site\/wp-content\/uploads\/2020\/01\/logo-travel3-2020.png","width":232,"height":79,"caption":"Travel3"},"image":{"@id":"https:\/\/www.travel3.com.br\/site\/#\/schema\/logo\/image\/"},"sameAs":["https:\/\/www.facebook.com\/travel3media\/","https:\/\/www.instagram.com\/revistatravel3\/","https:\/\/www.youtube.com\/channel\/UCno7J4paGBR3VbZQzvoJ9Eg"]},{"@type":"Person","@id":"https:\/\/www.travel3.com.br\/site\/#\/schema\/person\/a69d71e41a024999b6ab82369ac0bd1e","name":"admin","image":{"@type":"ImageObject","inLanguage":"pt-BR","@id":"https:\/\/www.travel3.com.br\/site\/#\/schema\/person\/image\/","url":"https:\/\/secure.gravatar.com\/avatar\/732a67adfd764da2a47ba10ce731c4c0?s=96&d=mm&r=g","contentUrl":"https:\/\/secure.gravatar.com\/avatar\/732a67adfd764da2a47ba10ce731c4c0?s=96&d=mm&r=g","caption":"admin"},"url":"https:\/\/www.travel3.com.br\/site\/author\/admin\/"}]}},"_links":{"self":[{"href":"https:\/\/www.travel3.com.br\/site\/wp-json\/wp\/v2\/posts\/2018","targetHints":{"allow":["GET"]}}],"collection":[{"href":"https:\/\/www.travel3.com.br\/site\/wp-json\/wp\/v2\/posts"}],"about":[{"href":"https:\/\/www.travel3.com.br\/site\/wp-json\/wp\/v2\/types\/post"}],"author":[{"embeddable":true,"href":"https:\/\/www.travel3.com.br\/site\/wp-json\/wp\/v2\/users\/1"}],"replies":[{"embeddable":true,"href":"https:\/\/www.travel3.com.br\/site\/wp-json\/wp\/v2\/comments?post=2018"}],"version-history":[{"count":0,"href":"https:\/\/www.travel3.com.br\/site\/wp-json\/wp\/v2\/posts\/2018\/revisions"}],"wp:attachment":[{"href":"https:\/\/www.travel3.com.br\/site\/wp-json\/wp\/v2\/media?parent=2018"}],"wp:term":[{"taxonomy":"category","embeddable":true,"href":"https:\/\/www.travel3.com.br\/site\/wp-json\/wp\/v2\/categories?post=2018"},{"taxonomy":"post_tag","embeddable":true,"href":"https:\/\/www.travel3.com.br\/site\/wp-json\/wp\/v2\/tags?post=2018"}],"curies":[{"name":"wp","href":"https:\/\/api.w.org\/{rel}","templated":true}]}}